{"id":360030,"date":"2026-01-14T18:57:34","date_gmt":"2026-01-14T22:57:34","guid":{"rendered":"https:\/\/www.eldiario.net\/portal\/?p=360030"},"modified":"2026-01-14T18:57:34","modified_gmt":"2026-01-14T22:57:34","slug":"tension-diplomatica-en-washington-por-el-futuro-de-groenlandia-1857","status":"publish","type":"post","link":"https:\/\/www.eldiario.net\/portal\/2026\/01\/14\/tension-diplomatica-en-washington-por-el-futuro-de-groenlandia-1857\/","title":{"rendered":"Tensi\u00f3n diplom\u00e1tica en Washington por el futuro de Groenlandia (18:57)"},"content":{"rendered":"<p>En Washington D. C., el ministro dan\u00e9s Lars L\u00f8kke Rasmussen calific\u00f3 de \u00abdesacuerdo fundamental\u00bb la intenci\u00f3n de Donald Trump de tomar control de Groenlandia.<\/p>\n<p>Pese a la fricci\u00f3n, EE. UU., Dinamarca y el gobierno aut\u00f3nomo de la isla crearon un grupo de trabajo para la seguridad nacional.<\/p>\n<p data-path-to-node=\"2\">Copenhague rechaz\u00f3 cualquier oferta que vulnere su soberan\u00eda o la autodeterminaci\u00f3n groenlandesa ante la presi\u00f3n de la Casa Blanca.<\/p>\n<p>Mientras tanto, Alemania desplegar\u00e1 una unidad militar exploratoria en la isla para cooperar con socios de la Organizaci\u00f3n del Tratado del Atl\u00e1ntico Norte (OTAN). (Agencias)<\/p>\n","protected":false},"excerpt":{"rendered":"<p>En Washington D. C., el ministro dan\u00e9s Lars L\u00f8kke Rasmussen calific\u00f3 de \u00abdesacuerdo fundamental\u00bb la intenci\u00f3n de Donald Trump de tomar control de Groenlandia. Pese a la fricci\u00f3n, EE. UU., Dinamarca y el gobierno aut\u00f3nomo de la isla crearon un grupo de trabajo para la seguridad nacional. Copenhague rechaz\u00f3 cualquier oferta que vulnere su soberan\u00eda [&hellip;]<\/p>\n","protected":false},"author":7,"featured_media":360031,"comment_status":"closed","ping_status":"open","sticky":false,"template":"","format":"standard","meta":{"_acf_changed":false,"footnotes":""},"categories":[51],"tags":[],"class_list":["post-360030","post","type-post","status-publish","format-standard","has-post-thumbnail","category-ultima-hora"],"acf":{"antetitulo":""},"yoast_head":"<!-- This site is optimized with the Yoast SEO plugin v28.4 - https:\/\/yoast.com\/product\/yoast-seo-wordpress\/ -->\n<title>Tensi\u00f3n diplom\u00e1tica en Washington por el futuro de Groenlandia (18:57) - El Diario - Bolivia<\/title>\n<meta name=\"robots\" content=\"index, follow, max-snippet:-1, max-image-preview:large, max-video-preview:-1\" \/>\n<link rel=\"canonical\" href=\"https:\/\/www.eldiario.net\/portal\/2026\/01\/14\/tension-diplomatica-en-washington-por-el-futuro-de-groenlandia-1857\/\" \/>\n<meta property=\"og:locale\" content=\"es_ES\" \/>\n<meta property=\"og:type\" content=\"article\" \/>\n<meta property=\"og:title\" content=\"Tensi\u00f3n diplom\u00e1tica en Washington por el futuro de Groenlandia (18:57) - El Diario - Bolivia\" \/>\n<meta property=\"og:description\" content=\"En Washington D. C., el ministro dan\u00e9s Lars L\u00f8kke Rasmussen calific\u00f3 de \u00abdesacuerdo fundamental\u00bb la intenci\u00f3n de Donald Trump de tomar control de Groenlandia. Pese a la fricci\u00f3n, EE. UU., Dinamarca y el gobierno aut\u00f3nomo de la isla crearon un grupo de trabajo para la seguridad nacional. Copenhague rechaz\u00f3 cualquier oferta que vulnere su soberan\u00eda [&hellip;]\" \/>\n<meta property=\"og:url\" content=\"https:\/\/www.eldiario.net\/portal\/2026\/01\/14\/tension-diplomatica-en-washington-por-el-futuro-de-groenlandia-1857\/\" \/>\n<meta property=\"og:site_name\" content=\"El Diario - Bolivia\" \/>\n<meta property=\"article:publisher\" content=\"https:\/\/www.facebook.com\/eldiario.bolivia\/\" \/>\n<meta property=\"article:published_time\" content=\"2026-01-14T22:57:34+00:00\" \/>\n<meta property=\"og:image\" content=\"https:\/\/www.eldiario.net\/portal\/wp-content\/uploads\/2026\/01\/groelandia-14.01.26-copia.webp\" \/>\n\t<meta property=\"og:image:width\" content=\"550\" \/>\n\t<meta property=\"og:image:height\" content=\"424\" \/>\n\t<meta property=\"og:image:type\" content=\"image\/webp\" \/>\n<meta name=\"author\" content=\"Viviana Monrroy\" \/>\n<meta name=\"twitter:card\" content=\"summary_large_image\" \/>\n<meta name=\"twitter:creator\" content=\"@eldiario_net\" \/>\n<meta name=\"twitter:site\" content=\"@eldiario_net\" \/>\n<meta name=\"twitter:label1\" content=\"Escrito por\" \/>\n\t<meta name=\"twitter:data1\" content=\"Viviana Monrroy\" \/>\n\t<meta name=\"twitter:label2\" content=\"Tiempo de lectura\" \/>\n\t<meta name=\"twitter:data2\" content=\"1 minuto\" \/>\n<script type=\"application\/ld+json\" class=\"yoast-schema-graph\">{\"@context\":\"https:\\\/\\\/schema.org\",\"@graph\":[{\"@type\":\"Article\",\"@id\":\"https:\\\/\\\/www.eldiario.net\\\/portal\\\/2026\\\/01\\\/14\\\/tension-diplomatica-en-washington-por-el-futuro-de-groenlandia-1857\\\/#article\",\"isPartOf\":{\"@id\":\"https:\\\/\\\/www.eldiario.net\\\/portal\\\/2026\\\/01\\\/14\\\/tension-diplomatica-en-washington-por-el-futuro-de-groenlandia-1857\\\/\"},\"author\":{\"name\":\"Viviana Monrroy\",\"@id\":\"https:\\\/\\\/www.eldiario.net\\\/portal\\\/#\\\/schema\\\/person\\\/ba370d92d160f4d3574381f6d9b78fab\"},\"headline\":\"Tensi\u00f3n diplom\u00e1tica en Washington por el futuro de Groenlandia (18:57)\",\"datePublished\":\"2026-01-14T22:57:34+00:00\",\"mainEntityOfPage\":{\"@id\":\"https:\\\/\\\/www.eldiario.net\\\/portal\\\/2026\\\/01\\\/14\\\/tension-diplomatica-en-washington-por-el-futuro-de-groenlandia-1857\\\/\"},\"wordCount\":112,\"publisher\":{\"@id\":\"https:\\\/\\\/www.eldiario.net\\\/portal\\\/#organization\"},\"image\":{\"@id\":\"https:\\\/\\\/www.eldiario.net\\\/portal\\\/2026\\\/01\\\/14\\\/tension-diplomatica-en-washington-por-el-futuro-de-groenlandia-1857\\\/#primaryimage\"},\"thumbnailUrl\":\"https:\\\/\\\/www.eldiario.net\\\/portal\\\/wp-content\\\/uploads\\\/2026\\\/01\\\/groelandia-14.01.26-copia.webp\",\"articleSection\":[\"\u00daltima Hora\"],\"inLanguage\":\"es\"},{\"@type\":\"WebPage\",\"@id\":\"https:\\\/\\\/www.eldiario.net\\\/portal\\\/2026\\\/01\\\/14\\\/tension-diplomatica-en-washington-por-el-futuro-de-groenlandia-1857\\\/\",\"url\":\"https:\\\/\\\/www.eldiario.net\\\/portal\\\/2026\\\/01\\\/14\\\/tension-diplomatica-en-washington-por-el-futuro-de-groenlandia-1857\\\/\",\"name\":\"Tensi\u00f3n diplom\u00e1tica en Washington por el futuro de Groenlandia (18:57) - El Diario - Bolivia\",\"isPartOf\":{\"@id\":\"https:\\\/\\\/www.eldiario.net\\\/portal\\\/#website\"},\"primaryImageOfPage\":{\"@id\":\"https:\\\/\\\/www.eldiario.net\\\/portal\\\/2026\\\/01\\\/14\\\/tension-diplomatica-en-washington-por-el-futuro-de-groenlandia-1857\\\/#primaryimage\"},\"image\":{\"@id\":\"https:\\\/\\\/www.eldiario.net\\\/portal\\\/2026\\\/01\\\/14\\\/tension-diplomatica-en-washington-por-el-futuro-de-groenlandia-1857\\\/#primaryimage\"},\"thumbnailUrl\":\"https:\\\/\\\/www.eldiario.net\\\/portal\\\/wp-content\\\/uploads\\\/2026\\\/01\\\/groelandia-14.01.26-copia.webp\",\"datePublished\":\"2026-01-14T22:57:34+00:00\",\"breadcrumb\":{\"@id\":\"https:\\\/\\\/www.eldiario.net\\\/portal\\\/2026\\\/01\\\/14\\\/tension-diplomatica-en-washington-por-el-futuro-de-groenlandia-1857\\\/#breadcrumb\"},\"inLanguage\":\"es\",\"potentialAction\":[{\"@type\":\"ReadAction\",\"target\":[\"https:\\\/\\\/www.eldiario.net\\\/portal\\\/2026\\\/01\\\/14\\\/tension-diplomatica-en-washington-por-el-futuro-de-groenlandia-1857\\\/\"]}]},{\"@type\":\"ImageObject\",\"inLanguage\":\"es\",\"@id\":\"https:\\\/\\\/www.eldiario.net\\\/portal\\\/2026\\\/01\\\/14\\\/tension-diplomatica-en-washington-por-el-futuro-de-groenlandia-1857\\\/#primaryimage\",\"url\":\"https:\\\/\\\/www.eldiario.net\\\/portal\\\/wp-content\\\/uploads\\\/2026\\\/01\\\/groelandia-14.01.26-copia.webp\",\"contentUrl\":\"https:\\\/\\\/www.eldiario.net\\\/portal\\\/wp-content\\\/uploads\\\/2026\\\/01\\\/groelandia-14.01.26-copia.webp\",\"width\":550,\"height\":424,\"caption\":\"Foto: Lars L\u00f8kke Rasmussen, ministro dan\u00e9s. (RR.SS.)\"},{\"@type\":\"BreadcrumbList\",\"@id\":\"https:\\\/\\\/www.eldiario.net\\\/portal\\\/2026\\\/01\\\/14\\\/tension-diplomatica-en-washington-por-el-futuro-de-groenlandia-1857\\\/#breadcrumb\",\"itemListElement\":[{\"@type\":\"ListItem\",\"position\":1,\"name\":\"Portada\",\"item\":\"https:\\\/\\\/www.eldiario.net\\\/portal\\\/\"},{\"@type\":\"ListItem\",\"position\":2,\"name\":\"Tensi\u00f3n diplom\u00e1tica en Washington por el futuro de Groenlandia (18:57)\"}]},{\"@type\":\"WebSite\",\"@id\":\"https:\\\/\\\/www.eldiario.net\\\/portal\\\/#website\",\"url\":\"https:\\\/\\\/www.eldiario.net\\\/portal\\\/\",\"name\":\"El Diario - Decano de la prensa nacional\",\"description\":\"El Diario - Decano de la prensa nacional\",\"publisher\":{\"@id\":\"https:\\\/\\\/www.eldiario.net\\\/portal\\\/#organization\"},\"potentialAction\":[{\"@type\":\"SearchAction\",\"target\":{\"@type\":\"EntryPoint\",\"urlTemplate\":\"https:\\\/\\\/www.eldiario.net\\\/portal\\\/?s={search_term_string}\"},\"query-input\":{\"@type\":\"PropertyValueSpecification\",\"valueRequired\":true,\"valueName\":\"search_term_string\"}}],\"inLanguage\":\"es\"},{\"@type\":\"Organization\",\"@id\":\"https:\\\/\\\/www.eldiario.net\\\/portal\\\/#organization\",\"name\":\"El Diario - Decano de la prensa nacional\",\"url\":\"https:\\\/\\\/www.eldiario.net\\\/portal\\\/\",\"logo\":{\"@type\":\"ImageObject\",\"inLanguage\":\"es\",\"@id\":\"https:\\\/\\\/www.eldiario.net\\\/portal\\\/#\\\/schema\\\/logo\\\/image\\\/\",\"url\":\"https:\\\/\\\/www.eldiario.net\\\/portal\\\/wp-content\\\/uploads\\\/2023\\\/07\\\/logo_ED.jpg\",\"contentUrl\":\"https:\\\/\\\/www.eldiario.net\\\/portal\\\/wp-content\\\/uploads\\\/2023\\\/07\\\/logo_ED.jpg\",\"width\":272,\"height\":52,\"caption\":\"El Diario - Decano de la prensa nacional\"},\"image\":{\"@id\":\"https:\\\/\\\/www.eldiario.net\\\/portal\\\/#\\\/schema\\\/logo\\\/image\\\/\"},\"sameAs\":[\"https:\\\/\\\/www.facebook.com\\\/eldiario.bolivia\\\/\",\"https:\\\/\\\/x.com\\\/eldiario_net\"]},{\"@type\":\"Person\",\"@id\":\"https:\\\/\\\/www.eldiario.net\\\/portal\\\/#\\\/schema\\\/person\\\/ba370d92d160f4d3574381f6d9b78fab\",\"name\":\"Viviana Monrroy\",\"image\":{\"@type\":\"ImageObject\",\"inLanguage\":\"es\",\"@id\":\"https:\\\/\\\/secure.gravatar.com\\\/avatar\\\/dfd1611ed5600959a0e5a9754503b6c05d1dcf190010998e0363aee2ad98afca?s=96&d=mm&r=g\",\"url\":\"https:\\\/\\\/secure.gravatar.com\\\/avatar\\\/dfd1611ed5600959a0e5a9754503b6c05d1dcf190010998e0363aee2ad98afca?s=96&d=mm&r=g\",\"contentUrl\":\"https:\\\/\\\/secure.gravatar.com\\\/avatar\\\/dfd1611ed5600959a0e5a9754503b6c05d1dcf190010998e0363aee2ad98afca?s=96&d=mm&r=g\",\"caption\":\"Viviana Monrroy\"},\"sameAs\":[\"http:\\\/\\\/www.eldiario.net\"],\"url\":\"https:\\\/\\\/www.eldiario.net\\\/portal\\\/author\\\/vivianamonrroy\\\/\"}]}<\/script>\n<!-- \/ Yoast SEO plugin. -->","yoast_head_json":{"title":"Tensi\u00f3n diplom\u00e1tica en Washington por el futuro de Groenlandia (18:57) - El Diario - Bolivia","robots":{"index":"index","follow":"follow","max-snippet":"max-snippet:-1","max-image-preview":"max-image-preview:large","max-video-preview":"max-video-preview:-1"},"canonical":"https:\/\/www.eldiario.net\/portal\/2026\/01\/14\/tension-diplomatica-en-washington-por-el-futuro-de-groenlandia-1857\/","og_locale":"es_ES","og_type":"article","og_title":"Tensi\u00f3n diplom\u00e1tica en Washington por el futuro de Groenlandia (18:57) - El Diario - Bolivia","og_description":"En Washington D. C., el ministro dan\u00e9s Lars L\u00f8kke Rasmussen calific\u00f3 de \u00abdesacuerdo fundamental\u00bb la intenci\u00f3n de Donald Trump de tomar control de Groenlandia. Pese a la fricci\u00f3n, EE. UU., Dinamarca y el gobierno aut\u00f3nomo de la isla crearon un grupo de trabajo para la seguridad nacional. Copenhague rechaz\u00f3 cualquier oferta que vulnere su soberan\u00eda [&hellip;]","og_url":"https:\/\/www.eldiario.net\/portal\/2026\/01\/14\/tension-diplomatica-en-washington-por-el-futuro-de-groenlandia-1857\/","og_site_name":"El Diario - Bolivia","article_publisher":"https:\/\/www.facebook.com\/eldiario.bolivia\/","article_published_time":"2026-01-14T22:57:34+00:00","og_image":[{"width":550,"height":424,"url":"https:\/\/www.eldiario.net\/portal\/wp-content\/uploads\/2026\/01\/groelandia-14.01.26-copia.webp","type":"image\/webp"}],"author":"Viviana Monrroy","twitter_card":"summary_large_image","twitter_creator":"@eldiario_net","twitter_site":"@eldiario_net","twitter_misc":{"Escrito por":"Viviana Monrroy","Tiempo de lectura":"1 minuto"},"schema":{"@context":"https:\/\/schema.org","@graph":[{"@type":"Article","@id":"https:\/\/www.eldiario.net\/portal\/2026\/01\/14\/tension-diplomatica-en-washington-por-el-futuro-de-groenlandia-1857\/#article","isPartOf":{"@id":"https:\/\/www.eldiario.net\/portal\/2026\/01\/14\/tension-diplomatica-en-washington-por-el-futuro-de-groenlandia-1857\/"},"author":{"name":"Viviana Monrroy","@id":"https:\/\/www.eldiario.net\/portal\/#\/schema\/person\/ba370d92d160f4d3574381f6d9b78fab"},"headline":"Tensi\u00f3n diplom\u00e1tica en Washington por el futuro de Groenlandia (18:57)","datePublished":"2026-01-14T22:57:34+00:00","mainEntityOfPage":{"@id":"https:\/\/www.eldiario.net\/portal\/2026\/01\/14\/tension-diplomatica-en-washington-por-el-futuro-de-groenlandia-1857\/"},"wordCount":112,"publisher":{"@id":"https:\/\/www.eldiario.net\/portal\/#organization"},"image":{"@id":"https:\/\/www.eldiario.net\/portal\/2026\/01\/14\/tension-diplomatica-en-washington-por-el-futuro-de-groenlandia-1857\/#primaryimage"},"thumbnailUrl":"https:\/\/www.eldiario.net\/portal\/wp-content\/uploads\/2026\/01\/groelandia-14.01.26-copia.webp","articleSection":["\u00daltima Hora"],"inLanguage":"es"},{"@type":"WebPage","@id":"https:\/\/www.eldiario.net\/portal\/2026\/01\/14\/tension-diplomatica-en-washington-por-el-futuro-de-groenlandia-1857\/","url":"https:\/\/www.eldiario.net\/portal\/2026\/01\/14\/tension-diplomatica-en-washington-por-el-futuro-de-groenlandia-1857\/","name":"Tensi\u00f3n diplom\u00e1tica en Washington por el futuro de Groenlandia (18:57) - El Diario - Bolivia","isPartOf":{"@id":"https:\/\/www.eldiario.net\/portal\/#website"},"primaryImageOfPage":{"@id":"https:\/\/www.eldiario.net\/portal\/2026\/01\/14\/tension-diplomatica-en-washington-por-el-futuro-de-groenlandia-1857\/#primaryimage"},"image":{"@id":"https:\/\/www.eldiario.net\/portal\/2026\/01\/14\/tension-diplomatica-en-washington-por-el-futuro-de-groenlandia-1857\/#primaryimage"},"thumbnailUrl":"https:\/\/www.eldiario.net\/portal\/wp-content\/uploads\/2026\/01\/groelandia-14.01.26-copia.webp","datePublished":"2026-01-14T22:57:34+00:00","breadcrumb":{"@id":"https:\/\/www.eldiario.net\/portal\/2026\/01\/14\/tension-diplomatica-en-washington-por-el-futuro-de-groenlandia-1857\/#breadcrumb"},"inLanguage":"es","potentialAction":[{"@type":"ReadAction","target":["https:\/\/www.eldiario.net\/portal\/2026\/01\/14\/tension-diplomatica-en-washington-por-el-futuro-de-groenlandia-1857\/"]}]},{"@type":"ImageObject","inLanguage":"es","@id":"https:\/\/www.eldiario.net\/portal\/2026\/01\/14\/tension-diplomatica-en-washington-por-el-futuro-de-groenlandia-1857\/#primaryimage","url":"https:\/\/www.eldiario.net\/portal\/wp-content\/uploads\/2026\/01\/groelandia-14.01.26-copia.webp","contentUrl":"https:\/\/www.eldiario.net\/portal\/wp-content\/uploads\/2026\/01\/groelandia-14.01.26-copia.webp","width":550,"height":424,"caption":"Foto: Lars L\u00f8kke Rasmussen, ministro dan\u00e9s. (RR.SS.)"},{"@type":"BreadcrumbList","@id":"https:\/\/www.eldiario.net\/portal\/2026\/01\/14\/tension-diplomatica-en-washington-por-el-futuro-de-groenlandia-1857\/#breadcrumb","itemListElement":[{"@type":"ListItem","position":1,"name":"Portada","item":"https:\/\/www.eldiario.net\/portal\/"},{"@type":"ListItem","position":2,"name":"Tensi\u00f3n diplom\u00e1tica en Washington por el futuro de Groenlandia (18:57)"}]},{"@type":"WebSite","@id":"https:\/\/www.eldiario.net\/portal\/#website","url":"https:\/\/www.eldiario.net\/portal\/","name":"El Diario - Decano de la prensa nacional","description":"El Diario - Decano de la prensa nacional","publisher":{"@id":"https:\/\/www.eldiario.net\/portal\/#organization"},"potentialAction":[{"@type":"SearchAction","target":{"@type":"EntryPoint","urlTemplate":"https:\/\/www.eldiario.net\/portal\/?s={search_term_string}"},"query-input":{"@type":"PropertyValueSpecification","valueRequired":true,"valueName":"search_term_string"}}],"inLanguage":"es"},{"@type":"Organization","@id":"https:\/\/www.eldiario.net\/portal\/#organization","name":"El Diario - Decano de la prensa nacional","url":"https:\/\/www.eldiario.net\/portal\/","logo":{"@type":"ImageObject","inLanguage":"es","@id":"https:\/\/www.eldiario.net\/portal\/#\/schema\/logo\/image\/","url":"https:\/\/www.eldiario.net\/portal\/wp-content\/uploads\/2023\/07\/logo_ED.jpg","contentUrl":"https:\/\/www.eldiario.net\/portal\/wp-content\/uploads\/2023\/07\/logo_ED.jpg","width":272,"height":52,"caption":"El Diario - Decano de la prensa nacional"},"image":{"@id":"https:\/\/www.eldiario.net\/portal\/#\/schema\/logo\/image\/"},"sameAs":["https:\/\/www.facebook.com\/eldiario.bolivia\/","https:\/\/x.com\/eldiario_net"]},{"@type":"Person","@id":"https:\/\/www.eldiario.net\/portal\/#\/schema\/person\/ba370d92d160f4d3574381f6d9b78fab","name":"Viviana Monrroy","image":{"@type":"ImageObject","inLanguage":"es","@id":"https:\/\/secure.gravatar.com\/avatar\/dfd1611ed5600959a0e5a9754503b6c05d1dcf190010998e0363aee2ad98afca?s=96&d=mm&r=g","url":"https:\/\/secure.gravatar.com\/avatar\/dfd1611ed5600959a0e5a9754503b6c05d1dcf190010998e0363aee2ad98afca?s=96&d=mm&r=g","contentUrl":"https:\/\/secure.gravatar.com\/avatar\/dfd1611ed5600959a0e5a9754503b6c05d1dcf190010998e0363aee2ad98afca?s=96&d=mm&r=g","caption":"Viviana Monrroy"},"sameAs":["http:\/\/www.eldiario.net"],"url":"https:\/\/www.eldiario.net\/portal\/author\/vivianamonrroy\/"}]}},"_links":{"self":[{"href":"https:\/\/www.eldiario.net\/portal\/wp-json\/wp\/v2\/posts\/360030","targetHints":{"allow":["GET"]}}],"collection":[{"href":"https:\/\/www.eldiario.net\/portal\/wp-json\/wp\/v2\/posts"}],"about":[{"href":"https:\/\/www.eldiario.net\/portal\/wp-json\/wp\/v2\/types\/post"}],"author":[{"embeddable":true,"href":"https:\/\/www.eldiario.net\/portal\/wp-json\/wp\/v2\/users\/7"}],"replies":[{"embeddable":true,"href":"https:\/\/www.eldiario.net\/portal\/wp-json\/wp\/v2\/comments?post=360030"}],"version-history":[{"count":1,"href":"https:\/\/www.eldiario.net\/portal\/wp-json\/wp\/v2\/posts\/360030\/revisions"}],"predecessor-version":[{"id":360032,"href":"https:\/\/www.eldiario.net\/portal\/wp-json\/wp\/v2\/posts\/360030\/revisions\/360032"}],"wp:featuredmedia":[{"embeddable":true,"href":"https:\/\/www.eldiario.net\/portal\/wp-json\/wp\/v2\/media\/360031"}],"wp:attachment":[{"href":"https:\/\/www.eldiario.net\/portal\/wp-json\/wp\/v2\/media?parent=360030"}],"wp:term":[{"taxonomy":"category","embeddable":true,"href":"https:\/\/www.eldiario.net\/portal\/wp-json\/wp\/v2\/categories?post=360030"},{"taxonomy":"post_tag","embeddable":true,"href":"https:\/\/www.eldiario.net\/portal\/wp-json\/wp\/v2\/tags?post=360030"}],"curies":[{"name":"wp","href":"https:\/\/api.w.org\/{rel}","templated":true}]}}