{"id":359991,"date":"2026-01-14T17:39:35","date_gmt":"2026-01-14T21:39:35","guid":{"rendered":"https:\/\/www.eldiario.net\/portal\/?p=359991"},"modified":"2026-01-14T17:39:35","modified_gmt":"2026-01-14T21:39:35","slug":"pando-persisten-las-lluvias-y-se-mantiene-la-alerta-por-posible-crecida-del-rio-acre-1740","status":"publish","type":"post","link":"https:\/\/www.eldiario.net\/portal\/2026\/01\/14\/pando-persisten-las-lluvias-y-se-mantiene-la-alerta-por-posible-crecida-del-rio-acre-1740\/","title":{"rendered":"Pando: persisten las lluvias y se mantiene la alerta por posible crecida del r\u00edo Acre (17:40)"},"content":{"rendered":"<p>El Servicio Nacional de Meteorolog\u00eda e Hidrolog\u00eda (Senamhi) Pando inform\u00f3 que en los pr\u00f3ximos d\u00edas se registrar\u00e1n lluvias dispersas e intermitentes en el departamento, un comportamiento clim\u00e1tico que se extender\u00e1 al menos hasta el fin de semana.<\/p>\n<p>El responsable de la instituci\u00f3n, ingeniero Richard Ben\u00edtez, explic\u00f3 que si bien hay presencia de vientos que podr\u00edan desviar parcialmente las precipitaciones, la nubosidad proveniente de Brasil y Per\u00fa continuar\u00e1 alimentando los caudales de los r\u00edos de la regi\u00f3n.<\/p>\n<p>En ese contexto, el Senamhi mantiene un monitoreo permanente de los niveles hidrol\u00f3gicos.<\/p>\n<p>Actualmente, el r\u00edo Acre registra un nivel de 9 metros con 55 cent\u00edmetros, una cifra que, aunque a\u00fan se encuentra por debajo del umbral de desborde, mantiene en alerta a las autoridades debido al riesgo de una crecida repentina.<\/p>\n<p>Ante este panorama, la instituci\u00f3n recomend\u00f3 a la poblaci\u00f3n tomar previsiones, mantenerse atenta a la evoluci\u00f3n del clima y seguir \u00fanicamente los reportes y recomendaciones oficiales.<\/p>\n","protected":false},"excerpt":{"rendered":"<p>El Servicio Nacional de Meteorolog\u00eda e Hidrolog\u00eda (Senamhi) Pando inform\u00f3 que en los pr\u00f3ximos d\u00edas se registrar\u00e1n lluvias dispersas e intermitentes en el departamento, un comportamiento clim\u00e1tico que se extender\u00e1 al menos hasta el fin de semana. El responsable de la instituci\u00f3n, ingeniero Richard Ben\u00edtez, explic\u00f3 que si bien hay presencia de vientos que podr\u00edan [&hellip;]<\/p>\n","protected":false},"author":7,"featured_media":359992,"comment_status":"closed","ping_status":"open","sticky":false,"template":"","format":"standard","meta":{"_acf_changed":false,"footnotes":""},"categories":[51],"tags":[],"class_list":["post-359991","post","type-post","status-publish","format-standard","has-post-thumbnail","category-ultima-hora"],"acf":{"antetitulo":""},"yoast_head":"<!-- This site is optimized with the Yoast SEO plugin v28.4 - https:\/\/yoast.com\/product\/yoast-seo-wordpress\/ -->\n<title>Pando: persisten las lluvias y se mantiene la alerta por posible crecida del r\u00edo Acre (17:40) - El Diario - Bolivia<\/title>\n<meta name=\"robots\" content=\"index, follow, max-snippet:-1, max-image-preview:large, max-video-preview:-1\" \/>\n<link rel=\"canonical\" href=\"https:\/\/www.eldiario.net\/portal\/2026\/01\/14\/pando-persisten-las-lluvias-y-se-mantiene-la-alerta-por-posible-crecida-del-rio-acre-1740\/\" \/>\n<meta property=\"og:locale\" content=\"es_ES\" \/>\n<meta property=\"og:type\" content=\"article\" \/>\n<meta property=\"og:title\" content=\"Pando: persisten las lluvias y se mantiene la alerta por posible crecida del r\u00edo Acre (17:40) - El Diario - Bolivia\" \/>\n<meta property=\"og:description\" content=\"El Servicio Nacional de Meteorolog\u00eda e Hidrolog\u00eda (Senamhi) Pando inform\u00f3 que en los pr\u00f3ximos d\u00edas se registrar\u00e1n lluvias dispersas e intermitentes en el departamento, un comportamiento clim\u00e1tico que se extender\u00e1 al menos hasta el fin de semana. El responsable de la instituci\u00f3n, ingeniero Richard Ben\u00edtez, explic\u00f3 que si bien hay presencia de vientos que podr\u00edan [&hellip;]\" \/>\n<meta property=\"og:url\" content=\"https:\/\/www.eldiario.net\/portal\/2026\/01\/14\/pando-persisten-las-lluvias-y-se-mantiene-la-alerta-por-posible-crecida-del-rio-acre-1740\/\" \/>\n<meta property=\"og:site_name\" content=\"El Diario - Bolivia\" \/>\n<meta property=\"article:publisher\" content=\"https:\/\/www.facebook.com\/eldiario.bolivia\/\" \/>\n<meta property=\"article:published_time\" content=\"2026-01-14T21:39:35+00:00\" \/>\n<meta property=\"og:image\" content=\"https:\/\/www.eldiario.net\/portal\/wp-content\/uploads\/2026\/01\/pando-14.01.25.png\" \/>\n\t<meta property=\"og:image:width\" content=\"650\" \/>\n\t<meta property=\"og:image:height\" content=\"316\" \/>\n\t<meta property=\"og:image:type\" content=\"image\/png\" \/>\n<meta name=\"author\" content=\"Viviana Monrroy\" \/>\n<meta name=\"twitter:card\" content=\"summary_large_image\" \/>\n<meta name=\"twitter:creator\" content=\"@eldiario_net\" \/>\n<meta name=\"twitter:site\" content=\"@eldiario_net\" \/>\n<meta name=\"twitter:label1\" content=\"Escrito por\" \/>\n\t<meta name=\"twitter:data1\" content=\"Viviana Monrroy\" \/>\n\t<meta name=\"twitter:label2\" content=\"Tiempo de lectura\" \/>\n\t<meta name=\"twitter:data2\" content=\"1 minuto\" \/>\n<script type=\"application\/ld+json\" class=\"yoast-schema-graph\">{\"@context\":\"https:\\\/\\\/schema.org\",\"@graph\":[{\"@type\":\"Article\",\"@id\":\"https:\\\/\\\/www.eldiario.net\\\/portal\\\/2026\\\/01\\\/14\\\/pando-persisten-las-lluvias-y-se-mantiene-la-alerta-por-posible-crecida-del-rio-acre-1740\\\/#article\",\"isPartOf\":{\"@id\":\"https:\\\/\\\/www.eldiario.net\\\/portal\\\/2026\\\/01\\\/14\\\/pando-persisten-las-lluvias-y-se-mantiene-la-alerta-por-posible-crecida-del-rio-acre-1740\\\/\"},\"author\":{\"name\":\"Viviana Monrroy\",\"@id\":\"https:\\\/\\\/www.eldiario.net\\\/portal\\\/#\\\/schema\\\/person\\\/ba370d92d160f4d3574381f6d9b78fab\"},\"headline\":\"Pando: persisten las lluvias y se mantiene la alerta por posible crecida del r\u00edo Acre (17:40)\",\"datePublished\":\"2026-01-14T21:39:35+00:00\",\"mainEntityOfPage\":{\"@id\":\"https:\\\/\\\/www.eldiario.net\\\/portal\\\/2026\\\/01\\\/14\\\/pando-persisten-las-lluvias-y-se-mantiene-la-alerta-por-posible-crecida-del-rio-acre-1740\\\/\"},\"wordCount\":186,\"publisher\":{\"@id\":\"https:\\\/\\\/www.eldiario.net\\\/portal\\\/#organization\"},\"image\":{\"@id\":\"https:\\\/\\\/www.eldiario.net\\\/portal\\\/2026\\\/01\\\/14\\\/pando-persisten-las-lluvias-y-se-mantiene-la-alerta-por-posible-crecida-del-rio-acre-1740\\\/#primaryimage\"},\"thumbnailUrl\":\"https:\\\/\\\/www.eldiario.net\\\/portal\\\/wp-content\\\/uploads\\\/2026\\\/01\\\/pando-14.01.25.png\",\"articleSection\":[\"\u00daltima Hora\"],\"inLanguage\":\"es\"},{\"@type\":\"WebPage\",\"@id\":\"https:\\\/\\\/www.eldiario.net\\\/portal\\\/2026\\\/01\\\/14\\\/pando-persisten-las-lluvias-y-se-mantiene-la-alerta-por-posible-crecida-del-rio-acre-1740\\\/\",\"url\":\"https:\\\/\\\/www.eldiario.net\\\/portal\\\/2026\\\/01\\\/14\\\/pando-persisten-las-lluvias-y-se-mantiene-la-alerta-por-posible-crecida-del-rio-acre-1740\\\/\",\"name\":\"Pando: persisten las lluvias y se mantiene la alerta por posible crecida del r\u00edo Acre (17:40) - El Diario - Bolivia\",\"isPartOf\":{\"@id\":\"https:\\\/\\\/www.eldiario.net\\\/portal\\\/#website\"},\"primaryImageOfPage\":{\"@id\":\"https:\\\/\\\/www.eldiario.net\\\/portal\\\/2026\\\/01\\\/14\\\/pando-persisten-las-lluvias-y-se-mantiene-la-alerta-por-posible-crecida-del-rio-acre-1740\\\/#primaryimage\"},\"image\":{\"@id\":\"https:\\\/\\\/www.eldiario.net\\\/portal\\\/2026\\\/01\\\/14\\\/pando-persisten-las-lluvias-y-se-mantiene-la-alerta-por-posible-crecida-del-rio-acre-1740\\\/#primaryimage\"},\"thumbnailUrl\":\"https:\\\/\\\/www.eldiario.net\\\/portal\\\/wp-content\\\/uploads\\\/2026\\\/01\\\/pando-14.01.25.png\",\"datePublished\":\"2026-01-14T21:39:35+00:00\",\"breadcrumb\":{\"@id\":\"https:\\\/\\\/www.eldiario.net\\\/portal\\\/2026\\\/01\\\/14\\\/pando-persisten-las-lluvias-y-se-mantiene-la-alerta-por-posible-crecida-del-rio-acre-1740\\\/#breadcrumb\"},\"inLanguage\":\"es\",\"potentialAction\":[{\"@type\":\"ReadAction\",\"target\":[\"https:\\\/\\\/www.eldiario.net\\\/portal\\\/2026\\\/01\\\/14\\\/pando-persisten-las-lluvias-y-se-mantiene-la-alerta-por-posible-crecida-del-rio-acre-1740\\\/\"]}]},{\"@type\":\"ImageObject\",\"inLanguage\":\"es\",\"@id\":\"https:\\\/\\\/www.eldiario.net\\\/portal\\\/2026\\\/01\\\/14\\\/pando-persisten-las-lluvias-y-se-mantiene-la-alerta-por-posible-crecida-del-rio-acre-1740\\\/#primaryimage\",\"url\":\"https:\\\/\\\/www.eldiario.net\\\/portal\\\/wp-content\\\/uploads\\\/2026\\\/01\\\/pando-14.01.25.png\",\"contentUrl\":\"https:\\\/\\\/www.eldiario.net\\\/portal\\\/wp-content\\\/uploads\\\/2026\\\/01\\\/pando-14.01.25.png\",\"width\":650,\"height\":316},{\"@type\":\"BreadcrumbList\",\"@id\":\"https:\\\/\\\/www.eldiario.net\\\/portal\\\/2026\\\/01\\\/14\\\/pando-persisten-las-lluvias-y-se-mantiene-la-alerta-por-posible-crecida-del-rio-acre-1740\\\/#breadcrumb\",\"itemListElement\":[{\"@type\":\"ListItem\",\"position\":1,\"name\":\"Portada\",\"item\":\"https:\\\/\\\/www.eldiario.net\\\/portal\\\/\"},{\"@type\":\"ListItem\",\"position\":2,\"name\":\"Pando: persisten las lluvias y se mantiene la alerta por posible crecida del r\u00edo Acre (17:40)\"}]},{\"@type\":\"WebSite\",\"@id\":\"https:\\\/\\\/www.eldiario.net\\\/portal\\\/#website\",\"url\":\"https:\\\/\\\/www.eldiario.net\\\/portal\\\/\",\"name\":\"El Diario - Decano de la prensa nacional\",\"description\":\"El Diario - Decano de la prensa nacional\",\"publisher\":{\"@id\":\"https:\\\/\\\/www.eldiario.net\\\/portal\\\/#organization\"},\"potentialAction\":[{\"@type\":\"SearchAction\",\"target\":{\"@type\":\"EntryPoint\",\"urlTemplate\":\"https:\\\/\\\/www.eldiario.net\\\/portal\\\/?s={search_term_string}\"},\"query-input\":{\"@type\":\"PropertyValueSpecification\",\"valueRequired\":true,\"valueName\":\"search_term_string\"}}],\"inLanguage\":\"es\"},{\"@type\":\"Organization\",\"@id\":\"https:\\\/\\\/www.eldiario.net\\\/portal\\\/#organization\",\"name\":\"El Diario - Decano de la prensa nacional\",\"url\":\"https:\\\/\\\/www.eldiario.net\\\/portal\\\/\",\"logo\":{\"@type\":\"ImageObject\",\"inLanguage\":\"es\",\"@id\":\"https:\\\/\\\/www.eldiario.net\\\/portal\\\/#\\\/schema\\\/logo\\\/image\\\/\",\"url\":\"https:\\\/\\\/www.eldiario.net\\\/portal\\\/wp-content\\\/uploads\\\/2023\\\/07\\\/logo_ED.jpg\",\"contentUrl\":\"https:\\\/\\\/www.eldiario.net\\\/portal\\\/wp-content\\\/uploads\\\/2023\\\/07\\\/logo_ED.jpg\",\"width\":272,\"height\":52,\"caption\":\"El Diario - Decano de la prensa nacional\"},\"image\":{\"@id\":\"https:\\\/\\\/www.eldiario.net\\\/portal\\\/#\\\/schema\\\/logo\\\/image\\\/\"},\"sameAs\":[\"https:\\\/\\\/www.facebook.com\\\/eldiario.bolivia\\\/\",\"https:\\\/\\\/x.com\\\/eldiario_net\"]},{\"@type\":\"Person\",\"@id\":\"https:\\\/\\\/www.eldiario.net\\\/portal\\\/#\\\/schema\\\/person\\\/ba370d92d160f4d3574381f6d9b78fab\",\"name\":\"Viviana Monrroy\",\"image\":{\"@type\":\"ImageObject\",\"inLanguage\":\"es\",\"@id\":\"https:\\\/\\\/secure.gravatar.com\\\/avatar\\\/dfd1611ed5600959a0e5a9754503b6c05d1dcf190010998e0363aee2ad98afca?s=96&d=mm&r=g\",\"url\":\"https:\\\/\\\/secure.gravatar.com\\\/avatar\\\/dfd1611ed5600959a0e5a9754503b6c05d1dcf190010998e0363aee2ad98afca?s=96&d=mm&r=g\",\"contentUrl\":\"https:\\\/\\\/secure.gravatar.com\\\/avatar\\\/dfd1611ed5600959a0e5a9754503b6c05d1dcf190010998e0363aee2ad98afca?s=96&d=mm&r=g\",\"caption\":\"Viviana Monrroy\"},\"sameAs\":[\"http:\\\/\\\/www.eldiario.net\"],\"url\":\"https:\\\/\\\/www.eldiario.net\\\/portal\\\/author\\\/vivianamonrroy\\\/\"}]}<\/script>\n<!-- \/ Yoast SEO plugin. -->","yoast_head_json":{"title":"Pando: persisten las lluvias y se mantiene la alerta por posible crecida del r\u00edo Acre (17:40) - El Diario - Bolivia","robots":{"index":"index","follow":"follow","max-snippet":"max-snippet:-1","max-image-preview":"max-image-preview:large","max-video-preview":"max-video-preview:-1"},"canonical":"https:\/\/www.eldiario.net\/portal\/2026\/01\/14\/pando-persisten-las-lluvias-y-se-mantiene-la-alerta-por-posible-crecida-del-rio-acre-1740\/","og_locale":"es_ES","og_type":"article","og_title":"Pando: persisten las lluvias y se mantiene la alerta por posible crecida del r\u00edo Acre (17:40) - El Diario - Bolivia","og_description":"El Servicio Nacional de Meteorolog\u00eda e Hidrolog\u00eda (Senamhi) Pando inform\u00f3 que en los pr\u00f3ximos d\u00edas se registrar\u00e1n lluvias dispersas e intermitentes en el departamento, un comportamiento clim\u00e1tico que se extender\u00e1 al menos hasta el fin de semana. El responsable de la instituci\u00f3n, ingeniero Richard Ben\u00edtez, explic\u00f3 que si bien hay presencia de vientos que podr\u00edan [&hellip;]","og_url":"https:\/\/www.eldiario.net\/portal\/2026\/01\/14\/pando-persisten-las-lluvias-y-se-mantiene-la-alerta-por-posible-crecida-del-rio-acre-1740\/","og_site_name":"El Diario - Bolivia","article_publisher":"https:\/\/www.facebook.com\/eldiario.bolivia\/","article_published_time":"2026-01-14T21:39:35+00:00","og_image":[{"width":650,"height":316,"url":"https:\/\/www.eldiario.net\/portal\/wp-content\/uploads\/2026\/01\/pando-14.01.25.png","type":"image\/png"}],"author":"Viviana Monrroy","twitter_card":"summary_large_image","twitter_creator":"@eldiario_net","twitter_site":"@eldiario_net","twitter_misc":{"Escrito por":"Viviana Monrroy","Tiempo de lectura":"1 minuto"},"schema":{"@context":"https:\/\/schema.org","@graph":[{"@type":"Article","@id":"https:\/\/www.eldiario.net\/portal\/2026\/01\/14\/pando-persisten-las-lluvias-y-se-mantiene-la-alerta-por-posible-crecida-del-rio-acre-1740\/#article","isPartOf":{"@id":"https:\/\/www.eldiario.net\/portal\/2026\/01\/14\/pando-persisten-las-lluvias-y-se-mantiene-la-alerta-por-posible-crecida-del-rio-acre-1740\/"},"author":{"name":"Viviana Monrroy","@id":"https:\/\/www.eldiario.net\/portal\/#\/schema\/person\/ba370d92d160f4d3574381f6d9b78fab"},"headline":"Pando: persisten las lluvias y se mantiene la alerta por posible crecida del r\u00edo Acre (17:40)","datePublished":"2026-01-14T21:39:35+00:00","mainEntityOfPage":{"@id":"https:\/\/www.eldiario.net\/portal\/2026\/01\/14\/pando-persisten-las-lluvias-y-se-mantiene-la-alerta-por-posible-crecida-del-rio-acre-1740\/"},"wordCount":186,"publisher":{"@id":"https:\/\/www.eldiario.net\/portal\/#organization"},"image":{"@id":"https:\/\/www.eldiario.net\/portal\/2026\/01\/14\/pando-persisten-las-lluvias-y-se-mantiene-la-alerta-por-posible-crecida-del-rio-acre-1740\/#primaryimage"},"thumbnailUrl":"https:\/\/www.eldiario.net\/portal\/wp-content\/uploads\/2026\/01\/pando-14.01.25.png","articleSection":["\u00daltima Hora"],"inLanguage":"es"},{"@type":"WebPage","@id":"https:\/\/www.eldiario.net\/portal\/2026\/01\/14\/pando-persisten-las-lluvias-y-se-mantiene-la-alerta-por-posible-crecida-del-rio-acre-1740\/","url":"https:\/\/www.eldiario.net\/portal\/2026\/01\/14\/pando-persisten-las-lluvias-y-se-mantiene-la-alerta-por-posible-crecida-del-rio-acre-1740\/","name":"Pando: persisten las lluvias y se mantiene la alerta por posible crecida del r\u00edo Acre (17:40) - El Diario - Bolivia","isPartOf":{"@id":"https:\/\/www.eldiario.net\/portal\/#website"},"primaryImageOfPage":{"@id":"https:\/\/www.eldiario.net\/portal\/2026\/01\/14\/pando-persisten-las-lluvias-y-se-mantiene-la-alerta-por-posible-crecida-del-rio-acre-1740\/#primaryimage"},"image":{"@id":"https:\/\/www.eldiario.net\/portal\/2026\/01\/14\/pando-persisten-las-lluvias-y-se-mantiene-la-alerta-por-posible-crecida-del-rio-acre-1740\/#primaryimage"},"thumbnailUrl":"https:\/\/www.eldiario.net\/portal\/wp-content\/uploads\/2026\/01\/pando-14.01.25.png","datePublished":"2026-01-14T21:39:35+00:00","breadcrumb":{"@id":"https:\/\/www.eldiario.net\/portal\/2026\/01\/14\/pando-persisten-las-lluvias-y-se-mantiene-la-alerta-por-posible-crecida-del-rio-acre-1740\/#breadcrumb"},"inLanguage":"es","potentialAction":[{"@type":"ReadAction","target":["https:\/\/www.eldiario.net\/portal\/2026\/01\/14\/pando-persisten-las-lluvias-y-se-mantiene-la-alerta-por-posible-crecida-del-rio-acre-1740\/"]}]},{"@type":"ImageObject","inLanguage":"es","@id":"https:\/\/www.eldiario.net\/portal\/2026\/01\/14\/pando-persisten-las-lluvias-y-se-mantiene-la-alerta-por-posible-crecida-del-rio-acre-1740\/#primaryimage","url":"https:\/\/www.eldiario.net\/portal\/wp-content\/uploads\/2026\/01\/pando-14.01.25.png","contentUrl":"https:\/\/www.eldiario.net\/portal\/wp-content\/uploads\/2026\/01\/pando-14.01.25.png","width":650,"height":316},{"@type":"BreadcrumbList","@id":"https:\/\/www.eldiario.net\/portal\/2026\/01\/14\/pando-persisten-las-lluvias-y-se-mantiene-la-alerta-por-posible-crecida-del-rio-acre-1740\/#breadcrumb","itemListElement":[{"@type":"ListItem","position":1,"name":"Portada","item":"https:\/\/www.eldiario.net\/portal\/"},{"@type":"ListItem","position":2,"name":"Pando: persisten las lluvias y se mantiene la alerta por posible crecida del r\u00edo Acre (17:40)"}]},{"@type":"WebSite","@id":"https:\/\/www.eldiario.net\/portal\/#website","url":"https:\/\/www.eldiario.net\/portal\/","name":"El Diario - Decano de la prensa nacional","description":"El Diario - Decano de la prensa nacional","publisher":{"@id":"https:\/\/www.eldiario.net\/portal\/#organization"},"potentialAction":[{"@type":"SearchAction","target":{"@type":"EntryPoint","urlTemplate":"https:\/\/www.eldiario.net\/portal\/?s={search_term_string}"},"query-input":{"@type":"PropertyValueSpecification","valueRequired":true,"valueName":"search_term_string"}}],"inLanguage":"es"},{"@type":"Organization","@id":"https:\/\/www.eldiario.net\/portal\/#organization","name":"El Diario - Decano de la prensa nacional","url":"https:\/\/www.eldiario.net\/portal\/","logo":{"@type":"ImageObject","inLanguage":"es","@id":"https:\/\/www.eldiario.net\/portal\/#\/schema\/logo\/image\/","url":"https:\/\/www.eldiario.net\/portal\/wp-content\/uploads\/2023\/07\/logo_ED.jpg","contentUrl":"https:\/\/www.eldiario.net\/portal\/wp-content\/uploads\/2023\/07\/logo_ED.jpg","width":272,"height":52,"caption":"El Diario - Decano de la prensa nacional"},"image":{"@id":"https:\/\/www.eldiario.net\/portal\/#\/schema\/logo\/image\/"},"sameAs":["https:\/\/www.facebook.com\/eldiario.bolivia\/","https:\/\/x.com\/eldiario_net"]},{"@type":"Person","@id":"https:\/\/www.eldiario.net\/portal\/#\/schema\/person\/ba370d92d160f4d3574381f6d9b78fab","name":"Viviana Monrroy","image":{"@type":"ImageObject","inLanguage":"es","@id":"https:\/\/secure.gravatar.com\/avatar\/dfd1611ed5600959a0e5a9754503b6c05d1dcf190010998e0363aee2ad98afca?s=96&d=mm&r=g","url":"https:\/\/secure.gravatar.com\/avatar\/dfd1611ed5600959a0e5a9754503b6c05d1dcf190010998e0363aee2ad98afca?s=96&d=mm&r=g","contentUrl":"https:\/\/secure.gravatar.com\/avatar\/dfd1611ed5600959a0e5a9754503b6c05d1dcf190010998e0363aee2ad98afca?s=96&d=mm&r=g","caption":"Viviana Monrroy"},"sameAs":["http:\/\/www.eldiario.net"],"url":"https:\/\/www.eldiario.net\/portal\/author\/vivianamonrroy\/"}]}},"_links":{"self":[{"href":"https:\/\/www.eldiario.net\/portal\/wp-json\/wp\/v2\/posts\/359991","targetHints":{"allow":["GET"]}}],"collection":[{"href":"https:\/\/www.eldiario.net\/portal\/wp-json\/wp\/v2\/posts"}],"about":[{"href":"https:\/\/www.eldiario.net\/portal\/wp-json\/wp\/v2\/types\/post"}],"author":[{"embeddable":true,"href":"https:\/\/www.eldiario.net\/portal\/wp-json\/wp\/v2\/users\/7"}],"replies":[{"embeddable":true,"href":"https:\/\/www.eldiario.net\/portal\/wp-json\/wp\/v2\/comments?post=359991"}],"version-history":[{"count":1,"href":"https:\/\/www.eldiario.net\/portal\/wp-json\/wp\/v2\/posts\/359991\/revisions"}],"predecessor-version":[{"id":359993,"href":"https:\/\/www.eldiario.net\/portal\/wp-json\/wp\/v2\/posts\/359991\/revisions\/359993"}],"wp:featuredmedia":[{"embeddable":true,"href":"https:\/\/www.eldiario.net\/portal\/wp-json\/wp\/v2\/media\/359992"}],"wp:attachment":[{"href":"https:\/\/www.eldiario.net\/portal\/wp-json\/wp\/v2\/media?parent=359991"}],"wp:term":[{"taxonomy":"category","embeddable":true,"href":"https:\/\/www.eldiario.net\/portal\/wp-json\/wp\/v2\/categories?post=359991"},{"taxonomy":"post_tag","embeddable":true,"href":"https:\/\/www.eldiario.net\/portal\/wp-json\/wp\/v2\/tags?post=359991"}],"curies":[{"name":"wp","href":"https:\/\/api.w.org\/{rel}","templated":true}]}}