{"id":35994,"date":"2021-10-12T05:26:20","date_gmt":"2021-10-12T09:26:20","guid":{"rendered":"https:\/\/www.eldiario.net\/portal\/?p=35994"},"modified":"2021-10-12T05:26:20","modified_gmt":"2021-10-12T09:26:20","slug":"alemania-la-primera-clasificada-al-mundial-de-catar","status":"publish","type":"post","link":"https:\/\/www.eldiario.net\/portal\/2021\/10\/12\/alemania-la-primera-clasificada-al-mundial-de-catar\/","title":{"rendered":"Alemania, la primera clasificada al Mundial de Catar"},"content":{"rendered":"<p>Alemania se convirti\u00f3 este lunes en la primera selecci\u00f3n clasificada para el Mundial de Catar-2022 (sin contar a la anfitriona), tras superar 4-0 a Macedonia del Norte y gracias tambi\u00e9n a la derrota de Armenia en Ruman\u00eda.<\/p>\n<p>Mucho m\u00e1s apretada est\u00e1 la lucha en otros grupos, como el G, donde Holanda y Noruega podr\u00edan jug\u00e1rselo todo en una final el pr\u00f3ximo 16 de noviembre, y en el H, donde Rusia toma ventaja tras ganar en Eslovenia por 2-1 y el traspi\u00e9 de Croacia frente a Eslovaquia (2-2).<\/p>\n<p>Los goles de Kei Havertz (50), Timo Werner por partida doble (70, 73), y del joven Jamal Musiala (84) dejan a la &#8216;Mannschaft&#8217; de Hansi Flick con 21 puntos en el grupo J, por los 13 de Ruman\u00eda y los 12 de Macedonia del Norte y Armenia, que ya no podr\u00e1n darle alcance a falta de dos fechas.<\/p>\n<p>Esta clasificaci\u00f3n de Alemania -la 18\u00aa consecutiva desde 1954 a la fase final de un Mundial- en un grupo asequible, no es una sorpresa.<\/p>\n<p>En la \u00faltima edici\u00f3n la &#8216;Mannschaft&#8217; hab\u00eda logrado el billete a Rusia-2018 luego de haber ganado sus diez partidos&#8230; para luego ser eliminada a en fase de grupos en el Mundial.<\/p>\n<p>Tan importante es el nuevo entusiasmo que ha insuflado al equipo Hansi Flick desde que sucediese a Joachim L\u00f6w despu\u00e9s de la Eurocopa.<\/p>\n<p>En el grupo G, el l\u00edder Holanda gole\u00f3 6-0 a Gibraltar, pero la llave no est\u00e1 decidida, ya que Noruega tambi\u00e9n venci\u00f3 a Montenegro, por 2-0.<\/p>\n<p>Ante un rival de inferior nivel, los &#8216;Oranje&#8217; no tuvieron problemas para golear a Gibraltar y ya dejaron sentenciado el partido al descanso tras los goles de Virgil Van Dick (9) y el doblete de Memphis Depay, el segundo de penal (21, 45+3).<\/p>\n<p>En el segundo periodo, redondearon la goleada Denzel Dumfries (48), Arnaut Groeneveld (75) y Donyell Malen (86).<\/p>\n<p>Al mismo tiempo en Oslo, Noruega sufri\u00f3 para derrotar a Montenegro, pero lo logr\u00f3 con doblete de Mohamed Elyounoussi (29 y 90+6).<\/p>\n<p>Con estos resultados, Holanda suma 19 puntos, por los 17 de Noruega.<\/p>\n<p>Ambos equipos podr\u00edan decidir el primer puesto de la llave, el \u00fanico que da acceso directo al Mundial, en una final que se disputar\u00e1 en Holanda en la \u00faltima jornada, el pr\u00f3ximo 16 de noviembre.<\/p>\n<p>Aunque antes, el 13 de noviembre, Noruega deber\u00e1 mantener la presi\u00f3n derrotando en casa a Letonia y Holanda no deber\u00e1 fallar en su visita a Montenegro.<\/p>\n<p>Turqu\u00eda remont\u00f3 en el \u00faltimo momento a Letonia (2-1) y con 15 puntos mantiene alguna esperanza.<\/p>\n<p>Tambi\u00e9n ha dado un paso que le acerca a la clasificaci\u00f3n Rusia, que gan\u00f3 2-1 en Eslovenia, y Croacia, vigente subcampeona del mundo, no pas\u00f3 del empate a dos goles en casa frente a Eslovaquia, y gracias a un gol de Luka Modric en el tramo final (70).<\/p>\n<p>Con dos fechas para terminar, los rusos superan a los croatas por dos puntos, pero los balc\u00e1nicos recibir\u00e1n a Rusia en la \u00faltima fecha del grupo, el 16 de noviembre.<\/p>\n<p>En el otro grupo disputado este martes, Rep\u00fablica Checa y Gales cumplieron ganando a Bielorrusia (2-0) y Estonia (1-0) y suman 11 puntos, aunque ambos tendr\u00e1n que luchar por la segunda plaza que da opci\u00f3n a la repesca ya que, salvo cat\u00e1strofe, el billete directo ser\u00e1 para B\u00e9lgica (16 unidades).<\/p>\n","protected":false},"excerpt":{"rendered":"<p>Alemania se convirti\u00f3 este lunes en la primera selecci\u00f3n clasificada para el Mundial de Catar-2022 (sin contar a la anfitriona), tras superar 4-0 a Macedonia del Norte y gracias tambi\u00e9n a la derrota de Armenia en Ruman\u00eda. Mucho m\u00e1s apretada est\u00e1 la lucha en otros grupos, como el G, donde Holanda y Noruega podr\u00edan jug\u00e1rselo [&hellip;]<\/p>\n","protected":false},"author":1,"featured_media":35995,"comment_status":"closed","ping_status":"closed","sticky":false,"template":"","format":"standard","meta":{"_acf_changed":false,"footnotes":""},"categories":[6],"tags":[],"class_list":["post-35994","post","type-post","status-publish","format-standard","has-post-thumbnail","category-deportes"],"acf":{"antetitulo":""},"yoast_head":"<!-- This site is optimized with the Yoast SEO plugin v28.4 - https:\/\/yoast.com\/product\/yoast-seo-wordpress\/ -->\n<title>Alemania, la primera clasificada al Mundial de Catar - El Diario - Bolivia<\/title>\n<meta name=\"robots\" content=\"index, follow, max-snippet:-1, max-image-preview:large, max-video-preview:-1\" \/>\n<link rel=\"canonical\" href=\"https:\/\/www.eldiario.net\/portal\/2021\/10\/12\/alemania-la-primera-clasificada-al-mundial-de-catar\/\" \/>\n<meta property=\"og:locale\" content=\"es_ES\" \/>\n<meta property=\"og:type\" content=\"article\" \/>\n<meta property=\"og:title\" content=\"Alemania, la primera clasificada al Mundial de Catar - El Diario - Bolivia\" \/>\n<meta property=\"og:description\" content=\"Alemania se convirti\u00f3 este lunes en la primera selecci\u00f3n clasificada para el Mundial de Catar-2022 (sin contar a la anfitriona), tras superar 4-0 a Macedonia del Norte y gracias tambi\u00e9n a la derrota de Armenia en Ruman\u00eda. Mucho m\u00e1s apretada est\u00e1 la lucha en otros grupos, como el G, donde Holanda y Noruega podr\u00edan jug\u00e1rselo [&hellip;]\" \/>\n<meta property=\"og:url\" content=\"https:\/\/www.eldiario.net\/portal\/2021\/10\/12\/alemania-la-primera-clasificada-al-mundial-de-catar\/\" \/>\n<meta property=\"og:site_name\" content=\"El Diario - Bolivia\" \/>\n<meta property=\"article:publisher\" content=\"https:\/\/www.facebook.com\/eldiario.bolivia\/\" \/>\n<meta property=\"article:published_time\" content=\"2021-10-12T09:26:20+00:00\" \/>\n<meta name=\"author\" content=\"Jeanette\" \/>\n<meta name=\"twitter:card\" content=\"summary_large_image\" \/>\n<meta name=\"twitter:creator\" content=\"@eldiario_net\" \/>\n<meta name=\"twitter:site\" content=\"@eldiario_net\" \/>\n<meta name=\"twitter:label1\" content=\"Escrito por\" \/>\n\t<meta name=\"twitter:data1\" content=\"Jeanette\" \/>\n\t<meta name=\"twitter:label2\" content=\"Tiempo de lectura\" \/>\n\t<meta name=\"twitter:data2\" content=\"3 minutos\" \/>\n<script type=\"application\/ld+json\" class=\"yoast-schema-graph\">{\"@context\":\"https:\\\/\\\/schema.org\",\"@graph\":[{\"@type\":\"Article\",\"@id\":\"https:\\\/\\\/www.eldiario.net\\\/portal\\\/2021\\\/10\\\/12\\\/alemania-la-primera-clasificada-al-mundial-de-catar\\\/#article\",\"isPartOf\":{\"@id\":\"https:\\\/\\\/www.eldiario.net\\\/portal\\\/2021\\\/10\\\/12\\\/alemania-la-primera-clasificada-al-mundial-de-catar\\\/\"},\"author\":{\"name\":\"Jeanette\",\"@id\":\"https:\\\/\\\/www.eldiario.net\\\/portal\\\/#\\\/schema\\\/person\\\/2c57cf2b7a7ae032e449e4c9b1019eac\"},\"headline\":\"Alemania, la primera clasificada al Mundial de Catar\",\"datePublished\":\"2021-10-12T09:26:20+00:00\",\"mainEntityOfPage\":{\"@id\":\"https:\\\/\\\/www.eldiario.net\\\/portal\\\/2021\\\/10\\\/12\\\/alemania-la-primera-clasificada-al-mundial-de-catar\\\/\"},\"wordCount\":558,\"publisher\":{\"@id\":\"https:\\\/\\\/www.eldiario.net\\\/portal\\\/#organization\"},\"image\":{\"@id\":\"https:\\\/\\\/www.eldiario.net\\\/portal\\\/2021\\\/10\\\/12\\\/alemania-la-primera-clasificada-al-mundial-de-catar\\\/#primaryimage\"},\"thumbnailUrl\":\"\",\"articleSection\":[\"Deportes\"],\"inLanguage\":\"es\"},{\"@type\":\"WebPage\",\"@id\":\"https:\\\/\\\/www.eldiario.net\\\/portal\\\/2021\\\/10\\\/12\\\/alemania-la-primera-clasificada-al-mundial-de-catar\\\/\",\"url\":\"https:\\\/\\\/www.eldiario.net\\\/portal\\\/2021\\\/10\\\/12\\\/alemania-la-primera-clasificada-al-mundial-de-catar\\\/\",\"name\":\"Alemania, la primera clasificada al Mundial de Catar - El Diario - Bolivia\",\"isPartOf\":{\"@id\":\"https:\\\/\\\/www.eldiario.net\\\/portal\\\/#website\"},\"primaryImageOfPage\":{\"@id\":\"https:\\\/\\\/www.eldiario.net\\\/portal\\\/2021\\\/10\\\/12\\\/alemania-la-primera-clasificada-al-mundial-de-catar\\\/#primaryimage\"},\"image\":{\"@id\":\"https:\\\/\\\/www.eldiario.net\\\/portal\\\/2021\\\/10\\\/12\\\/alemania-la-primera-clasificada-al-mundial-de-catar\\\/#primaryimage\"},\"thumbnailUrl\":\"\",\"datePublished\":\"2021-10-12T09:26:20+00:00\",\"breadcrumb\":{\"@id\":\"https:\\\/\\\/www.eldiario.net\\\/portal\\\/2021\\\/10\\\/12\\\/alemania-la-primera-clasificada-al-mundial-de-catar\\\/#breadcrumb\"},\"inLanguage\":\"es\",\"potentialAction\":[{\"@type\":\"ReadAction\",\"target\":[\"https:\\\/\\\/www.eldiario.net\\\/portal\\\/2021\\\/10\\\/12\\\/alemania-la-primera-clasificada-al-mundial-de-catar\\\/\"]}]},{\"@type\":\"ImageObject\",\"inLanguage\":\"es\",\"@id\":\"https:\\\/\\\/www.eldiario.net\\\/portal\\\/2021\\\/10\\\/12\\\/alemania-la-primera-clasificada-al-mundial-de-catar\\\/#primaryimage\",\"url\":\"\",\"contentUrl\":\"\"},{\"@type\":\"BreadcrumbList\",\"@id\":\"https:\\\/\\\/www.eldiario.net\\\/portal\\\/2021\\\/10\\\/12\\\/alemania-la-primera-clasificada-al-mundial-de-catar\\\/#breadcrumb\",\"itemListElement\":[{\"@type\":\"ListItem\",\"position\":1,\"name\":\"Portada\",\"item\":\"https:\\\/\\\/www.eldiario.net\\\/portal\\\/\"},{\"@type\":\"ListItem\",\"position\":2,\"name\":\"Alemania, la primera clasificada al Mundial de Catar\"}]},{\"@type\":\"WebSite\",\"@id\":\"https:\\\/\\\/www.eldiario.net\\\/portal\\\/#website\",\"url\":\"https:\\\/\\\/www.eldiario.net\\\/portal\\\/\",\"name\":\"El Diario - Decano de la prensa nacional\",\"description\":\"El Diario - Decano de la prensa nacional\",\"publisher\":{\"@id\":\"https:\\\/\\\/www.eldiario.net\\\/portal\\\/#organization\"},\"potentialAction\":[{\"@type\":\"SearchAction\",\"target\":{\"@type\":\"EntryPoint\",\"urlTemplate\":\"https:\\\/\\\/www.eldiario.net\\\/portal\\\/?s={search_term_string}\"},\"query-input\":{\"@type\":\"PropertyValueSpecification\",\"valueRequired\":true,\"valueName\":\"search_term_string\"}}],\"inLanguage\":\"es\"},{\"@type\":\"Organization\",\"@id\":\"https:\\\/\\\/www.eldiario.net\\\/portal\\\/#organization\",\"name\":\"El Diario - Decano de la prensa nacional\",\"url\":\"https:\\\/\\\/www.eldiario.net\\\/portal\\\/\",\"logo\":{\"@type\":\"ImageObject\",\"inLanguage\":\"es\",\"@id\":\"https:\\\/\\\/www.eldiario.net\\\/portal\\\/#\\\/schema\\\/logo\\\/image\\\/\",\"url\":\"https:\\\/\\\/www.eldiario.net\\\/portal\\\/wp-content\\\/uploads\\\/2023\\\/07\\\/logo_ED.jpg\",\"contentUrl\":\"https:\\\/\\\/www.eldiario.net\\\/portal\\\/wp-content\\\/uploads\\\/2023\\\/07\\\/logo_ED.jpg\",\"width\":272,\"height\":52,\"caption\":\"El Diario - Decano de la prensa nacional\"},\"image\":{\"@id\":\"https:\\\/\\\/www.eldiario.net\\\/portal\\\/#\\\/schema\\\/logo\\\/image\\\/\"},\"sameAs\":[\"https:\\\/\\\/www.facebook.com\\\/eldiario.bolivia\\\/\",\"https:\\\/\\\/x.com\\\/eldiario_net\"]},{\"@type\":\"Person\",\"@id\":\"https:\\\/\\\/www.eldiario.net\\\/portal\\\/#\\\/schema\\\/person\\\/2c57cf2b7a7ae032e449e4c9b1019eac\",\"name\":\"Jeanette\",\"image\":{\"@type\":\"ImageObject\",\"inLanguage\":\"es\",\"@id\":\"https:\\\/\\\/secure.gravatar.com\\\/avatar\\\/3ea2118a5f7dad2b7138b1187a6b7ee55f160b9968b66013c3a3ef39dd7e5798?s=96&d=mm&r=g\",\"url\":\"https:\\\/\\\/secure.gravatar.com\\\/avatar\\\/3ea2118a5f7dad2b7138b1187a6b7ee55f160b9968b66013c3a3ef39dd7e5798?s=96&d=mm&r=g\",\"contentUrl\":\"https:\\\/\\\/secure.gravatar.com\\\/avatar\\\/3ea2118a5f7dad2b7138b1187a6b7ee55f160b9968b66013c3a3ef39dd7e5798?s=96&d=mm&r=g\",\"caption\":\"Jeanette\"},\"sameAs\":[\"https:\\\/\\\/www.eldiario.net\\\/portal\"],\"url\":\"https:\\\/\\\/www.eldiario.net\\\/portal\\\/author\\\/jeanette\\\/\"}]}<\/script>\n<!-- \/ Yoast SEO plugin. -->","yoast_head_json":{"title":"Alemania, la primera clasificada al Mundial de Catar - El Diario - Bolivia","robots":{"index":"index","follow":"follow","max-snippet":"max-snippet:-1","max-image-preview":"max-image-preview:large","max-video-preview":"max-video-preview:-1"},"canonical":"https:\/\/www.eldiario.net\/portal\/2021\/10\/12\/alemania-la-primera-clasificada-al-mundial-de-catar\/","og_locale":"es_ES","og_type":"article","og_title":"Alemania, la primera clasificada al Mundial de Catar - El Diario - Bolivia","og_description":"Alemania se convirti\u00f3 este lunes en la primera selecci\u00f3n clasificada para el Mundial de Catar-2022 (sin contar a la anfitriona), tras superar 4-0 a Macedonia del Norte y gracias tambi\u00e9n a la derrota de Armenia en Ruman\u00eda. Mucho m\u00e1s apretada est\u00e1 la lucha en otros grupos, como el G, donde Holanda y Noruega podr\u00edan jug\u00e1rselo [&hellip;]","og_url":"https:\/\/www.eldiario.net\/portal\/2021\/10\/12\/alemania-la-primera-clasificada-al-mundial-de-catar\/","og_site_name":"El Diario - Bolivia","article_publisher":"https:\/\/www.facebook.com\/eldiario.bolivia\/","article_published_time":"2021-10-12T09:26:20+00:00","author":"Jeanette","twitter_card":"summary_large_image","twitter_creator":"@eldiario_net","twitter_site":"@eldiario_net","twitter_misc":{"Escrito por":"Jeanette","Tiempo de lectura":"3 minutos"},"schema":{"@context":"https:\/\/schema.org","@graph":[{"@type":"Article","@id":"https:\/\/www.eldiario.net\/portal\/2021\/10\/12\/alemania-la-primera-clasificada-al-mundial-de-catar\/#article","isPartOf":{"@id":"https:\/\/www.eldiario.net\/portal\/2021\/10\/12\/alemania-la-primera-clasificada-al-mundial-de-catar\/"},"author":{"name":"Jeanette","@id":"https:\/\/www.eldiario.net\/portal\/#\/schema\/person\/2c57cf2b7a7ae032e449e4c9b1019eac"},"headline":"Alemania, la primera clasificada al Mundial de Catar","datePublished":"2021-10-12T09:26:20+00:00","mainEntityOfPage":{"@id":"https:\/\/www.eldiario.net\/portal\/2021\/10\/12\/alemania-la-primera-clasificada-al-mundial-de-catar\/"},"wordCount":558,"publisher":{"@id":"https:\/\/www.eldiario.net\/portal\/#organization"},"image":{"@id":"https:\/\/www.eldiario.net\/portal\/2021\/10\/12\/alemania-la-primera-clasificada-al-mundial-de-catar\/#primaryimage"},"thumbnailUrl":"","articleSection":["Deportes"],"inLanguage":"es"},{"@type":"WebPage","@id":"https:\/\/www.eldiario.net\/portal\/2021\/10\/12\/alemania-la-primera-clasificada-al-mundial-de-catar\/","url":"https:\/\/www.eldiario.net\/portal\/2021\/10\/12\/alemania-la-primera-clasificada-al-mundial-de-catar\/","name":"Alemania, la primera clasificada al Mundial de Catar - El Diario - Bolivia","isPartOf":{"@id":"https:\/\/www.eldiario.net\/portal\/#website"},"primaryImageOfPage":{"@id":"https:\/\/www.eldiario.net\/portal\/2021\/10\/12\/alemania-la-primera-clasificada-al-mundial-de-catar\/#primaryimage"},"image":{"@id":"https:\/\/www.eldiario.net\/portal\/2021\/10\/12\/alemania-la-primera-clasificada-al-mundial-de-catar\/#primaryimage"},"thumbnailUrl":"","datePublished":"2021-10-12T09:26:20+00:00","breadcrumb":{"@id":"https:\/\/www.eldiario.net\/portal\/2021\/10\/12\/alemania-la-primera-clasificada-al-mundial-de-catar\/#breadcrumb"},"inLanguage":"es","potentialAction":[{"@type":"ReadAction","target":["https:\/\/www.eldiario.net\/portal\/2021\/10\/12\/alemania-la-primera-clasificada-al-mundial-de-catar\/"]}]},{"@type":"ImageObject","inLanguage":"es","@id":"https:\/\/www.eldiario.net\/portal\/2021\/10\/12\/alemania-la-primera-clasificada-al-mundial-de-catar\/#primaryimage","url":"","contentUrl":""},{"@type":"BreadcrumbList","@id":"https:\/\/www.eldiario.net\/portal\/2021\/10\/12\/alemania-la-primera-clasificada-al-mundial-de-catar\/#breadcrumb","itemListElement":[{"@type":"ListItem","position":1,"name":"Portada","item":"https:\/\/www.eldiario.net\/portal\/"},{"@type":"ListItem","position":2,"name":"Alemania, la primera clasificada al Mundial de Catar"}]},{"@type":"WebSite","@id":"https:\/\/www.eldiario.net\/portal\/#website","url":"https:\/\/www.eldiario.net\/portal\/","name":"El Diario - Decano de la prensa nacional","description":"El Diario - Decano de la prensa nacional","publisher":{"@id":"https:\/\/www.eldiario.net\/portal\/#organization"},"potentialAction":[{"@type":"SearchAction","target":{"@type":"EntryPoint","urlTemplate":"https:\/\/www.eldiario.net\/portal\/?s={search_term_string}"},"query-input":{"@type":"PropertyValueSpecification","valueRequired":true,"valueName":"search_term_string"}}],"inLanguage":"es"},{"@type":"Organization","@id":"https:\/\/www.eldiario.net\/portal\/#organization","name":"El Diario - Decano de la prensa nacional","url":"https:\/\/www.eldiario.net\/portal\/","logo":{"@type":"ImageObject","inLanguage":"es","@id":"https:\/\/www.eldiario.net\/portal\/#\/schema\/logo\/image\/","url":"https:\/\/www.eldiario.net\/portal\/wp-content\/uploads\/2023\/07\/logo_ED.jpg","contentUrl":"https:\/\/www.eldiario.net\/portal\/wp-content\/uploads\/2023\/07\/logo_ED.jpg","width":272,"height":52,"caption":"El Diario - Decano de la prensa nacional"},"image":{"@id":"https:\/\/www.eldiario.net\/portal\/#\/schema\/logo\/image\/"},"sameAs":["https:\/\/www.facebook.com\/eldiario.bolivia\/","https:\/\/x.com\/eldiario_net"]},{"@type":"Person","@id":"https:\/\/www.eldiario.net\/portal\/#\/schema\/person\/2c57cf2b7a7ae032e449e4c9b1019eac","name":"Jeanette","image":{"@type":"ImageObject","inLanguage":"es","@id":"https:\/\/secure.gravatar.com\/avatar\/3ea2118a5f7dad2b7138b1187a6b7ee55f160b9968b66013c3a3ef39dd7e5798?s=96&d=mm&r=g","url":"https:\/\/secure.gravatar.com\/avatar\/3ea2118a5f7dad2b7138b1187a6b7ee55f160b9968b66013c3a3ef39dd7e5798?s=96&d=mm&r=g","contentUrl":"https:\/\/secure.gravatar.com\/avatar\/3ea2118a5f7dad2b7138b1187a6b7ee55f160b9968b66013c3a3ef39dd7e5798?s=96&d=mm&r=g","caption":"Jeanette"},"sameAs":["https:\/\/www.eldiario.net\/portal"],"url":"https:\/\/www.eldiario.net\/portal\/author\/jeanette\/"}]}},"_links":{"self":[{"href":"https:\/\/www.eldiario.net\/portal\/wp-json\/wp\/v2\/posts\/35994","targetHints":{"allow":["GET"]}}],"collection":[{"href":"https:\/\/www.eldiario.net\/portal\/wp-json\/wp\/v2\/posts"}],"about":[{"href":"https:\/\/www.eldiario.net\/portal\/wp-json\/wp\/v2\/types\/post"}],"author":[{"embeddable":true,"href":"https:\/\/www.eldiario.net\/portal\/wp-json\/wp\/v2\/users\/1"}],"replies":[{"embeddable":true,"href":"https:\/\/www.eldiario.net\/portal\/wp-json\/wp\/v2\/comments?post=35994"}],"version-history":[{"count":0,"href":"https:\/\/www.eldiario.net\/portal\/wp-json\/wp\/v2\/posts\/35994\/revisions"}],"wp:attachment":[{"href":"https:\/\/www.eldiario.net\/portal\/wp-json\/wp\/v2\/media?parent=35994"}],"wp:term":[{"taxonomy":"category","embeddable":true,"href":"https:\/\/www.eldiario.net\/portal\/wp-json\/wp\/v2\/categories?post=35994"},{"taxonomy":"post_tag","embeddable":true,"href":"https:\/\/www.eldiario.net\/portal\/wp-json\/wp\/v2\/tags?post=35994"}],"curies":[{"name":"wp","href":"https:\/\/api.w.org\/{rel}","templated":true}]}}