{"id":359864,"date":"2026-01-14T08:57:11","date_gmt":"2026-01-14T12:57:11","guid":{"rendered":"https:\/\/www.eldiario.net\/portal\/?p=359864"},"modified":"2026-01-14T08:57:11","modified_gmt":"2026-01-14T12:57:11","slug":"gobierno-declara-emergencia-energetica-y-libera-importacion-de-diesel-857","status":"publish","type":"post","link":"https:\/\/www.eldiario.net\/portal\/2026\/01\/14\/gobierno-declara-emergencia-energetica-y-libera-importacion-de-diesel-857\/","title":{"rendered":"Gobierno declara emergencia energ\u00e9tica y libera importaci\u00f3n de di\u00e9sel (8:57)"},"content":{"rendered":"<p>El Gobierno nacional aprob\u00f3 el Decreto Supremo 5517, mediante el cual declar\u00f3 emergencia energ\u00e9tica y social en todo el pa\u00eds, ante la inflaci\u00f3n, la escasez de d\u00f3lares y el d\u00e9ficit en el abastecimiento de combustibles.<\/p>\n<p>Como medida excepcional y temporal, la norma suspende por un a\u00f1o al di\u00e9sel de la lista de sustancias controladas, con el objetivo de garantizar el suministro continuo para el transporte, la producci\u00f3n, la agroindustria y sectores estrat\u00e9gicos.<\/p>\n<p>El decreto autoriza a personas naturales y jur\u00eddicas privadas a importar, vender y comercializar combustibles a precio de importaci\u00f3n o pre-terminal, siempre que cuenten con capacidad de almacenaje propia o alquilada, y elimina de forma temporal la exigencia de Autorizaci\u00f3n Previa ante la Direcci\u00f3n General de Sustancias Controladas.<\/p>\n<p>Adem\u00e1s, la Agencia Nacional de Hidrocarburos y otras entidades deber\u00e1n adecuar sus procedimientos en un plazo m\u00e1ximo de cinco d\u00edas h\u00e1biles, mientras que el acceso libre y no discriminatorio a la infraestructura de hidrocarburos ser\u00e1 reglamentado en hasta 15 d\u00edas.<\/p>\n<p>De manera complementaria, el Gobierno tambi\u00e9n aprob\u00f3 el Decreto Supremo 5518, que establece arancel cero hasta el 31 de diciembre de 2026 para la importaci\u00f3n de aparatos de la denominada \u201cl\u00ednea negra\u201d, como celulares, computadoras, impresoras y otros dispositivos electr\u00f3nicos, medida que busca aliviar costos en un contexto de dificultades econ\u00f3micas.<\/p>\n","protected":false},"excerpt":{"rendered":"<p>El Gobierno nacional aprob\u00f3 el Decreto Supremo 5517, mediante el cual declar\u00f3 emergencia energ\u00e9tica y social en todo el pa\u00eds, ante la inflaci\u00f3n, la escasez de d\u00f3lares y el d\u00e9ficit en el abastecimiento de combustibles. Como medida excepcional y temporal, la norma suspende por un a\u00f1o al di\u00e9sel de la lista de sustancias controladas, con [&hellip;]<\/p>\n","protected":false},"author":7,"featured_media":359867,"comment_status":"closed","ping_status":"open","sticky":false,"template":"","format":"standard","meta":{"_acf_changed":false,"footnotes":""},"categories":[51],"tags":[],"class_list":["post-359864","post","type-post","status-publish","format-standard","has-post-thumbnail","category-ultima-hora"],"acf":{"antetitulo":""},"yoast_head":"<!-- This site is optimized with the Yoast SEO plugin v28.4 - https:\/\/yoast.com\/product\/yoast-seo-wordpress\/ -->\n<title>Gobierno declara emergencia energ\u00e9tica y libera importaci\u00f3n de di\u00e9sel (8:57) - El Diario - Bolivia<\/title>\n<meta name=\"robots\" content=\"index, follow, max-snippet:-1, max-image-preview:large, max-video-preview:-1\" \/>\n<link rel=\"canonical\" href=\"https:\/\/www.eldiario.net\/portal\/2026\/01\/14\/gobierno-declara-emergencia-energetica-y-libera-importacion-de-diesel-857\/\" \/>\n<meta property=\"og:locale\" content=\"es_ES\" \/>\n<meta property=\"og:type\" content=\"article\" \/>\n<meta property=\"og:title\" content=\"Gobierno declara emergencia energ\u00e9tica y libera importaci\u00f3n de di\u00e9sel (8:57) - El Diario - Bolivia\" \/>\n<meta property=\"og:description\" content=\"El Gobierno nacional aprob\u00f3 el Decreto Supremo 5517, mediante el cual declar\u00f3 emergencia energ\u00e9tica y social en todo el pa\u00eds, ante la inflaci\u00f3n, la escasez de d\u00f3lares y el d\u00e9ficit en el abastecimiento de combustibles. Como medida excepcional y temporal, la norma suspende por un a\u00f1o al di\u00e9sel de la lista de sustancias controladas, con [&hellip;]\" \/>\n<meta property=\"og:url\" content=\"https:\/\/www.eldiario.net\/portal\/2026\/01\/14\/gobierno-declara-emergencia-energetica-y-libera-importacion-de-diesel-857\/\" \/>\n<meta property=\"og:site_name\" content=\"El Diario - Bolivia\" \/>\n<meta property=\"article:publisher\" content=\"https:\/\/www.facebook.com\/eldiario.bolivia\/\" \/>\n<meta property=\"article:published_time\" content=\"2026-01-14T12:57:11+00:00\" \/>\n<meta property=\"og:image\" content=\"https:\/\/www.eldiario.net\/portal\/wp-content\/uploads\/2026\/01\/rodrigo-paz-14.01.26-copia.webp\" \/>\n\t<meta property=\"og:image:width\" content=\"565\" \/>\n\t<meta property=\"og:image:height\" content=\"326\" \/>\n\t<meta property=\"og:image:type\" content=\"image\/webp\" \/>\n<meta name=\"author\" content=\"Viviana Monrroy\" \/>\n<meta name=\"twitter:card\" content=\"summary_large_image\" \/>\n<meta name=\"twitter:creator\" content=\"@eldiario_net\" \/>\n<meta name=\"twitter:site\" content=\"@eldiario_net\" \/>\n<meta name=\"twitter:label1\" content=\"Escrito por\" \/>\n\t<meta name=\"twitter:data1\" content=\"Viviana Monrroy\" \/>\n\t<meta name=\"twitter:label2\" content=\"Tiempo de lectura\" \/>\n\t<meta name=\"twitter:data2\" content=\"2 minutos\" \/>\n<script type=\"application\/ld+json\" class=\"yoast-schema-graph\">{\"@context\":\"https:\\\/\\\/schema.org\",\"@graph\":[{\"@type\":\"Article\",\"@id\":\"https:\\\/\\\/www.eldiario.net\\\/portal\\\/2026\\\/01\\\/14\\\/gobierno-declara-emergencia-energetica-y-libera-importacion-de-diesel-857\\\/#article\",\"isPartOf\":{\"@id\":\"https:\\\/\\\/www.eldiario.net\\\/portal\\\/2026\\\/01\\\/14\\\/gobierno-declara-emergencia-energetica-y-libera-importacion-de-diesel-857\\\/\"},\"author\":{\"name\":\"Viviana Monrroy\",\"@id\":\"https:\\\/\\\/www.eldiario.net\\\/portal\\\/#\\\/schema\\\/person\\\/ba370d92d160f4d3574381f6d9b78fab\"},\"headline\":\"Gobierno declara emergencia energ\u00e9tica y libera importaci\u00f3n de di\u00e9sel (8:57)\",\"datePublished\":\"2026-01-14T12:57:11+00:00\",\"mainEntityOfPage\":{\"@id\":\"https:\\\/\\\/www.eldiario.net\\\/portal\\\/2026\\\/01\\\/14\\\/gobierno-declara-emergencia-energetica-y-libera-importacion-de-diesel-857\\\/\"},\"wordCount\":242,\"publisher\":{\"@id\":\"https:\\\/\\\/www.eldiario.net\\\/portal\\\/#organization\"},\"image\":{\"@id\":\"https:\\\/\\\/www.eldiario.net\\\/portal\\\/2026\\\/01\\\/14\\\/gobierno-declara-emergencia-energetica-y-libera-importacion-de-diesel-857\\\/#primaryimage\"},\"thumbnailUrl\":\"https:\\\/\\\/www.eldiario.net\\\/portal\\\/wp-content\\\/uploads\\\/2026\\\/01\\\/rodrigo-paz-14.01.26-copia.webp\",\"articleSection\":[\"\u00daltima Hora\"],\"inLanguage\":\"es\"},{\"@type\":\"WebPage\",\"@id\":\"https:\\\/\\\/www.eldiario.net\\\/portal\\\/2026\\\/01\\\/14\\\/gobierno-declara-emergencia-energetica-y-libera-importacion-de-diesel-857\\\/\",\"url\":\"https:\\\/\\\/www.eldiario.net\\\/portal\\\/2026\\\/01\\\/14\\\/gobierno-declara-emergencia-energetica-y-libera-importacion-de-diesel-857\\\/\",\"name\":\"Gobierno declara emergencia energ\u00e9tica y libera importaci\u00f3n de di\u00e9sel (8:57) - El Diario - Bolivia\",\"isPartOf\":{\"@id\":\"https:\\\/\\\/www.eldiario.net\\\/portal\\\/#website\"},\"primaryImageOfPage\":{\"@id\":\"https:\\\/\\\/www.eldiario.net\\\/portal\\\/2026\\\/01\\\/14\\\/gobierno-declara-emergencia-energetica-y-libera-importacion-de-diesel-857\\\/#primaryimage\"},\"image\":{\"@id\":\"https:\\\/\\\/www.eldiario.net\\\/portal\\\/2026\\\/01\\\/14\\\/gobierno-declara-emergencia-energetica-y-libera-importacion-de-diesel-857\\\/#primaryimage\"},\"thumbnailUrl\":\"https:\\\/\\\/www.eldiario.net\\\/portal\\\/wp-content\\\/uploads\\\/2026\\\/01\\\/rodrigo-paz-14.01.26-copia.webp\",\"datePublished\":\"2026-01-14T12:57:11+00:00\",\"breadcrumb\":{\"@id\":\"https:\\\/\\\/www.eldiario.net\\\/portal\\\/2026\\\/01\\\/14\\\/gobierno-declara-emergencia-energetica-y-libera-importacion-de-diesel-857\\\/#breadcrumb\"},\"inLanguage\":\"es\",\"potentialAction\":[{\"@type\":\"ReadAction\",\"target\":[\"https:\\\/\\\/www.eldiario.net\\\/portal\\\/2026\\\/01\\\/14\\\/gobierno-declara-emergencia-energetica-y-libera-importacion-de-diesel-857\\\/\"]}]},{\"@type\":\"ImageObject\",\"inLanguage\":\"es\",\"@id\":\"https:\\\/\\\/www.eldiario.net\\\/portal\\\/2026\\\/01\\\/14\\\/gobierno-declara-emergencia-energetica-y-libera-importacion-de-diesel-857\\\/#primaryimage\",\"url\":\"https:\\\/\\\/www.eldiario.net\\\/portal\\\/wp-content\\\/uploads\\\/2026\\\/01\\\/rodrigo-paz-14.01.26-copia.webp\",\"contentUrl\":\"https:\\\/\\\/www.eldiario.net\\\/portal\\\/wp-content\\\/uploads\\\/2026\\\/01\\\/rodrigo-paz-14.01.26-copia.webp\",\"width\":565,\"height\":326},{\"@type\":\"BreadcrumbList\",\"@id\":\"https:\\\/\\\/www.eldiario.net\\\/portal\\\/2026\\\/01\\\/14\\\/gobierno-declara-emergencia-energetica-y-libera-importacion-de-diesel-857\\\/#breadcrumb\",\"itemListElement\":[{\"@type\":\"ListItem\",\"position\":1,\"name\":\"Portada\",\"item\":\"https:\\\/\\\/www.eldiario.net\\\/portal\\\/\"},{\"@type\":\"ListItem\",\"position\":2,\"name\":\"Gobierno declara emergencia energ\u00e9tica y libera importaci\u00f3n de di\u00e9sel (8:57)\"}]},{\"@type\":\"WebSite\",\"@id\":\"https:\\\/\\\/www.eldiario.net\\\/portal\\\/#website\",\"url\":\"https:\\\/\\\/www.eldiario.net\\\/portal\\\/\",\"name\":\"El Diario - Decano de la prensa nacional\",\"description\":\"El Diario - Decano de la prensa nacional\",\"publisher\":{\"@id\":\"https:\\\/\\\/www.eldiario.net\\\/portal\\\/#organization\"},\"potentialAction\":[{\"@type\":\"SearchAction\",\"target\":{\"@type\":\"EntryPoint\",\"urlTemplate\":\"https:\\\/\\\/www.eldiario.net\\\/portal\\\/?s={search_term_string}\"},\"query-input\":{\"@type\":\"PropertyValueSpecification\",\"valueRequired\":true,\"valueName\":\"search_term_string\"}}],\"inLanguage\":\"es\"},{\"@type\":\"Organization\",\"@id\":\"https:\\\/\\\/www.eldiario.net\\\/portal\\\/#organization\",\"name\":\"El Diario - Decano de la prensa nacional\",\"url\":\"https:\\\/\\\/www.eldiario.net\\\/portal\\\/\",\"logo\":{\"@type\":\"ImageObject\",\"inLanguage\":\"es\",\"@id\":\"https:\\\/\\\/www.eldiario.net\\\/portal\\\/#\\\/schema\\\/logo\\\/image\\\/\",\"url\":\"https:\\\/\\\/www.eldiario.net\\\/portal\\\/wp-content\\\/uploads\\\/2023\\\/07\\\/logo_ED.jpg\",\"contentUrl\":\"https:\\\/\\\/www.eldiario.net\\\/portal\\\/wp-content\\\/uploads\\\/2023\\\/07\\\/logo_ED.jpg\",\"width\":272,\"height\":52,\"caption\":\"El Diario - Decano de la prensa nacional\"},\"image\":{\"@id\":\"https:\\\/\\\/www.eldiario.net\\\/portal\\\/#\\\/schema\\\/logo\\\/image\\\/\"},\"sameAs\":[\"https:\\\/\\\/www.facebook.com\\\/eldiario.bolivia\\\/\",\"https:\\\/\\\/x.com\\\/eldiario_net\"]},{\"@type\":\"Person\",\"@id\":\"https:\\\/\\\/www.eldiario.net\\\/portal\\\/#\\\/schema\\\/person\\\/ba370d92d160f4d3574381f6d9b78fab\",\"name\":\"Viviana Monrroy\",\"image\":{\"@type\":\"ImageObject\",\"inLanguage\":\"es\",\"@id\":\"https:\\\/\\\/secure.gravatar.com\\\/avatar\\\/dfd1611ed5600959a0e5a9754503b6c05d1dcf190010998e0363aee2ad98afca?s=96&d=mm&r=g\",\"url\":\"https:\\\/\\\/secure.gravatar.com\\\/avatar\\\/dfd1611ed5600959a0e5a9754503b6c05d1dcf190010998e0363aee2ad98afca?s=96&d=mm&r=g\",\"contentUrl\":\"https:\\\/\\\/secure.gravatar.com\\\/avatar\\\/dfd1611ed5600959a0e5a9754503b6c05d1dcf190010998e0363aee2ad98afca?s=96&d=mm&r=g\",\"caption\":\"Viviana Monrroy\"},\"sameAs\":[\"http:\\\/\\\/www.eldiario.net\"],\"url\":\"https:\\\/\\\/www.eldiario.net\\\/portal\\\/author\\\/vivianamonrroy\\\/\"}]}<\/script>\n<!-- \/ Yoast SEO plugin. -->","yoast_head_json":{"title":"Gobierno declara emergencia energ\u00e9tica y libera importaci\u00f3n de di\u00e9sel (8:57) - El Diario - Bolivia","robots":{"index":"index","follow":"follow","max-snippet":"max-snippet:-1","max-image-preview":"max-image-preview:large","max-video-preview":"max-video-preview:-1"},"canonical":"https:\/\/www.eldiario.net\/portal\/2026\/01\/14\/gobierno-declara-emergencia-energetica-y-libera-importacion-de-diesel-857\/","og_locale":"es_ES","og_type":"article","og_title":"Gobierno declara emergencia energ\u00e9tica y libera importaci\u00f3n de di\u00e9sel (8:57) - El Diario - Bolivia","og_description":"El Gobierno nacional aprob\u00f3 el Decreto Supremo 5517, mediante el cual declar\u00f3 emergencia energ\u00e9tica y social en todo el pa\u00eds, ante la inflaci\u00f3n, la escasez de d\u00f3lares y el d\u00e9ficit en el abastecimiento de combustibles. Como medida excepcional y temporal, la norma suspende por un a\u00f1o al di\u00e9sel de la lista de sustancias controladas, con [&hellip;]","og_url":"https:\/\/www.eldiario.net\/portal\/2026\/01\/14\/gobierno-declara-emergencia-energetica-y-libera-importacion-de-diesel-857\/","og_site_name":"El Diario - Bolivia","article_publisher":"https:\/\/www.facebook.com\/eldiario.bolivia\/","article_published_time":"2026-01-14T12:57:11+00:00","og_image":[{"width":565,"height":326,"url":"https:\/\/www.eldiario.net\/portal\/wp-content\/uploads\/2026\/01\/rodrigo-paz-14.01.26-copia.webp","type":"image\/webp"}],"author":"Viviana Monrroy","twitter_card":"summary_large_image","twitter_creator":"@eldiario_net","twitter_site":"@eldiario_net","twitter_misc":{"Escrito por":"Viviana Monrroy","Tiempo de lectura":"2 minutos"},"schema":{"@context":"https:\/\/schema.org","@graph":[{"@type":"Article","@id":"https:\/\/www.eldiario.net\/portal\/2026\/01\/14\/gobierno-declara-emergencia-energetica-y-libera-importacion-de-diesel-857\/#article","isPartOf":{"@id":"https:\/\/www.eldiario.net\/portal\/2026\/01\/14\/gobierno-declara-emergencia-energetica-y-libera-importacion-de-diesel-857\/"},"author":{"name":"Viviana Monrroy","@id":"https:\/\/www.eldiario.net\/portal\/#\/schema\/person\/ba370d92d160f4d3574381f6d9b78fab"},"headline":"Gobierno declara emergencia energ\u00e9tica y libera importaci\u00f3n de di\u00e9sel (8:57)","datePublished":"2026-01-14T12:57:11+00:00","mainEntityOfPage":{"@id":"https:\/\/www.eldiario.net\/portal\/2026\/01\/14\/gobierno-declara-emergencia-energetica-y-libera-importacion-de-diesel-857\/"},"wordCount":242,"publisher":{"@id":"https:\/\/www.eldiario.net\/portal\/#organization"},"image":{"@id":"https:\/\/www.eldiario.net\/portal\/2026\/01\/14\/gobierno-declara-emergencia-energetica-y-libera-importacion-de-diesel-857\/#primaryimage"},"thumbnailUrl":"https:\/\/www.eldiario.net\/portal\/wp-content\/uploads\/2026\/01\/rodrigo-paz-14.01.26-copia.webp","articleSection":["\u00daltima Hora"],"inLanguage":"es"},{"@type":"WebPage","@id":"https:\/\/www.eldiario.net\/portal\/2026\/01\/14\/gobierno-declara-emergencia-energetica-y-libera-importacion-de-diesel-857\/","url":"https:\/\/www.eldiario.net\/portal\/2026\/01\/14\/gobierno-declara-emergencia-energetica-y-libera-importacion-de-diesel-857\/","name":"Gobierno declara emergencia energ\u00e9tica y libera importaci\u00f3n de di\u00e9sel (8:57) - El Diario - Bolivia","isPartOf":{"@id":"https:\/\/www.eldiario.net\/portal\/#website"},"primaryImageOfPage":{"@id":"https:\/\/www.eldiario.net\/portal\/2026\/01\/14\/gobierno-declara-emergencia-energetica-y-libera-importacion-de-diesel-857\/#primaryimage"},"image":{"@id":"https:\/\/www.eldiario.net\/portal\/2026\/01\/14\/gobierno-declara-emergencia-energetica-y-libera-importacion-de-diesel-857\/#primaryimage"},"thumbnailUrl":"https:\/\/www.eldiario.net\/portal\/wp-content\/uploads\/2026\/01\/rodrigo-paz-14.01.26-copia.webp","datePublished":"2026-01-14T12:57:11+00:00","breadcrumb":{"@id":"https:\/\/www.eldiario.net\/portal\/2026\/01\/14\/gobierno-declara-emergencia-energetica-y-libera-importacion-de-diesel-857\/#breadcrumb"},"inLanguage":"es","potentialAction":[{"@type":"ReadAction","target":["https:\/\/www.eldiario.net\/portal\/2026\/01\/14\/gobierno-declara-emergencia-energetica-y-libera-importacion-de-diesel-857\/"]}]},{"@type":"ImageObject","inLanguage":"es","@id":"https:\/\/www.eldiario.net\/portal\/2026\/01\/14\/gobierno-declara-emergencia-energetica-y-libera-importacion-de-diesel-857\/#primaryimage","url":"https:\/\/www.eldiario.net\/portal\/wp-content\/uploads\/2026\/01\/rodrigo-paz-14.01.26-copia.webp","contentUrl":"https:\/\/www.eldiario.net\/portal\/wp-content\/uploads\/2026\/01\/rodrigo-paz-14.01.26-copia.webp","width":565,"height":326},{"@type":"BreadcrumbList","@id":"https:\/\/www.eldiario.net\/portal\/2026\/01\/14\/gobierno-declara-emergencia-energetica-y-libera-importacion-de-diesel-857\/#breadcrumb","itemListElement":[{"@type":"ListItem","position":1,"name":"Portada","item":"https:\/\/www.eldiario.net\/portal\/"},{"@type":"ListItem","position":2,"name":"Gobierno declara emergencia energ\u00e9tica y libera importaci\u00f3n de di\u00e9sel (8:57)"}]},{"@type":"WebSite","@id":"https:\/\/www.eldiario.net\/portal\/#website","url":"https:\/\/www.eldiario.net\/portal\/","name":"El Diario - Decano de la prensa nacional","description":"El Diario - Decano de la prensa nacional","publisher":{"@id":"https:\/\/www.eldiario.net\/portal\/#organization"},"potentialAction":[{"@type":"SearchAction","target":{"@type":"EntryPoint","urlTemplate":"https:\/\/www.eldiario.net\/portal\/?s={search_term_string}"},"query-input":{"@type":"PropertyValueSpecification","valueRequired":true,"valueName":"search_term_string"}}],"inLanguage":"es"},{"@type":"Organization","@id":"https:\/\/www.eldiario.net\/portal\/#organization","name":"El Diario - Decano de la prensa nacional","url":"https:\/\/www.eldiario.net\/portal\/","logo":{"@type":"ImageObject","inLanguage":"es","@id":"https:\/\/www.eldiario.net\/portal\/#\/schema\/logo\/image\/","url":"https:\/\/www.eldiario.net\/portal\/wp-content\/uploads\/2023\/07\/logo_ED.jpg","contentUrl":"https:\/\/www.eldiario.net\/portal\/wp-content\/uploads\/2023\/07\/logo_ED.jpg","width":272,"height":52,"caption":"El Diario - Decano de la prensa nacional"},"image":{"@id":"https:\/\/www.eldiario.net\/portal\/#\/schema\/logo\/image\/"},"sameAs":["https:\/\/www.facebook.com\/eldiario.bolivia\/","https:\/\/x.com\/eldiario_net"]},{"@type":"Person","@id":"https:\/\/www.eldiario.net\/portal\/#\/schema\/person\/ba370d92d160f4d3574381f6d9b78fab","name":"Viviana Monrroy","image":{"@type":"ImageObject","inLanguage":"es","@id":"https:\/\/secure.gravatar.com\/avatar\/dfd1611ed5600959a0e5a9754503b6c05d1dcf190010998e0363aee2ad98afca?s=96&d=mm&r=g","url":"https:\/\/secure.gravatar.com\/avatar\/dfd1611ed5600959a0e5a9754503b6c05d1dcf190010998e0363aee2ad98afca?s=96&d=mm&r=g","contentUrl":"https:\/\/secure.gravatar.com\/avatar\/dfd1611ed5600959a0e5a9754503b6c05d1dcf190010998e0363aee2ad98afca?s=96&d=mm&r=g","caption":"Viviana Monrroy"},"sameAs":["http:\/\/www.eldiario.net"],"url":"https:\/\/www.eldiario.net\/portal\/author\/vivianamonrroy\/"}]}},"_links":{"self":[{"href":"https:\/\/www.eldiario.net\/portal\/wp-json\/wp\/v2\/posts\/359864","targetHints":{"allow":["GET"]}}],"collection":[{"href":"https:\/\/www.eldiario.net\/portal\/wp-json\/wp\/v2\/posts"}],"about":[{"href":"https:\/\/www.eldiario.net\/portal\/wp-json\/wp\/v2\/types\/post"}],"author":[{"embeddable":true,"href":"https:\/\/www.eldiario.net\/portal\/wp-json\/wp\/v2\/users\/7"}],"replies":[{"embeddable":true,"href":"https:\/\/www.eldiario.net\/portal\/wp-json\/wp\/v2\/comments?post=359864"}],"version-history":[{"count":1,"href":"https:\/\/www.eldiario.net\/portal\/wp-json\/wp\/v2\/posts\/359864\/revisions"}],"predecessor-version":[{"id":359868,"href":"https:\/\/www.eldiario.net\/portal\/wp-json\/wp\/v2\/posts\/359864\/revisions\/359868"}],"wp:featuredmedia":[{"embeddable":true,"href":"https:\/\/www.eldiario.net\/portal\/wp-json\/wp\/v2\/media\/359867"}],"wp:attachment":[{"href":"https:\/\/www.eldiario.net\/portal\/wp-json\/wp\/v2\/media?parent=359864"}],"wp:term":[{"taxonomy":"category","embeddable":true,"href":"https:\/\/www.eldiario.net\/portal\/wp-json\/wp\/v2\/categories?post=359864"},{"taxonomy":"post_tag","embeddable":true,"href":"https:\/\/www.eldiario.net\/portal\/wp-json\/wp\/v2\/tags?post=359864"}],"curies":[{"name":"wp","href":"https:\/\/api.w.org\/{rel}","templated":true}]}}