{"id":359860,"date":"2026-01-14T06:25:37","date_gmt":"2026-01-14T10:25:37","guid":{"rendered":"https:\/\/www.eldiario.net\/portal\/?p=359860"},"modified":"2026-01-14T06:30:02","modified_gmt":"2026-01-14T10:30:02","slug":"dellien-debuta-con-victoria-en-el-challenger-de-buenos-aires","status":"publish","type":"post","link":"https:\/\/www.eldiario.net\/portal\/2026\/01\/14\/dellien-debuta-con-victoria-en-el-challenger-de-buenos-aires\/","title":{"rendered":"Dellien debuta con victoria en  el Challenger de Buenos Aires"},"content":{"rendered":"<p>La gira profesional del tenis sudamericano arranc\u00f3 esta semana en Argentina con el Challenger de Buenos Aires, donde el boliviano Murkel Dellien empez\u00f3 con pie derecho el cuadro principal al derrotar este martes en primera ronda al uruguayo Joaqu\u00edn Aguilar (6-3, 2-6 y 6-4).<br \/>\nDespu\u00e9s del trabajo de pretemporada que realiz\u00f3 en la capital argentina, Dellien inici\u00f3 el a\u00f1o con este certamen que se disputa en las canchas del Tenis Club Argentino.<br \/>\nGracias a su ranking es el cuarto sembrado de la competici\u00f3n, es decir que es uno de los favoritos para ganar el t\u00edtulo del torneo que tuvo su primera edici\u00f3n en 2022.<br \/>\nDellien no tuvo un buen inicio al perder su servicio en el primer game; sin embargo, le quebr\u00f3 dos veces el saque a Aguilar en el cuarto y octavo juego para dar vuelta el marcador y vencer.<br \/>\nEn el segundo set el charr\u00faa se mostr\u00f3 superior y logr\u00f3 tres quiebres para ganar e igualar el partido 1-1.<br \/>\nTodo pas\u00f3 a definirse en la tercera y \u00faltima cancha, en la que Dellien le rompi\u00f3 una vez el saque y con ello se impuso en el encuentro luego de dos horas y 25 minutos de juego.<br \/>\nGracias a su triunfo avanz\u00f3 a los octavos de final, instancia en la que enfrentar\u00e1 al argentino M\u00e1ximo Zeitune, que previamente dej\u00f3 en el camino a su compatriota Alexis Gurmendi, quien se retir\u00f3 cuando perd\u00eda en el tercer set (3-6, 6-2 y 3-2).<br \/>\nSu partido est\u00e1 programado para las 12.00 HB de este mi\u00e9rcoles en la cancha central.<br \/>\nDobles<br \/>\nBolivia tambi\u00e9n tendr\u00e1 representaci\u00f3n en el torneo por parejas con Federico Zeballos y Boris Arias, quienes jugar\u00e1n con distintas duplas.<br \/>\nZeballos tiene como compa\u00f1ero a Juan Carlos Aguilar, boliviano que representa a Canad\u00e1 desde hace unos a\u00f1os, y Arias hace dupla con el argentino Guido Justo.<br \/>\nLa suerte defini\u00f3 que los dos tenistas nacionales se crucen en la primera ronda del cuadro principal.<br \/>\nEso quiere decir que se enfrentar\u00e1n este mi\u00e9rcoles desde las 14.20 de Bolivia en la cancha 3. (FBT)<\/p>\n","protected":false},"excerpt":{"rendered":"<p>La gira profesional del tenis sudamericano arranc\u00f3 esta semana en Argentina con el Challenger de Buenos Aires, donde el boliviano Murkel Dellien empez\u00f3 con pie derecho el cuadro principal al derrotar este martes en primera ronda al uruguayo Joaqu\u00edn Aguilar (6-3, 2-6 y 6-4). Despu\u00e9s del trabajo de pretemporada que realiz\u00f3 en la capital argentina, [&hellip;]<\/p>\n","protected":false},"author":1,"featured_media":359861,"comment_status":"closed","ping_status":"open","sticky":false,"template":"","format":"standard","meta":{"_acf_changed":false,"footnotes":""},"categories":[6],"tags":[],"class_list":["post-359860","post","type-post","status-publish","format-standard","has-post-thumbnail","category-deportes"],"acf":{"antetitulo":""},"yoast_head":"<!-- This site is optimized with the Yoast SEO plugin v28.4 - https:\/\/yoast.com\/product\/yoast-seo-wordpress\/ -->\n<title>Dellien debuta con victoria en el Challenger de Buenos Aires - El Diario - Bolivia<\/title>\n<meta name=\"robots\" content=\"index, follow, max-snippet:-1, max-image-preview:large, max-video-preview:-1\" \/>\n<link rel=\"canonical\" href=\"https:\/\/www.eldiario.net\/portal\/2026\/01\/14\/dellien-debuta-con-victoria-en-el-challenger-de-buenos-aires\/\" \/>\n<meta property=\"og:locale\" content=\"es_ES\" \/>\n<meta property=\"og:type\" content=\"article\" \/>\n<meta property=\"og:title\" content=\"Dellien debuta con victoria en el Challenger de Buenos Aires - El Diario - Bolivia\" \/>\n<meta property=\"og:description\" content=\"La gira profesional del tenis sudamericano arranc\u00f3 esta semana en Argentina con el Challenger de Buenos Aires, donde el boliviano Murkel Dellien empez\u00f3 con pie derecho el cuadro principal al derrotar este martes en primera ronda al uruguayo Joaqu\u00edn Aguilar (6-3, 2-6 y 6-4). Despu\u00e9s del trabajo de pretemporada que realiz\u00f3 en la capital argentina, [&hellip;]\" \/>\n<meta property=\"og:url\" content=\"https:\/\/www.eldiario.net\/portal\/2026\/01\/14\/dellien-debuta-con-victoria-en-el-challenger-de-buenos-aires\/\" \/>\n<meta property=\"og:site_name\" content=\"El Diario - Bolivia\" \/>\n<meta property=\"article:publisher\" content=\"https:\/\/www.facebook.com\/eldiario.bolivia\/\" \/>\n<meta property=\"article:published_time\" content=\"2026-01-14T10:25:37+00:00\" \/>\n<meta property=\"article:modified_time\" content=\"2026-01-14T10:30:02+00:00\" \/>\n<meta property=\"og:image\" content=\"https:\/\/www.eldiario.net\/portal\/wp-content\/uploads\/2026\/01\/TENIS.webp\" \/>\n\t<meta property=\"og:image:width\" content=\"576\" \/>\n\t<meta property=\"og:image:height\" content=\"378\" \/>\n\t<meta property=\"og:image:type\" content=\"image\/webp\" \/>\n<meta name=\"author\" content=\"Jeanette\" \/>\n<meta name=\"twitter:card\" content=\"summary_large_image\" \/>\n<meta name=\"twitter:creator\" content=\"@eldiario_net\" \/>\n<meta name=\"twitter:site\" content=\"@eldiario_net\" \/>\n<meta name=\"twitter:label1\" content=\"Escrito por\" \/>\n\t<meta name=\"twitter:data1\" content=\"Jeanette\" \/>\n\t<meta name=\"twitter:label2\" content=\"Tiempo de lectura\" \/>\n\t<meta name=\"twitter:data2\" content=\"2 minutos\" \/>\n<script type=\"application\/ld+json\" class=\"yoast-schema-graph\">{\"@context\":\"https:\\\/\\\/schema.org\",\"@graph\":[{\"@type\":\"Article\",\"@id\":\"https:\\\/\\\/www.eldiario.net\\\/portal\\\/2026\\\/01\\\/14\\\/dellien-debuta-con-victoria-en-el-challenger-de-buenos-aires\\\/#article\",\"isPartOf\":{\"@id\":\"https:\\\/\\\/www.eldiario.net\\\/portal\\\/2026\\\/01\\\/14\\\/dellien-debuta-con-victoria-en-el-challenger-de-buenos-aires\\\/\"},\"author\":{\"name\":\"Jeanette\",\"@id\":\"https:\\\/\\\/www.eldiario.net\\\/portal\\\/#\\\/schema\\\/person\\\/f46445640444750d7d753ccd04ae01b7\"},\"headline\":\"Dellien debuta con victoria en el Challenger de Buenos Aires\",\"datePublished\":\"2026-01-14T10:25:37+00:00\",\"dateModified\":\"2026-01-14T10:30:02+00:00\",\"mainEntityOfPage\":{\"@id\":\"https:\\\/\\\/www.eldiario.net\\\/portal\\\/2026\\\/01\\\/14\\\/dellien-debuta-con-victoria-en-el-challenger-de-buenos-aires\\\/\"},\"wordCount\":360,\"publisher\":{\"@id\":\"https:\\\/\\\/www.eldiario.net\\\/portal\\\/#organization\"},\"image\":{\"@id\":\"https:\\\/\\\/www.eldiario.net\\\/portal\\\/2026\\\/01\\\/14\\\/dellien-debuta-con-victoria-en-el-challenger-de-buenos-aires\\\/#primaryimage\"},\"thumbnailUrl\":\"https:\\\/\\\/www.eldiario.net\\\/portal\\\/wp-content\\\/uploads\\\/2026\\\/01\\\/TENIS.webp\",\"articleSection\":[\"Deportes\"],\"inLanguage\":\"es\"},{\"@type\":\"WebPage\",\"@id\":\"https:\\\/\\\/www.eldiario.net\\\/portal\\\/2026\\\/01\\\/14\\\/dellien-debuta-con-victoria-en-el-challenger-de-buenos-aires\\\/\",\"url\":\"https:\\\/\\\/www.eldiario.net\\\/portal\\\/2026\\\/01\\\/14\\\/dellien-debuta-con-victoria-en-el-challenger-de-buenos-aires\\\/\",\"name\":\"Dellien debuta con victoria en el Challenger de Buenos Aires - El Diario - Bolivia\",\"isPartOf\":{\"@id\":\"https:\\\/\\\/www.eldiario.net\\\/portal\\\/#website\"},\"primaryImageOfPage\":{\"@id\":\"https:\\\/\\\/www.eldiario.net\\\/portal\\\/2026\\\/01\\\/14\\\/dellien-debuta-con-victoria-en-el-challenger-de-buenos-aires\\\/#primaryimage\"},\"image\":{\"@id\":\"https:\\\/\\\/www.eldiario.net\\\/portal\\\/2026\\\/01\\\/14\\\/dellien-debuta-con-victoria-en-el-challenger-de-buenos-aires\\\/#primaryimage\"},\"thumbnailUrl\":\"https:\\\/\\\/www.eldiario.net\\\/portal\\\/wp-content\\\/uploads\\\/2026\\\/01\\\/TENIS.webp\",\"datePublished\":\"2026-01-14T10:25:37+00:00\",\"dateModified\":\"2026-01-14T10:30:02+00:00\",\"breadcrumb\":{\"@id\":\"https:\\\/\\\/www.eldiario.net\\\/portal\\\/2026\\\/01\\\/14\\\/dellien-debuta-con-victoria-en-el-challenger-de-buenos-aires\\\/#breadcrumb\"},\"inLanguage\":\"es\",\"potentialAction\":[{\"@type\":\"ReadAction\",\"target\":[\"https:\\\/\\\/www.eldiario.net\\\/portal\\\/2026\\\/01\\\/14\\\/dellien-debuta-con-victoria-en-el-challenger-de-buenos-aires\\\/\"]}]},{\"@type\":\"ImageObject\",\"inLanguage\":\"es\",\"@id\":\"https:\\\/\\\/www.eldiario.net\\\/portal\\\/2026\\\/01\\\/14\\\/dellien-debuta-con-victoria-en-el-challenger-de-buenos-aires\\\/#primaryimage\",\"url\":\"https:\\\/\\\/www.eldiario.net\\\/portal\\\/wp-content\\\/uploads\\\/2026\\\/01\\\/TENIS.webp\",\"contentUrl\":\"https:\\\/\\\/www.eldiario.net\\\/portal\\\/wp-content\\\/uploads\\\/2026\\\/01\\\/TENIS.webp\",\"width\":576,\"height\":378},{\"@type\":\"BreadcrumbList\",\"@id\":\"https:\\\/\\\/www.eldiario.net\\\/portal\\\/2026\\\/01\\\/14\\\/dellien-debuta-con-victoria-en-el-challenger-de-buenos-aires\\\/#breadcrumb\",\"itemListElement\":[{\"@type\":\"ListItem\",\"position\":1,\"name\":\"Portada\",\"item\":\"https:\\\/\\\/www.eldiario.net\\\/portal\\\/\"},{\"@type\":\"ListItem\",\"position\":2,\"name\":\"Dellien debuta con victoria en el Challenger de Buenos Aires\"}]},{\"@type\":\"WebSite\",\"@id\":\"https:\\\/\\\/www.eldiario.net\\\/portal\\\/#website\",\"url\":\"https:\\\/\\\/www.eldiario.net\\\/portal\\\/\",\"name\":\"El Diario - Decano de la prensa nacional\",\"description\":\"El Diario - Decano de la prensa nacional\",\"publisher\":{\"@id\":\"https:\\\/\\\/www.eldiario.net\\\/portal\\\/#organization\"},\"potentialAction\":[{\"@type\":\"SearchAction\",\"target\":{\"@type\":\"EntryPoint\",\"urlTemplate\":\"https:\\\/\\\/www.eldiario.net\\\/portal\\\/?s={search_term_string}\"},\"query-input\":{\"@type\":\"PropertyValueSpecification\",\"valueRequired\":true,\"valueName\":\"search_term_string\"}}],\"inLanguage\":\"es\"},{\"@type\":\"Organization\",\"@id\":\"https:\\\/\\\/www.eldiario.net\\\/portal\\\/#organization\",\"name\":\"El Diario - Decano de la prensa nacional\",\"url\":\"https:\\\/\\\/www.eldiario.net\\\/portal\\\/\",\"logo\":{\"@type\":\"ImageObject\",\"inLanguage\":\"es\",\"@id\":\"https:\\\/\\\/www.eldiario.net\\\/portal\\\/#\\\/schema\\\/logo\\\/image\\\/\",\"url\":\"https:\\\/\\\/www.eldiario.net\\\/portal\\\/wp-content\\\/uploads\\\/2023\\\/07\\\/logo_ED.jpg\",\"contentUrl\":\"https:\\\/\\\/www.eldiario.net\\\/portal\\\/wp-content\\\/uploads\\\/2023\\\/07\\\/logo_ED.jpg\",\"width\":272,\"height\":52,\"caption\":\"El Diario - Decano de la prensa nacional\"},\"image\":{\"@id\":\"https:\\\/\\\/www.eldiario.net\\\/portal\\\/#\\\/schema\\\/logo\\\/image\\\/\"},\"sameAs\":[\"https:\\\/\\\/www.facebook.com\\\/eldiario.bolivia\\\/\",\"https:\\\/\\\/x.com\\\/eldiario_net\"]},{\"@type\":\"Person\",\"@id\":\"https:\\\/\\\/www.eldiario.net\\\/portal\\\/#\\\/schema\\\/person\\\/f46445640444750d7d753ccd04ae01b7\",\"name\":\"Jeanette\",\"image\":{\"@type\":\"ImageObject\",\"inLanguage\":\"es\",\"@id\":\"https:\\\/\\\/secure.gravatar.com\\\/avatar\\\/3ea2118a5f7dad2b7138b1187a6b7ee55f160b9968b66013c3a3ef39dd7e5798?s=96&d=mm&r=g\",\"url\":\"https:\\\/\\\/secure.gravatar.com\\\/avatar\\\/3ea2118a5f7dad2b7138b1187a6b7ee55f160b9968b66013c3a3ef39dd7e5798?s=96&d=mm&r=g\",\"contentUrl\":\"https:\\\/\\\/secure.gravatar.com\\\/avatar\\\/3ea2118a5f7dad2b7138b1187a6b7ee55f160b9968b66013c3a3ef39dd7e5798?s=96&d=mm&r=g\",\"caption\":\"Jeanette\"},\"sameAs\":[\"https:\\\/\\\/www.eldiario.net\\\/portal\"],\"url\":\"https:\\\/\\\/www.eldiario.net\\\/portal\\\/author\\\/jeanette\\\/\"}]}<\/script>\n<!-- \/ Yoast SEO plugin. -->","yoast_head_json":{"title":"Dellien debuta con victoria en el Challenger de Buenos Aires - El Diario - Bolivia","robots":{"index":"index","follow":"follow","max-snippet":"max-snippet:-1","max-image-preview":"max-image-preview:large","max-video-preview":"max-video-preview:-1"},"canonical":"https:\/\/www.eldiario.net\/portal\/2026\/01\/14\/dellien-debuta-con-victoria-en-el-challenger-de-buenos-aires\/","og_locale":"es_ES","og_type":"article","og_title":"Dellien debuta con victoria en el Challenger de Buenos Aires - El Diario - Bolivia","og_description":"La gira profesional del tenis sudamericano arranc\u00f3 esta semana en Argentina con el Challenger de Buenos Aires, donde el boliviano Murkel Dellien empez\u00f3 con pie derecho el cuadro principal al derrotar este martes en primera ronda al uruguayo Joaqu\u00edn Aguilar (6-3, 2-6 y 6-4). Despu\u00e9s del trabajo de pretemporada que realiz\u00f3 en la capital argentina, [&hellip;]","og_url":"https:\/\/www.eldiario.net\/portal\/2026\/01\/14\/dellien-debuta-con-victoria-en-el-challenger-de-buenos-aires\/","og_site_name":"El Diario - Bolivia","article_publisher":"https:\/\/www.facebook.com\/eldiario.bolivia\/","article_published_time":"2026-01-14T10:25:37+00:00","article_modified_time":"2026-01-14T10:30:02+00:00","og_image":[{"width":576,"height":378,"url":"https:\/\/www.eldiario.net\/portal\/wp-content\/uploads\/2026\/01\/TENIS.webp","type":"image\/webp"}],"author":"Jeanette","twitter_card":"summary_large_image","twitter_creator":"@eldiario_net","twitter_site":"@eldiario_net","twitter_misc":{"Escrito por":"Jeanette","Tiempo de lectura":"2 minutos"},"schema":{"@context":"https:\/\/schema.org","@graph":[{"@type":"Article","@id":"https:\/\/www.eldiario.net\/portal\/2026\/01\/14\/dellien-debuta-con-victoria-en-el-challenger-de-buenos-aires\/#article","isPartOf":{"@id":"https:\/\/www.eldiario.net\/portal\/2026\/01\/14\/dellien-debuta-con-victoria-en-el-challenger-de-buenos-aires\/"},"author":{"name":"Jeanette","@id":"https:\/\/www.eldiario.net\/portal\/#\/schema\/person\/f46445640444750d7d753ccd04ae01b7"},"headline":"Dellien debuta con victoria en el Challenger de Buenos Aires","datePublished":"2026-01-14T10:25:37+00:00","dateModified":"2026-01-14T10:30:02+00:00","mainEntityOfPage":{"@id":"https:\/\/www.eldiario.net\/portal\/2026\/01\/14\/dellien-debuta-con-victoria-en-el-challenger-de-buenos-aires\/"},"wordCount":360,"publisher":{"@id":"https:\/\/www.eldiario.net\/portal\/#organization"},"image":{"@id":"https:\/\/www.eldiario.net\/portal\/2026\/01\/14\/dellien-debuta-con-victoria-en-el-challenger-de-buenos-aires\/#primaryimage"},"thumbnailUrl":"https:\/\/www.eldiario.net\/portal\/wp-content\/uploads\/2026\/01\/TENIS.webp","articleSection":["Deportes"],"inLanguage":"es"},{"@type":"WebPage","@id":"https:\/\/www.eldiario.net\/portal\/2026\/01\/14\/dellien-debuta-con-victoria-en-el-challenger-de-buenos-aires\/","url":"https:\/\/www.eldiario.net\/portal\/2026\/01\/14\/dellien-debuta-con-victoria-en-el-challenger-de-buenos-aires\/","name":"Dellien debuta con victoria en el Challenger de Buenos Aires - El Diario - Bolivia","isPartOf":{"@id":"https:\/\/www.eldiario.net\/portal\/#website"},"primaryImageOfPage":{"@id":"https:\/\/www.eldiario.net\/portal\/2026\/01\/14\/dellien-debuta-con-victoria-en-el-challenger-de-buenos-aires\/#primaryimage"},"image":{"@id":"https:\/\/www.eldiario.net\/portal\/2026\/01\/14\/dellien-debuta-con-victoria-en-el-challenger-de-buenos-aires\/#primaryimage"},"thumbnailUrl":"https:\/\/www.eldiario.net\/portal\/wp-content\/uploads\/2026\/01\/TENIS.webp","datePublished":"2026-01-14T10:25:37+00:00","dateModified":"2026-01-14T10:30:02+00:00","breadcrumb":{"@id":"https:\/\/www.eldiario.net\/portal\/2026\/01\/14\/dellien-debuta-con-victoria-en-el-challenger-de-buenos-aires\/#breadcrumb"},"inLanguage":"es","potentialAction":[{"@type":"ReadAction","target":["https:\/\/www.eldiario.net\/portal\/2026\/01\/14\/dellien-debuta-con-victoria-en-el-challenger-de-buenos-aires\/"]}]},{"@type":"ImageObject","inLanguage":"es","@id":"https:\/\/www.eldiario.net\/portal\/2026\/01\/14\/dellien-debuta-con-victoria-en-el-challenger-de-buenos-aires\/#primaryimage","url":"https:\/\/www.eldiario.net\/portal\/wp-content\/uploads\/2026\/01\/TENIS.webp","contentUrl":"https:\/\/www.eldiario.net\/portal\/wp-content\/uploads\/2026\/01\/TENIS.webp","width":576,"height":378},{"@type":"BreadcrumbList","@id":"https:\/\/www.eldiario.net\/portal\/2026\/01\/14\/dellien-debuta-con-victoria-en-el-challenger-de-buenos-aires\/#breadcrumb","itemListElement":[{"@type":"ListItem","position":1,"name":"Portada","item":"https:\/\/www.eldiario.net\/portal\/"},{"@type":"ListItem","position":2,"name":"Dellien debuta con victoria en el Challenger de Buenos Aires"}]},{"@type":"WebSite","@id":"https:\/\/www.eldiario.net\/portal\/#website","url":"https:\/\/www.eldiario.net\/portal\/","name":"El Diario - Decano de la prensa nacional","description":"El Diario - Decano de la prensa nacional","publisher":{"@id":"https:\/\/www.eldiario.net\/portal\/#organization"},"potentialAction":[{"@type":"SearchAction","target":{"@type":"EntryPoint","urlTemplate":"https:\/\/www.eldiario.net\/portal\/?s={search_term_string}"},"query-input":{"@type":"PropertyValueSpecification","valueRequired":true,"valueName":"search_term_string"}}],"inLanguage":"es"},{"@type":"Organization","@id":"https:\/\/www.eldiario.net\/portal\/#organization","name":"El Diario - Decano de la prensa nacional","url":"https:\/\/www.eldiario.net\/portal\/","logo":{"@type":"ImageObject","inLanguage":"es","@id":"https:\/\/www.eldiario.net\/portal\/#\/schema\/logo\/image\/","url":"https:\/\/www.eldiario.net\/portal\/wp-content\/uploads\/2023\/07\/logo_ED.jpg","contentUrl":"https:\/\/www.eldiario.net\/portal\/wp-content\/uploads\/2023\/07\/logo_ED.jpg","width":272,"height":52,"caption":"El Diario - Decano de la prensa nacional"},"image":{"@id":"https:\/\/www.eldiario.net\/portal\/#\/schema\/logo\/image\/"},"sameAs":["https:\/\/www.facebook.com\/eldiario.bolivia\/","https:\/\/x.com\/eldiario_net"]},{"@type":"Person","@id":"https:\/\/www.eldiario.net\/portal\/#\/schema\/person\/f46445640444750d7d753ccd04ae01b7","name":"Jeanette","image":{"@type":"ImageObject","inLanguage":"es","@id":"https:\/\/secure.gravatar.com\/avatar\/3ea2118a5f7dad2b7138b1187a6b7ee55f160b9968b66013c3a3ef39dd7e5798?s=96&d=mm&r=g","url":"https:\/\/secure.gravatar.com\/avatar\/3ea2118a5f7dad2b7138b1187a6b7ee55f160b9968b66013c3a3ef39dd7e5798?s=96&d=mm&r=g","contentUrl":"https:\/\/secure.gravatar.com\/avatar\/3ea2118a5f7dad2b7138b1187a6b7ee55f160b9968b66013c3a3ef39dd7e5798?s=96&d=mm&r=g","caption":"Jeanette"},"sameAs":["https:\/\/www.eldiario.net\/portal"],"url":"https:\/\/www.eldiario.net\/portal\/author\/jeanette\/"}]}},"_links":{"self":[{"href":"https:\/\/www.eldiario.net\/portal\/wp-json\/wp\/v2\/posts\/359860","targetHints":{"allow":["GET"]}}],"collection":[{"href":"https:\/\/www.eldiario.net\/portal\/wp-json\/wp\/v2\/posts"}],"about":[{"href":"https:\/\/www.eldiario.net\/portal\/wp-json\/wp\/v2\/types\/post"}],"author":[{"embeddable":true,"href":"https:\/\/www.eldiario.net\/portal\/wp-json\/wp\/v2\/users\/1"}],"replies":[{"embeddable":true,"href":"https:\/\/www.eldiario.net\/portal\/wp-json\/wp\/v2\/comments?post=359860"}],"version-history":[{"count":1,"href":"https:\/\/www.eldiario.net\/portal\/wp-json\/wp\/v2\/posts\/359860\/revisions"}],"predecessor-version":[{"id":359862,"href":"https:\/\/www.eldiario.net\/portal\/wp-json\/wp\/v2\/posts\/359860\/revisions\/359862"}],"wp:featuredmedia":[{"embeddable":true,"href":"https:\/\/www.eldiario.net\/portal\/wp-json\/wp\/v2\/media\/359861"}],"wp:attachment":[{"href":"https:\/\/www.eldiario.net\/portal\/wp-json\/wp\/v2\/media?parent=359860"}],"wp:term":[{"taxonomy":"category","embeddable":true,"href":"https:\/\/www.eldiario.net\/portal\/wp-json\/wp\/v2\/categories?post=359860"},{"taxonomy":"post_tag","embeddable":true,"href":"https:\/\/www.eldiario.net\/portal\/wp-json\/wp\/v2\/tags?post=359860"}],"curies":[{"name":"wp","href":"https:\/\/api.w.org\/{rel}","templated":true}]}}