{"id":359831,"date":"2026-01-14T06:22:21","date_gmt":"2026-01-14T10:22:21","guid":{"rendered":"https:\/\/www.eldiario.net\/portal\/?p=359831"},"modified":"2026-01-14T06:22:21","modified_gmt":"2026-01-14T10:22:21","slug":"santa-cruz-enfrenta-doble-paro-en-el-sector-salud","status":"publish","type":"post","link":"https:\/\/www.eldiario.net\/portal\/2026\/01\/14\/santa-cruz-enfrenta-doble-paro-en-el-sector-salud\/","title":{"rendered":"Santa Cruz enfrenta doble  paro en el sector salud"},"content":{"rendered":"<p>La crisis en el sistema p\u00fablico de salud de Santa Cruz se agudiza con dos paros simult\u00e1neos que, desde ayer, afectan la atenci\u00f3n en hospitales y centros de salud del departamento. Los trabajadores y profesionales del sector iniciaron medidas de presi\u00f3n ante el incumplimiento de pagos salariales, retrasos en subsidios y falta de cobertura m\u00e9dica en la Caja Nacional de Salud (CNS).<br \/>\nLa Federaci\u00f3n Sindical de Trabajadores en Salud de Santa Cruz activ\u00f3 un paro departamental de 96 horas, que se extender\u00e1 hasta el viernes 16, en los tres niveles de atenci\u00f3n. Los trabajadores exigen el pago de los sueldos de noviembre y diciembre de 2025, adem\u00e1s de la continuidad de contratos, pago de subsidios desde enero de ese a\u00f1o y reposici\u00f3n de \u00edtems por jubilaci\u00f3n o fallecimiento.<br \/>\nEn paralelo, la Federaci\u00f3n de Sindicatos de Ramas M\u00e9dicas de Salud P\u00fablica (Fesirmes) cumpli\u00f3 un paro de 24 horas en hospitales de primer y segundo nivel, tambi\u00e9n por deudas salariales y deficiencias laborales. Su secretario de conflictos, Evert Pati\u00f1o, inform\u00f3 que la Alcald\u00eda adeuda hasta cuatro meses de haberes a 466 profesionales con \u00edtems, de los cuales solo se cancelaron dos, mientras que m\u00e1s de 6.000 trabajadores contin\u00faan sin cobrar dos meses de sueldo.<\/p>\n<p>ALCALDE<br \/>\nEl alcalde de la ciudad de Santa Cruz de la Sierra, Jhonny Fern\u00e1ndez, afirm\u00f3 que este a\u00f1o no contratar\u00e1 \u201cnada\u201d en el sector salud, porque no hay presupuesto.<br \/>\n\u201cYo por lo menos no voy a contratar m\u00e1s personal en salud, no pienso contratar, este a\u00f1o no vamos a contratar nada en salud, porque no hay presupuesto. No alcanza el dinero\u201d, dijo Fern\u00e1ndez. (Santa Cruz, agencias)<\/p>\n","protected":false},"excerpt":{"rendered":"<p>La crisis en el sistema p\u00fablico de salud de Santa Cruz se agudiza con dos paros simult\u00e1neos que, desde ayer, afectan la atenci\u00f3n en hospitales y centros de salud del departamento. Los trabajadores y profesionales del sector iniciaron medidas de presi\u00f3n ante el incumplimiento de pagos salariales, retrasos en subsidios y falta de cobertura m\u00e9dica [&hellip;]<\/p>\n","protected":false},"author":1,"featured_media":359832,"comment_status":"closed","ping_status":"open","sticky":false,"template":"","format":"standard","meta":{"_acf_changed":false,"footnotes":""},"categories":[12],"tags":[],"class_list":["post-359831","post","type-post","status-publish","format-standard","has-post-thumbnail","category-nacional"],"acf":{"antetitulo":""},"yoast_head":"<!-- This site is optimized with the Yoast SEO plugin v28.4 - https:\/\/yoast.com\/product\/yoast-seo-wordpress\/ -->\n<title>Santa Cruz enfrenta doble paro en el sector salud - El Diario - Bolivia<\/title>\n<meta name=\"robots\" content=\"index, follow, max-snippet:-1, max-image-preview:large, max-video-preview:-1\" \/>\n<link rel=\"canonical\" href=\"https:\/\/www.eldiario.net\/portal\/2026\/01\/14\/santa-cruz-enfrenta-doble-paro-en-el-sector-salud\/\" \/>\n<meta property=\"og:locale\" content=\"es_ES\" \/>\n<meta property=\"og:type\" content=\"article\" \/>\n<meta property=\"og:title\" content=\"Santa Cruz enfrenta doble paro en el sector salud - El Diario - Bolivia\" \/>\n<meta property=\"og:description\" content=\"La crisis en el sistema p\u00fablico de salud de Santa Cruz se agudiza con dos paros simult\u00e1neos que, desde ayer, afectan la atenci\u00f3n en hospitales y centros de salud del departamento. Los trabajadores y profesionales del sector iniciaron medidas de presi\u00f3n ante el incumplimiento de pagos salariales, retrasos en subsidios y falta de cobertura m\u00e9dica [&hellip;]\" \/>\n<meta property=\"og:url\" content=\"https:\/\/www.eldiario.net\/portal\/2026\/01\/14\/santa-cruz-enfrenta-doble-paro-en-el-sector-salud\/\" \/>\n<meta property=\"og:site_name\" content=\"El Diario - Bolivia\" \/>\n<meta property=\"article:publisher\" content=\"https:\/\/www.facebook.com\/eldiario.bolivia\/\" \/>\n<meta property=\"article:published_time\" content=\"2026-01-14T10:22:21+00:00\" \/>\n<meta property=\"og:image\" content=\"https:\/\/www.eldiario.net\/portal\/wp-content\/uploads\/2026\/01\/10-NAL.webp\" \/>\n\t<meta property=\"og:image:width\" content=\"875\" \/>\n\t<meta property=\"og:image:height\" content=\"436\" \/>\n\t<meta property=\"og:image:type\" content=\"image\/webp\" \/>\n<meta name=\"author\" content=\"Jeanette\" \/>\n<meta name=\"twitter:card\" content=\"summary_large_image\" \/>\n<meta name=\"twitter:creator\" content=\"@eldiario_net\" \/>\n<meta name=\"twitter:site\" content=\"@eldiario_net\" \/>\n<meta name=\"twitter:label1\" content=\"Escrito por\" \/>\n\t<meta name=\"twitter:data1\" content=\"Jeanette\" \/>\n\t<meta name=\"twitter:label2\" content=\"Tiempo de lectura\" \/>\n\t<meta name=\"twitter:data2\" content=\"2 minutos\" \/>\n<script type=\"application\/ld+json\" class=\"yoast-schema-graph\">{\"@context\":\"https:\\\/\\\/schema.org\",\"@graph\":[{\"@type\":\"Article\",\"@id\":\"https:\\\/\\\/www.eldiario.net\\\/portal\\\/2026\\\/01\\\/14\\\/santa-cruz-enfrenta-doble-paro-en-el-sector-salud\\\/#article\",\"isPartOf\":{\"@id\":\"https:\\\/\\\/www.eldiario.net\\\/portal\\\/2026\\\/01\\\/14\\\/santa-cruz-enfrenta-doble-paro-en-el-sector-salud\\\/\"},\"author\":{\"name\":\"Jeanette\",\"@id\":\"https:\\\/\\\/www.eldiario.net\\\/portal\\\/#\\\/schema\\\/person\\\/f46445640444750d7d753ccd04ae01b7\"},\"headline\":\"Santa Cruz enfrenta doble paro en el sector salud\",\"datePublished\":\"2026-01-14T10:22:21+00:00\",\"mainEntityOfPage\":{\"@id\":\"https:\\\/\\\/www.eldiario.net\\\/portal\\\/2026\\\/01\\\/14\\\/santa-cruz-enfrenta-doble-paro-en-el-sector-salud\\\/\"},\"wordCount\":295,\"publisher\":{\"@id\":\"https:\\\/\\\/www.eldiario.net\\\/portal\\\/#organization\"},\"image\":{\"@id\":\"https:\\\/\\\/www.eldiario.net\\\/portal\\\/2026\\\/01\\\/14\\\/santa-cruz-enfrenta-doble-paro-en-el-sector-salud\\\/#primaryimage\"},\"thumbnailUrl\":\"https:\\\/\\\/www.eldiario.net\\\/portal\\\/wp-content\\\/uploads\\\/2026\\\/01\\\/10-NAL.webp\",\"articleSection\":[\"Nacional\"],\"inLanguage\":\"es\"},{\"@type\":\"WebPage\",\"@id\":\"https:\\\/\\\/www.eldiario.net\\\/portal\\\/2026\\\/01\\\/14\\\/santa-cruz-enfrenta-doble-paro-en-el-sector-salud\\\/\",\"url\":\"https:\\\/\\\/www.eldiario.net\\\/portal\\\/2026\\\/01\\\/14\\\/santa-cruz-enfrenta-doble-paro-en-el-sector-salud\\\/\",\"name\":\"Santa Cruz enfrenta doble paro en el sector salud - El Diario - Bolivia\",\"isPartOf\":{\"@id\":\"https:\\\/\\\/www.eldiario.net\\\/portal\\\/#website\"},\"primaryImageOfPage\":{\"@id\":\"https:\\\/\\\/www.eldiario.net\\\/portal\\\/2026\\\/01\\\/14\\\/santa-cruz-enfrenta-doble-paro-en-el-sector-salud\\\/#primaryimage\"},\"image\":{\"@id\":\"https:\\\/\\\/www.eldiario.net\\\/portal\\\/2026\\\/01\\\/14\\\/santa-cruz-enfrenta-doble-paro-en-el-sector-salud\\\/#primaryimage\"},\"thumbnailUrl\":\"https:\\\/\\\/www.eldiario.net\\\/portal\\\/wp-content\\\/uploads\\\/2026\\\/01\\\/10-NAL.webp\",\"datePublished\":\"2026-01-14T10:22:21+00:00\",\"breadcrumb\":{\"@id\":\"https:\\\/\\\/www.eldiario.net\\\/portal\\\/2026\\\/01\\\/14\\\/santa-cruz-enfrenta-doble-paro-en-el-sector-salud\\\/#breadcrumb\"},\"inLanguage\":\"es\",\"potentialAction\":[{\"@type\":\"ReadAction\",\"target\":[\"https:\\\/\\\/www.eldiario.net\\\/portal\\\/2026\\\/01\\\/14\\\/santa-cruz-enfrenta-doble-paro-en-el-sector-salud\\\/\"]}]},{\"@type\":\"ImageObject\",\"inLanguage\":\"es\",\"@id\":\"https:\\\/\\\/www.eldiario.net\\\/portal\\\/2026\\\/01\\\/14\\\/santa-cruz-enfrenta-doble-paro-en-el-sector-salud\\\/#primaryimage\",\"url\":\"https:\\\/\\\/www.eldiario.net\\\/portal\\\/wp-content\\\/uploads\\\/2026\\\/01\\\/10-NAL.webp\",\"contentUrl\":\"https:\\\/\\\/www.eldiario.net\\\/portal\\\/wp-content\\\/uploads\\\/2026\\\/01\\\/10-NAL.webp\",\"width\":875,\"height\":436,\"caption\":\"sANTA CRUZ DE LA SIERRA SE QUED\u00d3 AYER SIN ATENCI\u00d3N M\u00c9DICA.\"},{\"@type\":\"BreadcrumbList\",\"@id\":\"https:\\\/\\\/www.eldiario.net\\\/portal\\\/2026\\\/01\\\/14\\\/santa-cruz-enfrenta-doble-paro-en-el-sector-salud\\\/#breadcrumb\",\"itemListElement\":[{\"@type\":\"ListItem\",\"position\":1,\"name\":\"Portada\",\"item\":\"https:\\\/\\\/www.eldiario.net\\\/portal\\\/\"},{\"@type\":\"ListItem\",\"position\":2,\"name\":\"Santa Cruz enfrenta doble paro en el sector salud\"}]},{\"@type\":\"WebSite\",\"@id\":\"https:\\\/\\\/www.eldiario.net\\\/portal\\\/#website\",\"url\":\"https:\\\/\\\/www.eldiario.net\\\/portal\\\/\",\"name\":\"El Diario - Decano de la prensa nacional\",\"description\":\"El Diario - Decano de la prensa nacional\",\"publisher\":{\"@id\":\"https:\\\/\\\/www.eldiario.net\\\/portal\\\/#organization\"},\"potentialAction\":[{\"@type\":\"SearchAction\",\"target\":{\"@type\":\"EntryPoint\",\"urlTemplate\":\"https:\\\/\\\/www.eldiario.net\\\/portal\\\/?s={search_term_string}\"},\"query-input\":{\"@type\":\"PropertyValueSpecification\",\"valueRequired\":true,\"valueName\":\"search_term_string\"}}],\"inLanguage\":\"es\"},{\"@type\":\"Organization\",\"@id\":\"https:\\\/\\\/www.eldiario.net\\\/portal\\\/#organization\",\"name\":\"El Diario - Decano de la prensa nacional\",\"url\":\"https:\\\/\\\/www.eldiario.net\\\/portal\\\/\",\"logo\":{\"@type\":\"ImageObject\",\"inLanguage\":\"es\",\"@id\":\"https:\\\/\\\/www.eldiario.net\\\/portal\\\/#\\\/schema\\\/logo\\\/image\\\/\",\"url\":\"https:\\\/\\\/www.eldiario.net\\\/portal\\\/wp-content\\\/uploads\\\/2023\\\/07\\\/logo_ED.jpg\",\"contentUrl\":\"https:\\\/\\\/www.eldiario.net\\\/portal\\\/wp-content\\\/uploads\\\/2023\\\/07\\\/logo_ED.jpg\",\"width\":272,\"height\":52,\"caption\":\"El Diario - Decano de la prensa nacional\"},\"image\":{\"@id\":\"https:\\\/\\\/www.eldiario.net\\\/portal\\\/#\\\/schema\\\/logo\\\/image\\\/\"},\"sameAs\":[\"https:\\\/\\\/www.facebook.com\\\/eldiario.bolivia\\\/\",\"https:\\\/\\\/x.com\\\/eldiario_net\"]},{\"@type\":\"Person\",\"@id\":\"https:\\\/\\\/www.eldiario.net\\\/portal\\\/#\\\/schema\\\/person\\\/f46445640444750d7d753ccd04ae01b7\",\"name\":\"Jeanette\",\"image\":{\"@type\":\"ImageObject\",\"inLanguage\":\"es\",\"@id\":\"https:\\\/\\\/secure.gravatar.com\\\/avatar\\\/3ea2118a5f7dad2b7138b1187a6b7ee55f160b9968b66013c3a3ef39dd7e5798?s=96&d=mm&r=g\",\"url\":\"https:\\\/\\\/secure.gravatar.com\\\/avatar\\\/3ea2118a5f7dad2b7138b1187a6b7ee55f160b9968b66013c3a3ef39dd7e5798?s=96&d=mm&r=g\",\"contentUrl\":\"https:\\\/\\\/secure.gravatar.com\\\/avatar\\\/3ea2118a5f7dad2b7138b1187a6b7ee55f160b9968b66013c3a3ef39dd7e5798?s=96&d=mm&r=g\",\"caption\":\"Jeanette\"},\"sameAs\":[\"https:\\\/\\\/www.eldiario.net\\\/portal\"],\"url\":\"https:\\\/\\\/www.eldiario.net\\\/portal\\\/author\\\/jeanette\\\/\"}]}<\/script>\n<!-- \/ Yoast SEO plugin. -->","yoast_head_json":{"title":"Santa Cruz enfrenta doble paro en el sector salud - El Diario - Bolivia","robots":{"index":"index","follow":"follow","max-snippet":"max-snippet:-1","max-image-preview":"max-image-preview:large","max-video-preview":"max-video-preview:-1"},"canonical":"https:\/\/www.eldiario.net\/portal\/2026\/01\/14\/santa-cruz-enfrenta-doble-paro-en-el-sector-salud\/","og_locale":"es_ES","og_type":"article","og_title":"Santa Cruz enfrenta doble paro en el sector salud - El Diario - Bolivia","og_description":"La crisis en el sistema p\u00fablico de salud de Santa Cruz se agudiza con dos paros simult\u00e1neos que, desde ayer, afectan la atenci\u00f3n en hospitales y centros de salud del departamento. Los trabajadores y profesionales del sector iniciaron medidas de presi\u00f3n ante el incumplimiento de pagos salariales, retrasos en subsidios y falta de cobertura m\u00e9dica [&hellip;]","og_url":"https:\/\/www.eldiario.net\/portal\/2026\/01\/14\/santa-cruz-enfrenta-doble-paro-en-el-sector-salud\/","og_site_name":"El Diario - Bolivia","article_publisher":"https:\/\/www.facebook.com\/eldiario.bolivia\/","article_published_time":"2026-01-14T10:22:21+00:00","og_image":[{"width":875,"height":436,"url":"https:\/\/www.eldiario.net\/portal\/wp-content\/uploads\/2026\/01\/10-NAL.webp","type":"image\/webp"}],"author":"Jeanette","twitter_card":"summary_large_image","twitter_creator":"@eldiario_net","twitter_site":"@eldiario_net","twitter_misc":{"Escrito por":"Jeanette","Tiempo de lectura":"2 minutos"},"schema":{"@context":"https:\/\/schema.org","@graph":[{"@type":"Article","@id":"https:\/\/www.eldiario.net\/portal\/2026\/01\/14\/santa-cruz-enfrenta-doble-paro-en-el-sector-salud\/#article","isPartOf":{"@id":"https:\/\/www.eldiario.net\/portal\/2026\/01\/14\/santa-cruz-enfrenta-doble-paro-en-el-sector-salud\/"},"author":{"name":"Jeanette","@id":"https:\/\/www.eldiario.net\/portal\/#\/schema\/person\/f46445640444750d7d753ccd04ae01b7"},"headline":"Santa Cruz enfrenta doble paro en el sector salud","datePublished":"2026-01-14T10:22:21+00:00","mainEntityOfPage":{"@id":"https:\/\/www.eldiario.net\/portal\/2026\/01\/14\/santa-cruz-enfrenta-doble-paro-en-el-sector-salud\/"},"wordCount":295,"publisher":{"@id":"https:\/\/www.eldiario.net\/portal\/#organization"},"image":{"@id":"https:\/\/www.eldiario.net\/portal\/2026\/01\/14\/santa-cruz-enfrenta-doble-paro-en-el-sector-salud\/#primaryimage"},"thumbnailUrl":"https:\/\/www.eldiario.net\/portal\/wp-content\/uploads\/2026\/01\/10-NAL.webp","articleSection":["Nacional"],"inLanguage":"es"},{"@type":"WebPage","@id":"https:\/\/www.eldiario.net\/portal\/2026\/01\/14\/santa-cruz-enfrenta-doble-paro-en-el-sector-salud\/","url":"https:\/\/www.eldiario.net\/portal\/2026\/01\/14\/santa-cruz-enfrenta-doble-paro-en-el-sector-salud\/","name":"Santa Cruz enfrenta doble paro en el sector salud - El Diario - Bolivia","isPartOf":{"@id":"https:\/\/www.eldiario.net\/portal\/#website"},"primaryImageOfPage":{"@id":"https:\/\/www.eldiario.net\/portal\/2026\/01\/14\/santa-cruz-enfrenta-doble-paro-en-el-sector-salud\/#primaryimage"},"image":{"@id":"https:\/\/www.eldiario.net\/portal\/2026\/01\/14\/santa-cruz-enfrenta-doble-paro-en-el-sector-salud\/#primaryimage"},"thumbnailUrl":"https:\/\/www.eldiario.net\/portal\/wp-content\/uploads\/2026\/01\/10-NAL.webp","datePublished":"2026-01-14T10:22:21+00:00","breadcrumb":{"@id":"https:\/\/www.eldiario.net\/portal\/2026\/01\/14\/santa-cruz-enfrenta-doble-paro-en-el-sector-salud\/#breadcrumb"},"inLanguage":"es","potentialAction":[{"@type":"ReadAction","target":["https:\/\/www.eldiario.net\/portal\/2026\/01\/14\/santa-cruz-enfrenta-doble-paro-en-el-sector-salud\/"]}]},{"@type":"ImageObject","inLanguage":"es","@id":"https:\/\/www.eldiario.net\/portal\/2026\/01\/14\/santa-cruz-enfrenta-doble-paro-en-el-sector-salud\/#primaryimage","url":"https:\/\/www.eldiario.net\/portal\/wp-content\/uploads\/2026\/01\/10-NAL.webp","contentUrl":"https:\/\/www.eldiario.net\/portal\/wp-content\/uploads\/2026\/01\/10-NAL.webp","width":875,"height":436,"caption":"sANTA CRUZ DE LA SIERRA SE QUED\u00d3 AYER SIN ATENCI\u00d3N M\u00c9DICA."},{"@type":"BreadcrumbList","@id":"https:\/\/www.eldiario.net\/portal\/2026\/01\/14\/santa-cruz-enfrenta-doble-paro-en-el-sector-salud\/#breadcrumb","itemListElement":[{"@type":"ListItem","position":1,"name":"Portada","item":"https:\/\/www.eldiario.net\/portal\/"},{"@type":"ListItem","position":2,"name":"Santa Cruz enfrenta doble paro en el sector salud"}]},{"@type":"WebSite","@id":"https:\/\/www.eldiario.net\/portal\/#website","url":"https:\/\/www.eldiario.net\/portal\/","name":"El Diario - Decano de la prensa nacional","description":"El Diario - Decano de la prensa nacional","publisher":{"@id":"https:\/\/www.eldiario.net\/portal\/#organization"},"potentialAction":[{"@type":"SearchAction","target":{"@type":"EntryPoint","urlTemplate":"https:\/\/www.eldiario.net\/portal\/?s={search_term_string}"},"query-input":{"@type":"PropertyValueSpecification","valueRequired":true,"valueName":"search_term_string"}}],"inLanguage":"es"},{"@type":"Organization","@id":"https:\/\/www.eldiario.net\/portal\/#organization","name":"El Diario - Decano de la prensa nacional","url":"https:\/\/www.eldiario.net\/portal\/","logo":{"@type":"ImageObject","inLanguage":"es","@id":"https:\/\/www.eldiario.net\/portal\/#\/schema\/logo\/image\/","url":"https:\/\/www.eldiario.net\/portal\/wp-content\/uploads\/2023\/07\/logo_ED.jpg","contentUrl":"https:\/\/www.eldiario.net\/portal\/wp-content\/uploads\/2023\/07\/logo_ED.jpg","width":272,"height":52,"caption":"El Diario - Decano de la prensa nacional"},"image":{"@id":"https:\/\/www.eldiario.net\/portal\/#\/schema\/logo\/image\/"},"sameAs":["https:\/\/www.facebook.com\/eldiario.bolivia\/","https:\/\/x.com\/eldiario_net"]},{"@type":"Person","@id":"https:\/\/www.eldiario.net\/portal\/#\/schema\/person\/f46445640444750d7d753ccd04ae01b7","name":"Jeanette","image":{"@type":"ImageObject","inLanguage":"es","@id":"https:\/\/secure.gravatar.com\/avatar\/3ea2118a5f7dad2b7138b1187a6b7ee55f160b9968b66013c3a3ef39dd7e5798?s=96&d=mm&r=g","url":"https:\/\/secure.gravatar.com\/avatar\/3ea2118a5f7dad2b7138b1187a6b7ee55f160b9968b66013c3a3ef39dd7e5798?s=96&d=mm&r=g","contentUrl":"https:\/\/secure.gravatar.com\/avatar\/3ea2118a5f7dad2b7138b1187a6b7ee55f160b9968b66013c3a3ef39dd7e5798?s=96&d=mm&r=g","caption":"Jeanette"},"sameAs":["https:\/\/www.eldiario.net\/portal"],"url":"https:\/\/www.eldiario.net\/portal\/author\/jeanette\/"}]}},"_links":{"self":[{"href":"https:\/\/www.eldiario.net\/portal\/wp-json\/wp\/v2\/posts\/359831","targetHints":{"allow":["GET"]}}],"collection":[{"href":"https:\/\/www.eldiario.net\/portal\/wp-json\/wp\/v2\/posts"}],"about":[{"href":"https:\/\/www.eldiario.net\/portal\/wp-json\/wp\/v2\/types\/post"}],"author":[{"embeddable":true,"href":"https:\/\/www.eldiario.net\/portal\/wp-json\/wp\/v2\/users\/1"}],"replies":[{"embeddable":true,"href":"https:\/\/www.eldiario.net\/portal\/wp-json\/wp\/v2\/comments?post=359831"}],"version-history":[{"count":1,"href":"https:\/\/www.eldiario.net\/portal\/wp-json\/wp\/v2\/posts\/359831\/revisions"}],"predecessor-version":[{"id":359833,"href":"https:\/\/www.eldiario.net\/portal\/wp-json\/wp\/v2\/posts\/359831\/revisions\/359833"}],"wp:featuredmedia":[{"embeddable":true,"href":"https:\/\/www.eldiario.net\/portal\/wp-json\/wp\/v2\/media\/359832"}],"wp:attachment":[{"href":"https:\/\/www.eldiario.net\/portal\/wp-json\/wp\/v2\/media?parent=359831"}],"wp:term":[{"taxonomy":"category","embeddable":true,"href":"https:\/\/www.eldiario.net\/portal\/wp-json\/wp\/v2\/categories?post=359831"},{"taxonomy":"post_tag","embeddable":true,"href":"https:\/\/www.eldiario.net\/portal\/wp-json\/wp\/v2\/tags?post=359831"}],"curies":[{"name":"wp","href":"https:\/\/api.w.org\/{rel}","templated":true}]}}