{"id":359821,"date":"2026-01-14T06:20:03","date_gmt":"2026-01-14T10:20:03","guid":{"rendered":"https:\/\/www.eldiario.net\/portal\/?p=359821"},"modified":"2026-01-14T06:20:03","modified_gmt":"2026-01-14T10:20:03","slug":"pnfft-pozo-domo-oso-x3-contaminacion-anunciada","status":"publish","type":"post","link":"https:\/\/www.eldiario.net\/portal\/2026\/01\/14\/pnfft-pozo-domo-oso-x3-contaminacion-anunciada\/","title":{"rendered":"PNFFT: Pozo Domo Oso-X3,  contaminaci\u00f3n anunciada"},"content":{"rendered":"<p>Tras haber analizado el asedio multidimensional al Parque Nacional de Flora y Fauna Tariqu\u00eda (PNFFT) y esbozado rutas viables para su salvaguarda, nos adentramos ahora en la materializaci\u00f3n de la mayor amenaza denunciada: el proyecto de exploraci\u00f3n hidrocarbur\u00edfera Domo Oso-X3. Este pozo no es un hecho aislado, sino la punta de lanza de un modelo de desarrollo que, tal como evidenci\u00f3 dram\u00e1ticamente la tragedia ambiental del Parque Nacional Aguarag\u00fce, prioriza la renta extractiva a corto plazo, sobre la sostenibilidad de los ecosistemas. El fantasma de Aguarag\u00fce, con sus quebradas secas, sus pasivos t\u00f3xicos y sus comunidades abandonadas, se cierne hoy sobre Tariqu\u00eda.<br \/>\nEl proyecto Domo Oso-X3, ubicado en el \u00e1rea San Telmo Norte, a aproximadamente 1.5 kil\u00f3metros del l\u00edmite del PNFFT, representa una paradoja legal y \u00e9tica de enormes proporciones. Con un potencial estimado en 2.8 trillones de pies c\u00fabicos de gas y una proyecci\u00f3n de ingresos que supera los 6,000 millones de d\u00f3lares, su atractivo econ\u00f3mico para un pa\u00eds con reservas energ\u00e9ticas en declive es innegable. El Ministerio de Hidrocarburos y Energ\u00edas (MHE) argumenta que este recurso es estrat\u00e9gico para evitar la importaci\u00f3n de gas hacia 2029-2030. Sin embargo, el Contrato de Servicios Petroleros que lo ampara fue suscrito en 2018 y aprobado por una Asamblea Legislativa de mayor\u00eda del partido del MAS, en un proceso que, seg\u00fan denuncias de comunidades y expertos, careci\u00f3 de transparencia y consulta genuina.<br \/>\nEl mecanismo que evidencia una intenci\u00f3n predeterminada por imponer el proyecto fue la modificaci\u00f3n del Plan de Manejo de la Reserva. Como documentan estudios previos, entre 2014 y 2018 se realiz\u00f3 una rezonificaci\u00f3n interna \u2014operada por el Servicio Nacional de \u00c1reas Protegidas (SERNAP)\u2014 que reclasific\u00f3 extensas zonas del PNFFT. Esta maniobra burocr\u00e1tica, realizada de espaldas a las comunidades y sin estudios t\u00e9cnicos independientes que la justificaran \u2014como denuncia el investigador Gaite \u00dazqueda (2019)\u2014, allan\u00f3 el camino legal para proyectos como el Domo Oso-X3. Seg\u00fan el mismo an\u00e1lisis, no se trat\u00f3 de una adaptaci\u00f3n t\u00e9cnica, sino de un acto de ingenier\u00eda jur\u00eddica que subordin\u00f3 el mandato de conservaci\u00f3n del parque a los intereses del sector hidrocarbur\u00edfero.<br \/>\nLa lecci\u00f3n que nos deja el caso del Aguarag\u00fce es que contar con un marco legal y una licencia ambiental, no garantiza sostenibilidad alguna. En esa \u00e1rea protegida, un siglo de explotaci\u00f3n y miles de millones de d\u00f3lares en ingresos dejaron como saldo cinco pasivos ambientales de alto riesgo, cursos de agua contaminados y comunidades abandonadas en la pobreza. Ese precedente demuestra una incapacidad absoluta para gestionar los impactos en la superficie y proteger la \u00abf\u00e1brica de agua\u00bb. Repetir ese patr\u00f3n en Tariqu\u00eda no ser\u00eda un simple error, sino una irresponsabilidad hist\u00f3rica.<br \/>\nPor lo tanto, si la explotaci\u00f3n del Domo Oso-X3 es inminente, se debe exigir un cambio radical de paradigma. Los ingresos extraordinarios generados por este proyecto tienen que vincularse legal y financieramente a un plan de salvaguarda del PNFFT, destinando una parte significativa de las regal\u00edas a un fondo aut\u00f3nomo e intransferible. Este fondo deber\u00eda financiar no solo la remediaci\u00f3n de futuros impactos, sino, de manera prioritaria, resolver problemas hist\u00f3ricos mediante la contrataci\u00f3n de guardaparques, la implementaci\u00f3n de sistemas de monitoreo ambiental de vanguardia y la restauraci\u00f3n activa de las \u00e1reas ya degradadas.<br \/>\nM\u00e1s a\u00fan, se debe impulsar con decisi\u00f3n las soluciones viables ya planteada. El ecoturismo comunitario, la bioeconom\u00eda basada en la miel y las plantas medicinales, y el fortalecimiento de las capacidades locales deben dejar de ser proyectos piloto marginales para convertirse en una pol\u00edtica de Estado financiada por la renta gas\u00edfera. Se requiere inversi\u00f3n directa en infraestructura tur\u00edstica de bajo impacto, en la comercializaci\u00f3n de productos de la biodiversidad. El objetivo debe ser claro: transformar el PNFFT de una zona de sacrificio potencial en un modelo ejemplar de c\u00f3mo la renta extractiva puede financiar de manera perdurable la conservaci\u00f3n y el bienestar local.<br \/>\nLa memoria del Aguarag\u00fce nos grita que, sin estas salvaguardas, el ciclo se repetir\u00e1. Las empresas llegar\u00e1n, perforar\u00e1n, extraer\u00e1n la riqueza y, eventualmente, se ir\u00e1n. Quedar\u00e1n, quiz\u00e1s, algunos caminos y una planchada oxidada. Pero tambi\u00e9n quedar\u00e1n, con alta probabilidad, acu\u00edferos alterados, bosques fragmentados y una renovada desconfianza en el Estado. No podemos permitir que la historia se repita como farsa y luego como tragedia. La explotaci\u00f3n del Domo Oso-X3 solo podr\u00eda justificarse \u00e9tica y pol\u00edticamente si sus ingresos se convierten en el motor de una transformaci\u00f3n que fortalezca irrevocablemente la \u00abf\u00e1brica de agua\u00bb, empodere a sus guardianes y demuestre, por fin, que el desarrollo de nuestro pa\u00eds puede ir m\u00e1s all\u00e1 de la cicatriz en la tierra que deja un pozo petrolero.<\/p>\n<p>El autor es Profesional de Turismo y Relaciones Internacionales.<\/p>\n","protected":false},"excerpt":{"rendered":"<p>Tras haber analizado el asedio multidimensional al Parque Nacional de Flora y Fauna Tariqu\u00eda (PNFFT) y esbozado rutas viables para su salvaguarda, nos adentramos ahora en la materializaci\u00f3n de la mayor amenaza denunciada: el proyecto de exploraci\u00f3n hidrocarbur\u00edfera Domo Oso-X3. Este pozo no es un hecho aislado, sino la punta de lanza de un modelo [&hellip;]<\/p>\n","protected":false},"author":1,"featured_media":282611,"comment_status":"closed","ping_status":"open","sticky":false,"template":"","format":"standard","meta":{"_acf_changed":false,"footnotes":""},"categories":[9],"tags":[],"class_list":["post-359821","post","type-post","status-publish","format-standard","has-post-thumbnail","category-opinion"],"acf":{"antetitulo":""},"yoast_head":"<!-- This site is optimized with the Yoast SEO plugin v28.4 - https:\/\/yoast.com\/product\/yoast-seo-wordpress\/ -->\n<title>PNFFT: Pozo Domo Oso-X3, contaminaci\u00f3n anunciada - El Diario - Bolivia<\/title>\n<meta name=\"robots\" content=\"index, follow, max-snippet:-1, max-image-preview:large, max-video-preview:-1\" \/>\n<link rel=\"canonical\" href=\"https:\/\/www.eldiario.net\/portal\/2026\/01\/14\/pnfft-pozo-domo-oso-x3-contaminacion-anunciada\/\" \/>\n<meta property=\"og:locale\" content=\"es_ES\" \/>\n<meta property=\"og:type\" content=\"article\" \/>\n<meta property=\"og:title\" content=\"PNFFT: Pozo Domo Oso-X3, contaminaci\u00f3n anunciada - El Diario - Bolivia\" \/>\n<meta property=\"og:description\" content=\"Tras haber analizado el asedio multidimensional al Parque Nacional de Flora y Fauna Tariqu\u00eda (PNFFT) y esbozado rutas viables para su salvaguarda, nos adentramos ahora en la materializaci\u00f3n de la mayor amenaza denunciada: el proyecto de exploraci\u00f3n hidrocarbur\u00edfera Domo Oso-X3. Este pozo no es un hecho aislado, sino la punta de lanza de un modelo [&hellip;]\" \/>\n<meta property=\"og:url\" content=\"https:\/\/www.eldiario.net\/portal\/2026\/01\/14\/pnfft-pozo-domo-oso-x3-contaminacion-anunciada\/\" \/>\n<meta property=\"og:site_name\" content=\"El Diario - Bolivia\" \/>\n<meta property=\"article:publisher\" content=\"https:\/\/www.facebook.com\/eldiario.bolivia\/\" \/>\n<meta property=\"article:published_time\" content=\"2026-01-14T10:20:03+00:00\" \/>\n<meta property=\"og:image\" content=\"https:\/\/www.eldiario.net\/portal\/wp-content\/uploads\/2025\/02\/Abraham-Coaquira-Huancollo.jpg\" \/>\n\t<meta property=\"og:image:width\" content=\"1200\" \/>\n\t<meta property=\"og:image:height\" content=\"628\" \/>\n\t<meta property=\"og:image:type\" content=\"image\/jpeg\" \/>\n<meta name=\"author\" content=\"Jeanette\" \/>\n<meta name=\"twitter:card\" content=\"summary_large_image\" \/>\n<meta name=\"twitter:creator\" content=\"@eldiario_net\" \/>\n<meta name=\"twitter:site\" content=\"@eldiario_net\" \/>\n<meta name=\"twitter:label1\" content=\"Escrito por\" \/>\n\t<meta name=\"twitter:data1\" content=\"Jeanette\" \/>\n\t<meta name=\"twitter:label2\" content=\"Tiempo de lectura\" \/>\n\t<meta name=\"twitter:data2\" content=\"4 minutos\" \/>\n<script type=\"application\/ld+json\" class=\"yoast-schema-graph\">{\"@context\":\"https:\\\/\\\/schema.org\",\"@graph\":[{\"@type\":\"Article\",\"@id\":\"https:\\\/\\\/www.eldiario.net\\\/portal\\\/2026\\\/01\\\/14\\\/pnfft-pozo-domo-oso-x3-contaminacion-anunciada\\\/#article\",\"isPartOf\":{\"@id\":\"https:\\\/\\\/www.eldiario.net\\\/portal\\\/2026\\\/01\\\/14\\\/pnfft-pozo-domo-oso-x3-contaminacion-anunciada\\\/\"},\"author\":{\"name\":\"Jeanette\",\"@id\":\"https:\\\/\\\/www.eldiario.net\\\/portal\\\/#\\\/schema\\\/person\\\/f46445640444750d7d753ccd04ae01b7\"},\"headline\":\"PNFFT: Pozo Domo Oso-X3, contaminaci\u00f3n anunciada\",\"datePublished\":\"2026-01-14T10:20:03+00:00\",\"mainEntityOfPage\":{\"@id\":\"https:\\\/\\\/www.eldiario.net\\\/portal\\\/2026\\\/01\\\/14\\\/pnfft-pozo-domo-oso-x3-contaminacion-anunciada\\\/\"},\"wordCount\":845,\"publisher\":{\"@id\":\"https:\\\/\\\/www.eldiario.net\\\/portal\\\/#organization\"},\"image\":{\"@id\":\"https:\\\/\\\/www.eldiario.net\\\/portal\\\/2026\\\/01\\\/14\\\/pnfft-pozo-domo-oso-x3-contaminacion-anunciada\\\/#primaryimage\"},\"thumbnailUrl\":\"https:\\\/\\\/www.eldiario.net\\\/portal\\\/wp-content\\\/uploads\\\/2025\\\/02\\\/Abraham-Coaquira-Huancollo.jpg\",\"articleSection\":[\"Opini\u00f3n\"],\"inLanguage\":\"es\"},{\"@type\":\"WebPage\",\"@id\":\"https:\\\/\\\/www.eldiario.net\\\/portal\\\/2026\\\/01\\\/14\\\/pnfft-pozo-domo-oso-x3-contaminacion-anunciada\\\/\",\"url\":\"https:\\\/\\\/www.eldiario.net\\\/portal\\\/2026\\\/01\\\/14\\\/pnfft-pozo-domo-oso-x3-contaminacion-anunciada\\\/\",\"name\":\"PNFFT: Pozo Domo Oso-X3, contaminaci\u00f3n anunciada - El Diario - Bolivia\",\"isPartOf\":{\"@id\":\"https:\\\/\\\/www.eldiario.net\\\/portal\\\/#website\"},\"primaryImageOfPage\":{\"@id\":\"https:\\\/\\\/www.eldiario.net\\\/portal\\\/2026\\\/01\\\/14\\\/pnfft-pozo-domo-oso-x3-contaminacion-anunciada\\\/#primaryimage\"},\"image\":{\"@id\":\"https:\\\/\\\/www.eldiario.net\\\/portal\\\/2026\\\/01\\\/14\\\/pnfft-pozo-domo-oso-x3-contaminacion-anunciada\\\/#primaryimage\"},\"thumbnailUrl\":\"https:\\\/\\\/www.eldiario.net\\\/portal\\\/wp-content\\\/uploads\\\/2025\\\/02\\\/Abraham-Coaquira-Huancollo.jpg\",\"datePublished\":\"2026-01-14T10:20:03+00:00\",\"breadcrumb\":{\"@id\":\"https:\\\/\\\/www.eldiario.net\\\/portal\\\/2026\\\/01\\\/14\\\/pnfft-pozo-domo-oso-x3-contaminacion-anunciada\\\/#breadcrumb\"},\"inLanguage\":\"es\",\"potentialAction\":[{\"@type\":\"ReadAction\",\"target\":[\"https:\\\/\\\/www.eldiario.net\\\/portal\\\/2026\\\/01\\\/14\\\/pnfft-pozo-domo-oso-x3-contaminacion-anunciada\\\/\"]}]},{\"@type\":\"ImageObject\",\"inLanguage\":\"es\",\"@id\":\"https:\\\/\\\/www.eldiario.net\\\/portal\\\/2026\\\/01\\\/14\\\/pnfft-pozo-domo-oso-x3-contaminacion-anunciada\\\/#primaryimage\",\"url\":\"https:\\\/\\\/www.eldiario.net\\\/portal\\\/wp-content\\\/uploads\\\/2025\\\/02\\\/Abraham-Coaquira-Huancollo.jpg\",\"contentUrl\":\"https:\\\/\\\/www.eldiario.net\\\/portal\\\/wp-content\\\/uploads\\\/2025\\\/02\\\/Abraham-Coaquira-Huancollo.jpg\",\"width\":1200,\"height\":628,\"caption\":\"Abraham Coaquira Huancollo\"},{\"@type\":\"BreadcrumbList\",\"@id\":\"https:\\\/\\\/www.eldiario.net\\\/portal\\\/2026\\\/01\\\/14\\\/pnfft-pozo-domo-oso-x3-contaminacion-anunciada\\\/#breadcrumb\",\"itemListElement\":[{\"@type\":\"ListItem\",\"position\":1,\"name\":\"Portada\",\"item\":\"https:\\\/\\\/www.eldiario.net\\\/portal\\\/\"},{\"@type\":\"ListItem\",\"position\":2,\"name\":\"PNFFT: Pozo Domo Oso-X3, contaminaci\u00f3n anunciada\"}]},{\"@type\":\"WebSite\",\"@id\":\"https:\\\/\\\/www.eldiario.net\\\/portal\\\/#website\",\"url\":\"https:\\\/\\\/www.eldiario.net\\\/portal\\\/\",\"name\":\"El Diario - Decano de la prensa nacional\",\"description\":\"El Diario - Decano de la prensa nacional\",\"publisher\":{\"@id\":\"https:\\\/\\\/www.eldiario.net\\\/portal\\\/#organization\"},\"potentialAction\":[{\"@type\":\"SearchAction\",\"target\":{\"@type\":\"EntryPoint\",\"urlTemplate\":\"https:\\\/\\\/www.eldiario.net\\\/portal\\\/?s={search_term_string}\"},\"query-input\":{\"@type\":\"PropertyValueSpecification\",\"valueRequired\":true,\"valueName\":\"search_term_string\"}}],\"inLanguage\":\"es\"},{\"@type\":\"Organization\",\"@id\":\"https:\\\/\\\/www.eldiario.net\\\/portal\\\/#organization\",\"name\":\"El Diario - Decano de la prensa nacional\",\"url\":\"https:\\\/\\\/www.eldiario.net\\\/portal\\\/\",\"logo\":{\"@type\":\"ImageObject\",\"inLanguage\":\"es\",\"@id\":\"https:\\\/\\\/www.eldiario.net\\\/portal\\\/#\\\/schema\\\/logo\\\/image\\\/\",\"url\":\"https:\\\/\\\/www.eldiario.net\\\/portal\\\/wp-content\\\/uploads\\\/2023\\\/07\\\/logo_ED.jpg\",\"contentUrl\":\"https:\\\/\\\/www.eldiario.net\\\/portal\\\/wp-content\\\/uploads\\\/2023\\\/07\\\/logo_ED.jpg\",\"width\":272,\"height\":52,\"caption\":\"El Diario - Decano de la prensa nacional\"},\"image\":{\"@id\":\"https:\\\/\\\/www.eldiario.net\\\/portal\\\/#\\\/schema\\\/logo\\\/image\\\/\"},\"sameAs\":[\"https:\\\/\\\/www.facebook.com\\\/eldiario.bolivia\\\/\",\"https:\\\/\\\/x.com\\\/eldiario_net\"]},{\"@type\":\"Person\",\"@id\":\"https:\\\/\\\/www.eldiario.net\\\/portal\\\/#\\\/schema\\\/person\\\/f46445640444750d7d753ccd04ae01b7\",\"name\":\"Jeanette\",\"image\":{\"@type\":\"ImageObject\",\"inLanguage\":\"es\",\"@id\":\"https:\\\/\\\/secure.gravatar.com\\\/avatar\\\/3ea2118a5f7dad2b7138b1187a6b7ee55f160b9968b66013c3a3ef39dd7e5798?s=96&d=mm&r=g\",\"url\":\"https:\\\/\\\/secure.gravatar.com\\\/avatar\\\/3ea2118a5f7dad2b7138b1187a6b7ee55f160b9968b66013c3a3ef39dd7e5798?s=96&d=mm&r=g\",\"contentUrl\":\"https:\\\/\\\/secure.gravatar.com\\\/avatar\\\/3ea2118a5f7dad2b7138b1187a6b7ee55f160b9968b66013c3a3ef39dd7e5798?s=96&d=mm&r=g\",\"caption\":\"Jeanette\"},\"sameAs\":[\"https:\\\/\\\/www.eldiario.net\\\/portal\"],\"url\":\"https:\\\/\\\/www.eldiario.net\\\/portal\\\/author\\\/jeanette\\\/\"}]}<\/script>\n<!-- \/ Yoast SEO plugin. -->","yoast_head_json":{"title":"PNFFT: Pozo Domo Oso-X3, contaminaci\u00f3n anunciada - El Diario - Bolivia","robots":{"index":"index","follow":"follow","max-snippet":"max-snippet:-1","max-image-preview":"max-image-preview:large","max-video-preview":"max-video-preview:-1"},"canonical":"https:\/\/www.eldiario.net\/portal\/2026\/01\/14\/pnfft-pozo-domo-oso-x3-contaminacion-anunciada\/","og_locale":"es_ES","og_type":"article","og_title":"PNFFT: Pozo Domo Oso-X3, contaminaci\u00f3n anunciada - El Diario - Bolivia","og_description":"Tras haber analizado el asedio multidimensional al Parque Nacional de Flora y Fauna Tariqu\u00eda (PNFFT) y esbozado rutas viables para su salvaguarda, nos adentramos ahora en la materializaci\u00f3n de la mayor amenaza denunciada: el proyecto de exploraci\u00f3n hidrocarbur\u00edfera Domo Oso-X3. Este pozo no es un hecho aislado, sino la punta de lanza de un modelo [&hellip;]","og_url":"https:\/\/www.eldiario.net\/portal\/2026\/01\/14\/pnfft-pozo-domo-oso-x3-contaminacion-anunciada\/","og_site_name":"El Diario - Bolivia","article_publisher":"https:\/\/www.facebook.com\/eldiario.bolivia\/","article_published_time":"2026-01-14T10:20:03+00:00","og_image":[{"width":1200,"height":628,"url":"https:\/\/www.eldiario.net\/portal\/wp-content\/uploads\/2025\/02\/Abraham-Coaquira-Huancollo.jpg","type":"image\/jpeg"}],"author":"Jeanette","twitter_card":"summary_large_image","twitter_creator":"@eldiario_net","twitter_site":"@eldiario_net","twitter_misc":{"Escrito por":"Jeanette","Tiempo de lectura":"4 minutos"},"schema":{"@context":"https:\/\/schema.org","@graph":[{"@type":"Article","@id":"https:\/\/www.eldiario.net\/portal\/2026\/01\/14\/pnfft-pozo-domo-oso-x3-contaminacion-anunciada\/#article","isPartOf":{"@id":"https:\/\/www.eldiario.net\/portal\/2026\/01\/14\/pnfft-pozo-domo-oso-x3-contaminacion-anunciada\/"},"author":{"name":"Jeanette","@id":"https:\/\/www.eldiario.net\/portal\/#\/schema\/person\/f46445640444750d7d753ccd04ae01b7"},"headline":"PNFFT: Pozo Domo Oso-X3, contaminaci\u00f3n anunciada","datePublished":"2026-01-14T10:20:03+00:00","mainEntityOfPage":{"@id":"https:\/\/www.eldiario.net\/portal\/2026\/01\/14\/pnfft-pozo-domo-oso-x3-contaminacion-anunciada\/"},"wordCount":845,"publisher":{"@id":"https:\/\/www.eldiario.net\/portal\/#organization"},"image":{"@id":"https:\/\/www.eldiario.net\/portal\/2026\/01\/14\/pnfft-pozo-domo-oso-x3-contaminacion-anunciada\/#primaryimage"},"thumbnailUrl":"https:\/\/www.eldiario.net\/portal\/wp-content\/uploads\/2025\/02\/Abraham-Coaquira-Huancollo.jpg","articleSection":["Opini\u00f3n"],"inLanguage":"es"},{"@type":"WebPage","@id":"https:\/\/www.eldiario.net\/portal\/2026\/01\/14\/pnfft-pozo-domo-oso-x3-contaminacion-anunciada\/","url":"https:\/\/www.eldiario.net\/portal\/2026\/01\/14\/pnfft-pozo-domo-oso-x3-contaminacion-anunciada\/","name":"PNFFT: Pozo Domo Oso-X3, contaminaci\u00f3n anunciada - El Diario - Bolivia","isPartOf":{"@id":"https:\/\/www.eldiario.net\/portal\/#website"},"primaryImageOfPage":{"@id":"https:\/\/www.eldiario.net\/portal\/2026\/01\/14\/pnfft-pozo-domo-oso-x3-contaminacion-anunciada\/#primaryimage"},"image":{"@id":"https:\/\/www.eldiario.net\/portal\/2026\/01\/14\/pnfft-pozo-domo-oso-x3-contaminacion-anunciada\/#primaryimage"},"thumbnailUrl":"https:\/\/www.eldiario.net\/portal\/wp-content\/uploads\/2025\/02\/Abraham-Coaquira-Huancollo.jpg","datePublished":"2026-01-14T10:20:03+00:00","breadcrumb":{"@id":"https:\/\/www.eldiario.net\/portal\/2026\/01\/14\/pnfft-pozo-domo-oso-x3-contaminacion-anunciada\/#breadcrumb"},"inLanguage":"es","potentialAction":[{"@type":"ReadAction","target":["https:\/\/www.eldiario.net\/portal\/2026\/01\/14\/pnfft-pozo-domo-oso-x3-contaminacion-anunciada\/"]}]},{"@type":"ImageObject","inLanguage":"es","@id":"https:\/\/www.eldiario.net\/portal\/2026\/01\/14\/pnfft-pozo-domo-oso-x3-contaminacion-anunciada\/#primaryimage","url":"https:\/\/www.eldiario.net\/portal\/wp-content\/uploads\/2025\/02\/Abraham-Coaquira-Huancollo.jpg","contentUrl":"https:\/\/www.eldiario.net\/portal\/wp-content\/uploads\/2025\/02\/Abraham-Coaquira-Huancollo.jpg","width":1200,"height":628,"caption":"Abraham Coaquira Huancollo"},{"@type":"BreadcrumbList","@id":"https:\/\/www.eldiario.net\/portal\/2026\/01\/14\/pnfft-pozo-domo-oso-x3-contaminacion-anunciada\/#breadcrumb","itemListElement":[{"@type":"ListItem","position":1,"name":"Portada","item":"https:\/\/www.eldiario.net\/portal\/"},{"@type":"ListItem","position":2,"name":"PNFFT: Pozo Domo Oso-X3, contaminaci\u00f3n anunciada"}]},{"@type":"WebSite","@id":"https:\/\/www.eldiario.net\/portal\/#website","url":"https:\/\/www.eldiario.net\/portal\/","name":"El Diario - Decano de la prensa nacional","description":"El Diario - Decano de la prensa nacional","publisher":{"@id":"https:\/\/www.eldiario.net\/portal\/#organization"},"potentialAction":[{"@type":"SearchAction","target":{"@type":"EntryPoint","urlTemplate":"https:\/\/www.eldiario.net\/portal\/?s={search_term_string}"},"query-input":{"@type":"PropertyValueSpecification","valueRequired":true,"valueName":"search_term_string"}}],"inLanguage":"es"},{"@type":"Organization","@id":"https:\/\/www.eldiario.net\/portal\/#organization","name":"El Diario - Decano de la prensa nacional","url":"https:\/\/www.eldiario.net\/portal\/","logo":{"@type":"ImageObject","inLanguage":"es","@id":"https:\/\/www.eldiario.net\/portal\/#\/schema\/logo\/image\/","url":"https:\/\/www.eldiario.net\/portal\/wp-content\/uploads\/2023\/07\/logo_ED.jpg","contentUrl":"https:\/\/www.eldiario.net\/portal\/wp-content\/uploads\/2023\/07\/logo_ED.jpg","width":272,"height":52,"caption":"El Diario - Decano de la prensa nacional"},"image":{"@id":"https:\/\/www.eldiario.net\/portal\/#\/schema\/logo\/image\/"},"sameAs":["https:\/\/www.facebook.com\/eldiario.bolivia\/","https:\/\/x.com\/eldiario_net"]},{"@type":"Person","@id":"https:\/\/www.eldiario.net\/portal\/#\/schema\/person\/f46445640444750d7d753ccd04ae01b7","name":"Jeanette","image":{"@type":"ImageObject","inLanguage":"es","@id":"https:\/\/secure.gravatar.com\/avatar\/3ea2118a5f7dad2b7138b1187a6b7ee55f160b9968b66013c3a3ef39dd7e5798?s=96&d=mm&r=g","url":"https:\/\/secure.gravatar.com\/avatar\/3ea2118a5f7dad2b7138b1187a6b7ee55f160b9968b66013c3a3ef39dd7e5798?s=96&d=mm&r=g","contentUrl":"https:\/\/secure.gravatar.com\/avatar\/3ea2118a5f7dad2b7138b1187a6b7ee55f160b9968b66013c3a3ef39dd7e5798?s=96&d=mm&r=g","caption":"Jeanette"},"sameAs":["https:\/\/www.eldiario.net\/portal"],"url":"https:\/\/www.eldiario.net\/portal\/author\/jeanette\/"}]}},"_links":{"self":[{"href":"https:\/\/www.eldiario.net\/portal\/wp-json\/wp\/v2\/posts\/359821","targetHints":{"allow":["GET"]}}],"collection":[{"href":"https:\/\/www.eldiario.net\/portal\/wp-json\/wp\/v2\/posts"}],"about":[{"href":"https:\/\/www.eldiario.net\/portal\/wp-json\/wp\/v2\/types\/post"}],"author":[{"embeddable":true,"href":"https:\/\/www.eldiario.net\/portal\/wp-json\/wp\/v2\/users\/1"}],"replies":[{"embeddable":true,"href":"https:\/\/www.eldiario.net\/portal\/wp-json\/wp\/v2\/comments?post=359821"}],"version-history":[{"count":1,"href":"https:\/\/www.eldiario.net\/portal\/wp-json\/wp\/v2\/posts\/359821\/revisions"}],"predecessor-version":[{"id":359822,"href":"https:\/\/www.eldiario.net\/portal\/wp-json\/wp\/v2\/posts\/359821\/revisions\/359822"}],"wp:featuredmedia":[{"embeddable":true,"href":"https:\/\/www.eldiario.net\/portal\/wp-json\/wp\/v2\/media\/282611"}],"wp:attachment":[{"href":"https:\/\/www.eldiario.net\/portal\/wp-json\/wp\/v2\/media?parent=359821"}],"wp:term":[{"taxonomy":"category","embeddable":true,"href":"https:\/\/www.eldiario.net\/portal\/wp-json\/wp\/v2\/categories?post=359821"},{"taxonomy":"post_tag","embeddable":true,"href":"https:\/\/www.eldiario.net\/portal\/wp-json\/wp\/v2\/tags?post=359821"}],"curies":[{"name":"wp","href":"https:\/\/api.w.org\/{rel}","templated":true}]}}