{"id":359819,"date":"2026-01-14T06:19:31","date_gmt":"2026-01-14T10:19:31","guid":{"rendered":"https:\/\/www.eldiario.net\/portal\/?p=359819"},"modified":"2026-01-14T06:19:31","modified_gmt":"2026-01-14T10:19:31","slug":"la-captura-de-maduro-y-su-impacto-en-bolivia","status":"publish","type":"post","link":"https:\/\/www.eldiario.net\/portal\/2026\/01\/14\/la-captura-de-maduro-y-su-impacto-en-bolivia\/","title":{"rendered":"La captura de Maduro y su impacto en Bolivia"},"content":{"rendered":"<p>El pasado 3 de enero de 2026, el ej\u00e9rcito de los Estados Unidos captur\u00f3 a Nicol\u00e1s Maduro. Creo que el hecho acontecido fue algo pocas veces visto. Este es un tema amplio y muy debatible en t\u00e9rminos de geopol\u00edtica y derecho internacional, pero prefiero enfocar esta columna \u00fanicamente en lo que concierne a Bolivia.<br \/>\nAl ser Venezuela un pa\u00eds sudamericano, este hecho es cercano y no ha pasado inadvertido. Pero, adem\u00e1s, hay que tener en cuenta que Venezuela y Cuba, por a\u00f1os, han impuesto sus leyes y deseos a Bolivia, que ha visto reducida su soberan\u00eda. La influencia pol\u00edtica cubano-venezolana ha sido tal que no es alocado decir que han cogobernado junto al MAS. Es evidente que muchos personajes de estos reg\u00edmenes han participado en los gobiernos del MAS y han colaborado en la elaboraci\u00f3n de las estructuras de poder actuales.<br \/>\nEl fin de la presidencia ilegal de Maduro era algo necesario, pero debemos estar atentos y no creer que esto ha terminado. El fin del r\u00e9gimen (que a\u00fan est\u00e1 lejos de pasar) no solo significar\u00eda la libertad para los venezolanos y la entrada a una era de democracia y paz, sino tambi\u00e9n el escape y fuga de los colaboradores y figuras del r\u00e9gimen chavista fuera de Venezuela. Esto se incrementar\u00eda mucho m\u00e1s en caso de que Estados Unidos decidiera ejercer control total en Venezuela, lo cual dejar\u00eda a los chavistas sin margen de acci\u00f3n y en una situaci\u00f3n en la que deber\u00edan enfrentar a la justicia.<br \/>\nEn caso de llegar a pasar este escenario, en el cual los chavistas de todos los niveles y rangos deber\u00edan huir de su pa\u00eds, para Bolivia esto se traducir\u00eda en una situaci\u00f3n alarmante. La preocupaci\u00f3n surge porque muchos de estos colaboradores chavistas encontrar\u00edan en Bolivia un lugar donde seguir operando y poder refugiarse, debido a la proximidad territorial, pero tambi\u00e9n a las facilidades pol\u00edticas.<br \/>\nLa llegada de Rodrigo Paz al poder es algo positivo, pero por m\u00e1s que haya un presidente nuevo, las estructuras de poder socialistas siguen intactas y funcionando. La actual Constituci\u00f3n, producto de juristas espa\u00f1oles con el visto bueno de Cuba y Venezuela, es la pieza fundamental dentro del sistema socialista que a\u00fan perdura en Bolivia. Es a trav\u00e9s de esta CPE que el MAS ha construido un Estado y un sistema que facilita la instauraci\u00f3n del socialismo del Siglo XXI. De igual forma, muchas de las figuras socialistas relevantes siguen operando en Bolivia.<br \/>\nMuchos de estos chavistas refugiados encontrar\u00edan en Bolivia un lugar en el cual operar tranquilamente, pero tambi\u00e9n estructuras de poder que les son favorables, lo que podr\u00eda facilitar el retorno de Evo Morales u otros l\u00edderes de corriente izquierdista. No olvidemos que Venezuela ha sido quien m\u00e1s apoyo pol\u00edtico ha dado a los gobiernos del MAS y que tambi\u00e9n les ha ense\u00f1ado las artes del fraude y la represi\u00f3n. Lo \u00faltimo que necesitamos es m\u00e1s intromisi\u00f3n extranjera da\u00f1ina que no haga m\u00e1s que arrebatar nuestra soberan\u00eda.<br \/>\nPor el momento parece que Estados Unidos optar\u00e1 por una transici\u00f3n pac\u00edfica y pactada, en la cual solo se ha \u201cacabado\u201d con Maduro, pero no al r\u00e9gimen. No por nada la actual vicepresidenta de Venezuela tiene el visto bueno de la Casa Blanca para llevar a cabo una transici\u00f3n, y figuras como Diosdado Cabello o Vladimir Padrino se mantienen intactas. Esta transici\u00f3n puede tomar a\u00f1os, pero sobre todo dejar al chavismo en el poder por largo tiempo, siempre y cuando sepan negociar bien sus cartas petroleras.<br \/>\nDe todas formas, es aconsejable que Bolivia refuerce todas sus fronteras y est\u00e9 atenta a la posible entrada de venezolanos al territorio nacional. Por el momento no estamos en una situaci\u00f3n de alerta, pero siempre debemos estar pendientes para proteger la soberan\u00eda nacional. De igual forma, hay que tener cuidado con cualquier situaci\u00f3n a largo y corto plazo que est\u00e9 relacionada con este tema. M\u00e1s all\u00e1 de opiniones pol\u00edticas, son los intereses nacionales los que deben estar por encima de todo.<\/p>\n<p>Fabianfreirel060901@gmail.com<\/p>\n","protected":false},"excerpt":{"rendered":"<p>El pasado 3 de enero de 2026, el ej\u00e9rcito de los Estados Unidos captur\u00f3 a Nicol\u00e1s Maduro. Creo que el hecho acontecido fue algo pocas veces visto. Este es un tema amplio y muy debatible en t\u00e9rminos de geopol\u00edtica y derecho internacional, pero prefiero enfocar esta columna \u00fanicamente en lo que concierne a Bolivia. Al [&hellip;]<\/p>\n","protected":false},"author":1,"featured_media":161834,"comment_status":"closed","ping_status":"open","sticky":false,"template":"","format":"standard","meta":{"_acf_changed":false,"footnotes":""},"categories":[9],"tags":[],"class_list":["post-359819","post","type-post","status-publish","format-standard","has-post-thumbnail","category-opinion"],"acf":{"antetitulo":""},"yoast_head":"<!-- This site is optimized with the Yoast SEO plugin v28.4 - https:\/\/yoast.com\/product\/yoast-seo-wordpress\/ -->\n<title>La captura de Maduro y su impacto en Bolivia - El Diario - Bolivia<\/title>\n<meta name=\"robots\" content=\"index, follow, max-snippet:-1, max-image-preview:large, max-video-preview:-1\" \/>\n<link rel=\"canonical\" href=\"https:\/\/www.eldiario.net\/portal\/2026\/01\/14\/la-captura-de-maduro-y-su-impacto-en-bolivia\/\" \/>\n<meta property=\"og:locale\" content=\"es_ES\" \/>\n<meta property=\"og:type\" content=\"article\" \/>\n<meta property=\"og:title\" content=\"La captura de Maduro y su impacto en Bolivia - El Diario - Bolivia\" \/>\n<meta property=\"og:description\" content=\"El pasado 3 de enero de 2026, el ej\u00e9rcito de los Estados Unidos captur\u00f3 a Nicol\u00e1s Maduro. Creo que el hecho acontecido fue algo pocas veces visto. Este es un tema amplio y muy debatible en t\u00e9rminos de geopol\u00edtica y derecho internacional, pero prefiero enfocar esta columna \u00fanicamente en lo que concierne a Bolivia. Al [&hellip;]\" \/>\n<meta property=\"og:url\" content=\"https:\/\/www.eldiario.net\/portal\/2026\/01\/14\/la-captura-de-maduro-y-su-impacto-en-bolivia\/\" \/>\n<meta property=\"og:site_name\" content=\"El Diario - Bolivia\" \/>\n<meta property=\"article:publisher\" content=\"https:\/\/www.facebook.com\/eldiario.bolivia\/\" \/>\n<meta property=\"article:published_time\" content=\"2026-01-14T10:19:31+00:00\" \/>\n<meta property=\"og:image\" content=\"https:\/\/www.eldiario.net\/portal\/wp-content\/uploads\/2023\/06\/Fabian-Freire.jpg\" \/>\n\t<meta property=\"og:image:width\" content=\"1200\" \/>\n\t<meta property=\"og:image:height\" content=\"628\" \/>\n\t<meta property=\"og:image:type\" content=\"image\/jpeg\" \/>\n<meta name=\"author\" content=\"Jeanette\" \/>\n<meta name=\"twitter:card\" content=\"summary_large_image\" \/>\n<meta name=\"twitter:creator\" content=\"@eldiario_net\" \/>\n<meta name=\"twitter:site\" content=\"@eldiario_net\" \/>\n<meta name=\"twitter:label1\" content=\"Escrito por\" \/>\n\t<meta name=\"twitter:data1\" content=\"Jeanette\" \/>\n\t<meta name=\"twitter:label2\" content=\"Tiempo de lectura\" \/>\n\t<meta name=\"twitter:data2\" content=\"4 minutos\" \/>\n<script type=\"application\/ld+json\" class=\"yoast-schema-graph\">{\"@context\":\"https:\\\/\\\/schema.org\",\"@graph\":[{\"@type\":\"Article\",\"@id\":\"https:\\\/\\\/www.eldiario.net\\\/portal\\\/2026\\\/01\\\/14\\\/la-captura-de-maduro-y-su-impacto-en-bolivia\\\/#article\",\"isPartOf\":{\"@id\":\"https:\\\/\\\/www.eldiario.net\\\/portal\\\/2026\\\/01\\\/14\\\/la-captura-de-maduro-y-su-impacto-en-bolivia\\\/\"},\"author\":{\"name\":\"Jeanette\",\"@id\":\"https:\\\/\\\/www.eldiario.net\\\/portal\\\/#\\\/schema\\\/person\\\/f46445640444750d7d753ccd04ae01b7\"},\"headline\":\"La captura de Maduro y su impacto en Bolivia\",\"datePublished\":\"2026-01-14T10:19:31+00:00\",\"mainEntityOfPage\":{\"@id\":\"https:\\\/\\\/www.eldiario.net\\\/portal\\\/2026\\\/01\\\/14\\\/la-captura-de-maduro-y-su-impacto-en-bolivia\\\/\"},\"wordCount\":728,\"publisher\":{\"@id\":\"https:\\\/\\\/www.eldiario.net\\\/portal\\\/#organization\"},\"image\":{\"@id\":\"https:\\\/\\\/www.eldiario.net\\\/portal\\\/2026\\\/01\\\/14\\\/la-captura-de-maduro-y-su-impacto-en-bolivia\\\/#primaryimage\"},\"thumbnailUrl\":\"https:\\\/\\\/www.eldiario.net\\\/portal\\\/wp-content\\\/uploads\\\/2023\\\/06\\\/Fabian-Freire.jpg\",\"articleSection\":[\"Opini\u00f3n\"],\"inLanguage\":\"es\"},{\"@type\":\"WebPage\",\"@id\":\"https:\\\/\\\/www.eldiario.net\\\/portal\\\/2026\\\/01\\\/14\\\/la-captura-de-maduro-y-su-impacto-en-bolivia\\\/\",\"url\":\"https:\\\/\\\/www.eldiario.net\\\/portal\\\/2026\\\/01\\\/14\\\/la-captura-de-maduro-y-su-impacto-en-bolivia\\\/\",\"name\":\"La captura de Maduro y su impacto en Bolivia - El Diario - Bolivia\",\"isPartOf\":{\"@id\":\"https:\\\/\\\/www.eldiario.net\\\/portal\\\/#website\"},\"primaryImageOfPage\":{\"@id\":\"https:\\\/\\\/www.eldiario.net\\\/portal\\\/2026\\\/01\\\/14\\\/la-captura-de-maduro-y-su-impacto-en-bolivia\\\/#primaryimage\"},\"image\":{\"@id\":\"https:\\\/\\\/www.eldiario.net\\\/portal\\\/2026\\\/01\\\/14\\\/la-captura-de-maduro-y-su-impacto-en-bolivia\\\/#primaryimage\"},\"thumbnailUrl\":\"https:\\\/\\\/www.eldiario.net\\\/portal\\\/wp-content\\\/uploads\\\/2023\\\/06\\\/Fabian-Freire.jpg\",\"datePublished\":\"2026-01-14T10:19:31+00:00\",\"breadcrumb\":{\"@id\":\"https:\\\/\\\/www.eldiario.net\\\/portal\\\/2026\\\/01\\\/14\\\/la-captura-de-maduro-y-su-impacto-en-bolivia\\\/#breadcrumb\"},\"inLanguage\":\"es\",\"potentialAction\":[{\"@type\":\"ReadAction\",\"target\":[\"https:\\\/\\\/www.eldiario.net\\\/portal\\\/2026\\\/01\\\/14\\\/la-captura-de-maduro-y-su-impacto-en-bolivia\\\/\"]}]},{\"@type\":\"ImageObject\",\"inLanguage\":\"es\",\"@id\":\"https:\\\/\\\/www.eldiario.net\\\/portal\\\/2026\\\/01\\\/14\\\/la-captura-de-maduro-y-su-impacto-en-bolivia\\\/#primaryimage\",\"url\":\"https:\\\/\\\/www.eldiario.net\\\/portal\\\/wp-content\\\/uploads\\\/2023\\\/06\\\/Fabian-Freire.jpg\",\"contentUrl\":\"https:\\\/\\\/www.eldiario.net\\\/portal\\\/wp-content\\\/uploads\\\/2023\\\/06\\\/Fabian-Freire.jpg\",\"width\":1200,\"height\":628,\"caption\":\"Fabian Freire\"},{\"@type\":\"BreadcrumbList\",\"@id\":\"https:\\\/\\\/www.eldiario.net\\\/portal\\\/2026\\\/01\\\/14\\\/la-captura-de-maduro-y-su-impacto-en-bolivia\\\/#breadcrumb\",\"itemListElement\":[{\"@type\":\"ListItem\",\"position\":1,\"name\":\"Portada\",\"item\":\"https:\\\/\\\/www.eldiario.net\\\/portal\\\/\"},{\"@type\":\"ListItem\",\"position\":2,\"name\":\"La captura de Maduro y su impacto en Bolivia\"}]},{\"@type\":\"WebSite\",\"@id\":\"https:\\\/\\\/www.eldiario.net\\\/portal\\\/#website\",\"url\":\"https:\\\/\\\/www.eldiario.net\\\/portal\\\/\",\"name\":\"El Diario - Decano de la prensa nacional\",\"description\":\"El Diario - Decano de la prensa nacional\",\"publisher\":{\"@id\":\"https:\\\/\\\/www.eldiario.net\\\/portal\\\/#organization\"},\"potentialAction\":[{\"@type\":\"SearchAction\",\"target\":{\"@type\":\"EntryPoint\",\"urlTemplate\":\"https:\\\/\\\/www.eldiario.net\\\/portal\\\/?s={search_term_string}\"},\"query-input\":{\"@type\":\"PropertyValueSpecification\",\"valueRequired\":true,\"valueName\":\"search_term_string\"}}],\"inLanguage\":\"es\"},{\"@type\":\"Organization\",\"@id\":\"https:\\\/\\\/www.eldiario.net\\\/portal\\\/#organization\",\"name\":\"El Diario - Decano de la prensa nacional\",\"url\":\"https:\\\/\\\/www.eldiario.net\\\/portal\\\/\",\"logo\":{\"@type\":\"ImageObject\",\"inLanguage\":\"es\",\"@id\":\"https:\\\/\\\/www.eldiario.net\\\/portal\\\/#\\\/schema\\\/logo\\\/image\\\/\",\"url\":\"https:\\\/\\\/www.eldiario.net\\\/portal\\\/wp-content\\\/uploads\\\/2023\\\/07\\\/logo_ED.jpg\",\"contentUrl\":\"https:\\\/\\\/www.eldiario.net\\\/portal\\\/wp-content\\\/uploads\\\/2023\\\/07\\\/logo_ED.jpg\",\"width\":272,\"height\":52,\"caption\":\"El Diario - Decano de la prensa nacional\"},\"image\":{\"@id\":\"https:\\\/\\\/www.eldiario.net\\\/portal\\\/#\\\/schema\\\/logo\\\/image\\\/\"},\"sameAs\":[\"https:\\\/\\\/www.facebook.com\\\/eldiario.bolivia\\\/\",\"https:\\\/\\\/x.com\\\/eldiario_net\"]},{\"@type\":\"Person\",\"@id\":\"https:\\\/\\\/www.eldiario.net\\\/portal\\\/#\\\/schema\\\/person\\\/f46445640444750d7d753ccd04ae01b7\",\"name\":\"Jeanette\",\"image\":{\"@type\":\"ImageObject\",\"inLanguage\":\"es\",\"@id\":\"https:\\\/\\\/secure.gravatar.com\\\/avatar\\\/3ea2118a5f7dad2b7138b1187a6b7ee55f160b9968b66013c3a3ef39dd7e5798?s=96&d=mm&r=g\",\"url\":\"https:\\\/\\\/secure.gravatar.com\\\/avatar\\\/3ea2118a5f7dad2b7138b1187a6b7ee55f160b9968b66013c3a3ef39dd7e5798?s=96&d=mm&r=g\",\"contentUrl\":\"https:\\\/\\\/secure.gravatar.com\\\/avatar\\\/3ea2118a5f7dad2b7138b1187a6b7ee55f160b9968b66013c3a3ef39dd7e5798?s=96&d=mm&r=g\",\"caption\":\"Jeanette\"},\"sameAs\":[\"https:\\\/\\\/www.eldiario.net\\\/portal\"],\"url\":\"https:\\\/\\\/www.eldiario.net\\\/portal\\\/author\\\/jeanette\\\/\"}]}<\/script>\n<!-- \/ Yoast SEO plugin. -->","yoast_head_json":{"title":"La captura de Maduro y su impacto en Bolivia - El Diario - Bolivia","robots":{"index":"index","follow":"follow","max-snippet":"max-snippet:-1","max-image-preview":"max-image-preview:large","max-video-preview":"max-video-preview:-1"},"canonical":"https:\/\/www.eldiario.net\/portal\/2026\/01\/14\/la-captura-de-maduro-y-su-impacto-en-bolivia\/","og_locale":"es_ES","og_type":"article","og_title":"La captura de Maduro y su impacto en Bolivia - El Diario - Bolivia","og_description":"El pasado 3 de enero de 2026, el ej\u00e9rcito de los Estados Unidos captur\u00f3 a Nicol\u00e1s Maduro. Creo que el hecho acontecido fue algo pocas veces visto. Este es un tema amplio y muy debatible en t\u00e9rminos de geopol\u00edtica y derecho internacional, pero prefiero enfocar esta columna \u00fanicamente en lo que concierne a Bolivia. Al [&hellip;]","og_url":"https:\/\/www.eldiario.net\/portal\/2026\/01\/14\/la-captura-de-maduro-y-su-impacto-en-bolivia\/","og_site_name":"El Diario - Bolivia","article_publisher":"https:\/\/www.facebook.com\/eldiario.bolivia\/","article_published_time":"2026-01-14T10:19:31+00:00","og_image":[{"width":1200,"height":628,"url":"https:\/\/www.eldiario.net\/portal\/wp-content\/uploads\/2023\/06\/Fabian-Freire.jpg","type":"image\/jpeg"}],"author":"Jeanette","twitter_card":"summary_large_image","twitter_creator":"@eldiario_net","twitter_site":"@eldiario_net","twitter_misc":{"Escrito por":"Jeanette","Tiempo de lectura":"4 minutos"},"schema":{"@context":"https:\/\/schema.org","@graph":[{"@type":"Article","@id":"https:\/\/www.eldiario.net\/portal\/2026\/01\/14\/la-captura-de-maduro-y-su-impacto-en-bolivia\/#article","isPartOf":{"@id":"https:\/\/www.eldiario.net\/portal\/2026\/01\/14\/la-captura-de-maduro-y-su-impacto-en-bolivia\/"},"author":{"name":"Jeanette","@id":"https:\/\/www.eldiario.net\/portal\/#\/schema\/person\/f46445640444750d7d753ccd04ae01b7"},"headline":"La captura de Maduro y su impacto en Bolivia","datePublished":"2026-01-14T10:19:31+00:00","mainEntityOfPage":{"@id":"https:\/\/www.eldiario.net\/portal\/2026\/01\/14\/la-captura-de-maduro-y-su-impacto-en-bolivia\/"},"wordCount":728,"publisher":{"@id":"https:\/\/www.eldiario.net\/portal\/#organization"},"image":{"@id":"https:\/\/www.eldiario.net\/portal\/2026\/01\/14\/la-captura-de-maduro-y-su-impacto-en-bolivia\/#primaryimage"},"thumbnailUrl":"https:\/\/www.eldiario.net\/portal\/wp-content\/uploads\/2023\/06\/Fabian-Freire.jpg","articleSection":["Opini\u00f3n"],"inLanguage":"es"},{"@type":"WebPage","@id":"https:\/\/www.eldiario.net\/portal\/2026\/01\/14\/la-captura-de-maduro-y-su-impacto-en-bolivia\/","url":"https:\/\/www.eldiario.net\/portal\/2026\/01\/14\/la-captura-de-maduro-y-su-impacto-en-bolivia\/","name":"La captura de Maduro y su impacto en Bolivia - El Diario - Bolivia","isPartOf":{"@id":"https:\/\/www.eldiario.net\/portal\/#website"},"primaryImageOfPage":{"@id":"https:\/\/www.eldiario.net\/portal\/2026\/01\/14\/la-captura-de-maduro-y-su-impacto-en-bolivia\/#primaryimage"},"image":{"@id":"https:\/\/www.eldiario.net\/portal\/2026\/01\/14\/la-captura-de-maduro-y-su-impacto-en-bolivia\/#primaryimage"},"thumbnailUrl":"https:\/\/www.eldiario.net\/portal\/wp-content\/uploads\/2023\/06\/Fabian-Freire.jpg","datePublished":"2026-01-14T10:19:31+00:00","breadcrumb":{"@id":"https:\/\/www.eldiario.net\/portal\/2026\/01\/14\/la-captura-de-maduro-y-su-impacto-en-bolivia\/#breadcrumb"},"inLanguage":"es","potentialAction":[{"@type":"ReadAction","target":["https:\/\/www.eldiario.net\/portal\/2026\/01\/14\/la-captura-de-maduro-y-su-impacto-en-bolivia\/"]}]},{"@type":"ImageObject","inLanguage":"es","@id":"https:\/\/www.eldiario.net\/portal\/2026\/01\/14\/la-captura-de-maduro-y-su-impacto-en-bolivia\/#primaryimage","url":"https:\/\/www.eldiario.net\/portal\/wp-content\/uploads\/2023\/06\/Fabian-Freire.jpg","contentUrl":"https:\/\/www.eldiario.net\/portal\/wp-content\/uploads\/2023\/06\/Fabian-Freire.jpg","width":1200,"height":628,"caption":"Fabian Freire"},{"@type":"BreadcrumbList","@id":"https:\/\/www.eldiario.net\/portal\/2026\/01\/14\/la-captura-de-maduro-y-su-impacto-en-bolivia\/#breadcrumb","itemListElement":[{"@type":"ListItem","position":1,"name":"Portada","item":"https:\/\/www.eldiario.net\/portal\/"},{"@type":"ListItem","position":2,"name":"La captura de Maduro y su impacto en Bolivia"}]},{"@type":"WebSite","@id":"https:\/\/www.eldiario.net\/portal\/#website","url":"https:\/\/www.eldiario.net\/portal\/","name":"El Diario - Decano de la prensa nacional","description":"El Diario - Decano de la prensa nacional","publisher":{"@id":"https:\/\/www.eldiario.net\/portal\/#organization"},"potentialAction":[{"@type":"SearchAction","target":{"@type":"EntryPoint","urlTemplate":"https:\/\/www.eldiario.net\/portal\/?s={search_term_string}"},"query-input":{"@type":"PropertyValueSpecification","valueRequired":true,"valueName":"search_term_string"}}],"inLanguage":"es"},{"@type":"Organization","@id":"https:\/\/www.eldiario.net\/portal\/#organization","name":"El Diario - Decano de la prensa nacional","url":"https:\/\/www.eldiario.net\/portal\/","logo":{"@type":"ImageObject","inLanguage":"es","@id":"https:\/\/www.eldiario.net\/portal\/#\/schema\/logo\/image\/","url":"https:\/\/www.eldiario.net\/portal\/wp-content\/uploads\/2023\/07\/logo_ED.jpg","contentUrl":"https:\/\/www.eldiario.net\/portal\/wp-content\/uploads\/2023\/07\/logo_ED.jpg","width":272,"height":52,"caption":"El Diario - Decano de la prensa nacional"},"image":{"@id":"https:\/\/www.eldiario.net\/portal\/#\/schema\/logo\/image\/"},"sameAs":["https:\/\/www.facebook.com\/eldiario.bolivia\/","https:\/\/x.com\/eldiario_net"]},{"@type":"Person","@id":"https:\/\/www.eldiario.net\/portal\/#\/schema\/person\/f46445640444750d7d753ccd04ae01b7","name":"Jeanette","image":{"@type":"ImageObject","inLanguage":"es","@id":"https:\/\/secure.gravatar.com\/avatar\/3ea2118a5f7dad2b7138b1187a6b7ee55f160b9968b66013c3a3ef39dd7e5798?s=96&d=mm&r=g","url":"https:\/\/secure.gravatar.com\/avatar\/3ea2118a5f7dad2b7138b1187a6b7ee55f160b9968b66013c3a3ef39dd7e5798?s=96&d=mm&r=g","contentUrl":"https:\/\/secure.gravatar.com\/avatar\/3ea2118a5f7dad2b7138b1187a6b7ee55f160b9968b66013c3a3ef39dd7e5798?s=96&d=mm&r=g","caption":"Jeanette"},"sameAs":["https:\/\/www.eldiario.net\/portal"],"url":"https:\/\/www.eldiario.net\/portal\/author\/jeanette\/"}]}},"_links":{"self":[{"href":"https:\/\/www.eldiario.net\/portal\/wp-json\/wp\/v2\/posts\/359819","targetHints":{"allow":["GET"]}}],"collection":[{"href":"https:\/\/www.eldiario.net\/portal\/wp-json\/wp\/v2\/posts"}],"about":[{"href":"https:\/\/www.eldiario.net\/portal\/wp-json\/wp\/v2\/types\/post"}],"author":[{"embeddable":true,"href":"https:\/\/www.eldiario.net\/portal\/wp-json\/wp\/v2\/users\/1"}],"replies":[{"embeddable":true,"href":"https:\/\/www.eldiario.net\/portal\/wp-json\/wp\/v2\/comments?post=359819"}],"version-history":[{"count":1,"href":"https:\/\/www.eldiario.net\/portal\/wp-json\/wp\/v2\/posts\/359819\/revisions"}],"predecessor-version":[{"id":359820,"href":"https:\/\/www.eldiario.net\/portal\/wp-json\/wp\/v2\/posts\/359819\/revisions\/359820"}],"wp:featuredmedia":[{"embeddable":true,"href":"https:\/\/www.eldiario.net\/portal\/wp-json\/wp\/v2\/media\/161834"}],"wp:attachment":[{"href":"https:\/\/www.eldiario.net\/portal\/wp-json\/wp\/v2\/media?parent=359819"}],"wp:term":[{"taxonomy":"category","embeddable":true,"href":"https:\/\/www.eldiario.net\/portal\/wp-json\/wp\/v2\/categories?post=359819"},{"taxonomy":"post_tag","embeddable":true,"href":"https:\/\/www.eldiario.net\/portal\/wp-json\/wp\/v2\/tags?post=359819"}],"curies":[{"name":"wp","href":"https:\/\/api.w.org\/{rel}","templated":true}]}}