{"id":359814,"date":"2026-01-14T06:18:30","date_gmt":"2026-01-14T10:18:30","guid":{"rendered":"https:\/\/www.eldiario.net\/portal\/?p=359814"},"modified":"2026-01-14T06:18:30","modified_gmt":"2026-01-14T10:18:30","slug":"bid-creara-plataforma-bolivia-crece-y-destinara-us-4-500-millones-a-obras","status":"publish","type":"post","link":"https:\/\/www.eldiario.net\/portal\/2026\/01\/14\/bid-creara-plataforma-bolivia-crece-y-destinara-us-4-500-millones-a-obras\/","title":{"rendered":"BID crear\u00e1 plataforma Bolivia Crece  y destinar\u00e1 $us 4.500 millones a obras"},"content":{"rendered":"<p>El Banco Interamericano de Desarrollo (BID) crear\u00e1 la plataforma Bolivia Crece y financiar\u00e1 4.500 millones de d\u00f3lares para proyectos econ\u00f3micos, sociales y energ\u00e9ticos a nivel nacional, por ello invit\u00f3 a presentar propuestas a los bolivianos.<br \/>\nEl presidente del Banco Interamericano de Desarrollo, Ilan Goldfajn, dijo que trae un paquete de 4.500 millones de d\u00f3lares para el per\u00edodo 2026-2028, destinado a respaldar la ambiciosa agenda de reformas del gobierno de Rodrigo Paz: estabilizar la econom\u00eda, recuperar el crecimiento y ampliar la creaci\u00f3n de empleo.<br \/>\nEl BID es el puente para que el mundo venga a Bolivia, a trav\u00e9s de la implementaci\u00f3n de varios proyectos, apunt\u00f3.<br \/>\n\u201cNuestra presencia es una se\u00f1al clara de confianza\u201d, indic\u00f3 el presidente del BID.<br \/>\nDe acuerdo con la entidad internacional, en el primer a\u00f1o prev\u00e9 desembolsar alrededor de 2.000 millones de d\u00f3lares para apoyar un programa de estabilizaci\u00f3n que proteja a los segmentos m\u00e1s vulnerables de la poblaci\u00f3n y ayude a restaurar la estabilidad macroecon\u00f3mica.<br \/>\nEl ejecutivo del BID sostuvo que el paquete de recursos viene con programas y medidas concretas, que apuntan a diferentes sectores, por ejemplo, la Renta Dignidad.<br \/>\nDescribi\u00f3 que los recursos ser\u00edan ejecutados a trav\u00e9s de diferentes programas, que ayudar\u00e1n al desarrollo de varios sectores, como el de la energ\u00eda o la Amazonia, en donde se estima una inversi\u00f3n de 160 millones de d\u00f3lares con un impacto directo en la gente del lugar.<br \/>\nAsegur\u00f3 que el crecimiento es esperanza, inversi\u00f3n y oportunidades; en ese contexto, anunci\u00f3 el lanzamiento de la plataforma Bolivia Crece, alineada con las prioridades del Plan de Desarrollo Econ\u00f3mico y Social (PDES), que priorizar\u00e1 las necesidades de los bolivianos.<br \/>\nTambi\u00e9n se\u00f1al\u00f3 que apoyar\u00e1n las reformas del Gobierno para mejorar el clima de inversi\u00f3n. \u201cBolivia tiene que tener seguridad jur\u00eddica y seguridad ciudadana\u201d, resalt\u00f3.<br \/>\nApunt\u00f3 que la seguridad te da inversi\u00f3n y crecimiento, y por ello trabajar\u00e1 en sectores de la miner\u00eda, energ\u00eda, el agronegocio y el turismo.<br \/>\nEl organismo internacional anunci\u00f3 un trabajo con Bolivia en la elaboraci\u00f3n de destinos tur\u00edsticos, as\u00ed como en la institucionalidad, apoyando el plan nacional de turismo.<br \/>\nAdelant\u00f3 que tambi\u00e9n habr\u00e1 para Bolivia recursos no reembolsables de 4,5 millones de d\u00f3lares en asistencia t\u00e9cnica para fortalecer la preparaci\u00f3n de proyectos y la preinversi\u00f3n en iniciativas prioritarias, que est\u00e1n incluidos en el PDES, que mejorar\u00e1 el acceso al financiamiento p\u00fablico y privado, as\u00ed como para acelerar la ejecuci\u00f3n.<br \/>\nAdem\u00e1s, mencion\u00f3 al BID Invest, brazo operativo privado, que ampliar\u00e1 su cartera en Bolivia veinte veces m\u00e1s, con una inversi\u00f3n de 450 millones de d\u00f3lares en los pr\u00f3ximos tres a\u00f1os en agroindustria, infraestructura, industria e inclusi\u00f3n financiera.<br \/>\nPuntualiz\u00f3 que las reformas que se incluir\u00e1n ser\u00e1n: operaciones aduaneras 24 horas en Santa Cruz, simplificaci\u00f3n de procedimientos para apoyar inversiones, expansi\u00f3n del BID Pay para pagos digitales y formalizaci\u00f3n, y registro empresarial simplificado.<br \/>\n\u201cNo se trata s\u00f3lo de pr\u00e9stamos, sino de acompa\u00f1ar a Bolivia en un momento hist\u00f3rico\u201d, reflexion\u00f3.<\/p>\n<p>PAZ<br \/>\nEl presidente Rodrigo Paz afirm\u00f3 que el dinero comprometido por el BID no ser\u00e1 para que el Gobierno lo disponga, sino para la ejecuci\u00f3n de obras para generar empleo, salud, educaci\u00f3n, carreteras, infraestructuras, agua potable, riego, para la producci\u00f3n, gremiales, entre otros.<br \/>\nDe esa manera, Paz indic\u00f3 que las inversiones llegar\u00e1n a Bolivia, y no como en los \u00faltimos a\u00f1os, que la Inversi\u00f3n Extranjera Directa (IED) apenas estuvo entre 140 a 150 millones de d\u00f3lares.<br \/>\nPor su parte, el ministro de la Presidencia, Jos\u00e9 Luis Lupo, inform\u00f3 que el cr\u00e9dito del BID tiene una de las tasas m\u00e1s bajas, de 3,5%, un per\u00edodo de 20 a\u00f1os para pagar y cinco de gracia.<\/p>\n<p>Empresarios<br \/>\n\u201cLa visita del presidente Goldfajn y de la vicepresidenta de Pa\u00edses e Integraci\u00f3n Regional, Anabel Gonz\u00e1lez, es una se\u00f1al muy positiva hacia el mundo y una muestra de confianza en el rumbo que estamos tomando para enfrentar los graves problemas que nos afectan\u201d, se\u00f1al\u00f3 el vicepresidente de la Confederaci\u00f3n de Empresarios Privados de Bolivia (CEPB), Gast\u00f3n Serrano.<br \/>\nA\u00f1adi\u00f3 que el respaldo de 4.500 millones de d\u00f3lares en cr\u00e9ditos ofrecidos por la entidad internacional va a generar no solo un alivio financiero, sino una dosis de confianza que puede reactivar la inversi\u00f3n privada en niveles importantes.<br \/>\nEl vicepresidente de la entidad que aglutina a las 29 entidades empresariales m\u00e1s importantes del pa\u00eds, se\u00f1al\u00f3 finalmente que los sectores econ\u00f3micos privados est\u00e1n dispuestos a trabajar de inmediato con el Gobierno nacional y el BID, en la coordinaci\u00f3n y articulaci\u00f3n de proyectos de desarrollo que permitan una recuperaci\u00f3n urgente para todos los sectores y regiones del pa\u00eds.<\/p>\n<p><strong>En reuni\u00f3n con el presidente del BCB<\/strong><\/p>\n<p>Presidente y vicepresidenta del BID hablaron de pol\u00edtica monetaria y cambiaria<br \/>\nEl presidente del Banco Central de Bolivia (BCB), David Espinoza Torrico y el Directorio de esta entidad se reunieron con el presidente del Banco Interamericano de Desarrollo (BID), Ilan Goldfajn, y la vicepresidenta del organismo multilateral, Anabel Gonz\u00e1lez, abordaron varios temas, como la pol\u00edtica monetaria y cambiaria, as\u00ed como el financiamiento.<br \/>\nEl encuentro tambi\u00e9n estuvo orientado a fortalecer el relacionamiento institucional entre ambas entidades y a profundizar el di\u00e1logo sobre asuntos de inter\u00e9s com\u00fan en el \u00e1mbito econ\u00f3mico y financiero.<br \/>\nDurante la reuni\u00f3n, se trat\u00f3 temas vinculados a la pol\u00edtica monetaria y cambiaria, financiamiento y otros asuntos de relevancia para el pa\u00eds, en el marco de la nueva orientaci\u00f3n que el presidente Espinoza imprime a su gesti\u00f3n al frente del BCB.<br \/>\nLa autoridad destac\u00f3 la visita de Goldfajn, como una se\u00f1al de una nueva etapa de relacionamiento con este aliado multilateral, basada en tres principios que gu\u00edan a la actual administraci\u00f3n del Banco Central: transparencia, perfil t\u00e9cnico e independencia.<br \/>\nEn este encuentro tambi\u00e9n estuvieron presentes el representante del BID en Bolivia, Leopoldo Avell\u00e1n, y los directores del Banco Central, W\u00e1lter Orellana, \u00c1lvaro Romero y Claudia Pacheco.<\/p>\n","protected":false},"excerpt":{"rendered":"<p>El Banco Interamericano de Desarrollo (BID) crear\u00e1 la plataforma Bolivia Crece y financiar\u00e1 4.500 millones de d\u00f3lares para proyectos econ\u00f3micos, sociales y energ\u00e9ticos a nivel nacional, por ello invit\u00f3 a presentar propuestas a los bolivianos. El presidente del Banco Interamericano de Desarrollo, Ilan Goldfajn, dijo que trae un paquete de 4.500 millones de d\u00f3lares para [&hellip;]<\/p>\n","protected":false},"author":1,"featured_media":359815,"comment_status":"closed","ping_status":"open","sticky":false,"template":"","format":"standard","meta":{"_acf_changed":false,"footnotes":""},"categories":[7],"tags":[],"class_list":["post-359814","post","type-post","status-publish","format-standard","has-post-thumbnail","category-economia"],"acf":{"antetitulo":""},"yoast_head":"<!-- This site is optimized with the Yoast SEO plugin v28.4 - https:\/\/yoast.com\/product\/yoast-seo-wordpress\/ -->\n<title>BID crear\u00e1 plataforma Bolivia Crece y destinar\u00e1 $us 4.500 millones a obras - El Diario - Bolivia<\/title>\n<meta name=\"robots\" content=\"index, follow, max-snippet:-1, max-image-preview:large, max-video-preview:-1\" \/>\n<link rel=\"canonical\" href=\"https:\/\/www.eldiario.net\/portal\/2026\/01\/14\/bid-creara-plataforma-bolivia-crece-y-destinara-us-4-500-millones-a-obras\/\" \/>\n<meta property=\"og:locale\" content=\"es_ES\" \/>\n<meta property=\"og:type\" content=\"article\" \/>\n<meta property=\"og:title\" content=\"BID crear\u00e1 plataforma Bolivia Crece y destinar\u00e1 $us 4.500 millones a obras - El Diario - Bolivia\" \/>\n<meta property=\"og:description\" content=\"El Banco Interamericano de Desarrollo (BID) crear\u00e1 la plataforma Bolivia Crece y financiar\u00e1 4.500 millones de d\u00f3lares para proyectos econ\u00f3micos, sociales y energ\u00e9ticos a nivel nacional, por ello invit\u00f3 a presentar propuestas a los bolivianos. El presidente del Banco Interamericano de Desarrollo, Ilan Goldfajn, dijo que trae un paquete de 4.500 millones de d\u00f3lares para [&hellip;]\" \/>\n<meta property=\"og:url\" content=\"https:\/\/www.eldiario.net\/portal\/2026\/01\/14\/bid-creara-plataforma-bolivia-crece-y-destinara-us-4-500-millones-a-obras\/\" \/>\n<meta property=\"og:site_name\" content=\"El Diario - Bolivia\" \/>\n<meta property=\"article:publisher\" content=\"https:\/\/www.facebook.com\/eldiario.bolivia\/\" \/>\n<meta property=\"article:published_time\" content=\"2026-01-14T10:18:30+00:00\" \/>\n<meta property=\"og:image\" content=\"https:\/\/www.eldiario.net\/portal\/wp-content\/uploads\/2026\/01\/bid-3.webp\" \/>\n\t<meta property=\"og:image:width\" content=\"1024\" \/>\n\t<meta property=\"og:image:height\" content=\"724\" \/>\n\t<meta property=\"og:image:type\" content=\"image\/webp\" \/>\n<meta name=\"author\" content=\"Jeanette\" \/>\n<meta name=\"twitter:card\" content=\"summary_large_image\" \/>\n<meta name=\"twitter:creator\" content=\"@eldiario_net\" \/>\n<meta name=\"twitter:site\" content=\"@eldiario_net\" \/>\n<meta name=\"twitter:label1\" content=\"Escrito por\" \/>\n\t<meta name=\"twitter:data1\" content=\"Jeanette\" \/>\n\t<meta name=\"twitter:label2\" content=\"Tiempo de lectura\" \/>\n\t<meta name=\"twitter:data2\" content=\"5 minutos\" \/>\n<script type=\"application\/ld+json\" class=\"yoast-schema-graph\">{\"@context\":\"https:\\\/\\\/schema.org\",\"@graph\":[{\"@type\":\"Article\",\"@id\":\"https:\\\/\\\/www.eldiario.net\\\/portal\\\/2026\\\/01\\\/14\\\/bid-creara-plataforma-bolivia-crece-y-destinara-us-4-500-millones-a-obras\\\/#article\",\"isPartOf\":{\"@id\":\"https:\\\/\\\/www.eldiario.net\\\/portal\\\/2026\\\/01\\\/14\\\/bid-creara-plataforma-bolivia-crece-y-destinara-us-4-500-millones-a-obras\\\/\"},\"author\":{\"name\":\"Jeanette\",\"@id\":\"https:\\\/\\\/www.eldiario.net\\\/portal\\\/#\\\/schema\\\/person\\\/f46445640444750d7d753ccd04ae01b7\"},\"headline\":\"BID crear\u00e1 plataforma Bolivia Crece y destinar\u00e1 $us 4.500 millones a obras\",\"datePublished\":\"2026-01-14T10:18:30+00:00\",\"mainEntityOfPage\":{\"@id\":\"https:\\\/\\\/www.eldiario.net\\\/portal\\\/2026\\\/01\\\/14\\\/bid-creara-plataforma-bolivia-crece-y-destinara-us-4-500-millones-a-obras\\\/\"},\"wordCount\":1058,\"publisher\":{\"@id\":\"https:\\\/\\\/www.eldiario.net\\\/portal\\\/#organization\"},\"image\":{\"@id\":\"https:\\\/\\\/www.eldiario.net\\\/portal\\\/2026\\\/01\\\/14\\\/bid-creara-plataforma-bolivia-crece-y-destinara-us-4-500-millones-a-obras\\\/#primaryimage\"},\"thumbnailUrl\":\"https:\\\/\\\/www.eldiario.net\\\/portal\\\/wp-content\\\/uploads\\\/2026\\\/01\\\/bid-3.webp\",\"articleSection\":[\"Econom\u00eda\"],\"inLanguage\":\"es\"},{\"@type\":\"WebPage\",\"@id\":\"https:\\\/\\\/www.eldiario.net\\\/portal\\\/2026\\\/01\\\/14\\\/bid-creara-plataforma-bolivia-crece-y-destinara-us-4-500-millones-a-obras\\\/\",\"url\":\"https:\\\/\\\/www.eldiario.net\\\/portal\\\/2026\\\/01\\\/14\\\/bid-creara-plataforma-bolivia-crece-y-destinara-us-4-500-millones-a-obras\\\/\",\"name\":\"BID crear\u00e1 plataforma Bolivia Crece y destinar\u00e1 $us 4.500 millones a obras - El Diario - Bolivia\",\"isPartOf\":{\"@id\":\"https:\\\/\\\/www.eldiario.net\\\/portal\\\/#website\"},\"primaryImageOfPage\":{\"@id\":\"https:\\\/\\\/www.eldiario.net\\\/portal\\\/2026\\\/01\\\/14\\\/bid-creara-plataforma-bolivia-crece-y-destinara-us-4-500-millones-a-obras\\\/#primaryimage\"},\"image\":{\"@id\":\"https:\\\/\\\/www.eldiario.net\\\/portal\\\/2026\\\/01\\\/14\\\/bid-creara-plataforma-bolivia-crece-y-destinara-us-4-500-millones-a-obras\\\/#primaryimage\"},\"thumbnailUrl\":\"https:\\\/\\\/www.eldiario.net\\\/portal\\\/wp-content\\\/uploads\\\/2026\\\/01\\\/bid-3.webp\",\"datePublished\":\"2026-01-14T10:18:30+00:00\",\"breadcrumb\":{\"@id\":\"https:\\\/\\\/www.eldiario.net\\\/portal\\\/2026\\\/01\\\/14\\\/bid-creara-plataforma-bolivia-crece-y-destinara-us-4-500-millones-a-obras\\\/#breadcrumb\"},\"inLanguage\":\"es\",\"potentialAction\":[{\"@type\":\"ReadAction\",\"target\":[\"https:\\\/\\\/www.eldiario.net\\\/portal\\\/2026\\\/01\\\/14\\\/bid-creara-plataforma-bolivia-crece-y-destinara-us-4-500-millones-a-obras\\\/\"]}]},{\"@type\":\"ImageObject\",\"inLanguage\":\"es\",\"@id\":\"https:\\\/\\\/www.eldiario.net\\\/portal\\\/2026\\\/01\\\/14\\\/bid-creara-plataforma-bolivia-crece-y-destinara-us-4-500-millones-a-obras\\\/#primaryimage\",\"url\":\"https:\\\/\\\/www.eldiario.net\\\/portal\\\/wp-content\\\/uploads\\\/2026\\\/01\\\/bid-3.webp\",\"contentUrl\":\"https:\\\/\\\/www.eldiario.net\\\/portal\\\/wp-content\\\/uploads\\\/2026\\\/01\\\/bid-3.webp\",\"width\":1024,\"height\":724},{\"@type\":\"BreadcrumbList\",\"@id\":\"https:\\\/\\\/www.eldiario.net\\\/portal\\\/2026\\\/01\\\/14\\\/bid-creara-plataforma-bolivia-crece-y-destinara-us-4-500-millones-a-obras\\\/#breadcrumb\",\"itemListElement\":[{\"@type\":\"ListItem\",\"position\":1,\"name\":\"Portada\",\"item\":\"https:\\\/\\\/www.eldiario.net\\\/portal\\\/\"},{\"@type\":\"ListItem\",\"position\":2,\"name\":\"BID crear\u00e1 plataforma Bolivia Crece y destinar\u00e1 $us 4.500 millones a obras\"}]},{\"@type\":\"WebSite\",\"@id\":\"https:\\\/\\\/www.eldiario.net\\\/portal\\\/#website\",\"url\":\"https:\\\/\\\/www.eldiario.net\\\/portal\\\/\",\"name\":\"El Diario - Decano de la prensa nacional\",\"description\":\"El Diario - Decano de la prensa nacional\",\"publisher\":{\"@id\":\"https:\\\/\\\/www.eldiario.net\\\/portal\\\/#organization\"},\"potentialAction\":[{\"@type\":\"SearchAction\",\"target\":{\"@type\":\"EntryPoint\",\"urlTemplate\":\"https:\\\/\\\/www.eldiario.net\\\/portal\\\/?s={search_term_string}\"},\"query-input\":{\"@type\":\"PropertyValueSpecification\",\"valueRequired\":true,\"valueName\":\"search_term_string\"}}],\"inLanguage\":\"es\"},{\"@type\":\"Organization\",\"@id\":\"https:\\\/\\\/www.eldiario.net\\\/portal\\\/#organization\",\"name\":\"El Diario - Decano de la prensa nacional\",\"url\":\"https:\\\/\\\/www.eldiario.net\\\/portal\\\/\",\"logo\":{\"@type\":\"ImageObject\",\"inLanguage\":\"es\",\"@id\":\"https:\\\/\\\/www.eldiario.net\\\/portal\\\/#\\\/schema\\\/logo\\\/image\\\/\",\"url\":\"https:\\\/\\\/www.eldiario.net\\\/portal\\\/wp-content\\\/uploads\\\/2023\\\/07\\\/logo_ED.jpg\",\"contentUrl\":\"https:\\\/\\\/www.eldiario.net\\\/portal\\\/wp-content\\\/uploads\\\/2023\\\/07\\\/logo_ED.jpg\",\"width\":272,\"height\":52,\"caption\":\"El Diario - Decano de la prensa nacional\"},\"image\":{\"@id\":\"https:\\\/\\\/www.eldiario.net\\\/portal\\\/#\\\/schema\\\/logo\\\/image\\\/\"},\"sameAs\":[\"https:\\\/\\\/www.facebook.com\\\/eldiario.bolivia\\\/\",\"https:\\\/\\\/x.com\\\/eldiario_net\"]},{\"@type\":\"Person\",\"@id\":\"https:\\\/\\\/www.eldiario.net\\\/portal\\\/#\\\/schema\\\/person\\\/f46445640444750d7d753ccd04ae01b7\",\"name\":\"Jeanette\",\"image\":{\"@type\":\"ImageObject\",\"inLanguage\":\"es\",\"@id\":\"https:\\\/\\\/secure.gravatar.com\\\/avatar\\\/3ea2118a5f7dad2b7138b1187a6b7ee55f160b9968b66013c3a3ef39dd7e5798?s=96&d=mm&r=g\",\"url\":\"https:\\\/\\\/secure.gravatar.com\\\/avatar\\\/3ea2118a5f7dad2b7138b1187a6b7ee55f160b9968b66013c3a3ef39dd7e5798?s=96&d=mm&r=g\",\"contentUrl\":\"https:\\\/\\\/secure.gravatar.com\\\/avatar\\\/3ea2118a5f7dad2b7138b1187a6b7ee55f160b9968b66013c3a3ef39dd7e5798?s=96&d=mm&r=g\",\"caption\":\"Jeanette\"},\"sameAs\":[\"https:\\\/\\\/www.eldiario.net\\\/portal\"],\"url\":\"https:\\\/\\\/www.eldiario.net\\\/portal\\\/author\\\/jeanette\\\/\"}]}<\/script>\n<!-- \/ Yoast SEO plugin. -->","yoast_head_json":{"title":"BID crear\u00e1 plataforma Bolivia Crece y destinar\u00e1 $us 4.500 millones a obras - El Diario - Bolivia","robots":{"index":"index","follow":"follow","max-snippet":"max-snippet:-1","max-image-preview":"max-image-preview:large","max-video-preview":"max-video-preview:-1"},"canonical":"https:\/\/www.eldiario.net\/portal\/2026\/01\/14\/bid-creara-plataforma-bolivia-crece-y-destinara-us-4-500-millones-a-obras\/","og_locale":"es_ES","og_type":"article","og_title":"BID crear\u00e1 plataforma Bolivia Crece y destinar\u00e1 $us 4.500 millones a obras - El Diario - Bolivia","og_description":"El Banco Interamericano de Desarrollo (BID) crear\u00e1 la plataforma Bolivia Crece y financiar\u00e1 4.500 millones de d\u00f3lares para proyectos econ\u00f3micos, sociales y energ\u00e9ticos a nivel nacional, por ello invit\u00f3 a presentar propuestas a los bolivianos. El presidente del Banco Interamericano de Desarrollo, Ilan Goldfajn, dijo que trae un paquete de 4.500 millones de d\u00f3lares para [&hellip;]","og_url":"https:\/\/www.eldiario.net\/portal\/2026\/01\/14\/bid-creara-plataforma-bolivia-crece-y-destinara-us-4-500-millones-a-obras\/","og_site_name":"El Diario - Bolivia","article_publisher":"https:\/\/www.facebook.com\/eldiario.bolivia\/","article_published_time":"2026-01-14T10:18:30+00:00","og_image":[{"width":1024,"height":724,"url":"https:\/\/www.eldiario.net\/portal\/wp-content\/uploads\/2026\/01\/bid-3.webp","type":"image\/webp"}],"author":"Jeanette","twitter_card":"summary_large_image","twitter_creator":"@eldiario_net","twitter_site":"@eldiario_net","twitter_misc":{"Escrito por":"Jeanette","Tiempo de lectura":"5 minutos"},"schema":{"@context":"https:\/\/schema.org","@graph":[{"@type":"Article","@id":"https:\/\/www.eldiario.net\/portal\/2026\/01\/14\/bid-creara-plataforma-bolivia-crece-y-destinara-us-4-500-millones-a-obras\/#article","isPartOf":{"@id":"https:\/\/www.eldiario.net\/portal\/2026\/01\/14\/bid-creara-plataforma-bolivia-crece-y-destinara-us-4-500-millones-a-obras\/"},"author":{"name":"Jeanette","@id":"https:\/\/www.eldiario.net\/portal\/#\/schema\/person\/f46445640444750d7d753ccd04ae01b7"},"headline":"BID crear\u00e1 plataforma Bolivia Crece y destinar\u00e1 $us 4.500 millones a obras","datePublished":"2026-01-14T10:18:30+00:00","mainEntityOfPage":{"@id":"https:\/\/www.eldiario.net\/portal\/2026\/01\/14\/bid-creara-plataforma-bolivia-crece-y-destinara-us-4-500-millones-a-obras\/"},"wordCount":1058,"publisher":{"@id":"https:\/\/www.eldiario.net\/portal\/#organization"},"image":{"@id":"https:\/\/www.eldiario.net\/portal\/2026\/01\/14\/bid-creara-plataforma-bolivia-crece-y-destinara-us-4-500-millones-a-obras\/#primaryimage"},"thumbnailUrl":"https:\/\/www.eldiario.net\/portal\/wp-content\/uploads\/2026\/01\/bid-3.webp","articleSection":["Econom\u00eda"],"inLanguage":"es"},{"@type":"WebPage","@id":"https:\/\/www.eldiario.net\/portal\/2026\/01\/14\/bid-creara-plataforma-bolivia-crece-y-destinara-us-4-500-millones-a-obras\/","url":"https:\/\/www.eldiario.net\/portal\/2026\/01\/14\/bid-creara-plataforma-bolivia-crece-y-destinara-us-4-500-millones-a-obras\/","name":"BID crear\u00e1 plataforma Bolivia Crece y destinar\u00e1 $us 4.500 millones a obras - El Diario - Bolivia","isPartOf":{"@id":"https:\/\/www.eldiario.net\/portal\/#website"},"primaryImageOfPage":{"@id":"https:\/\/www.eldiario.net\/portal\/2026\/01\/14\/bid-creara-plataforma-bolivia-crece-y-destinara-us-4-500-millones-a-obras\/#primaryimage"},"image":{"@id":"https:\/\/www.eldiario.net\/portal\/2026\/01\/14\/bid-creara-plataforma-bolivia-crece-y-destinara-us-4-500-millones-a-obras\/#primaryimage"},"thumbnailUrl":"https:\/\/www.eldiario.net\/portal\/wp-content\/uploads\/2026\/01\/bid-3.webp","datePublished":"2026-01-14T10:18:30+00:00","breadcrumb":{"@id":"https:\/\/www.eldiario.net\/portal\/2026\/01\/14\/bid-creara-plataforma-bolivia-crece-y-destinara-us-4-500-millones-a-obras\/#breadcrumb"},"inLanguage":"es","potentialAction":[{"@type":"ReadAction","target":["https:\/\/www.eldiario.net\/portal\/2026\/01\/14\/bid-creara-plataforma-bolivia-crece-y-destinara-us-4-500-millones-a-obras\/"]}]},{"@type":"ImageObject","inLanguage":"es","@id":"https:\/\/www.eldiario.net\/portal\/2026\/01\/14\/bid-creara-plataforma-bolivia-crece-y-destinara-us-4-500-millones-a-obras\/#primaryimage","url":"https:\/\/www.eldiario.net\/portal\/wp-content\/uploads\/2026\/01\/bid-3.webp","contentUrl":"https:\/\/www.eldiario.net\/portal\/wp-content\/uploads\/2026\/01\/bid-3.webp","width":1024,"height":724},{"@type":"BreadcrumbList","@id":"https:\/\/www.eldiario.net\/portal\/2026\/01\/14\/bid-creara-plataforma-bolivia-crece-y-destinara-us-4-500-millones-a-obras\/#breadcrumb","itemListElement":[{"@type":"ListItem","position":1,"name":"Portada","item":"https:\/\/www.eldiario.net\/portal\/"},{"@type":"ListItem","position":2,"name":"BID crear\u00e1 plataforma Bolivia Crece y destinar\u00e1 $us 4.500 millones a obras"}]},{"@type":"WebSite","@id":"https:\/\/www.eldiario.net\/portal\/#website","url":"https:\/\/www.eldiario.net\/portal\/","name":"El Diario - Decano de la prensa nacional","description":"El Diario - Decano de la prensa nacional","publisher":{"@id":"https:\/\/www.eldiario.net\/portal\/#organization"},"potentialAction":[{"@type":"SearchAction","target":{"@type":"EntryPoint","urlTemplate":"https:\/\/www.eldiario.net\/portal\/?s={search_term_string}"},"query-input":{"@type":"PropertyValueSpecification","valueRequired":true,"valueName":"search_term_string"}}],"inLanguage":"es"},{"@type":"Organization","@id":"https:\/\/www.eldiario.net\/portal\/#organization","name":"El Diario - Decano de la prensa nacional","url":"https:\/\/www.eldiario.net\/portal\/","logo":{"@type":"ImageObject","inLanguage":"es","@id":"https:\/\/www.eldiario.net\/portal\/#\/schema\/logo\/image\/","url":"https:\/\/www.eldiario.net\/portal\/wp-content\/uploads\/2023\/07\/logo_ED.jpg","contentUrl":"https:\/\/www.eldiario.net\/portal\/wp-content\/uploads\/2023\/07\/logo_ED.jpg","width":272,"height":52,"caption":"El Diario - Decano de la prensa nacional"},"image":{"@id":"https:\/\/www.eldiario.net\/portal\/#\/schema\/logo\/image\/"},"sameAs":["https:\/\/www.facebook.com\/eldiario.bolivia\/","https:\/\/x.com\/eldiario_net"]},{"@type":"Person","@id":"https:\/\/www.eldiario.net\/portal\/#\/schema\/person\/f46445640444750d7d753ccd04ae01b7","name":"Jeanette","image":{"@type":"ImageObject","inLanguage":"es","@id":"https:\/\/secure.gravatar.com\/avatar\/3ea2118a5f7dad2b7138b1187a6b7ee55f160b9968b66013c3a3ef39dd7e5798?s=96&d=mm&r=g","url":"https:\/\/secure.gravatar.com\/avatar\/3ea2118a5f7dad2b7138b1187a6b7ee55f160b9968b66013c3a3ef39dd7e5798?s=96&d=mm&r=g","contentUrl":"https:\/\/secure.gravatar.com\/avatar\/3ea2118a5f7dad2b7138b1187a6b7ee55f160b9968b66013c3a3ef39dd7e5798?s=96&d=mm&r=g","caption":"Jeanette"},"sameAs":["https:\/\/www.eldiario.net\/portal"],"url":"https:\/\/www.eldiario.net\/portal\/author\/jeanette\/"}]}},"_links":{"self":[{"href":"https:\/\/www.eldiario.net\/portal\/wp-json\/wp\/v2\/posts\/359814","targetHints":{"allow":["GET"]}}],"collection":[{"href":"https:\/\/www.eldiario.net\/portal\/wp-json\/wp\/v2\/posts"}],"about":[{"href":"https:\/\/www.eldiario.net\/portal\/wp-json\/wp\/v2\/types\/post"}],"author":[{"embeddable":true,"href":"https:\/\/www.eldiario.net\/portal\/wp-json\/wp\/v2\/users\/1"}],"replies":[{"embeddable":true,"href":"https:\/\/www.eldiario.net\/portal\/wp-json\/wp\/v2\/comments?post=359814"}],"version-history":[{"count":1,"href":"https:\/\/www.eldiario.net\/portal\/wp-json\/wp\/v2\/posts\/359814\/revisions"}],"predecessor-version":[{"id":359816,"href":"https:\/\/www.eldiario.net\/portal\/wp-json\/wp\/v2\/posts\/359814\/revisions\/359816"}],"wp:featuredmedia":[{"embeddable":true,"href":"https:\/\/www.eldiario.net\/portal\/wp-json\/wp\/v2\/media\/359815"}],"wp:attachment":[{"href":"https:\/\/www.eldiario.net\/portal\/wp-json\/wp\/v2\/media?parent=359814"}],"wp:term":[{"taxonomy":"category","embeddable":true,"href":"https:\/\/www.eldiario.net\/portal\/wp-json\/wp\/v2\/categories?post=359814"},{"taxonomy":"post_tag","embeddable":true,"href":"https:\/\/www.eldiario.net\/portal\/wp-json\/wp\/v2\/tags?post=359814"}],"curies":[{"name":"wp","href":"https:\/\/api.w.org\/{rel}","templated":true}]}}