{"id":359811,"date":"2026-01-14T06:17:17","date_gmt":"2026-01-14T10:17:17","guid":{"rendered":"https:\/\/www.eldiario.net\/portal\/?p=359811"},"modified":"2026-01-14T06:17:17","modified_gmt":"2026-01-14T10:17:17","slug":"pequenos-empresarios-esperan-ajustes-a-incentivos-para-formalizarse","status":"publish","type":"post","link":"https:\/\/www.eldiario.net\/portal\/2026\/01\/14\/pequenos-empresarios-esperan-ajustes-a-incentivos-para-formalizarse\/","title":{"rendered":"Peque\u00f1os empresarios esperan  ajustes a incentivos para formalizarse"},"content":{"rendered":"<p>Si bien el Gobierno busca formalizar a gran parte de los emprendimientos, los peque\u00f1os emprendimientos informales esperan ajustes a los incentivos para la formalizaci\u00f3n de sus actividades econ\u00f3micas y recibir los beneficios del mismo.<br \/>\nEl microempresario Rodrigo Garvizu Meza hace algunas observaciones, pues si bien la propuesta era buena, se deb\u00eda afinar el mismo para consolidarlo.<br \/>\nLos microempresarios no piden estar al margen del pago tributario. Solo plantean que \u00e9ste sea lo m\u00e1s equitativo posible, sostiene.<br \/>\nAs\u00ed, se sugiere un impuesto del 3%, del que la tercera parte se destine para la cobertura de salud, que proteja al microemprendedor y su familia.<br \/>\nTambi\u00e9n se observa que dos a\u00f1os es poco tiempo que se concede a los microempresarios para que se consoliden y pasen a la categor\u00eda del R\u00e9gimen General, donde sus obligaciones tributarias subir\u00e1n al 13 +3+25= 41%, cuando, adem\u00e1s, estos emprendedores adquieren sus insumos y materias primas de proveedores que no dan factura por sus ventas, por lo que sus gastos no ser\u00e1n deducibles, observa.<br \/>\nSi bien en el DS 5503 estaba la propuesta gubernamental, la misma fue abrogada, y ahora reci\u00e9n empezar\u00e1n a trabajar en una nueva normativa, que m\u00e1s apunta a proyecto de ley.<br \/>\nPero el emprendedor recuerda que esa norma, con similares caracter\u00edsticas, no es la primera en intentar dar un tratamiento especial a los microempresarios marginados de la legalidad.<br \/>\nUn intento similar encontramos en el Decreto Supremo N\u00b0 4298, del 24 de julio de 2020, del gobierno de Jeanine A\u00f1ez Ch\u00e1vez, cuyo Cap\u00edtulo II \u201cSistema tributario de apoyo al emprendimiento\u201d, tiene caracter\u00edsticas similares al contenido del DS 5503.<br \/>\nEstad\u00edsticas oficiales muestran que, en la actualidad, solo el 15% de los trabajadores forman parte de la econom\u00eda formal. El resto o es empleado de microempresas informales o es un microempresario informal, sobreviviendo como puede.<\/p>\n","protected":false},"excerpt":{"rendered":"<p>Si bien el Gobierno busca formalizar a gran parte de los emprendimientos, los peque\u00f1os emprendimientos informales esperan ajustes a los incentivos para la formalizaci\u00f3n de sus actividades econ\u00f3micas y recibir los beneficios del mismo. El microempresario Rodrigo Garvizu Meza hace algunas observaciones, pues si bien la propuesta era buena, se deb\u00eda afinar el mismo para [&hellip;]<\/p>\n","protected":false},"author":1,"featured_media":359812,"comment_status":"closed","ping_status":"open","sticky":false,"template":"","format":"standard","meta":{"_acf_changed":false,"footnotes":""},"categories":[7],"tags":[],"class_list":["post-359811","post","type-post","status-publish","format-standard","has-post-thumbnail","category-economia"],"acf":{"antetitulo":""},"yoast_head":"<!-- This site is optimized with the Yoast SEO plugin v28.3 - https:\/\/yoast.com\/product\/yoast-seo-wordpress\/ -->\n<title>Peque\u00f1os empresarios esperan ajustes a incentivos para formalizarse - El Diario - Bolivia<\/title>\n<meta name=\"robots\" content=\"index, follow, max-snippet:-1, max-image-preview:large, max-video-preview:-1\" \/>\n<link rel=\"canonical\" href=\"https:\/\/www.eldiario.net\/portal\/2026\/01\/14\/pequenos-empresarios-esperan-ajustes-a-incentivos-para-formalizarse\/\" \/>\n<meta property=\"og:locale\" content=\"es_ES\" \/>\n<meta property=\"og:type\" content=\"article\" \/>\n<meta property=\"og:title\" content=\"Peque\u00f1os empresarios esperan ajustes a incentivos para formalizarse - El Diario - Bolivia\" \/>\n<meta property=\"og:description\" content=\"Si bien el Gobierno busca formalizar a gran parte de los emprendimientos, los peque\u00f1os emprendimientos informales esperan ajustes a los incentivos para la formalizaci\u00f3n de sus actividades econ\u00f3micas y recibir los beneficios del mismo. El microempresario Rodrigo Garvizu Meza hace algunas observaciones, pues si bien la propuesta era buena, se deb\u00eda afinar el mismo para [&hellip;]\" \/>\n<meta property=\"og:url\" content=\"https:\/\/www.eldiario.net\/portal\/2026\/01\/14\/pequenos-empresarios-esperan-ajustes-a-incentivos-para-formalizarse\/\" \/>\n<meta property=\"og:site_name\" content=\"El Diario - Bolivia\" \/>\n<meta property=\"article:publisher\" content=\"https:\/\/www.facebook.com\/eldiario.bolivia\/\" \/>\n<meta property=\"article:published_time\" content=\"2026-01-14T10:17:17+00:00\" \/>\n<meta property=\"og:image\" content=\"https:\/\/www.eldiario.net\/portal\/wp-content\/uploads\/2026\/01\/micro.webp\" \/>\n\t<meta property=\"og:image:width\" content=\"318\" \/>\n\t<meta property=\"og:image:height\" content=\"159\" \/>\n\t<meta property=\"og:image:type\" content=\"image\/webp\" \/>\n<meta name=\"author\" content=\"Jeanette\" \/>\n<meta name=\"twitter:card\" content=\"summary_large_image\" \/>\n<meta name=\"twitter:creator\" content=\"@eldiario_net\" \/>\n<meta name=\"twitter:site\" content=\"@eldiario_net\" \/>\n<meta name=\"twitter:label1\" content=\"Escrito por\" \/>\n\t<meta name=\"twitter:data1\" content=\"Jeanette\" \/>\n\t<meta name=\"twitter:label2\" content=\"Tiempo de lectura\" \/>\n\t<meta name=\"twitter:data2\" content=\"2 minutos\" \/>\n<script type=\"application\/ld+json\" class=\"yoast-schema-graph\">{\"@context\":\"https:\\\/\\\/schema.org\",\"@graph\":[{\"@type\":\"Article\",\"@id\":\"https:\\\/\\\/www.eldiario.net\\\/portal\\\/2026\\\/01\\\/14\\\/pequenos-empresarios-esperan-ajustes-a-incentivos-para-formalizarse\\\/#article\",\"isPartOf\":{\"@id\":\"https:\\\/\\\/www.eldiario.net\\\/portal\\\/2026\\\/01\\\/14\\\/pequenos-empresarios-esperan-ajustes-a-incentivos-para-formalizarse\\\/\"},\"author\":{\"name\":\"Jeanette\",\"@id\":\"https:\\\/\\\/www.eldiario.net\\\/portal\\\/#\\\/schema\\\/person\\\/f46445640444750d7d753ccd04ae01b7\"},\"headline\":\"Peque\u00f1os empresarios esperan ajustes a incentivos para formalizarse\",\"datePublished\":\"2026-01-14T10:17:17+00:00\",\"mainEntityOfPage\":{\"@id\":\"https:\\\/\\\/www.eldiario.net\\\/portal\\\/2026\\\/01\\\/14\\\/pequenos-empresarios-esperan-ajustes-a-incentivos-para-formalizarse\\\/\"},\"wordCount\":319,\"publisher\":{\"@id\":\"https:\\\/\\\/www.eldiario.net\\\/portal\\\/#organization\"},\"image\":{\"@id\":\"https:\\\/\\\/www.eldiario.net\\\/portal\\\/2026\\\/01\\\/14\\\/pequenos-empresarios-esperan-ajustes-a-incentivos-para-formalizarse\\\/#primaryimage\"},\"thumbnailUrl\":\"https:\\\/\\\/www.eldiario.net\\\/portal\\\/wp-content\\\/uploads\\\/2026\\\/01\\\/micro.webp\",\"articleSection\":[\"Econom\u00eda\"],\"inLanguage\":\"es\"},{\"@type\":\"WebPage\",\"@id\":\"https:\\\/\\\/www.eldiario.net\\\/portal\\\/2026\\\/01\\\/14\\\/pequenos-empresarios-esperan-ajustes-a-incentivos-para-formalizarse\\\/\",\"url\":\"https:\\\/\\\/www.eldiario.net\\\/portal\\\/2026\\\/01\\\/14\\\/pequenos-empresarios-esperan-ajustes-a-incentivos-para-formalizarse\\\/\",\"name\":\"Peque\u00f1os empresarios esperan ajustes a incentivos para formalizarse - El Diario - Bolivia\",\"isPartOf\":{\"@id\":\"https:\\\/\\\/www.eldiario.net\\\/portal\\\/#website\"},\"primaryImageOfPage\":{\"@id\":\"https:\\\/\\\/www.eldiario.net\\\/portal\\\/2026\\\/01\\\/14\\\/pequenos-empresarios-esperan-ajustes-a-incentivos-para-formalizarse\\\/#primaryimage\"},\"image\":{\"@id\":\"https:\\\/\\\/www.eldiario.net\\\/portal\\\/2026\\\/01\\\/14\\\/pequenos-empresarios-esperan-ajustes-a-incentivos-para-formalizarse\\\/#primaryimage\"},\"thumbnailUrl\":\"https:\\\/\\\/www.eldiario.net\\\/portal\\\/wp-content\\\/uploads\\\/2026\\\/01\\\/micro.webp\",\"datePublished\":\"2026-01-14T10:17:17+00:00\",\"breadcrumb\":{\"@id\":\"https:\\\/\\\/www.eldiario.net\\\/portal\\\/2026\\\/01\\\/14\\\/pequenos-empresarios-esperan-ajustes-a-incentivos-para-formalizarse\\\/#breadcrumb\"},\"inLanguage\":\"es\",\"potentialAction\":[{\"@type\":\"ReadAction\",\"target\":[\"https:\\\/\\\/www.eldiario.net\\\/portal\\\/2026\\\/01\\\/14\\\/pequenos-empresarios-esperan-ajustes-a-incentivos-para-formalizarse\\\/\"]}]},{\"@type\":\"ImageObject\",\"inLanguage\":\"es\",\"@id\":\"https:\\\/\\\/www.eldiario.net\\\/portal\\\/2026\\\/01\\\/14\\\/pequenos-empresarios-esperan-ajustes-a-incentivos-para-formalizarse\\\/#primaryimage\",\"url\":\"https:\\\/\\\/www.eldiario.net\\\/portal\\\/wp-content\\\/uploads\\\/2026\\\/01\\\/micro.webp\",\"contentUrl\":\"https:\\\/\\\/www.eldiario.net\\\/portal\\\/wp-content\\\/uploads\\\/2026\\\/01\\\/micro.webp\",\"width\":318,\"height\":159,\"caption\":\"emprendimientos informales.\"},{\"@type\":\"BreadcrumbList\",\"@id\":\"https:\\\/\\\/www.eldiario.net\\\/portal\\\/2026\\\/01\\\/14\\\/pequenos-empresarios-esperan-ajustes-a-incentivos-para-formalizarse\\\/#breadcrumb\",\"itemListElement\":[{\"@type\":\"ListItem\",\"position\":1,\"name\":\"Portada\",\"item\":\"https:\\\/\\\/www.eldiario.net\\\/portal\\\/\"},{\"@type\":\"ListItem\",\"position\":2,\"name\":\"Peque\u00f1os empresarios esperan ajustes a incentivos para formalizarse\"}]},{\"@type\":\"WebSite\",\"@id\":\"https:\\\/\\\/www.eldiario.net\\\/portal\\\/#website\",\"url\":\"https:\\\/\\\/www.eldiario.net\\\/portal\\\/\",\"name\":\"El Diario - Decano de la prensa nacional\",\"description\":\"El Diario - Decano de la prensa nacional\",\"publisher\":{\"@id\":\"https:\\\/\\\/www.eldiario.net\\\/portal\\\/#organization\"},\"potentialAction\":[{\"@type\":\"SearchAction\",\"target\":{\"@type\":\"EntryPoint\",\"urlTemplate\":\"https:\\\/\\\/www.eldiario.net\\\/portal\\\/?s={search_term_string}\"},\"query-input\":{\"@type\":\"PropertyValueSpecification\",\"valueRequired\":true,\"valueName\":\"search_term_string\"}}],\"inLanguage\":\"es\"},{\"@type\":\"Organization\",\"@id\":\"https:\\\/\\\/www.eldiario.net\\\/portal\\\/#organization\",\"name\":\"El Diario - Decano de la prensa nacional\",\"url\":\"https:\\\/\\\/www.eldiario.net\\\/portal\\\/\",\"logo\":{\"@type\":\"ImageObject\",\"inLanguage\":\"es\",\"@id\":\"https:\\\/\\\/www.eldiario.net\\\/portal\\\/#\\\/schema\\\/logo\\\/image\\\/\",\"url\":\"https:\\\/\\\/www.eldiario.net\\\/portal\\\/wp-content\\\/uploads\\\/2023\\\/07\\\/logo_ED.jpg\",\"contentUrl\":\"https:\\\/\\\/www.eldiario.net\\\/portal\\\/wp-content\\\/uploads\\\/2023\\\/07\\\/logo_ED.jpg\",\"width\":272,\"height\":52,\"caption\":\"El Diario - Decano de la prensa nacional\"},\"image\":{\"@id\":\"https:\\\/\\\/www.eldiario.net\\\/portal\\\/#\\\/schema\\\/logo\\\/image\\\/\"},\"sameAs\":[\"https:\\\/\\\/www.facebook.com\\\/eldiario.bolivia\\\/\",\"https:\\\/\\\/x.com\\\/eldiario_net\"]},{\"@type\":\"Person\",\"@id\":\"https:\\\/\\\/www.eldiario.net\\\/portal\\\/#\\\/schema\\\/person\\\/f46445640444750d7d753ccd04ae01b7\",\"name\":\"Jeanette\",\"image\":{\"@type\":\"ImageObject\",\"inLanguage\":\"es\",\"@id\":\"https:\\\/\\\/secure.gravatar.com\\\/avatar\\\/3ea2118a5f7dad2b7138b1187a6b7ee55f160b9968b66013c3a3ef39dd7e5798?s=96&d=mm&r=g\",\"url\":\"https:\\\/\\\/secure.gravatar.com\\\/avatar\\\/3ea2118a5f7dad2b7138b1187a6b7ee55f160b9968b66013c3a3ef39dd7e5798?s=96&d=mm&r=g\",\"contentUrl\":\"https:\\\/\\\/secure.gravatar.com\\\/avatar\\\/3ea2118a5f7dad2b7138b1187a6b7ee55f160b9968b66013c3a3ef39dd7e5798?s=96&d=mm&r=g\",\"caption\":\"Jeanette\"},\"sameAs\":[\"https:\\\/\\\/www.eldiario.net\\\/portal\"],\"url\":\"https:\\\/\\\/www.eldiario.net\\\/portal\\\/author\\\/jeanette\\\/\"}]}<\/script>\n<!-- \/ Yoast SEO plugin. -->","yoast_head_json":{"title":"Peque\u00f1os empresarios esperan ajustes a incentivos para formalizarse - El Diario - Bolivia","robots":{"index":"index","follow":"follow","max-snippet":"max-snippet:-1","max-image-preview":"max-image-preview:large","max-video-preview":"max-video-preview:-1"},"canonical":"https:\/\/www.eldiario.net\/portal\/2026\/01\/14\/pequenos-empresarios-esperan-ajustes-a-incentivos-para-formalizarse\/","og_locale":"es_ES","og_type":"article","og_title":"Peque\u00f1os empresarios esperan ajustes a incentivos para formalizarse - El Diario - Bolivia","og_description":"Si bien el Gobierno busca formalizar a gran parte de los emprendimientos, los peque\u00f1os emprendimientos informales esperan ajustes a los incentivos para la formalizaci\u00f3n de sus actividades econ\u00f3micas y recibir los beneficios del mismo. El microempresario Rodrigo Garvizu Meza hace algunas observaciones, pues si bien la propuesta era buena, se deb\u00eda afinar el mismo para [&hellip;]","og_url":"https:\/\/www.eldiario.net\/portal\/2026\/01\/14\/pequenos-empresarios-esperan-ajustes-a-incentivos-para-formalizarse\/","og_site_name":"El Diario - Bolivia","article_publisher":"https:\/\/www.facebook.com\/eldiario.bolivia\/","article_published_time":"2026-01-14T10:17:17+00:00","og_image":[{"width":318,"height":159,"url":"https:\/\/www.eldiario.net\/portal\/wp-content\/uploads\/2026\/01\/micro.webp","type":"image\/webp"}],"author":"Jeanette","twitter_card":"summary_large_image","twitter_creator":"@eldiario_net","twitter_site":"@eldiario_net","twitter_misc":{"Escrito por":"Jeanette","Tiempo de lectura":"2 minutos"},"schema":{"@context":"https:\/\/schema.org","@graph":[{"@type":"Article","@id":"https:\/\/www.eldiario.net\/portal\/2026\/01\/14\/pequenos-empresarios-esperan-ajustes-a-incentivos-para-formalizarse\/#article","isPartOf":{"@id":"https:\/\/www.eldiario.net\/portal\/2026\/01\/14\/pequenos-empresarios-esperan-ajustes-a-incentivos-para-formalizarse\/"},"author":{"name":"Jeanette","@id":"https:\/\/www.eldiario.net\/portal\/#\/schema\/person\/f46445640444750d7d753ccd04ae01b7"},"headline":"Peque\u00f1os empresarios esperan ajustes a incentivos para formalizarse","datePublished":"2026-01-14T10:17:17+00:00","mainEntityOfPage":{"@id":"https:\/\/www.eldiario.net\/portal\/2026\/01\/14\/pequenos-empresarios-esperan-ajustes-a-incentivos-para-formalizarse\/"},"wordCount":319,"publisher":{"@id":"https:\/\/www.eldiario.net\/portal\/#organization"},"image":{"@id":"https:\/\/www.eldiario.net\/portal\/2026\/01\/14\/pequenos-empresarios-esperan-ajustes-a-incentivos-para-formalizarse\/#primaryimage"},"thumbnailUrl":"https:\/\/www.eldiario.net\/portal\/wp-content\/uploads\/2026\/01\/micro.webp","articleSection":["Econom\u00eda"],"inLanguage":"es"},{"@type":"WebPage","@id":"https:\/\/www.eldiario.net\/portal\/2026\/01\/14\/pequenos-empresarios-esperan-ajustes-a-incentivos-para-formalizarse\/","url":"https:\/\/www.eldiario.net\/portal\/2026\/01\/14\/pequenos-empresarios-esperan-ajustes-a-incentivos-para-formalizarse\/","name":"Peque\u00f1os empresarios esperan ajustes a incentivos para formalizarse - El Diario - Bolivia","isPartOf":{"@id":"https:\/\/www.eldiario.net\/portal\/#website"},"primaryImageOfPage":{"@id":"https:\/\/www.eldiario.net\/portal\/2026\/01\/14\/pequenos-empresarios-esperan-ajustes-a-incentivos-para-formalizarse\/#primaryimage"},"image":{"@id":"https:\/\/www.eldiario.net\/portal\/2026\/01\/14\/pequenos-empresarios-esperan-ajustes-a-incentivos-para-formalizarse\/#primaryimage"},"thumbnailUrl":"https:\/\/www.eldiario.net\/portal\/wp-content\/uploads\/2026\/01\/micro.webp","datePublished":"2026-01-14T10:17:17+00:00","breadcrumb":{"@id":"https:\/\/www.eldiario.net\/portal\/2026\/01\/14\/pequenos-empresarios-esperan-ajustes-a-incentivos-para-formalizarse\/#breadcrumb"},"inLanguage":"es","potentialAction":[{"@type":"ReadAction","target":["https:\/\/www.eldiario.net\/portal\/2026\/01\/14\/pequenos-empresarios-esperan-ajustes-a-incentivos-para-formalizarse\/"]}]},{"@type":"ImageObject","inLanguage":"es","@id":"https:\/\/www.eldiario.net\/portal\/2026\/01\/14\/pequenos-empresarios-esperan-ajustes-a-incentivos-para-formalizarse\/#primaryimage","url":"https:\/\/www.eldiario.net\/portal\/wp-content\/uploads\/2026\/01\/micro.webp","contentUrl":"https:\/\/www.eldiario.net\/portal\/wp-content\/uploads\/2026\/01\/micro.webp","width":318,"height":159,"caption":"emprendimientos informales."},{"@type":"BreadcrumbList","@id":"https:\/\/www.eldiario.net\/portal\/2026\/01\/14\/pequenos-empresarios-esperan-ajustes-a-incentivos-para-formalizarse\/#breadcrumb","itemListElement":[{"@type":"ListItem","position":1,"name":"Portada","item":"https:\/\/www.eldiario.net\/portal\/"},{"@type":"ListItem","position":2,"name":"Peque\u00f1os empresarios esperan ajustes a incentivos para formalizarse"}]},{"@type":"WebSite","@id":"https:\/\/www.eldiario.net\/portal\/#website","url":"https:\/\/www.eldiario.net\/portal\/","name":"El Diario - Decano de la prensa nacional","description":"El Diario - Decano de la prensa nacional","publisher":{"@id":"https:\/\/www.eldiario.net\/portal\/#organization"},"potentialAction":[{"@type":"SearchAction","target":{"@type":"EntryPoint","urlTemplate":"https:\/\/www.eldiario.net\/portal\/?s={search_term_string}"},"query-input":{"@type":"PropertyValueSpecification","valueRequired":true,"valueName":"search_term_string"}}],"inLanguage":"es"},{"@type":"Organization","@id":"https:\/\/www.eldiario.net\/portal\/#organization","name":"El Diario - Decano de la prensa nacional","url":"https:\/\/www.eldiario.net\/portal\/","logo":{"@type":"ImageObject","inLanguage":"es","@id":"https:\/\/www.eldiario.net\/portal\/#\/schema\/logo\/image\/","url":"https:\/\/www.eldiario.net\/portal\/wp-content\/uploads\/2023\/07\/logo_ED.jpg","contentUrl":"https:\/\/www.eldiario.net\/portal\/wp-content\/uploads\/2023\/07\/logo_ED.jpg","width":272,"height":52,"caption":"El Diario - Decano de la prensa nacional"},"image":{"@id":"https:\/\/www.eldiario.net\/portal\/#\/schema\/logo\/image\/"},"sameAs":["https:\/\/www.facebook.com\/eldiario.bolivia\/","https:\/\/x.com\/eldiario_net"]},{"@type":"Person","@id":"https:\/\/www.eldiario.net\/portal\/#\/schema\/person\/f46445640444750d7d753ccd04ae01b7","name":"Jeanette","image":{"@type":"ImageObject","inLanguage":"es","@id":"https:\/\/secure.gravatar.com\/avatar\/3ea2118a5f7dad2b7138b1187a6b7ee55f160b9968b66013c3a3ef39dd7e5798?s=96&d=mm&r=g","url":"https:\/\/secure.gravatar.com\/avatar\/3ea2118a5f7dad2b7138b1187a6b7ee55f160b9968b66013c3a3ef39dd7e5798?s=96&d=mm&r=g","contentUrl":"https:\/\/secure.gravatar.com\/avatar\/3ea2118a5f7dad2b7138b1187a6b7ee55f160b9968b66013c3a3ef39dd7e5798?s=96&d=mm&r=g","caption":"Jeanette"},"sameAs":["https:\/\/www.eldiario.net\/portal"],"url":"https:\/\/www.eldiario.net\/portal\/author\/jeanette\/"}]}},"_links":{"self":[{"href":"https:\/\/www.eldiario.net\/portal\/wp-json\/wp\/v2\/posts\/359811","targetHints":{"allow":["GET"]}}],"collection":[{"href":"https:\/\/www.eldiario.net\/portal\/wp-json\/wp\/v2\/posts"}],"about":[{"href":"https:\/\/www.eldiario.net\/portal\/wp-json\/wp\/v2\/types\/post"}],"author":[{"embeddable":true,"href":"https:\/\/www.eldiario.net\/portal\/wp-json\/wp\/v2\/users\/1"}],"replies":[{"embeddable":true,"href":"https:\/\/www.eldiario.net\/portal\/wp-json\/wp\/v2\/comments?post=359811"}],"version-history":[{"count":1,"href":"https:\/\/www.eldiario.net\/portal\/wp-json\/wp\/v2\/posts\/359811\/revisions"}],"predecessor-version":[{"id":359813,"href":"https:\/\/www.eldiario.net\/portal\/wp-json\/wp\/v2\/posts\/359811\/revisions\/359813"}],"wp:featuredmedia":[{"embeddable":true,"href":"https:\/\/www.eldiario.net\/portal\/wp-json\/wp\/v2\/media\/359812"}],"wp:attachment":[{"href":"https:\/\/www.eldiario.net\/portal\/wp-json\/wp\/v2\/media?parent=359811"}],"wp:term":[{"taxonomy":"category","embeddable":true,"href":"https:\/\/www.eldiario.net\/portal\/wp-json\/wp\/v2\/categories?post=359811"},{"taxonomy":"post_tag","embeddable":true,"href":"https:\/\/www.eldiario.net\/portal\/wp-json\/wp\/v2\/tags?post=359811"}],"curies":[{"name":"wp","href":"https:\/\/api.w.org\/{rel}","templated":true}]}}