{"id":359808,"date":"2026-01-14T06:16:47","date_gmt":"2026-01-14T10:16:47","guid":{"rendered":"https:\/\/www.eldiario.net\/portal\/?p=359808"},"modified":"2026-01-14T06:16:47","modified_gmt":"2026-01-14T10:16:47","slug":"economia-registrara-contraccion-en-su-crecimiento-en-2025-2026-y-2027","status":"publish","type":"post","link":"https:\/\/www.eldiario.net\/portal\/2026\/01\/14\/economia-registrara-contraccion-en-su-crecimiento-en-2025-2026-y-2027\/","title":{"rendered":"Econom\u00eda registrar\u00e1 contracci\u00f3n en  su crecimiento en 2025, 2026 y 2027"},"content":{"rendered":"<p>La nueva proyecci\u00f3n de crecimiento de las econom\u00edas del Banco Mundial se\u00f1ala que Bolivia registrar\u00e1 tres a\u00f1os consecutivos de contracci\u00f3n, empezando con el pasado a\u00f1o 2025 de -0,5%, en 2026 ser\u00e1 de -1,1% y en 2027 aumentar\u00e1 a -1,5%.<br \/>\nBolivia mantiene una estanflaci\u00f3n, es decir un crecimiento casi nulo y una alta inflaci\u00f3n, que ya empez\u00f3 el 2024, con una cifra de -1%, seg\u00fan los nuevos c\u00e1lculos con el a\u00f1o base de 2017.<br \/>\nEl 2025 no ser\u00eda la excepci\u00f3n, aunque con una leve reducci\u00f3n, medio punto porcentual, pero con una inflaci\u00f3n de pas\u00f3 el 20%, superior a lo se\u00f1alado en el Presupuesto General del Estrado (PGE) 2025 de 7,5%.<br \/>\nTampoco se cumpli\u00f3 el crecimiento estimado de 3,5%, ya que los organismos internacionales proyectan una cifra inferior a 1% y otros n\u00fameros negativos, como el Banco Mundial.<br \/>\nEste a\u00f1o, empez\u00f3 con protestas y bloqueos, que dejaron p\u00e9rdidas de 20 millones de d\u00f3lares d\u00eda, as\u00ed como carreteras y v\u00edas destruidas, y no hay quien se haga cargo de las reparaciones; sin embargo, los bolivianos con sus impuestos nuevamente ser\u00e1n los responsables de la reparaci\u00f3n.<br \/>\nMientras tanto, el Presupuesto General del Estado 2026 de Bolivia, enviado por el gobierno de Luis Arce, proyecta un crecimiento econ\u00f3mico de 0,9% del Producto Interno Bruto (PIB), una inflaci\u00f3n del 10,1% y un d\u00e9ficit fiscal elevado cercano al 10,9% del PIB.<br \/>\nEl ministro de Econom\u00eda y Finanzas P\u00fablicas, Gabriel Espinoza, inform\u00f3 la pasada gesti\u00f3n que hasta febrero se tendr\u00e1 un nuevo presupuesto, en donde se incluir\u00e1 la reducci\u00f3n del d\u00e9ficit fiscal, as\u00ed como los recursos destinados a las empresas p\u00fablicas y con nuevas proyecciones de datos macroecon\u00f3micos.<\/p>\n<p>Am\u00e9rica Latina<br \/>\nSeg\u00fan las estimaciones, la actividad econ\u00f3mica de Am\u00e9rica Latina y el Caribe creci\u00f3 un 2,2% en\u00a02025. Se calcula que para todo el 2025, las tasas de crecimiento del consumo privado y p\u00fablico, as\u00ed como de la inversi\u00f3n, fueron superiores a lo previsto en junio.<br \/>\nLa mayor demanda interna se vio respaldada por un crecimiento de las importaciones que super\u00f3 las expectativas. El aumento de los d\u00e9ficits en cuenta corriente estuvo acompa\u00f1ado por una apreciaci\u00f3n del tipo de cambio real m\u00e1s pronunciada que en otras regiones. En la mayor\u00eda de los pa\u00edses de Am\u00e9rica Latina y el Caribe, en 2025 las tasas de inflaci\u00f3n se mantuvieron dentro de los rangos establecidos como meta por los bancos centrales.<\/p>\n<p>Perspectivas<br \/>\nSe prev\u00e9 que el crecimiento regional aumentar\u00e1 gradualmente en los pr\u00f3ximos dos a\u00f1os. Se espera que en 2026 el crecimiento en Am\u00e9rica Latina y el Caribe se eleve ligeramente, hasta el 2,3%, ya que las tensiones comerciales y la incertidumbre que estas conllevan siguen siendo elevadas y la demanda interna permanece en niveles bajos en algunos pa\u00edses, lo que contrarrestar\u00e1 en parte el efecto positivo de la flexibilizaci\u00f3n de las condiciones financieras.<br \/>\nSeg\u00fan las previsiones, posteriormente el crecimiento regional se consolidar\u00e1 en un 2,6% en 2027, a medida que los flujos comerciales se recuperen y mejore la demanda interna.<br \/>\nPor otra parte, se proyecta que la actividad de Per\u00fa se expandir\u00e1 un 2,5% en\u00a02026 y\u00a02027, respaldada por la inversi\u00f3n en cobre e infraestructura.<\/p>\n","protected":false},"excerpt":{"rendered":"<p>La nueva proyecci\u00f3n de crecimiento de las econom\u00edas del Banco Mundial se\u00f1ala que Bolivia registrar\u00e1 tres a\u00f1os consecutivos de contracci\u00f3n, empezando con el pasado a\u00f1o 2025 de -0,5%, en 2026 ser\u00e1 de -1,1% y en 2027 aumentar\u00e1 a -1,5%. Bolivia mantiene una estanflaci\u00f3n, es decir un crecimiento casi nulo y una alta inflaci\u00f3n, que ya [&hellip;]<\/p>\n","protected":false},"author":1,"featured_media":359809,"comment_status":"closed","ping_status":"open","sticky":false,"template":"","format":"standard","meta":{"_acf_changed":false,"footnotes":""},"categories":[7],"tags":[],"class_list":["post-359808","post","type-post","status-publish","format-standard","has-post-thumbnail","category-economia"],"acf":{"antetitulo":""},"yoast_head":"<!-- This site is optimized with the Yoast SEO plugin v28.3 - https:\/\/yoast.com\/product\/yoast-seo-wordpress\/ -->\n<title>Econom\u00eda registrar\u00e1 contracci\u00f3n en su crecimiento en 2025, 2026 y 2027 - El Diario - Bolivia<\/title>\n<meta name=\"robots\" content=\"index, follow, max-snippet:-1, max-image-preview:large, max-video-preview:-1\" \/>\n<link rel=\"canonical\" href=\"https:\/\/www.eldiario.net\/portal\/2026\/01\/14\/economia-registrara-contraccion-en-su-crecimiento-en-2025-2026-y-2027\/\" \/>\n<meta property=\"og:locale\" content=\"es_ES\" \/>\n<meta property=\"og:type\" content=\"article\" \/>\n<meta property=\"og:title\" content=\"Econom\u00eda registrar\u00e1 contracci\u00f3n en su crecimiento en 2025, 2026 y 2027 - El Diario - Bolivia\" \/>\n<meta property=\"og:description\" content=\"La nueva proyecci\u00f3n de crecimiento de las econom\u00edas del Banco Mundial se\u00f1ala que Bolivia registrar\u00e1 tres a\u00f1os consecutivos de contracci\u00f3n, empezando con el pasado a\u00f1o 2025 de -0,5%, en 2026 ser\u00e1 de -1,1% y en 2027 aumentar\u00e1 a -1,5%. Bolivia mantiene una estanflaci\u00f3n, es decir un crecimiento casi nulo y una alta inflaci\u00f3n, que ya [&hellip;]\" \/>\n<meta property=\"og:url\" content=\"https:\/\/www.eldiario.net\/portal\/2026\/01\/14\/economia-registrara-contraccion-en-su-crecimiento-en-2025-2026-y-2027\/\" \/>\n<meta property=\"og:site_name\" content=\"El Diario - Bolivia\" \/>\n<meta property=\"article:publisher\" content=\"https:\/\/www.facebook.com\/eldiario.bolivia\/\" \/>\n<meta property=\"article:published_time\" content=\"2026-01-14T10:16:47+00:00\" \/>\n<meta property=\"og:image\" content=\"https:\/\/www.eldiario.net\/portal\/wp-content\/uploads\/2026\/01\/creci.webp\" \/>\n\t<meta property=\"og:image:width\" content=\"481\" \/>\n\t<meta property=\"og:image:height\" content=\"381\" \/>\n\t<meta property=\"og:image:type\" content=\"image\/webp\" \/>\n<meta name=\"author\" content=\"Jeanette\" \/>\n<meta name=\"twitter:card\" content=\"summary_large_image\" \/>\n<meta name=\"twitter:creator\" content=\"@eldiario_net\" \/>\n<meta name=\"twitter:site\" content=\"@eldiario_net\" \/>\n<meta name=\"twitter:label1\" content=\"Escrito por\" \/>\n\t<meta name=\"twitter:data1\" content=\"Jeanette\" \/>\n\t<meta name=\"twitter:label2\" content=\"Tiempo de lectura\" \/>\n\t<meta name=\"twitter:data2\" content=\"3 minutos\" \/>\n<script type=\"application\/ld+json\" class=\"yoast-schema-graph\">{\"@context\":\"https:\\\/\\\/schema.org\",\"@graph\":[{\"@type\":\"Article\",\"@id\":\"https:\\\/\\\/www.eldiario.net\\\/portal\\\/2026\\\/01\\\/14\\\/economia-registrara-contraccion-en-su-crecimiento-en-2025-2026-y-2027\\\/#article\",\"isPartOf\":{\"@id\":\"https:\\\/\\\/www.eldiario.net\\\/portal\\\/2026\\\/01\\\/14\\\/economia-registrara-contraccion-en-su-crecimiento-en-2025-2026-y-2027\\\/\"},\"author\":{\"name\":\"Jeanette\",\"@id\":\"https:\\\/\\\/www.eldiario.net\\\/portal\\\/#\\\/schema\\\/person\\\/f46445640444750d7d753ccd04ae01b7\"},\"headline\":\"Econom\u00eda registrar\u00e1 contracci\u00f3n en su crecimiento en 2025, 2026 y 2027\",\"datePublished\":\"2026-01-14T10:16:47+00:00\",\"mainEntityOfPage\":{\"@id\":\"https:\\\/\\\/www.eldiario.net\\\/portal\\\/2026\\\/01\\\/14\\\/economia-registrara-contraccion-en-su-crecimiento-en-2025-2026-y-2027\\\/\"},\"wordCount\":553,\"publisher\":{\"@id\":\"https:\\\/\\\/www.eldiario.net\\\/portal\\\/#organization\"},\"image\":{\"@id\":\"https:\\\/\\\/www.eldiario.net\\\/portal\\\/2026\\\/01\\\/14\\\/economia-registrara-contraccion-en-su-crecimiento-en-2025-2026-y-2027\\\/#primaryimage\"},\"thumbnailUrl\":\"https:\\\/\\\/www.eldiario.net\\\/portal\\\/wp-content\\\/uploads\\\/2026\\\/01\\\/creci.webp\",\"articleSection\":[\"Econom\u00eda\"],\"inLanguage\":\"es\"},{\"@type\":\"WebPage\",\"@id\":\"https:\\\/\\\/www.eldiario.net\\\/portal\\\/2026\\\/01\\\/14\\\/economia-registrara-contraccion-en-su-crecimiento-en-2025-2026-y-2027\\\/\",\"url\":\"https:\\\/\\\/www.eldiario.net\\\/portal\\\/2026\\\/01\\\/14\\\/economia-registrara-contraccion-en-su-crecimiento-en-2025-2026-y-2027\\\/\",\"name\":\"Econom\u00eda registrar\u00e1 contracci\u00f3n en su crecimiento en 2025, 2026 y 2027 - El Diario - Bolivia\",\"isPartOf\":{\"@id\":\"https:\\\/\\\/www.eldiario.net\\\/portal\\\/#website\"},\"primaryImageOfPage\":{\"@id\":\"https:\\\/\\\/www.eldiario.net\\\/portal\\\/2026\\\/01\\\/14\\\/economia-registrara-contraccion-en-su-crecimiento-en-2025-2026-y-2027\\\/#primaryimage\"},\"image\":{\"@id\":\"https:\\\/\\\/www.eldiario.net\\\/portal\\\/2026\\\/01\\\/14\\\/economia-registrara-contraccion-en-su-crecimiento-en-2025-2026-y-2027\\\/#primaryimage\"},\"thumbnailUrl\":\"https:\\\/\\\/www.eldiario.net\\\/portal\\\/wp-content\\\/uploads\\\/2026\\\/01\\\/creci.webp\",\"datePublished\":\"2026-01-14T10:16:47+00:00\",\"breadcrumb\":{\"@id\":\"https:\\\/\\\/www.eldiario.net\\\/portal\\\/2026\\\/01\\\/14\\\/economia-registrara-contraccion-en-su-crecimiento-en-2025-2026-y-2027\\\/#breadcrumb\"},\"inLanguage\":\"es\",\"potentialAction\":[{\"@type\":\"ReadAction\",\"target\":[\"https:\\\/\\\/www.eldiario.net\\\/portal\\\/2026\\\/01\\\/14\\\/economia-registrara-contraccion-en-su-crecimiento-en-2025-2026-y-2027\\\/\"]}]},{\"@type\":\"ImageObject\",\"inLanguage\":\"es\",\"@id\":\"https:\\\/\\\/www.eldiario.net\\\/portal\\\/2026\\\/01\\\/14\\\/economia-registrara-contraccion-en-su-crecimiento-en-2025-2026-y-2027\\\/#primaryimage\",\"url\":\"https:\\\/\\\/www.eldiario.net\\\/portal\\\/wp-content\\\/uploads\\\/2026\\\/01\\\/creci.webp\",\"contentUrl\":\"https:\\\/\\\/www.eldiario.net\\\/portal\\\/wp-content\\\/uploads\\\/2026\\\/01\\\/creci.webp\",\"width\":481,\"height\":381},{\"@type\":\"BreadcrumbList\",\"@id\":\"https:\\\/\\\/www.eldiario.net\\\/portal\\\/2026\\\/01\\\/14\\\/economia-registrara-contraccion-en-su-crecimiento-en-2025-2026-y-2027\\\/#breadcrumb\",\"itemListElement\":[{\"@type\":\"ListItem\",\"position\":1,\"name\":\"Portada\",\"item\":\"https:\\\/\\\/www.eldiario.net\\\/portal\\\/\"},{\"@type\":\"ListItem\",\"position\":2,\"name\":\"Econom\u00eda registrar\u00e1 contracci\u00f3n en su crecimiento en 2025, 2026 y 2027\"}]},{\"@type\":\"WebSite\",\"@id\":\"https:\\\/\\\/www.eldiario.net\\\/portal\\\/#website\",\"url\":\"https:\\\/\\\/www.eldiario.net\\\/portal\\\/\",\"name\":\"El Diario - Decano de la prensa nacional\",\"description\":\"El Diario - Decano de la prensa nacional\",\"publisher\":{\"@id\":\"https:\\\/\\\/www.eldiario.net\\\/portal\\\/#organization\"},\"potentialAction\":[{\"@type\":\"SearchAction\",\"target\":{\"@type\":\"EntryPoint\",\"urlTemplate\":\"https:\\\/\\\/www.eldiario.net\\\/portal\\\/?s={search_term_string}\"},\"query-input\":{\"@type\":\"PropertyValueSpecification\",\"valueRequired\":true,\"valueName\":\"search_term_string\"}}],\"inLanguage\":\"es\"},{\"@type\":\"Organization\",\"@id\":\"https:\\\/\\\/www.eldiario.net\\\/portal\\\/#organization\",\"name\":\"El Diario - Decano de la prensa nacional\",\"url\":\"https:\\\/\\\/www.eldiario.net\\\/portal\\\/\",\"logo\":{\"@type\":\"ImageObject\",\"inLanguage\":\"es\",\"@id\":\"https:\\\/\\\/www.eldiario.net\\\/portal\\\/#\\\/schema\\\/logo\\\/image\\\/\",\"url\":\"https:\\\/\\\/www.eldiario.net\\\/portal\\\/wp-content\\\/uploads\\\/2023\\\/07\\\/logo_ED.jpg\",\"contentUrl\":\"https:\\\/\\\/www.eldiario.net\\\/portal\\\/wp-content\\\/uploads\\\/2023\\\/07\\\/logo_ED.jpg\",\"width\":272,\"height\":52,\"caption\":\"El Diario - Decano de la prensa nacional\"},\"image\":{\"@id\":\"https:\\\/\\\/www.eldiario.net\\\/portal\\\/#\\\/schema\\\/logo\\\/image\\\/\"},\"sameAs\":[\"https:\\\/\\\/www.facebook.com\\\/eldiario.bolivia\\\/\",\"https:\\\/\\\/x.com\\\/eldiario_net\"]},{\"@type\":\"Person\",\"@id\":\"https:\\\/\\\/www.eldiario.net\\\/portal\\\/#\\\/schema\\\/person\\\/f46445640444750d7d753ccd04ae01b7\",\"name\":\"Jeanette\",\"image\":{\"@type\":\"ImageObject\",\"inLanguage\":\"es\",\"@id\":\"https:\\\/\\\/secure.gravatar.com\\\/avatar\\\/3ea2118a5f7dad2b7138b1187a6b7ee55f160b9968b66013c3a3ef39dd7e5798?s=96&d=mm&r=g\",\"url\":\"https:\\\/\\\/secure.gravatar.com\\\/avatar\\\/3ea2118a5f7dad2b7138b1187a6b7ee55f160b9968b66013c3a3ef39dd7e5798?s=96&d=mm&r=g\",\"contentUrl\":\"https:\\\/\\\/secure.gravatar.com\\\/avatar\\\/3ea2118a5f7dad2b7138b1187a6b7ee55f160b9968b66013c3a3ef39dd7e5798?s=96&d=mm&r=g\",\"caption\":\"Jeanette\"},\"sameAs\":[\"https:\\\/\\\/www.eldiario.net\\\/portal\"],\"url\":\"https:\\\/\\\/www.eldiario.net\\\/portal\\\/author\\\/jeanette\\\/\"}]}<\/script>\n<!-- \/ Yoast SEO plugin. -->","yoast_head_json":{"title":"Econom\u00eda registrar\u00e1 contracci\u00f3n en su crecimiento en 2025, 2026 y 2027 - El Diario - Bolivia","robots":{"index":"index","follow":"follow","max-snippet":"max-snippet:-1","max-image-preview":"max-image-preview:large","max-video-preview":"max-video-preview:-1"},"canonical":"https:\/\/www.eldiario.net\/portal\/2026\/01\/14\/economia-registrara-contraccion-en-su-crecimiento-en-2025-2026-y-2027\/","og_locale":"es_ES","og_type":"article","og_title":"Econom\u00eda registrar\u00e1 contracci\u00f3n en su crecimiento en 2025, 2026 y 2027 - El Diario - Bolivia","og_description":"La nueva proyecci\u00f3n de crecimiento de las econom\u00edas del Banco Mundial se\u00f1ala que Bolivia registrar\u00e1 tres a\u00f1os consecutivos de contracci\u00f3n, empezando con el pasado a\u00f1o 2025 de -0,5%, en 2026 ser\u00e1 de -1,1% y en 2027 aumentar\u00e1 a -1,5%. Bolivia mantiene una estanflaci\u00f3n, es decir un crecimiento casi nulo y una alta inflaci\u00f3n, que ya [&hellip;]","og_url":"https:\/\/www.eldiario.net\/portal\/2026\/01\/14\/economia-registrara-contraccion-en-su-crecimiento-en-2025-2026-y-2027\/","og_site_name":"El Diario - Bolivia","article_publisher":"https:\/\/www.facebook.com\/eldiario.bolivia\/","article_published_time":"2026-01-14T10:16:47+00:00","og_image":[{"width":481,"height":381,"url":"https:\/\/www.eldiario.net\/portal\/wp-content\/uploads\/2026\/01\/creci.webp","type":"image\/webp"}],"author":"Jeanette","twitter_card":"summary_large_image","twitter_creator":"@eldiario_net","twitter_site":"@eldiario_net","twitter_misc":{"Escrito por":"Jeanette","Tiempo de lectura":"3 minutos"},"schema":{"@context":"https:\/\/schema.org","@graph":[{"@type":"Article","@id":"https:\/\/www.eldiario.net\/portal\/2026\/01\/14\/economia-registrara-contraccion-en-su-crecimiento-en-2025-2026-y-2027\/#article","isPartOf":{"@id":"https:\/\/www.eldiario.net\/portal\/2026\/01\/14\/economia-registrara-contraccion-en-su-crecimiento-en-2025-2026-y-2027\/"},"author":{"name":"Jeanette","@id":"https:\/\/www.eldiario.net\/portal\/#\/schema\/person\/f46445640444750d7d753ccd04ae01b7"},"headline":"Econom\u00eda registrar\u00e1 contracci\u00f3n en su crecimiento en 2025, 2026 y 2027","datePublished":"2026-01-14T10:16:47+00:00","mainEntityOfPage":{"@id":"https:\/\/www.eldiario.net\/portal\/2026\/01\/14\/economia-registrara-contraccion-en-su-crecimiento-en-2025-2026-y-2027\/"},"wordCount":553,"publisher":{"@id":"https:\/\/www.eldiario.net\/portal\/#organization"},"image":{"@id":"https:\/\/www.eldiario.net\/portal\/2026\/01\/14\/economia-registrara-contraccion-en-su-crecimiento-en-2025-2026-y-2027\/#primaryimage"},"thumbnailUrl":"https:\/\/www.eldiario.net\/portal\/wp-content\/uploads\/2026\/01\/creci.webp","articleSection":["Econom\u00eda"],"inLanguage":"es"},{"@type":"WebPage","@id":"https:\/\/www.eldiario.net\/portal\/2026\/01\/14\/economia-registrara-contraccion-en-su-crecimiento-en-2025-2026-y-2027\/","url":"https:\/\/www.eldiario.net\/portal\/2026\/01\/14\/economia-registrara-contraccion-en-su-crecimiento-en-2025-2026-y-2027\/","name":"Econom\u00eda registrar\u00e1 contracci\u00f3n en su crecimiento en 2025, 2026 y 2027 - El Diario - Bolivia","isPartOf":{"@id":"https:\/\/www.eldiario.net\/portal\/#website"},"primaryImageOfPage":{"@id":"https:\/\/www.eldiario.net\/portal\/2026\/01\/14\/economia-registrara-contraccion-en-su-crecimiento-en-2025-2026-y-2027\/#primaryimage"},"image":{"@id":"https:\/\/www.eldiario.net\/portal\/2026\/01\/14\/economia-registrara-contraccion-en-su-crecimiento-en-2025-2026-y-2027\/#primaryimage"},"thumbnailUrl":"https:\/\/www.eldiario.net\/portal\/wp-content\/uploads\/2026\/01\/creci.webp","datePublished":"2026-01-14T10:16:47+00:00","breadcrumb":{"@id":"https:\/\/www.eldiario.net\/portal\/2026\/01\/14\/economia-registrara-contraccion-en-su-crecimiento-en-2025-2026-y-2027\/#breadcrumb"},"inLanguage":"es","potentialAction":[{"@type":"ReadAction","target":["https:\/\/www.eldiario.net\/portal\/2026\/01\/14\/economia-registrara-contraccion-en-su-crecimiento-en-2025-2026-y-2027\/"]}]},{"@type":"ImageObject","inLanguage":"es","@id":"https:\/\/www.eldiario.net\/portal\/2026\/01\/14\/economia-registrara-contraccion-en-su-crecimiento-en-2025-2026-y-2027\/#primaryimage","url":"https:\/\/www.eldiario.net\/portal\/wp-content\/uploads\/2026\/01\/creci.webp","contentUrl":"https:\/\/www.eldiario.net\/portal\/wp-content\/uploads\/2026\/01\/creci.webp","width":481,"height":381},{"@type":"BreadcrumbList","@id":"https:\/\/www.eldiario.net\/portal\/2026\/01\/14\/economia-registrara-contraccion-en-su-crecimiento-en-2025-2026-y-2027\/#breadcrumb","itemListElement":[{"@type":"ListItem","position":1,"name":"Portada","item":"https:\/\/www.eldiario.net\/portal\/"},{"@type":"ListItem","position":2,"name":"Econom\u00eda registrar\u00e1 contracci\u00f3n en su crecimiento en 2025, 2026 y 2027"}]},{"@type":"WebSite","@id":"https:\/\/www.eldiario.net\/portal\/#website","url":"https:\/\/www.eldiario.net\/portal\/","name":"El Diario - Decano de la prensa nacional","description":"El Diario - Decano de la prensa nacional","publisher":{"@id":"https:\/\/www.eldiario.net\/portal\/#organization"},"potentialAction":[{"@type":"SearchAction","target":{"@type":"EntryPoint","urlTemplate":"https:\/\/www.eldiario.net\/portal\/?s={search_term_string}"},"query-input":{"@type":"PropertyValueSpecification","valueRequired":true,"valueName":"search_term_string"}}],"inLanguage":"es"},{"@type":"Organization","@id":"https:\/\/www.eldiario.net\/portal\/#organization","name":"El Diario - Decano de la prensa nacional","url":"https:\/\/www.eldiario.net\/portal\/","logo":{"@type":"ImageObject","inLanguage":"es","@id":"https:\/\/www.eldiario.net\/portal\/#\/schema\/logo\/image\/","url":"https:\/\/www.eldiario.net\/portal\/wp-content\/uploads\/2023\/07\/logo_ED.jpg","contentUrl":"https:\/\/www.eldiario.net\/portal\/wp-content\/uploads\/2023\/07\/logo_ED.jpg","width":272,"height":52,"caption":"El Diario - Decano de la prensa nacional"},"image":{"@id":"https:\/\/www.eldiario.net\/portal\/#\/schema\/logo\/image\/"},"sameAs":["https:\/\/www.facebook.com\/eldiario.bolivia\/","https:\/\/x.com\/eldiario_net"]},{"@type":"Person","@id":"https:\/\/www.eldiario.net\/portal\/#\/schema\/person\/f46445640444750d7d753ccd04ae01b7","name":"Jeanette","image":{"@type":"ImageObject","inLanguage":"es","@id":"https:\/\/secure.gravatar.com\/avatar\/3ea2118a5f7dad2b7138b1187a6b7ee55f160b9968b66013c3a3ef39dd7e5798?s=96&d=mm&r=g","url":"https:\/\/secure.gravatar.com\/avatar\/3ea2118a5f7dad2b7138b1187a6b7ee55f160b9968b66013c3a3ef39dd7e5798?s=96&d=mm&r=g","contentUrl":"https:\/\/secure.gravatar.com\/avatar\/3ea2118a5f7dad2b7138b1187a6b7ee55f160b9968b66013c3a3ef39dd7e5798?s=96&d=mm&r=g","caption":"Jeanette"},"sameAs":["https:\/\/www.eldiario.net\/portal"],"url":"https:\/\/www.eldiario.net\/portal\/author\/jeanette\/"}]}},"_links":{"self":[{"href":"https:\/\/www.eldiario.net\/portal\/wp-json\/wp\/v2\/posts\/359808","targetHints":{"allow":["GET"]}}],"collection":[{"href":"https:\/\/www.eldiario.net\/portal\/wp-json\/wp\/v2\/posts"}],"about":[{"href":"https:\/\/www.eldiario.net\/portal\/wp-json\/wp\/v2\/types\/post"}],"author":[{"embeddable":true,"href":"https:\/\/www.eldiario.net\/portal\/wp-json\/wp\/v2\/users\/1"}],"replies":[{"embeddable":true,"href":"https:\/\/www.eldiario.net\/portal\/wp-json\/wp\/v2\/comments?post=359808"}],"version-history":[{"count":1,"href":"https:\/\/www.eldiario.net\/portal\/wp-json\/wp\/v2\/posts\/359808\/revisions"}],"predecessor-version":[{"id":359810,"href":"https:\/\/www.eldiario.net\/portal\/wp-json\/wp\/v2\/posts\/359808\/revisions\/359810"}],"wp:featuredmedia":[{"embeddable":true,"href":"https:\/\/www.eldiario.net\/portal\/wp-json\/wp\/v2\/media\/359809"}],"wp:attachment":[{"href":"https:\/\/www.eldiario.net\/portal\/wp-json\/wp\/v2\/media?parent=359808"}],"wp:term":[{"taxonomy":"category","embeddable":true,"href":"https:\/\/www.eldiario.net\/portal\/wp-json\/wp\/v2\/categories?post=359808"},{"taxonomy":"post_tag","embeddable":true,"href":"https:\/\/www.eldiario.net\/portal\/wp-json\/wp\/v2\/tags?post=359808"}],"curies":[{"name":"wp","href":"https:\/\/api.w.org\/{rel}","templated":true}]}}