{"id":359806,"date":"2026-01-14T06:15:56","date_gmt":"2026-01-14T10:15:56","guid":{"rendered":"https:\/\/www.eldiario.net\/portal\/?p=359806"},"modified":"2026-01-14T06:15:56","modified_gmt":"2026-01-14T10:15:56","slug":"no-es-una-tarea-facil-pero-es-necesaria","status":"publish","type":"post","link":"https:\/\/www.eldiario.net\/portal\/2026\/01\/14\/no-es-una-tarea-facil-pero-es-necesaria\/","title":{"rendered":"No es una tarea f\u00e1cil, pero es necesaria"},"content":{"rendered":"<p>En sus 24 d\u00edas de vigencia y tras su derogaci\u00f3n, el DS 5503 dej\u00f3 como resultado: la eliminaci\u00f3n de la subvenci\u00f3n a los carburantes, el aumento del 20% al salario m\u00ednimo, seis d\u00edas de bloqueos que afectaron a siete departamentos, 600 millones de d\u00f3lares perdidos, rearticulaci\u00f3n de las dirigencias radicales, el despertar de un pa\u00eds dividido, la primera derrota pol\u00edtica del gobierno y el retorno de la incertidumbre econ\u00f3mica.<br \/>\nPese a algunas deficiencias internas, el decreto fue coherente e intent\u00f3 dise\u00f1ar una ruta viable e integral para detener los efectos de la crisis. Sin demagogia, pretendi\u00f3 responder al colapso fiscal, monetario y productivo que ya no admite maquillaje ni dilaciones, y que precisa transformaciones profundas y significativas.<br \/>\nDesde su promulgaci\u00f3n resultaba evidente que requer\u00eda respaldo pol\u00edtico, apoyo internacional y, sobre todo, un consenso social m\u00ednimo para ser sostenible. Adem\u00e1s, estaba claro que enfrentar\u00eda una oposici\u00f3n feroz, principalmente de los resabios del viejo r\u00e9gimen y de las castas sindicales que estaban perdiendo privilegios, poder e impunidad.<br \/>\nEn el fondo, el eje del conflicto no eran los art\u00edculos ni la jerarqu\u00eda jur\u00eddica; sino la colisi\u00f3n inevitable entre dos visiones opuestas del pa\u00eds: el pasado populista y estatista que se resiste a morir y un futuro liberal y democr\u00e1tico que a\u00fan no puede nacer.<br \/>\nSer\u00eda un error atribuir el fracaso \u00fanicamente a estos actores pol\u00edticos. Sectores amplios de la poblaci\u00f3n est\u00e1n sufriendo con mayor rigor los efectos de un ajuste que inevitablemente produce inflaci\u00f3n, ca\u00edda del empleo, p\u00e9rdida del poder adquisitivo y contracci\u00f3n de la demanda.<br \/>\nEn lo pol\u00edtico, lo sucedido el pasado domingo acab\u00f3 con la celebraci\u00f3n de la victoria electoral de octubre e inici\u00f3 la etapa m\u00e1s dif\u00edcil y decisiva, cuyo objetivo es desmontar del modelo econ\u00f3mico. A\u00fan est\u00e1n en carpeta otras fases no menos complejas, como la institucionalidad y el ajuste de los poderes p\u00fablicos, la reforma de la justicia, y la batalla cultural. Estas tareas van a requerir esfuerzos a\u00fan mayores.<br \/>\nLa ca\u00edda del DS 5503 es, ante todo, el fracaso estrat\u00e9gico de un gobierno que opt\u00f3 por una pol\u00edtica de \u201cfast track\u201d, pretendiendo acelerar el proceso de transici\u00f3n mediante la superposici\u00f3n de fases, sin haber consolidado su estructura interna de poder. Adem\u00e1s, le falt\u00f3 perspicacia para entender que la debacle del MAS no arrastraba consigo a las organizaciones sociales, y que estos movimientos siguen vigentes y empoderados tras 20 a\u00f1os de control y organizaci\u00f3n.<br \/>\nLa visi\u00f3n \u00fanicamente economicista, la ausencia de voceros pol\u00edticos en el \u00e1rea rural, el silencio de los parlamentarios, y la falta de una pol\u00edtica de comunicaci\u00f3n eficiente, develaron la debilidad de un gobierno que no ten\u00eda la capacidad para enfrentar por si sola una empresa que lo superaba en capacidad, recursos y aliados.<br \/>\nLas desinteligencias y el desorden interno tambi\u00e9n quedaron demostrados en la incomprensible inclusi\u00f3n de temas controversiales como el medio ambiente, los recursos de las alcald\u00edas o el rol del vicepresidente, que lejos de distraer, aportaron a la legitimaci\u00f3n de la narrativa opositora.<br \/>\nSin embargo, no podemos quedarnos solo en los errores y la autoflagelaci\u00f3n. Este tropiezo debiera ser una oportunidad para que la administraci\u00f3n del presidente Paz asuma que ya no es tiempo de campa\u00f1a electoral ni de controversias medi\u00e1ticas: es tiempo de gobernar. Sobre todo, de entender que los cambios requieren algo m\u00e1s que normas y discursos: necesitan un gobierno claro en sus objetivos, eficiente en su estrategia, seguro en sus determinaciones, l\u00facido en sus diagn\u00f3sticos, honesto en su propuesta y transparente en su actuaci\u00f3n. Se requiere un liderazgo comprometido, s\u00f3lido, generoso e inclusivo, pero firme en el momento de tomar decisiones.<br \/>\nLas crisis no se supera solo con medidas t\u00e9cnicamente adecuadas, sino con claridad estrat\u00e9gica, conducci\u00f3n pol\u00edtica y respaldo social. El desaf\u00edo no es solo corregir errores, sino reconstruir confianza en un momento l\u00edmite. Gobernar hoy implica asumir costos, incluso cuando duele, ordenar prioridades y planificar con inteligencia y realismo. Porque las transiciones reales no se las anuncia: se las conduce.<\/p>\n<p>El autor es Industrial y ex Presidente de la Confederaci\u00f3n de Empresarios Privados de Bolivia.<\/p>\n","protected":false},"excerpt":{"rendered":"<p>En sus 24 d\u00edas de vigencia y tras su derogaci\u00f3n, el DS 5503 dej\u00f3 como resultado: la eliminaci\u00f3n de la subvenci\u00f3n a los carburantes, el aumento del 20% al salario m\u00ednimo, seis d\u00edas de bloqueos que afectaron a siete departamentos, 600 millones de d\u00f3lares perdidos, rearticulaci\u00f3n de las dirigencias radicales, el despertar de un pa\u00eds [&hellip;]<\/p>\n","protected":false},"author":1,"featured_media":188324,"comment_status":"closed","ping_status":"open","sticky":false,"template":"","format":"standard","meta":{"_acf_changed":false,"footnotes":""},"categories":[9],"tags":[],"class_list":["post-359806","post","type-post","status-publish","format-standard","has-post-thumbnail","category-opinion"],"acf":{"antetitulo":""},"yoast_head":"<!-- This site is optimized with the Yoast SEO plugin v28.3 - https:\/\/yoast.com\/product\/yoast-seo-wordpress\/ -->\n<title>No es una tarea f\u00e1cil, pero es necesaria - El Diario - Bolivia<\/title>\n<meta name=\"robots\" content=\"index, follow, max-snippet:-1, max-image-preview:large, max-video-preview:-1\" \/>\n<link rel=\"canonical\" href=\"https:\/\/www.eldiario.net\/portal\/2026\/01\/14\/no-es-una-tarea-facil-pero-es-necesaria\/\" \/>\n<meta property=\"og:locale\" content=\"es_ES\" \/>\n<meta property=\"og:type\" content=\"article\" \/>\n<meta property=\"og:title\" content=\"No es una tarea f\u00e1cil, pero es necesaria - El Diario - Bolivia\" \/>\n<meta property=\"og:description\" content=\"En sus 24 d\u00edas de vigencia y tras su derogaci\u00f3n, el DS 5503 dej\u00f3 como resultado: la eliminaci\u00f3n de la subvenci\u00f3n a los carburantes, el aumento del 20% al salario m\u00ednimo, seis d\u00edas de bloqueos que afectaron a siete departamentos, 600 millones de d\u00f3lares perdidos, rearticulaci\u00f3n de las dirigencias radicales, el despertar de un pa\u00eds [&hellip;]\" \/>\n<meta property=\"og:url\" content=\"https:\/\/www.eldiario.net\/portal\/2026\/01\/14\/no-es-una-tarea-facil-pero-es-necesaria\/\" \/>\n<meta property=\"og:site_name\" content=\"El Diario - Bolivia\" \/>\n<meta property=\"article:publisher\" content=\"https:\/\/www.facebook.com\/eldiario.bolivia\/\" \/>\n<meta property=\"article:published_time\" content=\"2026-01-14T10:15:56+00:00\" \/>\n<meta property=\"og:image\" content=\"https:\/\/www.eldiario.net\/portal\/wp-content\/uploads\/2023\/11\/Ronald-Nostas-Ardaya.jpg\" \/>\n\t<meta property=\"og:image:width\" content=\"1200\" \/>\n\t<meta property=\"og:image:height\" content=\"628\" \/>\n\t<meta property=\"og:image:type\" content=\"image\/jpeg\" \/>\n<meta name=\"author\" content=\"Jeanette\" \/>\n<meta name=\"twitter:card\" content=\"summary_large_image\" \/>\n<meta name=\"twitter:creator\" content=\"@eldiario_net\" \/>\n<meta name=\"twitter:site\" content=\"@eldiario_net\" \/>\n<meta name=\"twitter:label1\" content=\"Escrito por\" \/>\n\t<meta name=\"twitter:data1\" content=\"Jeanette\" \/>\n\t<meta name=\"twitter:label2\" content=\"Tiempo de lectura\" \/>\n\t<meta name=\"twitter:data2\" content=\"4 minutos\" \/>\n<script type=\"application\/ld+json\" class=\"yoast-schema-graph\">{\"@context\":\"https:\\\/\\\/schema.org\",\"@graph\":[{\"@type\":\"Article\",\"@id\":\"https:\\\/\\\/www.eldiario.net\\\/portal\\\/2026\\\/01\\\/14\\\/no-es-una-tarea-facil-pero-es-necesaria\\\/#article\",\"isPartOf\":{\"@id\":\"https:\\\/\\\/www.eldiario.net\\\/portal\\\/2026\\\/01\\\/14\\\/no-es-una-tarea-facil-pero-es-necesaria\\\/\"},\"author\":{\"name\":\"Jeanette\",\"@id\":\"https:\\\/\\\/www.eldiario.net\\\/portal\\\/#\\\/schema\\\/person\\\/f46445640444750d7d753ccd04ae01b7\"},\"headline\":\"No es una tarea f\u00e1cil, pero es necesaria\",\"datePublished\":\"2026-01-14T10:15:56+00:00\",\"mainEntityOfPage\":{\"@id\":\"https:\\\/\\\/www.eldiario.net\\\/portal\\\/2026\\\/01\\\/14\\\/no-es-una-tarea-facil-pero-es-necesaria\\\/\"},\"wordCount\":747,\"publisher\":{\"@id\":\"https:\\\/\\\/www.eldiario.net\\\/portal\\\/#organization\"},\"image\":{\"@id\":\"https:\\\/\\\/www.eldiario.net\\\/portal\\\/2026\\\/01\\\/14\\\/no-es-una-tarea-facil-pero-es-necesaria\\\/#primaryimage\"},\"thumbnailUrl\":\"https:\\\/\\\/www.eldiario.net\\\/portal\\\/wp-content\\\/uploads\\\/2023\\\/11\\\/Ronald-Nostas-Ardaya.jpg\",\"articleSection\":[\"Opini\u00f3n\"],\"inLanguage\":\"es\"},{\"@type\":\"WebPage\",\"@id\":\"https:\\\/\\\/www.eldiario.net\\\/portal\\\/2026\\\/01\\\/14\\\/no-es-una-tarea-facil-pero-es-necesaria\\\/\",\"url\":\"https:\\\/\\\/www.eldiario.net\\\/portal\\\/2026\\\/01\\\/14\\\/no-es-una-tarea-facil-pero-es-necesaria\\\/\",\"name\":\"No es una tarea f\u00e1cil, pero es necesaria - El Diario - Bolivia\",\"isPartOf\":{\"@id\":\"https:\\\/\\\/www.eldiario.net\\\/portal\\\/#website\"},\"primaryImageOfPage\":{\"@id\":\"https:\\\/\\\/www.eldiario.net\\\/portal\\\/2026\\\/01\\\/14\\\/no-es-una-tarea-facil-pero-es-necesaria\\\/#primaryimage\"},\"image\":{\"@id\":\"https:\\\/\\\/www.eldiario.net\\\/portal\\\/2026\\\/01\\\/14\\\/no-es-una-tarea-facil-pero-es-necesaria\\\/#primaryimage\"},\"thumbnailUrl\":\"https:\\\/\\\/www.eldiario.net\\\/portal\\\/wp-content\\\/uploads\\\/2023\\\/11\\\/Ronald-Nostas-Ardaya.jpg\",\"datePublished\":\"2026-01-14T10:15:56+00:00\",\"breadcrumb\":{\"@id\":\"https:\\\/\\\/www.eldiario.net\\\/portal\\\/2026\\\/01\\\/14\\\/no-es-una-tarea-facil-pero-es-necesaria\\\/#breadcrumb\"},\"inLanguage\":\"es\",\"potentialAction\":[{\"@type\":\"ReadAction\",\"target\":[\"https:\\\/\\\/www.eldiario.net\\\/portal\\\/2026\\\/01\\\/14\\\/no-es-una-tarea-facil-pero-es-necesaria\\\/\"]}]},{\"@type\":\"ImageObject\",\"inLanguage\":\"es\",\"@id\":\"https:\\\/\\\/www.eldiario.net\\\/portal\\\/2026\\\/01\\\/14\\\/no-es-una-tarea-facil-pero-es-necesaria\\\/#primaryimage\",\"url\":\"https:\\\/\\\/www.eldiario.net\\\/portal\\\/wp-content\\\/uploads\\\/2023\\\/11\\\/Ronald-Nostas-Ardaya.jpg\",\"contentUrl\":\"https:\\\/\\\/www.eldiario.net\\\/portal\\\/wp-content\\\/uploads\\\/2023\\\/11\\\/Ronald-Nostas-Ardaya.jpg\",\"width\":1200,\"height\":628,\"caption\":\"Ronald Nostas Ardaya\"},{\"@type\":\"BreadcrumbList\",\"@id\":\"https:\\\/\\\/www.eldiario.net\\\/portal\\\/2026\\\/01\\\/14\\\/no-es-una-tarea-facil-pero-es-necesaria\\\/#breadcrumb\",\"itemListElement\":[{\"@type\":\"ListItem\",\"position\":1,\"name\":\"Portada\",\"item\":\"https:\\\/\\\/www.eldiario.net\\\/portal\\\/\"},{\"@type\":\"ListItem\",\"position\":2,\"name\":\"No es una tarea f\u00e1cil, pero es necesaria\"}]},{\"@type\":\"WebSite\",\"@id\":\"https:\\\/\\\/www.eldiario.net\\\/portal\\\/#website\",\"url\":\"https:\\\/\\\/www.eldiario.net\\\/portal\\\/\",\"name\":\"El Diario - Decano de la prensa nacional\",\"description\":\"El Diario - Decano de la prensa nacional\",\"publisher\":{\"@id\":\"https:\\\/\\\/www.eldiario.net\\\/portal\\\/#organization\"},\"potentialAction\":[{\"@type\":\"SearchAction\",\"target\":{\"@type\":\"EntryPoint\",\"urlTemplate\":\"https:\\\/\\\/www.eldiario.net\\\/portal\\\/?s={search_term_string}\"},\"query-input\":{\"@type\":\"PropertyValueSpecification\",\"valueRequired\":true,\"valueName\":\"search_term_string\"}}],\"inLanguage\":\"es\"},{\"@type\":\"Organization\",\"@id\":\"https:\\\/\\\/www.eldiario.net\\\/portal\\\/#organization\",\"name\":\"El Diario - Decano de la prensa nacional\",\"url\":\"https:\\\/\\\/www.eldiario.net\\\/portal\\\/\",\"logo\":{\"@type\":\"ImageObject\",\"inLanguage\":\"es\",\"@id\":\"https:\\\/\\\/www.eldiario.net\\\/portal\\\/#\\\/schema\\\/logo\\\/image\\\/\",\"url\":\"https:\\\/\\\/www.eldiario.net\\\/portal\\\/wp-content\\\/uploads\\\/2023\\\/07\\\/logo_ED.jpg\",\"contentUrl\":\"https:\\\/\\\/www.eldiario.net\\\/portal\\\/wp-content\\\/uploads\\\/2023\\\/07\\\/logo_ED.jpg\",\"width\":272,\"height\":52,\"caption\":\"El Diario - Decano de la prensa nacional\"},\"image\":{\"@id\":\"https:\\\/\\\/www.eldiario.net\\\/portal\\\/#\\\/schema\\\/logo\\\/image\\\/\"},\"sameAs\":[\"https:\\\/\\\/www.facebook.com\\\/eldiario.bolivia\\\/\",\"https:\\\/\\\/x.com\\\/eldiario_net\"]},{\"@type\":\"Person\",\"@id\":\"https:\\\/\\\/www.eldiario.net\\\/portal\\\/#\\\/schema\\\/person\\\/f46445640444750d7d753ccd04ae01b7\",\"name\":\"Jeanette\",\"image\":{\"@type\":\"ImageObject\",\"inLanguage\":\"es\",\"@id\":\"https:\\\/\\\/secure.gravatar.com\\\/avatar\\\/3ea2118a5f7dad2b7138b1187a6b7ee55f160b9968b66013c3a3ef39dd7e5798?s=96&d=mm&r=g\",\"url\":\"https:\\\/\\\/secure.gravatar.com\\\/avatar\\\/3ea2118a5f7dad2b7138b1187a6b7ee55f160b9968b66013c3a3ef39dd7e5798?s=96&d=mm&r=g\",\"contentUrl\":\"https:\\\/\\\/secure.gravatar.com\\\/avatar\\\/3ea2118a5f7dad2b7138b1187a6b7ee55f160b9968b66013c3a3ef39dd7e5798?s=96&d=mm&r=g\",\"caption\":\"Jeanette\"},\"sameAs\":[\"https:\\\/\\\/www.eldiario.net\\\/portal\"],\"url\":\"https:\\\/\\\/www.eldiario.net\\\/portal\\\/author\\\/jeanette\\\/\"}]}<\/script>\n<!-- \/ Yoast SEO plugin. -->","yoast_head_json":{"title":"No es una tarea f\u00e1cil, pero es necesaria - El Diario - Bolivia","robots":{"index":"index","follow":"follow","max-snippet":"max-snippet:-1","max-image-preview":"max-image-preview:large","max-video-preview":"max-video-preview:-1"},"canonical":"https:\/\/www.eldiario.net\/portal\/2026\/01\/14\/no-es-una-tarea-facil-pero-es-necesaria\/","og_locale":"es_ES","og_type":"article","og_title":"No es una tarea f\u00e1cil, pero es necesaria - El Diario - Bolivia","og_description":"En sus 24 d\u00edas de vigencia y tras su derogaci\u00f3n, el DS 5503 dej\u00f3 como resultado: la eliminaci\u00f3n de la subvenci\u00f3n a los carburantes, el aumento del 20% al salario m\u00ednimo, seis d\u00edas de bloqueos que afectaron a siete departamentos, 600 millones de d\u00f3lares perdidos, rearticulaci\u00f3n de las dirigencias radicales, el despertar de un pa\u00eds [&hellip;]","og_url":"https:\/\/www.eldiario.net\/portal\/2026\/01\/14\/no-es-una-tarea-facil-pero-es-necesaria\/","og_site_name":"El Diario - Bolivia","article_publisher":"https:\/\/www.facebook.com\/eldiario.bolivia\/","article_published_time":"2026-01-14T10:15:56+00:00","og_image":[{"width":1200,"height":628,"url":"https:\/\/www.eldiario.net\/portal\/wp-content\/uploads\/2023\/11\/Ronald-Nostas-Ardaya.jpg","type":"image\/jpeg"}],"author":"Jeanette","twitter_card":"summary_large_image","twitter_creator":"@eldiario_net","twitter_site":"@eldiario_net","twitter_misc":{"Escrito por":"Jeanette","Tiempo de lectura":"4 minutos"},"schema":{"@context":"https:\/\/schema.org","@graph":[{"@type":"Article","@id":"https:\/\/www.eldiario.net\/portal\/2026\/01\/14\/no-es-una-tarea-facil-pero-es-necesaria\/#article","isPartOf":{"@id":"https:\/\/www.eldiario.net\/portal\/2026\/01\/14\/no-es-una-tarea-facil-pero-es-necesaria\/"},"author":{"name":"Jeanette","@id":"https:\/\/www.eldiario.net\/portal\/#\/schema\/person\/f46445640444750d7d753ccd04ae01b7"},"headline":"No es una tarea f\u00e1cil, pero es necesaria","datePublished":"2026-01-14T10:15:56+00:00","mainEntityOfPage":{"@id":"https:\/\/www.eldiario.net\/portal\/2026\/01\/14\/no-es-una-tarea-facil-pero-es-necesaria\/"},"wordCount":747,"publisher":{"@id":"https:\/\/www.eldiario.net\/portal\/#organization"},"image":{"@id":"https:\/\/www.eldiario.net\/portal\/2026\/01\/14\/no-es-una-tarea-facil-pero-es-necesaria\/#primaryimage"},"thumbnailUrl":"https:\/\/www.eldiario.net\/portal\/wp-content\/uploads\/2023\/11\/Ronald-Nostas-Ardaya.jpg","articleSection":["Opini\u00f3n"],"inLanguage":"es"},{"@type":"WebPage","@id":"https:\/\/www.eldiario.net\/portal\/2026\/01\/14\/no-es-una-tarea-facil-pero-es-necesaria\/","url":"https:\/\/www.eldiario.net\/portal\/2026\/01\/14\/no-es-una-tarea-facil-pero-es-necesaria\/","name":"No es una tarea f\u00e1cil, pero es necesaria - El Diario - Bolivia","isPartOf":{"@id":"https:\/\/www.eldiario.net\/portal\/#website"},"primaryImageOfPage":{"@id":"https:\/\/www.eldiario.net\/portal\/2026\/01\/14\/no-es-una-tarea-facil-pero-es-necesaria\/#primaryimage"},"image":{"@id":"https:\/\/www.eldiario.net\/portal\/2026\/01\/14\/no-es-una-tarea-facil-pero-es-necesaria\/#primaryimage"},"thumbnailUrl":"https:\/\/www.eldiario.net\/portal\/wp-content\/uploads\/2023\/11\/Ronald-Nostas-Ardaya.jpg","datePublished":"2026-01-14T10:15:56+00:00","breadcrumb":{"@id":"https:\/\/www.eldiario.net\/portal\/2026\/01\/14\/no-es-una-tarea-facil-pero-es-necesaria\/#breadcrumb"},"inLanguage":"es","potentialAction":[{"@type":"ReadAction","target":["https:\/\/www.eldiario.net\/portal\/2026\/01\/14\/no-es-una-tarea-facil-pero-es-necesaria\/"]}]},{"@type":"ImageObject","inLanguage":"es","@id":"https:\/\/www.eldiario.net\/portal\/2026\/01\/14\/no-es-una-tarea-facil-pero-es-necesaria\/#primaryimage","url":"https:\/\/www.eldiario.net\/portal\/wp-content\/uploads\/2023\/11\/Ronald-Nostas-Ardaya.jpg","contentUrl":"https:\/\/www.eldiario.net\/portal\/wp-content\/uploads\/2023\/11\/Ronald-Nostas-Ardaya.jpg","width":1200,"height":628,"caption":"Ronald Nostas Ardaya"},{"@type":"BreadcrumbList","@id":"https:\/\/www.eldiario.net\/portal\/2026\/01\/14\/no-es-una-tarea-facil-pero-es-necesaria\/#breadcrumb","itemListElement":[{"@type":"ListItem","position":1,"name":"Portada","item":"https:\/\/www.eldiario.net\/portal\/"},{"@type":"ListItem","position":2,"name":"No es una tarea f\u00e1cil, pero es necesaria"}]},{"@type":"WebSite","@id":"https:\/\/www.eldiario.net\/portal\/#website","url":"https:\/\/www.eldiario.net\/portal\/","name":"El Diario - Decano de la prensa nacional","description":"El Diario - Decano de la prensa nacional","publisher":{"@id":"https:\/\/www.eldiario.net\/portal\/#organization"},"potentialAction":[{"@type":"SearchAction","target":{"@type":"EntryPoint","urlTemplate":"https:\/\/www.eldiario.net\/portal\/?s={search_term_string}"},"query-input":{"@type":"PropertyValueSpecification","valueRequired":true,"valueName":"search_term_string"}}],"inLanguage":"es"},{"@type":"Organization","@id":"https:\/\/www.eldiario.net\/portal\/#organization","name":"El Diario - Decano de la prensa nacional","url":"https:\/\/www.eldiario.net\/portal\/","logo":{"@type":"ImageObject","inLanguage":"es","@id":"https:\/\/www.eldiario.net\/portal\/#\/schema\/logo\/image\/","url":"https:\/\/www.eldiario.net\/portal\/wp-content\/uploads\/2023\/07\/logo_ED.jpg","contentUrl":"https:\/\/www.eldiario.net\/portal\/wp-content\/uploads\/2023\/07\/logo_ED.jpg","width":272,"height":52,"caption":"El Diario - Decano de la prensa nacional"},"image":{"@id":"https:\/\/www.eldiario.net\/portal\/#\/schema\/logo\/image\/"},"sameAs":["https:\/\/www.facebook.com\/eldiario.bolivia\/","https:\/\/x.com\/eldiario_net"]},{"@type":"Person","@id":"https:\/\/www.eldiario.net\/portal\/#\/schema\/person\/f46445640444750d7d753ccd04ae01b7","name":"Jeanette","image":{"@type":"ImageObject","inLanguage":"es","@id":"https:\/\/secure.gravatar.com\/avatar\/3ea2118a5f7dad2b7138b1187a6b7ee55f160b9968b66013c3a3ef39dd7e5798?s=96&d=mm&r=g","url":"https:\/\/secure.gravatar.com\/avatar\/3ea2118a5f7dad2b7138b1187a6b7ee55f160b9968b66013c3a3ef39dd7e5798?s=96&d=mm&r=g","contentUrl":"https:\/\/secure.gravatar.com\/avatar\/3ea2118a5f7dad2b7138b1187a6b7ee55f160b9968b66013c3a3ef39dd7e5798?s=96&d=mm&r=g","caption":"Jeanette"},"sameAs":["https:\/\/www.eldiario.net\/portal"],"url":"https:\/\/www.eldiario.net\/portal\/author\/jeanette\/"}]}},"_links":{"self":[{"href":"https:\/\/www.eldiario.net\/portal\/wp-json\/wp\/v2\/posts\/359806","targetHints":{"allow":["GET"]}}],"collection":[{"href":"https:\/\/www.eldiario.net\/portal\/wp-json\/wp\/v2\/posts"}],"about":[{"href":"https:\/\/www.eldiario.net\/portal\/wp-json\/wp\/v2\/types\/post"}],"author":[{"embeddable":true,"href":"https:\/\/www.eldiario.net\/portal\/wp-json\/wp\/v2\/users\/1"}],"replies":[{"embeddable":true,"href":"https:\/\/www.eldiario.net\/portal\/wp-json\/wp\/v2\/comments?post=359806"}],"version-history":[{"count":1,"href":"https:\/\/www.eldiario.net\/portal\/wp-json\/wp\/v2\/posts\/359806\/revisions"}],"predecessor-version":[{"id":359807,"href":"https:\/\/www.eldiario.net\/portal\/wp-json\/wp\/v2\/posts\/359806\/revisions\/359807"}],"wp:featuredmedia":[{"embeddable":true,"href":"https:\/\/www.eldiario.net\/portal\/wp-json\/wp\/v2\/media\/188324"}],"wp:attachment":[{"href":"https:\/\/www.eldiario.net\/portal\/wp-json\/wp\/v2\/media?parent=359806"}],"wp:term":[{"taxonomy":"category","embeddable":true,"href":"https:\/\/www.eldiario.net\/portal\/wp-json\/wp\/v2\/categories?post=359806"},{"taxonomy":"post_tag","embeddable":true,"href":"https:\/\/www.eldiario.net\/portal\/wp-json\/wp\/v2\/tags?post=359806"}],"curies":[{"name":"wp","href":"https:\/\/api.w.org\/{rel}","templated":true}]}}