{"id":359804,"date":"2026-01-14T06:15:26","date_gmt":"2026-01-14T10:15:26","guid":{"rendered":"https:\/\/www.eldiario.net\/portal\/?p=359804"},"modified":"2026-01-14T06:15:26","modified_gmt":"2026-01-14T10:15:26","slug":"origenes-de-las-relaciones-entre-bolivia-y-portugal","status":"publish","type":"post","link":"https:\/\/www.eldiario.net\/portal\/2026\/01\/14\/origenes-de-las-relaciones-entre-bolivia-y-portugal\/","title":{"rendered":"Or\u00edgenes de las relaciones entre Bolivia y Portugal"},"content":{"rendered":"<p>Una de las historias menos conocidas, es la de los or\u00edgenes de las relaciones internacionales entre Portugal y Bolivia, un acercamiento que lejos de ser marginal, result\u00f3 altamente significativo. Este v\u00ednculo se produjo en 1879, precisamente en uno de los momentos m\u00e1s cr\u00edticos de la historia nacional, cuando las costas bolivianas eran ocupadas por Chile.<br \/>\nDe manera precisa, este acercamiento se concret\u00f3 el 10 de mayo de 1879, con la suscripci\u00f3n del \u2018Tratado de Amistad, Comercio, Navegaci\u00f3n y Extradici\u00f3n entre la Rep\u00fablica de Bolivia y el Reino de Portugal\u2019, en el Palacio Episcopal de La Paz. De forma particularmente reveladora, la negociaci\u00f3n y suscripci\u00f3n de dicho acuerdo estuvo a cargo de Juan de Dios Bosque, entonces Obispo de La Paz y del Vizconde de San Januario, autoridad que presid\u00eda la misi\u00f3n diplom\u00e1tica extraordinaria del Reino de Portugal en Am\u00e9rica.<br \/>\nConstituido por 31 art\u00edculos, el primero establec\u00eda con claridad el esp\u00edritu del acuerdo: \u201cHabr\u00e1 paz constante y amistad perpetua entre la Rep\u00fablica de Bolivia y el Reino de Portugal, as\u00ed como entre los ciudadanos y s\u00fabditos de los dos Estados sin distinci\u00f3n de personas ni localidades\u201d. Un punto particularmente relevante es el art\u00edculo quinto, en el que el Reino de Portugal reconoc\u00eda de manera expl\u00edcita el litoral boliviano al disponer que: \u201c\u2026los s\u00fabditos del Reino de Portugal podr\u00e1n entrar libremente, con sus nav\u00edos y cargas, en todos los r\u00edos, canales, puertos, ensenadas y dem\u00e1s lugares del territorio de Bolivia, en donde el comercio extranjero est\u00e1, o llegare a ser permitido, tanto en su Litoral mar\u00edtimo, cuanto en sus r\u00edos navegables\u201d.<br \/>\nAsimismo, los art\u00edculos 8, 9, 10, 11 y 12 reforzaron el marco jur\u00eddico destinado a promover la marina mercante y el comercio mar\u00edtimo entre ambos pa\u00edses, evidenciando la voluntad portuguesa de mantener relaciones comerciales con Bolivia como Estado soberano y mar\u00edtimo, pese a las circunstancias b\u00e9licas del momento.<br \/>\nPor otro lado, los art\u00edculos 19, 20, 21 y 22 regulaban el establecimiento y funcionamiento de los C\u00f3nsules Generales, C\u00f3nsules, Vicec\u00f3nsules y agentes consulares de ambos Estados.<br \/>\nDos d\u00edas despu\u00e9s, el diplom\u00e1tico portugu\u00e9s Vizconde de San Januario expres\u00f3, mediante una nota diplom\u00e1tica, su expectativa respecto al nuevo v\u00ednculo bilateral: \u201chago votos, se\u00f1or Ministro, por que las relaciones oficiales iniciadas, bajo tan buenos auspicios, entre el Portugal y Bolivia, se estrechen cada vez m\u00e1s hasta el punto de ser verdaderamente provechosas para los dos pa\u00edses\u201d.<br \/>\nEl citado instrumento fue ratificado por Bolivia mediante la Ley del 14 de octubre de 1880, procedi\u00e9ndose posteriormente al canje de ratificaciones en 1882. En este contexto, el peri\u00f3dico pace\u00f1o \u2018El Comercio\u2019 anunciaba, el 12 de julio de 1882, el establecimiento del Consulado General de Portugal, cuyo titular fue Manuel Vicente Ballivi\u00e1n. Por su parte, la representaci\u00f3n consular de Bolivia qued\u00f3 a cargo de H. Prostes, quien ejerc\u00eda funciones desde agosto de 1879.<\/p>\n","protected":false},"excerpt":{"rendered":"<p>Una de las historias menos conocidas, es la de los or\u00edgenes de las relaciones internacionales entre Portugal y Bolivia, un acercamiento que lejos de ser marginal, result\u00f3 altamente significativo. Este v\u00ednculo se produjo en 1879, precisamente en uno de los momentos m\u00e1s cr\u00edticos de la historia nacional, cuando las costas bolivianas eran ocupadas por Chile. [&hellip;]<\/p>\n","protected":false},"author":1,"featured_media":259492,"comment_status":"closed","ping_status":"open","sticky":false,"template":"","format":"standard","meta":{"_acf_changed":false,"footnotes":""},"categories":[9],"tags":[],"class_list":["post-359804","post","type-post","status-publish","format-standard","has-post-thumbnail","category-opinion"],"acf":{"antetitulo":""},"yoast_head":"<!-- This site is optimized with the Yoast SEO plugin v28.3 - https:\/\/yoast.com\/product\/yoast-seo-wordpress\/ -->\n<title>Or\u00edgenes de las relaciones entre Bolivia y Portugal - El Diario - Bolivia<\/title>\n<meta name=\"robots\" content=\"index, follow, max-snippet:-1, max-image-preview:large, max-video-preview:-1\" \/>\n<link rel=\"canonical\" href=\"https:\/\/www.eldiario.net\/portal\/2026\/01\/14\/origenes-de-las-relaciones-entre-bolivia-y-portugal\/\" \/>\n<meta property=\"og:locale\" content=\"es_ES\" \/>\n<meta property=\"og:type\" content=\"article\" \/>\n<meta property=\"og:title\" content=\"Or\u00edgenes de las relaciones entre Bolivia y Portugal - El Diario - Bolivia\" \/>\n<meta property=\"og:description\" content=\"Una de las historias menos conocidas, es la de los or\u00edgenes de las relaciones internacionales entre Portugal y Bolivia, un acercamiento que lejos de ser marginal, result\u00f3 altamente significativo. Este v\u00ednculo se produjo en 1879, precisamente en uno de los momentos m\u00e1s cr\u00edticos de la historia nacional, cuando las costas bolivianas eran ocupadas por Chile. [&hellip;]\" \/>\n<meta property=\"og:url\" content=\"https:\/\/www.eldiario.net\/portal\/2026\/01\/14\/origenes-de-las-relaciones-entre-bolivia-y-portugal\/\" \/>\n<meta property=\"og:site_name\" content=\"El Diario - Bolivia\" \/>\n<meta property=\"article:publisher\" content=\"https:\/\/www.facebook.com\/eldiario.bolivia\/\" \/>\n<meta property=\"article:published_time\" content=\"2026-01-14T10:15:26+00:00\" \/>\n<meta property=\"og:image\" content=\"https:\/\/www.eldiario.net\/portal\/wp-content\/uploads\/2024\/11\/Jose-Pradel-B.jpg\" \/>\n\t<meta property=\"og:image:width\" content=\"1200\" \/>\n\t<meta property=\"og:image:height\" content=\"628\" \/>\n\t<meta property=\"og:image:type\" content=\"image\/jpeg\" \/>\n<meta name=\"author\" content=\"Jeanette\" \/>\n<meta name=\"twitter:card\" content=\"summary_large_image\" \/>\n<meta name=\"twitter:creator\" content=\"@eldiario_net\" \/>\n<meta name=\"twitter:site\" content=\"@eldiario_net\" \/>\n<meta name=\"twitter:label1\" content=\"Escrito por\" \/>\n\t<meta name=\"twitter:data1\" content=\"Jeanette\" \/>\n\t<meta name=\"twitter:label2\" content=\"Tiempo de lectura\" \/>\n\t<meta name=\"twitter:data2\" content=\"3 minutos\" \/>\n<script type=\"application\/ld+json\" class=\"yoast-schema-graph\">{\"@context\":\"https:\\\/\\\/schema.org\",\"@graph\":[{\"@type\":\"Article\",\"@id\":\"https:\\\/\\\/www.eldiario.net\\\/portal\\\/2026\\\/01\\\/14\\\/origenes-de-las-relaciones-entre-bolivia-y-portugal\\\/#article\",\"isPartOf\":{\"@id\":\"https:\\\/\\\/www.eldiario.net\\\/portal\\\/2026\\\/01\\\/14\\\/origenes-de-las-relaciones-entre-bolivia-y-portugal\\\/\"},\"author\":{\"name\":\"Jeanette\",\"@id\":\"https:\\\/\\\/www.eldiario.net\\\/portal\\\/#\\\/schema\\\/person\\\/f46445640444750d7d753ccd04ae01b7\"},\"headline\":\"Or\u00edgenes de las relaciones entre Bolivia y Portugal\",\"datePublished\":\"2026-01-14T10:15:26+00:00\",\"mainEntityOfPage\":{\"@id\":\"https:\\\/\\\/www.eldiario.net\\\/portal\\\/2026\\\/01\\\/14\\\/origenes-de-las-relaciones-entre-bolivia-y-portugal\\\/\"},\"wordCount\":509,\"publisher\":{\"@id\":\"https:\\\/\\\/www.eldiario.net\\\/portal\\\/#organization\"},\"image\":{\"@id\":\"https:\\\/\\\/www.eldiario.net\\\/portal\\\/2026\\\/01\\\/14\\\/origenes-de-las-relaciones-entre-bolivia-y-portugal\\\/#primaryimage\"},\"thumbnailUrl\":\"https:\\\/\\\/www.eldiario.net\\\/portal\\\/wp-content\\\/uploads\\\/2024\\\/11\\\/Jose-Pradel-B.jpg\",\"articleSection\":[\"Opini\u00f3n\"],\"inLanguage\":\"es\"},{\"@type\":\"WebPage\",\"@id\":\"https:\\\/\\\/www.eldiario.net\\\/portal\\\/2026\\\/01\\\/14\\\/origenes-de-las-relaciones-entre-bolivia-y-portugal\\\/\",\"url\":\"https:\\\/\\\/www.eldiario.net\\\/portal\\\/2026\\\/01\\\/14\\\/origenes-de-las-relaciones-entre-bolivia-y-portugal\\\/\",\"name\":\"Or\u00edgenes de las relaciones entre Bolivia y Portugal - El Diario - Bolivia\",\"isPartOf\":{\"@id\":\"https:\\\/\\\/www.eldiario.net\\\/portal\\\/#website\"},\"primaryImageOfPage\":{\"@id\":\"https:\\\/\\\/www.eldiario.net\\\/portal\\\/2026\\\/01\\\/14\\\/origenes-de-las-relaciones-entre-bolivia-y-portugal\\\/#primaryimage\"},\"image\":{\"@id\":\"https:\\\/\\\/www.eldiario.net\\\/portal\\\/2026\\\/01\\\/14\\\/origenes-de-las-relaciones-entre-bolivia-y-portugal\\\/#primaryimage\"},\"thumbnailUrl\":\"https:\\\/\\\/www.eldiario.net\\\/portal\\\/wp-content\\\/uploads\\\/2024\\\/11\\\/Jose-Pradel-B.jpg\",\"datePublished\":\"2026-01-14T10:15:26+00:00\",\"breadcrumb\":{\"@id\":\"https:\\\/\\\/www.eldiario.net\\\/portal\\\/2026\\\/01\\\/14\\\/origenes-de-las-relaciones-entre-bolivia-y-portugal\\\/#breadcrumb\"},\"inLanguage\":\"es\",\"potentialAction\":[{\"@type\":\"ReadAction\",\"target\":[\"https:\\\/\\\/www.eldiario.net\\\/portal\\\/2026\\\/01\\\/14\\\/origenes-de-las-relaciones-entre-bolivia-y-portugal\\\/\"]}]},{\"@type\":\"ImageObject\",\"inLanguage\":\"es\",\"@id\":\"https:\\\/\\\/www.eldiario.net\\\/portal\\\/2026\\\/01\\\/14\\\/origenes-de-las-relaciones-entre-bolivia-y-portugal\\\/#primaryimage\",\"url\":\"https:\\\/\\\/www.eldiario.net\\\/portal\\\/wp-content\\\/uploads\\\/2024\\\/11\\\/Jose-Pradel-B.jpg\",\"contentUrl\":\"https:\\\/\\\/www.eldiario.net\\\/portal\\\/wp-content\\\/uploads\\\/2024\\\/11\\\/Jose-Pradel-B.jpg\",\"width\":1200,\"height\":628},{\"@type\":\"BreadcrumbList\",\"@id\":\"https:\\\/\\\/www.eldiario.net\\\/portal\\\/2026\\\/01\\\/14\\\/origenes-de-las-relaciones-entre-bolivia-y-portugal\\\/#breadcrumb\",\"itemListElement\":[{\"@type\":\"ListItem\",\"position\":1,\"name\":\"Portada\",\"item\":\"https:\\\/\\\/www.eldiario.net\\\/portal\\\/\"},{\"@type\":\"ListItem\",\"position\":2,\"name\":\"Or\u00edgenes de las relaciones entre Bolivia y Portugal\"}]},{\"@type\":\"WebSite\",\"@id\":\"https:\\\/\\\/www.eldiario.net\\\/portal\\\/#website\",\"url\":\"https:\\\/\\\/www.eldiario.net\\\/portal\\\/\",\"name\":\"El Diario - Decano de la prensa nacional\",\"description\":\"El Diario - Decano de la prensa nacional\",\"publisher\":{\"@id\":\"https:\\\/\\\/www.eldiario.net\\\/portal\\\/#organization\"},\"potentialAction\":[{\"@type\":\"SearchAction\",\"target\":{\"@type\":\"EntryPoint\",\"urlTemplate\":\"https:\\\/\\\/www.eldiario.net\\\/portal\\\/?s={search_term_string}\"},\"query-input\":{\"@type\":\"PropertyValueSpecification\",\"valueRequired\":true,\"valueName\":\"search_term_string\"}}],\"inLanguage\":\"es\"},{\"@type\":\"Organization\",\"@id\":\"https:\\\/\\\/www.eldiario.net\\\/portal\\\/#organization\",\"name\":\"El Diario - Decano de la prensa nacional\",\"url\":\"https:\\\/\\\/www.eldiario.net\\\/portal\\\/\",\"logo\":{\"@type\":\"ImageObject\",\"inLanguage\":\"es\",\"@id\":\"https:\\\/\\\/www.eldiario.net\\\/portal\\\/#\\\/schema\\\/logo\\\/image\\\/\",\"url\":\"https:\\\/\\\/www.eldiario.net\\\/portal\\\/wp-content\\\/uploads\\\/2023\\\/07\\\/logo_ED.jpg\",\"contentUrl\":\"https:\\\/\\\/www.eldiario.net\\\/portal\\\/wp-content\\\/uploads\\\/2023\\\/07\\\/logo_ED.jpg\",\"width\":272,\"height\":52,\"caption\":\"El Diario - Decano de la prensa nacional\"},\"image\":{\"@id\":\"https:\\\/\\\/www.eldiario.net\\\/portal\\\/#\\\/schema\\\/logo\\\/image\\\/\"},\"sameAs\":[\"https:\\\/\\\/www.facebook.com\\\/eldiario.bolivia\\\/\",\"https:\\\/\\\/x.com\\\/eldiario_net\"]},{\"@type\":\"Person\",\"@id\":\"https:\\\/\\\/www.eldiario.net\\\/portal\\\/#\\\/schema\\\/person\\\/f46445640444750d7d753ccd04ae01b7\",\"name\":\"Jeanette\",\"image\":{\"@type\":\"ImageObject\",\"inLanguage\":\"es\",\"@id\":\"https:\\\/\\\/secure.gravatar.com\\\/avatar\\\/3ea2118a5f7dad2b7138b1187a6b7ee55f160b9968b66013c3a3ef39dd7e5798?s=96&d=mm&r=g\",\"url\":\"https:\\\/\\\/secure.gravatar.com\\\/avatar\\\/3ea2118a5f7dad2b7138b1187a6b7ee55f160b9968b66013c3a3ef39dd7e5798?s=96&d=mm&r=g\",\"contentUrl\":\"https:\\\/\\\/secure.gravatar.com\\\/avatar\\\/3ea2118a5f7dad2b7138b1187a6b7ee55f160b9968b66013c3a3ef39dd7e5798?s=96&d=mm&r=g\",\"caption\":\"Jeanette\"},\"sameAs\":[\"https:\\\/\\\/www.eldiario.net\\\/portal\"],\"url\":\"https:\\\/\\\/www.eldiario.net\\\/portal\\\/author\\\/jeanette\\\/\"}]}<\/script>\n<!-- \/ Yoast SEO plugin. -->","yoast_head_json":{"title":"Or\u00edgenes de las relaciones entre Bolivia y Portugal - El Diario - Bolivia","robots":{"index":"index","follow":"follow","max-snippet":"max-snippet:-1","max-image-preview":"max-image-preview:large","max-video-preview":"max-video-preview:-1"},"canonical":"https:\/\/www.eldiario.net\/portal\/2026\/01\/14\/origenes-de-las-relaciones-entre-bolivia-y-portugal\/","og_locale":"es_ES","og_type":"article","og_title":"Or\u00edgenes de las relaciones entre Bolivia y Portugal - El Diario - Bolivia","og_description":"Una de las historias menos conocidas, es la de los or\u00edgenes de las relaciones internacionales entre Portugal y Bolivia, un acercamiento que lejos de ser marginal, result\u00f3 altamente significativo. Este v\u00ednculo se produjo en 1879, precisamente en uno de los momentos m\u00e1s cr\u00edticos de la historia nacional, cuando las costas bolivianas eran ocupadas por Chile. [&hellip;]","og_url":"https:\/\/www.eldiario.net\/portal\/2026\/01\/14\/origenes-de-las-relaciones-entre-bolivia-y-portugal\/","og_site_name":"El Diario - Bolivia","article_publisher":"https:\/\/www.facebook.com\/eldiario.bolivia\/","article_published_time":"2026-01-14T10:15:26+00:00","og_image":[{"width":1200,"height":628,"url":"https:\/\/www.eldiario.net\/portal\/wp-content\/uploads\/2024\/11\/Jose-Pradel-B.jpg","type":"image\/jpeg"}],"author":"Jeanette","twitter_card":"summary_large_image","twitter_creator":"@eldiario_net","twitter_site":"@eldiario_net","twitter_misc":{"Escrito por":"Jeanette","Tiempo de lectura":"3 minutos"},"schema":{"@context":"https:\/\/schema.org","@graph":[{"@type":"Article","@id":"https:\/\/www.eldiario.net\/portal\/2026\/01\/14\/origenes-de-las-relaciones-entre-bolivia-y-portugal\/#article","isPartOf":{"@id":"https:\/\/www.eldiario.net\/portal\/2026\/01\/14\/origenes-de-las-relaciones-entre-bolivia-y-portugal\/"},"author":{"name":"Jeanette","@id":"https:\/\/www.eldiario.net\/portal\/#\/schema\/person\/f46445640444750d7d753ccd04ae01b7"},"headline":"Or\u00edgenes de las relaciones entre Bolivia y Portugal","datePublished":"2026-01-14T10:15:26+00:00","mainEntityOfPage":{"@id":"https:\/\/www.eldiario.net\/portal\/2026\/01\/14\/origenes-de-las-relaciones-entre-bolivia-y-portugal\/"},"wordCount":509,"publisher":{"@id":"https:\/\/www.eldiario.net\/portal\/#organization"},"image":{"@id":"https:\/\/www.eldiario.net\/portal\/2026\/01\/14\/origenes-de-las-relaciones-entre-bolivia-y-portugal\/#primaryimage"},"thumbnailUrl":"https:\/\/www.eldiario.net\/portal\/wp-content\/uploads\/2024\/11\/Jose-Pradel-B.jpg","articleSection":["Opini\u00f3n"],"inLanguage":"es"},{"@type":"WebPage","@id":"https:\/\/www.eldiario.net\/portal\/2026\/01\/14\/origenes-de-las-relaciones-entre-bolivia-y-portugal\/","url":"https:\/\/www.eldiario.net\/portal\/2026\/01\/14\/origenes-de-las-relaciones-entre-bolivia-y-portugal\/","name":"Or\u00edgenes de las relaciones entre Bolivia y Portugal - El Diario - Bolivia","isPartOf":{"@id":"https:\/\/www.eldiario.net\/portal\/#website"},"primaryImageOfPage":{"@id":"https:\/\/www.eldiario.net\/portal\/2026\/01\/14\/origenes-de-las-relaciones-entre-bolivia-y-portugal\/#primaryimage"},"image":{"@id":"https:\/\/www.eldiario.net\/portal\/2026\/01\/14\/origenes-de-las-relaciones-entre-bolivia-y-portugal\/#primaryimage"},"thumbnailUrl":"https:\/\/www.eldiario.net\/portal\/wp-content\/uploads\/2024\/11\/Jose-Pradel-B.jpg","datePublished":"2026-01-14T10:15:26+00:00","breadcrumb":{"@id":"https:\/\/www.eldiario.net\/portal\/2026\/01\/14\/origenes-de-las-relaciones-entre-bolivia-y-portugal\/#breadcrumb"},"inLanguage":"es","potentialAction":[{"@type":"ReadAction","target":["https:\/\/www.eldiario.net\/portal\/2026\/01\/14\/origenes-de-las-relaciones-entre-bolivia-y-portugal\/"]}]},{"@type":"ImageObject","inLanguage":"es","@id":"https:\/\/www.eldiario.net\/portal\/2026\/01\/14\/origenes-de-las-relaciones-entre-bolivia-y-portugal\/#primaryimage","url":"https:\/\/www.eldiario.net\/portal\/wp-content\/uploads\/2024\/11\/Jose-Pradel-B.jpg","contentUrl":"https:\/\/www.eldiario.net\/portal\/wp-content\/uploads\/2024\/11\/Jose-Pradel-B.jpg","width":1200,"height":628},{"@type":"BreadcrumbList","@id":"https:\/\/www.eldiario.net\/portal\/2026\/01\/14\/origenes-de-las-relaciones-entre-bolivia-y-portugal\/#breadcrumb","itemListElement":[{"@type":"ListItem","position":1,"name":"Portada","item":"https:\/\/www.eldiario.net\/portal\/"},{"@type":"ListItem","position":2,"name":"Or\u00edgenes de las relaciones entre Bolivia y Portugal"}]},{"@type":"WebSite","@id":"https:\/\/www.eldiario.net\/portal\/#website","url":"https:\/\/www.eldiario.net\/portal\/","name":"El Diario - Decano de la prensa nacional","description":"El Diario - Decano de la prensa nacional","publisher":{"@id":"https:\/\/www.eldiario.net\/portal\/#organization"},"potentialAction":[{"@type":"SearchAction","target":{"@type":"EntryPoint","urlTemplate":"https:\/\/www.eldiario.net\/portal\/?s={search_term_string}"},"query-input":{"@type":"PropertyValueSpecification","valueRequired":true,"valueName":"search_term_string"}}],"inLanguage":"es"},{"@type":"Organization","@id":"https:\/\/www.eldiario.net\/portal\/#organization","name":"El Diario - Decano de la prensa nacional","url":"https:\/\/www.eldiario.net\/portal\/","logo":{"@type":"ImageObject","inLanguage":"es","@id":"https:\/\/www.eldiario.net\/portal\/#\/schema\/logo\/image\/","url":"https:\/\/www.eldiario.net\/portal\/wp-content\/uploads\/2023\/07\/logo_ED.jpg","contentUrl":"https:\/\/www.eldiario.net\/portal\/wp-content\/uploads\/2023\/07\/logo_ED.jpg","width":272,"height":52,"caption":"El Diario - Decano de la prensa nacional"},"image":{"@id":"https:\/\/www.eldiario.net\/portal\/#\/schema\/logo\/image\/"},"sameAs":["https:\/\/www.facebook.com\/eldiario.bolivia\/","https:\/\/x.com\/eldiario_net"]},{"@type":"Person","@id":"https:\/\/www.eldiario.net\/portal\/#\/schema\/person\/f46445640444750d7d753ccd04ae01b7","name":"Jeanette","image":{"@type":"ImageObject","inLanguage":"es","@id":"https:\/\/secure.gravatar.com\/avatar\/3ea2118a5f7dad2b7138b1187a6b7ee55f160b9968b66013c3a3ef39dd7e5798?s=96&d=mm&r=g","url":"https:\/\/secure.gravatar.com\/avatar\/3ea2118a5f7dad2b7138b1187a6b7ee55f160b9968b66013c3a3ef39dd7e5798?s=96&d=mm&r=g","contentUrl":"https:\/\/secure.gravatar.com\/avatar\/3ea2118a5f7dad2b7138b1187a6b7ee55f160b9968b66013c3a3ef39dd7e5798?s=96&d=mm&r=g","caption":"Jeanette"},"sameAs":["https:\/\/www.eldiario.net\/portal"],"url":"https:\/\/www.eldiario.net\/portal\/author\/jeanette\/"}]}},"_links":{"self":[{"href":"https:\/\/www.eldiario.net\/portal\/wp-json\/wp\/v2\/posts\/359804","targetHints":{"allow":["GET"]}}],"collection":[{"href":"https:\/\/www.eldiario.net\/portal\/wp-json\/wp\/v2\/posts"}],"about":[{"href":"https:\/\/www.eldiario.net\/portal\/wp-json\/wp\/v2\/types\/post"}],"author":[{"embeddable":true,"href":"https:\/\/www.eldiario.net\/portal\/wp-json\/wp\/v2\/users\/1"}],"replies":[{"embeddable":true,"href":"https:\/\/www.eldiario.net\/portal\/wp-json\/wp\/v2\/comments?post=359804"}],"version-history":[{"count":1,"href":"https:\/\/www.eldiario.net\/portal\/wp-json\/wp\/v2\/posts\/359804\/revisions"}],"predecessor-version":[{"id":359805,"href":"https:\/\/www.eldiario.net\/portal\/wp-json\/wp\/v2\/posts\/359804\/revisions\/359805"}],"wp:featuredmedia":[{"embeddable":true,"href":"https:\/\/www.eldiario.net\/portal\/wp-json\/wp\/v2\/media\/259492"}],"wp:attachment":[{"href":"https:\/\/www.eldiario.net\/portal\/wp-json\/wp\/v2\/media?parent=359804"}],"wp:term":[{"taxonomy":"category","embeddable":true,"href":"https:\/\/www.eldiario.net\/portal\/wp-json\/wp\/v2\/categories?post=359804"},{"taxonomy":"post_tag","embeddable":true,"href":"https:\/\/www.eldiario.net\/portal\/wp-json\/wp\/v2\/tags?post=359804"}],"curies":[{"name":"wp","href":"https:\/\/api.w.org\/{rel}","templated":true}]}}