{"id":3598,"date":"2021-05-13T06:50:14","date_gmt":"2021-05-13T10:50:14","guid":{"rendered":"https:\/\/www.eldiario.net\/portal\/?p=3598"},"modified":"2021-05-13T06:50:14","modified_gmt":"2021-05-13T10:50:14","slug":"no-pudimos-finiquitarlo-y-pagamos-caro","status":"publish","type":"post","link":"https:\/\/www.eldiario.net\/portal\/2021\/05\/13\/no-pudimos-finiquitarlo-y-pagamos-caro\/","title":{"rendered":"\u201cNo pudimos finiquitarlo y pagamos caro\u201d"},"content":{"rendered":"<p>El estratega de Bol\u00edvar, Jos\u00e9 Ignacio Gonz\u00e1lez, dijo ayer tras el partido donde su equipo empat\u00f3 ante el Wilstermann por 2-2 por la Copa Sudamericana, que su elenco no pudo sostener el resultado y termin\u00f3 \u201cpagando caro\u201d.<\/p>\n<p>\u201cYo creo que con el marcador a favor tuvimos situaciones claras para ampliar el resultado, pero cuando no lo haces el rival te penaliza y as\u00ed fue. Es una l\u00e1stima no pudimos finiquitarlo y eso se paga caro\u201d, sostuvo Gonzales en conferencia de prensa.<\/p>\n<p>Asimismo, Gonzales admiti\u00f3 que con el resultado no tienen m\u00e1s margen de equivocarse en el Grupo C. \u201cLas situaciones de gol que nos convierten vienen de dos pelotas paradas, pero en el resto del juego fuimos bastante consistentes. Ahora no hay ning\u00fan margen al error y la clasificaci\u00f3n no las jugaremos fuera de nuestra casa\u201d, dijo Gonzales en conferencia de prensa.<\/p>\n<p>Bol\u00edvar deb\u00eda ganar para ubicarse en el primer puesto de su llave. El resultado obliga a que consiga puntos en sus dos visitas ante el Cear\u00e1 de Brasil y Arsenal de Argentina. En tanto, Wilstermann est\u00e1 casi fuera de pelear una clasificaci\u00f3n que conseguir\u00e1 el primero de cada grupo.<\/p>\n<p>&nbsp;<\/p>\n","protected":false},"excerpt":{"rendered":"<p>El estratega de Bol\u00edvar, Jos\u00e9 Ignacio Gonz\u00e1lez, dijo ayer tras el partido donde su equipo empat\u00f3 ante el Wilstermann por 2-2 por la Copa Sudamericana, que su elenco no pudo sostener el resultado y termin\u00f3 \u201cpagando caro\u201d. \u201cYo creo que con el marcador a favor tuvimos situaciones claras para ampliar el resultado, pero cuando no [&hellip;]<\/p>\n","protected":false},"author":1,"featured_media":3599,"comment_status":"closed","ping_status":"closed","sticky":false,"template":"","format":"standard","meta":{"_acf_changed":false,"footnotes":""},"categories":[6],"tags":[],"class_list":["post-3598","post","type-post","status-publish","format-standard","has-post-thumbnail","category-deportes"],"acf":{"antetitulo":""},"yoast_head":"<!-- This site is optimized with the Yoast SEO plugin v28.4 - https:\/\/yoast.com\/product\/yoast-seo-wordpress\/ -->\n<title>\u201cNo pudimos finiquitarlo y pagamos caro\u201d - El Diario - Bolivia<\/title>\n<meta name=\"robots\" content=\"index, follow, max-snippet:-1, max-image-preview:large, max-video-preview:-1\" \/>\n<link rel=\"canonical\" href=\"https:\/\/www.eldiario.net\/portal\/2021\/05\/13\/no-pudimos-finiquitarlo-y-pagamos-caro\/\" \/>\n<meta property=\"og:locale\" content=\"es_ES\" \/>\n<meta property=\"og:type\" content=\"article\" \/>\n<meta property=\"og:title\" content=\"\u201cNo pudimos finiquitarlo y pagamos caro\u201d - El Diario - Bolivia\" \/>\n<meta property=\"og:description\" content=\"El estratega de Bol\u00edvar, Jos\u00e9 Ignacio Gonz\u00e1lez, dijo ayer tras el partido donde su equipo empat\u00f3 ante el Wilstermann por 2-2 por la Copa Sudamericana, que su elenco no pudo sostener el resultado y termin\u00f3 \u201cpagando caro\u201d. \u201cYo creo que con el marcador a favor tuvimos situaciones claras para ampliar el resultado, pero cuando no [&hellip;]\" \/>\n<meta property=\"og:url\" content=\"https:\/\/www.eldiario.net\/portal\/2021\/05\/13\/no-pudimos-finiquitarlo-y-pagamos-caro\/\" \/>\n<meta property=\"og:site_name\" content=\"El Diario - Bolivia\" \/>\n<meta property=\"article:publisher\" content=\"https:\/\/www.facebook.com\/eldiario.bolivia\/\" \/>\n<meta property=\"article:published_time\" content=\"2021-05-13T10:50:14+00:00\" \/>\n<meta property=\"og:image\" content=\"https:\/\/www.eldiario.net\/portal\/wp-content\/uploads\/2021\/05\/DEPO-No-pudimos-finiquitarlo-scaled-e1620902999526.jpg\" \/>\n\t<meta property=\"og:image:width\" content=\"1785\" \/>\n\t<meta property=\"og:image:height\" content=\"1107\" \/>\n\t<meta property=\"og:image:type\" content=\"image\/jpeg\" \/>\n<meta name=\"author\" content=\"Jeanette\" \/>\n<meta name=\"twitter:card\" content=\"summary_large_image\" \/>\n<meta name=\"twitter:creator\" content=\"@eldiario_net\" \/>\n<meta name=\"twitter:site\" content=\"@eldiario_net\" \/>\n<meta name=\"twitter:label1\" content=\"Escrito por\" \/>\n\t<meta name=\"twitter:data1\" content=\"Jeanette\" \/>\n\t<meta name=\"twitter:label2\" content=\"Tiempo de lectura\" \/>\n\t<meta name=\"twitter:data2\" content=\"1 minuto\" \/>\n<script type=\"application\/ld+json\" class=\"yoast-schema-graph\">{\"@context\":\"https:\\\/\\\/schema.org\",\"@graph\":[{\"@type\":\"Article\",\"@id\":\"https:\\\/\\\/www.eldiario.net\\\/portal\\\/2021\\\/05\\\/13\\\/no-pudimos-finiquitarlo-y-pagamos-caro\\\/#article\",\"isPartOf\":{\"@id\":\"https:\\\/\\\/www.eldiario.net\\\/portal\\\/2021\\\/05\\\/13\\\/no-pudimos-finiquitarlo-y-pagamos-caro\\\/\"},\"author\":{\"name\":\"Jeanette\",\"@id\":\"https:\\\/\\\/www.eldiario.net\\\/portal\\\/#\\\/schema\\\/person\\\/2c57cf2b7a7ae032e449e4c9b1019eac\"},\"headline\":\"\u201cNo pudimos finiquitarlo y pagamos caro\u201d\",\"datePublished\":\"2021-05-13T10:50:14+00:00\",\"mainEntityOfPage\":{\"@id\":\"https:\\\/\\\/www.eldiario.net\\\/portal\\\/2021\\\/05\\\/13\\\/no-pudimos-finiquitarlo-y-pagamos-caro\\\/\"},\"wordCount\":207,\"publisher\":{\"@id\":\"https:\\\/\\\/www.eldiario.net\\\/portal\\\/#organization\"},\"image\":{\"@id\":\"https:\\\/\\\/www.eldiario.net\\\/portal\\\/2021\\\/05\\\/13\\\/no-pudimos-finiquitarlo-y-pagamos-caro\\\/#primaryimage\"},\"thumbnailUrl\":\"https:\\\/\\\/www.eldiario.net\\\/portal\\\/wp-content\\\/uploads\\\/2021\\\/05\\\/DEPO-No-pudimos-finiquitarlo-scaled-e1620902999526.jpg\",\"articleSection\":[\"Deportes\"],\"inLanguage\":\"es\"},{\"@type\":\"WebPage\",\"@id\":\"https:\\\/\\\/www.eldiario.net\\\/portal\\\/2021\\\/05\\\/13\\\/no-pudimos-finiquitarlo-y-pagamos-caro\\\/\",\"url\":\"https:\\\/\\\/www.eldiario.net\\\/portal\\\/2021\\\/05\\\/13\\\/no-pudimos-finiquitarlo-y-pagamos-caro\\\/\",\"name\":\"\u201cNo pudimos finiquitarlo y pagamos caro\u201d - El Diario - Bolivia\",\"isPartOf\":{\"@id\":\"https:\\\/\\\/www.eldiario.net\\\/portal\\\/#website\"},\"primaryImageOfPage\":{\"@id\":\"https:\\\/\\\/www.eldiario.net\\\/portal\\\/2021\\\/05\\\/13\\\/no-pudimos-finiquitarlo-y-pagamos-caro\\\/#primaryimage\"},\"image\":{\"@id\":\"https:\\\/\\\/www.eldiario.net\\\/portal\\\/2021\\\/05\\\/13\\\/no-pudimos-finiquitarlo-y-pagamos-caro\\\/#primaryimage\"},\"thumbnailUrl\":\"https:\\\/\\\/www.eldiario.net\\\/portal\\\/wp-content\\\/uploads\\\/2021\\\/05\\\/DEPO-No-pudimos-finiquitarlo-scaled-e1620902999526.jpg\",\"datePublished\":\"2021-05-13T10:50:14+00:00\",\"breadcrumb\":{\"@id\":\"https:\\\/\\\/www.eldiario.net\\\/portal\\\/2021\\\/05\\\/13\\\/no-pudimos-finiquitarlo-y-pagamos-caro\\\/#breadcrumb\"},\"inLanguage\":\"es\",\"potentialAction\":[{\"@type\":\"ReadAction\",\"target\":[\"https:\\\/\\\/www.eldiario.net\\\/portal\\\/2021\\\/05\\\/13\\\/no-pudimos-finiquitarlo-y-pagamos-caro\\\/\"]}]},{\"@type\":\"ImageObject\",\"inLanguage\":\"es\",\"@id\":\"https:\\\/\\\/www.eldiario.net\\\/portal\\\/2021\\\/05\\\/13\\\/no-pudimos-finiquitarlo-y-pagamos-caro\\\/#primaryimage\",\"url\":\"https:\\\/\\\/www.eldiario.net\\\/portal\\\/wp-content\\\/uploads\\\/2021\\\/05\\\/DEPO-No-pudimos-finiquitarlo-scaled-e1620902999526.jpg\",\"contentUrl\":\"https:\\\/\\\/www.eldiario.net\\\/portal\\\/wp-content\\\/uploads\\\/2021\\\/05\\\/DEPO-No-pudimos-finiquitarlo-scaled-e1620902999526.jpg\",\"width\":1785,\"height\":1107},{\"@type\":\"BreadcrumbList\",\"@id\":\"https:\\\/\\\/www.eldiario.net\\\/portal\\\/2021\\\/05\\\/13\\\/no-pudimos-finiquitarlo-y-pagamos-caro\\\/#breadcrumb\",\"itemListElement\":[{\"@type\":\"ListItem\",\"position\":1,\"name\":\"Portada\",\"item\":\"https:\\\/\\\/www.eldiario.net\\\/portal\\\/\"},{\"@type\":\"ListItem\",\"position\":2,\"name\":\"\u201cNo pudimos finiquitarlo y pagamos caro\u201d\"}]},{\"@type\":\"WebSite\",\"@id\":\"https:\\\/\\\/www.eldiario.net\\\/portal\\\/#website\",\"url\":\"https:\\\/\\\/www.eldiario.net\\\/portal\\\/\",\"name\":\"El Diario - Decano de la prensa nacional\",\"description\":\"El Diario - Decano de la prensa nacional\",\"publisher\":{\"@id\":\"https:\\\/\\\/www.eldiario.net\\\/portal\\\/#organization\"},\"potentialAction\":[{\"@type\":\"SearchAction\",\"target\":{\"@type\":\"EntryPoint\",\"urlTemplate\":\"https:\\\/\\\/www.eldiario.net\\\/portal\\\/?s={search_term_string}\"},\"query-input\":{\"@type\":\"PropertyValueSpecification\",\"valueRequired\":true,\"valueName\":\"search_term_string\"}}],\"inLanguage\":\"es\"},{\"@type\":\"Organization\",\"@id\":\"https:\\\/\\\/www.eldiario.net\\\/portal\\\/#organization\",\"name\":\"El Diario - Decano de la prensa nacional\",\"url\":\"https:\\\/\\\/www.eldiario.net\\\/portal\\\/\",\"logo\":{\"@type\":\"ImageObject\",\"inLanguage\":\"es\",\"@id\":\"https:\\\/\\\/www.eldiario.net\\\/portal\\\/#\\\/schema\\\/logo\\\/image\\\/\",\"url\":\"https:\\\/\\\/www.eldiario.net\\\/portal\\\/wp-content\\\/uploads\\\/2023\\\/07\\\/logo_ED.jpg\",\"contentUrl\":\"https:\\\/\\\/www.eldiario.net\\\/portal\\\/wp-content\\\/uploads\\\/2023\\\/07\\\/logo_ED.jpg\",\"width\":272,\"height\":52,\"caption\":\"El Diario - Decano de la prensa nacional\"},\"image\":{\"@id\":\"https:\\\/\\\/www.eldiario.net\\\/portal\\\/#\\\/schema\\\/logo\\\/image\\\/\"},\"sameAs\":[\"https:\\\/\\\/www.facebook.com\\\/eldiario.bolivia\\\/\",\"https:\\\/\\\/x.com\\\/eldiario_net\"]},{\"@type\":\"Person\",\"@id\":\"https:\\\/\\\/www.eldiario.net\\\/portal\\\/#\\\/schema\\\/person\\\/2c57cf2b7a7ae032e449e4c9b1019eac\",\"name\":\"Jeanette\",\"image\":{\"@type\":\"ImageObject\",\"inLanguage\":\"es\",\"@id\":\"https:\\\/\\\/secure.gravatar.com\\\/avatar\\\/3ea2118a5f7dad2b7138b1187a6b7ee55f160b9968b66013c3a3ef39dd7e5798?s=96&d=mm&r=g\",\"url\":\"https:\\\/\\\/secure.gravatar.com\\\/avatar\\\/3ea2118a5f7dad2b7138b1187a6b7ee55f160b9968b66013c3a3ef39dd7e5798?s=96&d=mm&r=g\",\"contentUrl\":\"https:\\\/\\\/secure.gravatar.com\\\/avatar\\\/3ea2118a5f7dad2b7138b1187a6b7ee55f160b9968b66013c3a3ef39dd7e5798?s=96&d=mm&r=g\",\"caption\":\"Jeanette\"},\"sameAs\":[\"https:\\\/\\\/www.eldiario.net\\\/portal\"],\"url\":\"https:\\\/\\\/www.eldiario.net\\\/portal\\\/author\\\/jeanette\\\/\"}]}<\/script>\n<!-- \/ Yoast SEO plugin. -->","yoast_head_json":{"title":"\u201cNo pudimos finiquitarlo y pagamos caro\u201d - El Diario - Bolivia","robots":{"index":"index","follow":"follow","max-snippet":"max-snippet:-1","max-image-preview":"max-image-preview:large","max-video-preview":"max-video-preview:-1"},"canonical":"https:\/\/www.eldiario.net\/portal\/2021\/05\/13\/no-pudimos-finiquitarlo-y-pagamos-caro\/","og_locale":"es_ES","og_type":"article","og_title":"\u201cNo pudimos finiquitarlo y pagamos caro\u201d - El Diario - Bolivia","og_description":"El estratega de Bol\u00edvar, Jos\u00e9 Ignacio Gonz\u00e1lez, dijo ayer tras el partido donde su equipo empat\u00f3 ante el Wilstermann por 2-2 por la Copa Sudamericana, que su elenco no pudo sostener el resultado y termin\u00f3 \u201cpagando caro\u201d. \u201cYo creo que con el marcador a favor tuvimos situaciones claras para ampliar el resultado, pero cuando no [&hellip;]","og_url":"https:\/\/www.eldiario.net\/portal\/2021\/05\/13\/no-pudimos-finiquitarlo-y-pagamos-caro\/","og_site_name":"El Diario - Bolivia","article_publisher":"https:\/\/www.facebook.com\/eldiario.bolivia\/","article_published_time":"2021-05-13T10:50:14+00:00","og_image":[{"width":1785,"height":1107,"url":"https:\/\/www.eldiario.net\/portal\/wp-content\/uploads\/2021\/05\/DEPO-No-pudimos-finiquitarlo-scaled-e1620902999526.jpg","type":"image\/jpeg"}],"author":"Jeanette","twitter_card":"summary_large_image","twitter_creator":"@eldiario_net","twitter_site":"@eldiario_net","twitter_misc":{"Escrito por":"Jeanette","Tiempo de lectura":"1 minuto"},"schema":{"@context":"https:\/\/schema.org","@graph":[{"@type":"Article","@id":"https:\/\/www.eldiario.net\/portal\/2021\/05\/13\/no-pudimos-finiquitarlo-y-pagamos-caro\/#article","isPartOf":{"@id":"https:\/\/www.eldiario.net\/portal\/2021\/05\/13\/no-pudimos-finiquitarlo-y-pagamos-caro\/"},"author":{"name":"Jeanette","@id":"https:\/\/www.eldiario.net\/portal\/#\/schema\/person\/2c57cf2b7a7ae032e449e4c9b1019eac"},"headline":"\u201cNo pudimos finiquitarlo y pagamos caro\u201d","datePublished":"2021-05-13T10:50:14+00:00","mainEntityOfPage":{"@id":"https:\/\/www.eldiario.net\/portal\/2021\/05\/13\/no-pudimos-finiquitarlo-y-pagamos-caro\/"},"wordCount":207,"publisher":{"@id":"https:\/\/www.eldiario.net\/portal\/#organization"},"image":{"@id":"https:\/\/www.eldiario.net\/portal\/2021\/05\/13\/no-pudimos-finiquitarlo-y-pagamos-caro\/#primaryimage"},"thumbnailUrl":"https:\/\/www.eldiario.net\/portal\/wp-content\/uploads\/2021\/05\/DEPO-No-pudimos-finiquitarlo-scaled-e1620902999526.jpg","articleSection":["Deportes"],"inLanguage":"es"},{"@type":"WebPage","@id":"https:\/\/www.eldiario.net\/portal\/2021\/05\/13\/no-pudimos-finiquitarlo-y-pagamos-caro\/","url":"https:\/\/www.eldiario.net\/portal\/2021\/05\/13\/no-pudimos-finiquitarlo-y-pagamos-caro\/","name":"\u201cNo pudimos finiquitarlo y pagamos caro\u201d - El Diario - Bolivia","isPartOf":{"@id":"https:\/\/www.eldiario.net\/portal\/#website"},"primaryImageOfPage":{"@id":"https:\/\/www.eldiario.net\/portal\/2021\/05\/13\/no-pudimos-finiquitarlo-y-pagamos-caro\/#primaryimage"},"image":{"@id":"https:\/\/www.eldiario.net\/portal\/2021\/05\/13\/no-pudimos-finiquitarlo-y-pagamos-caro\/#primaryimage"},"thumbnailUrl":"https:\/\/www.eldiario.net\/portal\/wp-content\/uploads\/2021\/05\/DEPO-No-pudimos-finiquitarlo-scaled-e1620902999526.jpg","datePublished":"2021-05-13T10:50:14+00:00","breadcrumb":{"@id":"https:\/\/www.eldiario.net\/portal\/2021\/05\/13\/no-pudimos-finiquitarlo-y-pagamos-caro\/#breadcrumb"},"inLanguage":"es","potentialAction":[{"@type":"ReadAction","target":["https:\/\/www.eldiario.net\/portal\/2021\/05\/13\/no-pudimos-finiquitarlo-y-pagamos-caro\/"]}]},{"@type":"ImageObject","inLanguage":"es","@id":"https:\/\/www.eldiario.net\/portal\/2021\/05\/13\/no-pudimos-finiquitarlo-y-pagamos-caro\/#primaryimage","url":"https:\/\/www.eldiario.net\/portal\/wp-content\/uploads\/2021\/05\/DEPO-No-pudimos-finiquitarlo-scaled-e1620902999526.jpg","contentUrl":"https:\/\/www.eldiario.net\/portal\/wp-content\/uploads\/2021\/05\/DEPO-No-pudimos-finiquitarlo-scaled-e1620902999526.jpg","width":1785,"height":1107},{"@type":"BreadcrumbList","@id":"https:\/\/www.eldiario.net\/portal\/2021\/05\/13\/no-pudimos-finiquitarlo-y-pagamos-caro\/#breadcrumb","itemListElement":[{"@type":"ListItem","position":1,"name":"Portada","item":"https:\/\/www.eldiario.net\/portal\/"},{"@type":"ListItem","position":2,"name":"\u201cNo pudimos finiquitarlo y pagamos caro\u201d"}]},{"@type":"WebSite","@id":"https:\/\/www.eldiario.net\/portal\/#website","url":"https:\/\/www.eldiario.net\/portal\/","name":"El Diario - Decano de la prensa nacional","description":"El Diario - Decano de la prensa nacional","publisher":{"@id":"https:\/\/www.eldiario.net\/portal\/#organization"},"potentialAction":[{"@type":"SearchAction","target":{"@type":"EntryPoint","urlTemplate":"https:\/\/www.eldiario.net\/portal\/?s={search_term_string}"},"query-input":{"@type":"PropertyValueSpecification","valueRequired":true,"valueName":"search_term_string"}}],"inLanguage":"es"},{"@type":"Organization","@id":"https:\/\/www.eldiario.net\/portal\/#organization","name":"El Diario - Decano de la prensa nacional","url":"https:\/\/www.eldiario.net\/portal\/","logo":{"@type":"ImageObject","inLanguage":"es","@id":"https:\/\/www.eldiario.net\/portal\/#\/schema\/logo\/image\/","url":"https:\/\/www.eldiario.net\/portal\/wp-content\/uploads\/2023\/07\/logo_ED.jpg","contentUrl":"https:\/\/www.eldiario.net\/portal\/wp-content\/uploads\/2023\/07\/logo_ED.jpg","width":272,"height":52,"caption":"El Diario - Decano de la prensa nacional"},"image":{"@id":"https:\/\/www.eldiario.net\/portal\/#\/schema\/logo\/image\/"},"sameAs":["https:\/\/www.facebook.com\/eldiario.bolivia\/","https:\/\/x.com\/eldiario_net"]},{"@type":"Person","@id":"https:\/\/www.eldiario.net\/portal\/#\/schema\/person\/2c57cf2b7a7ae032e449e4c9b1019eac","name":"Jeanette","image":{"@type":"ImageObject","inLanguage":"es","@id":"https:\/\/secure.gravatar.com\/avatar\/3ea2118a5f7dad2b7138b1187a6b7ee55f160b9968b66013c3a3ef39dd7e5798?s=96&d=mm&r=g","url":"https:\/\/secure.gravatar.com\/avatar\/3ea2118a5f7dad2b7138b1187a6b7ee55f160b9968b66013c3a3ef39dd7e5798?s=96&d=mm&r=g","contentUrl":"https:\/\/secure.gravatar.com\/avatar\/3ea2118a5f7dad2b7138b1187a6b7ee55f160b9968b66013c3a3ef39dd7e5798?s=96&d=mm&r=g","caption":"Jeanette"},"sameAs":["https:\/\/www.eldiario.net\/portal"],"url":"https:\/\/www.eldiario.net\/portal\/author\/jeanette\/"}]}},"_links":{"self":[{"href":"https:\/\/www.eldiario.net\/portal\/wp-json\/wp\/v2\/posts\/3598","targetHints":{"allow":["GET"]}}],"collection":[{"href":"https:\/\/www.eldiario.net\/portal\/wp-json\/wp\/v2\/posts"}],"about":[{"href":"https:\/\/www.eldiario.net\/portal\/wp-json\/wp\/v2\/types\/post"}],"author":[{"embeddable":true,"href":"https:\/\/www.eldiario.net\/portal\/wp-json\/wp\/v2\/users\/1"}],"replies":[{"embeddable":true,"href":"https:\/\/www.eldiario.net\/portal\/wp-json\/wp\/v2\/comments?post=3598"}],"version-history":[{"count":0,"href":"https:\/\/www.eldiario.net\/portal\/wp-json\/wp\/v2\/posts\/3598\/revisions"}],"wp:featuredmedia":[{"embeddable":true,"href":"https:\/\/www.eldiario.net\/portal\/wp-json\/wp\/v2\/media\/3599"}],"wp:attachment":[{"href":"https:\/\/www.eldiario.net\/portal\/wp-json\/wp\/v2\/media?parent=3598"}],"wp:term":[{"taxonomy":"category","embeddable":true,"href":"https:\/\/www.eldiario.net\/portal\/wp-json\/wp\/v2\/categories?post=3598"},{"taxonomy":"post_tag","embeddable":true,"href":"https:\/\/www.eldiario.net\/portal\/wp-json\/wp\/v2\/tags?post=3598"}],"curies":[{"name":"wp","href":"https:\/\/api.w.org\/{rel}","templated":true}]}}