{"id":359530,"date":"2026-01-13T10:06:31","date_gmt":"2026-01-13T14:06:31","guid":{"rendered":"https:\/\/www.eldiario.net\/portal\/?p=359530"},"modified":"2026-01-13T10:06:31","modified_gmt":"2026-01-13T14:06:31","slug":"cob-instala-ampliado-nacional-de-emergencia-para-analizar-el-decreto-supremo-5516-1006","status":"publish","type":"post","link":"https:\/\/www.eldiario.net\/portal\/2026\/01\/13\/cob-instala-ampliado-nacional-de-emergencia-para-analizar-el-decreto-supremo-5516-1006\/","title":{"rendered":"COB instala ampliado nacional de emergencia para analizar el Decreto Supremo 5516 (10:06)"},"content":{"rendered":"<p>La Central Obrera Boliviana (COB) inici\u00f3 este martes su Ampliado Nacional de Emergencia en la ciudad de La Paz, con el objetivo de analizar los alcances del Decreto Supremo 5516, norma que elimina el DS 5503, cuya vigencia motiv\u00f3 m\u00e1s de tres semanas de movilizaciones sindicales en demanda de su abrogaci\u00f3n.<\/p>\n<p>El encuentro se desarrolla en instalaciones de la Federaci\u00f3n Sindical de Trabajadores Mineros de Bolivia (Fstmb), en el paseo de El Prado pace\u00f1o.<\/p>\n<p>La convocatoria fue emitida por el Comit\u00e9 Ejecutivo Nacional de la COB e instruye la participaci\u00f3n obligatoria de confederaciones, federaciones nacionales y centrales obreras departamentales y regionales.<\/p>\n<p><img loading=\"lazy\" decoding=\"async\" class=\"size-medium wp-image-359531 aligncenter\" src=\"https:\/\/www.eldiario.net\/portal\/wp-content\/uploads\/2026\/01\/cob-convocatoria-13.01.26-copia-234x300.webp\" alt=\"\" width=\"234\" height=\"300\" srcset=\"https:\/\/www.eldiario.net\/portal\/wp-content\/uploads\/2026\/01\/cob-convocatoria-13.01.26-copia-234x300.webp 234w, https:\/\/www.eldiario.net\/portal\/wp-content\/uploads\/2026\/01\/cob-convocatoria-13.01.26-copia-327x420.webp 327w, https:\/\/www.eldiario.net\/portal\/wp-content\/uploads\/2026\/01\/cob-convocatoria-13.01.26-copia-150x193.webp 150w, https:\/\/www.eldiario.net\/portal\/wp-content\/uploads\/2026\/01\/cob-convocatoria-13.01.26-copia-300x385.webp 300w, https:\/\/www.eldiario.net\/portal\/wp-content\/uploads\/2026\/01\/cob-convocatoria-13.01.26-copia.webp 556w\" sizes=\"auto, (max-width: 234px) 100vw, 234px\" \/><\/p>\n<p>De acuerdo con el orden del d\u00eda, el ampliado contempla el control de asistencia, el an\u00e1lisis del DS 5516 y la adopci\u00f3n de determinaciones.<\/p>\n<p>La dirigencia advirti\u00f3 que se aplicar\u00e1 el Estatuto Org\u00e1nico debido a la importancia de las resoluciones que se asuman frente a esta nueva normativa.<\/p>\n","protected":false},"excerpt":{"rendered":"<p>La Central Obrera Boliviana (COB) inici\u00f3 este martes su Ampliado Nacional de Emergencia en la ciudad de La Paz, con el objetivo de analizar los alcances del Decreto Supremo 5516, norma que elimina el DS 5503, cuya vigencia motiv\u00f3 m\u00e1s de tres semanas de movilizaciones sindicales en demanda de su abrogaci\u00f3n. El encuentro se desarrolla [&hellip;]<\/p>\n","protected":false},"author":7,"featured_media":359532,"comment_status":"closed","ping_status":"open","sticky":false,"template":"","format":"standard","meta":{"_acf_changed":false,"footnotes":""},"categories":[51],"tags":[],"class_list":["post-359530","post","type-post","status-publish","format-standard","has-post-thumbnail","category-ultima-hora"],"acf":{"antetitulo":""},"yoast_head":"<!-- This site is optimized with the Yoast SEO plugin v28.4 - https:\/\/yoast.com\/product\/yoast-seo-wordpress\/ -->\n<title>COB instala ampliado nacional de emergencia para analizar el Decreto Supremo 5516 (10:06) - El Diario - Bolivia<\/title>\n<meta name=\"robots\" content=\"index, follow, max-snippet:-1, max-image-preview:large, max-video-preview:-1\" \/>\n<link rel=\"canonical\" href=\"https:\/\/www.eldiario.net\/portal\/2026\/01\/13\/cob-instala-ampliado-nacional-de-emergencia-para-analizar-el-decreto-supremo-5516-1006\/\" \/>\n<meta property=\"og:locale\" content=\"es_ES\" \/>\n<meta property=\"og:type\" content=\"article\" \/>\n<meta property=\"og:title\" content=\"COB instala ampliado nacional de emergencia para analizar el Decreto Supremo 5516 (10:06) - El Diario - Bolivia\" \/>\n<meta property=\"og:description\" content=\"La Central Obrera Boliviana (COB) inici\u00f3 este martes su Ampliado Nacional de Emergencia en la ciudad de La Paz, con el objetivo de analizar los alcances del Decreto Supremo 5516, norma que elimina el DS 5503, cuya vigencia motiv\u00f3 m\u00e1s de tres semanas de movilizaciones sindicales en demanda de su abrogaci\u00f3n. El encuentro se desarrolla [&hellip;]\" \/>\n<meta property=\"og:url\" content=\"https:\/\/www.eldiario.net\/portal\/2026\/01\/13\/cob-instala-ampliado-nacional-de-emergencia-para-analizar-el-decreto-supremo-5516-1006\/\" \/>\n<meta property=\"og:site_name\" content=\"El Diario - Bolivia\" \/>\n<meta property=\"article:publisher\" content=\"https:\/\/www.facebook.com\/eldiario.bolivia\/\" \/>\n<meta property=\"article:published_time\" content=\"2026-01-13T14:06:31+00:00\" \/>\n<meta property=\"og:image\" content=\"https:\/\/www.eldiario.net\/portal\/wp-content\/uploads\/2026\/01\/cob-12.01.26-copia-1.webp\" \/>\n\t<meta property=\"og:image:width\" content=\"700\" \/>\n\t<meta property=\"og:image:height\" content=\"525\" \/>\n\t<meta property=\"og:image:type\" content=\"image\/webp\" \/>\n<meta name=\"author\" content=\"Viviana Monrroy\" \/>\n<meta name=\"twitter:card\" content=\"summary_large_image\" \/>\n<meta name=\"twitter:creator\" content=\"@eldiario_net\" \/>\n<meta name=\"twitter:site\" content=\"@eldiario_net\" \/>\n<meta name=\"twitter:label1\" content=\"Escrito por\" \/>\n\t<meta name=\"twitter:data1\" content=\"Viviana Monrroy\" \/>\n\t<meta name=\"twitter:label2\" content=\"Tiempo de lectura\" \/>\n\t<meta name=\"twitter:data2\" content=\"2 minutos\" \/>\n<script type=\"application\/ld+json\" class=\"yoast-schema-graph\">{\"@context\":\"https:\\\/\\\/schema.org\",\"@graph\":[{\"@type\":\"Article\",\"@id\":\"https:\\\/\\\/www.eldiario.net\\\/portal\\\/2026\\\/01\\\/13\\\/cob-instala-ampliado-nacional-de-emergencia-para-analizar-el-decreto-supremo-5516-1006\\\/#article\",\"isPartOf\":{\"@id\":\"https:\\\/\\\/www.eldiario.net\\\/portal\\\/2026\\\/01\\\/13\\\/cob-instala-ampliado-nacional-de-emergencia-para-analizar-el-decreto-supremo-5516-1006\\\/\"},\"author\":{\"name\":\"Viviana Monrroy\",\"@id\":\"https:\\\/\\\/www.eldiario.net\\\/portal\\\/#\\\/schema\\\/person\\\/32cc89e801dfcbad3a54f91da7f2ea06\"},\"headline\":\"COB instala ampliado nacional de emergencia para analizar el Decreto Supremo 5516 (10:06)\",\"datePublished\":\"2026-01-13T14:06:31+00:00\",\"mainEntityOfPage\":{\"@id\":\"https:\\\/\\\/www.eldiario.net\\\/portal\\\/2026\\\/01\\\/13\\\/cob-instala-ampliado-nacional-de-emergencia-para-analizar-el-decreto-supremo-5516-1006\\\/\"},\"wordCount\":166,\"publisher\":{\"@id\":\"https:\\\/\\\/www.eldiario.net\\\/portal\\\/#organization\"},\"image\":{\"@id\":\"https:\\\/\\\/www.eldiario.net\\\/portal\\\/2026\\\/01\\\/13\\\/cob-instala-ampliado-nacional-de-emergencia-para-analizar-el-decreto-supremo-5516-1006\\\/#primaryimage\"},\"thumbnailUrl\":\"https:\\\/\\\/www.eldiario.net\\\/portal\\\/wp-content\\\/uploads\\\/2026\\\/01\\\/cob-12.01.26-copia-1.webp\",\"articleSection\":[\"\u00daltima Hora\"],\"inLanguage\":\"es\"},{\"@type\":\"WebPage\",\"@id\":\"https:\\\/\\\/www.eldiario.net\\\/portal\\\/2026\\\/01\\\/13\\\/cob-instala-ampliado-nacional-de-emergencia-para-analizar-el-decreto-supremo-5516-1006\\\/\",\"url\":\"https:\\\/\\\/www.eldiario.net\\\/portal\\\/2026\\\/01\\\/13\\\/cob-instala-ampliado-nacional-de-emergencia-para-analizar-el-decreto-supremo-5516-1006\\\/\",\"name\":\"COB instala ampliado nacional de emergencia para analizar el Decreto Supremo 5516 (10:06) - El Diario - Bolivia\",\"isPartOf\":{\"@id\":\"https:\\\/\\\/www.eldiario.net\\\/portal\\\/#website\"},\"primaryImageOfPage\":{\"@id\":\"https:\\\/\\\/www.eldiario.net\\\/portal\\\/2026\\\/01\\\/13\\\/cob-instala-ampliado-nacional-de-emergencia-para-analizar-el-decreto-supremo-5516-1006\\\/#primaryimage\"},\"image\":{\"@id\":\"https:\\\/\\\/www.eldiario.net\\\/portal\\\/2026\\\/01\\\/13\\\/cob-instala-ampliado-nacional-de-emergencia-para-analizar-el-decreto-supremo-5516-1006\\\/#primaryimage\"},\"thumbnailUrl\":\"https:\\\/\\\/www.eldiario.net\\\/portal\\\/wp-content\\\/uploads\\\/2026\\\/01\\\/cob-12.01.26-copia-1.webp\",\"datePublished\":\"2026-01-13T14:06:31+00:00\",\"breadcrumb\":{\"@id\":\"https:\\\/\\\/www.eldiario.net\\\/portal\\\/2026\\\/01\\\/13\\\/cob-instala-ampliado-nacional-de-emergencia-para-analizar-el-decreto-supremo-5516-1006\\\/#breadcrumb\"},\"inLanguage\":\"es\",\"potentialAction\":[{\"@type\":\"ReadAction\",\"target\":[\"https:\\\/\\\/www.eldiario.net\\\/portal\\\/2026\\\/01\\\/13\\\/cob-instala-ampliado-nacional-de-emergencia-para-analizar-el-decreto-supremo-5516-1006\\\/\"]}]},{\"@type\":\"ImageObject\",\"inLanguage\":\"es\",\"@id\":\"https:\\\/\\\/www.eldiario.net\\\/portal\\\/2026\\\/01\\\/13\\\/cob-instala-ampliado-nacional-de-emergencia-para-analizar-el-decreto-supremo-5516-1006\\\/#primaryimage\",\"url\":\"https:\\\/\\\/www.eldiario.net\\\/portal\\\/wp-content\\\/uploads\\\/2026\\\/01\\\/cob-12.01.26-copia-1.webp\",\"contentUrl\":\"https:\\\/\\\/www.eldiario.net\\\/portal\\\/wp-content\\\/uploads\\\/2026\\\/01\\\/cob-12.01.26-copia-1.webp\",\"width\":700,\"height\":525,\"caption\":\"Foto: RR.SS.\"},{\"@type\":\"BreadcrumbList\",\"@id\":\"https:\\\/\\\/www.eldiario.net\\\/portal\\\/2026\\\/01\\\/13\\\/cob-instala-ampliado-nacional-de-emergencia-para-analizar-el-decreto-supremo-5516-1006\\\/#breadcrumb\",\"itemListElement\":[{\"@type\":\"ListItem\",\"position\":1,\"name\":\"Portada\",\"item\":\"https:\\\/\\\/www.eldiario.net\\\/portal\\\/\"},{\"@type\":\"ListItem\",\"position\":2,\"name\":\"COB instala ampliado nacional de emergencia para analizar el Decreto Supremo 5516 (10:06)\"}]},{\"@type\":\"WebSite\",\"@id\":\"https:\\\/\\\/www.eldiario.net\\\/portal\\\/#website\",\"url\":\"https:\\\/\\\/www.eldiario.net\\\/portal\\\/\",\"name\":\"El Diario - Decano de la prensa nacional\",\"description\":\"El Diario - Decano de la prensa nacional\",\"publisher\":{\"@id\":\"https:\\\/\\\/www.eldiario.net\\\/portal\\\/#organization\"},\"potentialAction\":[{\"@type\":\"SearchAction\",\"target\":{\"@type\":\"EntryPoint\",\"urlTemplate\":\"https:\\\/\\\/www.eldiario.net\\\/portal\\\/?s={search_term_string}\"},\"query-input\":{\"@type\":\"PropertyValueSpecification\",\"valueRequired\":true,\"valueName\":\"search_term_string\"}}],\"inLanguage\":\"es\"},{\"@type\":\"Organization\",\"@id\":\"https:\\\/\\\/www.eldiario.net\\\/portal\\\/#organization\",\"name\":\"El Diario - Decano de la prensa nacional\",\"url\":\"https:\\\/\\\/www.eldiario.net\\\/portal\\\/\",\"logo\":{\"@type\":\"ImageObject\",\"inLanguage\":\"es\",\"@id\":\"https:\\\/\\\/www.eldiario.net\\\/portal\\\/#\\\/schema\\\/logo\\\/image\\\/\",\"url\":\"https:\\\/\\\/www.eldiario.net\\\/portal\\\/wp-content\\\/uploads\\\/2023\\\/07\\\/logo_ED.jpg\",\"contentUrl\":\"https:\\\/\\\/www.eldiario.net\\\/portal\\\/wp-content\\\/uploads\\\/2023\\\/07\\\/logo_ED.jpg\",\"width\":272,\"height\":52,\"caption\":\"El Diario - Decano de la prensa nacional\"},\"image\":{\"@id\":\"https:\\\/\\\/www.eldiario.net\\\/portal\\\/#\\\/schema\\\/logo\\\/image\\\/\"},\"sameAs\":[\"https:\\\/\\\/www.facebook.com\\\/eldiario.bolivia\\\/\",\"https:\\\/\\\/x.com\\\/eldiario_net\"]},{\"@type\":\"Person\",\"@id\":\"https:\\\/\\\/www.eldiario.net\\\/portal\\\/#\\\/schema\\\/person\\\/32cc89e801dfcbad3a54f91da7f2ea06\",\"name\":\"Viviana Monrroy\",\"image\":{\"@type\":\"ImageObject\",\"inLanguage\":\"es\",\"@id\":\"https:\\\/\\\/secure.gravatar.com\\\/avatar\\\/dfd1611ed5600959a0e5a9754503b6c05d1dcf190010998e0363aee2ad98afca?s=96&d=mm&r=g\",\"url\":\"https:\\\/\\\/secure.gravatar.com\\\/avatar\\\/dfd1611ed5600959a0e5a9754503b6c05d1dcf190010998e0363aee2ad98afca?s=96&d=mm&r=g\",\"contentUrl\":\"https:\\\/\\\/secure.gravatar.com\\\/avatar\\\/dfd1611ed5600959a0e5a9754503b6c05d1dcf190010998e0363aee2ad98afca?s=96&d=mm&r=g\",\"caption\":\"Viviana Monrroy\"},\"sameAs\":[\"http:\\\/\\\/www.eldiario.net\"],\"url\":\"https:\\\/\\\/www.eldiario.net\\\/portal\\\/author\\\/vivianamonrroy\\\/\"}]}<\/script>\n<!-- \/ Yoast SEO plugin. -->","yoast_head_json":{"title":"COB instala ampliado nacional de emergencia para analizar el Decreto Supremo 5516 (10:06) - El Diario - Bolivia","robots":{"index":"index","follow":"follow","max-snippet":"max-snippet:-1","max-image-preview":"max-image-preview:large","max-video-preview":"max-video-preview:-1"},"canonical":"https:\/\/www.eldiario.net\/portal\/2026\/01\/13\/cob-instala-ampliado-nacional-de-emergencia-para-analizar-el-decreto-supremo-5516-1006\/","og_locale":"es_ES","og_type":"article","og_title":"COB instala ampliado nacional de emergencia para analizar el Decreto Supremo 5516 (10:06) - El Diario - Bolivia","og_description":"La Central Obrera Boliviana (COB) inici\u00f3 este martes su Ampliado Nacional de Emergencia en la ciudad de La Paz, con el objetivo de analizar los alcances del Decreto Supremo 5516, norma que elimina el DS 5503, cuya vigencia motiv\u00f3 m\u00e1s de tres semanas de movilizaciones sindicales en demanda de su abrogaci\u00f3n. El encuentro se desarrolla [&hellip;]","og_url":"https:\/\/www.eldiario.net\/portal\/2026\/01\/13\/cob-instala-ampliado-nacional-de-emergencia-para-analizar-el-decreto-supremo-5516-1006\/","og_site_name":"El Diario - Bolivia","article_publisher":"https:\/\/www.facebook.com\/eldiario.bolivia\/","article_published_time":"2026-01-13T14:06:31+00:00","og_image":[{"width":700,"height":525,"url":"https:\/\/www.eldiario.net\/portal\/wp-content\/uploads\/2026\/01\/cob-12.01.26-copia-1.webp","type":"image\/webp"}],"author":"Viviana Monrroy","twitter_card":"summary_large_image","twitter_creator":"@eldiario_net","twitter_site":"@eldiario_net","twitter_misc":{"Escrito por":"Viviana Monrroy","Tiempo de lectura":"2 minutos"},"schema":{"@context":"https:\/\/schema.org","@graph":[{"@type":"Article","@id":"https:\/\/www.eldiario.net\/portal\/2026\/01\/13\/cob-instala-ampliado-nacional-de-emergencia-para-analizar-el-decreto-supremo-5516-1006\/#article","isPartOf":{"@id":"https:\/\/www.eldiario.net\/portal\/2026\/01\/13\/cob-instala-ampliado-nacional-de-emergencia-para-analizar-el-decreto-supremo-5516-1006\/"},"author":{"name":"Viviana Monrroy","@id":"https:\/\/www.eldiario.net\/portal\/#\/schema\/person\/32cc89e801dfcbad3a54f91da7f2ea06"},"headline":"COB instala ampliado nacional de emergencia para analizar el Decreto Supremo 5516 (10:06)","datePublished":"2026-01-13T14:06:31+00:00","mainEntityOfPage":{"@id":"https:\/\/www.eldiario.net\/portal\/2026\/01\/13\/cob-instala-ampliado-nacional-de-emergencia-para-analizar-el-decreto-supremo-5516-1006\/"},"wordCount":166,"publisher":{"@id":"https:\/\/www.eldiario.net\/portal\/#organization"},"image":{"@id":"https:\/\/www.eldiario.net\/portal\/2026\/01\/13\/cob-instala-ampliado-nacional-de-emergencia-para-analizar-el-decreto-supremo-5516-1006\/#primaryimage"},"thumbnailUrl":"https:\/\/www.eldiario.net\/portal\/wp-content\/uploads\/2026\/01\/cob-12.01.26-copia-1.webp","articleSection":["\u00daltima Hora"],"inLanguage":"es"},{"@type":"WebPage","@id":"https:\/\/www.eldiario.net\/portal\/2026\/01\/13\/cob-instala-ampliado-nacional-de-emergencia-para-analizar-el-decreto-supremo-5516-1006\/","url":"https:\/\/www.eldiario.net\/portal\/2026\/01\/13\/cob-instala-ampliado-nacional-de-emergencia-para-analizar-el-decreto-supremo-5516-1006\/","name":"COB instala ampliado nacional de emergencia para analizar el Decreto Supremo 5516 (10:06) - El Diario - Bolivia","isPartOf":{"@id":"https:\/\/www.eldiario.net\/portal\/#website"},"primaryImageOfPage":{"@id":"https:\/\/www.eldiario.net\/portal\/2026\/01\/13\/cob-instala-ampliado-nacional-de-emergencia-para-analizar-el-decreto-supremo-5516-1006\/#primaryimage"},"image":{"@id":"https:\/\/www.eldiario.net\/portal\/2026\/01\/13\/cob-instala-ampliado-nacional-de-emergencia-para-analizar-el-decreto-supremo-5516-1006\/#primaryimage"},"thumbnailUrl":"https:\/\/www.eldiario.net\/portal\/wp-content\/uploads\/2026\/01\/cob-12.01.26-copia-1.webp","datePublished":"2026-01-13T14:06:31+00:00","breadcrumb":{"@id":"https:\/\/www.eldiario.net\/portal\/2026\/01\/13\/cob-instala-ampliado-nacional-de-emergencia-para-analizar-el-decreto-supremo-5516-1006\/#breadcrumb"},"inLanguage":"es","potentialAction":[{"@type":"ReadAction","target":["https:\/\/www.eldiario.net\/portal\/2026\/01\/13\/cob-instala-ampliado-nacional-de-emergencia-para-analizar-el-decreto-supremo-5516-1006\/"]}]},{"@type":"ImageObject","inLanguage":"es","@id":"https:\/\/www.eldiario.net\/portal\/2026\/01\/13\/cob-instala-ampliado-nacional-de-emergencia-para-analizar-el-decreto-supremo-5516-1006\/#primaryimage","url":"https:\/\/www.eldiario.net\/portal\/wp-content\/uploads\/2026\/01\/cob-12.01.26-copia-1.webp","contentUrl":"https:\/\/www.eldiario.net\/portal\/wp-content\/uploads\/2026\/01\/cob-12.01.26-copia-1.webp","width":700,"height":525,"caption":"Foto: RR.SS."},{"@type":"BreadcrumbList","@id":"https:\/\/www.eldiario.net\/portal\/2026\/01\/13\/cob-instala-ampliado-nacional-de-emergencia-para-analizar-el-decreto-supremo-5516-1006\/#breadcrumb","itemListElement":[{"@type":"ListItem","position":1,"name":"Portada","item":"https:\/\/www.eldiario.net\/portal\/"},{"@type":"ListItem","position":2,"name":"COB instala ampliado nacional de emergencia para analizar el Decreto Supremo 5516 (10:06)"}]},{"@type":"WebSite","@id":"https:\/\/www.eldiario.net\/portal\/#website","url":"https:\/\/www.eldiario.net\/portal\/","name":"El Diario - Decano de la prensa nacional","description":"El Diario - Decano de la prensa nacional","publisher":{"@id":"https:\/\/www.eldiario.net\/portal\/#organization"},"potentialAction":[{"@type":"SearchAction","target":{"@type":"EntryPoint","urlTemplate":"https:\/\/www.eldiario.net\/portal\/?s={search_term_string}"},"query-input":{"@type":"PropertyValueSpecification","valueRequired":true,"valueName":"search_term_string"}}],"inLanguage":"es"},{"@type":"Organization","@id":"https:\/\/www.eldiario.net\/portal\/#organization","name":"El Diario - Decano de la prensa nacional","url":"https:\/\/www.eldiario.net\/portal\/","logo":{"@type":"ImageObject","inLanguage":"es","@id":"https:\/\/www.eldiario.net\/portal\/#\/schema\/logo\/image\/","url":"https:\/\/www.eldiario.net\/portal\/wp-content\/uploads\/2023\/07\/logo_ED.jpg","contentUrl":"https:\/\/www.eldiario.net\/portal\/wp-content\/uploads\/2023\/07\/logo_ED.jpg","width":272,"height":52,"caption":"El Diario - Decano de la prensa nacional"},"image":{"@id":"https:\/\/www.eldiario.net\/portal\/#\/schema\/logo\/image\/"},"sameAs":["https:\/\/www.facebook.com\/eldiario.bolivia\/","https:\/\/x.com\/eldiario_net"]},{"@type":"Person","@id":"https:\/\/www.eldiario.net\/portal\/#\/schema\/person\/32cc89e801dfcbad3a54f91da7f2ea06","name":"Viviana Monrroy","image":{"@type":"ImageObject","inLanguage":"es","@id":"https:\/\/secure.gravatar.com\/avatar\/dfd1611ed5600959a0e5a9754503b6c05d1dcf190010998e0363aee2ad98afca?s=96&d=mm&r=g","url":"https:\/\/secure.gravatar.com\/avatar\/dfd1611ed5600959a0e5a9754503b6c05d1dcf190010998e0363aee2ad98afca?s=96&d=mm&r=g","contentUrl":"https:\/\/secure.gravatar.com\/avatar\/dfd1611ed5600959a0e5a9754503b6c05d1dcf190010998e0363aee2ad98afca?s=96&d=mm&r=g","caption":"Viviana Monrroy"},"sameAs":["http:\/\/www.eldiario.net"],"url":"https:\/\/www.eldiario.net\/portal\/author\/vivianamonrroy\/"}]}},"_links":{"self":[{"href":"https:\/\/www.eldiario.net\/portal\/wp-json\/wp\/v2\/posts\/359530","targetHints":{"allow":["GET"]}}],"collection":[{"href":"https:\/\/www.eldiario.net\/portal\/wp-json\/wp\/v2\/posts"}],"about":[{"href":"https:\/\/www.eldiario.net\/portal\/wp-json\/wp\/v2\/types\/post"}],"author":[{"embeddable":true,"href":"https:\/\/www.eldiario.net\/portal\/wp-json\/wp\/v2\/users\/7"}],"replies":[{"embeddable":true,"href":"https:\/\/www.eldiario.net\/portal\/wp-json\/wp\/v2\/comments?post=359530"}],"version-history":[{"count":1,"href":"https:\/\/www.eldiario.net\/portal\/wp-json\/wp\/v2\/posts\/359530\/revisions"}],"predecessor-version":[{"id":359533,"href":"https:\/\/www.eldiario.net\/portal\/wp-json\/wp\/v2\/posts\/359530\/revisions\/359533"}],"wp:featuredmedia":[{"embeddable":true,"href":"https:\/\/www.eldiario.net\/portal\/wp-json\/wp\/v2\/media\/359532"}],"wp:attachment":[{"href":"https:\/\/www.eldiario.net\/portal\/wp-json\/wp\/v2\/media?parent=359530"}],"wp:term":[{"taxonomy":"category","embeddable":true,"href":"https:\/\/www.eldiario.net\/portal\/wp-json\/wp\/v2\/categories?post=359530"},{"taxonomy":"post_tag","embeddable":true,"href":"https:\/\/www.eldiario.net\/portal\/wp-json\/wp\/v2\/tags?post=359530"}],"curies":[{"name":"wp","href":"https:\/\/api.w.org\/{rel}","templated":true}]}}