{"id":359526,"date":"2026-01-13T09:03:31","date_gmt":"2026-01-13T13:03:31","guid":{"rendered":"https:\/\/www.eldiario.net\/portal\/?p=359526"},"modified":"2026-01-13T09:03:31","modified_gmt":"2026-01-13T13:03:31","slug":"vias-expeditas-se-levantan-todos-los-bloqueos-y-se-restablece-la-transitabilidad-901","status":"publish","type":"post","link":"https:\/\/www.eldiario.net\/portal\/2026\/01\/13\/vias-expeditas-se-levantan-todos-los-bloqueos-y-se-restablece-la-transitabilidad-901\/","title":{"rendered":"V\u00edas expeditas: se levantan todos los bloqueos y se restablece la transitabilidad (9:01)"},"content":{"rendered":"<p>Las carreteras del pa\u00eds quedaron expeditas tras el levantamiento total de los bloqueos que persist\u00edan, principalmente en el departamento de Cochabamba.<\/p>\n<p>Seg\u00fan los \u00faltimos reportes de la Administradora Boliviana de Carreteras (ABC), hasta pasadas las 08:51 horas de este martes ya no se registraban puntos de bloqueo, luego de que en el transcurso de una hora se despejaran los \u00faltimos tres sectores que permanec\u00edan cerrados.<\/p>\n<p>La normalizaci\u00f3n del tr\u00e1nsito se da tras el acuerdo entre el Gobierno y la Central Obrera Boliviana (COB) para abrogar el DS 5503 y emitir una nueva norma, lo que deriv\u00f3 en la instrucci\u00f3n de levantar las medidas de presi\u00f3n.<\/p>\n","protected":false},"excerpt":{"rendered":"<p>Las carreteras del pa\u00eds quedaron expeditas tras el levantamiento total de los bloqueos que persist\u00edan, principalmente en el departamento de Cochabamba. Seg\u00fan los \u00faltimos reportes de la Administradora Boliviana de Carreteras (ABC), hasta pasadas las 08:51 horas de este martes ya no se registraban puntos de bloqueo, luego de que en el transcurso de una [&hellip;]<\/p>\n","protected":false},"author":7,"featured_media":359527,"comment_status":"closed","ping_status":"open","sticky":false,"template":"","format":"standard","meta":{"_acf_changed":false,"footnotes":""},"categories":[51],"tags":[],"class_list":["post-359526","post","type-post","status-publish","format-standard","has-post-thumbnail","category-ultima-hora"],"acf":{"antetitulo":""},"yoast_head":"<!-- This site is optimized with the Yoast SEO plugin v28.4 - https:\/\/yoast.com\/product\/yoast-seo-wordpress\/ -->\n<title>V\u00edas expeditas: se levantan todos los bloqueos y se restablece la transitabilidad (9:01) - El Diario - Bolivia<\/title>\n<meta name=\"robots\" content=\"index, follow, max-snippet:-1, max-image-preview:large, max-video-preview:-1\" \/>\n<link rel=\"canonical\" href=\"https:\/\/www.eldiario.net\/portal\/2026\/01\/13\/vias-expeditas-se-levantan-todos-los-bloqueos-y-se-restablece-la-transitabilidad-901\/\" \/>\n<meta property=\"og:locale\" content=\"es_ES\" \/>\n<meta property=\"og:type\" content=\"article\" \/>\n<meta property=\"og:title\" content=\"V\u00edas expeditas: se levantan todos los bloqueos y se restablece la transitabilidad (9:01) - El Diario - Bolivia\" \/>\n<meta property=\"og:description\" content=\"Las carreteras del pa\u00eds quedaron expeditas tras el levantamiento total de los bloqueos que persist\u00edan, principalmente en el departamento de Cochabamba. Seg\u00fan los \u00faltimos reportes de la Administradora Boliviana de Carreteras (ABC), hasta pasadas las 08:51 horas de este martes ya no se registraban puntos de bloqueo, luego de que en el transcurso de una [&hellip;]\" \/>\n<meta property=\"og:url\" content=\"https:\/\/www.eldiario.net\/portal\/2026\/01\/13\/vias-expeditas-se-levantan-todos-los-bloqueos-y-se-restablece-la-transitabilidad-901\/\" \/>\n<meta property=\"og:site_name\" content=\"El Diario - Bolivia\" \/>\n<meta property=\"article:publisher\" content=\"https:\/\/www.facebook.com\/eldiario.bolivia\/\" \/>\n<meta property=\"article:published_time\" content=\"2026-01-13T13:03:31+00:00\" \/>\n<meta property=\"og:image\" content=\"https:\/\/www.eldiario.net\/portal\/wp-content\/uploads\/2026\/01\/abc-13.01.26-copia.webp\" \/>\n\t<meta property=\"og:image:width\" content=\"686\" \/>\n\t<meta property=\"og:image:height\" content=\"623\" \/>\n\t<meta property=\"og:image:type\" content=\"image\/webp\" \/>\n<meta name=\"author\" content=\"Viviana Monrroy\" \/>\n<meta name=\"twitter:card\" content=\"summary_large_image\" \/>\n<meta name=\"twitter:creator\" content=\"@eldiario_net\" \/>\n<meta name=\"twitter:site\" content=\"@eldiario_net\" \/>\n<meta name=\"twitter:label1\" content=\"Escrito por\" \/>\n\t<meta name=\"twitter:data1\" content=\"Viviana Monrroy\" \/>\n\t<meta name=\"twitter:label2\" content=\"Tiempo de lectura\" \/>\n\t<meta name=\"twitter:data2\" content=\"1 minuto\" \/>\n<script type=\"application\/ld+json\" class=\"yoast-schema-graph\">{\"@context\":\"https:\\\/\\\/schema.org\",\"@graph\":[{\"@type\":\"Article\",\"@id\":\"https:\\\/\\\/www.eldiario.net\\\/portal\\\/2026\\\/01\\\/13\\\/vias-expeditas-se-levantan-todos-los-bloqueos-y-se-restablece-la-transitabilidad-901\\\/#article\",\"isPartOf\":{\"@id\":\"https:\\\/\\\/www.eldiario.net\\\/portal\\\/2026\\\/01\\\/13\\\/vias-expeditas-se-levantan-todos-los-bloqueos-y-se-restablece-la-transitabilidad-901\\\/\"},\"author\":{\"name\":\"Viviana Monrroy\",\"@id\":\"https:\\\/\\\/www.eldiario.net\\\/portal\\\/#\\\/schema\\\/person\\\/32cc89e801dfcbad3a54f91da7f2ea06\"},\"headline\":\"V\u00edas expeditas: se levantan todos los bloqueos y se restablece la transitabilidad (9:01)\",\"datePublished\":\"2026-01-13T13:03:31+00:00\",\"mainEntityOfPage\":{\"@id\":\"https:\\\/\\\/www.eldiario.net\\\/portal\\\/2026\\\/01\\\/13\\\/vias-expeditas-se-levantan-todos-los-bloqueos-y-se-restablece-la-transitabilidad-901\\\/\"},\"wordCount\":124,\"publisher\":{\"@id\":\"https:\\\/\\\/www.eldiario.net\\\/portal\\\/#organization\"},\"image\":{\"@id\":\"https:\\\/\\\/www.eldiario.net\\\/portal\\\/2026\\\/01\\\/13\\\/vias-expeditas-se-levantan-todos-los-bloqueos-y-se-restablece-la-transitabilidad-901\\\/#primaryimage\"},\"thumbnailUrl\":\"https:\\\/\\\/www.eldiario.net\\\/portal\\\/wp-content\\\/uploads\\\/2026\\\/01\\\/abc-13.01.26-copia.webp\",\"articleSection\":[\"\u00daltima Hora\"],\"inLanguage\":\"es\"},{\"@type\":\"WebPage\",\"@id\":\"https:\\\/\\\/www.eldiario.net\\\/portal\\\/2026\\\/01\\\/13\\\/vias-expeditas-se-levantan-todos-los-bloqueos-y-se-restablece-la-transitabilidad-901\\\/\",\"url\":\"https:\\\/\\\/www.eldiario.net\\\/portal\\\/2026\\\/01\\\/13\\\/vias-expeditas-se-levantan-todos-los-bloqueos-y-se-restablece-la-transitabilidad-901\\\/\",\"name\":\"V\u00edas expeditas: se levantan todos los bloqueos y se restablece la transitabilidad (9:01) - El Diario - Bolivia\",\"isPartOf\":{\"@id\":\"https:\\\/\\\/www.eldiario.net\\\/portal\\\/#website\"},\"primaryImageOfPage\":{\"@id\":\"https:\\\/\\\/www.eldiario.net\\\/portal\\\/2026\\\/01\\\/13\\\/vias-expeditas-se-levantan-todos-los-bloqueos-y-se-restablece-la-transitabilidad-901\\\/#primaryimage\"},\"image\":{\"@id\":\"https:\\\/\\\/www.eldiario.net\\\/portal\\\/2026\\\/01\\\/13\\\/vias-expeditas-se-levantan-todos-los-bloqueos-y-se-restablece-la-transitabilidad-901\\\/#primaryimage\"},\"thumbnailUrl\":\"https:\\\/\\\/www.eldiario.net\\\/portal\\\/wp-content\\\/uploads\\\/2026\\\/01\\\/abc-13.01.26-copia.webp\",\"datePublished\":\"2026-01-13T13:03:31+00:00\",\"breadcrumb\":{\"@id\":\"https:\\\/\\\/www.eldiario.net\\\/portal\\\/2026\\\/01\\\/13\\\/vias-expeditas-se-levantan-todos-los-bloqueos-y-se-restablece-la-transitabilidad-901\\\/#breadcrumb\"},\"inLanguage\":\"es\",\"potentialAction\":[{\"@type\":\"ReadAction\",\"target\":[\"https:\\\/\\\/www.eldiario.net\\\/portal\\\/2026\\\/01\\\/13\\\/vias-expeditas-se-levantan-todos-los-bloqueos-y-se-restablece-la-transitabilidad-901\\\/\"]}]},{\"@type\":\"ImageObject\",\"inLanguage\":\"es\",\"@id\":\"https:\\\/\\\/www.eldiario.net\\\/portal\\\/2026\\\/01\\\/13\\\/vias-expeditas-se-levantan-todos-los-bloqueos-y-se-restablece-la-transitabilidad-901\\\/#primaryimage\",\"url\":\"https:\\\/\\\/www.eldiario.net\\\/portal\\\/wp-content\\\/uploads\\\/2026\\\/01\\\/abc-13.01.26-copia.webp\",\"contentUrl\":\"https:\\\/\\\/www.eldiario.net\\\/portal\\\/wp-content\\\/uploads\\\/2026\\\/01\\\/abc-13.01.26-copia.webp\",\"width\":686,\"height\":623,\"caption\":\"Foto P\u00e1gina Administradora Boliviana de Carreteras\"},{\"@type\":\"BreadcrumbList\",\"@id\":\"https:\\\/\\\/www.eldiario.net\\\/portal\\\/2026\\\/01\\\/13\\\/vias-expeditas-se-levantan-todos-los-bloqueos-y-se-restablece-la-transitabilidad-901\\\/#breadcrumb\",\"itemListElement\":[{\"@type\":\"ListItem\",\"position\":1,\"name\":\"Portada\",\"item\":\"https:\\\/\\\/www.eldiario.net\\\/portal\\\/\"},{\"@type\":\"ListItem\",\"position\":2,\"name\":\"V\u00edas expeditas: se levantan todos los bloqueos y se restablece la transitabilidad (9:01)\"}]},{\"@type\":\"WebSite\",\"@id\":\"https:\\\/\\\/www.eldiario.net\\\/portal\\\/#website\",\"url\":\"https:\\\/\\\/www.eldiario.net\\\/portal\\\/\",\"name\":\"El Diario - Decano de la prensa nacional\",\"description\":\"El Diario - Decano de la prensa nacional\",\"publisher\":{\"@id\":\"https:\\\/\\\/www.eldiario.net\\\/portal\\\/#organization\"},\"potentialAction\":[{\"@type\":\"SearchAction\",\"target\":{\"@type\":\"EntryPoint\",\"urlTemplate\":\"https:\\\/\\\/www.eldiario.net\\\/portal\\\/?s={search_term_string}\"},\"query-input\":{\"@type\":\"PropertyValueSpecification\",\"valueRequired\":true,\"valueName\":\"search_term_string\"}}],\"inLanguage\":\"es\"},{\"@type\":\"Organization\",\"@id\":\"https:\\\/\\\/www.eldiario.net\\\/portal\\\/#organization\",\"name\":\"El Diario - Decano de la prensa nacional\",\"url\":\"https:\\\/\\\/www.eldiario.net\\\/portal\\\/\",\"logo\":{\"@type\":\"ImageObject\",\"inLanguage\":\"es\",\"@id\":\"https:\\\/\\\/www.eldiario.net\\\/portal\\\/#\\\/schema\\\/logo\\\/image\\\/\",\"url\":\"https:\\\/\\\/www.eldiario.net\\\/portal\\\/wp-content\\\/uploads\\\/2023\\\/07\\\/logo_ED.jpg\",\"contentUrl\":\"https:\\\/\\\/www.eldiario.net\\\/portal\\\/wp-content\\\/uploads\\\/2023\\\/07\\\/logo_ED.jpg\",\"width\":272,\"height\":52,\"caption\":\"El Diario - Decano de la prensa nacional\"},\"image\":{\"@id\":\"https:\\\/\\\/www.eldiario.net\\\/portal\\\/#\\\/schema\\\/logo\\\/image\\\/\"},\"sameAs\":[\"https:\\\/\\\/www.facebook.com\\\/eldiario.bolivia\\\/\",\"https:\\\/\\\/x.com\\\/eldiario_net\"]},{\"@type\":\"Person\",\"@id\":\"https:\\\/\\\/www.eldiario.net\\\/portal\\\/#\\\/schema\\\/person\\\/32cc89e801dfcbad3a54f91da7f2ea06\",\"name\":\"Viviana Monrroy\",\"image\":{\"@type\":\"ImageObject\",\"inLanguage\":\"es\",\"@id\":\"https:\\\/\\\/secure.gravatar.com\\\/avatar\\\/dfd1611ed5600959a0e5a9754503b6c05d1dcf190010998e0363aee2ad98afca?s=96&d=mm&r=g\",\"url\":\"https:\\\/\\\/secure.gravatar.com\\\/avatar\\\/dfd1611ed5600959a0e5a9754503b6c05d1dcf190010998e0363aee2ad98afca?s=96&d=mm&r=g\",\"contentUrl\":\"https:\\\/\\\/secure.gravatar.com\\\/avatar\\\/dfd1611ed5600959a0e5a9754503b6c05d1dcf190010998e0363aee2ad98afca?s=96&d=mm&r=g\",\"caption\":\"Viviana Monrroy\"},\"sameAs\":[\"http:\\\/\\\/www.eldiario.net\"],\"url\":\"https:\\\/\\\/www.eldiario.net\\\/portal\\\/author\\\/vivianamonrroy\\\/\"}]}<\/script>\n<!-- \/ Yoast SEO plugin. -->","yoast_head_json":{"title":"V\u00edas expeditas: se levantan todos los bloqueos y se restablece la transitabilidad (9:01) - El Diario - Bolivia","robots":{"index":"index","follow":"follow","max-snippet":"max-snippet:-1","max-image-preview":"max-image-preview:large","max-video-preview":"max-video-preview:-1"},"canonical":"https:\/\/www.eldiario.net\/portal\/2026\/01\/13\/vias-expeditas-se-levantan-todos-los-bloqueos-y-se-restablece-la-transitabilidad-901\/","og_locale":"es_ES","og_type":"article","og_title":"V\u00edas expeditas: se levantan todos los bloqueos y se restablece la transitabilidad (9:01) - El Diario - Bolivia","og_description":"Las carreteras del pa\u00eds quedaron expeditas tras el levantamiento total de los bloqueos que persist\u00edan, principalmente en el departamento de Cochabamba. Seg\u00fan los \u00faltimos reportes de la Administradora Boliviana de Carreteras (ABC), hasta pasadas las 08:51 horas de este martes ya no se registraban puntos de bloqueo, luego de que en el transcurso de una [&hellip;]","og_url":"https:\/\/www.eldiario.net\/portal\/2026\/01\/13\/vias-expeditas-se-levantan-todos-los-bloqueos-y-se-restablece-la-transitabilidad-901\/","og_site_name":"El Diario - Bolivia","article_publisher":"https:\/\/www.facebook.com\/eldiario.bolivia\/","article_published_time":"2026-01-13T13:03:31+00:00","og_image":[{"width":686,"height":623,"url":"https:\/\/www.eldiario.net\/portal\/wp-content\/uploads\/2026\/01\/abc-13.01.26-copia.webp","type":"image\/webp"}],"author":"Viviana Monrroy","twitter_card":"summary_large_image","twitter_creator":"@eldiario_net","twitter_site":"@eldiario_net","twitter_misc":{"Escrito por":"Viviana Monrroy","Tiempo de lectura":"1 minuto"},"schema":{"@context":"https:\/\/schema.org","@graph":[{"@type":"Article","@id":"https:\/\/www.eldiario.net\/portal\/2026\/01\/13\/vias-expeditas-se-levantan-todos-los-bloqueos-y-se-restablece-la-transitabilidad-901\/#article","isPartOf":{"@id":"https:\/\/www.eldiario.net\/portal\/2026\/01\/13\/vias-expeditas-se-levantan-todos-los-bloqueos-y-se-restablece-la-transitabilidad-901\/"},"author":{"name":"Viviana Monrroy","@id":"https:\/\/www.eldiario.net\/portal\/#\/schema\/person\/32cc89e801dfcbad3a54f91da7f2ea06"},"headline":"V\u00edas expeditas: se levantan todos los bloqueos y se restablece la transitabilidad (9:01)","datePublished":"2026-01-13T13:03:31+00:00","mainEntityOfPage":{"@id":"https:\/\/www.eldiario.net\/portal\/2026\/01\/13\/vias-expeditas-se-levantan-todos-los-bloqueos-y-se-restablece-la-transitabilidad-901\/"},"wordCount":124,"publisher":{"@id":"https:\/\/www.eldiario.net\/portal\/#organization"},"image":{"@id":"https:\/\/www.eldiario.net\/portal\/2026\/01\/13\/vias-expeditas-se-levantan-todos-los-bloqueos-y-se-restablece-la-transitabilidad-901\/#primaryimage"},"thumbnailUrl":"https:\/\/www.eldiario.net\/portal\/wp-content\/uploads\/2026\/01\/abc-13.01.26-copia.webp","articleSection":["\u00daltima Hora"],"inLanguage":"es"},{"@type":"WebPage","@id":"https:\/\/www.eldiario.net\/portal\/2026\/01\/13\/vias-expeditas-se-levantan-todos-los-bloqueos-y-se-restablece-la-transitabilidad-901\/","url":"https:\/\/www.eldiario.net\/portal\/2026\/01\/13\/vias-expeditas-se-levantan-todos-los-bloqueos-y-se-restablece-la-transitabilidad-901\/","name":"V\u00edas expeditas: se levantan todos los bloqueos y se restablece la transitabilidad (9:01) - El Diario - Bolivia","isPartOf":{"@id":"https:\/\/www.eldiario.net\/portal\/#website"},"primaryImageOfPage":{"@id":"https:\/\/www.eldiario.net\/portal\/2026\/01\/13\/vias-expeditas-se-levantan-todos-los-bloqueos-y-se-restablece-la-transitabilidad-901\/#primaryimage"},"image":{"@id":"https:\/\/www.eldiario.net\/portal\/2026\/01\/13\/vias-expeditas-se-levantan-todos-los-bloqueos-y-se-restablece-la-transitabilidad-901\/#primaryimage"},"thumbnailUrl":"https:\/\/www.eldiario.net\/portal\/wp-content\/uploads\/2026\/01\/abc-13.01.26-copia.webp","datePublished":"2026-01-13T13:03:31+00:00","breadcrumb":{"@id":"https:\/\/www.eldiario.net\/portal\/2026\/01\/13\/vias-expeditas-se-levantan-todos-los-bloqueos-y-se-restablece-la-transitabilidad-901\/#breadcrumb"},"inLanguage":"es","potentialAction":[{"@type":"ReadAction","target":["https:\/\/www.eldiario.net\/portal\/2026\/01\/13\/vias-expeditas-se-levantan-todos-los-bloqueos-y-se-restablece-la-transitabilidad-901\/"]}]},{"@type":"ImageObject","inLanguage":"es","@id":"https:\/\/www.eldiario.net\/portal\/2026\/01\/13\/vias-expeditas-se-levantan-todos-los-bloqueos-y-se-restablece-la-transitabilidad-901\/#primaryimage","url":"https:\/\/www.eldiario.net\/portal\/wp-content\/uploads\/2026\/01\/abc-13.01.26-copia.webp","contentUrl":"https:\/\/www.eldiario.net\/portal\/wp-content\/uploads\/2026\/01\/abc-13.01.26-copia.webp","width":686,"height":623,"caption":"Foto P\u00e1gina Administradora Boliviana de Carreteras"},{"@type":"BreadcrumbList","@id":"https:\/\/www.eldiario.net\/portal\/2026\/01\/13\/vias-expeditas-se-levantan-todos-los-bloqueos-y-se-restablece-la-transitabilidad-901\/#breadcrumb","itemListElement":[{"@type":"ListItem","position":1,"name":"Portada","item":"https:\/\/www.eldiario.net\/portal\/"},{"@type":"ListItem","position":2,"name":"V\u00edas expeditas: se levantan todos los bloqueos y se restablece la transitabilidad (9:01)"}]},{"@type":"WebSite","@id":"https:\/\/www.eldiario.net\/portal\/#website","url":"https:\/\/www.eldiario.net\/portal\/","name":"El Diario - Decano de la prensa nacional","description":"El Diario - Decano de la prensa nacional","publisher":{"@id":"https:\/\/www.eldiario.net\/portal\/#organization"},"potentialAction":[{"@type":"SearchAction","target":{"@type":"EntryPoint","urlTemplate":"https:\/\/www.eldiario.net\/portal\/?s={search_term_string}"},"query-input":{"@type":"PropertyValueSpecification","valueRequired":true,"valueName":"search_term_string"}}],"inLanguage":"es"},{"@type":"Organization","@id":"https:\/\/www.eldiario.net\/portal\/#organization","name":"El Diario - Decano de la prensa nacional","url":"https:\/\/www.eldiario.net\/portal\/","logo":{"@type":"ImageObject","inLanguage":"es","@id":"https:\/\/www.eldiario.net\/portal\/#\/schema\/logo\/image\/","url":"https:\/\/www.eldiario.net\/portal\/wp-content\/uploads\/2023\/07\/logo_ED.jpg","contentUrl":"https:\/\/www.eldiario.net\/portal\/wp-content\/uploads\/2023\/07\/logo_ED.jpg","width":272,"height":52,"caption":"El Diario - Decano de la prensa nacional"},"image":{"@id":"https:\/\/www.eldiario.net\/portal\/#\/schema\/logo\/image\/"},"sameAs":["https:\/\/www.facebook.com\/eldiario.bolivia\/","https:\/\/x.com\/eldiario_net"]},{"@type":"Person","@id":"https:\/\/www.eldiario.net\/portal\/#\/schema\/person\/32cc89e801dfcbad3a54f91da7f2ea06","name":"Viviana Monrroy","image":{"@type":"ImageObject","inLanguage":"es","@id":"https:\/\/secure.gravatar.com\/avatar\/dfd1611ed5600959a0e5a9754503b6c05d1dcf190010998e0363aee2ad98afca?s=96&d=mm&r=g","url":"https:\/\/secure.gravatar.com\/avatar\/dfd1611ed5600959a0e5a9754503b6c05d1dcf190010998e0363aee2ad98afca?s=96&d=mm&r=g","contentUrl":"https:\/\/secure.gravatar.com\/avatar\/dfd1611ed5600959a0e5a9754503b6c05d1dcf190010998e0363aee2ad98afca?s=96&d=mm&r=g","caption":"Viviana Monrroy"},"sameAs":["http:\/\/www.eldiario.net"],"url":"https:\/\/www.eldiario.net\/portal\/author\/vivianamonrroy\/"}]}},"_links":{"self":[{"href":"https:\/\/www.eldiario.net\/portal\/wp-json\/wp\/v2\/posts\/359526","targetHints":{"allow":["GET"]}}],"collection":[{"href":"https:\/\/www.eldiario.net\/portal\/wp-json\/wp\/v2\/posts"}],"about":[{"href":"https:\/\/www.eldiario.net\/portal\/wp-json\/wp\/v2\/types\/post"}],"author":[{"embeddable":true,"href":"https:\/\/www.eldiario.net\/portal\/wp-json\/wp\/v2\/users\/7"}],"replies":[{"embeddable":true,"href":"https:\/\/www.eldiario.net\/portal\/wp-json\/wp\/v2\/comments?post=359526"}],"version-history":[{"count":1,"href":"https:\/\/www.eldiario.net\/portal\/wp-json\/wp\/v2\/posts\/359526\/revisions"}],"predecessor-version":[{"id":359528,"href":"https:\/\/www.eldiario.net\/portal\/wp-json\/wp\/v2\/posts\/359526\/revisions\/359528"}],"wp:featuredmedia":[{"embeddable":true,"href":"https:\/\/www.eldiario.net\/portal\/wp-json\/wp\/v2\/media\/359527"}],"wp:attachment":[{"href":"https:\/\/www.eldiario.net\/portal\/wp-json\/wp\/v2\/media?parent=359526"}],"wp:term":[{"taxonomy":"category","embeddable":true,"href":"https:\/\/www.eldiario.net\/portal\/wp-json\/wp\/v2\/categories?post=359526"},{"taxonomy":"post_tag","embeddable":true,"href":"https:\/\/www.eldiario.net\/portal\/wp-json\/wp\/v2\/tags?post=359526"}],"curies":[{"name":"wp","href":"https:\/\/api.w.org\/{rel}","templated":true}]}}