{"id":359519,"date":"2026-01-13T06:54:17","date_gmt":"2026-01-13T10:54:17","guid":{"rendered":"https:\/\/www.eldiario.net\/portal\/?p=359519"},"modified":"2026-01-13T06:54:17","modified_gmt":"2026-01-13T10:54:17","slug":"hugo-dellien-da-pelea-pero-no-puede-con-tomic-y-cae-en-el-abierto-de-australia","status":"publish","type":"post","link":"https:\/\/www.eldiario.net\/portal\/2026\/01\/13\/hugo-dellien-da-pelea-pero-no-puede-con-tomic-y-cae-en-el-abierto-de-australia\/","title":{"rendered":"Hugo Dellien da pelea, pero no puede con Tomic y cae en el Abierto de Australia"},"content":{"rendered":"<div>\n<div dir=\"auto\">Despu\u00e9s de una hora y 14 minutos de partido, Hugo Dellien dio pelea, pero perdi\u00f3 en la primera ronda de la qualy (clasificaci\u00f3n) del Abierto de Australia con el local Bernard Tomic (un doble 6-3).<\/div>\n<div dir=\"auto\">En la madrugada del lunes entr\u00f3 en acci\u00f3n el mejor tenista del pa\u00eds en la actualidad.<\/div>\n<div dir=\"auto\">Lo hizo luego del debut absoluto de Juan Carlos Prado, quien dio batalla ante el suizo Jerome Kym, que se impuso por 6-3 y 6-0.<\/div>\n<div dir=\"auto\">Dellien acudi\u00f3 al pa\u00eds oce\u00e1nico para jugar por sexta vez en este Grand Slam, que se compite sobre superficie dura (cemento), a lo que no est\u00e1n muy acostumbrados los bolivianos.<\/div>\n<div dir=\"auto\">El partido<\/div>\n<div dir=\"auto\">Dellien y Tomic se enfrentaron en el 1573 Arena, una de las canchas principales del Melbourne Park que tiene una capacidad para 3.000 personas.<\/div>\n<div dir=\"auto\">Este duelo se preve\u00eda muy complicado para el nacido en Trinidad, pues rivaliz\u00f3 con un tenista que lleg\u00f3 a ser decimos\u00e9ptimo del mundo en el ranking ATP en 2011.<\/div>\n<div dir=\"auto\">A ello se suma que jug\u00f3 varias veces los Grand Slam, siendo su mejor actuaci\u00f3n en Wimbledon de ese a\u00f1o por llegar hasta los cuartos de final.<\/div>\n<div dir=\"auto\">Los dos sets fueron bastante parejos y a lo largo del partido se produjeron tres quiebres de servicio, todos a favor del australiano.<\/div>\n<div dir=\"auto\">El primero se dio en el cuarto game del primer set, mientras que los otros dos se lograron en el quinto y noveno juego de la segunda cancha.<\/div>\n<div dir=\"auto\">Dellien tambi\u00e9n tuvo la oportunidad de mostrar su juego con sus saques y devoluciones, pero al final Tomic fue m\u00e1s efectivo.<\/div>\n<\/div>\n","protected":false},"excerpt":{"rendered":"<p>Despu\u00e9s de una hora y 14 minutos de partido, Hugo Dellien dio pelea, pero perdi\u00f3 en la primera ronda de la qualy (clasificaci\u00f3n) del Abierto de Australia con el local Bernard Tomic (un doble 6-3). En la madrugada del lunes entr\u00f3 en acci\u00f3n el mejor tenista del pa\u00eds en la actualidad. Lo hizo luego del [&hellip;]<\/p>\n","protected":false},"author":1,"featured_media":359520,"comment_status":"closed","ping_status":"open","sticky":false,"template":"","format":"standard","meta":{"_acf_changed":false,"footnotes":""},"categories":[6],"tags":[],"class_list":["post-359519","post","type-post","status-publish","format-standard","has-post-thumbnail","category-deportes"],"acf":{"antetitulo":""},"yoast_head":"<!-- This site is optimized with the Yoast SEO plugin v28.4 - https:\/\/yoast.com\/product\/yoast-seo-wordpress\/ -->\n<title>Hugo Dellien da pelea, pero no puede con Tomic y cae en el Abierto de Australia - El Diario - Bolivia<\/title>\n<meta name=\"robots\" content=\"index, follow, max-snippet:-1, max-image-preview:large, max-video-preview:-1\" \/>\n<link rel=\"canonical\" href=\"https:\/\/www.eldiario.net\/portal\/2026\/01\/13\/hugo-dellien-da-pelea-pero-no-puede-con-tomic-y-cae-en-el-abierto-de-australia\/\" \/>\n<meta property=\"og:locale\" content=\"es_ES\" \/>\n<meta property=\"og:type\" content=\"article\" \/>\n<meta property=\"og:title\" content=\"Hugo Dellien da pelea, pero no puede con Tomic y cae en el Abierto de Australia - El Diario - Bolivia\" \/>\n<meta property=\"og:description\" content=\"Despu\u00e9s de una hora y 14 minutos de partido, Hugo Dellien dio pelea, pero perdi\u00f3 en la primera ronda de la qualy (clasificaci\u00f3n) del Abierto de Australia con el local Bernard Tomic (un doble 6-3). En la madrugada del lunes entr\u00f3 en acci\u00f3n el mejor tenista del pa\u00eds en la actualidad. Lo hizo luego del [&hellip;]\" \/>\n<meta property=\"og:url\" content=\"https:\/\/www.eldiario.net\/portal\/2026\/01\/13\/hugo-dellien-da-pelea-pero-no-puede-con-tomic-y-cae-en-el-abierto-de-australia\/\" \/>\n<meta property=\"og:site_name\" content=\"El Diario - Bolivia\" \/>\n<meta property=\"article:publisher\" content=\"https:\/\/www.facebook.com\/eldiario.bolivia\/\" \/>\n<meta property=\"article:published_time\" content=\"2026-01-13T10:54:17+00:00\" \/>\n<meta property=\"og:image\" content=\"https:\/\/www.eldiario.net\/portal\/wp-content\/uploads\/2026\/01\/1000091994.jpg\" \/>\n\t<meta property=\"og:image:width\" content=\"1440\" \/>\n\t<meta property=\"og:image:height\" content=\"960\" \/>\n\t<meta property=\"og:image:type\" content=\"image\/jpeg\" \/>\n<meta name=\"author\" content=\"Jeanette\" \/>\n<meta name=\"twitter:card\" content=\"summary_large_image\" \/>\n<meta name=\"twitter:creator\" content=\"@eldiario_net\" \/>\n<meta name=\"twitter:site\" content=\"@eldiario_net\" \/>\n<meta name=\"twitter:label1\" content=\"Escrito por\" \/>\n\t<meta name=\"twitter:data1\" content=\"Jeanette\" \/>\n\t<meta name=\"twitter:label2\" content=\"Tiempo de lectura\" \/>\n\t<meta name=\"twitter:data2\" content=\"2 minutos\" \/>\n<script type=\"application\/ld+json\" class=\"yoast-schema-graph\">{\"@context\":\"https:\\\/\\\/schema.org\",\"@graph\":[{\"@type\":\"Article\",\"@id\":\"https:\\\/\\\/www.eldiario.net\\\/portal\\\/2026\\\/01\\\/13\\\/hugo-dellien-da-pelea-pero-no-puede-con-tomic-y-cae-en-el-abierto-de-australia\\\/#article\",\"isPartOf\":{\"@id\":\"https:\\\/\\\/www.eldiario.net\\\/portal\\\/2026\\\/01\\\/13\\\/hugo-dellien-da-pelea-pero-no-puede-con-tomic-y-cae-en-el-abierto-de-australia\\\/\"},\"author\":{\"name\":\"Jeanette\",\"@id\":\"https:\\\/\\\/www.eldiario.net\\\/portal\\\/#\\\/schema\\\/person\\\/2c57cf2b7a7ae032e449e4c9b1019eac\"},\"headline\":\"Hugo Dellien da pelea, pero no puede con Tomic y cae en el Abierto de Australia\",\"datePublished\":\"2026-01-13T10:54:17+00:00\",\"mainEntityOfPage\":{\"@id\":\"https:\\\/\\\/www.eldiario.net\\\/portal\\\/2026\\\/01\\\/13\\\/hugo-dellien-da-pelea-pero-no-puede-con-tomic-y-cae-en-el-abierto-de-australia\\\/\"},\"wordCount\":285,\"publisher\":{\"@id\":\"https:\\\/\\\/www.eldiario.net\\\/portal\\\/#organization\"},\"image\":{\"@id\":\"https:\\\/\\\/www.eldiario.net\\\/portal\\\/2026\\\/01\\\/13\\\/hugo-dellien-da-pelea-pero-no-puede-con-tomic-y-cae-en-el-abierto-de-australia\\\/#primaryimage\"},\"thumbnailUrl\":\"https:\\\/\\\/www.eldiario.net\\\/portal\\\/wp-content\\\/uploads\\\/2026\\\/01\\\/1000091994.jpg\",\"articleSection\":[\"Deportes\"],\"inLanguage\":\"es\"},{\"@type\":\"WebPage\",\"@id\":\"https:\\\/\\\/www.eldiario.net\\\/portal\\\/2026\\\/01\\\/13\\\/hugo-dellien-da-pelea-pero-no-puede-con-tomic-y-cae-en-el-abierto-de-australia\\\/\",\"url\":\"https:\\\/\\\/www.eldiario.net\\\/portal\\\/2026\\\/01\\\/13\\\/hugo-dellien-da-pelea-pero-no-puede-con-tomic-y-cae-en-el-abierto-de-australia\\\/\",\"name\":\"Hugo Dellien da pelea, pero no puede con Tomic y cae en el Abierto de Australia - El Diario - Bolivia\",\"isPartOf\":{\"@id\":\"https:\\\/\\\/www.eldiario.net\\\/portal\\\/#website\"},\"primaryImageOfPage\":{\"@id\":\"https:\\\/\\\/www.eldiario.net\\\/portal\\\/2026\\\/01\\\/13\\\/hugo-dellien-da-pelea-pero-no-puede-con-tomic-y-cae-en-el-abierto-de-australia\\\/#primaryimage\"},\"image\":{\"@id\":\"https:\\\/\\\/www.eldiario.net\\\/portal\\\/2026\\\/01\\\/13\\\/hugo-dellien-da-pelea-pero-no-puede-con-tomic-y-cae-en-el-abierto-de-australia\\\/#primaryimage\"},\"thumbnailUrl\":\"https:\\\/\\\/www.eldiario.net\\\/portal\\\/wp-content\\\/uploads\\\/2026\\\/01\\\/1000091994.jpg\",\"datePublished\":\"2026-01-13T10:54:17+00:00\",\"breadcrumb\":{\"@id\":\"https:\\\/\\\/www.eldiario.net\\\/portal\\\/2026\\\/01\\\/13\\\/hugo-dellien-da-pelea-pero-no-puede-con-tomic-y-cae-en-el-abierto-de-australia\\\/#breadcrumb\"},\"inLanguage\":\"es\",\"potentialAction\":[{\"@type\":\"ReadAction\",\"target\":[\"https:\\\/\\\/www.eldiario.net\\\/portal\\\/2026\\\/01\\\/13\\\/hugo-dellien-da-pelea-pero-no-puede-con-tomic-y-cae-en-el-abierto-de-australia\\\/\"]}]},{\"@type\":\"ImageObject\",\"inLanguage\":\"es\",\"@id\":\"https:\\\/\\\/www.eldiario.net\\\/portal\\\/2026\\\/01\\\/13\\\/hugo-dellien-da-pelea-pero-no-puede-con-tomic-y-cae-en-el-abierto-de-australia\\\/#primaryimage\",\"url\":\"https:\\\/\\\/www.eldiario.net\\\/portal\\\/wp-content\\\/uploads\\\/2026\\\/01\\\/1000091994.jpg\",\"contentUrl\":\"https:\\\/\\\/www.eldiario.net\\\/portal\\\/wp-content\\\/uploads\\\/2026\\\/01\\\/1000091994.jpg\",\"width\":1440,\"height\":960},{\"@type\":\"BreadcrumbList\",\"@id\":\"https:\\\/\\\/www.eldiario.net\\\/portal\\\/2026\\\/01\\\/13\\\/hugo-dellien-da-pelea-pero-no-puede-con-tomic-y-cae-en-el-abierto-de-australia\\\/#breadcrumb\",\"itemListElement\":[{\"@type\":\"ListItem\",\"position\":1,\"name\":\"Portada\",\"item\":\"https:\\\/\\\/www.eldiario.net\\\/portal\\\/\"},{\"@type\":\"ListItem\",\"position\":2,\"name\":\"Hugo Dellien da pelea, pero no puede con Tomic y cae en el Abierto de Australia\"}]},{\"@type\":\"WebSite\",\"@id\":\"https:\\\/\\\/www.eldiario.net\\\/portal\\\/#website\",\"url\":\"https:\\\/\\\/www.eldiario.net\\\/portal\\\/\",\"name\":\"El Diario - Decano de la prensa nacional\",\"description\":\"El Diario - Decano de la prensa nacional\",\"publisher\":{\"@id\":\"https:\\\/\\\/www.eldiario.net\\\/portal\\\/#organization\"},\"potentialAction\":[{\"@type\":\"SearchAction\",\"target\":{\"@type\":\"EntryPoint\",\"urlTemplate\":\"https:\\\/\\\/www.eldiario.net\\\/portal\\\/?s={search_term_string}\"},\"query-input\":{\"@type\":\"PropertyValueSpecification\",\"valueRequired\":true,\"valueName\":\"search_term_string\"}}],\"inLanguage\":\"es\"},{\"@type\":\"Organization\",\"@id\":\"https:\\\/\\\/www.eldiario.net\\\/portal\\\/#organization\",\"name\":\"El Diario - Decano de la prensa nacional\",\"url\":\"https:\\\/\\\/www.eldiario.net\\\/portal\\\/\",\"logo\":{\"@type\":\"ImageObject\",\"inLanguage\":\"es\",\"@id\":\"https:\\\/\\\/www.eldiario.net\\\/portal\\\/#\\\/schema\\\/logo\\\/image\\\/\",\"url\":\"https:\\\/\\\/www.eldiario.net\\\/portal\\\/wp-content\\\/uploads\\\/2023\\\/07\\\/logo_ED.jpg\",\"contentUrl\":\"https:\\\/\\\/www.eldiario.net\\\/portal\\\/wp-content\\\/uploads\\\/2023\\\/07\\\/logo_ED.jpg\",\"width\":272,\"height\":52,\"caption\":\"El Diario - Decano de la prensa nacional\"},\"image\":{\"@id\":\"https:\\\/\\\/www.eldiario.net\\\/portal\\\/#\\\/schema\\\/logo\\\/image\\\/\"},\"sameAs\":[\"https:\\\/\\\/www.facebook.com\\\/eldiario.bolivia\\\/\",\"https:\\\/\\\/x.com\\\/eldiario_net\"]},{\"@type\":\"Person\",\"@id\":\"https:\\\/\\\/www.eldiario.net\\\/portal\\\/#\\\/schema\\\/person\\\/2c57cf2b7a7ae032e449e4c9b1019eac\",\"name\":\"Jeanette\",\"image\":{\"@type\":\"ImageObject\",\"inLanguage\":\"es\",\"@id\":\"https:\\\/\\\/secure.gravatar.com\\\/avatar\\\/3ea2118a5f7dad2b7138b1187a6b7ee55f160b9968b66013c3a3ef39dd7e5798?s=96&d=mm&r=g\",\"url\":\"https:\\\/\\\/secure.gravatar.com\\\/avatar\\\/3ea2118a5f7dad2b7138b1187a6b7ee55f160b9968b66013c3a3ef39dd7e5798?s=96&d=mm&r=g\",\"contentUrl\":\"https:\\\/\\\/secure.gravatar.com\\\/avatar\\\/3ea2118a5f7dad2b7138b1187a6b7ee55f160b9968b66013c3a3ef39dd7e5798?s=96&d=mm&r=g\",\"caption\":\"Jeanette\"},\"sameAs\":[\"https:\\\/\\\/www.eldiario.net\\\/portal\"],\"url\":\"https:\\\/\\\/www.eldiario.net\\\/portal\\\/author\\\/jeanette\\\/\"}]}<\/script>\n<!-- \/ Yoast SEO plugin. -->","yoast_head_json":{"title":"Hugo Dellien da pelea, pero no puede con Tomic y cae en el Abierto de Australia - El Diario - Bolivia","robots":{"index":"index","follow":"follow","max-snippet":"max-snippet:-1","max-image-preview":"max-image-preview:large","max-video-preview":"max-video-preview:-1"},"canonical":"https:\/\/www.eldiario.net\/portal\/2026\/01\/13\/hugo-dellien-da-pelea-pero-no-puede-con-tomic-y-cae-en-el-abierto-de-australia\/","og_locale":"es_ES","og_type":"article","og_title":"Hugo Dellien da pelea, pero no puede con Tomic y cae en el Abierto de Australia - El Diario - Bolivia","og_description":"Despu\u00e9s de una hora y 14 minutos de partido, Hugo Dellien dio pelea, pero perdi\u00f3 en la primera ronda de la qualy (clasificaci\u00f3n) del Abierto de Australia con el local Bernard Tomic (un doble 6-3). En la madrugada del lunes entr\u00f3 en acci\u00f3n el mejor tenista del pa\u00eds en la actualidad. Lo hizo luego del [&hellip;]","og_url":"https:\/\/www.eldiario.net\/portal\/2026\/01\/13\/hugo-dellien-da-pelea-pero-no-puede-con-tomic-y-cae-en-el-abierto-de-australia\/","og_site_name":"El Diario - Bolivia","article_publisher":"https:\/\/www.facebook.com\/eldiario.bolivia\/","article_published_time":"2026-01-13T10:54:17+00:00","og_image":[{"width":1440,"height":960,"url":"https:\/\/www.eldiario.net\/portal\/wp-content\/uploads\/2026\/01\/1000091994.jpg","type":"image\/jpeg"}],"author":"Jeanette","twitter_card":"summary_large_image","twitter_creator":"@eldiario_net","twitter_site":"@eldiario_net","twitter_misc":{"Escrito por":"Jeanette","Tiempo de lectura":"2 minutos"},"schema":{"@context":"https:\/\/schema.org","@graph":[{"@type":"Article","@id":"https:\/\/www.eldiario.net\/portal\/2026\/01\/13\/hugo-dellien-da-pelea-pero-no-puede-con-tomic-y-cae-en-el-abierto-de-australia\/#article","isPartOf":{"@id":"https:\/\/www.eldiario.net\/portal\/2026\/01\/13\/hugo-dellien-da-pelea-pero-no-puede-con-tomic-y-cae-en-el-abierto-de-australia\/"},"author":{"name":"Jeanette","@id":"https:\/\/www.eldiario.net\/portal\/#\/schema\/person\/2c57cf2b7a7ae032e449e4c9b1019eac"},"headline":"Hugo Dellien da pelea, pero no puede con Tomic y cae en el Abierto de Australia","datePublished":"2026-01-13T10:54:17+00:00","mainEntityOfPage":{"@id":"https:\/\/www.eldiario.net\/portal\/2026\/01\/13\/hugo-dellien-da-pelea-pero-no-puede-con-tomic-y-cae-en-el-abierto-de-australia\/"},"wordCount":285,"publisher":{"@id":"https:\/\/www.eldiario.net\/portal\/#organization"},"image":{"@id":"https:\/\/www.eldiario.net\/portal\/2026\/01\/13\/hugo-dellien-da-pelea-pero-no-puede-con-tomic-y-cae-en-el-abierto-de-australia\/#primaryimage"},"thumbnailUrl":"https:\/\/www.eldiario.net\/portal\/wp-content\/uploads\/2026\/01\/1000091994.jpg","articleSection":["Deportes"],"inLanguage":"es"},{"@type":"WebPage","@id":"https:\/\/www.eldiario.net\/portal\/2026\/01\/13\/hugo-dellien-da-pelea-pero-no-puede-con-tomic-y-cae-en-el-abierto-de-australia\/","url":"https:\/\/www.eldiario.net\/portal\/2026\/01\/13\/hugo-dellien-da-pelea-pero-no-puede-con-tomic-y-cae-en-el-abierto-de-australia\/","name":"Hugo Dellien da pelea, pero no puede con Tomic y cae en el Abierto de Australia - El Diario - Bolivia","isPartOf":{"@id":"https:\/\/www.eldiario.net\/portal\/#website"},"primaryImageOfPage":{"@id":"https:\/\/www.eldiario.net\/portal\/2026\/01\/13\/hugo-dellien-da-pelea-pero-no-puede-con-tomic-y-cae-en-el-abierto-de-australia\/#primaryimage"},"image":{"@id":"https:\/\/www.eldiario.net\/portal\/2026\/01\/13\/hugo-dellien-da-pelea-pero-no-puede-con-tomic-y-cae-en-el-abierto-de-australia\/#primaryimage"},"thumbnailUrl":"https:\/\/www.eldiario.net\/portal\/wp-content\/uploads\/2026\/01\/1000091994.jpg","datePublished":"2026-01-13T10:54:17+00:00","breadcrumb":{"@id":"https:\/\/www.eldiario.net\/portal\/2026\/01\/13\/hugo-dellien-da-pelea-pero-no-puede-con-tomic-y-cae-en-el-abierto-de-australia\/#breadcrumb"},"inLanguage":"es","potentialAction":[{"@type":"ReadAction","target":["https:\/\/www.eldiario.net\/portal\/2026\/01\/13\/hugo-dellien-da-pelea-pero-no-puede-con-tomic-y-cae-en-el-abierto-de-australia\/"]}]},{"@type":"ImageObject","inLanguage":"es","@id":"https:\/\/www.eldiario.net\/portal\/2026\/01\/13\/hugo-dellien-da-pelea-pero-no-puede-con-tomic-y-cae-en-el-abierto-de-australia\/#primaryimage","url":"https:\/\/www.eldiario.net\/portal\/wp-content\/uploads\/2026\/01\/1000091994.jpg","contentUrl":"https:\/\/www.eldiario.net\/portal\/wp-content\/uploads\/2026\/01\/1000091994.jpg","width":1440,"height":960},{"@type":"BreadcrumbList","@id":"https:\/\/www.eldiario.net\/portal\/2026\/01\/13\/hugo-dellien-da-pelea-pero-no-puede-con-tomic-y-cae-en-el-abierto-de-australia\/#breadcrumb","itemListElement":[{"@type":"ListItem","position":1,"name":"Portada","item":"https:\/\/www.eldiario.net\/portal\/"},{"@type":"ListItem","position":2,"name":"Hugo Dellien da pelea, pero no puede con Tomic y cae en el Abierto de Australia"}]},{"@type":"WebSite","@id":"https:\/\/www.eldiario.net\/portal\/#website","url":"https:\/\/www.eldiario.net\/portal\/","name":"El Diario - Decano de la prensa nacional","description":"El Diario - Decano de la prensa nacional","publisher":{"@id":"https:\/\/www.eldiario.net\/portal\/#organization"},"potentialAction":[{"@type":"SearchAction","target":{"@type":"EntryPoint","urlTemplate":"https:\/\/www.eldiario.net\/portal\/?s={search_term_string}"},"query-input":{"@type":"PropertyValueSpecification","valueRequired":true,"valueName":"search_term_string"}}],"inLanguage":"es"},{"@type":"Organization","@id":"https:\/\/www.eldiario.net\/portal\/#organization","name":"El Diario - Decano de la prensa nacional","url":"https:\/\/www.eldiario.net\/portal\/","logo":{"@type":"ImageObject","inLanguage":"es","@id":"https:\/\/www.eldiario.net\/portal\/#\/schema\/logo\/image\/","url":"https:\/\/www.eldiario.net\/portal\/wp-content\/uploads\/2023\/07\/logo_ED.jpg","contentUrl":"https:\/\/www.eldiario.net\/portal\/wp-content\/uploads\/2023\/07\/logo_ED.jpg","width":272,"height":52,"caption":"El Diario - Decano de la prensa nacional"},"image":{"@id":"https:\/\/www.eldiario.net\/portal\/#\/schema\/logo\/image\/"},"sameAs":["https:\/\/www.facebook.com\/eldiario.bolivia\/","https:\/\/x.com\/eldiario_net"]},{"@type":"Person","@id":"https:\/\/www.eldiario.net\/portal\/#\/schema\/person\/2c57cf2b7a7ae032e449e4c9b1019eac","name":"Jeanette","image":{"@type":"ImageObject","inLanguage":"es","@id":"https:\/\/secure.gravatar.com\/avatar\/3ea2118a5f7dad2b7138b1187a6b7ee55f160b9968b66013c3a3ef39dd7e5798?s=96&d=mm&r=g","url":"https:\/\/secure.gravatar.com\/avatar\/3ea2118a5f7dad2b7138b1187a6b7ee55f160b9968b66013c3a3ef39dd7e5798?s=96&d=mm&r=g","contentUrl":"https:\/\/secure.gravatar.com\/avatar\/3ea2118a5f7dad2b7138b1187a6b7ee55f160b9968b66013c3a3ef39dd7e5798?s=96&d=mm&r=g","caption":"Jeanette"},"sameAs":["https:\/\/www.eldiario.net\/portal"],"url":"https:\/\/www.eldiario.net\/portal\/author\/jeanette\/"}]}},"_links":{"self":[{"href":"https:\/\/www.eldiario.net\/portal\/wp-json\/wp\/v2\/posts\/359519","targetHints":{"allow":["GET"]}}],"collection":[{"href":"https:\/\/www.eldiario.net\/portal\/wp-json\/wp\/v2\/posts"}],"about":[{"href":"https:\/\/www.eldiario.net\/portal\/wp-json\/wp\/v2\/types\/post"}],"author":[{"embeddable":true,"href":"https:\/\/www.eldiario.net\/portal\/wp-json\/wp\/v2\/users\/1"}],"replies":[{"embeddable":true,"href":"https:\/\/www.eldiario.net\/portal\/wp-json\/wp\/v2\/comments?post=359519"}],"version-history":[{"count":1,"href":"https:\/\/www.eldiario.net\/portal\/wp-json\/wp\/v2\/posts\/359519\/revisions"}],"predecessor-version":[{"id":359521,"href":"https:\/\/www.eldiario.net\/portal\/wp-json\/wp\/v2\/posts\/359519\/revisions\/359521"}],"wp:featuredmedia":[{"embeddable":true,"href":"https:\/\/www.eldiario.net\/portal\/wp-json\/wp\/v2\/media\/359520"}],"wp:attachment":[{"href":"https:\/\/www.eldiario.net\/portal\/wp-json\/wp\/v2\/media?parent=359519"}],"wp:term":[{"taxonomy":"category","embeddable":true,"href":"https:\/\/www.eldiario.net\/portal\/wp-json\/wp\/v2\/categories?post=359519"},{"taxonomy":"post_tag","embeddable":true,"href":"https:\/\/www.eldiario.net\/portal\/wp-json\/wp\/v2\/tags?post=359519"}],"curies":[{"name":"wp","href":"https:\/\/api.w.org\/{rel}","templated":true}]}}