{"id":359513,"date":"2026-01-13T06:53:03","date_gmt":"2026-01-13T10:53:03","guid":{"rendered":"https:\/\/www.eldiario.net\/portal\/?p=359513"},"modified":"2026-01-13T06:53:03","modified_gmt":"2026-01-13T10:53:03","slug":"seleccion-nacional-dara-oportunidad-de-mostrarse-a-los-jugadores-en-los-amistosos","status":"publish","type":"post","link":"https:\/\/www.eldiario.net\/portal\/2026\/01\/13\/seleccion-nacional-dara-oportunidad-de-mostrarse-a-los-jugadores-en-los-amistosos\/","title":{"rendered":"Selecci\u00f3n nacional dar\u00e1 oportunidad de mostrarse a los jugadores en los amistosos"},"content":{"rendered":"<p>SANTA CRUZ.- Debido a que existen dificultades para que los jugadores que act\u00faan en el extranjero lleguen a esta convocatoria, el cuerpo t\u00e9cnico de la Selecci\u00f3n Nacional presentar\u00e1 una formaci\u00f3n titular con novedades, dando espacio a nuevos futbolistas, que rendir\u00e1n su prueba ante Panam\u00e1, el 18 de enero (17:00), en Tarija, y una semana despu\u00e9s (15:00), contra M\u00e9xico, en Santa Cruz.<\/p>\n<p>\u201cSe est\u00e1 complicando negociar con los clubes de afuera, en estos d\u00edas llegar\u00e1n algunos jugadores m\u00e1s\u201d, declar\u00f3 el ayudante de campo, Gabriel Ram\u00edrez, en la pr\u00e1ctica de este domingo, realizado en el complejo Ciudad Nueva Santa Cruz, donde la labor fue realizada con un grupo de 15 seleccionados.<\/p>\n<p>Por este motivo, se abri\u00f3 paso a nuevos jugadores en la convocatoria que podr\u00e1n mostrar sus condiciones en estos dos partidos y de ah\u00ed dar el salto a la lista definitiva para el repechaje en Monterrey, el 26 de marzo, contra Surinam, y d\u00edas despu\u00e9s (31 de marzo), contra Irak, si logra saltar el primer obst\u00e1culo.<\/p>\n<p>En esta reactivaci\u00f3n del trabajo participaron 15 jugadores de los 24 convocados por \u00d3scar Villegas, Ram\u00edrez mencion\u00f3 que hasta el jueves se completar\u00e1 el equipo. Con los nuevos citados se est\u00e1 explicando las instrucciones, indicaciones que son repasadas por los que ya conocen el discurso del entrenador cochabambino.<\/p>\n<p>Este lunes, el trabajo proseguir\u00e1 con una doble jornada, misma programaci\u00f3n para el mi\u00e9rcoles. El martes, jueves y el viernes s\u00f3lo habr\u00e1 una sesi\u00f3n, el viernes el equipo se trasladar\u00e1 a Tarija, donde el s\u00e1bado por la tarde tendr\u00e1 un reconocimiento al estadio IV Centenario, donde al d\u00eda siguiente jugar\u00e1.<\/p>\n<p>&nbsp;<\/p>\n<p>TERCEROS<\/p>\n<p>\u201cEstamos intentando confirmar la llegada de Miguel Terceros, esperemos que se pueda dar. La predisposici\u00f3n del club siempre la ha tenido con nosotros\u201d, declar\u00f3 Ram\u00edrez, sobre Terceros, quien este s\u00e1bado estaba en la banca del Santos FC, en el triunfo sobre Novorizontino (2-1), por el Campeonato Paulista, que se juega fines de semana y a media semana. El siguiente rival ser\u00e1 Palmeiras, el 14 de enero.<\/p>\n<p>&nbsp;<\/p>\n<p>(APG)<\/p>\n<p>&nbsp;<\/p>\n","protected":false},"excerpt":{"rendered":"<p>SANTA CRUZ.- Debido a que existen dificultades para que los jugadores que act\u00faan en el extranjero lleguen a esta convocatoria, el cuerpo t\u00e9cnico de la Selecci\u00f3n Nacional presentar\u00e1 una formaci\u00f3n titular con novedades, dando espacio a nuevos futbolistas, que rendir\u00e1n su prueba ante Panam\u00e1, el 18 de enero (17:00), en Tarija, y una semana despu\u00e9s [&hellip;]<\/p>\n","protected":false},"author":1,"featured_media":359514,"comment_status":"closed","ping_status":"open","sticky":false,"template":"","format":"standard","meta":{"_acf_changed":false,"footnotes":""},"categories":[6],"tags":[],"class_list":["post-359513","post","type-post","status-publish","format-standard","has-post-thumbnail","category-deportes"],"acf":{"antetitulo":""},"yoast_head":"<!-- This site is optimized with the Yoast SEO plugin v28.4 - https:\/\/yoast.com\/product\/yoast-seo-wordpress\/ -->\n<title>Selecci\u00f3n nacional dar\u00e1 oportunidad de mostrarse a los jugadores en los amistosos - El Diario - Bolivia<\/title>\n<meta name=\"robots\" content=\"index, follow, max-snippet:-1, max-image-preview:large, max-video-preview:-1\" \/>\n<link rel=\"canonical\" href=\"https:\/\/www.eldiario.net\/portal\/2026\/01\/13\/seleccion-nacional-dara-oportunidad-de-mostrarse-a-los-jugadores-en-los-amistosos\/\" \/>\n<meta property=\"og:locale\" content=\"es_ES\" \/>\n<meta property=\"og:type\" content=\"article\" \/>\n<meta property=\"og:title\" content=\"Selecci\u00f3n nacional dar\u00e1 oportunidad de mostrarse a los jugadores en los amistosos - El Diario - Bolivia\" \/>\n<meta property=\"og:description\" content=\"SANTA CRUZ.- Debido a que existen dificultades para que los jugadores que act\u00faan en el extranjero lleguen a esta convocatoria, el cuerpo t\u00e9cnico de la Selecci\u00f3n Nacional presentar\u00e1 una formaci\u00f3n titular con novedades, dando espacio a nuevos futbolistas, que rendir\u00e1n su prueba ante Panam\u00e1, el 18 de enero (17:00), en Tarija, y una semana despu\u00e9s [&hellip;]\" \/>\n<meta property=\"og:url\" content=\"https:\/\/www.eldiario.net\/portal\/2026\/01\/13\/seleccion-nacional-dara-oportunidad-de-mostrarse-a-los-jugadores-en-los-amistosos\/\" \/>\n<meta property=\"og:site_name\" content=\"El Diario - Bolivia\" \/>\n<meta property=\"article:publisher\" content=\"https:\/\/www.facebook.com\/eldiario.bolivia\/\" \/>\n<meta property=\"article:published_time\" content=\"2026-01-13T10:53:03+00:00\" \/>\n<meta property=\"og:image\" content=\"https:\/\/www.eldiario.net\/portal\/wp-content\/uploads\/2026\/01\/Seleccion-12.webp\" \/>\n\t<meta property=\"og:image:width\" content=\"1200\" \/>\n\t<meta property=\"og:image:height\" content=\"916\" \/>\n\t<meta property=\"og:image:type\" content=\"image\/webp\" \/>\n<meta name=\"author\" content=\"Jeanette\" \/>\n<meta name=\"twitter:card\" content=\"summary_large_image\" \/>\n<meta name=\"twitter:creator\" content=\"@eldiario_net\" \/>\n<meta name=\"twitter:site\" content=\"@eldiario_net\" \/>\n<meta name=\"twitter:label1\" content=\"Escrito por\" \/>\n\t<meta name=\"twitter:data1\" content=\"Jeanette\" \/>\n\t<meta name=\"twitter:label2\" content=\"Tiempo de lectura\" \/>\n\t<meta name=\"twitter:data2\" content=\"2 minutos\" \/>\n<script type=\"application\/ld+json\" class=\"yoast-schema-graph\">{\"@context\":\"https:\\\/\\\/schema.org\",\"@graph\":[{\"@type\":\"Article\",\"@id\":\"https:\\\/\\\/www.eldiario.net\\\/portal\\\/2026\\\/01\\\/13\\\/seleccion-nacional-dara-oportunidad-de-mostrarse-a-los-jugadores-en-los-amistosos\\\/#article\",\"isPartOf\":{\"@id\":\"https:\\\/\\\/www.eldiario.net\\\/portal\\\/2026\\\/01\\\/13\\\/seleccion-nacional-dara-oportunidad-de-mostrarse-a-los-jugadores-en-los-amistosos\\\/\"},\"author\":{\"name\":\"Jeanette\",\"@id\":\"https:\\\/\\\/www.eldiario.net\\\/portal\\\/#\\\/schema\\\/person\\\/2c57cf2b7a7ae032e449e4c9b1019eac\"},\"headline\":\"Selecci\u00f3n nacional dar\u00e1 oportunidad de mostrarse a los jugadores en los amistosos\",\"datePublished\":\"2026-01-13T10:53:03+00:00\",\"mainEntityOfPage\":{\"@id\":\"https:\\\/\\\/www.eldiario.net\\\/portal\\\/2026\\\/01\\\/13\\\/seleccion-nacional-dara-oportunidad-de-mostrarse-a-los-jugadores-en-los-amistosos\\\/\"},\"wordCount\":366,\"publisher\":{\"@id\":\"https:\\\/\\\/www.eldiario.net\\\/portal\\\/#organization\"},\"image\":{\"@id\":\"https:\\\/\\\/www.eldiario.net\\\/portal\\\/2026\\\/01\\\/13\\\/seleccion-nacional-dara-oportunidad-de-mostrarse-a-los-jugadores-en-los-amistosos\\\/#primaryimage\"},\"thumbnailUrl\":\"https:\\\/\\\/www.eldiario.net\\\/portal\\\/wp-content\\\/uploads\\\/2026\\\/01\\\/Seleccion-12.webp\",\"articleSection\":[\"Deportes\"],\"inLanguage\":\"es\"},{\"@type\":\"WebPage\",\"@id\":\"https:\\\/\\\/www.eldiario.net\\\/portal\\\/2026\\\/01\\\/13\\\/seleccion-nacional-dara-oportunidad-de-mostrarse-a-los-jugadores-en-los-amistosos\\\/\",\"url\":\"https:\\\/\\\/www.eldiario.net\\\/portal\\\/2026\\\/01\\\/13\\\/seleccion-nacional-dara-oportunidad-de-mostrarse-a-los-jugadores-en-los-amistosos\\\/\",\"name\":\"Selecci\u00f3n nacional dar\u00e1 oportunidad de mostrarse a los jugadores en los amistosos - El Diario - Bolivia\",\"isPartOf\":{\"@id\":\"https:\\\/\\\/www.eldiario.net\\\/portal\\\/#website\"},\"primaryImageOfPage\":{\"@id\":\"https:\\\/\\\/www.eldiario.net\\\/portal\\\/2026\\\/01\\\/13\\\/seleccion-nacional-dara-oportunidad-de-mostrarse-a-los-jugadores-en-los-amistosos\\\/#primaryimage\"},\"image\":{\"@id\":\"https:\\\/\\\/www.eldiario.net\\\/portal\\\/2026\\\/01\\\/13\\\/seleccion-nacional-dara-oportunidad-de-mostrarse-a-los-jugadores-en-los-amistosos\\\/#primaryimage\"},\"thumbnailUrl\":\"https:\\\/\\\/www.eldiario.net\\\/portal\\\/wp-content\\\/uploads\\\/2026\\\/01\\\/Seleccion-12.webp\",\"datePublished\":\"2026-01-13T10:53:03+00:00\",\"breadcrumb\":{\"@id\":\"https:\\\/\\\/www.eldiario.net\\\/portal\\\/2026\\\/01\\\/13\\\/seleccion-nacional-dara-oportunidad-de-mostrarse-a-los-jugadores-en-los-amistosos\\\/#breadcrumb\"},\"inLanguage\":\"es\",\"potentialAction\":[{\"@type\":\"ReadAction\",\"target\":[\"https:\\\/\\\/www.eldiario.net\\\/portal\\\/2026\\\/01\\\/13\\\/seleccion-nacional-dara-oportunidad-de-mostrarse-a-los-jugadores-en-los-amistosos\\\/\"]}]},{\"@type\":\"ImageObject\",\"inLanguage\":\"es\",\"@id\":\"https:\\\/\\\/www.eldiario.net\\\/portal\\\/2026\\\/01\\\/13\\\/seleccion-nacional-dara-oportunidad-de-mostrarse-a-los-jugadores-en-los-amistosos\\\/#primaryimage\",\"url\":\"https:\\\/\\\/www.eldiario.net\\\/portal\\\/wp-content\\\/uploads\\\/2026\\\/01\\\/Seleccion-12.webp\",\"contentUrl\":\"https:\\\/\\\/www.eldiario.net\\\/portal\\\/wp-content\\\/uploads\\\/2026\\\/01\\\/Seleccion-12.webp\",\"width\":1200,\"height\":916},{\"@type\":\"BreadcrumbList\",\"@id\":\"https:\\\/\\\/www.eldiario.net\\\/portal\\\/2026\\\/01\\\/13\\\/seleccion-nacional-dara-oportunidad-de-mostrarse-a-los-jugadores-en-los-amistosos\\\/#breadcrumb\",\"itemListElement\":[{\"@type\":\"ListItem\",\"position\":1,\"name\":\"Portada\",\"item\":\"https:\\\/\\\/www.eldiario.net\\\/portal\\\/\"},{\"@type\":\"ListItem\",\"position\":2,\"name\":\"Selecci\u00f3n nacional dar\u00e1 oportunidad de mostrarse a los jugadores en los amistosos\"}]},{\"@type\":\"WebSite\",\"@id\":\"https:\\\/\\\/www.eldiario.net\\\/portal\\\/#website\",\"url\":\"https:\\\/\\\/www.eldiario.net\\\/portal\\\/\",\"name\":\"El Diario - Decano de la prensa nacional\",\"description\":\"El Diario - Decano de la prensa nacional\",\"publisher\":{\"@id\":\"https:\\\/\\\/www.eldiario.net\\\/portal\\\/#organization\"},\"potentialAction\":[{\"@type\":\"SearchAction\",\"target\":{\"@type\":\"EntryPoint\",\"urlTemplate\":\"https:\\\/\\\/www.eldiario.net\\\/portal\\\/?s={search_term_string}\"},\"query-input\":{\"@type\":\"PropertyValueSpecification\",\"valueRequired\":true,\"valueName\":\"search_term_string\"}}],\"inLanguage\":\"es\"},{\"@type\":\"Organization\",\"@id\":\"https:\\\/\\\/www.eldiario.net\\\/portal\\\/#organization\",\"name\":\"El Diario - Decano de la prensa nacional\",\"url\":\"https:\\\/\\\/www.eldiario.net\\\/portal\\\/\",\"logo\":{\"@type\":\"ImageObject\",\"inLanguage\":\"es\",\"@id\":\"https:\\\/\\\/www.eldiario.net\\\/portal\\\/#\\\/schema\\\/logo\\\/image\\\/\",\"url\":\"https:\\\/\\\/www.eldiario.net\\\/portal\\\/wp-content\\\/uploads\\\/2023\\\/07\\\/logo_ED.jpg\",\"contentUrl\":\"https:\\\/\\\/www.eldiario.net\\\/portal\\\/wp-content\\\/uploads\\\/2023\\\/07\\\/logo_ED.jpg\",\"width\":272,\"height\":52,\"caption\":\"El Diario - Decano de la prensa nacional\"},\"image\":{\"@id\":\"https:\\\/\\\/www.eldiario.net\\\/portal\\\/#\\\/schema\\\/logo\\\/image\\\/\"},\"sameAs\":[\"https:\\\/\\\/www.facebook.com\\\/eldiario.bolivia\\\/\",\"https:\\\/\\\/x.com\\\/eldiario_net\"]},{\"@type\":\"Person\",\"@id\":\"https:\\\/\\\/www.eldiario.net\\\/portal\\\/#\\\/schema\\\/person\\\/2c57cf2b7a7ae032e449e4c9b1019eac\",\"name\":\"Jeanette\",\"image\":{\"@type\":\"ImageObject\",\"inLanguage\":\"es\",\"@id\":\"https:\\\/\\\/secure.gravatar.com\\\/avatar\\\/3ea2118a5f7dad2b7138b1187a6b7ee55f160b9968b66013c3a3ef39dd7e5798?s=96&d=mm&r=g\",\"url\":\"https:\\\/\\\/secure.gravatar.com\\\/avatar\\\/3ea2118a5f7dad2b7138b1187a6b7ee55f160b9968b66013c3a3ef39dd7e5798?s=96&d=mm&r=g\",\"contentUrl\":\"https:\\\/\\\/secure.gravatar.com\\\/avatar\\\/3ea2118a5f7dad2b7138b1187a6b7ee55f160b9968b66013c3a3ef39dd7e5798?s=96&d=mm&r=g\",\"caption\":\"Jeanette\"},\"sameAs\":[\"https:\\\/\\\/www.eldiario.net\\\/portal\"],\"url\":\"https:\\\/\\\/www.eldiario.net\\\/portal\\\/author\\\/jeanette\\\/\"}]}<\/script>\n<!-- \/ Yoast SEO plugin. -->","yoast_head_json":{"title":"Selecci\u00f3n nacional dar\u00e1 oportunidad de mostrarse a los jugadores en los amistosos - El Diario - Bolivia","robots":{"index":"index","follow":"follow","max-snippet":"max-snippet:-1","max-image-preview":"max-image-preview:large","max-video-preview":"max-video-preview:-1"},"canonical":"https:\/\/www.eldiario.net\/portal\/2026\/01\/13\/seleccion-nacional-dara-oportunidad-de-mostrarse-a-los-jugadores-en-los-amistosos\/","og_locale":"es_ES","og_type":"article","og_title":"Selecci\u00f3n nacional dar\u00e1 oportunidad de mostrarse a los jugadores en los amistosos - El Diario - Bolivia","og_description":"SANTA CRUZ.- Debido a que existen dificultades para que los jugadores que act\u00faan en el extranjero lleguen a esta convocatoria, el cuerpo t\u00e9cnico de la Selecci\u00f3n Nacional presentar\u00e1 una formaci\u00f3n titular con novedades, dando espacio a nuevos futbolistas, que rendir\u00e1n su prueba ante Panam\u00e1, el 18 de enero (17:00), en Tarija, y una semana despu\u00e9s [&hellip;]","og_url":"https:\/\/www.eldiario.net\/portal\/2026\/01\/13\/seleccion-nacional-dara-oportunidad-de-mostrarse-a-los-jugadores-en-los-amistosos\/","og_site_name":"El Diario - Bolivia","article_publisher":"https:\/\/www.facebook.com\/eldiario.bolivia\/","article_published_time":"2026-01-13T10:53:03+00:00","og_image":[{"width":1200,"height":916,"url":"https:\/\/www.eldiario.net\/portal\/wp-content\/uploads\/2026\/01\/Seleccion-12.webp","type":"image\/webp"}],"author":"Jeanette","twitter_card":"summary_large_image","twitter_creator":"@eldiario_net","twitter_site":"@eldiario_net","twitter_misc":{"Escrito por":"Jeanette","Tiempo de lectura":"2 minutos"},"schema":{"@context":"https:\/\/schema.org","@graph":[{"@type":"Article","@id":"https:\/\/www.eldiario.net\/portal\/2026\/01\/13\/seleccion-nacional-dara-oportunidad-de-mostrarse-a-los-jugadores-en-los-amistosos\/#article","isPartOf":{"@id":"https:\/\/www.eldiario.net\/portal\/2026\/01\/13\/seleccion-nacional-dara-oportunidad-de-mostrarse-a-los-jugadores-en-los-amistosos\/"},"author":{"name":"Jeanette","@id":"https:\/\/www.eldiario.net\/portal\/#\/schema\/person\/2c57cf2b7a7ae032e449e4c9b1019eac"},"headline":"Selecci\u00f3n nacional dar\u00e1 oportunidad de mostrarse a los jugadores en los amistosos","datePublished":"2026-01-13T10:53:03+00:00","mainEntityOfPage":{"@id":"https:\/\/www.eldiario.net\/portal\/2026\/01\/13\/seleccion-nacional-dara-oportunidad-de-mostrarse-a-los-jugadores-en-los-amistosos\/"},"wordCount":366,"publisher":{"@id":"https:\/\/www.eldiario.net\/portal\/#organization"},"image":{"@id":"https:\/\/www.eldiario.net\/portal\/2026\/01\/13\/seleccion-nacional-dara-oportunidad-de-mostrarse-a-los-jugadores-en-los-amistosos\/#primaryimage"},"thumbnailUrl":"https:\/\/www.eldiario.net\/portal\/wp-content\/uploads\/2026\/01\/Seleccion-12.webp","articleSection":["Deportes"],"inLanguage":"es"},{"@type":"WebPage","@id":"https:\/\/www.eldiario.net\/portal\/2026\/01\/13\/seleccion-nacional-dara-oportunidad-de-mostrarse-a-los-jugadores-en-los-amistosos\/","url":"https:\/\/www.eldiario.net\/portal\/2026\/01\/13\/seleccion-nacional-dara-oportunidad-de-mostrarse-a-los-jugadores-en-los-amistosos\/","name":"Selecci\u00f3n nacional dar\u00e1 oportunidad de mostrarse a los jugadores en los amistosos - El Diario - Bolivia","isPartOf":{"@id":"https:\/\/www.eldiario.net\/portal\/#website"},"primaryImageOfPage":{"@id":"https:\/\/www.eldiario.net\/portal\/2026\/01\/13\/seleccion-nacional-dara-oportunidad-de-mostrarse-a-los-jugadores-en-los-amistosos\/#primaryimage"},"image":{"@id":"https:\/\/www.eldiario.net\/portal\/2026\/01\/13\/seleccion-nacional-dara-oportunidad-de-mostrarse-a-los-jugadores-en-los-amistosos\/#primaryimage"},"thumbnailUrl":"https:\/\/www.eldiario.net\/portal\/wp-content\/uploads\/2026\/01\/Seleccion-12.webp","datePublished":"2026-01-13T10:53:03+00:00","breadcrumb":{"@id":"https:\/\/www.eldiario.net\/portal\/2026\/01\/13\/seleccion-nacional-dara-oportunidad-de-mostrarse-a-los-jugadores-en-los-amistosos\/#breadcrumb"},"inLanguage":"es","potentialAction":[{"@type":"ReadAction","target":["https:\/\/www.eldiario.net\/portal\/2026\/01\/13\/seleccion-nacional-dara-oportunidad-de-mostrarse-a-los-jugadores-en-los-amistosos\/"]}]},{"@type":"ImageObject","inLanguage":"es","@id":"https:\/\/www.eldiario.net\/portal\/2026\/01\/13\/seleccion-nacional-dara-oportunidad-de-mostrarse-a-los-jugadores-en-los-amistosos\/#primaryimage","url":"https:\/\/www.eldiario.net\/portal\/wp-content\/uploads\/2026\/01\/Seleccion-12.webp","contentUrl":"https:\/\/www.eldiario.net\/portal\/wp-content\/uploads\/2026\/01\/Seleccion-12.webp","width":1200,"height":916},{"@type":"BreadcrumbList","@id":"https:\/\/www.eldiario.net\/portal\/2026\/01\/13\/seleccion-nacional-dara-oportunidad-de-mostrarse-a-los-jugadores-en-los-amistosos\/#breadcrumb","itemListElement":[{"@type":"ListItem","position":1,"name":"Portada","item":"https:\/\/www.eldiario.net\/portal\/"},{"@type":"ListItem","position":2,"name":"Selecci\u00f3n nacional dar\u00e1 oportunidad de mostrarse a los jugadores en los amistosos"}]},{"@type":"WebSite","@id":"https:\/\/www.eldiario.net\/portal\/#website","url":"https:\/\/www.eldiario.net\/portal\/","name":"El Diario - Decano de la prensa nacional","description":"El Diario - Decano de la prensa nacional","publisher":{"@id":"https:\/\/www.eldiario.net\/portal\/#organization"},"potentialAction":[{"@type":"SearchAction","target":{"@type":"EntryPoint","urlTemplate":"https:\/\/www.eldiario.net\/portal\/?s={search_term_string}"},"query-input":{"@type":"PropertyValueSpecification","valueRequired":true,"valueName":"search_term_string"}}],"inLanguage":"es"},{"@type":"Organization","@id":"https:\/\/www.eldiario.net\/portal\/#organization","name":"El Diario - Decano de la prensa nacional","url":"https:\/\/www.eldiario.net\/portal\/","logo":{"@type":"ImageObject","inLanguage":"es","@id":"https:\/\/www.eldiario.net\/portal\/#\/schema\/logo\/image\/","url":"https:\/\/www.eldiario.net\/portal\/wp-content\/uploads\/2023\/07\/logo_ED.jpg","contentUrl":"https:\/\/www.eldiario.net\/portal\/wp-content\/uploads\/2023\/07\/logo_ED.jpg","width":272,"height":52,"caption":"El Diario - Decano de la prensa nacional"},"image":{"@id":"https:\/\/www.eldiario.net\/portal\/#\/schema\/logo\/image\/"},"sameAs":["https:\/\/www.facebook.com\/eldiario.bolivia\/","https:\/\/x.com\/eldiario_net"]},{"@type":"Person","@id":"https:\/\/www.eldiario.net\/portal\/#\/schema\/person\/2c57cf2b7a7ae032e449e4c9b1019eac","name":"Jeanette","image":{"@type":"ImageObject","inLanguage":"es","@id":"https:\/\/secure.gravatar.com\/avatar\/3ea2118a5f7dad2b7138b1187a6b7ee55f160b9968b66013c3a3ef39dd7e5798?s=96&d=mm&r=g","url":"https:\/\/secure.gravatar.com\/avatar\/3ea2118a5f7dad2b7138b1187a6b7ee55f160b9968b66013c3a3ef39dd7e5798?s=96&d=mm&r=g","contentUrl":"https:\/\/secure.gravatar.com\/avatar\/3ea2118a5f7dad2b7138b1187a6b7ee55f160b9968b66013c3a3ef39dd7e5798?s=96&d=mm&r=g","caption":"Jeanette"},"sameAs":["https:\/\/www.eldiario.net\/portal"],"url":"https:\/\/www.eldiario.net\/portal\/author\/jeanette\/"}]}},"_links":{"self":[{"href":"https:\/\/www.eldiario.net\/portal\/wp-json\/wp\/v2\/posts\/359513","targetHints":{"allow":["GET"]}}],"collection":[{"href":"https:\/\/www.eldiario.net\/portal\/wp-json\/wp\/v2\/posts"}],"about":[{"href":"https:\/\/www.eldiario.net\/portal\/wp-json\/wp\/v2\/types\/post"}],"author":[{"embeddable":true,"href":"https:\/\/www.eldiario.net\/portal\/wp-json\/wp\/v2\/users\/1"}],"replies":[{"embeddable":true,"href":"https:\/\/www.eldiario.net\/portal\/wp-json\/wp\/v2\/comments?post=359513"}],"version-history":[{"count":1,"href":"https:\/\/www.eldiario.net\/portal\/wp-json\/wp\/v2\/posts\/359513\/revisions"}],"predecessor-version":[{"id":359515,"href":"https:\/\/www.eldiario.net\/portal\/wp-json\/wp\/v2\/posts\/359513\/revisions\/359515"}],"wp:featuredmedia":[{"embeddable":true,"href":"https:\/\/www.eldiario.net\/portal\/wp-json\/wp\/v2\/media\/359514"}],"wp:attachment":[{"href":"https:\/\/www.eldiario.net\/portal\/wp-json\/wp\/v2\/media?parent=359513"}],"wp:term":[{"taxonomy":"category","embeddable":true,"href":"https:\/\/www.eldiario.net\/portal\/wp-json\/wp\/v2\/categories?post=359513"},{"taxonomy":"post_tag","embeddable":true,"href":"https:\/\/www.eldiario.net\/portal\/wp-json\/wp\/v2\/tags?post=359513"}],"curies":[{"name":"wp","href":"https:\/\/api.w.org\/{rel}","templated":true}]}}