{"id":3595,"date":"2021-05-13T06:49:03","date_gmt":"2021-05-13T10:49:03","guid":{"rendered":"https:\/\/www.eldiario.net\/portal\/?p=3595"},"modified":"2021-05-13T06:49:03","modified_gmt":"2021-05-13T10:49:03","slug":"policia-encontro-restos-de-hombre-quemado-en-milluni","status":"publish","type":"post","link":"https:\/\/www.eldiario.net\/portal\/2021\/05\/13\/policia-encontro-restos-de-hombre-quemado-en-milluni\/","title":{"rendered":"Polic\u00eda encontr\u00f3 restos de   hombre quemado en Milluni"},"content":{"rendered":"<p>A denuncia de los comunarios de Milluni, la Fuerza Especial de Lucha Contra el Crimen (FELCC) de El Alto se constituy\u00f3 en este sector, para realizar el levantamiento de restos \u00f3seos, de una persona de sexo masculino. Las investigaciones se\u00f1alan que habr\u00eda sido ofrendado en ritual.<\/p>\n<p>En el momento varias son las hip\u00f3tesis que se manejan por parte de la Polic\u00eda, dada las caracter\u00edsticas en las que fue encontrado el cuerpo de esta persona, donde la mayor\u00eda de los restos \u00f3seos ten\u00edan signos de haber sido quemados, se logr\u00f3 recolectar 16 piezas \u00f3seas.<\/p>\n<p>En el lugar tambi\u00e9n encontraron algunas prendas de vestir de esta persona, seg\u00fan las primeras investigaciones de la Polic\u00eda se trata de una persona de sexo masculino, pero el verdadero motivo de su muerte no se conoce por el momento.<\/p>\n<p>Sin embargo, con todas las caracter\u00edsticas con las que fue hallado todas las partes del cuerpo de esta persona, se puede deducir que podr\u00eda tratarse de un ritual de sacrificio.<\/p>\n<p>Los investigadores de la Divisi\u00f3n de Homicidios de la FELCC de El Alto, dieron a conocer que tambi\u00e9n se han encontrado una tarjeta de d\u00e9bito bancario y dos tarjetas de recarga de cr\u00e9dito telef\u00f3nico, parcialmente chamuscadas, pero que se usar\u00e1n para averiguar y llegar a establecer la verdad de los hechos.<\/p>\n<p>&nbsp;<\/p>\n","protected":false},"excerpt":{"rendered":"<p>A denuncia de los comunarios de Milluni, la Fuerza Especial de Lucha Contra el Crimen (FELCC) de El Alto se constituy\u00f3 en este sector, para realizar el levantamiento de restos \u00f3seos, de una persona de sexo masculino. Las investigaciones se\u00f1alan que habr\u00eda sido ofrendado en ritual. En el momento varias son las hip\u00f3tesis que se [&hellip;]<\/p>\n","protected":false},"author":1,"featured_media":3596,"comment_status":"closed","ping_status":"closed","sticky":false,"template":"","format":"standard","meta":{"_acf_changed":false,"footnotes":""},"categories":[12],"tags":[],"class_list":["post-3595","post","type-post","status-publish","format-standard","has-post-thumbnail","category-nacional"],"acf":{"antetitulo":""},"yoast_head":"<!-- This site is optimized with the Yoast SEO plugin v28.4 - https:\/\/yoast.com\/product\/yoast-seo-wordpress\/ -->\n<title>Polic\u00eda encontr\u00f3 restos de  hombre quemado en Milluni - El Diario - Bolivia<\/title>\n<meta name=\"robots\" content=\"index, follow, max-snippet:-1, max-image-preview:large, max-video-preview:-1\" \/>\n<link rel=\"canonical\" href=\"https:\/\/www.eldiario.net\/portal\/2021\/05\/13\/policia-encontro-restos-de-hombre-quemado-en-milluni\/\" \/>\n<meta property=\"og:locale\" content=\"es_ES\" \/>\n<meta property=\"og:type\" content=\"article\" \/>\n<meta property=\"og:title\" content=\"Polic\u00eda encontr\u00f3 restos de  hombre quemado en Milluni - El Diario - Bolivia\" \/>\n<meta property=\"og:description\" content=\"A denuncia de los comunarios de Milluni, la Fuerza Especial de Lucha Contra el Crimen (FELCC) de El Alto se constituy\u00f3 en este sector, para realizar el levantamiento de restos \u00f3seos, de una persona de sexo masculino. Las investigaciones se\u00f1alan que habr\u00eda sido ofrendado en ritual. En el momento varias son las hip\u00f3tesis que se [&hellip;]\" \/>\n<meta property=\"og:url\" content=\"https:\/\/www.eldiario.net\/portal\/2021\/05\/13\/policia-encontro-restos-de-hombre-quemado-en-milluni\/\" \/>\n<meta property=\"og:site_name\" content=\"El Diario - Bolivia\" \/>\n<meta property=\"article:publisher\" content=\"https:\/\/www.facebook.com\/eldiario.bolivia\/\" \/>\n<meta property=\"article:published_time\" content=\"2021-05-13T10:49:03+00:00\" \/>\n<meta name=\"author\" content=\"Jeanette\" \/>\n<meta name=\"twitter:card\" content=\"summary_large_image\" \/>\n<meta name=\"twitter:creator\" content=\"@eldiario_net\" \/>\n<meta name=\"twitter:site\" content=\"@eldiario_net\" \/>\n<meta name=\"twitter:label1\" content=\"Escrito por\" \/>\n\t<meta name=\"twitter:data1\" content=\"Jeanette\" \/>\n\t<meta name=\"twitter:label2\" content=\"Tiempo de lectura\" \/>\n\t<meta name=\"twitter:data2\" content=\"1 minuto\" \/>\n<script type=\"application\/ld+json\" class=\"yoast-schema-graph\">{\"@context\":\"https:\\\/\\\/schema.org\",\"@graph\":[{\"@type\":\"Article\",\"@id\":\"https:\\\/\\\/www.eldiario.net\\\/portal\\\/2021\\\/05\\\/13\\\/policia-encontro-restos-de-hombre-quemado-en-milluni\\\/#article\",\"isPartOf\":{\"@id\":\"https:\\\/\\\/www.eldiario.net\\\/portal\\\/2021\\\/05\\\/13\\\/policia-encontro-restos-de-hombre-quemado-en-milluni\\\/\"},\"author\":{\"name\":\"Jeanette\",\"@id\":\"https:\\\/\\\/www.eldiario.net\\\/portal\\\/#\\\/schema\\\/person\\\/2c57cf2b7a7ae032e449e4c9b1019eac\"},\"headline\":\"Polic\u00eda encontr\u00f3 restos de hombre quemado en Milluni\",\"datePublished\":\"2021-05-13T10:49:03+00:00\",\"mainEntityOfPage\":{\"@id\":\"https:\\\/\\\/www.eldiario.net\\\/portal\\\/2021\\\/05\\\/13\\\/policia-encontro-restos-de-hombre-quemado-en-milluni\\\/\"},\"wordCount\":241,\"publisher\":{\"@id\":\"https:\\\/\\\/www.eldiario.net\\\/portal\\\/#organization\"},\"image\":{\"@id\":\"https:\\\/\\\/www.eldiario.net\\\/portal\\\/2021\\\/05\\\/13\\\/policia-encontro-restos-de-hombre-quemado-en-milluni\\\/#primaryimage\"},\"thumbnailUrl\":\"\",\"articleSection\":[\"Nacional\"],\"inLanguage\":\"es\"},{\"@type\":\"WebPage\",\"@id\":\"https:\\\/\\\/www.eldiario.net\\\/portal\\\/2021\\\/05\\\/13\\\/policia-encontro-restos-de-hombre-quemado-en-milluni\\\/\",\"url\":\"https:\\\/\\\/www.eldiario.net\\\/portal\\\/2021\\\/05\\\/13\\\/policia-encontro-restos-de-hombre-quemado-en-milluni\\\/\",\"name\":\"Polic\u00eda encontr\u00f3 restos de hombre quemado en Milluni - El Diario - Bolivia\",\"isPartOf\":{\"@id\":\"https:\\\/\\\/www.eldiario.net\\\/portal\\\/#website\"},\"primaryImageOfPage\":{\"@id\":\"https:\\\/\\\/www.eldiario.net\\\/portal\\\/2021\\\/05\\\/13\\\/policia-encontro-restos-de-hombre-quemado-en-milluni\\\/#primaryimage\"},\"image\":{\"@id\":\"https:\\\/\\\/www.eldiario.net\\\/portal\\\/2021\\\/05\\\/13\\\/policia-encontro-restos-de-hombre-quemado-en-milluni\\\/#primaryimage\"},\"thumbnailUrl\":\"\",\"datePublished\":\"2021-05-13T10:49:03+00:00\",\"breadcrumb\":{\"@id\":\"https:\\\/\\\/www.eldiario.net\\\/portal\\\/2021\\\/05\\\/13\\\/policia-encontro-restos-de-hombre-quemado-en-milluni\\\/#breadcrumb\"},\"inLanguage\":\"es\",\"potentialAction\":[{\"@type\":\"ReadAction\",\"target\":[\"https:\\\/\\\/www.eldiario.net\\\/portal\\\/2021\\\/05\\\/13\\\/policia-encontro-restos-de-hombre-quemado-en-milluni\\\/\"]}]},{\"@type\":\"ImageObject\",\"inLanguage\":\"es\",\"@id\":\"https:\\\/\\\/www.eldiario.net\\\/portal\\\/2021\\\/05\\\/13\\\/policia-encontro-restos-de-hombre-quemado-en-milluni\\\/#primaryimage\",\"url\":\"\",\"contentUrl\":\"\"},{\"@type\":\"BreadcrumbList\",\"@id\":\"https:\\\/\\\/www.eldiario.net\\\/portal\\\/2021\\\/05\\\/13\\\/policia-encontro-restos-de-hombre-quemado-en-milluni\\\/#breadcrumb\",\"itemListElement\":[{\"@type\":\"ListItem\",\"position\":1,\"name\":\"Portada\",\"item\":\"https:\\\/\\\/www.eldiario.net\\\/portal\\\/\"},{\"@type\":\"ListItem\",\"position\":2,\"name\":\"Polic\u00eda encontr\u00f3 restos de hombre quemado en Milluni\"}]},{\"@type\":\"WebSite\",\"@id\":\"https:\\\/\\\/www.eldiario.net\\\/portal\\\/#website\",\"url\":\"https:\\\/\\\/www.eldiario.net\\\/portal\\\/\",\"name\":\"El Diario - Decano de la prensa nacional\",\"description\":\"El Diario - Decano de la prensa nacional\",\"publisher\":{\"@id\":\"https:\\\/\\\/www.eldiario.net\\\/portal\\\/#organization\"},\"potentialAction\":[{\"@type\":\"SearchAction\",\"target\":{\"@type\":\"EntryPoint\",\"urlTemplate\":\"https:\\\/\\\/www.eldiario.net\\\/portal\\\/?s={search_term_string}\"},\"query-input\":{\"@type\":\"PropertyValueSpecification\",\"valueRequired\":true,\"valueName\":\"search_term_string\"}}],\"inLanguage\":\"es\"},{\"@type\":\"Organization\",\"@id\":\"https:\\\/\\\/www.eldiario.net\\\/portal\\\/#organization\",\"name\":\"El Diario - Decano de la prensa nacional\",\"url\":\"https:\\\/\\\/www.eldiario.net\\\/portal\\\/\",\"logo\":{\"@type\":\"ImageObject\",\"inLanguage\":\"es\",\"@id\":\"https:\\\/\\\/www.eldiario.net\\\/portal\\\/#\\\/schema\\\/logo\\\/image\\\/\",\"url\":\"https:\\\/\\\/www.eldiario.net\\\/portal\\\/wp-content\\\/uploads\\\/2023\\\/07\\\/logo_ED.jpg\",\"contentUrl\":\"https:\\\/\\\/www.eldiario.net\\\/portal\\\/wp-content\\\/uploads\\\/2023\\\/07\\\/logo_ED.jpg\",\"width\":272,\"height\":52,\"caption\":\"El Diario - Decano de la prensa nacional\"},\"image\":{\"@id\":\"https:\\\/\\\/www.eldiario.net\\\/portal\\\/#\\\/schema\\\/logo\\\/image\\\/\"},\"sameAs\":[\"https:\\\/\\\/www.facebook.com\\\/eldiario.bolivia\\\/\",\"https:\\\/\\\/x.com\\\/eldiario_net\"]},{\"@type\":\"Person\",\"@id\":\"https:\\\/\\\/www.eldiario.net\\\/portal\\\/#\\\/schema\\\/person\\\/2c57cf2b7a7ae032e449e4c9b1019eac\",\"name\":\"Jeanette\",\"image\":{\"@type\":\"ImageObject\",\"inLanguage\":\"es\",\"@id\":\"https:\\\/\\\/secure.gravatar.com\\\/avatar\\\/3ea2118a5f7dad2b7138b1187a6b7ee55f160b9968b66013c3a3ef39dd7e5798?s=96&d=mm&r=g\",\"url\":\"https:\\\/\\\/secure.gravatar.com\\\/avatar\\\/3ea2118a5f7dad2b7138b1187a6b7ee55f160b9968b66013c3a3ef39dd7e5798?s=96&d=mm&r=g\",\"contentUrl\":\"https:\\\/\\\/secure.gravatar.com\\\/avatar\\\/3ea2118a5f7dad2b7138b1187a6b7ee55f160b9968b66013c3a3ef39dd7e5798?s=96&d=mm&r=g\",\"caption\":\"Jeanette\"},\"sameAs\":[\"https:\\\/\\\/www.eldiario.net\\\/portal\"],\"url\":\"https:\\\/\\\/www.eldiario.net\\\/portal\\\/author\\\/jeanette\\\/\"}]}<\/script>\n<!-- \/ Yoast SEO plugin. -->","yoast_head_json":{"title":"Polic\u00eda encontr\u00f3 restos de  hombre quemado en Milluni - El Diario - Bolivia","robots":{"index":"index","follow":"follow","max-snippet":"max-snippet:-1","max-image-preview":"max-image-preview:large","max-video-preview":"max-video-preview:-1"},"canonical":"https:\/\/www.eldiario.net\/portal\/2021\/05\/13\/policia-encontro-restos-de-hombre-quemado-en-milluni\/","og_locale":"es_ES","og_type":"article","og_title":"Polic\u00eda encontr\u00f3 restos de  hombre quemado en Milluni - El Diario - Bolivia","og_description":"A denuncia de los comunarios de Milluni, la Fuerza Especial de Lucha Contra el Crimen (FELCC) de El Alto se constituy\u00f3 en este sector, para realizar el levantamiento de restos \u00f3seos, de una persona de sexo masculino. Las investigaciones se\u00f1alan que habr\u00eda sido ofrendado en ritual. En el momento varias son las hip\u00f3tesis que se [&hellip;]","og_url":"https:\/\/www.eldiario.net\/portal\/2021\/05\/13\/policia-encontro-restos-de-hombre-quemado-en-milluni\/","og_site_name":"El Diario - Bolivia","article_publisher":"https:\/\/www.facebook.com\/eldiario.bolivia\/","article_published_time":"2021-05-13T10:49:03+00:00","author":"Jeanette","twitter_card":"summary_large_image","twitter_creator":"@eldiario_net","twitter_site":"@eldiario_net","twitter_misc":{"Escrito por":"Jeanette","Tiempo de lectura":"1 minuto"},"schema":{"@context":"https:\/\/schema.org","@graph":[{"@type":"Article","@id":"https:\/\/www.eldiario.net\/portal\/2021\/05\/13\/policia-encontro-restos-de-hombre-quemado-en-milluni\/#article","isPartOf":{"@id":"https:\/\/www.eldiario.net\/portal\/2021\/05\/13\/policia-encontro-restos-de-hombre-quemado-en-milluni\/"},"author":{"name":"Jeanette","@id":"https:\/\/www.eldiario.net\/portal\/#\/schema\/person\/2c57cf2b7a7ae032e449e4c9b1019eac"},"headline":"Polic\u00eda encontr\u00f3 restos de hombre quemado en Milluni","datePublished":"2021-05-13T10:49:03+00:00","mainEntityOfPage":{"@id":"https:\/\/www.eldiario.net\/portal\/2021\/05\/13\/policia-encontro-restos-de-hombre-quemado-en-milluni\/"},"wordCount":241,"publisher":{"@id":"https:\/\/www.eldiario.net\/portal\/#organization"},"image":{"@id":"https:\/\/www.eldiario.net\/portal\/2021\/05\/13\/policia-encontro-restos-de-hombre-quemado-en-milluni\/#primaryimage"},"thumbnailUrl":"","articleSection":["Nacional"],"inLanguage":"es"},{"@type":"WebPage","@id":"https:\/\/www.eldiario.net\/portal\/2021\/05\/13\/policia-encontro-restos-de-hombre-quemado-en-milluni\/","url":"https:\/\/www.eldiario.net\/portal\/2021\/05\/13\/policia-encontro-restos-de-hombre-quemado-en-milluni\/","name":"Polic\u00eda encontr\u00f3 restos de hombre quemado en Milluni - El Diario - Bolivia","isPartOf":{"@id":"https:\/\/www.eldiario.net\/portal\/#website"},"primaryImageOfPage":{"@id":"https:\/\/www.eldiario.net\/portal\/2021\/05\/13\/policia-encontro-restos-de-hombre-quemado-en-milluni\/#primaryimage"},"image":{"@id":"https:\/\/www.eldiario.net\/portal\/2021\/05\/13\/policia-encontro-restos-de-hombre-quemado-en-milluni\/#primaryimage"},"thumbnailUrl":"","datePublished":"2021-05-13T10:49:03+00:00","breadcrumb":{"@id":"https:\/\/www.eldiario.net\/portal\/2021\/05\/13\/policia-encontro-restos-de-hombre-quemado-en-milluni\/#breadcrumb"},"inLanguage":"es","potentialAction":[{"@type":"ReadAction","target":["https:\/\/www.eldiario.net\/portal\/2021\/05\/13\/policia-encontro-restos-de-hombre-quemado-en-milluni\/"]}]},{"@type":"ImageObject","inLanguage":"es","@id":"https:\/\/www.eldiario.net\/portal\/2021\/05\/13\/policia-encontro-restos-de-hombre-quemado-en-milluni\/#primaryimage","url":"","contentUrl":""},{"@type":"BreadcrumbList","@id":"https:\/\/www.eldiario.net\/portal\/2021\/05\/13\/policia-encontro-restos-de-hombre-quemado-en-milluni\/#breadcrumb","itemListElement":[{"@type":"ListItem","position":1,"name":"Portada","item":"https:\/\/www.eldiario.net\/portal\/"},{"@type":"ListItem","position":2,"name":"Polic\u00eda encontr\u00f3 restos de hombre quemado en Milluni"}]},{"@type":"WebSite","@id":"https:\/\/www.eldiario.net\/portal\/#website","url":"https:\/\/www.eldiario.net\/portal\/","name":"El Diario - Decano de la prensa nacional","description":"El Diario - Decano de la prensa nacional","publisher":{"@id":"https:\/\/www.eldiario.net\/portal\/#organization"},"potentialAction":[{"@type":"SearchAction","target":{"@type":"EntryPoint","urlTemplate":"https:\/\/www.eldiario.net\/portal\/?s={search_term_string}"},"query-input":{"@type":"PropertyValueSpecification","valueRequired":true,"valueName":"search_term_string"}}],"inLanguage":"es"},{"@type":"Organization","@id":"https:\/\/www.eldiario.net\/portal\/#organization","name":"El Diario - Decano de la prensa nacional","url":"https:\/\/www.eldiario.net\/portal\/","logo":{"@type":"ImageObject","inLanguage":"es","@id":"https:\/\/www.eldiario.net\/portal\/#\/schema\/logo\/image\/","url":"https:\/\/www.eldiario.net\/portal\/wp-content\/uploads\/2023\/07\/logo_ED.jpg","contentUrl":"https:\/\/www.eldiario.net\/portal\/wp-content\/uploads\/2023\/07\/logo_ED.jpg","width":272,"height":52,"caption":"El Diario - Decano de la prensa nacional"},"image":{"@id":"https:\/\/www.eldiario.net\/portal\/#\/schema\/logo\/image\/"},"sameAs":["https:\/\/www.facebook.com\/eldiario.bolivia\/","https:\/\/x.com\/eldiario_net"]},{"@type":"Person","@id":"https:\/\/www.eldiario.net\/portal\/#\/schema\/person\/2c57cf2b7a7ae032e449e4c9b1019eac","name":"Jeanette","image":{"@type":"ImageObject","inLanguage":"es","@id":"https:\/\/secure.gravatar.com\/avatar\/3ea2118a5f7dad2b7138b1187a6b7ee55f160b9968b66013c3a3ef39dd7e5798?s=96&d=mm&r=g","url":"https:\/\/secure.gravatar.com\/avatar\/3ea2118a5f7dad2b7138b1187a6b7ee55f160b9968b66013c3a3ef39dd7e5798?s=96&d=mm&r=g","contentUrl":"https:\/\/secure.gravatar.com\/avatar\/3ea2118a5f7dad2b7138b1187a6b7ee55f160b9968b66013c3a3ef39dd7e5798?s=96&d=mm&r=g","caption":"Jeanette"},"sameAs":["https:\/\/www.eldiario.net\/portal"],"url":"https:\/\/www.eldiario.net\/portal\/author\/jeanette\/"}]}},"_links":{"self":[{"href":"https:\/\/www.eldiario.net\/portal\/wp-json\/wp\/v2\/posts\/3595","targetHints":{"allow":["GET"]}}],"collection":[{"href":"https:\/\/www.eldiario.net\/portal\/wp-json\/wp\/v2\/posts"}],"about":[{"href":"https:\/\/www.eldiario.net\/portal\/wp-json\/wp\/v2\/types\/post"}],"author":[{"embeddable":true,"href":"https:\/\/www.eldiario.net\/portal\/wp-json\/wp\/v2\/users\/1"}],"replies":[{"embeddable":true,"href":"https:\/\/www.eldiario.net\/portal\/wp-json\/wp\/v2\/comments?post=3595"}],"version-history":[{"count":0,"href":"https:\/\/www.eldiario.net\/portal\/wp-json\/wp\/v2\/posts\/3595\/revisions"}],"wp:attachment":[{"href":"https:\/\/www.eldiario.net\/portal\/wp-json\/wp\/v2\/media?parent=3595"}],"wp:term":[{"taxonomy":"category","embeddable":true,"href":"https:\/\/www.eldiario.net\/portal\/wp-json\/wp\/v2\/categories?post=3595"},{"taxonomy":"post_tag","embeddable":true,"href":"https:\/\/www.eldiario.net\/portal\/wp-json\/wp\/v2\/tags?post=3595"}],"curies":[{"name":"wp","href":"https:\/\/api.w.org\/{rel}","templated":true}]}}