{"id":359310,"date":"2026-01-12T14:14:45","date_gmt":"2026-01-12T18:14:45","guid":{"rendered":"https:\/\/www.eldiario.net\/portal\/?p=359310"},"modified":"2026-01-12T14:14:45","modified_gmt":"2026-01-12T18:14:45","slug":"%f0%9d%97%9a%f0%9d%97%bc%f0%9d%97%af%f0%9d%97%b6%f0%9d%97%b2%f0%9d%97%bf%f0%9d%97%bb%f0%9d%97%bc-%f0%9d%97%ae%f0%9d%97%af%f0%9d%97%bf%f0%9d%97%bc%f0%9d%97%b4%f0%9d%97%ae-%f0%9d%97%97%f0%9d%97%a6","status":"publish","type":"post","link":"https:\/\/www.eldiario.net\/portal\/2026\/01\/12\/%f0%9d%97%9a%f0%9d%97%bc%f0%9d%97%af%f0%9d%97%b6%f0%9d%97%b2%f0%9d%97%bf%f0%9d%97%bb%f0%9d%97%bc-%f0%9d%97%ae%f0%9d%97%af%f0%9d%97%bf%f0%9d%97%bc%f0%9d%97%b4%f0%9d%97%ae-%f0%9d%97%97%f0%9d%97%a6\/","title":{"rendered":"\ud835\uddda\ud835\uddfc\ud835\uddef\ud835\uddf6\ud835\uddf2\ud835\uddff\ud835\uddfb\ud835\uddfc \ud835\uddee\ud835\uddef\ud835\uddff\ud835\uddfc\ud835\uddf4\ud835\uddee \ud835\uddd7\ud835\udde6 \ud835\udff1\ud835\udff1\ud835\udfec\ud835\udfef \ud835\uddfd\ud835\uddf2\ud835\uddff\ud835\uddfc \ud835\uddfa\ud835\uddee\ud835\uddfb\ud835\ude01\ud835\uddf6\ud835\uddf2\ud835\uddfb\ud835\uddf2\ud835\uddfb \ud835\uddfa\ud835\uddf2\ud835\uddf1\ud835\uddf6\ud835\uddf1\ud835\uddee\ud835\ude00 \ud835\uddf2\ud835\uddf0\ud835\uddfc\ud835\uddfb\ud835\uddfc\u0301\ud835\uddfa\ud835\uddf6\ud835\uddf0\ud835\uddee\ud835\ude00"},"content":{"rendered":"<p>Tras la reuni\u00f3n entre el Gobierno y organizaciones sociales en El Alto, se acord\u00f3 abrogar el Decreto Supremo 5503 y reformular uno nuevo, a cambio de que se levanten las medidas de presi\u00f3n. Sin embargo, se acord\u00f3 mantener la eliminaci\u00f3n de la subvenci\u00f3n de combustibles y mantener las medidas econ\u00f3micas anunciadas.<\/p>\n","protected":false},"excerpt":{"rendered":"<p>Tras la reuni\u00f3n entre el Gobierno y organizaciones sociales en El Alto, se acord\u00f3 abrogar el Decreto Supremo 5503 y reformular uno nuevo, a cambio de que se levanten las medidas de presi\u00f3n. Sin embargo, se acord\u00f3 mantener la eliminaci\u00f3n de la subvenci\u00f3n de combustibles y mantener las medidas econ\u00f3micas anunciadas.<\/p>\n","protected":false},"author":7,"featured_media":359311,"comment_status":"closed","ping_status":"open","sticky":false,"template":"","format":"standard","meta":{"_acf_changed":false,"footnotes":""},"categories":[14],"tags":[],"class_list":["post-359310","post","type-post","status-publish","format-standard","has-post-thumbnail","category-politica"],"acf":{"antetitulo":"\ud835\udc79\ud835\udc82\ud835\udc95\ud835\udc8a\ud835\udc87\ud835\udc8a\ud835\udc84\ud835\udc82\ud835\udc8f \ud835\udc86\ud835\udc8d\ud835\udc8a\ud835\udc8e\ud835\udc8a\ud835\udc8f\ud835\udc82\ud835\udc84\ud835\udc8a\ud835\udc90\u0301\ud835\udc8f \ud835\udc85\ud835\udc86 \ud835\udc8d\ud835\udc82 \ud835\udc94\ud835\udc96\ud835\udc83\ud835\udc97\ud835\udc86\ud835\udc8f\ud835\udc84\ud835\udc8a\ud835\udc90\u0301\ud835\udc8f"},"yoast_head":"<!-- This site is optimized with the Yoast SEO plugin v28.3 - https:\/\/yoast.com\/product\/yoast-seo-wordpress\/ -->\n<title>\ud835\uddda\ud835\uddfc\ud835\uddef\ud835\uddf6\ud835\uddf2\ud835\uddff\ud835\uddfb\ud835\uddfc \ud835\uddee\ud835\uddef\ud835\uddff\ud835\uddfc\ud835\uddf4\ud835\uddee \ud835\uddd7\ud835\udde6 \ud835\udff1\ud835\udff1\ud835\udfec\ud835\udfef \ud835\uddfd\ud835\uddf2\ud835\uddff\ud835\uddfc \ud835\uddfa\ud835\uddee\ud835\uddfb\ud835\ude01\ud835\uddf6\ud835\uddf2\ud835\uddfb\ud835\uddf2\ud835\uddfb \ud835\uddfa\ud835\uddf2\ud835\uddf1\ud835\uddf6\ud835\uddf1\ud835\uddee\ud835\ude00 \ud835\uddf2\ud835\uddf0\ud835\uddfc\ud835\uddfb\ud835\uddfc\u0301\ud835\uddfa\ud835\uddf6\ud835\uddf0\ud835\uddee\ud835\ude00 - El Diario - Bolivia<\/title>\n<meta name=\"robots\" content=\"index, follow, max-snippet:-1, max-image-preview:large, max-video-preview:-1\" \/>\n<link rel=\"canonical\" href=\"https:\/\/www.eldiario.net\/portal\/2026\/01\/12\/\ud835\uddda\ud835\uddfc\ud835\uddef\ud835\uddf6\ud835\uddf2\ud835\uddff\ud835\uddfb\ud835\uddfc-\ud835\uddee\ud835\uddef\ud835\uddff\ud835\uddfc\ud835\uddf4\ud835\uddee-\ud835\uddd7\ud835\udde6\/\" \/>\n<meta property=\"og:locale\" content=\"es_ES\" \/>\n<meta property=\"og:type\" content=\"article\" \/>\n<meta property=\"og:title\" content=\"\ud835\uddda\ud835\uddfc\ud835\uddef\ud835\uddf6\ud835\uddf2\ud835\uddff\ud835\uddfb\ud835\uddfc \ud835\uddee\ud835\uddef\ud835\uddff\ud835\uddfc\ud835\uddf4\ud835\uddee \ud835\uddd7\ud835\udde6 \ud835\udff1\ud835\udff1\ud835\udfec\ud835\udfef \ud835\uddfd\ud835\uddf2\ud835\uddff\ud835\uddfc \ud835\uddfa\ud835\uddee\ud835\uddfb\ud835\ude01\ud835\uddf6\ud835\uddf2\ud835\uddfb\ud835\uddf2\ud835\uddfb \ud835\uddfa\ud835\uddf2\ud835\uddf1\ud835\uddf6\ud835\uddf1\ud835\uddee\ud835\ude00 \ud835\uddf2\ud835\uddf0\ud835\uddfc\ud835\uddfb\ud835\uddfc\u0301\ud835\uddfa\ud835\uddf6\ud835\uddf0\ud835\uddee\ud835\ude00 - El Diario - Bolivia\" \/>\n<meta property=\"og:description\" content=\"Tras la reuni\u00f3n entre el Gobierno y organizaciones sociales en El Alto, se acord\u00f3 abrogar el Decreto Supremo 5503 y reformular uno nuevo, a cambio de que se levanten las medidas de presi\u00f3n. Sin embargo, se acord\u00f3 mantener la eliminaci\u00f3n de la subvenci\u00f3n de combustibles y mantener las medidas econ\u00f3micas anunciadas.\" \/>\n<meta property=\"og:url\" content=\"https:\/\/www.eldiario.net\/portal\/2026\/01\/12\/\ud835\uddda\ud835\uddfc\ud835\uddef\ud835\uddf6\ud835\uddf2\ud835\uddff\ud835\uddfb\ud835\uddfc-\ud835\uddee\ud835\uddef\ud835\uddff\ud835\uddfc\ud835\uddf4\ud835\uddee-\ud835\uddd7\ud835\udde6\/\" \/>\n<meta property=\"og:site_name\" content=\"El Diario - Bolivia\" \/>\n<meta property=\"article:publisher\" content=\"https:\/\/www.facebook.com\/eldiario.bolivia\/\" \/>\n<meta property=\"article:published_time\" content=\"2026-01-12T18:14:45+00:00\" \/>\n<meta property=\"og:image\" content=\"https:\/\/www.eldiario.net\/portal\/wp-content\/uploads\/2026\/01\/adelantos-9-copia.webp\" \/>\n\t<meta property=\"og:image:width\" content=\"524\" \/>\n\t<meta property=\"og:image:height\" content=\"524\" \/>\n\t<meta property=\"og:image:type\" content=\"image\/webp\" \/>\n<meta name=\"author\" content=\"Viviana Monrroy\" \/>\n<meta name=\"twitter:card\" content=\"summary_large_image\" \/>\n<meta name=\"twitter:creator\" content=\"@eldiario_net\" \/>\n<meta name=\"twitter:site\" content=\"@eldiario_net\" \/>\n<meta name=\"twitter:label1\" content=\"Escrito por\" \/>\n\t<meta name=\"twitter:data1\" content=\"Viviana Monrroy\" \/>\n\t<meta name=\"twitter:label2\" content=\"Tiempo de lectura\" \/>\n\t<meta name=\"twitter:data2\" content=\"1 minuto\" \/>\n<script type=\"application\/ld+json\" class=\"yoast-schema-graph\">{\"@context\":\"https:\\\/\\\/schema.org\",\"@graph\":[{\"@type\":\"Article\",\"@id\":\"https:\\\/\\\/www.eldiario.net\\\/portal\\\/2026\\\/01\\\/12\\\/%f0%9d%97%9a%f0%9d%97%bc%f0%9d%97%af%f0%9d%97%b6%f0%9d%97%b2%f0%9d%97%bf%f0%9d%97%bb%f0%9d%97%bc-%f0%9d%97%ae%f0%9d%97%af%f0%9d%97%bf%f0%9d%97%bc%f0%9d%97%b4%f0%9d%97%ae-%f0%9d%97%97%f0%9d%97%a6\\\/#article\",\"isPartOf\":{\"@id\":\"https:\\\/\\\/www.eldiario.net\\\/portal\\\/2026\\\/01\\\/12\\\/%f0%9d%97%9a%f0%9d%97%bc%f0%9d%97%af%f0%9d%97%b6%f0%9d%97%b2%f0%9d%97%bf%f0%9d%97%bb%f0%9d%97%bc-%f0%9d%97%ae%f0%9d%97%af%f0%9d%97%bf%f0%9d%97%bc%f0%9d%97%b4%f0%9d%97%ae-%f0%9d%97%97%f0%9d%97%a6\\\/\"},\"author\":{\"name\":\"Viviana Monrroy\",\"@id\":\"https:\\\/\\\/www.eldiario.net\\\/portal\\\/#\\\/schema\\\/person\\\/ba370d92d160f4d3574381f6d9b78fab\"},\"headline\":\"\ud835\uddda\ud835\uddfc\ud835\uddef\ud835\uddf6\ud835\uddf2\ud835\uddff\ud835\uddfb\ud835\uddfc \ud835\uddee\ud835\uddef\ud835\uddff\ud835\uddfc\ud835\uddf4\ud835\uddee \ud835\uddd7\ud835\udde6 \ud835\udff1\ud835\udff1\ud835\udfec\ud835\udfef \ud835\uddfd\ud835\uddf2\ud835\uddff\ud835\uddfc \ud835\uddfa\ud835\uddee\ud835\uddfb\ud835\ude01\ud835\uddf6\ud835\uddf2\ud835\uddfb\ud835\uddf2\ud835\uddfb \ud835\uddfa\ud835\uddf2\ud835\uddf1\ud835\uddf6\ud835\uddf1\ud835\uddee\ud835\ude00 \ud835\uddf2\ud835\uddf0\ud835\uddfc\ud835\uddfb\ud835\uddfc\u0301\ud835\uddfa\ud835\uddf6\ud835\uddf0\ud835\uddee\ud835\ude00\",\"datePublished\":\"2026-01-12T18:14:45+00:00\",\"mainEntityOfPage\":{\"@id\":\"https:\\\/\\\/www.eldiario.net\\\/portal\\\/2026\\\/01\\\/12\\\/%f0%9d%97%9a%f0%9d%97%bc%f0%9d%97%af%f0%9d%97%b6%f0%9d%97%b2%f0%9d%97%bf%f0%9d%97%bb%f0%9d%97%bc-%f0%9d%97%ae%f0%9d%97%af%f0%9d%97%bf%f0%9d%97%bc%f0%9d%97%b4%f0%9d%97%ae-%f0%9d%97%97%f0%9d%97%a6\\\/\"},\"wordCount\":55,\"publisher\":{\"@id\":\"https:\\\/\\\/www.eldiario.net\\\/portal\\\/#organization\"},\"image\":{\"@id\":\"https:\\\/\\\/www.eldiario.net\\\/portal\\\/2026\\\/01\\\/12\\\/%f0%9d%97%9a%f0%9d%97%bc%f0%9d%97%af%f0%9d%97%b6%f0%9d%97%b2%f0%9d%97%bf%f0%9d%97%bb%f0%9d%97%bc-%f0%9d%97%ae%f0%9d%97%af%f0%9d%97%bf%f0%9d%97%bc%f0%9d%97%b4%f0%9d%97%ae-%f0%9d%97%97%f0%9d%97%a6\\\/#primaryimage\"},\"thumbnailUrl\":\"https:\\\/\\\/www.eldiario.net\\\/portal\\\/wp-content\\\/uploads\\\/2026\\\/01\\\/adelantos-9-copia.webp\",\"articleSection\":[\"Pol\u00edtica\"],\"inLanguage\":\"es\"},{\"@type\":\"WebPage\",\"@id\":\"https:\\\/\\\/www.eldiario.net\\\/portal\\\/2026\\\/01\\\/12\\\/%f0%9d%97%9a%f0%9d%97%bc%f0%9d%97%af%f0%9d%97%b6%f0%9d%97%b2%f0%9d%97%bf%f0%9d%97%bb%f0%9d%97%bc-%f0%9d%97%ae%f0%9d%97%af%f0%9d%97%bf%f0%9d%97%bc%f0%9d%97%b4%f0%9d%97%ae-%f0%9d%97%97%f0%9d%97%a6\\\/\",\"url\":\"https:\\\/\\\/www.eldiario.net\\\/portal\\\/2026\\\/01\\\/12\\\/%f0%9d%97%9a%f0%9d%97%bc%f0%9d%97%af%f0%9d%97%b6%f0%9d%97%b2%f0%9d%97%bf%f0%9d%97%bb%f0%9d%97%bc-%f0%9d%97%ae%f0%9d%97%af%f0%9d%97%bf%f0%9d%97%bc%f0%9d%97%b4%f0%9d%97%ae-%f0%9d%97%97%f0%9d%97%a6\\\/\",\"name\":\"\ud835\uddda\ud835\uddfc\ud835\uddef\ud835\uddf6\ud835\uddf2\ud835\uddff\ud835\uddfb\ud835\uddfc \ud835\uddee\ud835\uddef\ud835\uddff\ud835\uddfc\ud835\uddf4\ud835\uddee \ud835\uddd7\ud835\udde6 \ud835\udff1\ud835\udff1\ud835\udfec\ud835\udfef \ud835\uddfd\ud835\uddf2\ud835\uddff\ud835\uddfc \ud835\uddfa\ud835\uddee\ud835\uddfb\ud835\ude01\ud835\uddf6\ud835\uddf2\ud835\uddfb\ud835\uddf2\ud835\uddfb \ud835\uddfa\ud835\uddf2\ud835\uddf1\ud835\uddf6\ud835\uddf1\ud835\uddee\ud835\ude00 \ud835\uddf2\ud835\uddf0\ud835\uddfc\ud835\uddfb\ud835\uddfc\u0301\ud835\uddfa\ud835\uddf6\ud835\uddf0\ud835\uddee\ud835\ude00 - El Diario - Bolivia\",\"isPartOf\":{\"@id\":\"https:\\\/\\\/www.eldiario.net\\\/portal\\\/#website\"},\"primaryImageOfPage\":{\"@id\":\"https:\\\/\\\/www.eldiario.net\\\/portal\\\/2026\\\/01\\\/12\\\/%f0%9d%97%9a%f0%9d%97%bc%f0%9d%97%af%f0%9d%97%b6%f0%9d%97%b2%f0%9d%97%bf%f0%9d%97%bb%f0%9d%97%bc-%f0%9d%97%ae%f0%9d%97%af%f0%9d%97%bf%f0%9d%97%bc%f0%9d%97%b4%f0%9d%97%ae-%f0%9d%97%97%f0%9d%97%a6\\\/#primaryimage\"},\"image\":{\"@id\":\"https:\\\/\\\/www.eldiario.net\\\/portal\\\/2026\\\/01\\\/12\\\/%f0%9d%97%9a%f0%9d%97%bc%f0%9d%97%af%f0%9d%97%b6%f0%9d%97%b2%f0%9d%97%bf%f0%9d%97%bb%f0%9d%97%bc-%f0%9d%97%ae%f0%9d%97%af%f0%9d%97%bf%f0%9d%97%bc%f0%9d%97%b4%f0%9d%97%ae-%f0%9d%97%97%f0%9d%97%a6\\\/#primaryimage\"},\"thumbnailUrl\":\"https:\\\/\\\/www.eldiario.net\\\/portal\\\/wp-content\\\/uploads\\\/2026\\\/01\\\/adelantos-9-copia.webp\",\"datePublished\":\"2026-01-12T18:14:45+00:00\",\"breadcrumb\":{\"@id\":\"https:\\\/\\\/www.eldiario.net\\\/portal\\\/2026\\\/01\\\/12\\\/%f0%9d%97%9a%f0%9d%97%bc%f0%9d%97%af%f0%9d%97%b6%f0%9d%97%b2%f0%9d%97%bf%f0%9d%97%bb%f0%9d%97%bc-%f0%9d%97%ae%f0%9d%97%af%f0%9d%97%bf%f0%9d%97%bc%f0%9d%97%b4%f0%9d%97%ae-%f0%9d%97%97%f0%9d%97%a6\\\/#breadcrumb\"},\"inLanguage\":\"es\",\"potentialAction\":[{\"@type\":\"ReadAction\",\"target\":[\"https:\\\/\\\/www.eldiario.net\\\/portal\\\/2026\\\/01\\\/12\\\/%f0%9d%97%9a%f0%9d%97%bc%f0%9d%97%af%f0%9d%97%b6%f0%9d%97%b2%f0%9d%97%bf%f0%9d%97%bb%f0%9d%97%bc-%f0%9d%97%ae%f0%9d%97%af%f0%9d%97%bf%f0%9d%97%bc%f0%9d%97%b4%f0%9d%97%ae-%f0%9d%97%97%f0%9d%97%a6\\\/\"]}]},{\"@type\":\"ImageObject\",\"inLanguage\":\"es\",\"@id\":\"https:\\\/\\\/www.eldiario.net\\\/portal\\\/2026\\\/01\\\/12\\\/%f0%9d%97%9a%f0%9d%97%bc%f0%9d%97%af%f0%9d%97%b6%f0%9d%97%b2%f0%9d%97%bf%f0%9d%97%bb%f0%9d%97%bc-%f0%9d%97%ae%f0%9d%97%af%f0%9d%97%bf%f0%9d%97%bc%f0%9d%97%b4%f0%9d%97%ae-%f0%9d%97%97%f0%9d%97%a6\\\/#primaryimage\",\"url\":\"https:\\\/\\\/www.eldiario.net\\\/portal\\\/wp-content\\\/uploads\\\/2026\\\/01\\\/adelantos-9-copia.webp\",\"contentUrl\":\"https:\\\/\\\/www.eldiario.net\\\/portal\\\/wp-content\\\/uploads\\\/2026\\\/01\\\/adelantos-9-copia.webp\",\"width\":524,\"height\":524,\"caption\":\"Foto: APG\"},{\"@type\":\"BreadcrumbList\",\"@id\":\"https:\\\/\\\/www.eldiario.net\\\/portal\\\/2026\\\/01\\\/12\\\/%f0%9d%97%9a%f0%9d%97%bc%f0%9d%97%af%f0%9d%97%b6%f0%9d%97%b2%f0%9d%97%bf%f0%9d%97%bb%f0%9d%97%bc-%f0%9d%97%ae%f0%9d%97%af%f0%9d%97%bf%f0%9d%97%bc%f0%9d%97%b4%f0%9d%97%ae-%f0%9d%97%97%f0%9d%97%a6\\\/#breadcrumb\",\"itemListElement\":[{\"@type\":\"ListItem\",\"position\":1,\"name\":\"Portada\",\"item\":\"https:\\\/\\\/www.eldiario.net\\\/portal\\\/\"},{\"@type\":\"ListItem\",\"position\":2,\"name\":\"\ud835\uddda\ud835\uddfc\ud835\uddef\ud835\uddf6\ud835\uddf2\ud835\uddff\ud835\uddfb\ud835\uddfc \ud835\uddee\ud835\uddef\ud835\uddff\ud835\uddfc\ud835\uddf4\ud835\uddee \ud835\uddd7\ud835\udde6 \ud835\udff1\ud835\udff1\ud835\udfec\ud835\udfef \ud835\uddfd\ud835\uddf2\ud835\uddff\ud835\uddfc \ud835\uddfa\ud835\uddee\ud835\uddfb\ud835\ude01\ud835\uddf6\ud835\uddf2\ud835\uddfb\ud835\uddf2\ud835\uddfb \ud835\uddfa\ud835\uddf2\ud835\uddf1\ud835\uddf6\ud835\uddf1\ud835\uddee\ud835\ude00 \ud835\uddf2\ud835\uddf0\ud835\uddfc\ud835\uddfb\ud835\uddfc\u0301\ud835\uddfa\ud835\uddf6\ud835\uddf0\ud835\uddee\ud835\ude00\"}]},{\"@type\":\"WebSite\",\"@id\":\"https:\\\/\\\/www.eldiario.net\\\/portal\\\/#website\",\"url\":\"https:\\\/\\\/www.eldiario.net\\\/portal\\\/\",\"name\":\"El Diario - Decano de la prensa nacional\",\"description\":\"El Diario - Decano de la prensa nacional\",\"publisher\":{\"@id\":\"https:\\\/\\\/www.eldiario.net\\\/portal\\\/#organization\"},\"potentialAction\":[{\"@type\":\"SearchAction\",\"target\":{\"@type\":\"EntryPoint\",\"urlTemplate\":\"https:\\\/\\\/www.eldiario.net\\\/portal\\\/?s={search_term_string}\"},\"query-input\":{\"@type\":\"PropertyValueSpecification\",\"valueRequired\":true,\"valueName\":\"search_term_string\"}}],\"inLanguage\":\"es\"},{\"@type\":\"Organization\",\"@id\":\"https:\\\/\\\/www.eldiario.net\\\/portal\\\/#organization\",\"name\":\"El Diario - Decano de la prensa nacional\",\"url\":\"https:\\\/\\\/www.eldiario.net\\\/portal\\\/\",\"logo\":{\"@type\":\"ImageObject\",\"inLanguage\":\"es\",\"@id\":\"https:\\\/\\\/www.eldiario.net\\\/portal\\\/#\\\/schema\\\/logo\\\/image\\\/\",\"url\":\"https:\\\/\\\/www.eldiario.net\\\/portal\\\/wp-content\\\/uploads\\\/2023\\\/07\\\/logo_ED.jpg\",\"contentUrl\":\"https:\\\/\\\/www.eldiario.net\\\/portal\\\/wp-content\\\/uploads\\\/2023\\\/07\\\/logo_ED.jpg\",\"width\":272,\"height\":52,\"caption\":\"El Diario - Decano de la prensa nacional\"},\"image\":{\"@id\":\"https:\\\/\\\/www.eldiario.net\\\/portal\\\/#\\\/schema\\\/logo\\\/image\\\/\"},\"sameAs\":[\"https:\\\/\\\/www.facebook.com\\\/eldiario.bolivia\\\/\",\"https:\\\/\\\/x.com\\\/eldiario_net\"]},{\"@type\":\"Person\",\"@id\":\"https:\\\/\\\/www.eldiario.net\\\/portal\\\/#\\\/schema\\\/person\\\/ba370d92d160f4d3574381f6d9b78fab\",\"name\":\"Viviana Monrroy\",\"image\":{\"@type\":\"ImageObject\",\"inLanguage\":\"es\",\"@id\":\"https:\\\/\\\/secure.gravatar.com\\\/avatar\\\/dfd1611ed5600959a0e5a9754503b6c05d1dcf190010998e0363aee2ad98afca?s=96&d=mm&r=g\",\"url\":\"https:\\\/\\\/secure.gravatar.com\\\/avatar\\\/dfd1611ed5600959a0e5a9754503b6c05d1dcf190010998e0363aee2ad98afca?s=96&d=mm&r=g\",\"contentUrl\":\"https:\\\/\\\/secure.gravatar.com\\\/avatar\\\/dfd1611ed5600959a0e5a9754503b6c05d1dcf190010998e0363aee2ad98afca?s=96&d=mm&r=g\",\"caption\":\"Viviana Monrroy\"},\"sameAs\":[\"http:\\\/\\\/www.eldiario.net\"],\"url\":\"https:\\\/\\\/www.eldiario.net\\\/portal\\\/author\\\/vivianamonrroy\\\/\"}]}<\/script>\n<!-- \/ Yoast SEO plugin. -->","yoast_head_json":{"title":"\ud835\uddda\ud835\uddfc\ud835\uddef\ud835\uddf6\ud835\uddf2\ud835\uddff\ud835\uddfb\ud835\uddfc \ud835\uddee\ud835\uddef\ud835\uddff\ud835\uddfc\ud835\uddf4\ud835\uddee \ud835\uddd7\ud835\udde6 \ud835\udff1\ud835\udff1\ud835\udfec\ud835\udfef \ud835\uddfd\ud835\uddf2\ud835\uddff\ud835\uddfc \ud835\uddfa\ud835\uddee\ud835\uddfb\ud835\ude01\ud835\uddf6\ud835\uddf2\ud835\uddfb\ud835\uddf2\ud835\uddfb \ud835\uddfa\ud835\uddf2\ud835\uddf1\ud835\uddf6\ud835\uddf1\ud835\uddee\ud835\ude00 \ud835\uddf2\ud835\uddf0\ud835\uddfc\ud835\uddfb\ud835\uddfc\u0301\ud835\uddfa\ud835\uddf6\ud835\uddf0\ud835\uddee\ud835\ude00 - El Diario - Bolivia","robots":{"index":"index","follow":"follow","max-snippet":"max-snippet:-1","max-image-preview":"max-image-preview:large","max-video-preview":"max-video-preview:-1"},"canonical":"https:\/\/www.eldiario.net\/portal\/2026\/01\/12\/\ud835\uddda\ud835\uddfc\ud835\uddef\ud835\uddf6\ud835\uddf2\ud835\uddff\ud835\uddfb\ud835\uddfc-\ud835\uddee\ud835\uddef\ud835\uddff\ud835\uddfc\ud835\uddf4\ud835\uddee-\ud835\uddd7\ud835\udde6\/","og_locale":"es_ES","og_type":"article","og_title":"\ud835\uddda\ud835\uddfc\ud835\uddef\ud835\uddf6\ud835\uddf2\ud835\uddff\ud835\uddfb\ud835\uddfc \ud835\uddee\ud835\uddef\ud835\uddff\ud835\uddfc\ud835\uddf4\ud835\uddee \ud835\uddd7\ud835\udde6 \ud835\udff1\ud835\udff1\ud835\udfec\ud835\udfef \ud835\uddfd\ud835\uddf2\ud835\uddff\ud835\uddfc \ud835\uddfa\ud835\uddee\ud835\uddfb\ud835\ude01\ud835\uddf6\ud835\uddf2\ud835\uddfb\ud835\uddf2\ud835\uddfb \ud835\uddfa\ud835\uddf2\ud835\uddf1\ud835\uddf6\ud835\uddf1\ud835\uddee\ud835\ude00 \ud835\uddf2\ud835\uddf0\ud835\uddfc\ud835\uddfb\ud835\uddfc\u0301\ud835\uddfa\ud835\uddf6\ud835\uddf0\ud835\uddee\ud835\ude00 - El Diario - Bolivia","og_description":"Tras la reuni\u00f3n entre el Gobierno y organizaciones sociales en El Alto, se acord\u00f3 abrogar el Decreto Supremo 5503 y reformular uno nuevo, a cambio de que se levanten las medidas de presi\u00f3n. Sin embargo, se acord\u00f3 mantener la eliminaci\u00f3n de la subvenci\u00f3n de combustibles y mantener las medidas econ\u00f3micas anunciadas.","og_url":"https:\/\/www.eldiario.net\/portal\/2026\/01\/12\/\ud835\uddda\ud835\uddfc\ud835\uddef\ud835\uddf6\ud835\uddf2\ud835\uddff\ud835\uddfb\ud835\uddfc-\ud835\uddee\ud835\uddef\ud835\uddff\ud835\uddfc\ud835\uddf4\ud835\uddee-\ud835\uddd7\ud835\udde6\/","og_site_name":"El Diario - Bolivia","article_publisher":"https:\/\/www.facebook.com\/eldiario.bolivia\/","article_published_time":"2026-01-12T18:14:45+00:00","og_image":[{"width":524,"height":524,"url":"https:\/\/www.eldiario.net\/portal\/wp-content\/uploads\/2026\/01\/adelantos-9-copia.webp","type":"image\/webp"}],"author":"Viviana Monrroy","twitter_card":"summary_large_image","twitter_creator":"@eldiario_net","twitter_site":"@eldiario_net","twitter_misc":{"Escrito por":"Viviana Monrroy","Tiempo de lectura":"1 minuto"},"schema":{"@context":"https:\/\/schema.org","@graph":[{"@type":"Article","@id":"https:\/\/www.eldiario.net\/portal\/2026\/01\/12\/%f0%9d%97%9a%f0%9d%97%bc%f0%9d%97%af%f0%9d%97%b6%f0%9d%97%b2%f0%9d%97%bf%f0%9d%97%bb%f0%9d%97%bc-%f0%9d%97%ae%f0%9d%97%af%f0%9d%97%bf%f0%9d%97%bc%f0%9d%97%b4%f0%9d%97%ae-%f0%9d%97%97%f0%9d%97%a6\/#article","isPartOf":{"@id":"https:\/\/www.eldiario.net\/portal\/2026\/01\/12\/%f0%9d%97%9a%f0%9d%97%bc%f0%9d%97%af%f0%9d%97%b6%f0%9d%97%b2%f0%9d%97%bf%f0%9d%97%bb%f0%9d%97%bc-%f0%9d%97%ae%f0%9d%97%af%f0%9d%97%bf%f0%9d%97%bc%f0%9d%97%b4%f0%9d%97%ae-%f0%9d%97%97%f0%9d%97%a6\/"},"author":{"name":"Viviana Monrroy","@id":"https:\/\/www.eldiario.net\/portal\/#\/schema\/person\/ba370d92d160f4d3574381f6d9b78fab"},"headline":"\ud835\uddda\ud835\uddfc\ud835\uddef\ud835\uddf6\ud835\uddf2\ud835\uddff\ud835\uddfb\ud835\uddfc \ud835\uddee\ud835\uddef\ud835\uddff\ud835\uddfc\ud835\uddf4\ud835\uddee \ud835\uddd7\ud835\udde6 \ud835\udff1\ud835\udff1\ud835\udfec\ud835\udfef \ud835\uddfd\ud835\uddf2\ud835\uddff\ud835\uddfc \ud835\uddfa\ud835\uddee\ud835\uddfb\ud835\ude01\ud835\uddf6\ud835\uddf2\ud835\uddfb\ud835\uddf2\ud835\uddfb \ud835\uddfa\ud835\uddf2\ud835\uddf1\ud835\uddf6\ud835\uddf1\ud835\uddee\ud835\ude00 \ud835\uddf2\ud835\uddf0\ud835\uddfc\ud835\uddfb\ud835\uddfc\u0301\ud835\uddfa\ud835\uddf6\ud835\uddf0\ud835\uddee\ud835\ude00","datePublished":"2026-01-12T18:14:45+00:00","mainEntityOfPage":{"@id":"https:\/\/www.eldiario.net\/portal\/2026\/01\/12\/%f0%9d%97%9a%f0%9d%97%bc%f0%9d%97%af%f0%9d%97%b6%f0%9d%97%b2%f0%9d%97%bf%f0%9d%97%bb%f0%9d%97%bc-%f0%9d%97%ae%f0%9d%97%af%f0%9d%97%bf%f0%9d%97%bc%f0%9d%97%b4%f0%9d%97%ae-%f0%9d%97%97%f0%9d%97%a6\/"},"wordCount":55,"publisher":{"@id":"https:\/\/www.eldiario.net\/portal\/#organization"},"image":{"@id":"https:\/\/www.eldiario.net\/portal\/2026\/01\/12\/%f0%9d%97%9a%f0%9d%97%bc%f0%9d%97%af%f0%9d%97%b6%f0%9d%97%b2%f0%9d%97%bf%f0%9d%97%bb%f0%9d%97%bc-%f0%9d%97%ae%f0%9d%97%af%f0%9d%97%bf%f0%9d%97%bc%f0%9d%97%b4%f0%9d%97%ae-%f0%9d%97%97%f0%9d%97%a6\/#primaryimage"},"thumbnailUrl":"https:\/\/www.eldiario.net\/portal\/wp-content\/uploads\/2026\/01\/adelantos-9-copia.webp","articleSection":["Pol\u00edtica"],"inLanguage":"es"},{"@type":"WebPage","@id":"https:\/\/www.eldiario.net\/portal\/2026\/01\/12\/%f0%9d%97%9a%f0%9d%97%bc%f0%9d%97%af%f0%9d%97%b6%f0%9d%97%b2%f0%9d%97%bf%f0%9d%97%bb%f0%9d%97%bc-%f0%9d%97%ae%f0%9d%97%af%f0%9d%97%bf%f0%9d%97%bc%f0%9d%97%b4%f0%9d%97%ae-%f0%9d%97%97%f0%9d%97%a6\/","url":"https:\/\/www.eldiario.net\/portal\/2026\/01\/12\/%f0%9d%97%9a%f0%9d%97%bc%f0%9d%97%af%f0%9d%97%b6%f0%9d%97%b2%f0%9d%97%bf%f0%9d%97%bb%f0%9d%97%bc-%f0%9d%97%ae%f0%9d%97%af%f0%9d%97%bf%f0%9d%97%bc%f0%9d%97%b4%f0%9d%97%ae-%f0%9d%97%97%f0%9d%97%a6\/","name":"\ud835\uddda\ud835\uddfc\ud835\uddef\ud835\uddf6\ud835\uddf2\ud835\uddff\ud835\uddfb\ud835\uddfc \ud835\uddee\ud835\uddef\ud835\uddff\ud835\uddfc\ud835\uddf4\ud835\uddee \ud835\uddd7\ud835\udde6 \ud835\udff1\ud835\udff1\ud835\udfec\ud835\udfef \ud835\uddfd\ud835\uddf2\ud835\uddff\ud835\uddfc \ud835\uddfa\ud835\uddee\ud835\uddfb\ud835\ude01\ud835\uddf6\ud835\uddf2\ud835\uddfb\ud835\uddf2\ud835\uddfb \ud835\uddfa\ud835\uddf2\ud835\uddf1\ud835\uddf6\ud835\uddf1\ud835\uddee\ud835\ude00 \ud835\uddf2\ud835\uddf0\ud835\uddfc\ud835\uddfb\ud835\uddfc\u0301\ud835\uddfa\ud835\uddf6\ud835\uddf0\ud835\uddee\ud835\ude00 - El Diario - Bolivia","isPartOf":{"@id":"https:\/\/www.eldiario.net\/portal\/#website"},"primaryImageOfPage":{"@id":"https:\/\/www.eldiario.net\/portal\/2026\/01\/12\/%f0%9d%97%9a%f0%9d%97%bc%f0%9d%97%af%f0%9d%97%b6%f0%9d%97%b2%f0%9d%97%bf%f0%9d%97%bb%f0%9d%97%bc-%f0%9d%97%ae%f0%9d%97%af%f0%9d%97%bf%f0%9d%97%bc%f0%9d%97%b4%f0%9d%97%ae-%f0%9d%97%97%f0%9d%97%a6\/#primaryimage"},"image":{"@id":"https:\/\/www.eldiario.net\/portal\/2026\/01\/12\/%f0%9d%97%9a%f0%9d%97%bc%f0%9d%97%af%f0%9d%97%b6%f0%9d%97%b2%f0%9d%97%bf%f0%9d%97%bb%f0%9d%97%bc-%f0%9d%97%ae%f0%9d%97%af%f0%9d%97%bf%f0%9d%97%bc%f0%9d%97%b4%f0%9d%97%ae-%f0%9d%97%97%f0%9d%97%a6\/#primaryimage"},"thumbnailUrl":"https:\/\/www.eldiario.net\/portal\/wp-content\/uploads\/2026\/01\/adelantos-9-copia.webp","datePublished":"2026-01-12T18:14:45+00:00","breadcrumb":{"@id":"https:\/\/www.eldiario.net\/portal\/2026\/01\/12\/%f0%9d%97%9a%f0%9d%97%bc%f0%9d%97%af%f0%9d%97%b6%f0%9d%97%b2%f0%9d%97%bf%f0%9d%97%bb%f0%9d%97%bc-%f0%9d%97%ae%f0%9d%97%af%f0%9d%97%bf%f0%9d%97%bc%f0%9d%97%b4%f0%9d%97%ae-%f0%9d%97%97%f0%9d%97%a6\/#breadcrumb"},"inLanguage":"es","potentialAction":[{"@type":"ReadAction","target":["https:\/\/www.eldiario.net\/portal\/2026\/01\/12\/%f0%9d%97%9a%f0%9d%97%bc%f0%9d%97%af%f0%9d%97%b6%f0%9d%97%b2%f0%9d%97%bf%f0%9d%97%bb%f0%9d%97%bc-%f0%9d%97%ae%f0%9d%97%af%f0%9d%97%bf%f0%9d%97%bc%f0%9d%97%b4%f0%9d%97%ae-%f0%9d%97%97%f0%9d%97%a6\/"]}]},{"@type":"ImageObject","inLanguage":"es","@id":"https:\/\/www.eldiario.net\/portal\/2026\/01\/12\/%f0%9d%97%9a%f0%9d%97%bc%f0%9d%97%af%f0%9d%97%b6%f0%9d%97%b2%f0%9d%97%bf%f0%9d%97%bb%f0%9d%97%bc-%f0%9d%97%ae%f0%9d%97%af%f0%9d%97%bf%f0%9d%97%bc%f0%9d%97%b4%f0%9d%97%ae-%f0%9d%97%97%f0%9d%97%a6\/#primaryimage","url":"https:\/\/www.eldiario.net\/portal\/wp-content\/uploads\/2026\/01\/adelantos-9-copia.webp","contentUrl":"https:\/\/www.eldiario.net\/portal\/wp-content\/uploads\/2026\/01\/adelantos-9-copia.webp","width":524,"height":524,"caption":"Foto: APG"},{"@type":"BreadcrumbList","@id":"https:\/\/www.eldiario.net\/portal\/2026\/01\/12\/%f0%9d%97%9a%f0%9d%97%bc%f0%9d%97%af%f0%9d%97%b6%f0%9d%97%b2%f0%9d%97%bf%f0%9d%97%bb%f0%9d%97%bc-%f0%9d%97%ae%f0%9d%97%af%f0%9d%97%bf%f0%9d%97%bc%f0%9d%97%b4%f0%9d%97%ae-%f0%9d%97%97%f0%9d%97%a6\/#breadcrumb","itemListElement":[{"@type":"ListItem","position":1,"name":"Portada","item":"https:\/\/www.eldiario.net\/portal\/"},{"@type":"ListItem","position":2,"name":"\ud835\uddda\ud835\uddfc\ud835\uddef\ud835\uddf6\ud835\uddf2\ud835\uddff\ud835\uddfb\ud835\uddfc \ud835\uddee\ud835\uddef\ud835\uddff\ud835\uddfc\ud835\uddf4\ud835\uddee \ud835\uddd7\ud835\udde6 \ud835\udff1\ud835\udff1\ud835\udfec\ud835\udfef \ud835\uddfd\ud835\uddf2\ud835\uddff\ud835\uddfc \ud835\uddfa\ud835\uddee\ud835\uddfb\ud835\ude01\ud835\uddf6\ud835\uddf2\ud835\uddfb\ud835\uddf2\ud835\uddfb \ud835\uddfa\ud835\uddf2\ud835\uddf1\ud835\uddf6\ud835\uddf1\ud835\uddee\ud835\ude00 \ud835\uddf2\ud835\uddf0\ud835\uddfc\ud835\uddfb\ud835\uddfc\u0301\ud835\uddfa\ud835\uddf6\ud835\uddf0\ud835\uddee\ud835\ude00"}]},{"@type":"WebSite","@id":"https:\/\/www.eldiario.net\/portal\/#website","url":"https:\/\/www.eldiario.net\/portal\/","name":"El Diario - Decano de la prensa nacional","description":"El Diario - Decano de la prensa nacional","publisher":{"@id":"https:\/\/www.eldiario.net\/portal\/#organization"},"potentialAction":[{"@type":"SearchAction","target":{"@type":"EntryPoint","urlTemplate":"https:\/\/www.eldiario.net\/portal\/?s={search_term_string}"},"query-input":{"@type":"PropertyValueSpecification","valueRequired":true,"valueName":"search_term_string"}}],"inLanguage":"es"},{"@type":"Organization","@id":"https:\/\/www.eldiario.net\/portal\/#organization","name":"El Diario - Decano de la prensa nacional","url":"https:\/\/www.eldiario.net\/portal\/","logo":{"@type":"ImageObject","inLanguage":"es","@id":"https:\/\/www.eldiario.net\/portal\/#\/schema\/logo\/image\/","url":"https:\/\/www.eldiario.net\/portal\/wp-content\/uploads\/2023\/07\/logo_ED.jpg","contentUrl":"https:\/\/www.eldiario.net\/portal\/wp-content\/uploads\/2023\/07\/logo_ED.jpg","width":272,"height":52,"caption":"El Diario - Decano de la prensa nacional"},"image":{"@id":"https:\/\/www.eldiario.net\/portal\/#\/schema\/logo\/image\/"},"sameAs":["https:\/\/www.facebook.com\/eldiario.bolivia\/","https:\/\/x.com\/eldiario_net"]},{"@type":"Person","@id":"https:\/\/www.eldiario.net\/portal\/#\/schema\/person\/ba370d92d160f4d3574381f6d9b78fab","name":"Viviana Monrroy","image":{"@type":"ImageObject","inLanguage":"es","@id":"https:\/\/secure.gravatar.com\/avatar\/dfd1611ed5600959a0e5a9754503b6c05d1dcf190010998e0363aee2ad98afca?s=96&d=mm&r=g","url":"https:\/\/secure.gravatar.com\/avatar\/dfd1611ed5600959a0e5a9754503b6c05d1dcf190010998e0363aee2ad98afca?s=96&d=mm&r=g","contentUrl":"https:\/\/secure.gravatar.com\/avatar\/dfd1611ed5600959a0e5a9754503b6c05d1dcf190010998e0363aee2ad98afca?s=96&d=mm&r=g","caption":"Viviana Monrroy"},"sameAs":["http:\/\/www.eldiario.net"],"url":"https:\/\/www.eldiario.net\/portal\/author\/vivianamonrroy\/"}]}},"_links":{"self":[{"href":"https:\/\/www.eldiario.net\/portal\/wp-json\/wp\/v2\/posts\/359310","targetHints":{"allow":["GET"]}}],"collection":[{"href":"https:\/\/www.eldiario.net\/portal\/wp-json\/wp\/v2\/posts"}],"about":[{"href":"https:\/\/www.eldiario.net\/portal\/wp-json\/wp\/v2\/types\/post"}],"author":[{"embeddable":true,"href":"https:\/\/www.eldiario.net\/portal\/wp-json\/wp\/v2\/users\/7"}],"replies":[{"embeddable":true,"href":"https:\/\/www.eldiario.net\/portal\/wp-json\/wp\/v2\/comments?post=359310"}],"version-history":[{"count":1,"href":"https:\/\/www.eldiario.net\/portal\/wp-json\/wp\/v2\/posts\/359310\/revisions"}],"predecessor-version":[{"id":359312,"href":"https:\/\/www.eldiario.net\/portal\/wp-json\/wp\/v2\/posts\/359310\/revisions\/359312"}],"wp:featuredmedia":[{"embeddable":true,"href":"https:\/\/www.eldiario.net\/portal\/wp-json\/wp\/v2\/media\/359311"}],"wp:attachment":[{"href":"https:\/\/www.eldiario.net\/portal\/wp-json\/wp\/v2\/media?parent=359310"}],"wp:term":[{"taxonomy":"category","embeddable":true,"href":"https:\/\/www.eldiario.net\/portal\/wp-json\/wp\/v2\/categories?post=359310"},{"taxonomy":"post_tag","embeddable":true,"href":"https:\/\/www.eldiario.net\/portal\/wp-json\/wp\/v2\/tags?post=359310"}],"curies":[{"name":"wp","href":"https:\/\/api.w.org\/{rel}","templated":true}]}}