{"id":359306,"date":"2026-01-12T14:11:52","date_gmt":"2026-01-12T18:11:52","guid":{"rendered":"https:\/\/www.eldiario.net\/portal\/?p=359306"},"modified":"2026-01-12T14:11:52","modified_gmt":"2026-01-12T18:11:52","slug":"%f0%9d%97%a3%f0%9d%97%b2%f0%9d%97%bf%f0%9d%97%b1%f0%9d%97%b6%f0%9d%97%b1%f0%9d%97%ae%f0%9d%98%80-%f0%9d%97%b2%f0%9d%97%b0%f0%9d%97%bc%f0%9d%97%bb%f0%9d%97%bc%f0%9d%97%ba%f0%9d%97%b6","status":"publish","type":"post","link":"https:\/\/www.eldiario.net\/portal\/2026\/01\/12\/%f0%9d%97%a3%f0%9d%97%b2%f0%9d%97%bf%f0%9d%97%b1%f0%9d%97%b6%f0%9d%97%b1%f0%9d%97%ae%f0%9d%98%80-%f0%9d%97%b2%f0%9d%97%b0%f0%9d%97%bc%f0%9d%97%bb%f0%9d%97%bc%f0%9d%97%ba%f0%9d%97%b6\/","title":{"rendered":"\ud835\udde3\ud835\uddf2\u0301\ud835\uddff\ud835\uddf1\ud835\uddf6\ud835\uddf1\ud835\uddee\ud835\ude00 \ud835\uddf2\ud835\uddf0\ud835\uddfc\ud835\uddfb\ud835\uddfc\u0301\ud835\uddfa\ud835\uddf6\ud835\uddf0\ud835\uddee\ud835\ude00 \ud835\ude00\ud835\uddfc\ud835\uddfb \ud835\uddf0\ud835\ude02\ud835\uddee\ud835\uddfb\ud835\ude01\ud835\uddf6\ud835\uddfc\ud835\ude00\ud835\uddee\ud835\ude00 \ud835\uddfd\ud835\uddfc\ud835\uddff \ud835\uddef\ud835\uddf9\ud835\uddfc\ud835\uddfe\ud835\ude02\ud835\uddf2\ud835\uddfc\ud835\ude00 \ud835\uddf1\ud835\uddf2 \ud835\uddf0\ud835\uddee\ud835\uddfa\ud835\uddf6\ud835\uddfb\ud835\uddfc"},"content":{"rendered":"<p>Tras el fin del bloqueo por instrucciones de la Central Obrera Boliviana (COB), los sectores productivos eval\u00faan las p\u00e9rdidas, pero anuncian que son cuantiosas, as\u00ed como el deterioro de la imagen del pa\u00eds.<\/p>\n","protected":false},"excerpt":{"rendered":"<p>Tras el fin del bloqueo por instrucciones de la Central Obrera Boliviana (COB), los sectores productivos eval\u00faan las p\u00e9rdidas, pero anuncian que son cuantiosas, as\u00ed como el deterioro de la imagen del pa\u00eds.<\/p>\n","protected":false},"author":7,"featured_media":359307,"comment_status":"closed","ping_status":"open","sticky":false,"template":"","format":"standard","meta":{"_acf_changed":false,"footnotes":""},"categories":[7],"tags":[],"class_list":["post-359306","post","type-post","status-publish","format-standard","has-post-thumbnail","category-economia"],"acf":{"antetitulo":""},"yoast_head":"<!-- This site is optimized with the Yoast SEO plugin v28.3 - https:\/\/yoast.com\/product\/yoast-seo-wordpress\/ -->\n<title>\ud835\udde3\ud835\uddf2\u0301\ud835\uddff\ud835\uddf1\ud835\uddf6\ud835\uddf1\ud835\uddee\ud835\ude00 \ud835\uddf2\ud835\uddf0\ud835\uddfc\ud835\uddfb\ud835\uddfc\u0301\ud835\uddfa\ud835\uddf6\ud835\uddf0\ud835\uddee\ud835\ude00 \ud835\ude00\ud835\uddfc\ud835\uddfb \ud835\uddf0\ud835\ude02\ud835\uddee\ud835\uddfb\ud835\ude01\ud835\uddf6\ud835\uddfc\ud835\ude00\ud835\uddee\ud835\ude00 \ud835\uddfd\ud835\uddfc\ud835\uddff \ud835\uddef\ud835\uddf9\ud835\uddfc\ud835\uddfe\ud835\ude02\ud835\uddf2\ud835\uddfc\ud835\ude00 \ud835\uddf1\ud835\uddf2 \ud835\uddf0\ud835\uddee\ud835\uddfa\ud835\uddf6\ud835\uddfb\ud835\uddfc - El Diario - Bolivia<\/title>\n<meta name=\"robots\" content=\"index, follow, max-snippet:-1, max-image-preview:large, max-video-preview:-1\" \/>\n<link rel=\"canonical\" href=\"https:\/\/www.eldiario.net\/portal\/2026\/01\/12\/\ud835\udde3\ud835\uddf2\ud835\uddff\ud835\uddf1\ud835\uddf6\ud835\uddf1\ud835\uddee\ud835\ude00-\ud835\uddf2\ud835\uddf0\ud835\uddfc\ud835\uddfb\ud835\uddfc\ud835\uddfa\ud835\uddf6\/\" \/>\n<meta property=\"og:locale\" content=\"es_ES\" \/>\n<meta property=\"og:type\" content=\"article\" \/>\n<meta property=\"og:title\" content=\"\ud835\udde3\ud835\uddf2\u0301\ud835\uddff\ud835\uddf1\ud835\uddf6\ud835\uddf1\ud835\uddee\ud835\ude00 \ud835\uddf2\ud835\uddf0\ud835\uddfc\ud835\uddfb\ud835\uddfc\u0301\ud835\uddfa\ud835\uddf6\ud835\uddf0\ud835\uddee\ud835\ude00 \ud835\ude00\ud835\uddfc\ud835\uddfb \ud835\uddf0\ud835\ude02\ud835\uddee\ud835\uddfb\ud835\ude01\ud835\uddf6\ud835\uddfc\ud835\ude00\ud835\uddee\ud835\ude00 \ud835\uddfd\ud835\uddfc\ud835\uddff \ud835\uddef\ud835\uddf9\ud835\uddfc\ud835\uddfe\ud835\ude02\ud835\uddf2\ud835\uddfc\ud835\ude00 \ud835\uddf1\ud835\uddf2 \ud835\uddf0\ud835\uddee\ud835\uddfa\ud835\uddf6\ud835\uddfb\ud835\uddfc - El Diario - Bolivia\" \/>\n<meta property=\"og:description\" content=\"Tras el fin del bloqueo por instrucciones de la Central Obrera Boliviana (COB), los sectores productivos eval\u00faan las p\u00e9rdidas, pero anuncian que son cuantiosas, as\u00ed como el deterioro de la imagen del pa\u00eds.\" \/>\n<meta property=\"og:url\" content=\"https:\/\/www.eldiario.net\/portal\/2026\/01\/12\/\ud835\udde3\ud835\uddf2\ud835\uddff\ud835\uddf1\ud835\uddf6\ud835\uddf1\ud835\uddee\ud835\ude00-\ud835\uddf2\ud835\uddf0\ud835\uddfc\ud835\uddfb\ud835\uddfc\ud835\uddfa\ud835\uddf6\/\" \/>\n<meta property=\"og:site_name\" content=\"El Diario - Bolivia\" \/>\n<meta property=\"article:publisher\" content=\"https:\/\/www.facebook.com\/eldiario.bolivia\/\" \/>\n<meta property=\"article:published_time\" content=\"2026-01-12T18:11:52+00:00\" \/>\n<meta property=\"og:image\" content=\"https:\/\/www.eldiario.net\/portal\/wp-content\/uploads\/2026\/01\/adelanto-8-copia-1.webp\" \/>\n\t<meta property=\"og:image:width\" content=\"525\" \/>\n\t<meta property=\"og:image:height\" content=\"521\" \/>\n\t<meta property=\"og:image:type\" content=\"image\/webp\" \/>\n<meta name=\"author\" content=\"Viviana Monrroy\" \/>\n<meta name=\"twitter:card\" content=\"summary_large_image\" \/>\n<meta name=\"twitter:creator\" content=\"@eldiario_net\" \/>\n<meta name=\"twitter:site\" content=\"@eldiario_net\" \/>\n<meta name=\"twitter:label1\" content=\"Escrito por\" \/>\n\t<meta name=\"twitter:data1\" content=\"Viviana Monrroy\" \/>\n\t<meta name=\"twitter:label2\" content=\"Tiempo de lectura\" \/>\n\t<meta name=\"twitter:data2\" content=\"1 minuto\" \/>\n<script type=\"application\/ld+json\" class=\"yoast-schema-graph\">{\"@context\":\"https:\\\/\\\/schema.org\",\"@graph\":[{\"@type\":\"Article\",\"@id\":\"https:\\\/\\\/www.eldiario.net\\\/portal\\\/2026\\\/01\\\/12\\\/%f0%9d%97%a3%f0%9d%97%b2%f0%9d%97%bf%f0%9d%97%b1%f0%9d%97%b6%f0%9d%97%b1%f0%9d%97%ae%f0%9d%98%80-%f0%9d%97%b2%f0%9d%97%b0%f0%9d%97%bc%f0%9d%97%bb%f0%9d%97%bc%f0%9d%97%ba%f0%9d%97%b6\\\/#article\",\"isPartOf\":{\"@id\":\"https:\\\/\\\/www.eldiario.net\\\/portal\\\/2026\\\/01\\\/12\\\/%f0%9d%97%a3%f0%9d%97%b2%f0%9d%97%bf%f0%9d%97%b1%f0%9d%97%b6%f0%9d%97%b1%f0%9d%97%ae%f0%9d%98%80-%f0%9d%97%b2%f0%9d%97%b0%f0%9d%97%bc%f0%9d%97%bb%f0%9d%97%bc%f0%9d%97%ba%f0%9d%97%b6\\\/\"},\"author\":{\"name\":\"Viviana Monrroy\",\"@id\":\"https:\\\/\\\/www.eldiario.net\\\/portal\\\/#\\\/schema\\\/person\\\/ba370d92d160f4d3574381f6d9b78fab\"},\"headline\":\"\ud835\udde3\ud835\uddf2\u0301\ud835\uddff\ud835\uddf1\ud835\uddf6\ud835\uddf1\ud835\uddee\ud835\ude00 \ud835\uddf2\ud835\uddf0\ud835\uddfc\ud835\uddfb\ud835\uddfc\u0301\ud835\uddfa\ud835\uddf6\ud835\uddf0\ud835\uddee\ud835\ude00 \ud835\ude00\ud835\uddfc\ud835\uddfb \ud835\uddf0\ud835\ude02\ud835\uddee\ud835\uddfb\ud835\ude01\ud835\uddf6\ud835\uddfc\ud835\ude00\ud835\uddee\ud835\ude00 \ud835\uddfd\ud835\uddfc\ud835\uddff \ud835\uddef\ud835\uddf9\ud835\uddfc\ud835\uddfe\ud835\ude02\ud835\uddf2\ud835\uddfc\ud835\ude00 \ud835\uddf1\ud835\uddf2 \ud835\uddf0\ud835\uddee\ud835\uddfa\ud835\uddf6\ud835\uddfb\ud835\uddfc\",\"datePublished\":\"2026-01-12T18:11:52+00:00\",\"mainEntityOfPage\":{\"@id\":\"https:\\\/\\\/www.eldiario.net\\\/portal\\\/2026\\\/01\\\/12\\\/%f0%9d%97%a3%f0%9d%97%b2%f0%9d%97%bf%f0%9d%97%b1%f0%9d%97%b6%f0%9d%97%b1%f0%9d%97%ae%f0%9d%98%80-%f0%9d%97%b2%f0%9d%97%b0%f0%9d%97%bc%f0%9d%97%bb%f0%9d%97%bc%f0%9d%97%ba%f0%9d%97%b6\\\/\"},\"wordCount\":36,\"publisher\":{\"@id\":\"https:\\\/\\\/www.eldiario.net\\\/portal\\\/#organization\"},\"image\":{\"@id\":\"https:\\\/\\\/www.eldiario.net\\\/portal\\\/2026\\\/01\\\/12\\\/%f0%9d%97%a3%f0%9d%97%b2%f0%9d%97%bf%f0%9d%97%b1%f0%9d%97%b6%f0%9d%97%b1%f0%9d%97%ae%f0%9d%98%80-%f0%9d%97%b2%f0%9d%97%b0%f0%9d%97%bc%f0%9d%97%bb%f0%9d%97%bc%f0%9d%97%ba%f0%9d%97%b6\\\/#primaryimage\"},\"thumbnailUrl\":\"https:\\\/\\\/www.eldiario.net\\\/portal\\\/wp-content\\\/uploads\\\/2026\\\/01\\\/adelanto-8-copia-1.webp\",\"articleSection\":[\"Econom\u00eda\"],\"inLanguage\":\"es\"},{\"@type\":\"WebPage\",\"@id\":\"https:\\\/\\\/www.eldiario.net\\\/portal\\\/2026\\\/01\\\/12\\\/%f0%9d%97%a3%f0%9d%97%b2%f0%9d%97%bf%f0%9d%97%b1%f0%9d%97%b6%f0%9d%97%b1%f0%9d%97%ae%f0%9d%98%80-%f0%9d%97%b2%f0%9d%97%b0%f0%9d%97%bc%f0%9d%97%bb%f0%9d%97%bc%f0%9d%97%ba%f0%9d%97%b6\\\/\",\"url\":\"https:\\\/\\\/www.eldiario.net\\\/portal\\\/2026\\\/01\\\/12\\\/%f0%9d%97%a3%f0%9d%97%b2%f0%9d%97%bf%f0%9d%97%b1%f0%9d%97%b6%f0%9d%97%b1%f0%9d%97%ae%f0%9d%98%80-%f0%9d%97%b2%f0%9d%97%b0%f0%9d%97%bc%f0%9d%97%bb%f0%9d%97%bc%f0%9d%97%ba%f0%9d%97%b6\\\/\",\"name\":\"\ud835\udde3\ud835\uddf2\u0301\ud835\uddff\ud835\uddf1\ud835\uddf6\ud835\uddf1\ud835\uddee\ud835\ude00 \ud835\uddf2\ud835\uddf0\ud835\uddfc\ud835\uddfb\ud835\uddfc\u0301\ud835\uddfa\ud835\uddf6\ud835\uddf0\ud835\uddee\ud835\ude00 \ud835\ude00\ud835\uddfc\ud835\uddfb \ud835\uddf0\ud835\ude02\ud835\uddee\ud835\uddfb\ud835\ude01\ud835\uddf6\ud835\uddfc\ud835\ude00\ud835\uddee\ud835\ude00 \ud835\uddfd\ud835\uddfc\ud835\uddff \ud835\uddef\ud835\uddf9\ud835\uddfc\ud835\uddfe\ud835\ude02\ud835\uddf2\ud835\uddfc\ud835\ude00 \ud835\uddf1\ud835\uddf2 \ud835\uddf0\ud835\uddee\ud835\uddfa\ud835\uddf6\ud835\uddfb\ud835\uddfc - El Diario - Bolivia\",\"isPartOf\":{\"@id\":\"https:\\\/\\\/www.eldiario.net\\\/portal\\\/#website\"},\"primaryImageOfPage\":{\"@id\":\"https:\\\/\\\/www.eldiario.net\\\/portal\\\/2026\\\/01\\\/12\\\/%f0%9d%97%a3%f0%9d%97%b2%f0%9d%97%bf%f0%9d%97%b1%f0%9d%97%b6%f0%9d%97%b1%f0%9d%97%ae%f0%9d%98%80-%f0%9d%97%b2%f0%9d%97%b0%f0%9d%97%bc%f0%9d%97%bb%f0%9d%97%bc%f0%9d%97%ba%f0%9d%97%b6\\\/#primaryimage\"},\"image\":{\"@id\":\"https:\\\/\\\/www.eldiario.net\\\/portal\\\/2026\\\/01\\\/12\\\/%f0%9d%97%a3%f0%9d%97%b2%f0%9d%97%bf%f0%9d%97%b1%f0%9d%97%b6%f0%9d%97%b1%f0%9d%97%ae%f0%9d%98%80-%f0%9d%97%b2%f0%9d%97%b0%f0%9d%97%bc%f0%9d%97%bb%f0%9d%97%bc%f0%9d%97%ba%f0%9d%97%b6\\\/#primaryimage\"},\"thumbnailUrl\":\"https:\\\/\\\/www.eldiario.net\\\/portal\\\/wp-content\\\/uploads\\\/2026\\\/01\\\/adelanto-8-copia-1.webp\",\"datePublished\":\"2026-01-12T18:11:52+00:00\",\"breadcrumb\":{\"@id\":\"https:\\\/\\\/www.eldiario.net\\\/portal\\\/2026\\\/01\\\/12\\\/%f0%9d%97%a3%f0%9d%97%b2%f0%9d%97%bf%f0%9d%97%b1%f0%9d%97%b6%f0%9d%97%b1%f0%9d%97%ae%f0%9d%98%80-%f0%9d%97%b2%f0%9d%97%b0%f0%9d%97%bc%f0%9d%97%bb%f0%9d%97%bc%f0%9d%97%ba%f0%9d%97%b6\\\/#breadcrumb\"},\"inLanguage\":\"es\",\"potentialAction\":[{\"@type\":\"ReadAction\",\"target\":[\"https:\\\/\\\/www.eldiario.net\\\/portal\\\/2026\\\/01\\\/12\\\/%f0%9d%97%a3%f0%9d%97%b2%f0%9d%97%bf%f0%9d%97%b1%f0%9d%97%b6%f0%9d%97%b1%f0%9d%97%ae%f0%9d%98%80-%f0%9d%97%b2%f0%9d%97%b0%f0%9d%97%bc%f0%9d%97%bb%f0%9d%97%bc%f0%9d%97%ba%f0%9d%97%b6\\\/\"]}]},{\"@type\":\"ImageObject\",\"inLanguage\":\"es\",\"@id\":\"https:\\\/\\\/www.eldiario.net\\\/portal\\\/2026\\\/01\\\/12\\\/%f0%9d%97%a3%f0%9d%97%b2%f0%9d%97%bf%f0%9d%97%b1%f0%9d%97%b6%f0%9d%97%b1%f0%9d%97%ae%f0%9d%98%80-%f0%9d%97%b2%f0%9d%97%b0%f0%9d%97%bc%f0%9d%97%bb%f0%9d%97%bc%f0%9d%97%ba%f0%9d%97%b6\\\/#primaryimage\",\"url\":\"https:\\\/\\\/www.eldiario.net\\\/portal\\\/wp-content\\\/uploads\\\/2026\\\/01\\\/adelanto-8-copia-1.webp\",\"contentUrl\":\"https:\\\/\\\/www.eldiario.net\\\/portal\\\/wp-content\\\/uploads\\\/2026\\\/01\\\/adelanto-8-copia-1.webp\",\"width\":525,\"height\":521},{\"@type\":\"BreadcrumbList\",\"@id\":\"https:\\\/\\\/www.eldiario.net\\\/portal\\\/2026\\\/01\\\/12\\\/%f0%9d%97%a3%f0%9d%97%b2%f0%9d%97%bf%f0%9d%97%b1%f0%9d%97%b6%f0%9d%97%b1%f0%9d%97%ae%f0%9d%98%80-%f0%9d%97%b2%f0%9d%97%b0%f0%9d%97%bc%f0%9d%97%bb%f0%9d%97%bc%f0%9d%97%ba%f0%9d%97%b6\\\/#breadcrumb\",\"itemListElement\":[{\"@type\":\"ListItem\",\"position\":1,\"name\":\"Portada\",\"item\":\"https:\\\/\\\/www.eldiario.net\\\/portal\\\/\"},{\"@type\":\"ListItem\",\"position\":2,\"name\":\"\ud835\udde3\ud835\uddf2\u0301\ud835\uddff\ud835\uddf1\ud835\uddf6\ud835\uddf1\ud835\uddee\ud835\ude00 \ud835\uddf2\ud835\uddf0\ud835\uddfc\ud835\uddfb\ud835\uddfc\u0301\ud835\uddfa\ud835\uddf6\ud835\uddf0\ud835\uddee\ud835\ude00 \ud835\ude00\ud835\uddfc\ud835\uddfb \ud835\uddf0\ud835\ude02\ud835\uddee\ud835\uddfb\ud835\ude01\ud835\uddf6\ud835\uddfc\ud835\ude00\ud835\uddee\ud835\ude00 \ud835\uddfd\ud835\uddfc\ud835\uddff \ud835\uddef\ud835\uddf9\ud835\uddfc\ud835\uddfe\ud835\ude02\ud835\uddf2\ud835\uddfc\ud835\ude00 \ud835\uddf1\ud835\uddf2 \ud835\uddf0\ud835\uddee\ud835\uddfa\ud835\uddf6\ud835\uddfb\ud835\uddfc\"}]},{\"@type\":\"WebSite\",\"@id\":\"https:\\\/\\\/www.eldiario.net\\\/portal\\\/#website\",\"url\":\"https:\\\/\\\/www.eldiario.net\\\/portal\\\/\",\"name\":\"El Diario - Decano de la prensa nacional\",\"description\":\"El Diario - Decano de la prensa nacional\",\"publisher\":{\"@id\":\"https:\\\/\\\/www.eldiario.net\\\/portal\\\/#organization\"},\"potentialAction\":[{\"@type\":\"SearchAction\",\"target\":{\"@type\":\"EntryPoint\",\"urlTemplate\":\"https:\\\/\\\/www.eldiario.net\\\/portal\\\/?s={search_term_string}\"},\"query-input\":{\"@type\":\"PropertyValueSpecification\",\"valueRequired\":true,\"valueName\":\"search_term_string\"}}],\"inLanguage\":\"es\"},{\"@type\":\"Organization\",\"@id\":\"https:\\\/\\\/www.eldiario.net\\\/portal\\\/#organization\",\"name\":\"El Diario - Decano de la prensa nacional\",\"url\":\"https:\\\/\\\/www.eldiario.net\\\/portal\\\/\",\"logo\":{\"@type\":\"ImageObject\",\"inLanguage\":\"es\",\"@id\":\"https:\\\/\\\/www.eldiario.net\\\/portal\\\/#\\\/schema\\\/logo\\\/image\\\/\",\"url\":\"https:\\\/\\\/www.eldiario.net\\\/portal\\\/wp-content\\\/uploads\\\/2023\\\/07\\\/logo_ED.jpg\",\"contentUrl\":\"https:\\\/\\\/www.eldiario.net\\\/portal\\\/wp-content\\\/uploads\\\/2023\\\/07\\\/logo_ED.jpg\",\"width\":272,\"height\":52,\"caption\":\"El Diario - Decano de la prensa nacional\"},\"image\":{\"@id\":\"https:\\\/\\\/www.eldiario.net\\\/portal\\\/#\\\/schema\\\/logo\\\/image\\\/\"},\"sameAs\":[\"https:\\\/\\\/www.facebook.com\\\/eldiario.bolivia\\\/\",\"https:\\\/\\\/x.com\\\/eldiario_net\"]},{\"@type\":\"Person\",\"@id\":\"https:\\\/\\\/www.eldiario.net\\\/portal\\\/#\\\/schema\\\/person\\\/ba370d92d160f4d3574381f6d9b78fab\",\"name\":\"Viviana Monrroy\",\"image\":{\"@type\":\"ImageObject\",\"inLanguage\":\"es\",\"@id\":\"https:\\\/\\\/secure.gravatar.com\\\/avatar\\\/dfd1611ed5600959a0e5a9754503b6c05d1dcf190010998e0363aee2ad98afca?s=96&d=mm&r=g\",\"url\":\"https:\\\/\\\/secure.gravatar.com\\\/avatar\\\/dfd1611ed5600959a0e5a9754503b6c05d1dcf190010998e0363aee2ad98afca?s=96&d=mm&r=g\",\"contentUrl\":\"https:\\\/\\\/secure.gravatar.com\\\/avatar\\\/dfd1611ed5600959a0e5a9754503b6c05d1dcf190010998e0363aee2ad98afca?s=96&d=mm&r=g\",\"caption\":\"Viviana Monrroy\"},\"sameAs\":[\"http:\\\/\\\/www.eldiario.net\"],\"url\":\"https:\\\/\\\/www.eldiario.net\\\/portal\\\/author\\\/vivianamonrroy\\\/\"}]}<\/script>\n<!-- \/ Yoast SEO plugin. -->","yoast_head_json":{"title":"\ud835\udde3\ud835\uddf2\u0301\ud835\uddff\ud835\uddf1\ud835\uddf6\ud835\uddf1\ud835\uddee\ud835\ude00 \ud835\uddf2\ud835\uddf0\ud835\uddfc\ud835\uddfb\ud835\uddfc\u0301\ud835\uddfa\ud835\uddf6\ud835\uddf0\ud835\uddee\ud835\ude00 \ud835\ude00\ud835\uddfc\ud835\uddfb \ud835\uddf0\ud835\ude02\ud835\uddee\ud835\uddfb\ud835\ude01\ud835\uddf6\ud835\uddfc\ud835\ude00\ud835\uddee\ud835\ude00 \ud835\uddfd\ud835\uddfc\ud835\uddff \ud835\uddef\ud835\uddf9\ud835\uddfc\ud835\uddfe\ud835\ude02\ud835\uddf2\ud835\uddfc\ud835\ude00 \ud835\uddf1\ud835\uddf2 \ud835\uddf0\ud835\uddee\ud835\uddfa\ud835\uddf6\ud835\uddfb\ud835\uddfc - El Diario - Bolivia","robots":{"index":"index","follow":"follow","max-snippet":"max-snippet:-1","max-image-preview":"max-image-preview:large","max-video-preview":"max-video-preview:-1"},"canonical":"https:\/\/www.eldiario.net\/portal\/2026\/01\/12\/\ud835\udde3\ud835\uddf2\ud835\uddff\ud835\uddf1\ud835\uddf6\ud835\uddf1\ud835\uddee\ud835\ude00-\ud835\uddf2\ud835\uddf0\ud835\uddfc\ud835\uddfb\ud835\uddfc\ud835\uddfa\ud835\uddf6\/","og_locale":"es_ES","og_type":"article","og_title":"\ud835\udde3\ud835\uddf2\u0301\ud835\uddff\ud835\uddf1\ud835\uddf6\ud835\uddf1\ud835\uddee\ud835\ude00 \ud835\uddf2\ud835\uddf0\ud835\uddfc\ud835\uddfb\ud835\uddfc\u0301\ud835\uddfa\ud835\uddf6\ud835\uddf0\ud835\uddee\ud835\ude00 \ud835\ude00\ud835\uddfc\ud835\uddfb \ud835\uddf0\ud835\ude02\ud835\uddee\ud835\uddfb\ud835\ude01\ud835\uddf6\ud835\uddfc\ud835\ude00\ud835\uddee\ud835\ude00 \ud835\uddfd\ud835\uddfc\ud835\uddff \ud835\uddef\ud835\uddf9\ud835\uddfc\ud835\uddfe\ud835\ude02\ud835\uddf2\ud835\uddfc\ud835\ude00 \ud835\uddf1\ud835\uddf2 \ud835\uddf0\ud835\uddee\ud835\uddfa\ud835\uddf6\ud835\uddfb\ud835\uddfc - El Diario - Bolivia","og_description":"Tras el fin del bloqueo por instrucciones de la Central Obrera Boliviana (COB), los sectores productivos eval\u00faan las p\u00e9rdidas, pero anuncian que son cuantiosas, as\u00ed como el deterioro de la imagen del pa\u00eds.","og_url":"https:\/\/www.eldiario.net\/portal\/2026\/01\/12\/\ud835\udde3\ud835\uddf2\ud835\uddff\ud835\uddf1\ud835\uddf6\ud835\uddf1\ud835\uddee\ud835\ude00-\ud835\uddf2\ud835\uddf0\ud835\uddfc\ud835\uddfb\ud835\uddfc\ud835\uddfa\ud835\uddf6\/","og_site_name":"El Diario - Bolivia","article_publisher":"https:\/\/www.facebook.com\/eldiario.bolivia\/","article_published_time":"2026-01-12T18:11:52+00:00","og_image":[{"width":525,"height":521,"url":"https:\/\/www.eldiario.net\/portal\/wp-content\/uploads\/2026\/01\/adelanto-8-copia-1.webp","type":"image\/webp"}],"author":"Viviana Monrroy","twitter_card":"summary_large_image","twitter_creator":"@eldiario_net","twitter_site":"@eldiario_net","twitter_misc":{"Escrito por":"Viviana Monrroy","Tiempo de lectura":"1 minuto"},"schema":{"@context":"https:\/\/schema.org","@graph":[{"@type":"Article","@id":"https:\/\/www.eldiario.net\/portal\/2026\/01\/12\/%f0%9d%97%a3%f0%9d%97%b2%f0%9d%97%bf%f0%9d%97%b1%f0%9d%97%b6%f0%9d%97%b1%f0%9d%97%ae%f0%9d%98%80-%f0%9d%97%b2%f0%9d%97%b0%f0%9d%97%bc%f0%9d%97%bb%f0%9d%97%bc%f0%9d%97%ba%f0%9d%97%b6\/#article","isPartOf":{"@id":"https:\/\/www.eldiario.net\/portal\/2026\/01\/12\/%f0%9d%97%a3%f0%9d%97%b2%f0%9d%97%bf%f0%9d%97%b1%f0%9d%97%b6%f0%9d%97%b1%f0%9d%97%ae%f0%9d%98%80-%f0%9d%97%b2%f0%9d%97%b0%f0%9d%97%bc%f0%9d%97%bb%f0%9d%97%bc%f0%9d%97%ba%f0%9d%97%b6\/"},"author":{"name":"Viviana Monrroy","@id":"https:\/\/www.eldiario.net\/portal\/#\/schema\/person\/ba370d92d160f4d3574381f6d9b78fab"},"headline":"\ud835\udde3\ud835\uddf2\u0301\ud835\uddff\ud835\uddf1\ud835\uddf6\ud835\uddf1\ud835\uddee\ud835\ude00 \ud835\uddf2\ud835\uddf0\ud835\uddfc\ud835\uddfb\ud835\uddfc\u0301\ud835\uddfa\ud835\uddf6\ud835\uddf0\ud835\uddee\ud835\ude00 \ud835\ude00\ud835\uddfc\ud835\uddfb \ud835\uddf0\ud835\ude02\ud835\uddee\ud835\uddfb\ud835\ude01\ud835\uddf6\ud835\uddfc\ud835\ude00\ud835\uddee\ud835\ude00 \ud835\uddfd\ud835\uddfc\ud835\uddff \ud835\uddef\ud835\uddf9\ud835\uddfc\ud835\uddfe\ud835\ude02\ud835\uddf2\ud835\uddfc\ud835\ude00 \ud835\uddf1\ud835\uddf2 \ud835\uddf0\ud835\uddee\ud835\uddfa\ud835\uddf6\ud835\uddfb\ud835\uddfc","datePublished":"2026-01-12T18:11:52+00:00","mainEntityOfPage":{"@id":"https:\/\/www.eldiario.net\/portal\/2026\/01\/12\/%f0%9d%97%a3%f0%9d%97%b2%f0%9d%97%bf%f0%9d%97%b1%f0%9d%97%b6%f0%9d%97%b1%f0%9d%97%ae%f0%9d%98%80-%f0%9d%97%b2%f0%9d%97%b0%f0%9d%97%bc%f0%9d%97%bb%f0%9d%97%bc%f0%9d%97%ba%f0%9d%97%b6\/"},"wordCount":36,"publisher":{"@id":"https:\/\/www.eldiario.net\/portal\/#organization"},"image":{"@id":"https:\/\/www.eldiario.net\/portal\/2026\/01\/12\/%f0%9d%97%a3%f0%9d%97%b2%f0%9d%97%bf%f0%9d%97%b1%f0%9d%97%b6%f0%9d%97%b1%f0%9d%97%ae%f0%9d%98%80-%f0%9d%97%b2%f0%9d%97%b0%f0%9d%97%bc%f0%9d%97%bb%f0%9d%97%bc%f0%9d%97%ba%f0%9d%97%b6\/#primaryimage"},"thumbnailUrl":"https:\/\/www.eldiario.net\/portal\/wp-content\/uploads\/2026\/01\/adelanto-8-copia-1.webp","articleSection":["Econom\u00eda"],"inLanguage":"es"},{"@type":"WebPage","@id":"https:\/\/www.eldiario.net\/portal\/2026\/01\/12\/%f0%9d%97%a3%f0%9d%97%b2%f0%9d%97%bf%f0%9d%97%b1%f0%9d%97%b6%f0%9d%97%b1%f0%9d%97%ae%f0%9d%98%80-%f0%9d%97%b2%f0%9d%97%b0%f0%9d%97%bc%f0%9d%97%bb%f0%9d%97%bc%f0%9d%97%ba%f0%9d%97%b6\/","url":"https:\/\/www.eldiario.net\/portal\/2026\/01\/12\/%f0%9d%97%a3%f0%9d%97%b2%f0%9d%97%bf%f0%9d%97%b1%f0%9d%97%b6%f0%9d%97%b1%f0%9d%97%ae%f0%9d%98%80-%f0%9d%97%b2%f0%9d%97%b0%f0%9d%97%bc%f0%9d%97%bb%f0%9d%97%bc%f0%9d%97%ba%f0%9d%97%b6\/","name":"\ud835\udde3\ud835\uddf2\u0301\ud835\uddff\ud835\uddf1\ud835\uddf6\ud835\uddf1\ud835\uddee\ud835\ude00 \ud835\uddf2\ud835\uddf0\ud835\uddfc\ud835\uddfb\ud835\uddfc\u0301\ud835\uddfa\ud835\uddf6\ud835\uddf0\ud835\uddee\ud835\ude00 \ud835\ude00\ud835\uddfc\ud835\uddfb \ud835\uddf0\ud835\ude02\ud835\uddee\ud835\uddfb\ud835\ude01\ud835\uddf6\ud835\uddfc\ud835\ude00\ud835\uddee\ud835\ude00 \ud835\uddfd\ud835\uddfc\ud835\uddff \ud835\uddef\ud835\uddf9\ud835\uddfc\ud835\uddfe\ud835\ude02\ud835\uddf2\ud835\uddfc\ud835\ude00 \ud835\uddf1\ud835\uddf2 \ud835\uddf0\ud835\uddee\ud835\uddfa\ud835\uddf6\ud835\uddfb\ud835\uddfc - El Diario - Bolivia","isPartOf":{"@id":"https:\/\/www.eldiario.net\/portal\/#website"},"primaryImageOfPage":{"@id":"https:\/\/www.eldiario.net\/portal\/2026\/01\/12\/%f0%9d%97%a3%f0%9d%97%b2%f0%9d%97%bf%f0%9d%97%b1%f0%9d%97%b6%f0%9d%97%b1%f0%9d%97%ae%f0%9d%98%80-%f0%9d%97%b2%f0%9d%97%b0%f0%9d%97%bc%f0%9d%97%bb%f0%9d%97%bc%f0%9d%97%ba%f0%9d%97%b6\/#primaryimage"},"image":{"@id":"https:\/\/www.eldiario.net\/portal\/2026\/01\/12\/%f0%9d%97%a3%f0%9d%97%b2%f0%9d%97%bf%f0%9d%97%b1%f0%9d%97%b6%f0%9d%97%b1%f0%9d%97%ae%f0%9d%98%80-%f0%9d%97%b2%f0%9d%97%b0%f0%9d%97%bc%f0%9d%97%bb%f0%9d%97%bc%f0%9d%97%ba%f0%9d%97%b6\/#primaryimage"},"thumbnailUrl":"https:\/\/www.eldiario.net\/portal\/wp-content\/uploads\/2026\/01\/adelanto-8-copia-1.webp","datePublished":"2026-01-12T18:11:52+00:00","breadcrumb":{"@id":"https:\/\/www.eldiario.net\/portal\/2026\/01\/12\/%f0%9d%97%a3%f0%9d%97%b2%f0%9d%97%bf%f0%9d%97%b1%f0%9d%97%b6%f0%9d%97%b1%f0%9d%97%ae%f0%9d%98%80-%f0%9d%97%b2%f0%9d%97%b0%f0%9d%97%bc%f0%9d%97%bb%f0%9d%97%bc%f0%9d%97%ba%f0%9d%97%b6\/#breadcrumb"},"inLanguage":"es","potentialAction":[{"@type":"ReadAction","target":["https:\/\/www.eldiario.net\/portal\/2026\/01\/12\/%f0%9d%97%a3%f0%9d%97%b2%f0%9d%97%bf%f0%9d%97%b1%f0%9d%97%b6%f0%9d%97%b1%f0%9d%97%ae%f0%9d%98%80-%f0%9d%97%b2%f0%9d%97%b0%f0%9d%97%bc%f0%9d%97%bb%f0%9d%97%bc%f0%9d%97%ba%f0%9d%97%b6\/"]}]},{"@type":"ImageObject","inLanguage":"es","@id":"https:\/\/www.eldiario.net\/portal\/2026\/01\/12\/%f0%9d%97%a3%f0%9d%97%b2%f0%9d%97%bf%f0%9d%97%b1%f0%9d%97%b6%f0%9d%97%b1%f0%9d%97%ae%f0%9d%98%80-%f0%9d%97%b2%f0%9d%97%b0%f0%9d%97%bc%f0%9d%97%bb%f0%9d%97%bc%f0%9d%97%ba%f0%9d%97%b6\/#primaryimage","url":"https:\/\/www.eldiario.net\/portal\/wp-content\/uploads\/2026\/01\/adelanto-8-copia-1.webp","contentUrl":"https:\/\/www.eldiario.net\/portal\/wp-content\/uploads\/2026\/01\/adelanto-8-copia-1.webp","width":525,"height":521},{"@type":"BreadcrumbList","@id":"https:\/\/www.eldiario.net\/portal\/2026\/01\/12\/%f0%9d%97%a3%f0%9d%97%b2%f0%9d%97%bf%f0%9d%97%b1%f0%9d%97%b6%f0%9d%97%b1%f0%9d%97%ae%f0%9d%98%80-%f0%9d%97%b2%f0%9d%97%b0%f0%9d%97%bc%f0%9d%97%bb%f0%9d%97%bc%f0%9d%97%ba%f0%9d%97%b6\/#breadcrumb","itemListElement":[{"@type":"ListItem","position":1,"name":"Portada","item":"https:\/\/www.eldiario.net\/portal\/"},{"@type":"ListItem","position":2,"name":"\ud835\udde3\ud835\uddf2\u0301\ud835\uddff\ud835\uddf1\ud835\uddf6\ud835\uddf1\ud835\uddee\ud835\ude00 \ud835\uddf2\ud835\uddf0\ud835\uddfc\ud835\uddfb\ud835\uddfc\u0301\ud835\uddfa\ud835\uddf6\ud835\uddf0\ud835\uddee\ud835\ude00 \ud835\ude00\ud835\uddfc\ud835\uddfb \ud835\uddf0\ud835\ude02\ud835\uddee\ud835\uddfb\ud835\ude01\ud835\uddf6\ud835\uddfc\ud835\ude00\ud835\uddee\ud835\ude00 \ud835\uddfd\ud835\uddfc\ud835\uddff \ud835\uddef\ud835\uddf9\ud835\uddfc\ud835\uddfe\ud835\ude02\ud835\uddf2\ud835\uddfc\ud835\ude00 \ud835\uddf1\ud835\uddf2 \ud835\uddf0\ud835\uddee\ud835\uddfa\ud835\uddf6\ud835\uddfb\ud835\uddfc"}]},{"@type":"WebSite","@id":"https:\/\/www.eldiario.net\/portal\/#website","url":"https:\/\/www.eldiario.net\/portal\/","name":"El Diario - Decano de la prensa nacional","description":"El Diario - Decano de la prensa nacional","publisher":{"@id":"https:\/\/www.eldiario.net\/portal\/#organization"},"potentialAction":[{"@type":"SearchAction","target":{"@type":"EntryPoint","urlTemplate":"https:\/\/www.eldiario.net\/portal\/?s={search_term_string}"},"query-input":{"@type":"PropertyValueSpecification","valueRequired":true,"valueName":"search_term_string"}}],"inLanguage":"es"},{"@type":"Organization","@id":"https:\/\/www.eldiario.net\/portal\/#organization","name":"El Diario - Decano de la prensa nacional","url":"https:\/\/www.eldiario.net\/portal\/","logo":{"@type":"ImageObject","inLanguage":"es","@id":"https:\/\/www.eldiario.net\/portal\/#\/schema\/logo\/image\/","url":"https:\/\/www.eldiario.net\/portal\/wp-content\/uploads\/2023\/07\/logo_ED.jpg","contentUrl":"https:\/\/www.eldiario.net\/portal\/wp-content\/uploads\/2023\/07\/logo_ED.jpg","width":272,"height":52,"caption":"El Diario - Decano de la prensa nacional"},"image":{"@id":"https:\/\/www.eldiario.net\/portal\/#\/schema\/logo\/image\/"},"sameAs":["https:\/\/www.facebook.com\/eldiario.bolivia\/","https:\/\/x.com\/eldiario_net"]},{"@type":"Person","@id":"https:\/\/www.eldiario.net\/portal\/#\/schema\/person\/ba370d92d160f4d3574381f6d9b78fab","name":"Viviana Monrroy","image":{"@type":"ImageObject","inLanguage":"es","@id":"https:\/\/secure.gravatar.com\/avatar\/dfd1611ed5600959a0e5a9754503b6c05d1dcf190010998e0363aee2ad98afca?s=96&d=mm&r=g","url":"https:\/\/secure.gravatar.com\/avatar\/dfd1611ed5600959a0e5a9754503b6c05d1dcf190010998e0363aee2ad98afca?s=96&d=mm&r=g","contentUrl":"https:\/\/secure.gravatar.com\/avatar\/dfd1611ed5600959a0e5a9754503b6c05d1dcf190010998e0363aee2ad98afca?s=96&d=mm&r=g","caption":"Viviana Monrroy"},"sameAs":["http:\/\/www.eldiario.net"],"url":"https:\/\/www.eldiario.net\/portal\/author\/vivianamonrroy\/"}]}},"_links":{"self":[{"href":"https:\/\/www.eldiario.net\/portal\/wp-json\/wp\/v2\/posts\/359306","targetHints":{"allow":["GET"]}}],"collection":[{"href":"https:\/\/www.eldiario.net\/portal\/wp-json\/wp\/v2\/posts"}],"about":[{"href":"https:\/\/www.eldiario.net\/portal\/wp-json\/wp\/v2\/types\/post"}],"author":[{"embeddable":true,"href":"https:\/\/www.eldiario.net\/portal\/wp-json\/wp\/v2\/users\/7"}],"replies":[{"embeddable":true,"href":"https:\/\/www.eldiario.net\/portal\/wp-json\/wp\/v2\/comments?post=359306"}],"version-history":[{"count":1,"href":"https:\/\/www.eldiario.net\/portal\/wp-json\/wp\/v2\/posts\/359306\/revisions"}],"predecessor-version":[{"id":359308,"href":"https:\/\/www.eldiario.net\/portal\/wp-json\/wp\/v2\/posts\/359306\/revisions\/359308"}],"wp:featuredmedia":[{"embeddable":true,"href":"https:\/\/www.eldiario.net\/portal\/wp-json\/wp\/v2\/media\/359307"}],"wp:attachment":[{"href":"https:\/\/www.eldiario.net\/portal\/wp-json\/wp\/v2\/media?parent=359306"}],"wp:term":[{"taxonomy":"category","embeddable":true,"href":"https:\/\/www.eldiario.net\/portal\/wp-json\/wp\/v2\/categories?post=359306"},{"taxonomy":"post_tag","embeddable":true,"href":"https:\/\/www.eldiario.net\/portal\/wp-json\/wp\/v2\/tags?post=359306"}],"curies":[{"name":"wp","href":"https:\/\/api.w.org\/{rel}","templated":true}]}}