{"id":3593,"date":"2021-05-13T06:47:57","date_gmt":"2021-05-13T10:47:57","guid":{"rendered":"https:\/\/www.eldiario.net\/portal\/?p=3593"},"modified":"2021-05-13T06:47:57","modified_gmt":"2021-05-13T10:47:57","slug":"edificio-de-10-pisos-debe-ser-demolido-parcialmente","status":"publish","type":"post","link":"https:\/\/www.eldiario.net\/portal\/2021\/05\/13\/edificio-de-10-pisos-debe-ser-demolido-parcialmente\/","title":{"rendered":"Edificio de 10 pisos debe  ser demolido parcialmente"},"content":{"rendered":"<p>En un plazo de 10 d\u00edas debe ser demolido parcialmente el edificio que obstruye las operaciones a\u00e9reas del aeropuerto internacional de El Alto, construcci\u00f3n que no debe ser superior a 14 metros, seg\u00fan las normas establecidas por determinaci\u00f3n judicial.<\/p>\n<p>Seg\u00fan las denuncias efectuadas este edificio caus\u00f3 mucha preocupaci\u00f3n desde la pasada gesti\u00f3n, debido a que hab\u00eda sido construido de manera ilegal, siendo uno de los principales problemas los 10 pisos de altura que tiene, el cual no estaba reglamentada en ese sector de la urbe alte\u00f1a, a causa de que se encuentra cerca de la terminal a\u00e9rea, constituy\u00e9ndose en un peligro para las operaciones de l\u00edneas a\u00e9reas.<\/p>\n<p>Otro de los problemas que surgi\u00f3 fue que esta construcci\u00f3n fue efectuada con una autorizaci\u00f3n ilegal, por parte de algunas autoridades del municipio, tema que todav\u00eda contin\u00faa en investigaci\u00f3n, siendo que son varios los motivos por el cual se ha determinado la demolici\u00f3n en partes de este edificio.<\/p>\n<p>Mediante el Jugado P\u00fablico Civil y Comercial Primero de esa ciudad, dio como veredicto la aprobaci\u00f3n de la demanda de la Direcci\u00f3n General de Aeron\u00e1utica Civil (DGAC), en sentido de la demolici\u00f3n del edificio de forma parcial, lo que pueda dar lugar a la libertad de operaciones a\u00e9reas, demanda interpuesta ante la due\u00f1a de esta infraestructura.<\/p>\n<p>De la misma se aclar\u00f3 que la demolici\u00f3n debe ser parcial hasta llegar a una altura de 14 metros, deber\u00e1 tener efecto de manera indefectible, en un tiempo de 10 d\u00edas calendario, desde el momento de su notificaci\u00f3n a los propietarios del edificio.<\/p>\n<p>\u201cTodo este trabajo se ha realizado en favor de muchas personas y no solamente de aquellos que viven en la Ciudad de El Alto, sino de aquellas que utilizan la terminal a\u00e9rea, donde hasta la fecha exist\u00eda muchos riesgos de operatividad de las empresas a\u00e9reas, pero en coordinaci\u00f3n con la m\u00e1xima autoridad de aeron\u00e1utica civil, el Ministerio de Obras P\u00fablicas, Servicios y Vivienda e instituciones relacionadas en pro del beneficio p\u00fablico, se ha solucionado el tema\u201d, dijo el representante de la DGAC, Julio Beyer.<\/p>\n<p>Se aclar\u00f3 tambi\u00e9n que una vez que se termine los 10 d\u00edas de plazo, se ha determinado efectuar la inspecci\u00f3n correspondiente, para verificar el cumplimiento de los propietarios de este edificio, con la finalidad de que tambi\u00e9n pueda reanudarse las operaciones a\u00e9reas que hasta la fecha estuvieron restringidas, con algunos perjuicios, pero que fue todo por la seguridad de las empresas y los usuarios.<\/p>\n<p>&nbsp;<\/p>\n<p>&nbsp;<\/p>\n<p>&nbsp;<\/p>\n","protected":false},"excerpt":{"rendered":"<p>En un plazo de 10 d\u00edas debe ser demolido parcialmente el edificio que obstruye las operaciones a\u00e9reas del aeropuerto internacional de El Alto, construcci\u00f3n que no debe ser superior a 14 metros, seg\u00fan las normas establecidas por determinaci\u00f3n judicial. Seg\u00fan las denuncias efectuadas este edificio caus\u00f3 mucha preocupaci\u00f3n desde la pasada gesti\u00f3n, debido a que [&hellip;]<\/p>\n","protected":false},"author":1,"featured_media":3590,"comment_status":"closed","ping_status":"closed","sticky":false,"template":"","format":"standard","meta":{"_acf_changed":false,"footnotes":""},"categories":[12],"tags":[],"class_list":["post-3593","post","type-post","status-publish","format-standard","has-post-thumbnail","category-nacional"],"acf":{"antetitulo":""},"yoast_head":"<!-- This site is optimized with the Yoast SEO plugin v28.4 - https:\/\/yoast.com\/product\/yoast-seo-wordpress\/ -->\n<title>Edificio de 10 pisos debe ser demolido parcialmente - El Diario - Bolivia<\/title>\n<meta name=\"robots\" content=\"index, follow, max-snippet:-1, max-image-preview:large, max-video-preview:-1\" \/>\n<link rel=\"canonical\" href=\"https:\/\/www.eldiario.net\/portal\/2021\/05\/13\/edificio-de-10-pisos-debe-ser-demolido-parcialmente\/\" \/>\n<meta property=\"og:locale\" content=\"es_ES\" \/>\n<meta property=\"og:type\" content=\"article\" \/>\n<meta property=\"og:title\" content=\"Edificio de 10 pisos debe ser demolido parcialmente - El Diario - Bolivia\" \/>\n<meta property=\"og:description\" content=\"En un plazo de 10 d\u00edas debe ser demolido parcialmente el edificio que obstruye las operaciones a\u00e9reas del aeropuerto internacional de El Alto, construcci\u00f3n que no debe ser superior a 14 metros, seg\u00fan las normas establecidas por determinaci\u00f3n judicial. Seg\u00fan las denuncias efectuadas este edificio caus\u00f3 mucha preocupaci\u00f3n desde la pasada gesti\u00f3n, debido a que [&hellip;]\" \/>\n<meta property=\"og:url\" content=\"https:\/\/www.eldiario.net\/portal\/2021\/05\/13\/edificio-de-10-pisos-debe-ser-demolido-parcialmente\/\" \/>\n<meta property=\"og:site_name\" content=\"El Diario - Bolivia\" \/>\n<meta property=\"article:publisher\" content=\"https:\/\/www.facebook.com\/eldiario.bolivia\/\" \/>\n<meta property=\"article:published_time\" content=\"2021-05-13T10:47:57+00:00\" \/>\n<meta name=\"author\" content=\"Jeanette\" \/>\n<meta name=\"twitter:card\" content=\"summary_large_image\" \/>\n<meta name=\"twitter:creator\" content=\"@eldiario_net\" \/>\n<meta name=\"twitter:site\" content=\"@eldiario_net\" \/>\n<meta name=\"twitter:label1\" content=\"Escrito por\" \/>\n\t<meta name=\"twitter:data1\" content=\"Jeanette\" \/>\n\t<meta name=\"twitter:label2\" content=\"Tiempo de lectura\" \/>\n\t<meta name=\"twitter:data2\" content=\"2 minutos\" \/>\n<script type=\"application\/ld+json\" class=\"yoast-schema-graph\">{\"@context\":\"https:\\\/\\\/schema.org\",\"@graph\":[{\"@type\":\"Article\",\"@id\":\"https:\\\/\\\/www.eldiario.net\\\/portal\\\/2021\\\/05\\\/13\\\/edificio-de-10-pisos-debe-ser-demolido-parcialmente\\\/#article\",\"isPartOf\":{\"@id\":\"https:\\\/\\\/www.eldiario.net\\\/portal\\\/2021\\\/05\\\/13\\\/edificio-de-10-pisos-debe-ser-demolido-parcialmente\\\/\"},\"author\":{\"name\":\"Jeanette\",\"@id\":\"https:\\\/\\\/www.eldiario.net\\\/portal\\\/#\\\/schema\\\/person\\\/2c57cf2b7a7ae032e449e4c9b1019eac\"},\"headline\":\"Edificio de 10 pisos debe ser demolido parcialmente\",\"datePublished\":\"2021-05-13T10:47:57+00:00\",\"mainEntityOfPage\":{\"@id\":\"https:\\\/\\\/www.eldiario.net\\\/portal\\\/2021\\\/05\\\/13\\\/edificio-de-10-pisos-debe-ser-demolido-parcialmente\\\/\"},\"wordCount\":449,\"publisher\":{\"@id\":\"https:\\\/\\\/www.eldiario.net\\\/portal\\\/#organization\"},\"image\":{\"@id\":\"https:\\\/\\\/www.eldiario.net\\\/portal\\\/2021\\\/05\\\/13\\\/edificio-de-10-pisos-debe-ser-demolido-parcialmente\\\/#primaryimage\"},\"thumbnailUrl\":\"\",\"articleSection\":[\"Nacional\"],\"inLanguage\":\"es\"},{\"@type\":\"WebPage\",\"@id\":\"https:\\\/\\\/www.eldiario.net\\\/portal\\\/2021\\\/05\\\/13\\\/edificio-de-10-pisos-debe-ser-demolido-parcialmente\\\/\",\"url\":\"https:\\\/\\\/www.eldiario.net\\\/portal\\\/2021\\\/05\\\/13\\\/edificio-de-10-pisos-debe-ser-demolido-parcialmente\\\/\",\"name\":\"Edificio de 10 pisos debe ser demolido parcialmente - El Diario - Bolivia\",\"isPartOf\":{\"@id\":\"https:\\\/\\\/www.eldiario.net\\\/portal\\\/#website\"},\"primaryImageOfPage\":{\"@id\":\"https:\\\/\\\/www.eldiario.net\\\/portal\\\/2021\\\/05\\\/13\\\/edificio-de-10-pisos-debe-ser-demolido-parcialmente\\\/#primaryimage\"},\"image\":{\"@id\":\"https:\\\/\\\/www.eldiario.net\\\/portal\\\/2021\\\/05\\\/13\\\/edificio-de-10-pisos-debe-ser-demolido-parcialmente\\\/#primaryimage\"},\"thumbnailUrl\":\"\",\"datePublished\":\"2021-05-13T10:47:57+00:00\",\"breadcrumb\":{\"@id\":\"https:\\\/\\\/www.eldiario.net\\\/portal\\\/2021\\\/05\\\/13\\\/edificio-de-10-pisos-debe-ser-demolido-parcialmente\\\/#breadcrumb\"},\"inLanguage\":\"es\",\"potentialAction\":[{\"@type\":\"ReadAction\",\"target\":[\"https:\\\/\\\/www.eldiario.net\\\/portal\\\/2021\\\/05\\\/13\\\/edificio-de-10-pisos-debe-ser-demolido-parcialmente\\\/\"]}]},{\"@type\":\"ImageObject\",\"inLanguage\":\"es\",\"@id\":\"https:\\\/\\\/www.eldiario.net\\\/portal\\\/2021\\\/05\\\/13\\\/edificio-de-10-pisos-debe-ser-demolido-parcialmente\\\/#primaryimage\",\"url\":\"\",\"contentUrl\":\"\"},{\"@type\":\"BreadcrumbList\",\"@id\":\"https:\\\/\\\/www.eldiario.net\\\/portal\\\/2021\\\/05\\\/13\\\/edificio-de-10-pisos-debe-ser-demolido-parcialmente\\\/#breadcrumb\",\"itemListElement\":[{\"@type\":\"ListItem\",\"position\":1,\"name\":\"Portada\",\"item\":\"https:\\\/\\\/www.eldiario.net\\\/portal\\\/\"},{\"@type\":\"ListItem\",\"position\":2,\"name\":\"Edificio de 10 pisos debe ser demolido parcialmente\"}]},{\"@type\":\"WebSite\",\"@id\":\"https:\\\/\\\/www.eldiario.net\\\/portal\\\/#website\",\"url\":\"https:\\\/\\\/www.eldiario.net\\\/portal\\\/\",\"name\":\"El Diario - Decano de la prensa nacional\",\"description\":\"El Diario - Decano de la prensa nacional\",\"publisher\":{\"@id\":\"https:\\\/\\\/www.eldiario.net\\\/portal\\\/#organization\"},\"potentialAction\":[{\"@type\":\"SearchAction\",\"target\":{\"@type\":\"EntryPoint\",\"urlTemplate\":\"https:\\\/\\\/www.eldiario.net\\\/portal\\\/?s={search_term_string}\"},\"query-input\":{\"@type\":\"PropertyValueSpecification\",\"valueRequired\":true,\"valueName\":\"search_term_string\"}}],\"inLanguage\":\"es\"},{\"@type\":\"Organization\",\"@id\":\"https:\\\/\\\/www.eldiario.net\\\/portal\\\/#organization\",\"name\":\"El Diario - Decano de la prensa nacional\",\"url\":\"https:\\\/\\\/www.eldiario.net\\\/portal\\\/\",\"logo\":{\"@type\":\"ImageObject\",\"inLanguage\":\"es\",\"@id\":\"https:\\\/\\\/www.eldiario.net\\\/portal\\\/#\\\/schema\\\/logo\\\/image\\\/\",\"url\":\"https:\\\/\\\/www.eldiario.net\\\/portal\\\/wp-content\\\/uploads\\\/2023\\\/07\\\/logo_ED.jpg\",\"contentUrl\":\"https:\\\/\\\/www.eldiario.net\\\/portal\\\/wp-content\\\/uploads\\\/2023\\\/07\\\/logo_ED.jpg\",\"width\":272,\"height\":52,\"caption\":\"El Diario - Decano de la prensa nacional\"},\"image\":{\"@id\":\"https:\\\/\\\/www.eldiario.net\\\/portal\\\/#\\\/schema\\\/logo\\\/image\\\/\"},\"sameAs\":[\"https:\\\/\\\/www.facebook.com\\\/eldiario.bolivia\\\/\",\"https:\\\/\\\/x.com\\\/eldiario_net\"]},{\"@type\":\"Person\",\"@id\":\"https:\\\/\\\/www.eldiario.net\\\/portal\\\/#\\\/schema\\\/person\\\/2c57cf2b7a7ae032e449e4c9b1019eac\",\"name\":\"Jeanette\",\"image\":{\"@type\":\"ImageObject\",\"inLanguage\":\"es\",\"@id\":\"https:\\\/\\\/secure.gravatar.com\\\/avatar\\\/3ea2118a5f7dad2b7138b1187a6b7ee55f160b9968b66013c3a3ef39dd7e5798?s=96&d=mm&r=g\",\"url\":\"https:\\\/\\\/secure.gravatar.com\\\/avatar\\\/3ea2118a5f7dad2b7138b1187a6b7ee55f160b9968b66013c3a3ef39dd7e5798?s=96&d=mm&r=g\",\"contentUrl\":\"https:\\\/\\\/secure.gravatar.com\\\/avatar\\\/3ea2118a5f7dad2b7138b1187a6b7ee55f160b9968b66013c3a3ef39dd7e5798?s=96&d=mm&r=g\",\"caption\":\"Jeanette\"},\"sameAs\":[\"https:\\\/\\\/www.eldiario.net\\\/portal\"],\"url\":\"https:\\\/\\\/www.eldiario.net\\\/portal\\\/author\\\/jeanette\\\/\"}]}<\/script>\n<!-- \/ Yoast SEO plugin. -->","yoast_head_json":{"title":"Edificio de 10 pisos debe ser demolido parcialmente - El Diario - Bolivia","robots":{"index":"index","follow":"follow","max-snippet":"max-snippet:-1","max-image-preview":"max-image-preview:large","max-video-preview":"max-video-preview:-1"},"canonical":"https:\/\/www.eldiario.net\/portal\/2021\/05\/13\/edificio-de-10-pisos-debe-ser-demolido-parcialmente\/","og_locale":"es_ES","og_type":"article","og_title":"Edificio de 10 pisos debe ser demolido parcialmente - El Diario - Bolivia","og_description":"En un plazo de 10 d\u00edas debe ser demolido parcialmente el edificio que obstruye las operaciones a\u00e9reas del aeropuerto internacional de El Alto, construcci\u00f3n que no debe ser superior a 14 metros, seg\u00fan las normas establecidas por determinaci\u00f3n judicial. Seg\u00fan las denuncias efectuadas este edificio caus\u00f3 mucha preocupaci\u00f3n desde la pasada gesti\u00f3n, debido a que [&hellip;]","og_url":"https:\/\/www.eldiario.net\/portal\/2021\/05\/13\/edificio-de-10-pisos-debe-ser-demolido-parcialmente\/","og_site_name":"El Diario - Bolivia","article_publisher":"https:\/\/www.facebook.com\/eldiario.bolivia\/","article_published_time":"2021-05-13T10:47:57+00:00","author":"Jeanette","twitter_card":"summary_large_image","twitter_creator":"@eldiario_net","twitter_site":"@eldiario_net","twitter_misc":{"Escrito por":"Jeanette","Tiempo de lectura":"2 minutos"},"schema":{"@context":"https:\/\/schema.org","@graph":[{"@type":"Article","@id":"https:\/\/www.eldiario.net\/portal\/2021\/05\/13\/edificio-de-10-pisos-debe-ser-demolido-parcialmente\/#article","isPartOf":{"@id":"https:\/\/www.eldiario.net\/portal\/2021\/05\/13\/edificio-de-10-pisos-debe-ser-demolido-parcialmente\/"},"author":{"name":"Jeanette","@id":"https:\/\/www.eldiario.net\/portal\/#\/schema\/person\/2c57cf2b7a7ae032e449e4c9b1019eac"},"headline":"Edificio de 10 pisos debe ser demolido parcialmente","datePublished":"2021-05-13T10:47:57+00:00","mainEntityOfPage":{"@id":"https:\/\/www.eldiario.net\/portal\/2021\/05\/13\/edificio-de-10-pisos-debe-ser-demolido-parcialmente\/"},"wordCount":449,"publisher":{"@id":"https:\/\/www.eldiario.net\/portal\/#organization"},"image":{"@id":"https:\/\/www.eldiario.net\/portal\/2021\/05\/13\/edificio-de-10-pisos-debe-ser-demolido-parcialmente\/#primaryimage"},"thumbnailUrl":"","articleSection":["Nacional"],"inLanguage":"es"},{"@type":"WebPage","@id":"https:\/\/www.eldiario.net\/portal\/2021\/05\/13\/edificio-de-10-pisos-debe-ser-demolido-parcialmente\/","url":"https:\/\/www.eldiario.net\/portal\/2021\/05\/13\/edificio-de-10-pisos-debe-ser-demolido-parcialmente\/","name":"Edificio de 10 pisos debe ser demolido parcialmente - El Diario - Bolivia","isPartOf":{"@id":"https:\/\/www.eldiario.net\/portal\/#website"},"primaryImageOfPage":{"@id":"https:\/\/www.eldiario.net\/portal\/2021\/05\/13\/edificio-de-10-pisos-debe-ser-demolido-parcialmente\/#primaryimage"},"image":{"@id":"https:\/\/www.eldiario.net\/portal\/2021\/05\/13\/edificio-de-10-pisos-debe-ser-demolido-parcialmente\/#primaryimage"},"thumbnailUrl":"","datePublished":"2021-05-13T10:47:57+00:00","breadcrumb":{"@id":"https:\/\/www.eldiario.net\/portal\/2021\/05\/13\/edificio-de-10-pisos-debe-ser-demolido-parcialmente\/#breadcrumb"},"inLanguage":"es","potentialAction":[{"@type":"ReadAction","target":["https:\/\/www.eldiario.net\/portal\/2021\/05\/13\/edificio-de-10-pisos-debe-ser-demolido-parcialmente\/"]}]},{"@type":"ImageObject","inLanguage":"es","@id":"https:\/\/www.eldiario.net\/portal\/2021\/05\/13\/edificio-de-10-pisos-debe-ser-demolido-parcialmente\/#primaryimage","url":"","contentUrl":""},{"@type":"BreadcrumbList","@id":"https:\/\/www.eldiario.net\/portal\/2021\/05\/13\/edificio-de-10-pisos-debe-ser-demolido-parcialmente\/#breadcrumb","itemListElement":[{"@type":"ListItem","position":1,"name":"Portada","item":"https:\/\/www.eldiario.net\/portal\/"},{"@type":"ListItem","position":2,"name":"Edificio de 10 pisos debe ser demolido parcialmente"}]},{"@type":"WebSite","@id":"https:\/\/www.eldiario.net\/portal\/#website","url":"https:\/\/www.eldiario.net\/portal\/","name":"El Diario - Decano de la prensa nacional","description":"El Diario - Decano de la prensa nacional","publisher":{"@id":"https:\/\/www.eldiario.net\/portal\/#organization"},"potentialAction":[{"@type":"SearchAction","target":{"@type":"EntryPoint","urlTemplate":"https:\/\/www.eldiario.net\/portal\/?s={search_term_string}"},"query-input":{"@type":"PropertyValueSpecification","valueRequired":true,"valueName":"search_term_string"}}],"inLanguage":"es"},{"@type":"Organization","@id":"https:\/\/www.eldiario.net\/portal\/#organization","name":"El Diario - Decano de la prensa nacional","url":"https:\/\/www.eldiario.net\/portal\/","logo":{"@type":"ImageObject","inLanguage":"es","@id":"https:\/\/www.eldiario.net\/portal\/#\/schema\/logo\/image\/","url":"https:\/\/www.eldiario.net\/portal\/wp-content\/uploads\/2023\/07\/logo_ED.jpg","contentUrl":"https:\/\/www.eldiario.net\/portal\/wp-content\/uploads\/2023\/07\/logo_ED.jpg","width":272,"height":52,"caption":"El Diario - Decano de la prensa nacional"},"image":{"@id":"https:\/\/www.eldiario.net\/portal\/#\/schema\/logo\/image\/"},"sameAs":["https:\/\/www.facebook.com\/eldiario.bolivia\/","https:\/\/x.com\/eldiario_net"]},{"@type":"Person","@id":"https:\/\/www.eldiario.net\/portal\/#\/schema\/person\/2c57cf2b7a7ae032e449e4c9b1019eac","name":"Jeanette","image":{"@type":"ImageObject","inLanguage":"es","@id":"https:\/\/secure.gravatar.com\/avatar\/3ea2118a5f7dad2b7138b1187a6b7ee55f160b9968b66013c3a3ef39dd7e5798?s=96&d=mm&r=g","url":"https:\/\/secure.gravatar.com\/avatar\/3ea2118a5f7dad2b7138b1187a6b7ee55f160b9968b66013c3a3ef39dd7e5798?s=96&d=mm&r=g","contentUrl":"https:\/\/secure.gravatar.com\/avatar\/3ea2118a5f7dad2b7138b1187a6b7ee55f160b9968b66013c3a3ef39dd7e5798?s=96&d=mm&r=g","caption":"Jeanette"},"sameAs":["https:\/\/www.eldiario.net\/portal"],"url":"https:\/\/www.eldiario.net\/portal\/author\/jeanette\/"}]}},"_links":{"self":[{"href":"https:\/\/www.eldiario.net\/portal\/wp-json\/wp\/v2\/posts\/3593","targetHints":{"allow":["GET"]}}],"collection":[{"href":"https:\/\/www.eldiario.net\/portal\/wp-json\/wp\/v2\/posts"}],"about":[{"href":"https:\/\/www.eldiario.net\/portal\/wp-json\/wp\/v2\/types\/post"}],"author":[{"embeddable":true,"href":"https:\/\/www.eldiario.net\/portal\/wp-json\/wp\/v2\/users\/1"}],"replies":[{"embeddable":true,"href":"https:\/\/www.eldiario.net\/portal\/wp-json\/wp\/v2\/comments?post=3593"}],"version-history":[{"count":0,"href":"https:\/\/www.eldiario.net\/portal\/wp-json\/wp\/v2\/posts\/3593\/revisions"}],"wp:attachment":[{"href":"https:\/\/www.eldiario.net\/portal\/wp-json\/wp\/v2\/media?parent=3593"}],"wp:term":[{"taxonomy":"category","embeddable":true,"href":"https:\/\/www.eldiario.net\/portal\/wp-json\/wp\/v2\/categories?post=3593"},{"taxonomy":"post_tag","embeddable":true,"href":"https:\/\/www.eldiario.net\/portal\/wp-json\/wp\/v2\/tags?post=3593"}],"curies":[{"name":"wp","href":"https:\/\/api.w.org\/{rel}","templated":true}]}}