{"id":35853,"date":"2021-10-12T04:30:42","date_gmt":"2021-10-12T08:30:42","guid":{"rendered":"https:\/\/www.eldiario.net\/portal\/?p=35853"},"modified":"2021-10-12T04:30:42","modified_gmt":"2021-10-12T08:30:42","slug":"11-de-octubre-con-paro-nacional-contra-la-cubanizacion-de-bolivia","status":"publish","type":"post","link":"https:\/\/www.eldiario.net\/portal\/2021\/10\/12\/11-de-octubre-con-paro-nacional-contra-la-cubanizacion-de-bolivia\/","title":{"rendered":"11 de octubre con paro nacional contra la cubanizaci\u00f3n de Bolivia"},"content":{"rendered":"<p>El 11 de octubre es el D\u00eda de la Mujer Boliviana, en memoria del nacimiento de Adela Zamudio en 1854, en Cochabamba. Ella estudi\u00f3 hasta 3\u00ba de Primaria (grado hasta el que llegaban las mujeres en esa \u00e9poca), pero no fue obst\u00e1culo para seguir su formaci\u00f3n en literatura, siendo poetisa, escritora, maestra. Utiliz\u00f3 su pluma para luchar contra el machismo y patriarcalismo, lo que refleja su poema <em>Nacer hombre<\/em>: \u201cUna mujer superior en Elecciones no vota y vota el pillo peor, (permitidme que me asombre) Con solo saber firmar puede votar un idiota, porque es hombre\u201d. Estas palabras se\u00f1alan que las mujeres NO pod\u00edan votar. Hoy ella es un referente de lucha por los derechos de las mujeres, que hoy seguimos para lograr la participaci\u00f3n de mujeres en igualdad de condiciones, como establece la Constituci\u00f3n.<\/p>\n<p>La Constituci\u00f3n Pol\u00edtica del Estado reconoce los derechos sociales, econ\u00f3micos y pol\u00edticos de las mujeres, como parte fundamental de la familia y por su importante aporte a la sociedad, con 26 art\u00edculos espec\u00edficos y transversalizados en toda la CPE. Espec\u00edficamente, el Art.15.II define que \u201cTodas las personas, en particular las mujeres, tienen derecho a no sufrir violencia f\u00edsica, sexual o psicol\u00f3gica, tanto en la familia como en la sociedad\u201d. Pero el gobierno de Arce NO CUMPLE este mandato constitucional, pues se observa d\u00eda a d\u00eda que las mujeres siguen sufriendo por violencia y no hay pol\u00edticas de prevenci\u00f3n:<\/p>\n<p>1) Al 27 de septiembre, hay 81 feminicidios y 28 infanticidios, seg\u00fan la Fiscal\u00eda. Una mujer es asesinada cada 3 d\u00edas y 70 menores quedaron en la orfandad, sin protecci\u00f3n, porque el Estado no asume su responsabilidad de proteger a nuestros ni\u00f1os que son el futuro de Bolivia.<\/p>\n<p>2) El DS 17.081 de 2 de octubre de 1979 instruye un d\u00eda completo de asueto para todas las trabajadoras cada 11 de octubre. Sin embargo, el gobierno de Arce a trav\u00e9s del Ministerio de Trabajo advirti\u00f3 el jueves con sancionar a quienes falten a sus fuentes de laborales ese d\u00eda, que coincid\u00eda con el paro convocado por los c\u00edvicos y plataformas de los 9 Departamentos. Dicho ministerio dio el siguiente instructivo: \u201cLa jornada laboral para el d\u00eda lunes 11 de octubre es absolutamente normal. La ausencia en sus puestos laborales ser\u00e1 considerada injustificada y estar\u00e1 sujeto a sanciones econ\u00f3micas que correspondan\u201d, desconociendo el DS 17.081, lo que significa un retroceso en los derechos adquiridos de mujeres que dieron su vida para lograr ese reconocimiento.<\/p>\n<p>3) Mujeres dan a luz en puertas de hospitales porque el personal solicita una ficha antes de dar servicio m\u00e9dico. Una madre ingresa a una de las salas con su beb\u00e9 a\u00fan sujetado por el cord\u00f3n umbilical. Lamentablemente, en el Materno Infantil de Riberalta solo se cuenta con un ginec\u00f3logo para atender todos los servicios. Una mujer en la puerta del Hospital de Sacaba da a luz en la acera y otra mujer peregrin\u00f3 durante 9 horas antes de ser atendida en el parto.<\/p>\n<p>4) El proyecto de Ley 218, en el Art. 17, Sujetos obligados, expresa: \u201cNotarios de fe p\u00fablica, abogados, pastores, curas, mercado de valores, contadores, comerciantes, etc. deben conservar registros y documentos referente a sus actividades por el lapso de 10 a\u00f1os\u201d. Incluye al sector de los gremiales, en un 99% de mujeres, la mayor\u00eda jefas de hogar que se ganan el pan del d\u00eda sin emisi\u00f3n de factura, porque el gobierno es incapaz de generar empleo para hombres y mucho menos para las mujeres, que somos m\u00e1s del 50% de la poblaci\u00f3n en Bolivia.<\/p>\n<p>Las mujeres que fuimos y somos la vanguardia en la lucha por recuperar la democracia y hoy en la reivindicaci\u00f3n del respeto a la Constituci\u00f3n, y los sagrados postulados, saldremos a las calles con nuestros beb\u00e9s, ni\u00f1os y abuelas para exigir al gobierno el cumplimiento de la Constituci\u00f3n, la Democracia y los derechos humanos, que los presos pol\u00edticos se defiendan en libertad, garantizando la presunci\u00f3n de inocencia y el debido proceso. Que el gobierno deje de subordinarse a los mandatos del Adendum del ALBA, aprobados por gobiernos dictatoriales como Nicaragua, Venezuela, Cuba y otros en proceso de cubanizaci\u00f3n, como pretenden hacer con Bolivia. NO permitiremos que nuestros hijos sean vasallos de este r\u00e9gimen autoritario del MAS. \u201cMorir antes que esclavos vivir\u201d.<\/p>\n<p>&nbsp;<\/p>\n<p><em>Ang\u00e9lica Siles Parrado, Abogada, ex Asamble\u00edsta Constituyente.<\/em><\/p>\n","protected":false},"excerpt":{"rendered":"<p>El 11 de octubre es el D\u00eda de la Mujer Boliviana, en memoria del nacimiento de Adela Zamudio en 1854, en Cochabamba. Ella estudi\u00f3 hasta 3\u00ba de Primaria (grado hasta el que llegaban las mujeres en esa \u00e9poca), pero no fue obst\u00e1culo para seguir su formaci\u00f3n en literatura, siendo poetisa, escritora, maestra. Utiliz\u00f3 su pluma [&hellip;]<\/p>\n","protected":false},"author":1,"featured_media":2714,"comment_status":"closed","ping_status":"closed","sticky":false,"template":"","format":"standard","meta":{"_acf_changed":false,"footnotes":""},"categories":[9],"tags":[],"class_list":["post-35853","post","type-post","status-publish","format-standard","has-post-thumbnail","category-opinion"],"acf":{"antetitulo":""},"yoast_head":"<!-- This site is optimized with the Yoast SEO plugin v28.4 - https:\/\/yoast.com\/product\/yoast-seo-wordpress\/ -->\n<title>11 de octubre con paro nacional contra la cubanizaci\u00f3n de Bolivia - El Diario - Bolivia<\/title>\n<meta name=\"robots\" content=\"index, follow, max-snippet:-1, max-image-preview:large, max-video-preview:-1\" \/>\n<link rel=\"canonical\" href=\"https:\/\/www.eldiario.net\/portal\/2021\/10\/12\/11-de-octubre-con-paro-nacional-contra-la-cubanizacion-de-bolivia\/\" \/>\n<meta property=\"og:locale\" content=\"es_ES\" \/>\n<meta property=\"og:type\" content=\"article\" \/>\n<meta property=\"og:title\" content=\"11 de octubre con paro nacional contra la cubanizaci\u00f3n de Bolivia - El Diario - Bolivia\" \/>\n<meta property=\"og:description\" content=\"El 11 de octubre es el D\u00eda de la Mujer Boliviana, en memoria del nacimiento de Adela Zamudio en 1854, en Cochabamba. Ella estudi\u00f3 hasta 3\u00ba de Primaria (grado hasta el que llegaban las mujeres en esa \u00e9poca), pero no fue obst\u00e1culo para seguir su formaci\u00f3n en literatura, siendo poetisa, escritora, maestra. Utiliz\u00f3 su pluma [&hellip;]\" \/>\n<meta property=\"og:url\" content=\"https:\/\/www.eldiario.net\/portal\/2021\/10\/12\/11-de-octubre-con-paro-nacional-contra-la-cubanizacion-de-bolivia\/\" \/>\n<meta property=\"og:site_name\" content=\"El Diario - Bolivia\" \/>\n<meta property=\"article:publisher\" content=\"https:\/\/www.facebook.com\/eldiario.bolivia\/\" \/>\n<meta property=\"article:published_time\" content=\"2021-10-12T08:30:42+00:00\" \/>\n<meta property=\"og:image\" content=\"https:\/\/www.eldiario.net\/portal\/wp-content\/uploads\/2021\/04\/angelica_siles-1.jpg\" \/>\n\t<meta property=\"og:image:width\" content=\"1200\" \/>\n\t<meta property=\"og:image:height\" content=\"628\" \/>\n\t<meta property=\"og:image:type\" content=\"image\/jpeg\" \/>\n<meta name=\"author\" content=\"Jeanette\" \/>\n<meta name=\"twitter:card\" content=\"summary_large_image\" \/>\n<meta name=\"twitter:creator\" content=\"@eldiario_net\" \/>\n<meta name=\"twitter:site\" content=\"@eldiario_net\" \/>\n<meta name=\"twitter:label1\" content=\"Escrito por\" \/>\n\t<meta name=\"twitter:data1\" content=\"Jeanette\" \/>\n\t<meta name=\"twitter:label2\" content=\"Tiempo de lectura\" \/>\n\t<meta name=\"twitter:data2\" content=\"4 minutos\" \/>\n<script type=\"application\/ld+json\" class=\"yoast-schema-graph\">{\"@context\":\"https:\\\/\\\/schema.org\",\"@graph\":[{\"@type\":\"Article\",\"@id\":\"https:\\\/\\\/www.eldiario.net\\\/portal\\\/2021\\\/10\\\/12\\\/11-de-octubre-con-paro-nacional-contra-la-cubanizacion-de-bolivia\\\/#article\",\"isPartOf\":{\"@id\":\"https:\\\/\\\/www.eldiario.net\\\/portal\\\/2021\\\/10\\\/12\\\/11-de-octubre-con-paro-nacional-contra-la-cubanizacion-de-bolivia\\\/\"},\"author\":{\"name\":\"Jeanette\",\"@id\":\"https:\\\/\\\/www.eldiario.net\\\/portal\\\/#\\\/schema\\\/person\\\/2c57cf2b7a7ae032e449e4c9b1019eac\"},\"headline\":\"11 de octubre con paro nacional contra la cubanizaci\u00f3n de Bolivia\",\"datePublished\":\"2021-10-12T08:30:42+00:00\",\"mainEntityOfPage\":{\"@id\":\"https:\\\/\\\/www.eldiario.net\\\/portal\\\/2021\\\/10\\\/12\\\/11-de-octubre-con-paro-nacional-contra-la-cubanizacion-de-bolivia\\\/\"},\"wordCount\":753,\"publisher\":{\"@id\":\"https:\\\/\\\/www.eldiario.net\\\/portal\\\/#organization\"},\"image\":{\"@id\":\"https:\\\/\\\/www.eldiario.net\\\/portal\\\/2021\\\/10\\\/12\\\/11-de-octubre-con-paro-nacional-contra-la-cubanizacion-de-bolivia\\\/#primaryimage\"},\"thumbnailUrl\":\"https:\\\/\\\/www.eldiario.net\\\/portal\\\/wp-content\\\/uploads\\\/2021\\\/04\\\/angelica_siles-1.jpg\",\"articleSection\":[\"Opini\u00f3n\"],\"inLanguage\":\"es\"},{\"@type\":\"WebPage\",\"@id\":\"https:\\\/\\\/www.eldiario.net\\\/portal\\\/2021\\\/10\\\/12\\\/11-de-octubre-con-paro-nacional-contra-la-cubanizacion-de-bolivia\\\/\",\"url\":\"https:\\\/\\\/www.eldiario.net\\\/portal\\\/2021\\\/10\\\/12\\\/11-de-octubre-con-paro-nacional-contra-la-cubanizacion-de-bolivia\\\/\",\"name\":\"11 de octubre con paro nacional contra la cubanizaci\u00f3n de Bolivia - El Diario - Bolivia\",\"isPartOf\":{\"@id\":\"https:\\\/\\\/www.eldiario.net\\\/portal\\\/#website\"},\"primaryImageOfPage\":{\"@id\":\"https:\\\/\\\/www.eldiario.net\\\/portal\\\/2021\\\/10\\\/12\\\/11-de-octubre-con-paro-nacional-contra-la-cubanizacion-de-bolivia\\\/#primaryimage\"},\"image\":{\"@id\":\"https:\\\/\\\/www.eldiario.net\\\/portal\\\/2021\\\/10\\\/12\\\/11-de-octubre-con-paro-nacional-contra-la-cubanizacion-de-bolivia\\\/#primaryimage\"},\"thumbnailUrl\":\"https:\\\/\\\/www.eldiario.net\\\/portal\\\/wp-content\\\/uploads\\\/2021\\\/04\\\/angelica_siles-1.jpg\",\"datePublished\":\"2021-10-12T08:30:42+00:00\",\"breadcrumb\":{\"@id\":\"https:\\\/\\\/www.eldiario.net\\\/portal\\\/2021\\\/10\\\/12\\\/11-de-octubre-con-paro-nacional-contra-la-cubanizacion-de-bolivia\\\/#breadcrumb\"},\"inLanguage\":\"es\",\"potentialAction\":[{\"@type\":\"ReadAction\",\"target\":[\"https:\\\/\\\/www.eldiario.net\\\/portal\\\/2021\\\/10\\\/12\\\/11-de-octubre-con-paro-nacional-contra-la-cubanizacion-de-bolivia\\\/\"]}]},{\"@type\":\"ImageObject\",\"inLanguage\":\"es\",\"@id\":\"https:\\\/\\\/www.eldiario.net\\\/portal\\\/2021\\\/10\\\/12\\\/11-de-octubre-con-paro-nacional-contra-la-cubanizacion-de-bolivia\\\/#primaryimage\",\"url\":\"https:\\\/\\\/www.eldiario.net\\\/portal\\\/wp-content\\\/uploads\\\/2021\\\/04\\\/angelica_siles-1.jpg\",\"contentUrl\":\"https:\\\/\\\/www.eldiario.net\\\/portal\\\/wp-content\\\/uploads\\\/2021\\\/04\\\/angelica_siles-1.jpg\",\"width\":1200,\"height\":628},{\"@type\":\"BreadcrumbList\",\"@id\":\"https:\\\/\\\/www.eldiario.net\\\/portal\\\/2021\\\/10\\\/12\\\/11-de-octubre-con-paro-nacional-contra-la-cubanizacion-de-bolivia\\\/#breadcrumb\",\"itemListElement\":[{\"@type\":\"ListItem\",\"position\":1,\"name\":\"Portada\",\"item\":\"https:\\\/\\\/www.eldiario.net\\\/portal\\\/\"},{\"@type\":\"ListItem\",\"position\":2,\"name\":\"11 de octubre con paro nacional contra la cubanizaci\u00f3n de Bolivia\"}]},{\"@type\":\"WebSite\",\"@id\":\"https:\\\/\\\/www.eldiario.net\\\/portal\\\/#website\",\"url\":\"https:\\\/\\\/www.eldiario.net\\\/portal\\\/\",\"name\":\"El Diario - Decano de la prensa nacional\",\"description\":\"El Diario - Decano de la prensa nacional\",\"publisher\":{\"@id\":\"https:\\\/\\\/www.eldiario.net\\\/portal\\\/#organization\"},\"potentialAction\":[{\"@type\":\"SearchAction\",\"target\":{\"@type\":\"EntryPoint\",\"urlTemplate\":\"https:\\\/\\\/www.eldiario.net\\\/portal\\\/?s={search_term_string}\"},\"query-input\":{\"@type\":\"PropertyValueSpecification\",\"valueRequired\":true,\"valueName\":\"search_term_string\"}}],\"inLanguage\":\"es\"},{\"@type\":\"Organization\",\"@id\":\"https:\\\/\\\/www.eldiario.net\\\/portal\\\/#organization\",\"name\":\"El Diario - Decano de la prensa nacional\",\"url\":\"https:\\\/\\\/www.eldiario.net\\\/portal\\\/\",\"logo\":{\"@type\":\"ImageObject\",\"inLanguage\":\"es\",\"@id\":\"https:\\\/\\\/www.eldiario.net\\\/portal\\\/#\\\/schema\\\/logo\\\/image\\\/\",\"url\":\"https:\\\/\\\/www.eldiario.net\\\/portal\\\/wp-content\\\/uploads\\\/2023\\\/07\\\/logo_ED.jpg\",\"contentUrl\":\"https:\\\/\\\/www.eldiario.net\\\/portal\\\/wp-content\\\/uploads\\\/2023\\\/07\\\/logo_ED.jpg\",\"width\":272,\"height\":52,\"caption\":\"El Diario - Decano de la prensa nacional\"},\"image\":{\"@id\":\"https:\\\/\\\/www.eldiario.net\\\/portal\\\/#\\\/schema\\\/logo\\\/image\\\/\"},\"sameAs\":[\"https:\\\/\\\/www.facebook.com\\\/eldiario.bolivia\\\/\",\"https:\\\/\\\/x.com\\\/eldiario_net\"]},{\"@type\":\"Person\",\"@id\":\"https:\\\/\\\/www.eldiario.net\\\/portal\\\/#\\\/schema\\\/person\\\/2c57cf2b7a7ae032e449e4c9b1019eac\",\"name\":\"Jeanette\",\"image\":{\"@type\":\"ImageObject\",\"inLanguage\":\"es\",\"@id\":\"https:\\\/\\\/secure.gravatar.com\\\/avatar\\\/3ea2118a5f7dad2b7138b1187a6b7ee55f160b9968b66013c3a3ef39dd7e5798?s=96&d=mm&r=g\",\"url\":\"https:\\\/\\\/secure.gravatar.com\\\/avatar\\\/3ea2118a5f7dad2b7138b1187a6b7ee55f160b9968b66013c3a3ef39dd7e5798?s=96&d=mm&r=g\",\"contentUrl\":\"https:\\\/\\\/secure.gravatar.com\\\/avatar\\\/3ea2118a5f7dad2b7138b1187a6b7ee55f160b9968b66013c3a3ef39dd7e5798?s=96&d=mm&r=g\",\"caption\":\"Jeanette\"},\"sameAs\":[\"https:\\\/\\\/www.eldiario.net\\\/portal\"],\"url\":\"https:\\\/\\\/www.eldiario.net\\\/portal\\\/author\\\/jeanette\\\/\"}]}<\/script>\n<!-- \/ Yoast SEO plugin. -->","yoast_head_json":{"title":"11 de octubre con paro nacional contra la cubanizaci\u00f3n de Bolivia - El Diario - Bolivia","robots":{"index":"index","follow":"follow","max-snippet":"max-snippet:-1","max-image-preview":"max-image-preview:large","max-video-preview":"max-video-preview:-1"},"canonical":"https:\/\/www.eldiario.net\/portal\/2021\/10\/12\/11-de-octubre-con-paro-nacional-contra-la-cubanizacion-de-bolivia\/","og_locale":"es_ES","og_type":"article","og_title":"11 de octubre con paro nacional contra la cubanizaci\u00f3n de Bolivia - El Diario - Bolivia","og_description":"El 11 de octubre es el D\u00eda de la Mujer Boliviana, en memoria del nacimiento de Adela Zamudio en 1854, en Cochabamba. Ella estudi\u00f3 hasta 3\u00ba de Primaria (grado hasta el que llegaban las mujeres en esa \u00e9poca), pero no fue obst\u00e1culo para seguir su formaci\u00f3n en literatura, siendo poetisa, escritora, maestra. Utiliz\u00f3 su pluma [&hellip;]","og_url":"https:\/\/www.eldiario.net\/portal\/2021\/10\/12\/11-de-octubre-con-paro-nacional-contra-la-cubanizacion-de-bolivia\/","og_site_name":"El Diario - Bolivia","article_publisher":"https:\/\/www.facebook.com\/eldiario.bolivia\/","article_published_time":"2021-10-12T08:30:42+00:00","og_image":[{"width":1200,"height":628,"url":"https:\/\/www.eldiario.net\/portal\/wp-content\/uploads\/2021\/04\/angelica_siles-1.jpg","type":"image\/jpeg"}],"author":"Jeanette","twitter_card":"summary_large_image","twitter_creator":"@eldiario_net","twitter_site":"@eldiario_net","twitter_misc":{"Escrito por":"Jeanette","Tiempo de lectura":"4 minutos"},"schema":{"@context":"https:\/\/schema.org","@graph":[{"@type":"Article","@id":"https:\/\/www.eldiario.net\/portal\/2021\/10\/12\/11-de-octubre-con-paro-nacional-contra-la-cubanizacion-de-bolivia\/#article","isPartOf":{"@id":"https:\/\/www.eldiario.net\/portal\/2021\/10\/12\/11-de-octubre-con-paro-nacional-contra-la-cubanizacion-de-bolivia\/"},"author":{"name":"Jeanette","@id":"https:\/\/www.eldiario.net\/portal\/#\/schema\/person\/2c57cf2b7a7ae032e449e4c9b1019eac"},"headline":"11 de octubre con paro nacional contra la cubanizaci\u00f3n de Bolivia","datePublished":"2021-10-12T08:30:42+00:00","mainEntityOfPage":{"@id":"https:\/\/www.eldiario.net\/portal\/2021\/10\/12\/11-de-octubre-con-paro-nacional-contra-la-cubanizacion-de-bolivia\/"},"wordCount":753,"publisher":{"@id":"https:\/\/www.eldiario.net\/portal\/#organization"},"image":{"@id":"https:\/\/www.eldiario.net\/portal\/2021\/10\/12\/11-de-octubre-con-paro-nacional-contra-la-cubanizacion-de-bolivia\/#primaryimage"},"thumbnailUrl":"https:\/\/www.eldiario.net\/portal\/wp-content\/uploads\/2021\/04\/angelica_siles-1.jpg","articleSection":["Opini\u00f3n"],"inLanguage":"es"},{"@type":"WebPage","@id":"https:\/\/www.eldiario.net\/portal\/2021\/10\/12\/11-de-octubre-con-paro-nacional-contra-la-cubanizacion-de-bolivia\/","url":"https:\/\/www.eldiario.net\/portal\/2021\/10\/12\/11-de-octubre-con-paro-nacional-contra-la-cubanizacion-de-bolivia\/","name":"11 de octubre con paro nacional contra la cubanizaci\u00f3n de Bolivia - El Diario - Bolivia","isPartOf":{"@id":"https:\/\/www.eldiario.net\/portal\/#website"},"primaryImageOfPage":{"@id":"https:\/\/www.eldiario.net\/portal\/2021\/10\/12\/11-de-octubre-con-paro-nacional-contra-la-cubanizacion-de-bolivia\/#primaryimage"},"image":{"@id":"https:\/\/www.eldiario.net\/portal\/2021\/10\/12\/11-de-octubre-con-paro-nacional-contra-la-cubanizacion-de-bolivia\/#primaryimage"},"thumbnailUrl":"https:\/\/www.eldiario.net\/portal\/wp-content\/uploads\/2021\/04\/angelica_siles-1.jpg","datePublished":"2021-10-12T08:30:42+00:00","breadcrumb":{"@id":"https:\/\/www.eldiario.net\/portal\/2021\/10\/12\/11-de-octubre-con-paro-nacional-contra-la-cubanizacion-de-bolivia\/#breadcrumb"},"inLanguage":"es","potentialAction":[{"@type":"ReadAction","target":["https:\/\/www.eldiario.net\/portal\/2021\/10\/12\/11-de-octubre-con-paro-nacional-contra-la-cubanizacion-de-bolivia\/"]}]},{"@type":"ImageObject","inLanguage":"es","@id":"https:\/\/www.eldiario.net\/portal\/2021\/10\/12\/11-de-octubre-con-paro-nacional-contra-la-cubanizacion-de-bolivia\/#primaryimage","url":"https:\/\/www.eldiario.net\/portal\/wp-content\/uploads\/2021\/04\/angelica_siles-1.jpg","contentUrl":"https:\/\/www.eldiario.net\/portal\/wp-content\/uploads\/2021\/04\/angelica_siles-1.jpg","width":1200,"height":628},{"@type":"BreadcrumbList","@id":"https:\/\/www.eldiario.net\/portal\/2021\/10\/12\/11-de-octubre-con-paro-nacional-contra-la-cubanizacion-de-bolivia\/#breadcrumb","itemListElement":[{"@type":"ListItem","position":1,"name":"Portada","item":"https:\/\/www.eldiario.net\/portal\/"},{"@type":"ListItem","position":2,"name":"11 de octubre con paro nacional contra la cubanizaci\u00f3n de Bolivia"}]},{"@type":"WebSite","@id":"https:\/\/www.eldiario.net\/portal\/#website","url":"https:\/\/www.eldiario.net\/portal\/","name":"El Diario - Decano de la prensa nacional","description":"El Diario - Decano de la prensa nacional","publisher":{"@id":"https:\/\/www.eldiario.net\/portal\/#organization"},"potentialAction":[{"@type":"SearchAction","target":{"@type":"EntryPoint","urlTemplate":"https:\/\/www.eldiario.net\/portal\/?s={search_term_string}"},"query-input":{"@type":"PropertyValueSpecification","valueRequired":true,"valueName":"search_term_string"}}],"inLanguage":"es"},{"@type":"Organization","@id":"https:\/\/www.eldiario.net\/portal\/#organization","name":"El Diario - Decano de la prensa nacional","url":"https:\/\/www.eldiario.net\/portal\/","logo":{"@type":"ImageObject","inLanguage":"es","@id":"https:\/\/www.eldiario.net\/portal\/#\/schema\/logo\/image\/","url":"https:\/\/www.eldiario.net\/portal\/wp-content\/uploads\/2023\/07\/logo_ED.jpg","contentUrl":"https:\/\/www.eldiario.net\/portal\/wp-content\/uploads\/2023\/07\/logo_ED.jpg","width":272,"height":52,"caption":"El Diario - Decano de la prensa nacional"},"image":{"@id":"https:\/\/www.eldiario.net\/portal\/#\/schema\/logo\/image\/"},"sameAs":["https:\/\/www.facebook.com\/eldiario.bolivia\/","https:\/\/x.com\/eldiario_net"]},{"@type":"Person","@id":"https:\/\/www.eldiario.net\/portal\/#\/schema\/person\/2c57cf2b7a7ae032e449e4c9b1019eac","name":"Jeanette","image":{"@type":"ImageObject","inLanguage":"es","@id":"https:\/\/secure.gravatar.com\/avatar\/3ea2118a5f7dad2b7138b1187a6b7ee55f160b9968b66013c3a3ef39dd7e5798?s=96&d=mm&r=g","url":"https:\/\/secure.gravatar.com\/avatar\/3ea2118a5f7dad2b7138b1187a6b7ee55f160b9968b66013c3a3ef39dd7e5798?s=96&d=mm&r=g","contentUrl":"https:\/\/secure.gravatar.com\/avatar\/3ea2118a5f7dad2b7138b1187a6b7ee55f160b9968b66013c3a3ef39dd7e5798?s=96&d=mm&r=g","caption":"Jeanette"},"sameAs":["https:\/\/www.eldiario.net\/portal"],"url":"https:\/\/www.eldiario.net\/portal\/author\/jeanette\/"}]}},"_links":{"self":[{"href":"https:\/\/www.eldiario.net\/portal\/wp-json\/wp\/v2\/posts\/35853","targetHints":{"allow":["GET"]}}],"collection":[{"href":"https:\/\/www.eldiario.net\/portal\/wp-json\/wp\/v2\/posts"}],"about":[{"href":"https:\/\/www.eldiario.net\/portal\/wp-json\/wp\/v2\/types\/post"}],"author":[{"embeddable":true,"href":"https:\/\/www.eldiario.net\/portal\/wp-json\/wp\/v2\/users\/1"}],"replies":[{"embeddable":true,"href":"https:\/\/www.eldiario.net\/portal\/wp-json\/wp\/v2\/comments?post=35853"}],"version-history":[{"count":0,"href":"https:\/\/www.eldiario.net\/portal\/wp-json\/wp\/v2\/posts\/35853\/revisions"}],"wp:featuredmedia":[{"embeddable":true,"href":"https:\/\/www.eldiario.net\/portal\/wp-json\/wp\/v2\/media\/2714"}],"wp:attachment":[{"href":"https:\/\/www.eldiario.net\/portal\/wp-json\/wp\/v2\/media?parent=35853"}],"wp:term":[{"taxonomy":"category","embeddable":true,"href":"https:\/\/www.eldiario.net\/portal\/wp-json\/wp\/v2\/categories?post=35853"},{"taxonomy":"post_tag","embeddable":true,"href":"https:\/\/www.eldiario.net\/portal\/wp-json\/wp\/v2\/tags?post=35853"}],"curies":[{"name":"wp","href":"https:\/\/api.w.org\/{rel}","templated":true}]}}