{"id":35849,"date":"2021-10-12T04:28:09","date_gmt":"2021-10-12T08:28:09","guid":{"rendered":"https:\/\/www.eldiario.net\/portal\/?p=35849"},"modified":"2021-10-12T04:28:09","modified_gmt":"2021-10-12T08:28:09","slug":"el-combate-de-bahia","status":"publish","type":"post","link":"https:\/\/www.eldiario.net\/portal\/2021\/10\/12\/el-combate-de-bahia\/","title":{"rendered":"El combate de Bah\u00eda"},"content":{"rendered":"<p>En Xapur\u00ed, el 7 de agosto de 1902 estalla la revoluci\u00f3n separatista encabezada por el espa\u00f1ol Luis G\u00e1lvez de Arias, y despu\u00e9s por el brasile\u00f1o coronel Jos\u00e9 Pl\u00e1cido de Castro, que hab\u00edan tomado aquel puerto ubicado en las m\u00e1rgenes del r\u00edo Acre, declarando la independencia de Acre en relaci\u00f3n con Bolivia. No fue otra cosa que una guerra econ\u00f3mica por la goma, la casta\u00f1a y tratar de anexar parte del territorio a Brasil, ante el abandono y la ausencia del Estado en esta regi\u00f3n del norte. Este movimiento b\u00e9lico se inicia en agosto aprovechando las fiestas patrias.<\/p>\n<p>El 10 de octubre de 1902 parte de Porvenir una columna con rumbo a Bah\u00eda que estaba ocupada por los invasores brasile\u00f1os.\u00a0 Por la tarde traban combate hasta el anochecer y fue al d\u00eda siguiente, 11 de este mismo mes, cuando las fuerzas del ej\u00e9rcito brasile\u00f1o comandadas por el coronel Jos\u00e9 Galindo y Ant\u00fanez de Alencar, con m\u00e1s de tres mil hombres evidenciaron la presencia de efectivos bolivianos a una distancia de 500 metros, en la margen opuesta al arroyo Bah\u00eda. Se trataba de la Columna Porvenir, conformada por ciudadanos de diferentes regiones de nuestro pa\u00eds, organizada por el empresario del caucho don Nicol\u00e1s Su\u00e1rez.<\/p>\n<p>Los combatientes bolivianos, que eran en su mayor\u00eda trabajadores dedicados a la explotaci\u00f3n de la goma silvestre, percibieron que el jir\u00f3n patrio estaba amenazado. El vecino carioca pretend\u00eda apoderarse de los ricos gomales y el caucho del Noroeste, tomando el Puerto de Bah\u00eda y la Barraca Porvenir, situados a la margen izquierda del r\u00edo Tahuamanu, para luego alcanzar los r\u00edos Manuripi, hasta llegar al Madre de Dios. Lo complicado de la regi\u00f3n selv\u00e1tica mostr\u00f3 al enemigo la cabal apreciaci\u00f3n num\u00e9rica de la defensa boliviana, actitud que los oblig\u00f3 a pedir refuerzos a la Barraca \u201cNazareth\u201d. El p\u00e1nico de los brasile\u00f1os crec\u00eda al ver que sus escuadras eran batidas por la tercera compa\u00f1\u00eda de la columna y hundidas sus embarcaciones que pretend\u00edan cruzar el r\u00edo Acre.<\/p>\n<p>Los 85 integrantes de la Columna Porvenir que hab\u00eda organizado don Nicol\u00e1s Su\u00e1rez, dot\u00e1ndoles armas, eran 85 pobladores nativos conocedores del lugar. Se encontraban protegidos por la mara\u00f1a de la selva, mientras los enemigos estaban refugiados en galpones de madera, con techos cubiertos de palmas, donde tambi\u00e9n viv\u00edan y ten\u00edan su arsenal.<\/p>\n<p>Surgi\u00f3 la orden de Su\u00e1rez, para lanzar flechas incendiarias sobre los galpones y trincheras de los invasores. La tarea fue encomendada a los soldados que proven\u00edan de Ixiamas (Norte de La Paz), expertos en el manejo de arcos y flechas de caza. La oportunidad en esta jornada fue propicia para el tacana Bruno Racua, que lanz\u00f3 dardos incendiarios, uno cay\u00f3 en los galpones del enemigo provocando un incendio de proporciones y el estallido de dinamita que ten\u00edan en su poder. Como consecuencia, los soldados cariocas y su comandante Manuel N\u00fa\u00f1ez abandonaron precipitadamente sus refugios, huyendo hasta la poblaci\u00f3n de Xapur\u00ed, donde ten\u00edan su cuartel general.\u00a0 Hubo 240 bajas en las filas de los brasile\u00f1os, muchos difuntos quemados y otros que escaparon a la selva.<\/p>\n<p>Esta actuaci\u00f3n fren\u00f3 un poco las actividades del coronel brasile\u00f1o Jos\u00e9 Pl\u00e1cido de Castro, quien ambicionaba la regi\u00f3n del Acre en 1902.<\/p>\n<p>El triunfo de Bah\u00eda tuvo efecto devastador en las filas de Castro, por ser esta zona rica en plantaciones de goma el\u00e1stica, casta\u00f1a y madera, aunque en la frontera ya exist\u00eda una fuerza amenazadora de 8.000 efectivos.<\/p>\n<p>A ra\u00edz de un nuevo levantamiento brasile\u00f1o en la regi\u00f3n, el general Jos\u00e9 Manuel Pando, a la cabeza de 400 soldados del ej\u00e9rcito, explor\u00f3 en tres oportunidades la zona y actu\u00f3 valerosamente contra Castro, obteniendo la victoria de Puerto Rico en 1903.\u00a0 Este hecho precipit\u00f3 a los brasile\u00f1os a conseguir la firma de un Tratado de Modus Vivendi. En vista de que continuaba la presi\u00f3n brasile\u00f1a, Bolivia se vio obligada a firmar el 17 de noviembre de 1903, el Tratado de Petr\u00f3polis, por el que retrocedimos nuestras fronteras hasta las nacientes del r\u00edo Acre y Abun\u00e1.<\/p>\n<p>Aparte, suscribimos otros tratados como el del 27 de marzo de 1867 y 25 de diciembre de 1928, que totalizaron 490.430 kil\u00f3metros cuadrados que hemos cedido al Brasil.\u00a0 El autoritario Mariano Melgarejo, el necio que no admit\u00eda cr\u00edticas a su gobierno, abusando del poder, regal\u00f3 el territorio de Pur\u00fas y Amaramayu, las tierras del Acre y el Matogrosso por un caballo y un juego de living que le obsequi\u00f3 la diplomacia brasile\u00f1a, aparte del t\u00edtulo concedido de Doctor Honoris Causa, al ignorante iletrado.<\/p>\n<p>La campa\u00f1a del Acre se inici\u00f3 el 30 de abril de 1899 y concluy\u00f3 en noviembre de 1903. Hecho sobresaliente de la Guerra del Acre es el combate de Bah\u00eda y la Columna Porvenir. Bah\u00eda es el antiguo nombre de la ciudad de Cobija (La Perla del Acre) convertida en la capital del departamento de Pando.<\/p>\n<p>El pueblo pandino rememora su efem\u00e9ride en conmemoraci\u00f3n del combate de Bah\u00eda, la haza\u00f1a de aquel grupo de valientes tacanas que adem\u00e1s de honrar la destreza del ind\u00edgena siringuero Bruno Racua, comprende al patriota empresario del caucho, el cruce\u00f1o don Nicol\u00e1s Su\u00e1rez Calla\u00fa, quien puso su gente, dinero en efectivo y dot\u00f3 de armas a la Columna Porvenir para combatir a los separatistas en defensa del territorio nacional. Tambi\u00e9n los hermanos Gonzalo y Sim\u00f3n Moreno, Federico Rom\u00e1n, Ignacio Paz, Luis Donato Moreira, Manuel Tovar, Claudio Farf\u00e1n, el cabo Manuel Baz\u00e1n, muertos en combate y otros defensores merecen menci\u00f3n honrosa. Nicol\u00e1s Su\u00e1rez naci\u00f3 en Santa Cruz el 10 de septiembre de 1851 y muri\u00f3 a los 88 a\u00f1os en 1940. Jos\u00e9 Pl\u00e1cido de Castro, ascendido a coronel y nombrado gobernador del Acre, muri\u00f3 asesinado en 1906.<\/p>\n","protected":false},"excerpt":{"rendered":"<p>En Xapur\u00ed, el 7 de agosto de 1902 estalla la revoluci\u00f3n separatista encabezada por el espa\u00f1ol Luis G\u00e1lvez de Arias, y despu\u00e9s por el brasile\u00f1o coronel Jos\u00e9 Pl\u00e1cido de Castro, que hab\u00edan tomado aquel puerto ubicado en las m\u00e1rgenes del r\u00edo Acre, declarando la independencia de Acre en relaci\u00f3n con Bolivia. No fue otra cosa [&hellip;]<\/p>\n","protected":false},"author":1,"featured_media":6531,"comment_status":"closed","ping_status":"closed","sticky":false,"template":"","format":"standard","meta":{"_acf_changed":false,"footnotes":""},"categories":[9],"tags":[],"class_list":["post-35849","post","type-post","status-publish","format-standard","has-post-thumbnail","category-opinion"],"acf":{"antetitulo":""},"yoast_head":"<!-- This site is optimized with the Yoast SEO plugin v28.4 - https:\/\/yoast.com\/product\/yoast-seo-wordpress\/ -->\n<title>El combate de Bah\u00eda - El Diario - Bolivia<\/title>\n<meta name=\"robots\" content=\"index, follow, max-snippet:-1, max-image-preview:large, max-video-preview:-1\" \/>\n<link rel=\"canonical\" href=\"https:\/\/www.eldiario.net\/portal\/2021\/10\/12\/el-combate-de-bahia\/\" \/>\n<meta property=\"og:locale\" content=\"es_ES\" \/>\n<meta property=\"og:type\" content=\"article\" \/>\n<meta property=\"og:title\" content=\"El combate de Bah\u00eda - El Diario - Bolivia\" \/>\n<meta property=\"og:description\" content=\"En Xapur\u00ed, el 7 de agosto de 1902 estalla la revoluci\u00f3n separatista encabezada por el espa\u00f1ol Luis G\u00e1lvez de Arias, y despu\u00e9s por el brasile\u00f1o coronel Jos\u00e9 Pl\u00e1cido de Castro, que hab\u00edan tomado aquel puerto ubicado en las m\u00e1rgenes del r\u00edo Acre, declarando la independencia de Acre en relaci\u00f3n con Bolivia. No fue otra cosa [&hellip;]\" \/>\n<meta property=\"og:url\" content=\"https:\/\/www.eldiario.net\/portal\/2021\/10\/12\/el-combate-de-bahia\/\" \/>\n<meta property=\"og:site_name\" content=\"El Diario - Bolivia\" \/>\n<meta property=\"article:publisher\" content=\"https:\/\/www.facebook.com\/eldiario.bolivia\/\" \/>\n<meta property=\"article:published_time\" content=\"2021-10-12T08:28:09+00:00\" \/>\n<meta property=\"og:image\" content=\"https:\/\/www.eldiario.net\/portal\/wp-content\/uploads\/2021\/05\/Floren-Sanabria-G.jpg\" \/>\n\t<meta property=\"og:image:width\" content=\"1200\" \/>\n\t<meta property=\"og:image:height\" content=\"628\" \/>\n\t<meta property=\"og:image:type\" content=\"image\/jpeg\" \/>\n<meta name=\"author\" content=\"Jeanette\" \/>\n<meta name=\"twitter:card\" content=\"summary_large_image\" \/>\n<meta name=\"twitter:creator\" content=\"@eldiario_net\" \/>\n<meta name=\"twitter:site\" content=\"@eldiario_net\" \/>\n<meta name=\"twitter:label1\" content=\"Escrito por\" \/>\n\t<meta name=\"twitter:data1\" content=\"Jeanette\" \/>\n\t<meta name=\"twitter:label2\" content=\"Tiempo de lectura\" \/>\n\t<meta name=\"twitter:data2\" content=\"5 minutos\" \/>\n<script type=\"application\/ld+json\" class=\"yoast-schema-graph\">{\"@context\":\"https:\\\/\\\/schema.org\",\"@graph\":[{\"@type\":\"Article\",\"@id\":\"https:\\\/\\\/www.eldiario.net\\\/portal\\\/2021\\\/10\\\/12\\\/el-combate-de-bahia\\\/#article\",\"isPartOf\":{\"@id\":\"https:\\\/\\\/www.eldiario.net\\\/portal\\\/2021\\\/10\\\/12\\\/el-combate-de-bahia\\\/\"},\"author\":{\"name\":\"Jeanette\",\"@id\":\"https:\\\/\\\/www.eldiario.net\\\/portal\\\/#\\\/schema\\\/person\\\/2c57cf2b7a7ae032e449e4c9b1019eac\"},\"headline\":\"El combate de Bah\u00eda\",\"datePublished\":\"2021-10-12T08:28:09+00:00\",\"mainEntityOfPage\":{\"@id\":\"https:\\\/\\\/www.eldiario.net\\\/portal\\\/2021\\\/10\\\/12\\\/el-combate-de-bahia\\\/\"},\"wordCount\":1011,\"publisher\":{\"@id\":\"https:\\\/\\\/www.eldiario.net\\\/portal\\\/#organization\"},\"image\":{\"@id\":\"https:\\\/\\\/www.eldiario.net\\\/portal\\\/2021\\\/10\\\/12\\\/el-combate-de-bahia\\\/#primaryimage\"},\"thumbnailUrl\":\"https:\\\/\\\/www.eldiario.net\\\/portal\\\/wp-content\\\/uploads\\\/2021\\\/05\\\/Floren-Sanabria-G.jpg\",\"articleSection\":[\"Opini\u00f3n\"],\"inLanguage\":\"es\"},{\"@type\":\"WebPage\",\"@id\":\"https:\\\/\\\/www.eldiario.net\\\/portal\\\/2021\\\/10\\\/12\\\/el-combate-de-bahia\\\/\",\"url\":\"https:\\\/\\\/www.eldiario.net\\\/portal\\\/2021\\\/10\\\/12\\\/el-combate-de-bahia\\\/\",\"name\":\"El combate de Bah\u00eda - El Diario - Bolivia\",\"isPartOf\":{\"@id\":\"https:\\\/\\\/www.eldiario.net\\\/portal\\\/#website\"},\"primaryImageOfPage\":{\"@id\":\"https:\\\/\\\/www.eldiario.net\\\/portal\\\/2021\\\/10\\\/12\\\/el-combate-de-bahia\\\/#primaryimage\"},\"image\":{\"@id\":\"https:\\\/\\\/www.eldiario.net\\\/portal\\\/2021\\\/10\\\/12\\\/el-combate-de-bahia\\\/#primaryimage\"},\"thumbnailUrl\":\"https:\\\/\\\/www.eldiario.net\\\/portal\\\/wp-content\\\/uploads\\\/2021\\\/05\\\/Floren-Sanabria-G.jpg\",\"datePublished\":\"2021-10-12T08:28:09+00:00\",\"breadcrumb\":{\"@id\":\"https:\\\/\\\/www.eldiario.net\\\/portal\\\/2021\\\/10\\\/12\\\/el-combate-de-bahia\\\/#breadcrumb\"},\"inLanguage\":\"es\",\"potentialAction\":[{\"@type\":\"ReadAction\",\"target\":[\"https:\\\/\\\/www.eldiario.net\\\/portal\\\/2021\\\/10\\\/12\\\/el-combate-de-bahia\\\/\"]}]},{\"@type\":\"ImageObject\",\"inLanguage\":\"es\",\"@id\":\"https:\\\/\\\/www.eldiario.net\\\/portal\\\/2021\\\/10\\\/12\\\/el-combate-de-bahia\\\/#primaryimage\",\"url\":\"https:\\\/\\\/www.eldiario.net\\\/portal\\\/wp-content\\\/uploads\\\/2021\\\/05\\\/Floren-Sanabria-G.jpg\",\"contentUrl\":\"https:\\\/\\\/www.eldiario.net\\\/portal\\\/wp-content\\\/uploads\\\/2021\\\/05\\\/Floren-Sanabria-G.jpg\",\"width\":1200,\"height\":628},{\"@type\":\"BreadcrumbList\",\"@id\":\"https:\\\/\\\/www.eldiario.net\\\/portal\\\/2021\\\/10\\\/12\\\/el-combate-de-bahia\\\/#breadcrumb\",\"itemListElement\":[{\"@type\":\"ListItem\",\"position\":1,\"name\":\"Portada\",\"item\":\"https:\\\/\\\/www.eldiario.net\\\/portal\\\/\"},{\"@type\":\"ListItem\",\"position\":2,\"name\":\"El combate de Bah\u00eda\"}]},{\"@type\":\"WebSite\",\"@id\":\"https:\\\/\\\/www.eldiario.net\\\/portal\\\/#website\",\"url\":\"https:\\\/\\\/www.eldiario.net\\\/portal\\\/\",\"name\":\"El Diario - Decano de la prensa nacional\",\"description\":\"El Diario - Decano de la prensa nacional\",\"publisher\":{\"@id\":\"https:\\\/\\\/www.eldiario.net\\\/portal\\\/#organization\"},\"potentialAction\":[{\"@type\":\"SearchAction\",\"target\":{\"@type\":\"EntryPoint\",\"urlTemplate\":\"https:\\\/\\\/www.eldiario.net\\\/portal\\\/?s={search_term_string}\"},\"query-input\":{\"@type\":\"PropertyValueSpecification\",\"valueRequired\":true,\"valueName\":\"search_term_string\"}}],\"inLanguage\":\"es\"},{\"@type\":\"Organization\",\"@id\":\"https:\\\/\\\/www.eldiario.net\\\/portal\\\/#organization\",\"name\":\"El Diario - Decano de la prensa nacional\",\"url\":\"https:\\\/\\\/www.eldiario.net\\\/portal\\\/\",\"logo\":{\"@type\":\"ImageObject\",\"inLanguage\":\"es\",\"@id\":\"https:\\\/\\\/www.eldiario.net\\\/portal\\\/#\\\/schema\\\/logo\\\/image\\\/\",\"url\":\"https:\\\/\\\/www.eldiario.net\\\/portal\\\/wp-content\\\/uploads\\\/2023\\\/07\\\/logo_ED.jpg\",\"contentUrl\":\"https:\\\/\\\/www.eldiario.net\\\/portal\\\/wp-content\\\/uploads\\\/2023\\\/07\\\/logo_ED.jpg\",\"width\":272,\"height\":52,\"caption\":\"El Diario - Decano de la prensa nacional\"},\"image\":{\"@id\":\"https:\\\/\\\/www.eldiario.net\\\/portal\\\/#\\\/schema\\\/logo\\\/image\\\/\"},\"sameAs\":[\"https:\\\/\\\/www.facebook.com\\\/eldiario.bolivia\\\/\",\"https:\\\/\\\/x.com\\\/eldiario_net\"]},{\"@type\":\"Person\",\"@id\":\"https:\\\/\\\/www.eldiario.net\\\/portal\\\/#\\\/schema\\\/person\\\/2c57cf2b7a7ae032e449e4c9b1019eac\",\"name\":\"Jeanette\",\"image\":{\"@type\":\"ImageObject\",\"inLanguage\":\"es\",\"@id\":\"https:\\\/\\\/secure.gravatar.com\\\/avatar\\\/3ea2118a5f7dad2b7138b1187a6b7ee55f160b9968b66013c3a3ef39dd7e5798?s=96&d=mm&r=g\",\"url\":\"https:\\\/\\\/secure.gravatar.com\\\/avatar\\\/3ea2118a5f7dad2b7138b1187a6b7ee55f160b9968b66013c3a3ef39dd7e5798?s=96&d=mm&r=g\",\"contentUrl\":\"https:\\\/\\\/secure.gravatar.com\\\/avatar\\\/3ea2118a5f7dad2b7138b1187a6b7ee55f160b9968b66013c3a3ef39dd7e5798?s=96&d=mm&r=g\",\"caption\":\"Jeanette\"},\"sameAs\":[\"https:\\\/\\\/www.eldiario.net\\\/portal\"],\"url\":\"https:\\\/\\\/www.eldiario.net\\\/portal\\\/author\\\/jeanette\\\/\"}]}<\/script>\n<!-- \/ Yoast SEO plugin. -->","yoast_head_json":{"title":"El combate de Bah\u00eda - El Diario - Bolivia","robots":{"index":"index","follow":"follow","max-snippet":"max-snippet:-1","max-image-preview":"max-image-preview:large","max-video-preview":"max-video-preview:-1"},"canonical":"https:\/\/www.eldiario.net\/portal\/2021\/10\/12\/el-combate-de-bahia\/","og_locale":"es_ES","og_type":"article","og_title":"El combate de Bah\u00eda - El Diario - Bolivia","og_description":"En Xapur\u00ed, el 7 de agosto de 1902 estalla la revoluci\u00f3n separatista encabezada por el espa\u00f1ol Luis G\u00e1lvez de Arias, y despu\u00e9s por el brasile\u00f1o coronel Jos\u00e9 Pl\u00e1cido de Castro, que hab\u00edan tomado aquel puerto ubicado en las m\u00e1rgenes del r\u00edo Acre, declarando la independencia de Acre en relaci\u00f3n con Bolivia. No fue otra cosa [&hellip;]","og_url":"https:\/\/www.eldiario.net\/portal\/2021\/10\/12\/el-combate-de-bahia\/","og_site_name":"El Diario - Bolivia","article_publisher":"https:\/\/www.facebook.com\/eldiario.bolivia\/","article_published_time":"2021-10-12T08:28:09+00:00","og_image":[{"width":1200,"height":628,"url":"https:\/\/www.eldiario.net\/portal\/wp-content\/uploads\/2021\/05\/Floren-Sanabria-G.jpg","type":"image\/jpeg"}],"author":"Jeanette","twitter_card":"summary_large_image","twitter_creator":"@eldiario_net","twitter_site":"@eldiario_net","twitter_misc":{"Escrito por":"Jeanette","Tiempo de lectura":"5 minutos"},"schema":{"@context":"https:\/\/schema.org","@graph":[{"@type":"Article","@id":"https:\/\/www.eldiario.net\/portal\/2021\/10\/12\/el-combate-de-bahia\/#article","isPartOf":{"@id":"https:\/\/www.eldiario.net\/portal\/2021\/10\/12\/el-combate-de-bahia\/"},"author":{"name":"Jeanette","@id":"https:\/\/www.eldiario.net\/portal\/#\/schema\/person\/2c57cf2b7a7ae032e449e4c9b1019eac"},"headline":"El combate de Bah\u00eda","datePublished":"2021-10-12T08:28:09+00:00","mainEntityOfPage":{"@id":"https:\/\/www.eldiario.net\/portal\/2021\/10\/12\/el-combate-de-bahia\/"},"wordCount":1011,"publisher":{"@id":"https:\/\/www.eldiario.net\/portal\/#organization"},"image":{"@id":"https:\/\/www.eldiario.net\/portal\/2021\/10\/12\/el-combate-de-bahia\/#primaryimage"},"thumbnailUrl":"https:\/\/www.eldiario.net\/portal\/wp-content\/uploads\/2021\/05\/Floren-Sanabria-G.jpg","articleSection":["Opini\u00f3n"],"inLanguage":"es"},{"@type":"WebPage","@id":"https:\/\/www.eldiario.net\/portal\/2021\/10\/12\/el-combate-de-bahia\/","url":"https:\/\/www.eldiario.net\/portal\/2021\/10\/12\/el-combate-de-bahia\/","name":"El combate de Bah\u00eda - El Diario - Bolivia","isPartOf":{"@id":"https:\/\/www.eldiario.net\/portal\/#website"},"primaryImageOfPage":{"@id":"https:\/\/www.eldiario.net\/portal\/2021\/10\/12\/el-combate-de-bahia\/#primaryimage"},"image":{"@id":"https:\/\/www.eldiario.net\/portal\/2021\/10\/12\/el-combate-de-bahia\/#primaryimage"},"thumbnailUrl":"https:\/\/www.eldiario.net\/portal\/wp-content\/uploads\/2021\/05\/Floren-Sanabria-G.jpg","datePublished":"2021-10-12T08:28:09+00:00","breadcrumb":{"@id":"https:\/\/www.eldiario.net\/portal\/2021\/10\/12\/el-combate-de-bahia\/#breadcrumb"},"inLanguage":"es","potentialAction":[{"@type":"ReadAction","target":["https:\/\/www.eldiario.net\/portal\/2021\/10\/12\/el-combate-de-bahia\/"]}]},{"@type":"ImageObject","inLanguage":"es","@id":"https:\/\/www.eldiario.net\/portal\/2021\/10\/12\/el-combate-de-bahia\/#primaryimage","url":"https:\/\/www.eldiario.net\/portal\/wp-content\/uploads\/2021\/05\/Floren-Sanabria-G.jpg","contentUrl":"https:\/\/www.eldiario.net\/portal\/wp-content\/uploads\/2021\/05\/Floren-Sanabria-G.jpg","width":1200,"height":628},{"@type":"BreadcrumbList","@id":"https:\/\/www.eldiario.net\/portal\/2021\/10\/12\/el-combate-de-bahia\/#breadcrumb","itemListElement":[{"@type":"ListItem","position":1,"name":"Portada","item":"https:\/\/www.eldiario.net\/portal\/"},{"@type":"ListItem","position":2,"name":"El combate de Bah\u00eda"}]},{"@type":"WebSite","@id":"https:\/\/www.eldiario.net\/portal\/#website","url":"https:\/\/www.eldiario.net\/portal\/","name":"El Diario - Decano de la prensa nacional","description":"El Diario - Decano de la prensa nacional","publisher":{"@id":"https:\/\/www.eldiario.net\/portal\/#organization"},"potentialAction":[{"@type":"SearchAction","target":{"@type":"EntryPoint","urlTemplate":"https:\/\/www.eldiario.net\/portal\/?s={search_term_string}"},"query-input":{"@type":"PropertyValueSpecification","valueRequired":true,"valueName":"search_term_string"}}],"inLanguage":"es"},{"@type":"Organization","@id":"https:\/\/www.eldiario.net\/portal\/#organization","name":"El Diario - Decano de la prensa nacional","url":"https:\/\/www.eldiario.net\/portal\/","logo":{"@type":"ImageObject","inLanguage":"es","@id":"https:\/\/www.eldiario.net\/portal\/#\/schema\/logo\/image\/","url":"https:\/\/www.eldiario.net\/portal\/wp-content\/uploads\/2023\/07\/logo_ED.jpg","contentUrl":"https:\/\/www.eldiario.net\/portal\/wp-content\/uploads\/2023\/07\/logo_ED.jpg","width":272,"height":52,"caption":"El Diario - Decano de la prensa nacional"},"image":{"@id":"https:\/\/www.eldiario.net\/portal\/#\/schema\/logo\/image\/"},"sameAs":["https:\/\/www.facebook.com\/eldiario.bolivia\/","https:\/\/x.com\/eldiario_net"]},{"@type":"Person","@id":"https:\/\/www.eldiario.net\/portal\/#\/schema\/person\/2c57cf2b7a7ae032e449e4c9b1019eac","name":"Jeanette","image":{"@type":"ImageObject","inLanguage":"es","@id":"https:\/\/secure.gravatar.com\/avatar\/3ea2118a5f7dad2b7138b1187a6b7ee55f160b9968b66013c3a3ef39dd7e5798?s=96&d=mm&r=g","url":"https:\/\/secure.gravatar.com\/avatar\/3ea2118a5f7dad2b7138b1187a6b7ee55f160b9968b66013c3a3ef39dd7e5798?s=96&d=mm&r=g","contentUrl":"https:\/\/secure.gravatar.com\/avatar\/3ea2118a5f7dad2b7138b1187a6b7ee55f160b9968b66013c3a3ef39dd7e5798?s=96&d=mm&r=g","caption":"Jeanette"},"sameAs":["https:\/\/www.eldiario.net\/portal"],"url":"https:\/\/www.eldiario.net\/portal\/author\/jeanette\/"}]}},"_links":{"self":[{"href":"https:\/\/www.eldiario.net\/portal\/wp-json\/wp\/v2\/posts\/35849","targetHints":{"allow":["GET"]}}],"collection":[{"href":"https:\/\/www.eldiario.net\/portal\/wp-json\/wp\/v2\/posts"}],"about":[{"href":"https:\/\/www.eldiario.net\/portal\/wp-json\/wp\/v2\/types\/post"}],"author":[{"embeddable":true,"href":"https:\/\/www.eldiario.net\/portal\/wp-json\/wp\/v2\/users\/1"}],"replies":[{"embeddable":true,"href":"https:\/\/www.eldiario.net\/portal\/wp-json\/wp\/v2\/comments?post=35849"}],"version-history":[{"count":0,"href":"https:\/\/www.eldiario.net\/portal\/wp-json\/wp\/v2\/posts\/35849\/revisions"}],"wp:featuredmedia":[{"embeddable":true,"href":"https:\/\/www.eldiario.net\/portal\/wp-json\/wp\/v2\/media\/6531"}],"wp:attachment":[{"href":"https:\/\/www.eldiario.net\/portal\/wp-json\/wp\/v2\/media?parent=35849"}],"wp:term":[{"taxonomy":"category","embeddable":true,"href":"https:\/\/www.eldiario.net\/portal\/wp-json\/wp\/v2\/categories?post=35849"},{"taxonomy":"post_tag","embeddable":true,"href":"https:\/\/www.eldiario.net\/portal\/wp-json\/wp\/v2\/tags?post=35849"}],"curies":[{"name":"wp","href":"https:\/\/api.w.org\/{rel}","templated":true}]}}