{"id":35846,"date":"2021-10-12T04:27:09","date_gmt":"2021-10-12T08:27:09","guid":{"rendered":"https:\/\/www.eldiario.net\/portal\/?p=35846"},"modified":"2021-10-12T04:27:09","modified_gmt":"2021-10-12T08:27:09","slug":"la-formula-para-incluir-mas-mujeres-en-el-mercado","status":"publish","type":"post","link":"https:\/\/www.eldiario.net\/portal\/2021\/10\/12\/la-formula-para-incluir-mas-mujeres-en-el-mercado\/","title":{"rendered":"La f\u00f3rmula para incluir m\u00e1s mujeres en el mercado"},"content":{"rendered":"<p>Pensar en estrategias para incluir m\u00e1s mujeres en el mercado laboral es un placer para m\u00ed. No s\u00f3lo por ser mujer, madre de una ni\u00f1a o por ocupar un puesto de liderazgo en un sector, como el de log\u00edstica y producci\u00f3n, que tradicionalmente ha sido manejado por hombres. Vivimos en un contexto en el que la disparidad de g\u00e9nero en el \u00e1mbito del trabajo est\u00e1 latente y debe ser abordada por el ecosistema empresarial.<\/p>\n<p>Seg\u00fan el informe \u2018Trabajar y ser mujer en Bolivia\u2019 (2020), del Banco Interamericano de Desarrollo (BID), la brecha de participaci\u00f3n en el mercado laboral entre hombres y mujeres es de 26% a favor de los hombres, adem\u00e1s que el desempleo femenino del \u00e1rea urbana es del 6%, duplicando al registro de los varones que es de 3,2%.<\/p>\n<p>Ante este panorama, los l\u00edderes empresariales y ejecutivos debemos tener conciencia sobre el sistema laboral imperante y tomar medidas para mejorar esta situaci\u00f3n. Es por ello que, apelando a lo aprendido en mi vida profesional, comparto una f\u00f3rmula para lograr mayor equilibrio entre hombres y mujeres.<\/p>\n<p>En primer lugar, debemos romper con los prejuicios sobre capacidades y g\u00e9nero. Las mujeres son tan capaces como los varones y es importante que las compa\u00f1\u00edas comiencen a brindar entrenamientos, para ayudar al equipo a identificar oportunidades que generen mayor inclusi\u00f3n y diversidad. En nuestra empresa, cada a\u00f1o y en todas las filiales del mundo, tenemos una semana para hablar exclusivamente de tem\u00e1ticas de igualdad de g\u00e9nero y c\u00f3mo nuestra cultura organizacional puede mejorar el desarrollo profesional de nuestros colaboradores.<\/p>\n<p>Un segundo punto es que las empresas deben promover pol\u00edticas concretas de contrataci\u00f3n, para aumentar la representaci\u00f3n femenina entre los colaboradores. Puede servir de ejemplo lo realizado en nuestra compa\u00f1\u00eda con el programa <em>Women Proactive Sourcing<\/em>, el cual se implement\u00f3 en algunos pa\u00edses de Latinoam\u00e9rica y, desde el 2019, realiza convocatorias para buscar candidatas aptas para las \u00e1reas comerciales y de operaciones, con el objetivo de crear un banco de talentos femeninos. Esto permiti\u00f3 una contrataci\u00f3n cuatro veces mayor de mujeres en nuestro sector de <em>Supply Chain<\/em>, lo que demuestra que peque\u00f1as acciones pueden aportar grandes resultados.<\/p>\n<p>Una mayor contrataci\u00f3n de mujeres no ser\u00eda suficiente, si no la acompa\u00f1amos con pol\u00edticas de capacitaci\u00f3n para lograr la denominada \u201cdivisi\u00f3n del conocimiento\u201d. Y es que es importante explorar el potencial de nuestro equipo, tanto de mujeres, como hombres. Por ello, es importante que las empresas inviertan en entrenamientos y capacitaciones continuas en torno a temas relacionados con la compa\u00f1\u00eda. El objetivo es que los colaboradores aprovechen estos recursos, incentivar su desarrollo profesional y reforzar sus habilidades de liderazgo, para que est\u00e9n listos para afrontar la direcci\u00f3n de un grupo humano.<\/p>\n<p>La inclusi\u00f3n de m\u00e1s mujeres depende de acciones consistentes, y si aplicamos estrategias como las descritas anteriormente, los beneficios se ven multiplicados. Por ello, es importante que invirtamos m\u00e1s en este tipo de f\u00f3rmulas para lograr un mejor rumbo hacia la equidad y conquistemos un ambiente de trabajo m\u00e1s diverso, inclusivo e igualitario para todos.<\/p>\n<p><strong>\u00a0<\/strong><\/p>\n<p><strong>Sobre Kimberly-Clark <\/strong><\/p>\n<p>Kimberly-Clark (NYSE:KMB) y sus marcas de confianza son una parte indispensable de la vida para las personas en m\u00e1s de 175 pa\u00edses. Impulsados por el ingenio, la creatividad y la comprensi\u00f3n de las necesidades m\u00e1s esenciales de las personas, creamos productos que ayudan a las personas a experimentar m\u00e1s de lo que es importante para ellas. Nuestra cartera de marcas, incluyendo Huggies\u00ae, Kleenex\u00ae, Scott, \u00ae Kotex\u00ae y Plenitud\u00ae ocupan el 1er Lugar o 2o lugar compartido en 80 pa\u00edses. Usamos pr\u00e1cticas sostenibles que apoyan un planeta saludable, construyen comunidades m\u00e1s fuertes y aseguran que nuestro negocio prospere en las pr\u00f3ximas d\u00e9cadas. Para mantenerse al d\u00eda con las \u00faltimas noticias y conocer casi 150 a\u00f1os de historia de innovaci\u00f3n de la compa\u00f1\u00eda, visite kimberly-clark.com\/es.<\/p>\n<p>&nbsp;<\/p>\n<p><em>Joelma Gouveia, VP de Supply Chain en Kimberly-Clark Am\u00e9rica Latina.<\/em><\/p>\n","protected":false},"excerpt":{"rendered":"<p>Pensar en estrategias para incluir m\u00e1s mujeres en el mercado laboral es un placer para m\u00ed. No s\u00f3lo por ser mujer, madre de una ni\u00f1a o por ocupar un puesto de liderazgo en un sector, como el de log\u00edstica y producci\u00f3n, que tradicionalmente ha sido manejado por hombres. Vivimos en un contexto en el que [&hellip;]<\/p>\n","protected":false},"author":1,"featured_media":35847,"comment_status":"closed","ping_status":"closed","sticky":false,"template":"","format":"standard","meta":{"_acf_changed":false,"footnotes":""},"categories":[9],"tags":[],"class_list":["post-35846","post","type-post","status-publish","format-standard","has-post-thumbnail","category-opinion"],"acf":{"antetitulo":""},"yoast_head":"<!-- This site is optimized with the Yoast SEO plugin v28.4 - https:\/\/yoast.com\/product\/yoast-seo-wordpress\/ -->\n<title>La f\u00f3rmula para incluir m\u00e1s mujeres en el mercado - El Diario - Bolivia<\/title>\n<meta name=\"robots\" content=\"index, follow, max-snippet:-1, max-image-preview:large, max-video-preview:-1\" \/>\n<link rel=\"canonical\" href=\"https:\/\/www.eldiario.net\/portal\/2021\/10\/12\/la-formula-para-incluir-mas-mujeres-en-el-mercado\/\" \/>\n<meta property=\"og:locale\" content=\"es_ES\" \/>\n<meta property=\"og:type\" content=\"article\" \/>\n<meta property=\"og:title\" content=\"La f\u00f3rmula para incluir m\u00e1s mujeres en el mercado - El Diario - Bolivia\" \/>\n<meta property=\"og:description\" content=\"Pensar en estrategias para incluir m\u00e1s mujeres en el mercado laboral es un placer para m\u00ed. No s\u00f3lo por ser mujer, madre de una ni\u00f1a o por ocupar un puesto de liderazgo en un sector, como el de log\u00edstica y producci\u00f3n, que tradicionalmente ha sido manejado por hombres. Vivimos en un contexto en el que [&hellip;]\" \/>\n<meta property=\"og:url\" content=\"https:\/\/www.eldiario.net\/portal\/2021\/10\/12\/la-formula-para-incluir-mas-mujeres-en-el-mercado\/\" \/>\n<meta property=\"og:site_name\" content=\"El Diario - Bolivia\" \/>\n<meta property=\"article:publisher\" content=\"https:\/\/www.facebook.com\/eldiario.bolivia\/\" \/>\n<meta property=\"article:published_time\" content=\"2021-10-12T08:27:09+00:00\" \/>\n<meta name=\"author\" content=\"Jeanette\" \/>\n<meta name=\"twitter:card\" content=\"summary_large_image\" \/>\n<meta name=\"twitter:creator\" content=\"@eldiario_net\" \/>\n<meta name=\"twitter:site\" content=\"@eldiario_net\" \/>\n<meta name=\"twitter:label1\" content=\"Escrito por\" \/>\n\t<meta name=\"twitter:data1\" content=\"Jeanette\" \/>\n\t<meta name=\"twitter:label2\" content=\"Tiempo de lectura\" \/>\n\t<meta name=\"twitter:data2\" content=\"3 minutos\" \/>\n<script type=\"application\/ld+json\" class=\"yoast-schema-graph\">{\"@context\":\"https:\\\/\\\/schema.org\",\"@graph\":[{\"@type\":\"Article\",\"@id\":\"https:\\\/\\\/www.eldiario.net\\\/portal\\\/2021\\\/10\\\/12\\\/la-formula-para-incluir-mas-mujeres-en-el-mercado\\\/#article\",\"isPartOf\":{\"@id\":\"https:\\\/\\\/www.eldiario.net\\\/portal\\\/2021\\\/10\\\/12\\\/la-formula-para-incluir-mas-mujeres-en-el-mercado\\\/\"},\"author\":{\"name\":\"Jeanette\",\"@id\":\"https:\\\/\\\/www.eldiario.net\\\/portal\\\/#\\\/schema\\\/person\\\/2c57cf2b7a7ae032e449e4c9b1019eac\"},\"headline\":\"La f\u00f3rmula para incluir m\u00e1s mujeres en el mercado\",\"datePublished\":\"2021-10-12T08:27:09+00:00\",\"mainEntityOfPage\":{\"@id\":\"https:\\\/\\\/www.eldiario.net\\\/portal\\\/2021\\\/10\\\/12\\\/la-formula-para-incluir-mas-mujeres-en-el-mercado\\\/\"},\"wordCount\":697,\"publisher\":{\"@id\":\"https:\\\/\\\/www.eldiario.net\\\/portal\\\/#organization\"},\"image\":{\"@id\":\"https:\\\/\\\/www.eldiario.net\\\/portal\\\/2021\\\/10\\\/12\\\/la-formula-para-incluir-mas-mujeres-en-el-mercado\\\/#primaryimage\"},\"thumbnailUrl\":\"\",\"articleSection\":[\"Opini\u00f3n\"],\"inLanguage\":\"es\"},{\"@type\":\"WebPage\",\"@id\":\"https:\\\/\\\/www.eldiario.net\\\/portal\\\/2021\\\/10\\\/12\\\/la-formula-para-incluir-mas-mujeres-en-el-mercado\\\/\",\"url\":\"https:\\\/\\\/www.eldiario.net\\\/portal\\\/2021\\\/10\\\/12\\\/la-formula-para-incluir-mas-mujeres-en-el-mercado\\\/\",\"name\":\"La f\u00f3rmula para incluir m\u00e1s mujeres en el mercado - El Diario - Bolivia\",\"isPartOf\":{\"@id\":\"https:\\\/\\\/www.eldiario.net\\\/portal\\\/#website\"},\"primaryImageOfPage\":{\"@id\":\"https:\\\/\\\/www.eldiario.net\\\/portal\\\/2021\\\/10\\\/12\\\/la-formula-para-incluir-mas-mujeres-en-el-mercado\\\/#primaryimage\"},\"image\":{\"@id\":\"https:\\\/\\\/www.eldiario.net\\\/portal\\\/2021\\\/10\\\/12\\\/la-formula-para-incluir-mas-mujeres-en-el-mercado\\\/#primaryimage\"},\"thumbnailUrl\":\"\",\"datePublished\":\"2021-10-12T08:27:09+00:00\",\"breadcrumb\":{\"@id\":\"https:\\\/\\\/www.eldiario.net\\\/portal\\\/2021\\\/10\\\/12\\\/la-formula-para-incluir-mas-mujeres-en-el-mercado\\\/#breadcrumb\"},\"inLanguage\":\"es\",\"potentialAction\":[{\"@type\":\"ReadAction\",\"target\":[\"https:\\\/\\\/www.eldiario.net\\\/portal\\\/2021\\\/10\\\/12\\\/la-formula-para-incluir-mas-mujeres-en-el-mercado\\\/\"]}]},{\"@type\":\"ImageObject\",\"inLanguage\":\"es\",\"@id\":\"https:\\\/\\\/www.eldiario.net\\\/portal\\\/2021\\\/10\\\/12\\\/la-formula-para-incluir-mas-mujeres-en-el-mercado\\\/#primaryimage\",\"url\":\"\",\"contentUrl\":\"\"},{\"@type\":\"BreadcrumbList\",\"@id\":\"https:\\\/\\\/www.eldiario.net\\\/portal\\\/2021\\\/10\\\/12\\\/la-formula-para-incluir-mas-mujeres-en-el-mercado\\\/#breadcrumb\",\"itemListElement\":[{\"@type\":\"ListItem\",\"position\":1,\"name\":\"Portada\",\"item\":\"https:\\\/\\\/www.eldiario.net\\\/portal\\\/\"},{\"@type\":\"ListItem\",\"position\":2,\"name\":\"La f\u00f3rmula para incluir m\u00e1s mujeres en el mercado\"}]},{\"@type\":\"WebSite\",\"@id\":\"https:\\\/\\\/www.eldiario.net\\\/portal\\\/#website\",\"url\":\"https:\\\/\\\/www.eldiario.net\\\/portal\\\/\",\"name\":\"El Diario - Decano de la prensa nacional\",\"description\":\"El Diario - Decano de la prensa nacional\",\"publisher\":{\"@id\":\"https:\\\/\\\/www.eldiario.net\\\/portal\\\/#organization\"},\"potentialAction\":[{\"@type\":\"SearchAction\",\"target\":{\"@type\":\"EntryPoint\",\"urlTemplate\":\"https:\\\/\\\/www.eldiario.net\\\/portal\\\/?s={search_term_string}\"},\"query-input\":{\"@type\":\"PropertyValueSpecification\",\"valueRequired\":true,\"valueName\":\"search_term_string\"}}],\"inLanguage\":\"es\"},{\"@type\":\"Organization\",\"@id\":\"https:\\\/\\\/www.eldiario.net\\\/portal\\\/#organization\",\"name\":\"El Diario - Decano de la prensa nacional\",\"url\":\"https:\\\/\\\/www.eldiario.net\\\/portal\\\/\",\"logo\":{\"@type\":\"ImageObject\",\"inLanguage\":\"es\",\"@id\":\"https:\\\/\\\/www.eldiario.net\\\/portal\\\/#\\\/schema\\\/logo\\\/image\\\/\",\"url\":\"https:\\\/\\\/www.eldiario.net\\\/portal\\\/wp-content\\\/uploads\\\/2023\\\/07\\\/logo_ED.jpg\",\"contentUrl\":\"https:\\\/\\\/www.eldiario.net\\\/portal\\\/wp-content\\\/uploads\\\/2023\\\/07\\\/logo_ED.jpg\",\"width\":272,\"height\":52,\"caption\":\"El Diario - Decano de la prensa nacional\"},\"image\":{\"@id\":\"https:\\\/\\\/www.eldiario.net\\\/portal\\\/#\\\/schema\\\/logo\\\/image\\\/\"},\"sameAs\":[\"https:\\\/\\\/www.facebook.com\\\/eldiario.bolivia\\\/\",\"https:\\\/\\\/x.com\\\/eldiario_net\"]},{\"@type\":\"Person\",\"@id\":\"https:\\\/\\\/www.eldiario.net\\\/portal\\\/#\\\/schema\\\/person\\\/2c57cf2b7a7ae032e449e4c9b1019eac\",\"name\":\"Jeanette\",\"image\":{\"@type\":\"ImageObject\",\"inLanguage\":\"es\",\"@id\":\"https:\\\/\\\/secure.gravatar.com\\\/avatar\\\/3ea2118a5f7dad2b7138b1187a6b7ee55f160b9968b66013c3a3ef39dd7e5798?s=96&d=mm&r=g\",\"url\":\"https:\\\/\\\/secure.gravatar.com\\\/avatar\\\/3ea2118a5f7dad2b7138b1187a6b7ee55f160b9968b66013c3a3ef39dd7e5798?s=96&d=mm&r=g\",\"contentUrl\":\"https:\\\/\\\/secure.gravatar.com\\\/avatar\\\/3ea2118a5f7dad2b7138b1187a6b7ee55f160b9968b66013c3a3ef39dd7e5798?s=96&d=mm&r=g\",\"caption\":\"Jeanette\"},\"sameAs\":[\"https:\\\/\\\/www.eldiario.net\\\/portal\"],\"url\":\"https:\\\/\\\/www.eldiario.net\\\/portal\\\/author\\\/jeanette\\\/\"}]}<\/script>\n<!-- \/ Yoast SEO plugin. -->","yoast_head_json":{"title":"La f\u00f3rmula para incluir m\u00e1s mujeres en el mercado - El Diario - Bolivia","robots":{"index":"index","follow":"follow","max-snippet":"max-snippet:-1","max-image-preview":"max-image-preview:large","max-video-preview":"max-video-preview:-1"},"canonical":"https:\/\/www.eldiario.net\/portal\/2021\/10\/12\/la-formula-para-incluir-mas-mujeres-en-el-mercado\/","og_locale":"es_ES","og_type":"article","og_title":"La f\u00f3rmula para incluir m\u00e1s mujeres en el mercado - El Diario - Bolivia","og_description":"Pensar en estrategias para incluir m\u00e1s mujeres en el mercado laboral es un placer para m\u00ed. No s\u00f3lo por ser mujer, madre de una ni\u00f1a o por ocupar un puesto de liderazgo en un sector, como el de log\u00edstica y producci\u00f3n, que tradicionalmente ha sido manejado por hombres. Vivimos en un contexto en el que [&hellip;]","og_url":"https:\/\/www.eldiario.net\/portal\/2021\/10\/12\/la-formula-para-incluir-mas-mujeres-en-el-mercado\/","og_site_name":"El Diario - Bolivia","article_publisher":"https:\/\/www.facebook.com\/eldiario.bolivia\/","article_published_time":"2021-10-12T08:27:09+00:00","author":"Jeanette","twitter_card":"summary_large_image","twitter_creator":"@eldiario_net","twitter_site":"@eldiario_net","twitter_misc":{"Escrito por":"Jeanette","Tiempo de lectura":"3 minutos"},"schema":{"@context":"https:\/\/schema.org","@graph":[{"@type":"Article","@id":"https:\/\/www.eldiario.net\/portal\/2021\/10\/12\/la-formula-para-incluir-mas-mujeres-en-el-mercado\/#article","isPartOf":{"@id":"https:\/\/www.eldiario.net\/portal\/2021\/10\/12\/la-formula-para-incluir-mas-mujeres-en-el-mercado\/"},"author":{"name":"Jeanette","@id":"https:\/\/www.eldiario.net\/portal\/#\/schema\/person\/2c57cf2b7a7ae032e449e4c9b1019eac"},"headline":"La f\u00f3rmula para incluir m\u00e1s mujeres en el mercado","datePublished":"2021-10-12T08:27:09+00:00","mainEntityOfPage":{"@id":"https:\/\/www.eldiario.net\/portal\/2021\/10\/12\/la-formula-para-incluir-mas-mujeres-en-el-mercado\/"},"wordCount":697,"publisher":{"@id":"https:\/\/www.eldiario.net\/portal\/#organization"},"image":{"@id":"https:\/\/www.eldiario.net\/portal\/2021\/10\/12\/la-formula-para-incluir-mas-mujeres-en-el-mercado\/#primaryimage"},"thumbnailUrl":"","articleSection":["Opini\u00f3n"],"inLanguage":"es"},{"@type":"WebPage","@id":"https:\/\/www.eldiario.net\/portal\/2021\/10\/12\/la-formula-para-incluir-mas-mujeres-en-el-mercado\/","url":"https:\/\/www.eldiario.net\/portal\/2021\/10\/12\/la-formula-para-incluir-mas-mujeres-en-el-mercado\/","name":"La f\u00f3rmula para incluir m\u00e1s mujeres en el mercado - El Diario - Bolivia","isPartOf":{"@id":"https:\/\/www.eldiario.net\/portal\/#website"},"primaryImageOfPage":{"@id":"https:\/\/www.eldiario.net\/portal\/2021\/10\/12\/la-formula-para-incluir-mas-mujeres-en-el-mercado\/#primaryimage"},"image":{"@id":"https:\/\/www.eldiario.net\/portal\/2021\/10\/12\/la-formula-para-incluir-mas-mujeres-en-el-mercado\/#primaryimage"},"thumbnailUrl":"","datePublished":"2021-10-12T08:27:09+00:00","breadcrumb":{"@id":"https:\/\/www.eldiario.net\/portal\/2021\/10\/12\/la-formula-para-incluir-mas-mujeres-en-el-mercado\/#breadcrumb"},"inLanguage":"es","potentialAction":[{"@type":"ReadAction","target":["https:\/\/www.eldiario.net\/portal\/2021\/10\/12\/la-formula-para-incluir-mas-mujeres-en-el-mercado\/"]}]},{"@type":"ImageObject","inLanguage":"es","@id":"https:\/\/www.eldiario.net\/portal\/2021\/10\/12\/la-formula-para-incluir-mas-mujeres-en-el-mercado\/#primaryimage","url":"","contentUrl":""},{"@type":"BreadcrumbList","@id":"https:\/\/www.eldiario.net\/portal\/2021\/10\/12\/la-formula-para-incluir-mas-mujeres-en-el-mercado\/#breadcrumb","itemListElement":[{"@type":"ListItem","position":1,"name":"Portada","item":"https:\/\/www.eldiario.net\/portal\/"},{"@type":"ListItem","position":2,"name":"La f\u00f3rmula para incluir m\u00e1s mujeres en el mercado"}]},{"@type":"WebSite","@id":"https:\/\/www.eldiario.net\/portal\/#website","url":"https:\/\/www.eldiario.net\/portal\/","name":"El Diario - Decano de la prensa nacional","description":"El Diario - Decano de la prensa nacional","publisher":{"@id":"https:\/\/www.eldiario.net\/portal\/#organization"},"potentialAction":[{"@type":"SearchAction","target":{"@type":"EntryPoint","urlTemplate":"https:\/\/www.eldiario.net\/portal\/?s={search_term_string}"},"query-input":{"@type":"PropertyValueSpecification","valueRequired":true,"valueName":"search_term_string"}}],"inLanguage":"es"},{"@type":"Organization","@id":"https:\/\/www.eldiario.net\/portal\/#organization","name":"El Diario - Decano de la prensa nacional","url":"https:\/\/www.eldiario.net\/portal\/","logo":{"@type":"ImageObject","inLanguage":"es","@id":"https:\/\/www.eldiario.net\/portal\/#\/schema\/logo\/image\/","url":"https:\/\/www.eldiario.net\/portal\/wp-content\/uploads\/2023\/07\/logo_ED.jpg","contentUrl":"https:\/\/www.eldiario.net\/portal\/wp-content\/uploads\/2023\/07\/logo_ED.jpg","width":272,"height":52,"caption":"El Diario - Decano de la prensa nacional"},"image":{"@id":"https:\/\/www.eldiario.net\/portal\/#\/schema\/logo\/image\/"},"sameAs":["https:\/\/www.facebook.com\/eldiario.bolivia\/","https:\/\/x.com\/eldiario_net"]},{"@type":"Person","@id":"https:\/\/www.eldiario.net\/portal\/#\/schema\/person\/2c57cf2b7a7ae032e449e4c9b1019eac","name":"Jeanette","image":{"@type":"ImageObject","inLanguage":"es","@id":"https:\/\/secure.gravatar.com\/avatar\/3ea2118a5f7dad2b7138b1187a6b7ee55f160b9968b66013c3a3ef39dd7e5798?s=96&d=mm&r=g","url":"https:\/\/secure.gravatar.com\/avatar\/3ea2118a5f7dad2b7138b1187a6b7ee55f160b9968b66013c3a3ef39dd7e5798?s=96&d=mm&r=g","contentUrl":"https:\/\/secure.gravatar.com\/avatar\/3ea2118a5f7dad2b7138b1187a6b7ee55f160b9968b66013c3a3ef39dd7e5798?s=96&d=mm&r=g","caption":"Jeanette"},"sameAs":["https:\/\/www.eldiario.net\/portal"],"url":"https:\/\/www.eldiario.net\/portal\/author\/jeanette\/"}]}},"_links":{"self":[{"href":"https:\/\/www.eldiario.net\/portal\/wp-json\/wp\/v2\/posts\/35846","targetHints":{"allow":["GET"]}}],"collection":[{"href":"https:\/\/www.eldiario.net\/portal\/wp-json\/wp\/v2\/posts"}],"about":[{"href":"https:\/\/www.eldiario.net\/portal\/wp-json\/wp\/v2\/types\/post"}],"author":[{"embeddable":true,"href":"https:\/\/www.eldiario.net\/portal\/wp-json\/wp\/v2\/users\/1"}],"replies":[{"embeddable":true,"href":"https:\/\/www.eldiario.net\/portal\/wp-json\/wp\/v2\/comments?post=35846"}],"version-history":[{"count":0,"href":"https:\/\/www.eldiario.net\/portal\/wp-json\/wp\/v2\/posts\/35846\/revisions"}],"wp:attachment":[{"href":"https:\/\/www.eldiario.net\/portal\/wp-json\/wp\/v2\/media?parent=35846"}],"wp:term":[{"taxonomy":"category","embeddable":true,"href":"https:\/\/www.eldiario.net\/portal\/wp-json\/wp\/v2\/categories?post=35846"},{"taxonomy":"post_tag","embeddable":true,"href":"https:\/\/www.eldiario.net\/portal\/wp-json\/wp\/v2\/tags?post=35846"}],"curies":[{"name":"wp","href":"https:\/\/api.w.org\/{rel}","templated":true}]}}