{"id":35826,"date":"2021-10-12T04:14:48","date_gmt":"2021-10-12T08:14:48","guid":{"rendered":"https:\/\/www.eldiario.net\/portal\/?p=35826"},"modified":"2021-10-12T04:14:48","modified_gmt":"2021-10-12T08:14:48","slug":"el-proyecto-educativo","status":"publish","type":"post","link":"https:\/\/www.eldiario.net\/portal\/2021\/10\/12\/el-proyecto-educativo\/","title":{"rendered":"El proyecto educativo"},"content":{"rendered":"<p><strong>\u00bfQu\u00e9 es el proyecto educativo?<\/strong><\/p>\n<p>&nbsp;<\/p>\n<p>Es poner en pr\u00e1ctica todas las actividades de una idea con un l\u00edmite de tiempo para llegar a un resultado \u00fanico. Tambi\u00e9n es considerada como una propuesta de soluci\u00f3n a un problema. Persigue objetivos de formaci\u00f3n y aprendizaje en un contexto determinado. Tiene la funci\u00f3n de establecer un marco global de referencia para coordinar todas las actuaciones de la comunidad educativa. Integra la realidad del centro y de su entorno definiendo metas propias y se\u00f1as de identidad para la consecuci\u00f3n de los objetivos educativos del centro. Como todo proyecto, surge del diagn\u00f3stico de una necesidad espec\u00edfica.<\/p>\n<p>&nbsp;<\/p>\n<p>Es una planificaci\u00f3n de actividades realizada por personas o una instituci\u00f3n. Las actividades deben estar ordenadas y relacionas correctamente con la finalidad de cumplir los objetivos.<\/p>\n<p>&nbsp;<\/p>\n<p>El proyecto es una propuesta de soluci\u00f3n originada a partir de las necesidades y problemas existentes en un lugar determinado. Se lo realiza en un tiempo fijo y con un debido presupuesto, la redacci\u00f3n debe ser lo m\u00e1s detallado y sencillo posible.<\/p>\n<p>&nbsp;<\/p>\n<p><strong>Estructura b\u00e1sica del proyecto educativo<\/strong><\/p>\n<p>&nbsp;<\/p>\n<p><strong>T\u00edtulo<\/strong><\/p>\n<p>&nbsp;<\/p>\n<p>Cuando ya se ha determinado el problema se deber\u00e1 elaborar el t\u00edtulo, el cual debe ser corto y preciso.<\/p>\n<p>&nbsp;<\/p>\n<p><strong>Objetivos<\/strong><\/p>\n<p>&nbsp;<\/p>\n<p>Son la parte m\u00e1s esencial del proyecto, ya que hacen referencia a d\u00f3nde que se quiere llegar, responden a las preguntas: \u00bfqu\u00e9?, \u00bfc\u00f3mo?, \u00bfqui\u00e9n?, \u00bfd\u00f3nde?; por lo tanto, deben ser claros, realizables y adecuados al tema.<\/p>\n<p>&nbsp;<\/p>\n<p><strong>Justificaci\u00f3n<\/strong><\/p>\n<p>&nbsp;<\/p>\n<p>La justificaci\u00f3n de un proyecto es un ejercicio argumentativo donde se exponen las razones por las cuales se realiza una investigaci\u00f3n o un proyecto, en ella, el responsable del proyecto establece juicios razonables sobre el sentido, la naturaleza y el inter\u00e9s que persigue dicho trabajo de cara a ciertos compromisos acad\u00e9micos o sociales.<\/p>\n<p>&nbsp;<\/p>\n<p><strong>Descripci\u00f3n del proyecto <\/strong><\/p>\n<p>&nbsp;<\/p>\n<p>Es la explicaci\u00f3n de cada una de las actividades y el tiempo que tomar\u00e1 el realizar el proyecto, tambi\u00e9n se mencionar\u00e1 el presupuesto; es decir, el dinero que se invertir\u00e1 o gastar\u00e1 en el mismo.<\/p>\n<p>&nbsp;<\/p>\n<p><strong>Ejecuci\u00f3n<\/strong><\/p>\n<p>&nbsp;<\/p>\n<p>Es la realizaci\u00f3n del proyecto de acuerdo a todo lo planteado; o sea, es la pr\u00e1ctica de las actividades.<\/p>\n<p>&nbsp;<\/p>\n<p><strong>Evaluaci\u00f3n<\/strong><\/p>\n<p>&nbsp;<\/p>\n<p>Es la observaci\u00f3n de la finalidad de las actividades del proyecto, para asegurar el \u00e9xito del proyecto sus componentes deben ser evaluados.<\/p>\n<p>&nbsp;<\/p>\n<p><strong>Caracter\u00edsticas de un proyecto<\/strong><\/p>\n<p>&nbsp;<\/p>\n<p>1 Persecuci\u00f3n de uno o varios objetivos.<\/p>\n<p>2 Disponibilidad limitada de recursos.<\/p>\n<p>3 Actividades planificadas, ejecutadas y supervisadas.<\/p>\n<p>4 L\u00edmites estrictos de tiempo.<\/p>\n<p>5 Resultados \u00fanicos esperados.<\/p>\n<p>&nbsp;<\/p>\n<p><strong>Clasificaci\u00f3n del proyecto educativo<\/strong><\/p>\n<p>&nbsp;<\/p>\n<p>Todos los proyectos presentan caracter\u00edsticas similares, como: estar limitados en un determinado tiempo, mantener un mismo prop\u00f3sito, contar con una planificaci\u00f3n espec\u00edfica, y otras semejantes.<\/p>\n<p>&nbsp;<\/p>\n<p>El proyecto puede ser realizado, por lo general, por varias personas; cada proyecto es \u00fanico y diferente a otro, aun considerando las caracter\u00edsticas similares mencionadas.<\/p>\n<p>&nbsp;<\/p>\n<p><strong>Seg\u00fan al lugar donde est\u00e1n destinados<\/strong><\/p>\n<p>&nbsp;<\/p>\n<p><strong>Proyectos agropecuarios<\/strong><\/p>\n<p>&nbsp;<\/p>\n<p>Son proyectos promueven la evoluci\u00f3n de la agricultura y la ganader\u00eda y mejoran el nivel de vida de los campesinos, elaborados con respecto a la crianza de animales y el cultivo de vegetaci\u00f3n como: la forestaci\u00f3n y la pesca, el riego, la agricultura, la ganader\u00eda, etc.<\/p>\n<p>&nbsp;<\/p>\n<p><strong>Proyectos industriales <\/strong><\/p>\n<p>&nbsp;<\/p>\n<p>Son proyectos que re\u00fanen todos los recursos necesarios para transformar una idea en una realidad de tipo industrial; es decir, de aplicaci\u00f3n en un contexto industrial. Esos recursos pueden ser escritos, c\u00e1lculos, dibujos, entre otros. Puede ser referidos al procesamiento de los productos en la pesca, agricultura y la ganader\u00eda como ser: textil, cementera, embutidos, etc.<\/p>\n<p>&nbsp;<\/p>\n<p><strong>Proyectos de infraestructura social <\/strong><\/p>\n<p>&nbsp;<\/p>\n<p>Son peque\u00f1as obras que tienen como objeto contribuir a satisfacer las necesidades b\u00e1sicas de la poblaci\u00f3n rural en situaci\u00f3n de pobreza, y financian l\u00edneas de intervenci\u00f3n en salud, educaci\u00f3n, etc.<\/p>\n<p>&nbsp;<\/p>\n<p><strong>Proyectos de infraestructura econ\u00f3mica<\/strong><\/p>\n<p>&nbsp;<\/p>\n<p>Son progra,as de apoyo para los sectores directamente productivos que forman la articulaci\u00f3n f\u00edsicoecon\u00f3mica de la regi\u00f3n y que determinan la ocupaci\u00f3n espacial del territorio. Elaborados sobre la econom\u00eda de bienes y servicios como ser: energ\u00eda el\u00e9ctrica, transporte, carreteras, sistema de telecomunicaciones, etc.<\/p>\n<p>&nbsp;<\/p>\n<p><strong>Proyectos de servicios<\/strong><\/p>\n<p>&nbsp;<\/p>\n<p>Son proyectos destinados a dar servicios de manera personal, t\u00e9cnica o material para personas o instituciones sin obtenci\u00f3n de beneficios. Estos proyectos dan paso a los proyectos de investigaci\u00f3n cient\u00edfica.<\/p>\n<p>&nbsp;<\/p>\n<p><strong>Seg\u00fan el ejecutor o practicante<\/strong><\/p>\n<p>&nbsp;<\/p>\n<p><strong>Proyectos p\u00fablicos<\/strong><\/p>\n<p>&nbsp;<\/p>\n<p>Son proyectos elaborados por las entidades p\u00fablicas correspondientes al gobierno. A trav\u00e9s de un grupo de tareas que comprometen recursos, actividades y similares para resolver las necesidades de la poblaci\u00f3n; basados principalmente en el mejoramiento de la salud, educaci\u00f3n, transporte, etc.<\/p>\n<p>&nbsp;<\/p>\n<p><strong>Proyectos privados<\/strong><\/p>\n<p>&nbsp;<\/p>\n<p>Son elaborados por entidades privadas, ya que son instrumentos de decisi\u00f3n que orienta y apoya el rpoceso racional de toma de decisiones, que permiten juzgar cuantitativamente y cualitativamente las ventajas y desventajas en la aignaci\u00f3n de recursos\u00a0 y as\u00ed determinar la rentabilidad de su aplicaci\u00f3n.<\/p>\n<p>&nbsp;<\/p>\n<p><strong>Proyectos mixtos<\/strong><\/p>\n<p>&nbsp;<\/p>\n<p>Elaborados con la coordinaci\u00f3n tanto del sector p\u00fablico y del sector privado, son proyectos de gran complejidad y extensi\u00f3n.<\/p>\n<p>&nbsp;<\/p>\n<p><strong>Seg\u00fan el \u00e1rea donde influye<\/strong><\/p>\n<p>&nbsp;<\/p>\n<p><strong>Proyectos locales<\/strong><\/p>\n<p>&nbsp;<\/p>\n<p>Son proyectos elaborados a partir de la necesidad en determinados lugares\u00a0 (provincias, pueblos, etc.). Son m\u00e1s sencillos por lo que requieren menos esfuerzo y trabajo de coordinaci\u00f3n, por l\u00f3gica menos dificultades de comunicaci\u00f3n.<\/p>\n<p>&nbsp;<\/p>\n<p><strong>Proyectos regionales<\/strong><\/p>\n<p>&nbsp;<\/p>\n<p>Son elaborados de acuerdo a las necesidades de\u00a0 una determinada regi\u00f3n. Promueve las acciones de desarrollo en colaboraci\u00f3n, que favorezca el intercambio de experiencias y aprendizajes, adem\u00e1s de la complementariedad entre diferentes entidades y en diferentes espacios.<\/p>\n<p>&nbsp;<\/p>\n<p><strong>Proyectos internacionales<\/strong><\/p>\n<p>&nbsp;<\/p>\n<p>Se trata de una planificacip\u00f3n que consiste en un conjunto de actividades que se encuentran interrelacionadas y creadas por o entre naciones para un ciderto fin.<\/p>\n<p>&nbsp;<\/p>\n<p><strong>Proyectos nacionales<\/strong><\/p>\n<p>&nbsp;<\/p>\n<p>Se refieren a una iniciativa que se ejecuta en la totalidad del territorio de un pa\u00eds\u00a0 o que aspira a llegar a todas las regiones de dicho territorio.<\/p>\n<p>&nbsp;<\/p>\n<p>Existe otra perspectiva para la divisi\u00f3n de los tipos de proyecto. La misma es como sigue:<\/p>\n<p>&nbsp;<\/p>\n<p><strong>Alcance<\/strong><\/p>\n<p>&nbsp;<\/p>\n<ul>\n<li>Proyecto cl\u00e1sico<\/li>\n<li>Proyecto de investigaci\u00f3n<\/li>\n<li>Estudio y an\u00e1lisis<\/li>\n<li>Estudios de viabilidad<\/li>\n<li>Proyecto industrial<\/li>\n<\/ul>\n<p>&nbsp;<\/p>\n<p><strong>Objeto<\/strong><\/p>\n<p>&nbsp;<\/p>\n<ul>\n<li>Proyectos de ingenier\u00eda<\/li>\n<li>Proyectos de consultor\u00eda<\/li>\n<li>Proyectos de desarrollo<\/li>\n<li>Proyectos de investigaci\u00f3n<\/li>\n<li>Proyectos ambientales<\/li>\n<\/ul>\n<p>&nbsp;<\/p>\n<p><strong>Persona o entidades<\/strong><\/p>\n<p>&nbsp;<\/p>\n<ul>\n<li>Proyectos externos<\/li>\n<li>Proyectos internos<\/li>\n<\/ul>\n<p>&nbsp;<\/p>\n<p><strong>Cliente o beneficiario<\/strong><\/p>\n<p>&nbsp;<\/p>\n<ul>\n<li>Proyectos p\u00fablicos<\/li>\n<li>Proyecto privados<\/li>\n<\/ul>\n<div id='gallery-1' class='gallery galleryid-35826 gallery-columns-3 gallery-size-medium'><figure class='gallery-item'>\n\t\t\t<div class='gallery-icon portrait'>\n\t\t\t\t<a href='https:\/\/www.eldiario.net\/portal\/2021\/10\/12\/el-proyecto-educativo\/te-beneficios\/'><img loading=\"lazy\" decoding=\"async\" width=\"195\" height=\"300\" src=\"https:\/\/www.eldiario.net\/portal\/wp-content\/uploads\/2021\/10\/TE-Beneficios-195x300.jpg\" class=\"attachment-medium size-medium\" alt=\"\" srcset=\"https:\/\/www.eldiario.net\/portal\/wp-content\/uploads\/2021\/10\/TE-Beneficios-195x300.jpg 195w, https:\/\/www.eldiario.net\/portal\/wp-content\/uploads\/2021\/10\/TE-Beneficios-667x1024.jpg 667w, https:\/\/www.eldiario.net\/portal\/wp-content\/uploads\/2021\/10\/TE-Beneficios-768x1179.jpg 768w, https:\/\/www.eldiario.net\/portal\/wp-content\/uploads\/2021\/10\/TE-Beneficios-1001x1536.jpg 1001w, https:\/\/www.eldiario.net\/portal\/wp-content\/uploads\/2021\/10\/TE-Beneficios-1334x2048.jpg 1334w, https:\/\/www.eldiario.net\/portal\/wp-content\/uploads\/2021\/10\/TE-Beneficios-696x1068.jpg 696w, https:\/\/www.eldiario.net\/portal\/wp-content\/uploads\/2021\/10\/TE-Beneficios-1068x1639.jpg 1068w, https:\/\/www.eldiario.net\/portal\/wp-content\/uploads\/2021\/10\/TE-Beneficios.jpg 1531w\" sizes=\"auto, (max-width: 195px) 100vw, 195px\" \/><\/a>\n\t\t\t<\/div><\/figure>\n\t\t<\/div>\n\n","protected":false},"excerpt":{"rendered":"<p>\u00bfQu\u00e9 es el proyecto educativo? &nbsp; Es poner en pr\u00e1ctica todas las actividades de una idea con un l\u00edmite de tiempo para llegar a un resultado \u00fanico. Tambi\u00e9n es considerada como una propuesta de soluci\u00f3n a un problema. Persigue objetivos de formaci\u00f3n y aprendizaje en un contexto determinado. Tiene la funci\u00f3n de establecer un marco [&hellip;]<\/p>\n","protected":false},"author":1,"featured_media":35827,"comment_status":"closed","ping_status":"closed","sticky":false,"template":"","format":"standard","meta":{"_acf_changed":false,"footnotes":""},"categories":[43],"tags":[],"class_list":["post-35826","post","type-post","status-publish","format-standard","has-post-thumbnail","category-nuevos-horizontes"],"acf":{"antetitulo":""},"yoast_head":"<!-- This site is optimized with the Yoast SEO plugin v28.4 - https:\/\/yoast.com\/product\/yoast-seo-wordpress\/ -->\n<title>El proyecto educativo - El Diario - Bolivia<\/title>\n<meta name=\"robots\" content=\"index, follow, max-snippet:-1, max-image-preview:large, max-video-preview:-1\" \/>\n<link rel=\"canonical\" href=\"https:\/\/www.eldiario.net\/portal\/2021\/10\/12\/el-proyecto-educativo\/\" \/>\n<meta property=\"og:locale\" content=\"es_ES\" \/>\n<meta property=\"og:type\" content=\"article\" \/>\n<meta property=\"og:title\" content=\"El proyecto educativo - El Diario - Bolivia\" \/>\n<meta property=\"og:description\" content=\"\u00bfQu\u00e9 es el proyecto educativo? &nbsp; Es poner en pr\u00e1ctica todas las actividades de una idea con un l\u00edmite de tiempo para llegar a un resultado \u00fanico. Tambi\u00e9n es considerada como una propuesta de soluci\u00f3n a un problema. Persigue objetivos de formaci\u00f3n y aprendizaje en un contexto determinado. Tiene la funci\u00f3n de establecer un marco [&hellip;]\" \/>\n<meta property=\"og:url\" content=\"https:\/\/www.eldiario.net\/portal\/2021\/10\/12\/el-proyecto-educativo\/\" \/>\n<meta property=\"og:site_name\" content=\"El Diario - Bolivia\" \/>\n<meta property=\"article:publisher\" content=\"https:\/\/www.facebook.com\/eldiario.bolivia\/\" \/>\n<meta property=\"article:published_time\" content=\"2021-10-12T08:14:48+00:00\" \/>\n<meta name=\"author\" content=\"Jeanette\" \/>\n<meta name=\"twitter:card\" content=\"summary_large_image\" \/>\n<meta name=\"twitter:creator\" content=\"@eldiario_net\" \/>\n<meta name=\"twitter:site\" content=\"@eldiario_net\" \/>\n<meta name=\"twitter:label1\" content=\"Escrito por\" \/>\n\t<meta name=\"twitter:data1\" content=\"Jeanette\" \/>\n\t<meta name=\"twitter:label2\" content=\"Tiempo de lectura\" \/>\n\t<meta name=\"twitter:data2\" content=\"5 minutos\" \/>\n<script type=\"application\/ld+json\" class=\"yoast-schema-graph\">{\"@context\":\"https:\\\/\\\/schema.org\",\"@graph\":[{\"@type\":\"Article\",\"@id\":\"https:\\\/\\\/www.eldiario.net\\\/portal\\\/2021\\\/10\\\/12\\\/el-proyecto-educativo\\\/#article\",\"isPartOf\":{\"@id\":\"https:\\\/\\\/www.eldiario.net\\\/portal\\\/2021\\\/10\\\/12\\\/el-proyecto-educativo\\\/\"},\"author\":{\"name\":\"Jeanette\",\"@id\":\"https:\\\/\\\/www.eldiario.net\\\/portal\\\/#\\\/schema\\\/person\\\/2c57cf2b7a7ae032e449e4c9b1019eac\"},\"headline\":\"El proyecto educativo\",\"datePublished\":\"2021-10-12T08:14:48+00:00\",\"mainEntityOfPage\":{\"@id\":\"https:\\\/\\\/www.eldiario.net\\\/portal\\\/2021\\\/10\\\/12\\\/el-proyecto-educativo\\\/\"},\"wordCount\":1155,\"publisher\":{\"@id\":\"https:\\\/\\\/www.eldiario.net\\\/portal\\\/#organization\"},\"image\":{\"@id\":\"https:\\\/\\\/www.eldiario.net\\\/portal\\\/2021\\\/10\\\/12\\\/el-proyecto-educativo\\\/#primaryimage\"},\"thumbnailUrl\":\"\",\"articleSection\":[\"Nuevos Horizontes\"],\"inLanguage\":\"es\"},{\"@type\":\"WebPage\",\"@id\":\"https:\\\/\\\/www.eldiario.net\\\/portal\\\/2021\\\/10\\\/12\\\/el-proyecto-educativo\\\/\",\"url\":\"https:\\\/\\\/www.eldiario.net\\\/portal\\\/2021\\\/10\\\/12\\\/el-proyecto-educativo\\\/\",\"name\":\"El proyecto educativo - El Diario - Bolivia\",\"isPartOf\":{\"@id\":\"https:\\\/\\\/www.eldiario.net\\\/portal\\\/#website\"},\"primaryImageOfPage\":{\"@id\":\"https:\\\/\\\/www.eldiario.net\\\/portal\\\/2021\\\/10\\\/12\\\/el-proyecto-educativo\\\/#primaryimage\"},\"image\":{\"@id\":\"https:\\\/\\\/www.eldiario.net\\\/portal\\\/2021\\\/10\\\/12\\\/el-proyecto-educativo\\\/#primaryimage\"},\"thumbnailUrl\":\"\",\"datePublished\":\"2021-10-12T08:14:48+00:00\",\"breadcrumb\":{\"@id\":\"https:\\\/\\\/www.eldiario.net\\\/portal\\\/2021\\\/10\\\/12\\\/el-proyecto-educativo\\\/#breadcrumb\"},\"inLanguage\":\"es\",\"potentialAction\":[{\"@type\":\"ReadAction\",\"target\":[\"https:\\\/\\\/www.eldiario.net\\\/portal\\\/2021\\\/10\\\/12\\\/el-proyecto-educativo\\\/\"]}]},{\"@type\":\"ImageObject\",\"inLanguage\":\"es\",\"@id\":\"https:\\\/\\\/www.eldiario.net\\\/portal\\\/2021\\\/10\\\/12\\\/el-proyecto-educativo\\\/#primaryimage\",\"url\":\"\",\"contentUrl\":\"\"},{\"@type\":\"BreadcrumbList\",\"@id\":\"https:\\\/\\\/www.eldiario.net\\\/portal\\\/2021\\\/10\\\/12\\\/el-proyecto-educativo\\\/#breadcrumb\",\"itemListElement\":[{\"@type\":\"ListItem\",\"position\":1,\"name\":\"Portada\",\"item\":\"https:\\\/\\\/www.eldiario.net\\\/portal\\\/\"},{\"@type\":\"ListItem\",\"position\":2,\"name\":\"El proyecto educativo\"}]},{\"@type\":\"WebSite\",\"@id\":\"https:\\\/\\\/www.eldiario.net\\\/portal\\\/#website\",\"url\":\"https:\\\/\\\/www.eldiario.net\\\/portal\\\/\",\"name\":\"El Diario - Decano de la prensa nacional\",\"description\":\"El Diario - Decano de la prensa nacional\",\"publisher\":{\"@id\":\"https:\\\/\\\/www.eldiario.net\\\/portal\\\/#organization\"},\"potentialAction\":[{\"@type\":\"SearchAction\",\"target\":{\"@type\":\"EntryPoint\",\"urlTemplate\":\"https:\\\/\\\/www.eldiario.net\\\/portal\\\/?s={search_term_string}\"},\"query-input\":{\"@type\":\"PropertyValueSpecification\",\"valueRequired\":true,\"valueName\":\"search_term_string\"}}],\"inLanguage\":\"es\"},{\"@type\":\"Organization\",\"@id\":\"https:\\\/\\\/www.eldiario.net\\\/portal\\\/#organization\",\"name\":\"El Diario - Decano de la prensa nacional\",\"url\":\"https:\\\/\\\/www.eldiario.net\\\/portal\\\/\",\"logo\":{\"@type\":\"ImageObject\",\"inLanguage\":\"es\",\"@id\":\"https:\\\/\\\/www.eldiario.net\\\/portal\\\/#\\\/schema\\\/logo\\\/image\\\/\",\"url\":\"https:\\\/\\\/www.eldiario.net\\\/portal\\\/wp-content\\\/uploads\\\/2023\\\/07\\\/logo_ED.jpg\",\"contentUrl\":\"https:\\\/\\\/www.eldiario.net\\\/portal\\\/wp-content\\\/uploads\\\/2023\\\/07\\\/logo_ED.jpg\",\"width\":272,\"height\":52,\"caption\":\"El Diario - Decano de la prensa nacional\"},\"image\":{\"@id\":\"https:\\\/\\\/www.eldiario.net\\\/portal\\\/#\\\/schema\\\/logo\\\/image\\\/\"},\"sameAs\":[\"https:\\\/\\\/www.facebook.com\\\/eldiario.bolivia\\\/\",\"https:\\\/\\\/x.com\\\/eldiario_net\"]},{\"@type\":\"Person\",\"@id\":\"https:\\\/\\\/www.eldiario.net\\\/portal\\\/#\\\/schema\\\/person\\\/2c57cf2b7a7ae032e449e4c9b1019eac\",\"name\":\"Jeanette\",\"image\":{\"@type\":\"ImageObject\",\"inLanguage\":\"es\",\"@id\":\"https:\\\/\\\/secure.gravatar.com\\\/avatar\\\/3ea2118a5f7dad2b7138b1187a6b7ee55f160b9968b66013c3a3ef39dd7e5798?s=96&d=mm&r=g\",\"url\":\"https:\\\/\\\/secure.gravatar.com\\\/avatar\\\/3ea2118a5f7dad2b7138b1187a6b7ee55f160b9968b66013c3a3ef39dd7e5798?s=96&d=mm&r=g\",\"contentUrl\":\"https:\\\/\\\/secure.gravatar.com\\\/avatar\\\/3ea2118a5f7dad2b7138b1187a6b7ee55f160b9968b66013c3a3ef39dd7e5798?s=96&d=mm&r=g\",\"caption\":\"Jeanette\"},\"sameAs\":[\"https:\\\/\\\/www.eldiario.net\\\/portal\"],\"url\":\"https:\\\/\\\/www.eldiario.net\\\/portal\\\/author\\\/jeanette\\\/\"}]}<\/script>\n<!-- \/ Yoast SEO plugin. -->","yoast_head_json":{"title":"El proyecto educativo - El Diario - Bolivia","robots":{"index":"index","follow":"follow","max-snippet":"max-snippet:-1","max-image-preview":"max-image-preview:large","max-video-preview":"max-video-preview:-1"},"canonical":"https:\/\/www.eldiario.net\/portal\/2021\/10\/12\/el-proyecto-educativo\/","og_locale":"es_ES","og_type":"article","og_title":"El proyecto educativo - El Diario - Bolivia","og_description":"\u00bfQu\u00e9 es el proyecto educativo? &nbsp; Es poner en pr\u00e1ctica todas las actividades de una idea con un l\u00edmite de tiempo para llegar a un resultado \u00fanico. Tambi\u00e9n es considerada como una propuesta de soluci\u00f3n a un problema. Persigue objetivos de formaci\u00f3n y aprendizaje en un contexto determinado. Tiene la funci\u00f3n de establecer un marco [&hellip;]","og_url":"https:\/\/www.eldiario.net\/portal\/2021\/10\/12\/el-proyecto-educativo\/","og_site_name":"El Diario - Bolivia","article_publisher":"https:\/\/www.facebook.com\/eldiario.bolivia\/","article_published_time":"2021-10-12T08:14:48+00:00","author":"Jeanette","twitter_card":"summary_large_image","twitter_creator":"@eldiario_net","twitter_site":"@eldiario_net","twitter_misc":{"Escrito por":"Jeanette","Tiempo de lectura":"5 minutos"},"schema":{"@context":"https:\/\/schema.org","@graph":[{"@type":"Article","@id":"https:\/\/www.eldiario.net\/portal\/2021\/10\/12\/el-proyecto-educativo\/#article","isPartOf":{"@id":"https:\/\/www.eldiario.net\/portal\/2021\/10\/12\/el-proyecto-educativo\/"},"author":{"name":"Jeanette","@id":"https:\/\/www.eldiario.net\/portal\/#\/schema\/person\/2c57cf2b7a7ae032e449e4c9b1019eac"},"headline":"El proyecto educativo","datePublished":"2021-10-12T08:14:48+00:00","mainEntityOfPage":{"@id":"https:\/\/www.eldiario.net\/portal\/2021\/10\/12\/el-proyecto-educativo\/"},"wordCount":1155,"publisher":{"@id":"https:\/\/www.eldiario.net\/portal\/#organization"},"image":{"@id":"https:\/\/www.eldiario.net\/portal\/2021\/10\/12\/el-proyecto-educativo\/#primaryimage"},"thumbnailUrl":"","articleSection":["Nuevos Horizontes"],"inLanguage":"es"},{"@type":"WebPage","@id":"https:\/\/www.eldiario.net\/portal\/2021\/10\/12\/el-proyecto-educativo\/","url":"https:\/\/www.eldiario.net\/portal\/2021\/10\/12\/el-proyecto-educativo\/","name":"El proyecto educativo - El Diario - Bolivia","isPartOf":{"@id":"https:\/\/www.eldiario.net\/portal\/#website"},"primaryImageOfPage":{"@id":"https:\/\/www.eldiario.net\/portal\/2021\/10\/12\/el-proyecto-educativo\/#primaryimage"},"image":{"@id":"https:\/\/www.eldiario.net\/portal\/2021\/10\/12\/el-proyecto-educativo\/#primaryimage"},"thumbnailUrl":"","datePublished":"2021-10-12T08:14:48+00:00","breadcrumb":{"@id":"https:\/\/www.eldiario.net\/portal\/2021\/10\/12\/el-proyecto-educativo\/#breadcrumb"},"inLanguage":"es","potentialAction":[{"@type":"ReadAction","target":["https:\/\/www.eldiario.net\/portal\/2021\/10\/12\/el-proyecto-educativo\/"]}]},{"@type":"ImageObject","inLanguage":"es","@id":"https:\/\/www.eldiario.net\/portal\/2021\/10\/12\/el-proyecto-educativo\/#primaryimage","url":"","contentUrl":""},{"@type":"BreadcrumbList","@id":"https:\/\/www.eldiario.net\/portal\/2021\/10\/12\/el-proyecto-educativo\/#breadcrumb","itemListElement":[{"@type":"ListItem","position":1,"name":"Portada","item":"https:\/\/www.eldiario.net\/portal\/"},{"@type":"ListItem","position":2,"name":"El proyecto educativo"}]},{"@type":"WebSite","@id":"https:\/\/www.eldiario.net\/portal\/#website","url":"https:\/\/www.eldiario.net\/portal\/","name":"El Diario - Decano de la prensa nacional","description":"El Diario - Decano de la prensa nacional","publisher":{"@id":"https:\/\/www.eldiario.net\/portal\/#organization"},"potentialAction":[{"@type":"SearchAction","target":{"@type":"EntryPoint","urlTemplate":"https:\/\/www.eldiario.net\/portal\/?s={search_term_string}"},"query-input":{"@type":"PropertyValueSpecification","valueRequired":true,"valueName":"search_term_string"}}],"inLanguage":"es"},{"@type":"Organization","@id":"https:\/\/www.eldiario.net\/portal\/#organization","name":"El Diario - Decano de la prensa nacional","url":"https:\/\/www.eldiario.net\/portal\/","logo":{"@type":"ImageObject","inLanguage":"es","@id":"https:\/\/www.eldiario.net\/portal\/#\/schema\/logo\/image\/","url":"https:\/\/www.eldiario.net\/portal\/wp-content\/uploads\/2023\/07\/logo_ED.jpg","contentUrl":"https:\/\/www.eldiario.net\/portal\/wp-content\/uploads\/2023\/07\/logo_ED.jpg","width":272,"height":52,"caption":"El Diario - Decano de la prensa nacional"},"image":{"@id":"https:\/\/www.eldiario.net\/portal\/#\/schema\/logo\/image\/"},"sameAs":["https:\/\/www.facebook.com\/eldiario.bolivia\/","https:\/\/x.com\/eldiario_net"]},{"@type":"Person","@id":"https:\/\/www.eldiario.net\/portal\/#\/schema\/person\/2c57cf2b7a7ae032e449e4c9b1019eac","name":"Jeanette","image":{"@type":"ImageObject","inLanguage":"es","@id":"https:\/\/secure.gravatar.com\/avatar\/3ea2118a5f7dad2b7138b1187a6b7ee55f160b9968b66013c3a3ef39dd7e5798?s=96&d=mm&r=g","url":"https:\/\/secure.gravatar.com\/avatar\/3ea2118a5f7dad2b7138b1187a6b7ee55f160b9968b66013c3a3ef39dd7e5798?s=96&d=mm&r=g","contentUrl":"https:\/\/secure.gravatar.com\/avatar\/3ea2118a5f7dad2b7138b1187a6b7ee55f160b9968b66013c3a3ef39dd7e5798?s=96&d=mm&r=g","caption":"Jeanette"},"sameAs":["https:\/\/www.eldiario.net\/portal"],"url":"https:\/\/www.eldiario.net\/portal\/author\/jeanette\/"}]}},"_links":{"self":[{"href":"https:\/\/www.eldiario.net\/portal\/wp-json\/wp\/v2\/posts\/35826","targetHints":{"allow":["GET"]}}],"collection":[{"href":"https:\/\/www.eldiario.net\/portal\/wp-json\/wp\/v2\/posts"}],"about":[{"href":"https:\/\/www.eldiario.net\/portal\/wp-json\/wp\/v2\/types\/post"}],"author":[{"embeddable":true,"href":"https:\/\/www.eldiario.net\/portal\/wp-json\/wp\/v2\/users\/1"}],"replies":[{"embeddable":true,"href":"https:\/\/www.eldiario.net\/portal\/wp-json\/wp\/v2\/comments?post=35826"}],"version-history":[{"count":0,"href":"https:\/\/www.eldiario.net\/portal\/wp-json\/wp\/v2\/posts\/35826\/revisions"}],"wp:attachment":[{"href":"https:\/\/www.eldiario.net\/portal\/wp-json\/wp\/v2\/media?parent=35826"}],"wp:term":[{"taxonomy":"category","embeddable":true,"href":"https:\/\/www.eldiario.net\/portal\/wp-json\/wp\/v2\/categories?post=35826"},{"taxonomy":"post_tag","embeddable":true,"href":"https:\/\/www.eldiario.net\/portal\/wp-json\/wp\/v2\/tags?post=35826"}],"curies":[{"name":"wp","href":"https:\/\/api.w.org\/{rel}","templated":true}]}}