{"id":35734,"date":"2021-10-11T05:28:23","date_gmt":"2021-10-11T09:28:23","guid":{"rendered":"https:\/\/www.eldiario.net\/portal\/?p=35734"},"modified":"2021-10-11T05:28:23","modified_gmt":"2021-10-11T09:28:23","slug":"cinco-sistemas-de-agua-afectados-por-la-sequia","status":"publish","type":"post","link":"https:\/\/www.eldiario.net\/portal\/2021\/10\/11\/cinco-sistemas-de-agua-afectados-por-la-sequia\/","title":{"rendered":"Cinco sistemas de agua  afectados por la sequ\u00eda"},"content":{"rendered":"<p>En el municipio de Yunchar\u00e1, la sequ\u00eda empieza a sentirse en varias comunidades; en cinco sectores desaparecieron las vertientes que prove\u00edan de agua a las familias de la zona alta del departamento. Hay preocupaci\u00f3n en los pobladores de los lugares afectados.<br \/>\nEn las comunidades de Mollespampa, Arteza, Santa B\u00e1rbara, Pueblo Viejo, Carapar\u00ed y Quiscacancha, es donde ya se siente los efectos de la sequ\u00eda, porque desaparecieron las vertientes.<br \/>\nAgust\u00edn Casasola, alcalde de Yunchar\u00e1, explic\u00f3 que al haberse secado las vertientes los sistemas de agua quedaron \u201cobsoletos\u201d, pues no hay el recurso h\u00eddrico para conducir por las ca\u00f1er\u00edas hasta los domicilios.<br \/>\nLa autoridad se\u00f1al\u00f3 que son sistemas de agua que fueron construidos hace cinco o seis a\u00f1os y todav\u00eda tienen tiempo de vida \u00fatil, pero al haberse secado el agua en los lugares de captaci\u00f3n, ya no se los usa y no hay manera de contrarrestar esa situaci\u00f3n, porque solo la naturaleza, mediante la lluvia, pueden volver a hacerlas funcionar.<br \/>\nAnte esa situaci\u00f3n, como municipio se vio en la necesidad de llevar agua en cisternas a las comunidades, donde tienen tinacos para almacenamiento. Sin embargo, la gente tiene que limitarse solo para tomar, el lavado de ropa y otras actividades deben hacerlo en r\u00edos o quebradas.<br \/>\nCon esa restricci\u00f3n, el agua les dura aproximadamente para un mes en las comunidades. Como municipio llevan el recurso h\u00eddrico a cinco comunidades, mientras que la Subgobernaci\u00f3n se ocupa de un n\u00famero similar de poblados. Cada instituci\u00f3n tiene un cami\u00f3n cisterna para provisi\u00f3n del agua.<\/p>\n","protected":false},"excerpt":{"rendered":"<p>En el municipio de Yunchar\u00e1, la sequ\u00eda empieza a sentirse en varias comunidades; en cinco sectores desaparecieron las vertientes que prove\u00edan de agua a las familias de la zona alta del departamento. Hay preocupaci\u00f3n en los pobladores de los lugares afectados. En las comunidades de Mollespampa, Arteza, Santa B\u00e1rbara, Pueblo Viejo, Carapar\u00ed y Quiscacancha, es [&hellip;]<\/p>\n","protected":false},"author":1,"featured_media":35735,"comment_status":"closed","ping_status":"closed","sticky":false,"template":"","format":"standard","meta":{"_acf_changed":false,"footnotes":""},"categories":[12],"tags":[],"class_list":["post-35734","post","type-post","status-publish","format-standard","has-post-thumbnail","category-nacional"],"acf":{"antetitulo":""},"yoast_head":"<!-- This site is optimized with the Yoast SEO plugin v28.3 - https:\/\/yoast.com\/product\/yoast-seo-wordpress\/ -->\n<title>Cinco sistemas de agua afectados por la sequ\u00eda - El Diario - Bolivia<\/title>\n<meta name=\"robots\" content=\"index, follow, max-snippet:-1, max-image-preview:large, max-video-preview:-1\" \/>\n<link rel=\"canonical\" href=\"https:\/\/www.eldiario.net\/portal\/2021\/10\/11\/cinco-sistemas-de-agua-afectados-por-la-sequia\/\" \/>\n<meta property=\"og:locale\" content=\"es_ES\" \/>\n<meta property=\"og:type\" content=\"article\" \/>\n<meta property=\"og:title\" content=\"Cinco sistemas de agua afectados por la sequ\u00eda - El Diario - Bolivia\" \/>\n<meta property=\"og:description\" content=\"En el municipio de Yunchar\u00e1, la sequ\u00eda empieza a sentirse en varias comunidades; en cinco sectores desaparecieron las vertientes que prove\u00edan de agua a las familias de la zona alta del departamento. Hay preocupaci\u00f3n en los pobladores de los lugares afectados. En las comunidades de Mollespampa, Arteza, Santa B\u00e1rbara, Pueblo Viejo, Carapar\u00ed y Quiscacancha, es [&hellip;]\" \/>\n<meta property=\"og:url\" content=\"https:\/\/www.eldiario.net\/portal\/2021\/10\/11\/cinco-sistemas-de-agua-afectados-por-la-sequia\/\" \/>\n<meta property=\"og:site_name\" content=\"El Diario - Bolivia\" \/>\n<meta property=\"article:publisher\" content=\"https:\/\/www.facebook.com\/eldiario.bolivia\/\" \/>\n<meta property=\"article:published_time\" content=\"2021-10-11T09:28:23+00:00\" \/>\n<meta name=\"author\" content=\"Jeanette\" \/>\n<meta name=\"twitter:card\" content=\"summary_large_image\" \/>\n<meta name=\"twitter:creator\" content=\"@eldiario_net\" \/>\n<meta name=\"twitter:site\" content=\"@eldiario_net\" \/>\n<meta name=\"twitter:label1\" content=\"Escrito por\" \/>\n\t<meta name=\"twitter:data1\" content=\"Jeanette\" \/>\n\t<meta name=\"twitter:label2\" content=\"Tiempo de lectura\" \/>\n\t<meta name=\"twitter:data2\" content=\"2 minutos\" \/>\n<script type=\"application\/ld+json\" class=\"yoast-schema-graph\">{\"@context\":\"https:\\\/\\\/schema.org\",\"@graph\":[{\"@type\":\"Article\",\"@id\":\"https:\\\/\\\/www.eldiario.net\\\/portal\\\/2021\\\/10\\\/11\\\/cinco-sistemas-de-agua-afectados-por-la-sequia\\\/#article\",\"isPartOf\":{\"@id\":\"https:\\\/\\\/www.eldiario.net\\\/portal\\\/2021\\\/10\\\/11\\\/cinco-sistemas-de-agua-afectados-por-la-sequia\\\/\"},\"author\":{\"name\":\"Jeanette\",\"@id\":\"https:\\\/\\\/www.eldiario.net\\\/portal\\\/#\\\/schema\\\/person\\\/f46445640444750d7d753ccd04ae01b7\"},\"headline\":\"Cinco sistemas de agua afectados por la sequ\u00eda\",\"datePublished\":\"2021-10-11T09:28:23+00:00\",\"mainEntityOfPage\":{\"@id\":\"https:\\\/\\\/www.eldiario.net\\\/portal\\\/2021\\\/10\\\/11\\\/cinco-sistemas-de-agua-afectados-por-la-sequia\\\/\"},\"wordCount\":282,\"publisher\":{\"@id\":\"https:\\\/\\\/www.eldiario.net\\\/portal\\\/#organization\"},\"image\":{\"@id\":\"https:\\\/\\\/www.eldiario.net\\\/portal\\\/2021\\\/10\\\/11\\\/cinco-sistemas-de-agua-afectados-por-la-sequia\\\/#primaryimage\"},\"thumbnailUrl\":\"\",\"articleSection\":[\"Nacional\"],\"inLanguage\":\"es\"},{\"@type\":\"WebPage\",\"@id\":\"https:\\\/\\\/www.eldiario.net\\\/portal\\\/2021\\\/10\\\/11\\\/cinco-sistemas-de-agua-afectados-por-la-sequia\\\/\",\"url\":\"https:\\\/\\\/www.eldiario.net\\\/portal\\\/2021\\\/10\\\/11\\\/cinco-sistemas-de-agua-afectados-por-la-sequia\\\/\",\"name\":\"Cinco sistemas de agua afectados por la sequ\u00eda - El Diario - Bolivia\",\"isPartOf\":{\"@id\":\"https:\\\/\\\/www.eldiario.net\\\/portal\\\/#website\"},\"primaryImageOfPage\":{\"@id\":\"https:\\\/\\\/www.eldiario.net\\\/portal\\\/2021\\\/10\\\/11\\\/cinco-sistemas-de-agua-afectados-por-la-sequia\\\/#primaryimage\"},\"image\":{\"@id\":\"https:\\\/\\\/www.eldiario.net\\\/portal\\\/2021\\\/10\\\/11\\\/cinco-sistemas-de-agua-afectados-por-la-sequia\\\/#primaryimage\"},\"thumbnailUrl\":\"\",\"datePublished\":\"2021-10-11T09:28:23+00:00\",\"breadcrumb\":{\"@id\":\"https:\\\/\\\/www.eldiario.net\\\/portal\\\/2021\\\/10\\\/11\\\/cinco-sistemas-de-agua-afectados-por-la-sequia\\\/#breadcrumb\"},\"inLanguage\":\"es\",\"potentialAction\":[{\"@type\":\"ReadAction\",\"target\":[\"https:\\\/\\\/www.eldiario.net\\\/portal\\\/2021\\\/10\\\/11\\\/cinco-sistemas-de-agua-afectados-por-la-sequia\\\/\"]}]},{\"@type\":\"ImageObject\",\"inLanguage\":\"es\",\"@id\":\"https:\\\/\\\/www.eldiario.net\\\/portal\\\/2021\\\/10\\\/11\\\/cinco-sistemas-de-agua-afectados-por-la-sequia\\\/#primaryimage\",\"url\":\"\",\"contentUrl\":\"\"},{\"@type\":\"BreadcrumbList\",\"@id\":\"https:\\\/\\\/www.eldiario.net\\\/portal\\\/2021\\\/10\\\/11\\\/cinco-sistemas-de-agua-afectados-por-la-sequia\\\/#breadcrumb\",\"itemListElement\":[{\"@type\":\"ListItem\",\"position\":1,\"name\":\"Portada\",\"item\":\"https:\\\/\\\/www.eldiario.net\\\/portal\\\/\"},{\"@type\":\"ListItem\",\"position\":2,\"name\":\"Cinco sistemas de agua afectados por la sequ\u00eda\"}]},{\"@type\":\"WebSite\",\"@id\":\"https:\\\/\\\/www.eldiario.net\\\/portal\\\/#website\",\"url\":\"https:\\\/\\\/www.eldiario.net\\\/portal\\\/\",\"name\":\"El Diario - Decano de la prensa nacional\",\"description\":\"El Diario - Decano de la prensa nacional\",\"publisher\":{\"@id\":\"https:\\\/\\\/www.eldiario.net\\\/portal\\\/#organization\"},\"potentialAction\":[{\"@type\":\"SearchAction\",\"target\":{\"@type\":\"EntryPoint\",\"urlTemplate\":\"https:\\\/\\\/www.eldiario.net\\\/portal\\\/?s={search_term_string}\"},\"query-input\":{\"@type\":\"PropertyValueSpecification\",\"valueRequired\":true,\"valueName\":\"search_term_string\"}}],\"inLanguage\":\"es\"},{\"@type\":\"Organization\",\"@id\":\"https:\\\/\\\/www.eldiario.net\\\/portal\\\/#organization\",\"name\":\"El Diario - Decano de la prensa nacional\",\"url\":\"https:\\\/\\\/www.eldiario.net\\\/portal\\\/\",\"logo\":{\"@type\":\"ImageObject\",\"inLanguage\":\"es\",\"@id\":\"https:\\\/\\\/www.eldiario.net\\\/portal\\\/#\\\/schema\\\/logo\\\/image\\\/\",\"url\":\"https:\\\/\\\/www.eldiario.net\\\/portal\\\/wp-content\\\/uploads\\\/2023\\\/07\\\/logo_ED.jpg\",\"contentUrl\":\"https:\\\/\\\/www.eldiario.net\\\/portal\\\/wp-content\\\/uploads\\\/2023\\\/07\\\/logo_ED.jpg\",\"width\":272,\"height\":52,\"caption\":\"El Diario - Decano de la prensa nacional\"},\"image\":{\"@id\":\"https:\\\/\\\/www.eldiario.net\\\/portal\\\/#\\\/schema\\\/logo\\\/image\\\/\"},\"sameAs\":[\"https:\\\/\\\/www.facebook.com\\\/eldiario.bolivia\\\/\",\"https:\\\/\\\/x.com\\\/eldiario_net\"]},{\"@type\":\"Person\",\"@id\":\"https:\\\/\\\/www.eldiario.net\\\/portal\\\/#\\\/schema\\\/person\\\/f46445640444750d7d753ccd04ae01b7\",\"name\":\"Jeanette\",\"image\":{\"@type\":\"ImageObject\",\"inLanguage\":\"es\",\"@id\":\"https:\\\/\\\/secure.gravatar.com\\\/avatar\\\/3ea2118a5f7dad2b7138b1187a6b7ee55f160b9968b66013c3a3ef39dd7e5798?s=96&d=mm&r=g\",\"url\":\"https:\\\/\\\/secure.gravatar.com\\\/avatar\\\/3ea2118a5f7dad2b7138b1187a6b7ee55f160b9968b66013c3a3ef39dd7e5798?s=96&d=mm&r=g\",\"contentUrl\":\"https:\\\/\\\/secure.gravatar.com\\\/avatar\\\/3ea2118a5f7dad2b7138b1187a6b7ee55f160b9968b66013c3a3ef39dd7e5798?s=96&d=mm&r=g\",\"caption\":\"Jeanette\"},\"sameAs\":[\"https:\\\/\\\/www.eldiario.net\\\/portal\"],\"url\":\"https:\\\/\\\/www.eldiario.net\\\/portal\\\/author\\\/jeanette\\\/\"}]}<\/script>\n<!-- \/ Yoast SEO plugin. -->","yoast_head_json":{"title":"Cinco sistemas de agua afectados por la sequ\u00eda - El Diario - Bolivia","robots":{"index":"index","follow":"follow","max-snippet":"max-snippet:-1","max-image-preview":"max-image-preview:large","max-video-preview":"max-video-preview:-1"},"canonical":"https:\/\/www.eldiario.net\/portal\/2021\/10\/11\/cinco-sistemas-de-agua-afectados-por-la-sequia\/","og_locale":"es_ES","og_type":"article","og_title":"Cinco sistemas de agua afectados por la sequ\u00eda - El Diario - Bolivia","og_description":"En el municipio de Yunchar\u00e1, la sequ\u00eda empieza a sentirse en varias comunidades; en cinco sectores desaparecieron las vertientes que prove\u00edan de agua a las familias de la zona alta del departamento. Hay preocupaci\u00f3n en los pobladores de los lugares afectados. En las comunidades de Mollespampa, Arteza, Santa B\u00e1rbara, Pueblo Viejo, Carapar\u00ed y Quiscacancha, es [&hellip;]","og_url":"https:\/\/www.eldiario.net\/portal\/2021\/10\/11\/cinco-sistemas-de-agua-afectados-por-la-sequia\/","og_site_name":"El Diario - Bolivia","article_publisher":"https:\/\/www.facebook.com\/eldiario.bolivia\/","article_published_time":"2021-10-11T09:28:23+00:00","author":"Jeanette","twitter_card":"summary_large_image","twitter_creator":"@eldiario_net","twitter_site":"@eldiario_net","twitter_misc":{"Escrito por":"Jeanette","Tiempo de lectura":"2 minutos"},"schema":{"@context":"https:\/\/schema.org","@graph":[{"@type":"Article","@id":"https:\/\/www.eldiario.net\/portal\/2021\/10\/11\/cinco-sistemas-de-agua-afectados-por-la-sequia\/#article","isPartOf":{"@id":"https:\/\/www.eldiario.net\/portal\/2021\/10\/11\/cinco-sistemas-de-agua-afectados-por-la-sequia\/"},"author":{"name":"Jeanette","@id":"https:\/\/www.eldiario.net\/portal\/#\/schema\/person\/f46445640444750d7d753ccd04ae01b7"},"headline":"Cinco sistemas de agua afectados por la sequ\u00eda","datePublished":"2021-10-11T09:28:23+00:00","mainEntityOfPage":{"@id":"https:\/\/www.eldiario.net\/portal\/2021\/10\/11\/cinco-sistemas-de-agua-afectados-por-la-sequia\/"},"wordCount":282,"publisher":{"@id":"https:\/\/www.eldiario.net\/portal\/#organization"},"image":{"@id":"https:\/\/www.eldiario.net\/portal\/2021\/10\/11\/cinco-sistemas-de-agua-afectados-por-la-sequia\/#primaryimage"},"thumbnailUrl":"","articleSection":["Nacional"],"inLanguage":"es"},{"@type":"WebPage","@id":"https:\/\/www.eldiario.net\/portal\/2021\/10\/11\/cinco-sistemas-de-agua-afectados-por-la-sequia\/","url":"https:\/\/www.eldiario.net\/portal\/2021\/10\/11\/cinco-sistemas-de-agua-afectados-por-la-sequia\/","name":"Cinco sistemas de agua afectados por la sequ\u00eda - El Diario - Bolivia","isPartOf":{"@id":"https:\/\/www.eldiario.net\/portal\/#website"},"primaryImageOfPage":{"@id":"https:\/\/www.eldiario.net\/portal\/2021\/10\/11\/cinco-sistemas-de-agua-afectados-por-la-sequia\/#primaryimage"},"image":{"@id":"https:\/\/www.eldiario.net\/portal\/2021\/10\/11\/cinco-sistemas-de-agua-afectados-por-la-sequia\/#primaryimage"},"thumbnailUrl":"","datePublished":"2021-10-11T09:28:23+00:00","breadcrumb":{"@id":"https:\/\/www.eldiario.net\/portal\/2021\/10\/11\/cinco-sistemas-de-agua-afectados-por-la-sequia\/#breadcrumb"},"inLanguage":"es","potentialAction":[{"@type":"ReadAction","target":["https:\/\/www.eldiario.net\/portal\/2021\/10\/11\/cinco-sistemas-de-agua-afectados-por-la-sequia\/"]}]},{"@type":"ImageObject","inLanguage":"es","@id":"https:\/\/www.eldiario.net\/portal\/2021\/10\/11\/cinco-sistemas-de-agua-afectados-por-la-sequia\/#primaryimage","url":"","contentUrl":""},{"@type":"BreadcrumbList","@id":"https:\/\/www.eldiario.net\/portal\/2021\/10\/11\/cinco-sistemas-de-agua-afectados-por-la-sequia\/#breadcrumb","itemListElement":[{"@type":"ListItem","position":1,"name":"Portada","item":"https:\/\/www.eldiario.net\/portal\/"},{"@type":"ListItem","position":2,"name":"Cinco sistemas de agua afectados por la sequ\u00eda"}]},{"@type":"WebSite","@id":"https:\/\/www.eldiario.net\/portal\/#website","url":"https:\/\/www.eldiario.net\/portal\/","name":"El Diario - Decano de la prensa nacional","description":"El Diario - Decano de la prensa nacional","publisher":{"@id":"https:\/\/www.eldiario.net\/portal\/#organization"},"potentialAction":[{"@type":"SearchAction","target":{"@type":"EntryPoint","urlTemplate":"https:\/\/www.eldiario.net\/portal\/?s={search_term_string}"},"query-input":{"@type":"PropertyValueSpecification","valueRequired":true,"valueName":"search_term_string"}}],"inLanguage":"es"},{"@type":"Organization","@id":"https:\/\/www.eldiario.net\/portal\/#organization","name":"El Diario - Decano de la prensa nacional","url":"https:\/\/www.eldiario.net\/portal\/","logo":{"@type":"ImageObject","inLanguage":"es","@id":"https:\/\/www.eldiario.net\/portal\/#\/schema\/logo\/image\/","url":"https:\/\/www.eldiario.net\/portal\/wp-content\/uploads\/2023\/07\/logo_ED.jpg","contentUrl":"https:\/\/www.eldiario.net\/portal\/wp-content\/uploads\/2023\/07\/logo_ED.jpg","width":272,"height":52,"caption":"El Diario - Decano de la prensa nacional"},"image":{"@id":"https:\/\/www.eldiario.net\/portal\/#\/schema\/logo\/image\/"},"sameAs":["https:\/\/www.facebook.com\/eldiario.bolivia\/","https:\/\/x.com\/eldiario_net"]},{"@type":"Person","@id":"https:\/\/www.eldiario.net\/portal\/#\/schema\/person\/f46445640444750d7d753ccd04ae01b7","name":"Jeanette","image":{"@type":"ImageObject","inLanguage":"es","@id":"https:\/\/secure.gravatar.com\/avatar\/3ea2118a5f7dad2b7138b1187a6b7ee55f160b9968b66013c3a3ef39dd7e5798?s=96&d=mm&r=g","url":"https:\/\/secure.gravatar.com\/avatar\/3ea2118a5f7dad2b7138b1187a6b7ee55f160b9968b66013c3a3ef39dd7e5798?s=96&d=mm&r=g","contentUrl":"https:\/\/secure.gravatar.com\/avatar\/3ea2118a5f7dad2b7138b1187a6b7ee55f160b9968b66013c3a3ef39dd7e5798?s=96&d=mm&r=g","caption":"Jeanette"},"sameAs":["https:\/\/www.eldiario.net\/portal"],"url":"https:\/\/www.eldiario.net\/portal\/author\/jeanette\/"}]}},"_links":{"self":[{"href":"https:\/\/www.eldiario.net\/portal\/wp-json\/wp\/v2\/posts\/35734","targetHints":{"allow":["GET"]}}],"collection":[{"href":"https:\/\/www.eldiario.net\/portal\/wp-json\/wp\/v2\/posts"}],"about":[{"href":"https:\/\/www.eldiario.net\/portal\/wp-json\/wp\/v2\/types\/post"}],"author":[{"embeddable":true,"href":"https:\/\/www.eldiario.net\/portal\/wp-json\/wp\/v2\/users\/1"}],"replies":[{"embeddable":true,"href":"https:\/\/www.eldiario.net\/portal\/wp-json\/wp\/v2\/comments?post=35734"}],"version-history":[{"count":0,"href":"https:\/\/www.eldiario.net\/portal\/wp-json\/wp\/v2\/posts\/35734\/revisions"}],"wp:attachment":[{"href":"https:\/\/www.eldiario.net\/portal\/wp-json\/wp\/v2\/media?parent=35734"}],"wp:term":[{"taxonomy":"category","embeddable":true,"href":"https:\/\/www.eldiario.net\/portal\/wp-json\/wp\/v2\/categories?post=35734"},{"taxonomy":"post_tag","embeddable":true,"href":"https:\/\/www.eldiario.net\/portal\/wp-json\/wp\/v2\/tags?post=35734"}],"curies":[{"name":"wp","href":"https:\/\/api.w.org\/{rel}","templated":true}]}}