{"id":356794,"date":"2026-01-04T07:02:26","date_gmt":"2026-01-04T11:02:26","guid":{"rendered":"https:\/\/www.eldiario.net\/portal\/?p=356794"},"modified":"2026-01-04T07:02:26","modified_gmt":"2026-01-04T11:02:26","slug":"machado-anuncia-que-llego-la-libertad-para-venezuela","status":"publish","type":"post","link":"https:\/\/www.eldiario.net\/portal\/2026\/01\/04\/machado-anuncia-que-llego-la-libertad-para-venezuela\/","title":{"rendered":"Machado anuncia que lleg\u00f3 \u201cla libertad\u201d para Venezuela"},"content":{"rendered":"<p>La l\u00edder de la oposici\u00f3n venezolana y Premio Nobel de la Paz en su \u00faltima edici\u00f3n, Mar\u00eda Corina Machado, sostuvo en un comunicado ayer despu\u00e9s del ataque estadounidense contra Venezuela y la \u201cextracci\u00f3n\u201d del mandatario Nicol\u00e1s Maduro, que \u201choy estamos preparados para hacer valer nuestro mandato y tomar el poder\u201d.<br \/>\nMachado, rompiendo el silencio que durante todo el d\u00eda hab\u00edan mantenido los l\u00edderes de la oposici\u00f3n venezolana, se\u00f1al\u00f3 que \u201clleg\u00f3 la hora de la libertad\u201d. \u201cNicol\u00e1s Maduro desde hoy enfrenta la justicia internacional por los cr\u00edmenes atroces cometidos contra los venezolanos\u201d, comienza el comunicado.<br \/>\nAdem\u00e1s, a los venezolanos, les pide estar \u201clistos para poner en marcha lo que muy pronto les vamos a comunicar\u201d si est\u00e1n dentro del pa\u00eds. Y a los que est\u00e1n fuera, les pidi\u00f3 estar \u201cmovilizados\u201d y \u201cactivando a los gobiernos y ciudadanos del mundo\u201d.<\/p>\n<p>TRUMP \u00abANALIZAR\u00c1\u00bb<br \/>\nRESPALDO<br \/>\nEl presidente de Estados Unidos, Donald Trump, se\u00f1al\u00f3 ayer que tendr\u00eda que \u201canalizar\u201d si respalda a Machado como l\u00edder de una transici\u00f3n en Venezuela tras la captura de Maduro. Preguntado sobre el tema en una entrevista con la cadena Fox respondi\u00f3: \u201cBueno, vamos a tener que analizarlo ahora mismo\u201d. (Dw)<\/p>\n<p>&nbsp;<\/p>\n","protected":false},"excerpt":{"rendered":"<p>La l\u00edder de la oposici\u00f3n venezolana y Premio Nobel de la Paz en su \u00faltima edici\u00f3n, Mar\u00eda Corina Machado, sostuvo en un comunicado ayer despu\u00e9s del ataque estadounidense contra Venezuela y la \u201cextracci\u00f3n\u201d del mandatario Nicol\u00e1s Maduro, que \u201choy estamos preparados para hacer valer nuestro mandato y tomar el poder\u201d. Machado, rompiendo el silencio que [&hellip;]<\/p>\n","protected":false},"author":1,"featured_media":356795,"comment_status":"closed","ping_status":"open","sticky":false,"template":"","format":"standard","meta":{"_acf_changed":false,"footnotes":""},"categories":[3],"tags":[],"class_list":["post-356794","post","type-post","status-publish","format-standard","has-post-thumbnail","category-internacional"],"acf":{"antetitulo":""},"yoast_head":"<!-- This site is optimized with the Yoast SEO plugin v28.4 - https:\/\/yoast.com\/product\/yoast-seo-wordpress\/ -->\n<title>Machado anuncia que lleg\u00f3 \u201cla libertad\u201d para Venezuela - El Diario - Bolivia<\/title>\n<meta name=\"robots\" content=\"index, follow, max-snippet:-1, max-image-preview:large, max-video-preview:-1\" \/>\n<link rel=\"canonical\" href=\"https:\/\/www.eldiario.net\/portal\/2026\/01\/04\/machado-anuncia-que-llego-la-libertad-para-venezuela\/\" \/>\n<meta property=\"og:locale\" content=\"es_ES\" \/>\n<meta property=\"og:type\" content=\"article\" \/>\n<meta property=\"og:title\" content=\"Machado anuncia que lleg\u00f3 \u201cla libertad\u201d para Venezuela - El Diario - Bolivia\" \/>\n<meta property=\"og:description\" content=\"La l\u00edder de la oposici\u00f3n venezolana y Premio Nobel de la Paz en su \u00faltima edici\u00f3n, Mar\u00eda Corina Machado, sostuvo en un comunicado ayer despu\u00e9s del ataque estadounidense contra Venezuela y la \u201cextracci\u00f3n\u201d del mandatario Nicol\u00e1s Maduro, que \u201choy estamos preparados para hacer valer nuestro mandato y tomar el poder\u201d. Machado, rompiendo el silencio que [&hellip;]\" \/>\n<meta property=\"og:url\" content=\"https:\/\/www.eldiario.net\/portal\/2026\/01\/04\/machado-anuncia-que-llego-la-libertad-para-venezuela\/\" \/>\n<meta property=\"og:site_name\" content=\"El Diario - Bolivia\" \/>\n<meta property=\"article:publisher\" content=\"https:\/\/www.facebook.com\/eldiario.bolivia\/\" \/>\n<meta property=\"article:published_time\" content=\"2026-01-04T11:02:26+00:00\" \/>\n<meta property=\"og:image\" content=\"https:\/\/www.eldiario.net\/portal\/wp-content\/uploads\/2026\/01\/MACHADO-Yahoo-noticias.webp\" \/>\n\t<meta property=\"og:image:width\" content=\"1242\" \/>\n\t<meta property=\"og:image:height\" content=\"699\" \/>\n\t<meta property=\"og:image:type\" content=\"image\/webp\" \/>\n<meta name=\"author\" content=\"Jeanette\" \/>\n<meta name=\"twitter:card\" content=\"summary_large_image\" \/>\n<meta name=\"twitter:creator\" content=\"@eldiario_net\" \/>\n<meta name=\"twitter:site\" content=\"@eldiario_net\" \/>\n<meta name=\"twitter:label1\" content=\"Escrito por\" \/>\n\t<meta name=\"twitter:data1\" content=\"Jeanette\" \/>\n\t<meta name=\"twitter:label2\" content=\"Tiempo de lectura\" \/>\n\t<meta name=\"twitter:data2\" content=\"2 minutos\" \/>\n<script type=\"application\/ld+json\" class=\"yoast-schema-graph\">{\"@context\":\"https:\\\/\\\/schema.org\",\"@graph\":[{\"@type\":\"Article\",\"@id\":\"https:\\\/\\\/www.eldiario.net\\\/portal\\\/2026\\\/01\\\/04\\\/machado-anuncia-que-llego-la-libertad-para-venezuela\\\/#article\",\"isPartOf\":{\"@id\":\"https:\\\/\\\/www.eldiario.net\\\/portal\\\/2026\\\/01\\\/04\\\/machado-anuncia-que-llego-la-libertad-para-venezuela\\\/\"},\"author\":{\"name\":\"Jeanette\",\"@id\":\"https:\\\/\\\/www.eldiario.net\\\/portal\\\/#\\\/schema\\\/person\\\/2c57cf2b7a7ae032e449e4c9b1019eac\"},\"headline\":\"Machado anuncia que lleg\u00f3 \u201cla libertad\u201d para Venezuela\",\"datePublished\":\"2026-01-04T11:02:26+00:00\",\"mainEntityOfPage\":{\"@id\":\"https:\\\/\\\/www.eldiario.net\\\/portal\\\/2026\\\/01\\\/04\\\/machado-anuncia-que-llego-la-libertad-para-venezuela\\\/\"},\"wordCount\":222,\"publisher\":{\"@id\":\"https:\\\/\\\/www.eldiario.net\\\/portal\\\/#organization\"},\"image\":{\"@id\":\"https:\\\/\\\/www.eldiario.net\\\/portal\\\/2026\\\/01\\\/04\\\/machado-anuncia-que-llego-la-libertad-para-venezuela\\\/#primaryimage\"},\"thumbnailUrl\":\"https:\\\/\\\/www.eldiario.net\\\/portal\\\/wp-content\\\/uploads\\\/2026\\\/01\\\/MACHADO-Yahoo-noticias.webp\",\"articleSection\":[\"Internacional\"],\"inLanguage\":\"es\"},{\"@type\":\"WebPage\",\"@id\":\"https:\\\/\\\/www.eldiario.net\\\/portal\\\/2026\\\/01\\\/04\\\/machado-anuncia-que-llego-la-libertad-para-venezuela\\\/\",\"url\":\"https:\\\/\\\/www.eldiario.net\\\/portal\\\/2026\\\/01\\\/04\\\/machado-anuncia-que-llego-la-libertad-para-venezuela\\\/\",\"name\":\"Machado anuncia que lleg\u00f3 \u201cla libertad\u201d para Venezuela - El Diario - Bolivia\",\"isPartOf\":{\"@id\":\"https:\\\/\\\/www.eldiario.net\\\/portal\\\/#website\"},\"primaryImageOfPage\":{\"@id\":\"https:\\\/\\\/www.eldiario.net\\\/portal\\\/2026\\\/01\\\/04\\\/machado-anuncia-que-llego-la-libertad-para-venezuela\\\/#primaryimage\"},\"image\":{\"@id\":\"https:\\\/\\\/www.eldiario.net\\\/portal\\\/2026\\\/01\\\/04\\\/machado-anuncia-que-llego-la-libertad-para-venezuela\\\/#primaryimage\"},\"thumbnailUrl\":\"https:\\\/\\\/www.eldiario.net\\\/portal\\\/wp-content\\\/uploads\\\/2026\\\/01\\\/MACHADO-Yahoo-noticias.webp\",\"datePublished\":\"2026-01-04T11:02:26+00:00\",\"breadcrumb\":{\"@id\":\"https:\\\/\\\/www.eldiario.net\\\/portal\\\/2026\\\/01\\\/04\\\/machado-anuncia-que-llego-la-libertad-para-venezuela\\\/#breadcrumb\"},\"inLanguage\":\"es\",\"potentialAction\":[{\"@type\":\"ReadAction\",\"target\":[\"https:\\\/\\\/www.eldiario.net\\\/portal\\\/2026\\\/01\\\/04\\\/machado-anuncia-que-llego-la-libertad-para-venezuela\\\/\"]}]},{\"@type\":\"ImageObject\",\"inLanguage\":\"es\",\"@id\":\"https:\\\/\\\/www.eldiario.net\\\/portal\\\/2026\\\/01\\\/04\\\/machado-anuncia-que-llego-la-libertad-para-venezuela\\\/#primaryimage\",\"url\":\"https:\\\/\\\/www.eldiario.net\\\/portal\\\/wp-content\\\/uploads\\\/2026\\\/01\\\/MACHADO-Yahoo-noticias.webp\",\"contentUrl\":\"https:\\\/\\\/www.eldiario.net\\\/portal\\\/wp-content\\\/uploads\\\/2026\\\/01\\\/MACHADO-Yahoo-noticias.webp\",\"width\":1242,\"height\":699,\"caption\":\"La l\u00edder opositora, Mar\u00eda Corina Machado.\"},{\"@type\":\"BreadcrumbList\",\"@id\":\"https:\\\/\\\/www.eldiario.net\\\/portal\\\/2026\\\/01\\\/04\\\/machado-anuncia-que-llego-la-libertad-para-venezuela\\\/#breadcrumb\",\"itemListElement\":[{\"@type\":\"ListItem\",\"position\":1,\"name\":\"Portada\",\"item\":\"https:\\\/\\\/www.eldiario.net\\\/portal\\\/\"},{\"@type\":\"ListItem\",\"position\":2,\"name\":\"Machado anuncia que lleg\u00f3 \u201cla libertad\u201d para Venezuela\"}]},{\"@type\":\"WebSite\",\"@id\":\"https:\\\/\\\/www.eldiario.net\\\/portal\\\/#website\",\"url\":\"https:\\\/\\\/www.eldiario.net\\\/portal\\\/\",\"name\":\"El Diario - Decano de la prensa nacional\",\"description\":\"El Diario - Decano de la prensa nacional\",\"publisher\":{\"@id\":\"https:\\\/\\\/www.eldiario.net\\\/portal\\\/#organization\"},\"potentialAction\":[{\"@type\":\"SearchAction\",\"target\":{\"@type\":\"EntryPoint\",\"urlTemplate\":\"https:\\\/\\\/www.eldiario.net\\\/portal\\\/?s={search_term_string}\"},\"query-input\":{\"@type\":\"PropertyValueSpecification\",\"valueRequired\":true,\"valueName\":\"search_term_string\"}}],\"inLanguage\":\"es\"},{\"@type\":\"Organization\",\"@id\":\"https:\\\/\\\/www.eldiario.net\\\/portal\\\/#organization\",\"name\":\"El Diario - Decano de la prensa nacional\",\"url\":\"https:\\\/\\\/www.eldiario.net\\\/portal\\\/\",\"logo\":{\"@type\":\"ImageObject\",\"inLanguage\":\"es\",\"@id\":\"https:\\\/\\\/www.eldiario.net\\\/portal\\\/#\\\/schema\\\/logo\\\/image\\\/\",\"url\":\"https:\\\/\\\/www.eldiario.net\\\/portal\\\/wp-content\\\/uploads\\\/2023\\\/07\\\/logo_ED.jpg\",\"contentUrl\":\"https:\\\/\\\/www.eldiario.net\\\/portal\\\/wp-content\\\/uploads\\\/2023\\\/07\\\/logo_ED.jpg\",\"width\":272,\"height\":52,\"caption\":\"El Diario - Decano de la prensa nacional\"},\"image\":{\"@id\":\"https:\\\/\\\/www.eldiario.net\\\/portal\\\/#\\\/schema\\\/logo\\\/image\\\/\"},\"sameAs\":[\"https:\\\/\\\/www.facebook.com\\\/eldiario.bolivia\\\/\",\"https:\\\/\\\/x.com\\\/eldiario_net\"]},{\"@type\":\"Person\",\"@id\":\"https:\\\/\\\/www.eldiario.net\\\/portal\\\/#\\\/schema\\\/person\\\/2c57cf2b7a7ae032e449e4c9b1019eac\",\"name\":\"Jeanette\",\"image\":{\"@type\":\"ImageObject\",\"inLanguage\":\"es\",\"@id\":\"https:\\\/\\\/secure.gravatar.com\\\/avatar\\\/3ea2118a5f7dad2b7138b1187a6b7ee55f160b9968b66013c3a3ef39dd7e5798?s=96&d=mm&r=g\",\"url\":\"https:\\\/\\\/secure.gravatar.com\\\/avatar\\\/3ea2118a5f7dad2b7138b1187a6b7ee55f160b9968b66013c3a3ef39dd7e5798?s=96&d=mm&r=g\",\"contentUrl\":\"https:\\\/\\\/secure.gravatar.com\\\/avatar\\\/3ea2118a5f7dad2b7138b1187a6b7ee55f160b9968b66013c3a3ef39dd7e5798?s=96&d=mm&r=g\",\"caption\":\"Jeanette\"},\"sameAs\":[\"https:\\\/\\\/www.eldiario.net\\\/portal\"],\"url\":\"https:\\\/\\\/www.eldiario.net\\\/portal\\\/author\\\/jeanette\\\/\"}]}<\/script>\n<!-- \/ Yoast SEO plugin. -->","yoast_head_json":{"title":"Machado anuncia que lleg\u00f3 \u201cla libertad\u201d para Venezuela - El Diario - Bolivia","robots":{"index":"index","follow":"follow","max-snippet":"max-snippet:-1","max-image-preview":"max-image-preview:large","max-video-preview":"max-video-preview:-1"},"canonical":"https:\/\/www.eldiario.net\/portal\/2026\/01\/04\/machado-anuncia-que-llego-la-libertad-para-venezuela\/","og_locale":"es_ES","og_type":"article","og_title":"Machado anuncia que lleg\u00f3 \u201cla libertad\u201d para Venezuela - El Diario - Bolivia","og_description":"La l\u00edder de la oposici\u00f3n venezolana y Premio Nobel de la Paz en su \u00faltima edici\u00f3n, Mar\u00eda Corina Machado, sostuvo en un comunicado ayer despu\u00e9s del ataque estadounidense contra Venezuela y la \u201cextracci\u00f3n\u201d del mandatario Nicol\u00e1s Maduro, que \u201choy estamos preparados para hacer valer nuestro mandato y tomar el poder\u201d. Machado, rompiendo el silencio que [&hellip;]","og_url":"https:\/\/www.eldiario.net\/portal\/2026\/01\/04\/machado-anuncia-que-llego-la-libertad-para-venezuela\/","og_site_name":"El Diario - Bolivia","article_publisher":"https:\/\/www.facebook.com\/eldiario.bolivia\/","article_published_time":"2026-01-04T11:02:26+00:00","og_image":[{"width":1242,"height":699,"url":"https:\/\/www.eldiario.net\/portal\/wp-content\/uploads\/2026\/01\/MACHADO-Yahoo-noticias.webp","type":"image\/webp"}],"author":"Jeanette","twitter_card":"summary_large_image","twitter_creator":"@eldiario_net","twitter_site":"@eldiario_net","twitter_misc":{"Escrito por":"Jeanette","Tiempo de lectura":"2 minutos"},"schema":{"@context":"https:\/\/schema.org","@graph":[{"@type":"Article","@id":"https:\/\/www.eldiario.net\/portal\/2026\/01\/04\/machado-anuncia-que-llego-la-libertad-para-venezuela\/#article","isPartOf":{"@id":"https:\/\/www.eldiario.net\/portal\/2026\/01\/04\/machado-anuncia-que-llego-la-libertad-para-venezuela\/"},"author":{"name":"Jeanette","@id":"https:\/\/www.eldiario.net\/portal\/#\/schema\/person\/2c57cf2b7a7ae032e449e4c9b1019eac"},"headline":"Machado anuncia que lleg\u00f3 \u201cla libertad\u201d para Venezuela","datePublished":"2026-01-04T11:02:26+00:00","mainEntityOfPage":{"@id":"https:\/\/www.eldiario.net\/portal\/2026\/01\/04\/machado-anuncia-que-llego-la-libertad-para-venezuela\/"},"wordCount":222,"publisher":{"@id":"https:\/\/www.eldiario.net\/portal\/#organization"},"image":{"@id":"https:\/\/www.eldiario.net\/portal\/2026\/01\/04\/machado-anuncia-que-llego-la-libertad-para-venezuela\/#primaryimage"},"thumbnailUrl":"https:\/\/www.eldiario.net\/portal\/wp-content\/uploads\/2026\/01\/MACHADO-Yahoo-noticias.webp","articleSection":["Internacional"],"inLanguage":"es"},{"@type":"WebPage","@id":"https:\/\/www.eldiario.net\/portal\/2026\/01\/04\/machado-anuncia-que-llego-la-libertad-para-venezuela\/","url":"https:\/\/www.eldiario.net\/portal\/2026\/01\/04\/machado-anuncia-que-llego-la-libertad-para-venezuela\/","name":"Machado anuncia que lleg\u00f3 \u201cla libertad\u201d para Venezuela - El Diario - Bolivia","isPartOf":{"@id":"https:\/\/www.eldiario.net\/portal\/#website"},"primaryImageOfPage":{"@id":"https:\/\/www.eldiario.net\/portal\/2026\/01\/04\/machado-anuncia-que-llego-la-libertad-para-venezuela\/#primaryimage"},"image":{"@id":"https:\/\/www.eldiario.net\/portal\/2026\/01\/04\/machado-anuncia-que-llego-la-libertad-para-venezuela\/#primaryimage"},"thumbnailUrl":"https:\/\/www.eldiario.net\/portal\/wp-content\/uploads\/2026\/01\/MACHADO-Yahoo-noticias.webp","datePublished":"2026-01-04T11:02:26+00:00","breadcrumb":{"@id":"https:\/\/www.eldiario.net\/portal\/2026\/01\/04\/machado-anuncia-que-llego-la-libertad-para-venezuela\/#breadcrumb"},"inLanguage":"es","potentialAction":[{"@type":"ReadAction","target":["https:\/\/www.eldiario.net\/portal\/2026\/01\/04\/machado-anuncia-que-llego-la-libertad-para-venezuela\/"]}]},{"@type":"ImageObject","inLanguage":"es","@id":"https:\/\/www.eldiario.net\/portal\/2026\/01\/04\/machado-anuncia-que-llego-la-libertad-para-venezuela\/#primaryimage","url":"https:\/\/www.eldiario.net\/portal\/wp-content\/uploads\/2026\/01\/MACHADO-Yahoo-noticias.webp","contentUrl":"https:\/\/www.eldiario.net\/portal\/wp-content\/uploads\/2026\/01\/MACHADO-Yahoo-noticias.webp","width":1242,"height":699,"caption":"La l\u00edder opositora, Mar\u00eda Corina Machado."},{"@type":"BreadcrumbList","@id":"https:\/\/www.eldiario.net\/portal\/2026\/01\/04\/machado-anuncia-que-llego-la-libertad-para-venezuela\/#breadcrumb","itemListElement":[{"@type":"ListItem","position":1,"name":"Portada","item":"https:\/\/www.eldiario.net\/portal\/"},{"@type":"ListItem","position":2,"name":"Machado anuncia que lleg\u00f3 \u201cla libertad\u201d para Venezuela"}]},{"@type":"WebSite","@id":"https:\/\/www.eldiario.net\/portal\/#website","url":"https:\/\/www.eldiario.net\/portal\/","name":"El Diario - Decano de la prensa nacional","description":"El Diario - Decano de la prensa nacional","publisher":{"@id":"https:\/\/www.eldiario.net\/portal\/#organization"},"potentialAction":[{"@type":"SearchAction","target":{"@type":"EntryPoint","urlTemplate":"https:\/\/www.eldiario.net\/portal\/?s={search_term_string}"},"query-input":{"@type":"PropertyValueSpecification","valueRequired":true,"valueName":"search_term_string"}}],"inLanguage":"es"},{"@type":"Organization","@id":"https:\/\/www.eldiario.net\/portal\/#organization","name":"El Diario - Decano de la prensa nacional","url":"https:\/\/www.eldiario.net\/portal\/","logo":{"@type":"ImageObject","inLanguage":"es","@id":"https:\/\/www.eldiario.net\/portal\/#\/schema\/logo\/image\/","url":"https:\/\/www.eldiario.net\/portal\/wp-content\/uploads\/2023\/07\/logo_ED.jpg","contentUrl":"https:\/\/www.eldiario.net\/portal\/wp-content\/uploads\/2023\/07\/logo_ED.jpg","width":272,"height":52,"caption":"El Diario - Decano de la prensa nacional"},"image":{"@id":"https:\/\/www.eldiario.net\/portal\/#\/schema\/logo\/image\/"},"sameAs":["https:\/\/www.facebook.com\/eldiario.bolivia\/","https:\/\/x.com\/eldiario_net"]},{"@type":"Person","@id":"https:\/\/www.eldiario.net\/portal\/#\/schema\/person\/2c57cf2b7a7ae032e449e4c9b1019eac","name":"Jeanette","image":{"@type":"ImageObject","inLanguage":"es","@id":"https:\/\/secure.gravatar.com\/avatar\/3ea2118a5f7dad2b7138b1187a6b7ee55f160b9968b66013c3a3ef39dd7e5798?s=96&d=mm&r=g","url":"https:\/\/secure.gravatar.com\/avatar\/3ea2118a5f7dad2b7138b1187a6b7ee55f160b9968b66013c3a3ef39dd7e5798?s=96&d=mm&r=g","contentUrl":"https:\/\/secure.gravatar.com\/avatar\/3ea2118a5f7dad2b7138b1187a6b7ee55f160b9968b66013c3a3ef39dd7e5798?s=96&d=mm&r=g","caption":"Jeanette"},"sameAs":["https:\/\/www.eldiario.net\/portal"],"url":"https:\/\/www.eldiario.net\/portal\/author\/jeanette\/"}]}},"_links":{"self":[{"href":"https:\/\/www.eldiario.net\/portal\/wp-json\/wp\/v2\/posts\/356794","targetHints":{"allow":["GET"]}}],"collection":[{"href":"https:\/\/www.eldiario.net\/portal\/wp-json\/wp\/v2\/posts"}],"about":[{"href":"https:\/\/www.eldiario.net\/portal\/wp-json\/wp\/v2\/types\/post"}],"author":[{"embeddable":true,"href":"https:\/\/www.eldiario.net\/portal\/wp-json\/wp\/v2\/users\/1"}],"replies":[{"embeddable":true,"href":"https:\/\/www.eldiario.net\/portal\/wp-json\/wp\/v2\/comments?post=356794"}],"version-history":[{"count":1,"href":"https:\/\/www.eldiario.net\/portal\/wp-json\/wp\/v2\/posts\/356794\/revisions"}],"predecessor-version":[{"id":356796,"href":"https:\/\/www.eldiario.net\/portal\/wp-json\/wp\/v2\/posts\/356794\/revisions\/356796"}],"wp:featuredmedia":[{"embeddable":true,"href":"https:\/\/www.eldiario.net\/portal\/wp-json\/wp\/v2\/media\/356795"}],"wp:attachment":[{"href":"https:\/\/www.eldiario.net\/portal\/wp-json\/wp\/v2\/media?parent=356794"}],"wp:term":[{"taxonomy":"category","embeddable":true,"href":"https:\/\/www.eldiario.net\/portal\/wp-json\/wp\/v2\/categories?post=356794"},{"taxonomy":"post_tag","embeddable":true,"href":"https:\/\/www.eldiario.net\/portal\/wp-json\/wp\/v2\/tags?post=356794"}],"curies":[{"name":"wp","href":"https:\/\/api.w.org\/{rel}","templated":true}]}}