{"id":356791,"date":"2026-01-04T07:02:03","date_gmt":"2026-01-04T11:02:03","guid":{"rendered":"https:\/\/www.eldiario.net\/portal\/?p=356791"},"modified":"2026-01-04T07:02:03","modified_gmt":"2026-01-04T11:02:03","slug":"america-latina-se-muestra-divida-por-ataque-de-eeuu-a-venezuela","status":"publish","type":"post","link":"https:\/\/www.eldiario.net\/portal\/2026\/01\/04\/america-latina-se-muestra-divida-por-ataque-de-eeuu-a-venezuela\/","title":{"rendered":"Am\u00e9rica Latina se muestra divida por ataque de EEUU a Venezuela"},"content":{"rendered":"<p>Am\u00e9rica Latina mostr\u00f3 ayer su fuerte divisi\u00f3n pol\u00edtica al reaccionar de forma muy dispar al ataque lanzado por Estados Unidos contra Venezuela en el que fue capturado el presidente Nicol\u00e1s Maduro. Una mayor\u00eda de pa\u00edses mostr\u00f3 adem\u00e1s su preocupaci\u00f3n por una nueva intervenci\u00f3n estadounidense en la regi\u00f3n.<br \/>\nPa\u00edses como Colombia, Brasil, M\u00e9xico, Uruguay o Cuba, condenaron el ataque, aunque con tonos distintos, y llamaron a Naciones Unidas a actuar y buscar una soluci\u00f3n pac\u00edfica. Mientras, gobiernos aliados a Donald Trump como el de Argentina, Paraguay o Ecuador celebraron la salida de quien consideran un criminal. El l\u00edder salvadore\u00f1o, Nayib Bukele, permanec\u00eda inusualmente callado la ma\u00f1ana de ayer.<br \/>\nOtros pa\u00edses fueron m\u00e1s cautos en sus declaraciones. Guatemala por ejemplo llam\u00f3 al di\u00e1logo sin expresar una condena fuerte y Panam\u00e1 record\u00f3 su apoyo a la oposici\u00f3n pol\u00edtica venezolana en las elecciones de 2004.<\/p>\n<p>ALGUNAS REACCIONES<br \/>\nColombia arremeti\u00f3 con dureza contra el ataque por la cercan\u00eda pol\u00edtica de Gustavo Petro con Maduro y debido a que es uno de los pa\u00edses m\u00e1s directamente afectados por la situaci\u00f3n en suelo venezolano. El presidente colombiano orden\u00f3 el despliegue de la fuerza p\u00fablica en la frontera y anunci\u00f3 \u201ctoda la fuerza asistencial que dispongamos en caso de entrada masiva de refugiados\u201d.<br \/>\n\u201cLos conflictos internos entre los pueblos los resuelven los mismos pueblos en paz\u201d, agreg\u00f3 Petro y afirm\u00f3 que como miembro del Consejo de Seguridad de Naciones Unidas, Colombia buscar\u00e1 que se convoque a una sesi\u00f3n del organismo.<br \/>\nBRASIL<br \/>\nEl izquierdista presidente Luiz In\u00e1cio Lula da Silva, quien no obstante critic\u00f3 a Maduro tras las elecciones de 2024 por no poder demostrar su victoria, consider\u00f3 que el bombardeo a Venezuela y la captura de su presidente \u201csobrepasan un l\u00edmite inaceptable\u201d y sientan \u201cun precedente extremadamente peligroso\u201d.<br \/>\n\u201cAtacar a pa\u00edses en flagrante violaci\u00f3n del derecho internacional es el primer paso hacia un mundo de violencia, caos e inestabilidad en el que la ley del m\u00e1s fuerte prevalece sobre el multilateralismo\u201d, asever\u00f3 Lula. \u201cEsta acci\u00f3n nos recuerda los peores momentos de injerencia pol\u00edtica en Am\u00e9rica Latina y el Caribe y amenaza la preservaci\u00f3n de la regi\u00f3n como un lugar de paz\u201d.<\/p>\n<p>M\u00c9XICO<br \/>\nM\u00e9xico, que fue muy tibio con Maduro y se mantiene en el ojo del hurac\u00e1n por las pol\u00edticas de Trump contra los c\u00e1rteles, conden\u00f3 en\u00e9rgicamente el hecho \u201cen clara violaci\u00f3n del art\u00edculo 2 de la Carta de la Organizaci\u00f3n de las Naciones Unidas\u201d y pidi\u00f3 \u201crespetar el derecho internacional\u201d y cesar \u201ccualquier acto de agresi\u00f3n contra el gobierno y pueblo venezolanos\u201d. (Independent en Espa\u00f1ol)<\/p>\n<p>El gobierno de Claudia Sheinbaum alert\u00f3 de que \u201ccualquier acci\u00f3n militar pone en grave riesgo la estabilidad regional\u201d, record\u00f3 que Am\u00e9rica Latina es una \u201czona de paz\u201d y pidi\u00f3 a la ONU \u201cactuar inmediatamente\u201d para desescalar las tensiones y facilitar el di\u00e1logo, algo a lo que M\u00e9xico se volvi\u00f3 a ofrecer.<br \/>\nURUGUAY<br \/>\n\u201cRechazo a la intervenci\u00f3n militar y b\u00fasqueda permanente de una salida pac\u00edfica a la crisis venezolana\u201d, afirm\u00f3 contundente el izquierdista presidente Yamand\u00fa Orsi en X. \u201cEl fin no puede justificar los medios\u201d.<br \/>\nUruguay reafirm\u00f3 su car\u00e1cter pac\u00edfico y se uni\u00f3 a la petici\u00f3n para que la ONU y a la Organizaci\u00f3n de Estados Americanos busquen una \u201csoluci\u00f3n positiva a esta dif\u00edcil situaci\u00f3n\u201d.<br \/>\nCUBA<br \/>\nEl presidente cubano Miguel D\u00edaz-Canel, el aliado m\u00e1s incondicional de Maduro, pidi\u00f3 en sus redes sociales la \u201curgente reacci\u00f3n de la comunidad internacional contra el criminal ataque\u201d. \u201cNuestra zona de paz est\u00e1 siendo brutalmente asaltada\u201d, agreg\u00f3. \u201cTerrorismo de Estado contra el bravo pueblo venezolano y contra Nuestra Am\u00e9rica. Patria o Muerte \u00a1Venceremos!\u201d<br \/>\nCHILE<br \/>\nChile fue el ejemplo de las divisiones continentales que vive la regi\u00f3n.<br \/>\nEl izquierdista presidente saliente, Gabriel Boric, conden\u00f3 el ataque y la injerencia extranjera en cualquier pa\u00eds y pidi\u00f3 una \u201csalida pac\u00edfica\u201d, reafirmado su apoyo al derecho internacional y al multilateralismo.<br \/>\nSin embargo, el ultraderechista presidente electo, Jos\u00e9 Antonio Kast, que asumir\u00e1 el cargo el 11 de marzo, sostuvo que la detenci\u00f3n de Maduro \u201ces una gran noticia para la regi\u00f3n\u201d e inst\u00f3 a los l\u00edderes latinoamericanos a colaborar para el regreso de los venezolanos a su pa\u00eds.<br \/>\n\u201cSu permanencia en el poder, sostenida por un narco r\u00e9gimen ileg\u00edtimo, expuls\u00f3 a m\u00e1s de 8 millones de venezolanos y desestabiliz\u00f3 a Am\u00e9rica Latina a trav\u00e9s del narcotr\u00e1fico y el crimen organizado\u201d, afirm\u00f3 en X.<\/p>\n<p>ARGENTINA<br \/>\nEl presidente Javier Milei elogi\u00f3 la captura de Maduro en su cuenta de X con uno de sus lemas pol\u00edticos para celebrar los avances de la derecha: \u201cLa libertad avanza, viva la libertad \u2026\u201d. M\u00e1s tarde, en un canal de televisi\u00f3n local, asegur\u00f3 que Argentina brindar\u00e1 un \u201capoyo total a la moci\u00f3n de Estados Unidos\u201d.<br \/>\nSu gobierno consider\u00f3 la acci\u00f3n de Estados Unidos \u201cun avance decisivo contra el narcoterrorismo que afecta a la regi\u00f3n\u201d y que abre una etapa que permitir\u00e1 al pueblo venezolano \u201crecuperar plenamente la democracia\u201d.<br \/>\nArgentina pidi\u00f3 adem\u00e1s el reconocimiento de la victoria del opositor, Edmundo Gonz\u00e1lez Urrutia, en las elecciones de 2024.<br \/>\nECUADOR<br \/>\nEn Ecuador, el conservador presidente Daniel Noboa se\u00f1al\u00f3 en X que \u201ca todos los criminales narco chavistas les llega su hora\u201d. \u201cSu estructura terminar\u00e1 de caer en todo el continente\u201d. Adem\u00e1s, envi\u00f3 un mensaje a la l\u00edder de oposici\u00f3n venezolana Mar\u00eda Corina Machado, a Gonz\u00e1lez y al pueblo venezolano: \u201cEs momento de recuperar su pa\u00eds. Tienen un aliado en Ecuador\u201d.<\/p>\n<p>PARAGUAY<br \/>\nEl derechista gobierno paraguayo, sin relaciones diplom\u00e1ticas con Venezuela desde enero de 2025, considera a Maduro cabecilla de la organizaci\u00f3n criminal C\u00e1rtel de los Soles y se\u00f1al\u00f3 que \u201csu persistencia en el poder representa una amenaza para la regi\u00f3n\u201d pero llam\u00f3 a garantizar \u201cuna transici\u00f3n ordenada\u201d.<br \/>\n\u201cLa salida del l\u00edder de dicha organizaci\u00f3n terrorista debe abrir paso de inmediato a la restauraci\u00f3n del Estado de derecho, permitiendo que la voluntad popular expresada en las urnas sea el \u00fanico motor de la reconstrucci\u00f3n venezolana\u201d, agreg\u00f3 en referencia a los comicios de 2024.<\/p>\n<p>BOLIVIA<br \/>\nEl gobierno de centroderecha de Bolivia sostuvo apoyar \u201cal pueblo venezolano en el proceso de recuperaci\u00f3n de la democracia\u201d y consider\u00f3 que la \u201ccrisis que atraviesa Venezuela es consecuencia del colapso del Estado de derecho, as\u00ed como la consolidaci\u00f3n de estructuras criminales que han capturado el aparato estatal\u201d. Consider\u00f3 \u201cineludible el inicio de una transici\u00f3n democr\u00e1tica real, orientada a poner fin al denominado narcoestado\u201d.<\/p>\n<p>PER\u00da<br \/>\nLa canciller\u00eda de Per\u00fa pidi\u00f3 \u201cuna pronta soluci\u00f3n de la situaci\u00f3n pol\u00edtica en Venezuela\u201d, y una transici\u00f3n que respete el derecho internacional.<br \/>\nSu comunicado calific\u00f3 de \u201cileg\u00edtimo\u201d el gobierno de Maduro, que \u201cviol\u00f3 los derechos humanos del pueblo venezolano y lo someti\u00f3 a torturas, detenciones arbitrarias e ilegales, destruyendo el Estado de derecho y ocasionando en la regi\u00f3n una crisis migratoria sin precedentes\u201d.<\/p>\n<p>PANAM\u00c1<br \/>\nEl presidente paname\u00f1o, Jos\u00e9 Ra\u00fal Mulino, cauto en sus comentarios, se declar\u00f3 \u201ca favor del ensayo democr\u00e1tico y en favor de la aceptaci\u00f3n de los leg\u00edtimos deseos del pueblo venezolano, expresados de manera contundente en las urnas electorales, donde fue electo el ciudadano Edmundo Gonz\u00e1lez\u201d.<br \/>\n\u201cPanam\u00e1 ser\u00e1 siempre solidaria con la paz y con un proceso de transici\u00f3n ordenado y leg\u00edtimo\u201d, agreg\u00f3 Mulino en su cuenta de X.<\/p>\n","protected":false},"excerpt":{"rendered":"<p>Am\u00e9rica Latina mostr\u00f3 ayer su fuerte divisi\u00f3n pol\u00edtica al reaccionar de forma muy dispar al ataque lanzado por Estados Unidos contra Venezuela en el que fue capturado el presidente Nicol\u00e1s Maduro. Una mayor\u00eda de pa\u00edses mostr\u00f3 adem\u00e1s su preocupaci\u00f3n por una nueva intervenci\u00f3n estadounidense en la regi\u00f3n. Pa\u00edses como Colombia, Brasil, M\u00e9xico, Uruguay o Cuba, [&hellip;]<\/p>\n","protected":false},"author":1,"featured_media":194703,"comment_status":"closed","ping_status":"open","sticky":false,"template":"","format":"standard","meta":{"_acf_changed":false,"footnotes":""},"categories":[3],"tags":[],"class_list":["post-356791","post","type-post","status-publish","format-standard","has-post-thumbnail","category-internacional"],"acf":{"antetitulo":""},"yoast_head":"<!-- This site is optimized with the Yoast SEO plugin v28.4 - https:\/\/yoast.com\/product\/yoast-seo-wordpress\/ -->\n<title>Am\u00e9rica Latina se muestra divida por ataque de EEUU a Venezuela - El Diario - Bolivia<\/title>\n<meta name=\"robots\" content=\"index, follow, max-snippet:-1, max-image-preview:large, max-video-preview:-1\" \/>\n<link rel=\"canonical\" href=\"https:\/\/www.eldiario.net\/portal\/2026\/01\/04\/america-latina-se-muestra-divida-por-ataque-de-eeuu-a-venezuela\/\" \/>\n<meta property=\"og:locale\" content=\"es_ES\" \/>\n<meta property=\"og:type\" content=\"article\" \/>\n<meta property=\"og:title\" content=\"Am\u00e9rica Latina se muestra divida por ataque de EEUU a Venezuela - El Diario - Bolivia\" \/>\n<meta property=\"og:description\" content=\"Am\u00e9rica Latina mostr\u00f3 ayer su fuerte divisi\u00f3n pol\u00edtica al reaccionar de forma muy dispar al ataque lanzado por Estados Unidos contra Venezuela en el que fue capturado el presidente Nicol\u00e1s Maduro. Una mayor\u00eda de pa\u00edses mostr\u00f3 adem\u00e1s su preocupaci\u00f3n por una nueva intervenci\u00f3n estadounidense en la regi\u00f3n. Pa\u00edses como Colombia, Brasil, M\u00e9xico, Uruguay o Cuba, [&hellip;]\" \/>\n<meta property=\"og:url\" content=\"https:\/\/www.eldiario.net\/portal\/2026\/01\/04\/america-latina-se-muestra-divida-por-ataque-de-eeuu-a-venezuela\/\" \/>\n<meta property=\"og:site_name\" content=\"El Diario - Bolivia\" \/>\n<meta property=\"article:publisher\" content=\"https:\/\/www.facebook.com\/eldiario.bolivia\/\" \/>\n<meta property=\"article:published_time\" content=\"2026-01-04T11:02:03+00:00\" \/>\n<meta property=\"og:image\" content=\"https:\/\/www.eldiario.net\/portal\/wp-content\/uploads\/2023\/12\/Internacional.jpg\" \/>\n\t<meta property=\"og:image:width\" content=\"800\" \/>\n\t<meta property=\"og:image:height\" content=\"500\" \/>\n\t<meta property=\"og:image:type\" content=\"image\/jpeg\" \/>\n<meta name=\"author\" content=\"Jeanette\" \/>\n<meta name=\"twitter:card\" content=\"summary_large_image\" \/>\n<meta name=\"twitter:creator\" content=\"@eldiario_net\" \/>\n<meta name=\"twitter:site\" content=\"@eldiario_net\" \/>\n<meta name=\"twitter:label1\" content=\"Escrito por\" \/>\n\t<meta name=\"twitter:data1\" content=\"Jeanette\" \/>\n\t<meta name=\"twitter:label2\" content=\"Tiempo de lectura\" \/>\n\t<meta name=\"twitter:data2\" content=\"6 minutos\" \/>\n<script type=\"application\/ld+json\" class=\"yoast-schema-graph\">{\"@context\":\"https:\\\/\\\/schema.org\",\"@graph\":[{\"@type\":\"Article\",\"@id\":\"https:\\\/\\\/www.eldiario.net\\\/portal\\\/2026\\\/01\\\/04\\\/america-latina-se-muestra-divida-por-ataque-de-eeuu-a-venezuela\\\/#article\",\"isPartOf\":{\"@id\":\"https:\\\/\\\/www.eldiario.net\\\/portal\\\/2026\\\/01\\\/04\\\/america-latina-se-muestra-divida-por-ataque-de-eeuu-a-venezuela\\\/\"},\"author\":{\"name\":\"Jeanette\",\"@id\":\"https:\\\/\\\/www.eldiario.net\\\/portal\\\/#\\\/schema\\\/person\\\/2c57cf2b7a7ae032e449e4c9b1019eac\"},\"headline\":\"Am\u00e9rica Latina se muestra divida por ataque de EEUU a Venezuela\",\"datePublished\":\"2026-01-04T11:02:03+00:00\",\"mainEntityOfPage\":{\"@id\":\"https:\\\/\\\/www.eldiario.net\\\/portal\\\/2026\\\/01\\\/04\\\/america-latina-se-muestra-divida-por-ataque-de-eeuu-a-venezuela\\\/\"},\"wordCount\":1297,\"publisher\":{\"@id\":\"https:\\\/\\\/www.eldiario.net\\\/portal\\\/#organization\"},\"image\":{\"@id\":\"https:\\\/\\\/www.eldiario.net\\\/portal\\\/2026\\\/01\\\/04\\\/america-latina-se-muestra-divida-por-ataque-de-eeuu-a-venezuela\\\/#primaryimage\"},\"thumbnailUrl\":\"https:\\\/\\\/www.eldiario.net\\\/portal\\\/wp-content\\\/uploads\\\/2023\\\/12\\\/Internacional.jpg\",\"articleSection\":[\"Internacional\"],\"inLanguage\":\"es\"},{\"@type\":\"WebPage\",\"@id\":\"https:\\\/\\\/www.eldiario.net\\\/portal\\\/2026\\\/01\\\/04\\\/america-latina-se-muestra-divida-por-ataque-de-eeuu-a-venezuela\\\/\",\"url\":\"https:\\\/\\\/www.eldiario.net\\\/portal\\\/2026\\\/01\\\/04\\\/america-latina-se-muestra-divida-por-ataque-de-eeuu-a-venezuela\\\/\",\"name\":\"Am\u00e9rica Latina se muestra divida por ataque de EEUU a Venezuela - El Diario - Bolivia\",\"isPartOf\":{\"@id\":\"https:\\\/\\\/www.eldiario.net\\\/portal\\\/#website\"},\"primaryImageOfPage\":{\"@id\":\"https:\\\/\\\/www.eldiario.net\\\/portal\\\/2026\\\/01\\\/04\\\/america-latina-se-muestra-divida-por-ataque-de-eeuu-a-venezuela\\\/#primaryimage\"},\"image\":{\"@id\":\"https:\\\/\\\/www.eldiario.net\\\/portal\\\/2026\\\/01\\\/04\\\/america-latina-se-muestra-divida-por-ataque-de-eeuu-a-venezuela\\\/#primaryimage\"},\"thumbnailUrl\":\"https:\\\/\\\/www.eldiario.net\\\/portal\\\/wp-content\\\/uploads\\\/2023\\\/12\\\/Internacional.jpg\",\"datePublished\":\"2026-01-04T11:02:03+00:00\",\"breadcrumb\":{\"@id\":\"https:\\\/\\\/www.eldiario.net\\\/portal\\\/2026\\\/01\\\/04\\\/america-latina-se-muestra-divida-por-ataque-de-eeuu-a-venezuela\\\/#breadcrumb\"},\"inLanguage\":\"es\",\"potentialAction\":[{\"@type\":\"ReadAction\",\"target\":[\"https:\\\/\\\/www.eldiario.net\\\/portal\\\/2026\\\/01\\\/04\\\/america-latina-se-muestra-divida-por-ataque-de-eeuu-a-venezuela\\\/\"]}]},{\"@type\":\"ImageObject\",\"inLanguage\":\"es\",\"@id\":\"https:\\\/\\\/www.eldiario.net\\\/portal\\\/2026\\\/01\\\/04\\\/america-latina-se-muestra-divida-por-ataque-de-eeuu-a-venezuela\\\/#primaryimage\",\"url\":\"https:\\\/\\\/www.eldiario.net\\\/portal\\\/wp-content\\\/uploads\\\/2023\\\/12\\\/Internacional.jpg\",\"contentUrl\":\"https:\\\/\\\/www.eldiario.net\\\/portal\\\/wp-content\\\/uploads\\\/2023\\\/12\\\/Internacional.jpg\",\"width\":800,\"height\":500},{\"@type\":\"BreadcrumbList\",\"@id\":\"https:\\\/\\\/www.eldiario.net\\\/portal\\\/2026\\\/01\\\/04\\\/america-latina-se-muestra-divida-por-ataque-de-eeuu-a-venezuela\\\/#breadcrumb\",\"itemListElement\":[{\"@type\":\"ListItem\",\"position\":1,\"name\":\"Portada\",\"item\":\"https:\\\/\\\/www.eldiario.net\\\/portal\\\/\"},{\"@type\":\"ListItem\",\"position\":2,\"name\":\"Am\u00e9rica Latina se muestra divida por ataque de EEUU a Venezuela\"}]},{\"@type\":\"WebSite\",\"@id\":\"https:\\\/\\\/www.eldiario.net\\\/portal\\\/#website\",\"url\":\"https:\\\/\\\/www.eldiario.net\\\/portal\\\/\",\"name\":\"El Diario - Decano de la prensa nacional\",\"description\":\"El Diario - Decano de la prensa nacional\",\"publisher\":{\"@id\":\"https:\\\/\\\/www.eldiario.net\\\/portal\\\/#organization\"},\"potentialAction\":[{\"@type\":\"SearchAction\",\"target\":{\"@type\":\"EntryPoint\",\"urlTemplate\":\"https:\\\/\\\/www.eldiario.net\\\/portal\\\/?s={search_term_string}\"},\"query-input\":{\"@type\":\"PropertyValueSpecification\",\"valueRequired\":true,\"valueName\":\"search_term_string\"}}],\"inLanguage\":\"es\"},{\"@type\":\"Organization\",\"@id\":\"https:\\\/\\\/www.eldiario.net\\\/portal\\\/#organization\",\"name\":\"El Diario - Decano de la prensa nacional\",\"url\":\"https:\\\/\\\/www.eldiario.net\\\/portal\\\/\",\"logo\":{\"@type\":\"ImageObject\",\"inLanguage\":\"es\",\"@id\":\"https:\\\/\\\/www.eldiario.net\\\/portal\\\/#\\\/schema\\\/logo\\\/image\\\/\",\"url\":\"https:\\\/\\\/www.eldiario.net\\\/portal\\\/wp-content\\\/uploads\\\/2023\\\/07\\\/logo_ED.jpg\",\"contentUrl\":\"https:\\\/\\\/www.eldiario.net\\\/portal\\\/wp-content\\\/uploads\\\/2023\\\/07\\\/logo_ED.jpg\",\"width\":272,\"height\":52,\"caption\":\"El Diario - Decano de la prensa nacional\"},\"image\":{\"@id\":\"https:\\\/\\\/www.eldiario.net\\\/portal\\\/#\\\/schema\\\/logo\\\/image\\\/\"},\"sameAs\":[\"https:\\\/\\\/www.facebook.com\\\/eldiario.bolivia\\\/\",\"https:\\\/\\\/x.com\\\/eldiario_net\"]},{\"@type\":\"Person\",\"@id\":\"https:\\\/\\\/www.eldiario.net\\\/portal\\\/#\\\/schema\\\/person\\\/2c57cf2b7a7ae032e449e4c9b1019eac\",\"name\":\"Jeanette\",\"image\":{\"@type\":\"ImageObject\",\"inLanguage\":\"es\",\"@id\":\"https:\\\/\\\/secure.gravatar.com\\\/avatar\\\/3ea2118a5f7dad2b7138b1187a6b7ee55f160b9968b66013c3a3ef39dd7e5798?s=96&d=mm&r=g\",\"url\":\"https:\\\/\\\/secure.gravatar.com\\\/avatar\\\/3ea2118a5f7dad2b7138b1187a6b7ee55f160b9968b66013c3a3ef39dd7e5798?s=96&d=mm&r=g\",\"contentUrl\":\"https:\\\/\\\/secure.gravatar.com\\\/avatar\\\/3ea2118a5f7dad2b7138b1187a6b7ee55f160b9968b66013c3a3ef39dd7e5798?s=96&d=mm&r=g\",\"caption\":\"Jeanette\"},\"sameAs\":[\"https:\\\/\\\/www.eldiario.net\\\/portal\"],\"url\":\"https:\\\/\\\/www.eldiario.net\\\/portal\\\/author\\\/jeanette\\\/\"}]}<\/script>\n<!-- \/ Yoast SEO plugin. -->","yoast_head_json":{"title":"Am\u00e9rica Latina se muestra divida por ataque de EEUU a Venezuela - El Diario - Bolivia","robots":{"index":"index","follow":"follow","max-snippet":"max-snippet:-1","max-image-preview":"max-image-preview:large","max-video-preview":"max-video-preview:-1"},"canonical":"https:\/\/www.eldiario.net\/portal\/2026\/01\/04\/america-latina-se-muestra-divida-por-ataque-de-eeuu-a-venezuela\/","og_locale":"es_ES","og_type":"article","og_title":"Am\u00e9rica Latina se muestra divida por ataque de EEUU a Venezuela - El Diario - Bolivia","og_description":"Am\u00e9rica Latina mostr\u00f3 ayer su fuerte divisi\u00f3n pol\u00edtica al reaccionar de forma muy dispar al ataque lanzado por Estados Unidos contra Venezuela en el que fue capturado el presidente Nicol\u00e1s Maduro. Una mayor\u00eda de pa\u00edses mostr\u00f3 adem\u00e1s su preocupaci\u00f3n por una nueva intervenci\u00f3n estadounidense en la regi\u00f3n. Pa\u00edses como Colombia, Brasil, M\u00e9xico, Uruguay o Cuba, [&hellip;]","og_url":"https:\/\/www.eldiario.net\/portal\/2026\/01\/04\/america-latina-se-muestra-divida-por-ataque-de-eeuu-a-venezuela\/","og_site_name":"El Diario - Bolivia","article_publisher":"https:\/\/www.facebook.com\/eldiario.bolivia\/","article_published_time":"2026-01-04T11:02:03+00:00","og_image":[{"width":800,"height":500,"url":"https:\/\/www.eldiario.net\/portal\/wp-content\/uploads\/2023\/12\/Internacional.jpg","type":"image\/jpeg"}],"author":"Jeanette","twitter_card":"summary_large_image","twitter_creator":"@eldiario_net","twitter_site":"@eldiario_net","twitter_misc":{"Escrito por":"Jeanette","Tiempo de lectura":"6 minutos"},"schema":{"@context":"https:\/\/schema.org","@graph":[{"@type":"Article","@id":"https:\/\/www.eldiario.net\/portal\/2026\/01\/04\/america-latina-se-muestra-divida-por-ataque-de-eeuu-a-venezuela\/#article","isPartOf":{"@id":"https:\/\/www.eldiario.net\/portal\/2026\/01\/04\/america-latina-se-muestra-divida-por-ataque-de-eeuu-a-venezuela\/"},"author":{"name":"Jeanette","@id":"https:\/\/www.eldiario.net\/portal\/#\/schema\/person\/2c57cf2b7a7ae032e449e4c9b1019eac"},"headline":"Am\u00e9rica Latina se muestra divida por ataque de EEUU a Venezuela","datePublished":"2026-01-04T11:02:03+00:00","mainEntityOfPage":{"@id":"https:\/\/www.eldiario.net\/portal\/2026\/01\/04\/america-latina-se-muestra-divida-por-ataque-de-eeuu-a-venezuela\/"},"wordCount":1297,"publisher":{"@id":"https:\/\/www.eldiario.net\/portal\/#organization"},"image":{"@id":"https:\/\/www.eldiario.net\/portal\/2026\/01\/04\/america-latina-se-muestra-divida-por-ataque-de-eeuu-a-venezuela\/#primaryimage"},"thumbnailUrl":"https:\/\/www.eldiario.net\/portal\/wp-content\/uploads\/2023\/12\/Internacional.jpg","articleSection":["Internacional"],"inLanguage":"es"},{"@type":"WebPage","@id":"https:\/\/www.eldiario.net\/portal\/2026\/01\/04\/america-latina-se-muestra-divida-por-ataque-de-eeuu-a-venezuela\/","url":"https:\/\/www.eldiario.net\/portal\/2026\/01\/04\/america-latina-se-muestra-divida-por-ataque-de-eeuu-a-venezuela\/","name":"Am\u00e9rica Latina se muestra divida por ataque de EEUU a Venezuela - El Diario - Bolivia","isPartOf":{"@id":"https:\/\/www.eldiario.net\/portal\/#website"},"primaryImageOfPage":{"@id":"https:\/\/www.eldiario.net\/portal\/2026\/01\/04\/america-latina-se-muestra-divida-por-ataque-de-eeuu-a-venezuela\/#primaryimage"},"image":{"@id":"https:\/\/www.eldiario.net\/portal\/2026\/01\/04\/america-latina-se-muestra-divida-por-ataque-de-eeuu-a-venezuela\/#primaryimage"},"thumbnailUrl":"https:\/\/www.eldiario.net\/portal\/wp-content\/uploads\/2023\/12\/Internacional.jpg","datePublished":"2026-01-04T11:02:03+00:00","breadcrumb":{"@id":"https:\/\/www.eldiario.net\/portal\/2026\/01\/04\/america-latina-se-muestra-divida-por-ataque-de-eeuu-a-venezuela\/#breadcrumb"},"inLanguage":"es","potentialAction":[{"@type":"ReadAction","target":["https:\/\/www.eldiario.net\/portal\/2026\/01\/04\/america-latina-se-muestra-divida-por-ataque-de-eeuu-a-venezuela\/"]}]},{"@type":"ImageObject","inLanguage":"es","@id":"https:\/\/www.eldiario.net\/portal\/2026\/01\/04\/america-latina-se-muestra-divida-por-ataque-de-eeuu-a-venezuela\/#primaryimage","url":"https:\/\/www.eldiario.net\/portal\/wp-content\/uploads\/2023\/12\/Internacional.jpg","contentUrl":"https:\/\/www.eldiario.net\/portal\/wp-content\/uploads\/2023\/12\/Internacional.jpg","width":800,"height":500},{"@type":"BreadcrumbList","@id":"https:\/\/www.eldiario.net\/portal\/2026\/01\/04\/america-latina-se-muestra-divida-por-ataque-de-eeuu-a-venezuela\/#breadcrumb","itemListElement":[{"@type":"ListItem","position":1,"name":"Portada","item":"https:\/\/www.eldiario.net\/portal\/"},{"@type":"ListItem","position":2,"name":"Am\u00e9rica Latina se muestra divida por ataque de EEUU a Venezuela"}]},{"@type":"WebSite","@id":"https:\/\/www.eldiario.net\/portal\/#website","url":"https:\/\/www.eldiario.net\/portal\/","name":"El Diario - Decano de la prensa nacional","description":"El Diario - Decano de la prensa nacional","publisher":{"@id":"https:\/\/www.eldiario.net\/portal\/#organization"},"potentialAction":[{"@type":"SearchAction","target":{"@type":"EntryPoint","urlTemplate":"https:\/\/www.eldiario.net\/portal\/?s={search_term_string}"},"query-input":{"@type":"PropertyValueSpecification","valueRequired":true,"valueName":"search_term_string"}}],"inLanguage":"es"},{"@type":"Organization","@id":"https:\/\/www.eldiario.net\/portal\/#organization","name":"El Diario - Decano de la prensa nacional","url":"https:\/\/www.eldiario.net\/portal\/","logo":{"@type":"ImageObject","inLanguage":"es","@id":"https:\/\/www.eldiario.net\/portal\/#\/schema\/logo\/image\/","url":"https:\/\/www.eldiario.net\/portal\/wp-content\/uploads\/2023\/07\/logo_ED.jpg","contentUrl":"https:\/\/www.eldiario.net\/portal\/wp-content\/uploads\/2023\/07\/logo_ED.jpg","width":272,"height":52,"caption":"El Diario - Decano de la prensa nacional"},"image":{"@id":"https:\/\/www.eldiario.net\/portal\/#\/schema\/logo\/image\/"},"sameAs":["https:\/\/www.facebook.com\/eldiario.bolivia\/","https:\/\/x.com\/eldiario_net"]},{"@type":"Person","@id":"https:\/\/www.eldiario.net\/portal\/#\/schema\/person\/2c57cf2b7a7ae032e449e4c9b1019eac","name":"Jeanette","image":{"@type":"ImageObject","inLanguage":"es","@id":"https:\/\/secure.gravatar.com\/avatar\/3ea2118a5f7dad2b7138b1187a6b7ee55f160b9968b66013c3a3ef39dd7e5798?s=96&d=mm&r=g","url":"https:\/\/secure.gravatar.com\/avatar\/3ea2118a5f7dad2b7138b1187a6b7ee55f160b9968b66013c3a3ef39dd7e5798?s=96&d=mm&r=g","contentUrl":"https:\/\/secure.gravatar.com\/avatar\/3ea2118a5f7dad2b7138b1187a6b7ee55f160b9968b66013c3a3ef39dd7e5798?s=96&d=mm&r=g","caption":"Jeanette"},"sameAs":["https:\/\/www.eldiario.net\/portal"],"url":"https:\/\/www.eldiario.net\/portal\/author\/jeanette\/"}]}},"_links":{"self":[{"href":"https:\/\/www.eldiario.net\/portal\/wp-json\/wp\/v2\/posts\/356791","targetHints":{"allow":["GET"]}}],"collection":[{"href":"https:\/\/www.eldiario.net\/portal\/wp-json\/wp\/v2\/posts"}],"about":[{"href":"https:\/\/www.eldiario.net\/portal\/wp-json\/wp\/v2\/types\/post"}],"author":[{"embeddable":true,"href":"https:\/\/www.eldiario.net\/portal\/wp-json\/wp\/v2\/users\/1"}],"replies":[{"embeddable":true,"href":"https:\/\/www.eldiario.net\/portal\/wp-json\/wp\/v2\/comments?post=356791"}],"version-history":[{"count":1,"href":"https:\/\/www.eldiario.net\/portal\/wp-json\/wp\/v2\/posts\/356791\/revisions"}],"predecessor-version":[{"id":356792,"href":"https:\/\/www.eldiario.net\/portal\/wp-json\/wp\/v2\/posts\/356791\/revisions\/356792"}],"wp:featuredmedia":[{"embeddable":true,"href":"https:\/\/www.eldiario.net\/portal\/wp-json\/wp\/v2\/media\/194703"}],"wp:attachment":[{"href":"https:\/\/www.eldiario.net\/portal\/wp-json\/wp\/v2\/media?parent=356791"}],"wp:term":[{"taxonomy":"category","embeddable":true,"href":"https:\/\/www.eldiario.net\/portal\/wp-json\/wp\/v2\/categories?post=356791"},{"taxonomy":"post_tag","embeddable":true,"href":"https:\/\/www.eldiario.net\/portal\/wp-json\/wp\/v2\/tags?post=356791"}],"curies":[{"name":"wp","href":"https:\/\/api.w.org\/{rel}","templated":true}]}}