{"id":356782,"date":"2026-01-04T06:54:06","date_gmt":"2026-01-04T10:54:06","guid":{"rendered":"https:\/\/www.eldiario.net\/portal\/?p=356782"},"modified":"2026-01-04T06:54:06","modified_gmt":"2026-01-04T10:54:06","slug":"franklin-flores-a-san-pedro-con-detencion-preventiva","status":"publish","type":"post","link":"https:\/\/www.eldiario.net\/portal\/2026\/01\/04\/franklin-flores-a-san-pedro-con-detencion-preventiva\/","title":{"rendered":"Franklin Flores a San Pedro con detenci\u00f3n preventiva"},"content":{"rendered":"<p>El exgerente de la Empresa de Apoyo a la Producci\u00f3n de Alimentos (Emapa), Franklin Flores, fue enviado al recinto penitenciario de San Pedro, en la ciudad de La Paz, para cumplir cinco meses de detenci\u00f3n preventiva, seg\u00fan dispuso ayer un juez en una audiencia virtual.<\/p>\n<p>Esto ocurri\u00f3 luego de varias semanas en las que se desconoc\u00eda el paradero oficial de Flores, dando lugar a especulaciones sobre su posible huida del pa\u00eds. Ahora, el exgerente de Emapa y excandidato a la Gobernaci\u00f3n del Movimiento al Socialismo (MAS) deber\u00e1 permanecer en prisi\u00f3n mientras el Ministerio P\u00fablico lo investiga por presunto enriquecimiento il\u00edcito.<\/p>\n<p>Flores fue aprehendido el viernes 2 de enero de 2026 y luego trasladado a celdas policiales de la Fuerza Especial de Lucha Contra el Crimen (Felcc), tras incumplir deliberadamente las medidas judiciales impuestas en su contra.<\/p>\n<p>La decisi\u00f3n judicial fue expedida por el juez del Juzgado Cautelar 12 en el marco de una investigaci\u00f3n que indaga posibles hechos de corrupci\u00f3n dentro de la estatal de alimentos. Su detenci\u00f3n domiciliaria fue revocada y ahora cumplir\u00e1 cuatro meses de c\u00e1rcel en el recinto penitenciario pace\u00f1o.<\/p>\n<p>De acuerdo con la determinaci\u00f3n judicial, la medida cautelar busca garantizar la presencia del imputado durante la etapa investigativa, ante la existencia de riesgos procesales previstos en los numerales 1, 2, 4 y 6 del art\u00edculo 234 del C\u00f3digo Penal Boliviano, as\u00ed como en el numeral n\u00famero dos del art\u00edculo 235 de dicha norma.<\/p>\n<p>Flores no est\u00e1 exento de otros procesos, pues enfrenta al menos seis causas judiciales \u2013todas en distintas etapas de avance\u2013 por presuntos hechos irregulares vinculados a la misma entidad estatal, entre ellos, este proceso por supuestas contrataciones dolosas en la planta de procesamiento de papa en la ciudad de El Alto.<\/p>\n<p>&nbsp;<\/p>\n<p>NO CUMPLI\u00d3 ARRESTO DOMICILIARIO<\/p>\n<p>Otra de las razones de la decisi\u00f3n que consider\u00f3 el juez para determinar la reclusi\u00f3n temporal fue el hecho de que el imputado no cumpli\u00f3 con la medida de arresto domiciliario que la justicia determin\u00f3 en su contra en el mes de octubre de 2024, la cual inclu\u00eda una fianza de Bs 50.000.<\/p>\n<p>Dado que Flores se habr\u00eda dado a la fuga en el mes de noviembre de 2025, la autoridad jurisdiccional decidi\u00f3 declararlo rebelde y contumaz a la justicia, a solicitud del fiscal asignado al caso, Johan Mu\u00f1oz.<\/p>\n<p>En el transcurso de este proceso, que investigaba presuntos delitos de incumplimiento de deberes, conducta antiecon\u00f3mica y enriquecimiento il\u00edcito, el Ministerio P\u00fablico determin\u00f3 que exist\u00edan riesgos procesales que ameritaban la solicitud de una medida m\u00e1s restrictiva, por lo que esto deriv\u00f3 en su detenci\u00f3n preventiva en el penal de la ciudad de La Paz.<\/p>\n","protected":false},"excerpt":{"rendered":"<p>El exgerente de la Empresa de Apoyo a la Producci\u00f3n de Alimentos (Emapa), Franklin Flores, fue enviado al recinto penitenciario de San Pedro, en la ciudad de La Paz, para cumplir cinco meses de detenci\u00f3n preventiva, seg\u00fan dispuso ayer un juez en una audiencia virtual. Esto ocurri\u00f3 luego de varias semanas en las que se [&hellip;]<\/p>\n","protected":false},"author":1,"featured_media":356783,"comment_status":"closed","ping_status":"open","sticky":false,"template":"","format":"standard","meta":{"_acf_changed":false,"footnotes":""},"categories":[39],"tags":[],"class_list":["post-356782","post","type-post","status-publish","format-standard","has-post-thumbnail","category-sociedad"],"acf":{"antetitulo":""},"yoast_head":"<!-- This site is optimized with the Yoast SEO plugin v28.4 - https:\/\/yoast.com\/product\/yoast-seo-wordpress\/ -->\n<title>Franklin Flores a San Pedro con detenci\u00f3n preventiva - El Diario - Bolivia<\/title>\n<meta name=\"robots\" content=\"index, follow, max-snippet:-1, max-image-preview:large, max-video-preview:-1\" \/>\n<link rel=\"canonical\" href=\"https:\/\/www.eldiario.net\/portal\/2026\/01\/04\/franklin-flores-a-san-pedro-con-detencion-preventiva\/\" \/>\n<meta property=\"og:locale\" content=\"es_ES\" \/>\n<meta property=\"og:type\" content=\"article\" \/>\n<meta property=\"og:title\" content=\"Franklin Flores a San Pedro con detenci\u00f3n preventiva - El Diario - Bolivia\" \/>\n<meta property=\"og:description\" content=\"El exgerente de la Empresa de Apoyo a la Producci\u00f3n de Alimentos (Emapa), Franklin Flores, fue enviado al recinto penitenciario de San Pedro, en la ciudad de La Paz, para cumplir cinco meses de detenci\u00f3n preventiva, seg\u00fan dispuso ayer un juez en una audiencia virtual. Esto ocurri\u00f3 luego de varias semanas en las que se [&hellip;]\" \/>\n<meta property=\"og:url\" content=\"https:\/\/www.eldiario.net\/portal\/2026\/01\/04\/franklin-flores-a-san-pedro-con-detencion-preventiva\/\" \/>\n<meta property=\"og:site_name\" content=\"El Diario - Bolivia\" \/>\n<meta property=\"article:publisher\" content=\"https:\/\/www.facebook.com\/eldiario.bolivia\/\" \/>\n<meta property=\"article:published_time\" content=\"2026-01-04T10:54:06+00:00\" \/>\n<meta property=\"og:image\" content=\"https:\/\/www.eldiario.net\/portal\/wp-content\/uploads\/2026\/01\/4-FLORES.webp\" \/>\n\t<meta property=\"og:image:width\" content=\"275\" \/>\n\t<meta property=\"og:image:height\" content=\"183\" \/>\n\t<meta property=\"og:image:type\" content=\"image\/webp\" \/>\n<meta name=\"author\" content=\"Jeanette\" \/>\n<meta name=\"twitter:card\" content=\"summary_large_image\" \/>\n<meta name=\"twitter:creator\" content=\"@eldiario_net\" \/>\n<meta name=\"twitter:site\" content=\"@eldiario_net\" \/>\n<meta name=\"twitter:label1\" content=\"Escrito por\" \/>\n\t<meta name=\"twitter:data1\" content=\"Jeanette\" \/>\n\t<meta name=\"twitter:label2\" content=\"Tiempo de lectura\" \/>\n\t<meta name=\"twitter:data2\" content=\"3 minutos\" \/>\n<script type=\"application\/ld+json\" class=\"yoast-schema-graph\">{\"@context\":\"https:\\\/\\\/schema.org\",\"@graph\":[{\"@type\":\"Article\",\"@id\":\"https:\\\/\\\/www.eldiario.net\\\/portal\\\/2026\\\/01\\\/04\\\/franklin-flores-a-san-pedro-con-detencion-preventiva\\\/#article\",\"isPartOf\":{\"@id\":\"https:\\\/\\\/www.eldiario.net\\\/portal\\\/2026\\\/01\\\/04\\\/franklin-flores-a-san-pedro-con-detencion-preventiva\\\/\"},\"author\":{\"name\":\"Jeanette\",\"@id\":\"https:\\\/\\\/www.eldiario.net\\\/portal\\\/#\\\/schema\\\/person\\\/2c57cf2b7a7ae032e449e4c9b1019eac\"},\"headline\":\"Franklin Flores a San Pedro con detenci\u00f3n preventiva\",\"datePublished\":\"2026-01-04T10:54:06+00:00\",\"mainEntityOfPage\":{\"@id\":\"https:\\\/\\\/www.eldiario.net\\\/portal\\\/2026\\\/01\\\/04\\\/franklin-flores-a-san-pedro-con-detencion-preventiva\\\/\"},\"wordCount\":464,\"publisher\":{\"@id\":\"https:\\\/\\\/www.eldiario.net\\\/portal\\\/#organization\"},\"image\":{\"@id\":\"https:\\\/\\\/www.eldiario.net\\\/portal\\\/2026\\\/01\\\/04\\\/franklin-flores-a-san-pedro-con-detencion-preventiva\\\/#primaryimage\"},\"thumbnailUrl\":\"https:\\\/\\\/www.eldiario.net\\\/portal\\\/wp-content\\\/uploads\\\/2026\\\/01\\\/4-FLORES.webp\",\"articleSection\":[\"Sociedad - Seguridad\"],\"inLanguage\":\"es\"},{\"@type\":\"WebPage\",\"@id\":\"https:\\\/\\\/www.eldiario.net\\\/portal\\\/2026\\\/01\\\/04\\\/franklin-flores-a-san-pedro-con-detencion-preventiva\\\/\",\"url\":\"https:\\\/\\\/www.eldiario.net\\\/portal\\\/2026\\\/01\\\/04\\\/franklin-flores-a-san-pedro-con-detencion-preventiva\\\/\",\"name\":\"Franklin Flores a San Pedro con detenci\u00f3n preventiva - El Diario - Bolivia\",\"isPartOf\":{\"@id\":\"https:\\\/\\\/www.eldiario.net\\\/portal\\\/#website\"},\"primaryImageOfPage\":{\"@id\":\"https:\\\/\\\/www.eldiario.net\\\/portal\\\/2026\\\/01\\\/04\\\/franklin-flores-a-san-pedro-con-detencion-preventiva\\\/#primaryimage\"},\"image\":{\"@id\":\"https:\\\/\\\/www.eldiario.net\\\/portal\\\/2026\\\/01\\\/04\\\/franklin-flores-a-san-pedro-con-detencion-preventiva\\\/#primaryimage\"},\"thumbnailUrl\":\"https:\\\/\\\/www.eldiario.net\\\/portal\\\/wp-content\\\/uploads\\\/2026\\\/01\\\/4-FLORES.webp\",\"datePublished\":\"2026-01-04T10:54:06+00:00\",\"breadcrumb\":{\"@id\":\"https:\\\/\\\/www.eldiario.net\\\/portal\\\/2026\\\/01\\\/04\\\/franklin-flores-a-san-pedro-con-detencion-preventiva\\\/#breadcrumb\"},\"inLanguage\":\"es\",\"potentialAction\":[{\"@type\":\"ReadAction\",\"target\":[\"https:\\\/\\\/www.eldiario.net\\\/portal\\\/2026\\\/01\\\/04\\\/franklin-flores-a-san-pedro-con-detencion-preventiva\\\/\"]}]},{\"@type\":\"ImageObject\",\"inLanguage\":\"es\",\"@id\":\"https:\\\/\\\/www.eldiario.net\\\/portal\\\/2026\\\/01\\\/04\\\/franklin-flores-a-san-pedro-con-detencion-preventiva\\\/#primaryimage\",\"url\":\"https:\\\/\\\/www.eldiario.net\\\/portal\\\/wp-content\\\/uploads\\\/2026\\\/01\\\/4-FLORES.webp\",\"contentUrl\":\"https:\\\/\\\/www.eldiario.net\\\/portal\\\/wp-content\\\/uploads\\\/2026\\\/01\\\/4-FLORES.webp\",\"width\":275,\"height\":183,\"caption\":\"Flores tras ser aprehendido. Foto: APG\"},{\"@type\":\"BreadcrumbList\",\"@id\":\"https:\\\/\\\/www.eldiario.net\\\/portal\\\/2026\\\/01\\\/04\\\/franklin-flores-a-san-pedro-con-detencion-preventiva\\\/#breadcrumb\",\"itemListElement\":[{\"@type\":\"ListItem\",\"position\":1,\"name\":\"Portada\",\"item\":\"https:\\\/\\\/www.eldiario.net\\\/portal\\\/\"},{\"@type\":\"ListItem\",\"position\":2,\"name\":\"Franklin Flores a San Pedro con detenci\u00f3n preventiva\"}]},{\"@type\":\"WebSite\",\"@id\":\"https:\\\/\\\/www.eldiario.net\\\/portal\\\/#website\",\"url\":\"https:\\\/\\\/www.eldiario.net\\\/portal\\\/\",\"name\":\"El Diario - Decano de la prensa nacional\",\"description\":\"El Diario - Decano de la prensa nacional\",\"publisher\":{\"@id\":\"https:\\\/\\\/www.eldiario.net\\\/portal\\\/#organization\"},\"potentialAction\":[{\"@type\":\"SearchAction\",\"target\":{\"@type\":\"EntryPoint\",\"urlTemplate\":\"https:\\\/\\\/www.eldiario.net\\\/portal\\\/?s={search_term_string}\"},\"query-input\":{\"@type\":\"PropertyValueSpecification\",\"valueRequired\":true,\"valueName\":\"search_term_string\"}}],\"inLanguage\":\"es\"},{\"@type\":\"Organization\",\"@id\":\"https:\\\/\\\/www.eldiario.net\\\/portal\\\/#organization\",\"name\":\"El Diario - Decano de la prensa nacional\",\"url\":\"https:\\\/\\\/www.eldiario.net\\\/portal\\\/\",\"logo\":{\"@type\":\"ImageObject\",\"inLanguage\":\"es\",\"@id\":\"https:\\\/\\\/www.eldiario.net\\\/portal\\\/#\\\/schema\\\/logo\\\/image\\\/\",\"url\":\"https:\\\/\\\/www.eldiario.net\\\/portal\\\/wp-content\\\/uploads\\\/2023\\\/07\\\/logo_ED.jpg\",\"contentUrl\":\"https:\\\/\\\/www.eldiario.net\\\/portal\\\/wp-content\\\/uploads\\\/2023\\\/07\\\/logo_ED.jpg\",\"width\":272,\"height\":52,\"caption\":\"El Diario - Decano de la prensa nacional\"},\"image\":{\"@id\":\"https:\\\/\\\/www.eldiario.net\\\/portal\\\/#\\\/schema\\\/logo\\\/image\\\/\"},\"sameAs\":[\"https:\\\/\\\/www.facebook.com\\\/eldiario.bolivia\\\/\",\"https:\\\/\\\/x.com\\\/eldiario_net\"]},{\"@type\":\"Person\",\"@id\":\"https:\\\/\\\/www.eldiario.net\\\/portal\\\/#\\\/schema\\\/person\\\/2c57cf2b7a7ae032e449e4c9b1019eac\",\"name\":\"Jeanette\",\"image\":{\"@type\":\"ImageObject\",\"inLanguage\":\"es\",\"@id\":\"https:\\\/\\\/secure.gravatar.com\\\/avatar\\\/3ea2118a5f7dad2b7138b1187a6b7ee55f160b9968b66013c3a3ef39dd7e5798?s=96&d=mm&r=g\",\"url\":\"https:\\\/\\\/secure.gravatar.com\\\/avatar\\\/3ea2118a5f7dad2b7138b1187a6b7ee55f160b9968b66013c3a3ef39dd7e5798?s=96&d=mm&r=g\",\"contentUrl\":\"https:\\\/\\\/secure.gravatar.com\\\/avatar\\\/3ea2118a5f7dad2b7138b1187a6b7ee55f160b9968b66013c3a3ef39dd7e5798?s=96&d=mm&r=g\",\"caption\":\"Jeanette\"},\"sameAs\":[\"https:\\\/\\\/www.eldiario.net\\\/portal\"],\"url\":\"https:\\\/\\\/www.eldiario.net\\\/portal\\\/author\\\/jeanette\\\/\"}]}<\/script>\n<!-- \/ Yoast SEO plugin. -->","yoast_head_json":{"title":"Franklin Flores a San Pedro con detenci\u00f3n preventiva - El Diario - Bolivia","robots":{"index":"index","follow":"follow","max-snippet":"max-snippet:-1","max-image-preview":"max-image-preview:large","max-video-preview":"max-video-preview:-1"},"canonical":"https:\/\/www.eldiario.net\/portal\/2026\/01\/04\/franklin-flores-a-san-pedro-con-detencion-preventiva\/","og_locale":"es_ES","og_type":"article","og_title":"Franklin Flores a San Pedro con detenci\u00f3n preventiva - El Diario - Bolivia","og_description":"El exgerente de la Empresa de Apoyo a la Producci\u00f3n de Alimentos (Emapa), Franklin Flores, fue enviado al recinto penitenciario de San Pedro, en la ciudad de La Paz, para cumplir cinco meses de detenci\u00f3n preventiva, seg\u00fan dispuso ayer un juez en una audiencia virtual. Esto ocurri\u00f3 luego de varias semanas en las que se [&hellip;]","og_url":"https:\/\/www.eldiario.net\/portal\/2026\/01\/04\/franklin-flores-a-san-pedro-con-detencion-preventiva\/","og_site_name":"El Diario - Bolivia","article_publisher":"https:\/\/www.facebook.com\/eldiario.bolivia\/","article_published_time":"2026-01-04T10:54:06+00:00","og_image":[{"width":275,"height":183,"url":"https:\/\/www.eldiario.net\/portal\/wp-content\/uploads\/2026\/01\/4-FLORES.webp","type":"image\/webp"}],"author":"Jeanette","twitter_card":"summary_large_image","twitter_creator":"@eldiario_net","twitter_site":"@eldiario_net","twitter_misc":{"Escrito por":"Jeanette","Tiempo de lectura":"3 minutos"},"schema":{"@context":"https:\/\/schema.org","@graph":[{"@type":"Article","@id":"https:\/\/www.eldiario.net\/portal\/2026\/01\/04\/franklin-flores-a-san-pedro-con-detencion-preventiva\/#article","isPartOf":{"@id":"https:\/\/www.eldiario.net\/portal\/2026\/01\/04\/franklin-flores-a-san-pedro-con-detencion-preventiva\/"},"author":{"name":"Jeanette","@id":"https:\/\/www.eldiario.net\/portal\/#\/schema\/person\/2c57cf2b7a7ae032e449e4c9b1019eac"},"headline":"Franklin Flores a San Pedro con detenci\u00f3n preventiva","datePublished":"2026-01-04T10:54:06+00:00","mainEntityOfPage":{"@id":"https:\/\/www.eldiario.net\/portal\/2026\/01\/04\/franklin-flores-a-san-pedro-con-detencion-preventiva\/"},"wordCount":464,"publisher":{"@id":"https:\/\/www.eldiario.net\/portal\/#organization"},"image":{"@id":"https:\/\/www.eldiario.net\/portal\/2026\/01\/04\/franklin-flores-a-san-pedro-con-detencion-preventiva\/#primaryimage"},"thumbnailUrl":"https:\/\/www.eldiario.net\/portal\/wp-content\/uploads\/2026\/01\/4-FLORES.webp","articleSection":["Sociedad - Seguridad"],"inLanguage":"es"},{"@type":"WebPage","@id":"https:\/\/www.eldiario.net\/portal\/2026\/01\/04\/franklin-flores-a-san-pedro-con-detencion-preventiva\/","url":"https:\/\/www.eldiario.net\/portal\/2026\/01\/04\/franklin-flores-a-san-pedro-con-detencion-preventiva\/","name":"Franklin Flores a San Pedro con detenci\u00f3n preventiva - El Diario - Bolivia","isPartOf":{"@id":"https:\/\/www.eldiario.net\/portal\/#website"},"primaryImageOfPage":{"@id":"https:\/\/www.eldiario.net\/portal\/2026\/01\/04\/franklin-flores-a-san-pedro-con-detencion-preventiva\/#primaryimage"},"image":{"@id":"https:\/\/www.eldiario.net\/portal\/2026\/01\/04\/franklin-flores-a-san-pedro-con-detencion-preventiva\/#primaryimage"},"thumbnailUrl":"https:\/\/www.eldiario.net\/portal\/wp-content\/uploads\/2026\/01\/4-FLORES.webp","datePublished":"2026-01-04T10:54:06+00:00","breadcrumb":{"@id":"https:\/\/www.eldiario.net\/portal\/2026\/01\/04\/franklin-flores-a-san-pedro-con-detencion-preventiva\/#breadcrumb"},"inLanguage":"es","potentialAction":[{"@type":"ReadAction","target":["https:\/\/www.eldiario.net\/portal\/2026\/01\/04\/franklin-flores-a-san-pedro-con-detencion-preventiva\/"]}]},{"@type":"ImageObject","inLanguage":"es","@id":"https:\/\/www.eldiario.net\/portal\/2026\/01\/04\/franklin-flores-a-san-pedro-con-detencion-preventiva\/#primaryimage","url":"https:\/\/www.eldiario.net\/portal\/wp-content\/uploads\/2026\/01\/4-FLORES.webp","contentUrl":"https:\/\/www.eldiario.net\/portal\/wp-content\/uploads\/2026\/01\/4-FLORES.webp","width":275,"height":183,"caption":"Flores tras ser aprehendido. Foto: APG"},{"@type":"BreadcrumbList","@id":"https:\/\/www.eldiario.net\/portal\/2026\/01\/04\/franklin-flores-a-san-pedro-con-detencion-preventiva\/#breadcrumb","itemListElement":[{"@type":"ListItem","position":1,"name":"Portada","item":"https:\/\/www.eldiario.net\/portal\/"},{"@type":"ListItem","position":2,"name":"Franklin Flores a San Pedro con detenci\u00f3n preventiva"}]},{"@type":"WebSite","@id":"https:\/\/www.eldiario.net\/portal\/#website","url":"https:\/\/www.eldiario.net\/portal\/","name":"El Diario - Decano de la prensa nacional","description":"El Diario - Decano de la prensa nacional","publisher":{"@id":"https:\/\/www.eldiario.net\/portal\/#organization"},"potentialAction":[{"@type":"SearchAction","target":{"@type":"EntryPoint","urlTemplate":"https:\/\/www.eldiario.net\/portal\/?s={search_term_string}"},"query-input":{"@type":"PropertyValueSpecification","valueRequired":true,"valueName":"search_term_string"}}],"inLanguage":"es"},{"@type":"Organization","@id":"https:\/\/www.eldiario.net\/portal\/#organization","name":"El Diario - Decano de la prensa nacional","url":"https:\/\/www.eldiario.net\/portal\/","logo":{"@type":"ImageObject","inLanguage":"es","@id":"https:\/\/www.eldiario.net\/portal\/#\/schema\/logo\/image\/","url":"https:\/\/www.eldiario.net\/portal\/wp-content\/uploads\/2023\/07\/logo_ED.jpg","contentUrl":"https:\/\/www.eldiario.net\/portal\/wp-content\/uploads\/2023\/07\/logo_ED.jpg","width":272,"height":52,"caption":"El Diario - Decano de la prensa nacional"},"image":{"@id":"https:\/\/www.eldiario.net\/portal\/#\/schema\/logo\/image\/"},"sameAs":["https:\/\/www.facebook.com\/eldiario.bolivia\/","https:\/\/x.com\/eldiario_net"]},{"@type":"Person","@id":"https:\/\/www.eldiario.net\/portal\/#\/schema\/person\/2c57cf2b7a7ae032e449e4c9b1019eac","name":"Jeanette","image":{"@type":"ImageObject","inLanguage":"es","@id":"https:\/\/secure.gravatar.com\/avatar\/3ea2118a5f7dad2b7138b1187a6b7ee55f160b9968b66013c3a3ef39dd7e5798?s=96&d=mm&r=g","url":"https:\/\/secure.gravatar.com\/avatar\/3ea2118a5f7dad2b7138b1187a6b7ee55f160b9968b66013c3a3ef39dd7e5798?s=96&d=mm&r=g","contentUrl":"https:\/\/secure.gravatar.com\/avatar\/3ea2118a5f7dad2b7138b1187a6b7ee55f160b9968b66013c3a3ef39dd7e5798?s=96&d=mm&r=g","caption":"Jeanette"},"sameAs":["https:\/\/www.eldiario.net\/portal"],"url":"https:\/\/www.eldiario.net\/portal\/author\/jeanette\/"}]}},"_links":{"self":[{"href":"https:\/\/www.eldiario.net\/portal\/wp-json\/wp\/v2\/posts\/356782","targetHints":{"allow":["GET"]}}],"collection":[{"href":"https:\/\/www.eldiario.net\/portal\/wp-json\/wp\/v2\/posts"}],"about":[{"href":"https:\/\/www.eldiario.net\/portal\/wp-json\/wp\/v2\/types\/post"}],"author":[{"embeddable":true,"href":"https:\/\/www.eldiario.net\/portal\/wp-json\/wp\/v2\/users\/1"}],"replies":[{"embeddable":true,"href":"https:\/\/www.eldiario.net\/portal\/wp-json\/wp\/v2\/comments?post=356782"}],"version-history":[{"count":1,"href":"https:\/\/www.eldiario.net\/portal\/wp-json\/wp\/v2\/posts\/356782\/revisions"}],"predecessor-version":[{"id":356784,"href":"https:\/\/www.eldiario.net\/portal\/wp-json\/wp\/v2\/posts\/356782\/revisions\/356784"}],"wp:featuredmedia":[{"embeddable":true,"href":"https:\/\/www.eldiario.net\/portal\/wp-json\/wp\/v2\/media\/356783"}],"wp:attachment":[{"href":"https:\/\/www.eldiario.net\/portal\/wp-json\/wp\/v2\/media?parent=356782"}],"wp:term":[{"taxonomy":"category","embeddable":true,"href":"https:\/\/www.eldiario.net\/portal\/wp-json\/wp\/v2\/categories?post=356782"},{"taxonomy":"post_tag","embeddable":true,"href":"https:\/\/www.eldiario.net\/portal\/wp-json\/wp\/v2\/tags?post=356782"}],"curies":[{"name":"wp","href":"https:\/\/api.w.org\/{rel}","templated":true}]}}