{"id":356779,"date":"2026-01-04T06:53:35","date_gmt":"2026-01-04T10:53:35","guid":{"rendered":"https:\/\/www.eldiario.net\/portal\/?p=356779"},"modified":"2026-01-04T06:53:35","modified_gmt":"2026-01-04T10:53:35","slug":"mujer-hallada-sin-vida-fue-victima-de-robo","status":"publish","type":"post","link":"https:\/\/www.eldiario.net\/portal\/2026\/01\/04\/mujer-hallada-sin-vida-fue-victima-de-robo\/","title":{"rendered":"Mujer hallada sin vida fue v\u00edctima de robo"},"content":{"rendered":"<p>Tras el hallazgo sin vida de una mujer en plena v\u00eda p\u00fablica del municipio pace\u00f1o de Viacha,\u00a0la Polic\u00eda inform\u00f3 que no contaba con su celular ni su billetera.\u00a0Fue encontrada maniatada y con el rostro cubierto con cinta aislante.<\/p>\n<p>\u201cEl cad\u00e1ver fue hallado por los vecinos.\u00a0La se\u00f1ora ten\u00eda previsto ir a la ciudad de La Paz para una actividad comercial. Seg\u00fan las entrevistas, no portaba una cantidad alta de dinero, pero s\u00ed le sustrajeron su celular y su billetera\u201d, inform\u00f3 el director de la Fuerza Especial de Lucha Contra el Crimen (Felcc), Henry Pinto.<\/p>\n<p>El reporte policial indica que la mujer fue atracada y trasladada\u00a0a otro lugar en un veh\u00edculo particular; sin embargo, este extremo a\u00fan es investigado por la Polic\u00eda. Adem\u00e1s,\u00a0la Fiscal\u00eda inform\u00f3 que la causa de la muerte fue asfixia,\u00a0seg\u00fan los resultados de la autopsia de ley.<\/p>\n<p>\u201cEl examen forense\u00a0estableci\u00f3 que la muerte fue causada por asfixia mec\u00e1nica por sofocaci\u00f3n, es decir, por la obstrucci\u00f3n de las v\u00edas de nariz y boca. No se evidenciaron mayores signos de violencia\u201d, inform\u00f3 el fiscal Frank V\u00e1squez.<\/p>\n<p>El cuerpo fue hallado la ma\u00f1ana del martes 30 de diciembre por vecinos de la zona Mariscal Santa Cruz, en Viacha, al borde de una acera.\u00a0La mujer se encontraba con las manos atadas,\u00a0el rostro cubierto con cinta aislante y envuelta en su propia mantilla. (Unitel)<\/p>\n","protected":false},"excerpt":{"rendered":"<p>Tras el hallazgo sin vida de una mujer en plena v\u00eda p\u00fablica del municipio pace\u00f1o de Viacha,\u00a0la Polic\u00eda inform\u00f3 que no contaba con su celular ni su billetera.\u00a0Fue encontrada maniatada y con el rostro cubierto con cinta aislante. \u201cEl cad\u00e1ver fue hallado por los vecinos.\u00a0La se\u00f1ora ten\u00eda previsto ir a la ciudad de La Paz [&hellip;]<\/p>\n","protected":false},"author":1,"featured_media":356780,"comment_status":"closed","ping_status":"open","sticky":false,"template":"","format":"standard","meta":{"_acf_changed":false,"footnotes":""},"categories":[39],"tags":[],"class_list":["post-356779","post","type-post","status-publish","format-standard","has-post-thumbnail","category-sociedad"],"acf":{"antetitulo":"Viacha"},"yoast_head":"<!-- This site is optimized with the Yoast SEO plugin v28.4 - https:\/\/yoast.com\/product\/yoast-seo-wordpress\/ -->\n<title>Mujer hallada sin vida fue v\u00edctima de robo - El Diario - Bolivia<\/title>\n<meta name=\"robots\" content=\"index, follow, max-snippet:-1, max-image-preview:large, max-video-preview:-1\" \/>\n<link rel=\"canonical\" href=\"https:\/\/www.eldiario.net\/portal\/2026\/01\/04\/mujer-hallada-sin-vida-fue-victima-de-robo\/\" \/>\n<meta property=\"og:locale\" content=\"es_ES\" \/>\n<meta property=\"og:type\" content=\"article\" \/>\n<meta property=\"og:title\" content=\"Mujer hallada sin vida fue v\u00edctima de robo - El Diario - Bolivia\" \/>\n<meta property=\"og:description\" content=\"Tras el hallazgo sin vida de una mujer en plena v\u00eda p\u00fablica del municipio pace\u00f1o de Viacha,\u00a0la Polic\u00eda inform\u00f3 que no contaba con su celular ni su billetera.\u00a0Fue encontrada maniatada y con el rostro cubierto con cinta aislante. \u201cEl cad\u00e1ver fue hallado por los vecinos.\u00a0La se\u00f1ora ten\u00eda previsto ir a la ciudad de La Paz [&hellip;]\" \/>\n<meta property=\"og:url\" content=\"https:\/\/www.eldiario.net\/portal\/2026\/01\/04\/mujer-hallada-sin-vida-fue-victima-de-robo\/\" \/>\n<meta property=\"og:site_name\" content=\"El Diario - Bolivia\" \/>\n<meta property=\"article:publisher\" content=\"https:\/\/www.facebook.com\/eldiario.bolivia\/\" \/>\n<meta property=\"article:published_time\" content=\"2026-01-04T10:53:35+00:00\" \/>\n<meta property=\"og:image\" content=\"https:\/\/www.eldiario.net\/portal\/wp-content\/uploads\/2026\/01\/4-ROBO.webp\" \/>\n\t<meta property=\"og:image:width\" content=\"1000\" \/>\n\t<meta property=\"og:image:height\" content=\"426\" \/>\n\t<meta property=\"og:image:type\" content=\"image\/webp\" \/>\n<meta name=\"author\" content=\"Jeanette\" \/>\n<meta name=\"twitter:card\" content=\"summary_large_image\" \/>\n<meta name=\"twitter:creator\" content=\"@eldiario_net\" \/>\n<meta name=\"twitter:site\" content=\"@eldiario_net\" \/>\n<meta name=\"twitter:label1\" content=\"Escrito por\" \/>\n\t<meta name=\"twitter:data1\" content=\"Jeanette\" \/>\n\t<meta name=\"twitter:label2\" content=\"Tiempo de lectura\" \/>\n\t<meta name=\"twitter:data2\" content=\"2 minutos\" \/>\n<script type=\"application\/ld+json\" class=\"yoast-schema-graph\">{\"@context\":\"https:\\\/\\\/schema.org\",\"@graph\":[{\"@type\":\"Article\",\"@id\":\"https:\\\/\\\/www.eldiario.net\\\/portal\\\/2026\\\/01\\\/04\\\/mujer-hallada-sin-vida-fue-victima-de-robo\\\/#article\",\"isPartOf\":{\"@id\":\"https:\\\/\\\/www.eldiario.net\\\/portal\\\/2026\\\/01\\\/04\\\/mujer-hallada-sin-vida-fue-victima-de-robo\\\/\"},\"author\":{\"name\":\"Jeanette\",\"@id\":\"https:\\\/\\\/www.eldiario.net\\\/portal\\\/#\\\/schema\\\/person\\\/2c57cf2b7a7ae032e449e4c9b1019eac\"},\"headline\":\"Mujer hallada sin vida fue v\u00edctima de robo\",\"datePublished\":\"2026-01-04T10:53:35+00:00\",\"mainEntityOfPage\":{\"@id\":\"https:\\\/\\\/www.eldiario.net\\\/portal\\\/2026\\\/01\\\/04\\\/mujer-hallada-sin-vida-fue-victima-de-robo\\\/\"},\"wordCount\":257,\"publisher\":{\"@id\":\"https:\\\/\\\/www.eldiario.net\\\/portal\\\/#organization\"},\"image\":{\"@id\":\"https:\\\/\\\/www.eldiario.net\\\/portal\\\/2026\\\/01\\\/04\\\/mujer-hallada-sin-vida-fue-victima-de-robo\\\/#primaryimage\"},\"thumbnailUrl\":\"https:\\\/\\\/www.eldiario.net\\\/portal\\\/wp-content\\\/uploads\\\/2026\\\/01\\\/4-ROBO.webp\",\"articleSection\":[\"Sociedad - Seguridad\"],\"inLanguage\":\"es\"},{\"@type\":\"WebPage\",\"@id\":\"https:\\\/\\\/www.eldiario.net\\\/portal\\\/2026\\\/01\\\/04\\\/mujer-hallada-sin-vida-fue-victima-de-robo\\\/\",\"url\":\"https:\\\/\\\/www.eldiario.net\\\/portal\\\/2026\\\/01\\\/04\\\/mujer-hallada-sin-vida-fue-victima-de-robo\\\/\",\"name\":\"Mujer hallada sin vida fue v\u00edctima de robo - El Diario - Bolivia\",\"isPartOf\":{\"@id\":\"https:\\\/\\\/www.eldiario.net\\\/portal\\\/#website\"},\"primaryImageOfPage\":{\"@id\":\"https:\\\/\\\/www.eldiario.net\\\/portal\\\/2026\\\/01\\\/04\\\/mujer-hallada-sin-vida-fue-victima-de-robo\\\/#primaryimage\"},\"image\":{\"@id\":\"https:\\\/\\\/www.eldiario.net\\\/portal\\\/2026\\\/01\\\/04\\\/mujer-hallada-sin-vida-fue-victima-de-robo\\\/#primaryimage\"},\"thumbnailUrl\":\"https:\\\/\\\/www.eldiario.net\\\/portal\\\/wp-content\\\/uploads\\\/2026\\\/01\\\/4-ROBO.webp\",\"datePublished\":\"2026-01-04T10:53:35+00:00\",\"breadcrumb\":{\"@id\":\"https:\\\/\\\/www.eldiario.net\\\/portal\\\/2026\\\/01\\\/04\\\/mujer-hallada-sin-vida-fue-victima-de-robo\\\/#breadcrumb\"},\"inLanguage\":\"es\",\"potentialAction\":[{\"@type\":\"ReadAction\",\"target\":[\"https:\\\/\\\/www.eldiario.net\\\/portal\\\/2026\\\/01\\\/04\\\/mujer-hallada-sin-vida-fue-victima-de-robo\\\/\"]}]},{\"@type\":\"ImageObject\",\"inLanguage\":\"es\",\"@id\":\"https:\\\/\\\/www.eldiario.net\\\/portal\\\/2026\\\/01\\\/04\\\/mujer-hallada-sin-vida-fue-victima-de-robo\\\/#primaryimage\",\"url\":\"https:\\\/\\\/www.eldiario.net\\\/portal\\\/wp-content\\\/uploads\\\/2026\\\/01\\\/4-ROBO.webp\",\"contentUrl\":\"https:\\\/\\\/www.eldiario.net\\\/portal\\\/wp-content\\\/uploads\\\/2026\\\/01\\\/4-ROBO.webp\",\"width\":1000,\"height\":426,\"caption\":\"El cuerpo fue hallado por los vecinos. Foto: Unitel\"},{\"@type\":\"BreadcrumbList\",\"@id\":\"https:\\\/\\\/www.eldiario.net\\\/portal\\\/2026\\\/01\\\/04\\\/mujer-hallada-sin-vida-fue-victima-de-robo\\\/#breadcrumb\",\"itemListElement\":[{\"@type\":\"ListItem\",\"position\":1,\"name\":\"Portada\",\"item\":\"https:\\\/\\\/www.eldiario.net\\\/portal\\\/\"},{\"@type\":\"ListItem\",\"position\":2,\"name\":\"Mujer hallada sin vida fue v\u00edctima de robo\"}]},{\"@type\":\"WebSite\",\"@id\":\"https:\\\/\\\/www.eldiario.net\\\/portal\\\/#website\",\"url\":\"https:\\\/\\\/www.eldiario.net\\\/portal\\\/\",\"name\":\"El Diario - Decano de la prensa nacional\",\"description\":\"El Diario - Decano de la prensa nacional\",\"publisher\":{\"@id\":\"https:\\\/\\\/www.eldiario.net\\\/portal\\\/#organization\"},\"potentialAction\":[{\"@type\":\"SearchAction\",\"target\":{\"@type\":\"EntryPoint\",\"urlTemplate\":\"https:\\\/\\\/www.eldiario.net\\\/portal\\\/?s={search_term_string}\"},\"query-input\":{\"@type\":\"PropertyValueSpecification\",\"valueRequired\":true,\"valueName\":\"search_term_string\"}}],\"inLanguage\":\"es\"},{\"@type\":\"Organization\",\"@id\":\"https:\\\/\\\/www.eldiario.net\\\/portal\\\/#organization\",\"name\":\"El Diario - Decano de la prensa nacional\",\"url\":\"https:\\\/\\\/www.eldiario.net\\\/portal\\\/\",\"logo\":{\"@type\":\"ImageObject\",\"inLanguage\":\"es\",\"@id\":\"https:\\\/\\\/www.eldiario.net\\\/portal\\\/#\\\/schema\\\/logo\\\/image\\\/\",\"url\":\"https:\\\/\\\/www.eldiario.net\\\/portal\\\/wp-content\\\/uploads\\\/2023\\\/07\\\/logo_ED.jpg\",\"contentUrl\":\"https:\\\/\\\/www.eldiario.net\\\/portal\\\/wp-content\\\/uploads\\\/2023\\\/07\\\/logo_ED.jpg\",\"width\":272,\"height\":52,\"caption\":\"El Diario - Decano de la prensa nacional\"},\"image\":{\"@id\":\"https:\\\/\\\/www.eldiario.net\\\/portal\\\/#\\\/schema\\\/logo\\\/image\\\/\"},\"sameAs\":[\"https:\\\/\\\/www.facebook.com\\\/eldiario.bolivia\\\/\",\"https:\\\/\\\/x.com\\\/eldiario_net\"]},{\"@type\":\"Person\",\"@id\":\"https:\\\/\\\/www.eldiario.net\\\/portal\\\/#\\\/schema\\\/person\\\/2c57cf2b7a7ae032e449e4c9b1019eac\",\"name\":\"Jeanette\",\"image\":{\"@type\":\"ImageObject\",\"inLanguage\":\"es\",\"@id\":\"https:\\\/\\\/secure.gravatar.com\\\/avatar\\\/3ea2118a5f7dad2b7138b1187a6b7ee55f160b9968b66013c3a3ef39dd7e5798?s=96&d=mm&r=g\",\"url\":\"https:\\\/\\\/secure.gravatar.com\\\/avatar\\\/3ea2118a5f7dad2b7138b1187a6b7ee55f160b9968b66013c3a3ef39dd7e5798?s=96&d=mm&r=g\",\"contentUrl\":\"https:\\\/\\\/secure.gravatar.com\\\/avatar\\\/3ea2118a5f7dad2b7138b1187a6b7ee55f160b9968b66013c3a3ef39dd7e5798?s=96&d=mm&r=g\",\"caption\":\"Jeanette\"},\"sameAs\":[\"https:\\\/\\\/www.eldiario.net\\\/portal\"],\"url\":\"https:\\\/\\\/www.eldiario.net\\\/portal\\\/author\\\/jeanette\\\/\"}]}<\/script>\n<!-- \/ Yoast SEO plugin. -->","yoast_head_json":{"title":"Mujer hallada sin vida fue v\u00edctima de robo - El Diario - Bolivia","robots":{"index":"index","follow":"follow","max-snippet":"max-snippet:-1","max-image-preview":"max-image-preview:large","max-video-preview":"max-video-preview:-1"},"canonical":"https:\/\/www.eldiario.net\/portal\/2026\/01\/04\/mujer-hallada-sin-vida-fue-victima-de-robo\/","og_locale":"es_ES","og_type":"article","og_title":"Mujer hallada sin vida fue v\u00edctima de robo - El Diario - Bolivia","og_description":"Tras el hallazgo sin vida de una mujer en plena v\u00eda p\u00fablica del municipio pace\u00f1o de Viacha,\u00a0la Polic\u00eda inform\u00f3 que no contaba con su celular ni su billetera.\u00a0Fue encontrada maniatada y con el rostro cubierto con cinta aislante. \u201cEl cad\u00e1ver fue hallado por los vecinos.\u00a0La se\u00f1ora ten\u00eda previsto ir a la ciudad de La Paz [&hellip;]","og_url":"https:\/\/www.eldiario.net\/portal\/2026\/01\/04\/mujer-hallada-sin-vida-fue-victima-de-robo\/","og_site_name":"El Diario - Bolivia","article_publisher":"https:\/\/www.facebook.com\/eldiario.bolivia\/","article_published_time":"2026-01-04T10:53:35+00:00","og_image":[{"width":1000,"height":426,"url":"https:\/\/www.eldiario.net\/portal\/wp-content\/uploads\/2026\/01\/4-ROBO.webp","type":"image\/webp"}],"author":"Jeanette","twitter_card":"summary_large_image","twitter_creator":"@eldiario_net","twitter_site":"@eldiario_net","twitter_misc":{"Escrito por":"Jeanette","Tiempo de lectura":"2 minutos"},"schema":{"@context":"https:\/\/schema.org","@graph":[{"@type":"Article","@id":"https:\/\/www.eldiario.net\/portal\/2026\/01\/04\/mujer-hallada-sin-vida-fue-victima-de-robo\/#article","isPartOf":{"@id":"https:\/\/www.eldiario.net\/portal\/2026\/01\/04\/mujer-hallada-sin-vida-fue-victima-de-robo\/"},"author":{"name":"Jeanette","@id":"https:\/\/www.eldiario.net\/portal\/#\/schema\/person\/2c57cf2b7a7ae032e449e4c9b1019eac"},"headline":"Mujer hallada sin vida fue v\u00edctima de robo","datePublished":"2026-01-04T10:53:35+00:00","mainEntityOfPage":{"@id":"https:\/\/www.eldiario.net\/portal\/2026\/01\/04\/mujer-hallada-sin-vida-fue-victima-de-robo\/"},"wordCount":257,"publisher":{"@id":"https:\/\/www.eldiario.net\/portal\/#organization"},"image":{"@id":"https:\/\/www.eldiario.net\/portal\/2026\/01\/04\/mujer-hallada-sin-vida-fue-victima-de-robo\/#primaryimage"},"thumbnailUrl":"https:\/\/www.eldiario.net\/portal\/wp-content\/uploads\/2026\/01\/4-ROBO.webp","articleSection":["Sociedad - Seguridad"],"inLanguage":"es"},{"@type":"WebPage","@id":"https:\/\/www.eldiario.net\/portal\/2026\/01\/04\/mujer-hallada-sin-vida-fue-victima-de-robo\/","url":"https:\/\/www.eldiario.net\/portal\/2026\/01\/04\/mujer-hallada-sin-vida-fue-victima-de-robo\/","name":"Mujer hallada sin vida fue v\u00edctima de robo - El Diario - Bolivia","isPartOf":{"@id":"https:\/\/www.eldiario.net\/portal\/#website"},"primaryImageOfPage":{"@id":"https:\/\/www.eldiario.net\/portal\/2026\/01\/04\/mujer-hallada-sin-vida-fue-victima-de-robo\/#primaryimage"},"image":{"@id":"https:\/\/www.eldiario.net\/portal\/2026\/01\/04\/mujer-hallada-sin-vida-fue-victima-de-robo\/#primaryimage"},"thumbnailUrl":"https:\/\/www.eldiario.net\/portal\/wp-content\/uploads\/2026\/01\/4-ROBO.webp","datePublished":"2026-01-04T10:53:35+00:00","breadcrumb":{"@id":"https:\/\/www.eldiario.net\/portal\/2026\/01\/04\/mujer-hallada-sin-vida-fue-victima-de-robo\/#breadcrumb"},"inLanguage":"es","potentialAction":[{"@type":"ReadAction","target":["https:\/\/www.eldiario.net\/portal\/2026\/01\/04\/mujer-hallada-sin-vida-fue-victima-de-robo\/"]}]},{"@type":"ImageObject","inLanguage":"es","@id":"https:\/\/www.eldiario.net\/portal\/2026\/01\/04\/mujer-hallada-sin-vida-fue-victima-de-robo\/#primaryimage","url":"https:\/\/www.eldiario.net\/portal\/wp-content\/uploads\/2026\/01\/4-ROBO.webp","contentUrl":"https:\/\/www.eldiario.net\/portal\/wp-content\/uploads\/2026\/01\/4-ROBO.webp","width":1000,"height":426,"caption":"El cuerpo fue hallado por los vecinos. Foto: Unitel"},{"@type":"BreadcrumbList","@id":"https:\/\/www.eldiario.net\/portal\/2026\/01\/04\/mujer-hallada-sin-vida-fue-victima-de-robo\/#breadcrumb","itemListElement":[{"@type":"ListItem","position":1,"name":"Portada","item":"https:\/\/www.eldiario.net\/portal\/"},{"@type":"ListItem","position":2,"name":"Mujer hallada sin vida fue v\u00edctima de robo"}]},{"@type":"WebSite","@id":"https:\/\/www.eldiario.net\/portal\/#website","url":"https:\/\/www.eldiario.net\/portal\/","name":"El Diario - Decano de la prensa nacional","description":"El Diario - Decano de la prensa nacional","publisher":{"@id":"https:\/\/www.eldiario.net\/portal\/#organization"},"potentialAction":[{"@type":"SearchAction","target":{"@type":"EntryPoint","urlTemplate":"https:\/\/www.eldiario.net\/portal\/?s={search_term_string}"},"query-input":{"@type":"PropertyValueSpecification","valueRequired":true,"valueName":"search_term_string"}}],"inLanguage":"es"},{"@type":"Organization","@id":"https:\/\/www.eldiario.net\/portal\/#organization","name":"El Diario - Decano de la prensa nacional","url":"https:\/\/www.eldiario.net\/portal\/","logo":{"@type":"ImageObject","inLanguage":"es","@id":"https:\/\/www.eldiario.net\/portal\/#\/schema\/logo\/image\/","url":"https:\/\/www.eldiario.net\/portal\/wp-content\/uploads\/2023\/07\/logo_ED.jpg","contentUrl":"https:\/\/www.eldiario.net\/portal\/wp-content\/uploads\/2023\/07\/logo_ED.jpg","width":272,"height":52,"caption":"El Diario - Decano de la prensa nacional"},"image":{"@id":"https:\/\/www.eldiario.net\/portal\/#\/schema\/logo\/image\/"},"sameAs":["https:\/\/www.facebook.com\/eldiario.bolivia\/","https:\/\/x.com\/eldiario_net"]},{"@type":"Person","@id":"https:\/\/www.eldiario.net\/portal\/#\/schema\/person\/2c57cf2b7a7ae032e449e4c9b1019eac","name":"Jeanette","image":{"@type":"ImageObject","inLanguage":"es","@id":"https:\/\/secure.gravatar.com\/avatar\/3ea2118a5f7dad2b7138b1187a6b7ee55f160b9968b66013c3a3ef39dd7e5798?s=96&d=mm&r=g","url":"https:\/\/secure.gravatar.com\/avatar\/3ea2118a5f7dad2b7138b1187a6b7ee55f160b9968b66013c3a3ef39dd7e5798?s=96&d=mm&r=g","contentUrl":"https:\/\/secure.gravatar.com\/avatar\/3ea2118a5f7dad2b7138b1187a6b7ee55f160b9968b66013c3a3ef39dd7e5798?s=96&d=mm&r=g","caption":"Jeanette"},"sameAs":["https:\/\/www.eldiario.net\/portal"],"url":"https:\/\/www.eldiario.net\/portal\/author\/jeanette\/"}]}},"_links":{"self":[{"href":"https:\/\/www.eldiario.net\/portal\/wp-json\/wp\/v2\/posts\/356779","targetHints":{"allow":["GET"]}}],"collection":[{"href":"https:\/\/www.eldiario.net\/portal\/wp-json\/wp\/v2\/posts"}],"about":[{"href":"https:\/\/www.eldiario.net\/portal\/wp-json\/wp\/v2\/types\/post"}],"author":[{"embeddable":true,"href":"https:\/\/www.eldiario.net\/portal\/wp-json\/wp\/v2\/users\/1"}],"replies":[{"embeddable":true,"href":"https:\/\/www.eldiario.net\/portal\/wp-json\/wp\/v2\/comments?post=356779"}],"version-history":[{"count":1,"href":"https:\/\/www.eldiario.net\/portal\/wp-json\/wp\/v2\/posts\/356779\/revisions"}],"predecessor-version":[{"id":356781,"href":"https:\/\/www.eldiario.net\/portal\/wp-json\/wp\/v2\/posts\/356779\/revisions\/356781"}],"wp:featuredmedia":[{"embeddable":true,"href":"https:\/\/www.eldiario.net\/portal\/wp-json\/wp\/v2\/media\/356780"}],"wp:attachment":[{"href":"https:\/\/www.eldiario.net\/portal\/wp-json\/wp\/v2\/media?parent=356779"}],"wp:term":[{"taxonomy":"category","embeddable":true,"href":"https:\/\/www.eldiario.net\/portal\/wp-json\/wp\/v2\/categories?post=356779"},{"taxonomy":"post_tag","embeddable":true,"href":"https:\/\/www.eldiario.net\/portal\/wp-json\/wp\/v2\/tags?post=356779"}],"curies":[{"name":"wp","href":"https:\/\/api.w.org\/{rel}","templated":true}]}}