{"id":356546,"date":"2026-01-02T07:56:03","date_gmt":"2026-01-02T11:56:03","guid":{"rendered":"https:\/\/www.eldiario.net\/portal\/?p=356546"},"modified":"2026-01-02T07:56:03","modified_gmt":"2026-01-02T11:56:03","slug":"la-curva-del-olvido-y-el-cerebro-2","status":"publish","type":"post","link":"https:\/\/www.eldiario.net\/portal\/2026\/01\/02\/la-curva-del-olvido-y-el-cerebro-2\/","title":{"rendered":"La curva del olvido y el cerebro"},"content":{"rendered":"<p><strong>Por. Equipo editor<\/strong><\/p>\n<p>&nbsp;<\/p>\n<p><strong>Recordemos que\u2026<\/strong><\/p>\n<p>&nbsp;<\/p>\n<p>Para \u00dcber das Ged\u00e4chtnis la curva del olvido es la relaci\u00f3n funcional que describe la p\u00e9rdida de retenci\u00f3n de informaci\u00f3n en el tiempo, demostrando que el olvido es m\u00e1s r\u00e1pido inmediatamente despu\u00e9s del aprendizaje y que su ritmo disminuye a medida que transcurre el tiempo, estabiliz\u00e1ndose finalmente en un nivel base de conocimiento residual.<\/p>\n<p>&nbsp;<\/p>\n<p><strong>Proceso de la curva del olvido<\/strong><\/p>\n<p>&nbsp;<\/p>\n<p>La curva del olvido es todo un proceso complejo, por lo mismo se hace sumamente urgente que veamos los fundamentos te\u00f3ricos y los mecanismos neurobiol\u00f3gicos que la sustentan.<\/p>\n<p>&nbsp;<\/p>\n<ol>\n<li><strong> El origen te\u00f3rico &#8211; Hermann Ebbinghaus<\/strong><\/li>\n<\/ol>\n<p>&nbsp;<\/p>\n<p>El concepto tiene su g\u00e9nesis en los trabajos del psic\u00f3logo alem\u00e1n Hermann Ebbinghaus (1885), quien fue el primero en aplicar el m\u00e9todo cient\u00edfico al estudio de la memoria. A trav\u00e9s de sus experimentos con s\u00edlabas sin sentido, Ebbinghaus cuantific\u00f3 la tasa de p\u00e9rdida de informaci\u00f3n en el tiempo.<\/p>\n<p>&nbsp;<\/p>\n<p>Su hallazgo principal fue que el olvido no es lineal, sino exponencial. La mayor p\u00e9rdida de informaci\u00f3n ocurre en los primeros 20 minutos tras el aprendizaje, estabiliz\u00e1ndose despu\u00e9s de 24 a 48 horas. Ebbinghaus demostr\u00f3 que, sin un repaso activo, el cerebro descarta r\u00e1pidamente aquello que no considera relevante para la supervivencia o la ejecuci\u00f3n de tareas inmediatas.<\/p>\n<p>&nbsp;<\/p>\n<ol start=\"2\">\n<li><strong> La neurobiolog\u00eda del olvido &#8211; El papel de la LTP<\/strong><\/li>\n<\/ol>\n<p>&nbsp;<\/p>\n<p>Desde la neurociencia moderna, entendemos que el aprendizaje depende de la Potenciaci\u00f3n a Largo Plazo (LTP), un fortalecimiento de las conexiones sin\u00e1pticas. Autores como el Nobel Eric Kandel han explicado que la memoria a corto plazo implica cambios qu\u00edmicos temporales en las sinapsis, mientras que la memoria a largo plazo requiere la s\u00edntesis de nuevas prote\u00ednas y cambios estructurales en las neuronas.<\/p>\n<p>&nbsp;<\/p>\n<p>La curva del olvido representa, en t\u00e9rminos biol\u00f3gicos, el debilitamiento de estas conexiones sin\u00e1pticas cuando no son estimuladas. Si una ruta neuronal no se reactiva, los receptores de glutamato (fundamentales en la comunicaci\u00f3n neuronal) disminuyen, y la huella mn\u00e9mica o engrama se desvanece por falta de uso, un proceso conocido como decaimiento de la huella.<\/p>\n<p>&nbsp;<\/p>\n<ol start=\"3\">\n<li><strong> La Teor\u00eda del Decaimiento vs. Interferencia<\/strong><\/li>\n<\/ol>\n<p>&nbsp;<\/p>\n<p>Para profundizar en el rigor acad\u00e9mico, debemos citar a John Anderson y su modelo ACT-R, que sugiere que el olvido ocurre por dos v\u00edas:<\/p>\n<p>&nbsp;<\/p>\n<ul>\n<li>El paso del tiempo debilita la fuerza de la memoria.<\/li>\n<li>Nueva informaci\u00f3n compite con la anterior (interferencia proactiva y retroactiva), dificultando la recuperaci\u00f3n del dato original.<\/li>\n<\/ul>\n<p>&nbsp;<\/p>\n<ol start=\"4\">\n<li><strong> La hip\u00f3tesis de la \u201cDificultad deseable\u201d de Bjork<\/strong><\/li>\n<\/ol>\n<p>&nbsp;<\/p>\n<p>Un aporte fundamental para la pedagog\u00eda contempor\u00e1nea es el de Robert Bjork. \u00c9l distingue entre la fuerza de almacenamiento (qu\u00e9 tan bien aprendido est\u00e1 algo) y la fuerza de recuperaci\u00f3n (qu\u00e9 tan accesible est\u00e1 en este momento).<\/p>\n<p>&nbsp;<\/p>\n<p>La curva del olvido afecta principalmente a la fuerza de recuperaci\u00f3n. Bjork propone que el olvido es una herramienta de filtrado: el cerebro mantiene la informaci\u00f3n con alta fuerza de almacenamiento pero baja accesibilidad para no saturar la atenci\u00f3n. Para aplanar la curva, es necesario introducir dificultades deseables, como el recuerdo activo, que obliga al cerebro a reconstruir el camino hacia el dato, fortaleciendo la sinapsis.<\/p>\n<p>&nbsp;<\/p>\n<ol start=\"5\">\n<li><strong> Repaso espaciado &#8211; La soluci\u00f3n pedag\u00f3gica<\/strong><\/li>\n<\/ol>\n<p>&nbsp;<\/p>\n<p>La aplicaci\u00f3n pr\u00e1ctica de esta teor\u00eda es el Efecto de Espaciamiento, estudiado a fondo por autores como Paul Pimsleur y perfeccionado en algoritmos modernos. Al revisar la informaci\u00f3n justo antes de que la curva llegue a su punto cr\u00edtico de p\u00e9rdida, se reinicia la retenci\u00f3n, pero con una pendiente de ca\u00edda mucho m\u00e1s suave. Con cada repaso, el tiempo necesario entre sesiones aumenta, consolidando la informaci\u00f3n en la memoria de largo plazo (corteza prefrontal y temporal).<\/p>\n<p>&nbsp;<\/p>\n<p>Por todo lo expuesto, se debe enfatizar que la curva del olvido nos ense\u00f1a que la memoria no es un almac\u00e9n est\u00e1tico, sino un proceso din\u00e1mico de reconstrucci\u00f3n. El olvido es el escultor que permite que solo la informaci\u00f3n relevante permanezca grabada en nuestra arquitectura neuronal.<\/p>\n\r\n                <style type=\"text\/css\">\r\n                    \r\n                    #tdi_1  .td-doubleSlider-2 .td-item1 {\r\n                        background: url(https:\/\/www.eldiario.net\/portal\/wp-content\/uploads\/2026\/01\/Bio-Hermann-Ebbinghaus-80x60.webp) 0 0 no-repeat;\r\n                    }\r\n                    #tdi_1  .td-doubleSlider-2 .td-item2 {\r\n                        background: url(https:\/\/www.eldiario.net\/portal\/wp-content\/uploads\/2026\/01\/Bio-Repaso-espaciado-80x60.webp) 0 0 no-repeat;\r\n                    }\r\n                    #tdi_1  .td-doubleSlider-2 .td-item3 {\r\n                        background: url(https:\/\/www.eldiario.net\/portal\/wp-content\/uploads\/2026\/01\/Bio-Teoria-del-Decaimiento-80x60.webp) 0 0 no-repeat;\r\n                    }\r\n                <\/style>\r\n\r\n                <div id=\"tdi_1\" class=\"td-gallery td-slide-on-2-columns\">\r\n                    <div class=\"post_td_gallery\">\r\n                        <div class=\"td-gallery-slide-top\">\r\n                           <div class=\"td-gallery-title\"><\/div>\r\n\r\n                            <div class=\"td-gallery-controls-wrapper\">\r\n                                <div class=\"td-gallery-slide-count\"><span class=\"td-gallery-slide-item-focus\">1<\/span> de 3<\/div>\r\n                                <div class=\"td-gallery-slide-prev-next-but\">\r\n                                    <i class = \"td-icon-left doubleSliderPrevButton\"><\/i>\r\n                                    <i class = \"td-icon-right doubleSliderNextButton\"><\/i>\r\n                                <\/div>\r\n                            <\/div>\r\n                        <\/div>\r\n\r\n                        <div class = \"td-doubleSlider-1 \">\r\n                            <div class = \"td-slider\">\r\n                                \r\n                    <div class = \"td-slide-item td-item1\">\r\n                        <figure class=\"td-slide-galery-figure td-slide-popup-gallery\">\r\n                            <a class=\"slide-gallery-image-link\" href=\"https:\/\/www.eldiario.net\/portal\/wp-content\/uploads\/2026\/01\/Bio-Hermann-Ebbinghaus.webp\" title=\"Bio---Hermann-Ebbinghaus\"  data-caption=\"\"  data-description=\"\">\r\n                                <img decoding=\"async\" src=\"https:\/\/www.eldiario.net\/portal\/wp-content\/uploads\/2026\/01\/Bio-Hermann-Ebbinghaus.webp\" srcset=\"https:\/\/www.eldiario.net\/portal\/wp-content\/uploads\/2026\/01\/Bio-Hermann-Ebbinghaus.webp 240w, https:\/\/www.eldiario.net\/portal\/wp-content\/uploads\/2026\/01\/Bio-Hermann-Ebbinghaus-150x84.webp 150w\" sizes=\"(max-width: 240px) 100vw, 240px\" alt=\"\">\r\n                            <\/a>\r\n                            \r\n                        <\/figure>\r\n                    <\/div>\r\n                    <div class = \"td-slide-item td-item2\">\r\n                        <figure class=\"td-slide-galery-figure td-slide-popup-gallery\">\r\n                            <a class=\"slide-gallery-image-link\" href=\"https:\/\/www.eldiario.net\/portal\/wp-content\/uploads\/2026\/01\/Bio-Repaso-espaciado.webp\" title=\"Bio---Repaso-espaciado\"  data-caption=\"\"  data-description=\"\">\r\n                                <img decoding=\"async\" src=\"https:\/\/www.eldiario.net\/portal\/wp-content\/uploads\/2026\/01\/Bio-Repaso-espaciado-240x420.webp\" srcset=\"https:\/\/www.eldiario.net\/portal\/wp-content\/uploads\/2026\/01\/Bio-Repaso-espaciado-240x420.webp 240w, https:\/\/www.eldiario.net\/portal\/wp-content\/uploads\/2026\/01\/Bio-Repaso-espaciado-171x300.webp 171w, https:\/\/www.eldiario.net\/portal\/wp-content\/uploads\/2026\/01\/Bio-Repaso-espaciado-585x1024.webp 585w, https:\/\/www.eldiario.net\/portal\/wp-content\/uploads\/2026\/01\/Bio-Repaso-espaciado-150x263.webp 150w, https:\/\/www.eldiario.net\/portal\/wp-content\/uploads\/2026\/01\/Bio-Repaso-espaciado-300x525.webp 300w, https:\/\/www.eldiario.net\/portal\/wp-content\/uploads\/2026\/01\/Bio-Repaso-espaciado.webp 640w\" sizes=\"(max-width: 240px) 100vw, 240px\" alt=\"\">\r\n                            <\/a>\r\n                            \r\n                        <\/figure>\r\n                    <\/div>\r\n                    <div class = \"td-slide-item td-item3\">\r\n                        <figure class=\"td-slide-galery-figure td-slide-popup-gallery\">\r\n                            <a class=\"slide-gallery-image-link\" href=\"https:\/\/www.eldiario.net\/portal\/wp-content\/uploads\/2026\/01\/Bio-Teoria-del-Decaimiento.webp\" title=\"Bio---Teor\u00eda-del-Decaimiento\"  data-caption=\"\"  data-description=\"\">\r\n                                <img decoding=\"async\" src=\"https:\/\/www.eldiario.net\/portal\/wp-content\/uploads\/2026\/01\/Bio-Teoria-del-Decaimiento.webp\" srcset=\"https:\/\/www.eldiario.net\/portal\/wp-content\/uploads\/2026\/01\/Bio-Teoria-del-Decaimiento.webp 560w, https:\/\/www.eldiario.net\/portal\/wp-content\/uploads\/2026\/01\/Bio-Teoria-del-Decaimiento-300x169.webp 300w, https:\/\/www.eldiario.net\/portal\/wp-content\/uploads\/2026\/01\/Bio-Teoria-del-Decaimiento-150x84.webp 150w\" sizes=\"(max-width: 560px) 100vw, 560px\" alt=\"\">\r\n                            <\/a>\r\n                            \r\n                        <\/figure>\r\n                    <\/div>\r\n                            <\/div>\r\n                        <\/div>\r\n\r\n                        <div class = \"td-doubleSlider-2\">\r\n                            <div class = \"td-slider\">\r\n                                \r\n                    <div class = \"td-button td-item1\">\r\n                        <div class = \"td-border\"><\/div>\r\n                    <\/div>\r\n                    <div class = \"td-button td-item2\">\r\n                        <div class = \"td-border\"><\/div>\r\n                    <\/div>\r\n                    <div class = \"td-button td-item3\">\r\n                        <div class = \"td-border\"><\/div>\r\n                    <\/div>\r\n                            <\/div>\r\n                        <\/div>\r\n\r\n                    <\/div>\r\n\r\n                <\/div>\r\n                \n","protected":false},"excerpt":{"rendered":"<p>Por. Equipo editor &nbsp; Recordemos que\u2026 &nbsp; Para \u00dcber das Ged\u00e4chtnis la curva del olvido es la relaci\u00f3n funcional que describe la p\u00e9rdida de retenci\u00f3n de informaci\u00f3n en el tiempo, demostrando que el olvido es m\u00e1s r\u00e1pido inmediatamente despu\u00e9s del aprendizaje y que su ritmo disminuye a medida que transcurre el tiempo, estabiliz\u00e1ndose finalmente en [&hellip;]<\/p>\n","protected":false},"author":1,"featured_media":356548,"comment_status":"closed","ping_status":"open","sticky":false,"template":"","format":"standard","meta":{"_acf_changed":false,"footnotes":""},"categories":[43],"tags":[],"class_list":["post-356546","post","type-post","status-publish","format-standard","has-post-thumbnail","category-nuevos-horizontes"],"acf":{"antetitulo":""},"yoast_head":"<!-- This site is optimized with the Yoast SEO plugin v28.4 - https:\/\/yoast.com\/product\/yoast-seo-wordpress\/ -->\n<title>La curva del olvido y el cerebro - El Diario - Bolivia<\/title>\n<meta name=\"robots\" content=\"index, follow, max-snippet:-1, max-image-preview:large, max-video-preview:-1\" \/>\n<link rel=\"canonical\" href=\"https:\/\/www.eldiario.net\/portal\/2026\/01\/02\/la-curva-del-olvido-y-el-cerebro-2\/\" \/>\n<meta property=\"og:locale\" content=\"es_ES\" \/>\n<meta property=\"og:type\" content=\"article\" \/>\n<meta property=\"og:title\" content=\"La curva del olvido y el cerebro - El Diario - Bolivia\" \/>\n<meta property=\"og:description\" content=\"Por. Equipo editor &nbsp; Recordemos que\u2026 &nbsp; Para \u00dcber das Ged\u00e4chtnis la curva del olvido es la relaci\u00f3n funcional que describe la p\u00e9rdida de retenci\u00f3n de informaci\u00f3n en el tiempo, demostrando que el olvido es m\u00e1s r\u00e1pido inmediatamente despu\u00e9s del aprendizaje y que su ritmo disminuye a medida que transcurre el tiempo, estabiliz\u00e1ndose finalmente en [&hellip;]\" \/>\n<meta property=\"og:url\" content=\"https:\/\/www.eldiario.net\/portal\/2026\/01\/02\/la-curva-del-olvido-y-el-cerebro-2\/\" \/>\n<meta property=\"og:site_name\" content=\"El Diario - Bolivia\" \/>\n<meta property=\"article:publisher\" content=\"https:\/\/www.facebook.com\/eldiario.bolivia\/\" \/>\n<meta property=\"article:published_time\" content=\"2026-01-02T11:56:03+00:00\" \/>\n<meta property=\"og:image\" content=\"https:\/\/www.eldiario.net\/portal\/wp-content\/uploads\/2026\/01\/Bio-Repaso-espaciado.webp\" \/>\n\t<meta property=\"og:image:width\" content=\"640\" \/>\n\t<meta property=\"og:image:height\" content=\"1120\" \/>\n\t<meta property=\"og:image:type\" content=\"image\/webp\" \/>\n<meta name=\"author\" content=\"Jeanette\" \/>\n<meta name=\"twitter:card\" content=\"summary_large_image\" \/>\n<meta name=\"twitter:creator\" content=\"@eldiario_net\" \/>\n<meta name=\"twitter:site\" content=\"@eldiario_net\" \/>\n<meta name=\"twitter:label1\" content=\"Escrito por\" \/>\n\t<meta name=\"twitter:data1\" content=\"Jeanette\" \/>\n\t<meta name=\"twitter:label2\" content=\"Tiempo de lectura\" \/>\n\t<meta name=\"twitter:data2\" content=\"4 minutos\" \/>\n<script type=\"application\/ld+json\" class=\"yoast-schema-graph\">{\"@context\":\"https:\\\/\\\/schema.org\",\"@graph\":[{\"@type\":\"Article\",\"@id\":\"https:\\\/\\\/www.eldiario.net\\\/portal\\\/2026\\\/01\\\/02\\\/la-curva-del-olvido-y-el-cerebro-2\\\/#article\",\"isPartOf\":{\"@id\":\"https:\\\/\\\/www.eldiario.net\\\/portal\\\/2026\\\/01\\\/02\\\/la-curva-del-olvido-y-el-cerebro-2\\\/\"},\"author\":{\"name\":\"Jeanette\",\"@id\":\"https:\\\/\\\/www.eldiario.net\\\/portal\\\/#\\\/schema\\\/person\\\/2c57cf2b7a7ae032e449e4c9b1019eac\"},\"headline\":\"La curva del olvido y el cerebro\",\"datePublished\":\"2026-01-02T11:56:03+00:00\",\"mainEntityOfPage\":{\"@id\":\"https:\\\/\\\/www.eldiario.net\\\/portal\\\/2026\\\/01\\\/02\\\/la-curva-del-olvido-y-el-cerebro-2\\\/\"},\"wordCount\":726,\"publisher\":{\"@id\":\"https:\\\/\\\/www.eldiario.net\\\/portal\\\/#organization\"},\"image\":{\"@id\":\"https:\\\/\\\/www.eldiario.net\\\/portal\\\/2026\\\/01\\\/02\\\/la-curva-del-olvido-y-el-cerebro-2\\\/#primaryimage\"},\"thumbnailUrl\":\"https:\\\/\\\/www.eldiario.net\\\/portal\\\/wp-content\\\/uploads\\\/2026\\\/01\\\/Bio-Repaso-espaciado.webp\",\"articleSection\":[\"Nuevos Horizontes\"],\"inLanguage\":\"es\"},{\"@type\":\"WebPage\",\"@id\":\"https:\\\/\\\/www.eldiario.net\\\/portal\\\/2026\\\/01\\\/02\\\/la-curva-del-olvido-y-el-cerebro-2\\\/\",\"url\":\"https:\\\/\\\/www.eldiario.net\\\/portal\\\/2026\\\/01\\\/02\\\/la-curva-del-olvido-y-el-cerebro-2\\\/\",\"name\":\"La curva del olvido y el cerebro - El Diario - Bolivia\",\"isPartOf\":{\"@id\":\"https:\\\/\\\/www.eldiario.net\\\/portal\\\/#website\"},\"primaryImageOfPage\":{\"@id\":\"https:\\\/\\\/www.eldiario.net\\\/portal\\\/2026\\\/01\\\/02\\\/la-curva-del-olvido-y-el-cerebro-2\\\/#primaryimage\"},\"image\":{\"@id\":\"https:\\\/\\\/www.eldiario.net\\\/portal\\\/2026\\\/01\\\/02\\\/la-curva-del-olvido-y-el-cerebro-2\\\/#primaryimage\"},\"thumbnailUrl\":\"https:\\\/\\\/www.eldiario.net\\\/portal\\\/wp-content\\\/uploads\\\/2026\\\/01\\\/Bio-Repaso-espaciado.webp\",\"datePublished\":\"2026-01-02T11:56:03+00:00\",\"breadcrumb\":{\"@id\":\"https:\\\/\\\/www.eldiario.net\\\/portal\\\/2026\\\/01\\\/02\\\/la-curva-del-olvido-y-el-cerebro-2\\\/#breadcrumb\"},\"inLanguage\":\"es\",\"potentialAction\":[{\"@type\":\"ReadAction\",\"target\":[\"https:\\\/\\\/www.eldiario.net\\\/portal\\\/2026\\\/01\\\/02\\\/la-curva-del-olvido-y-el-cerebro-2\\\/\"]}]},{\"@type\":\"ImageObject\",\"inLanguage\":\"es\",\"@id\":\"https:\\\/\\\/www.eldiario.net\\\/portal\\\/2026\\\/01\\\/02\\\/la-curva-del-olvido-y-el-cerebro-2\\\/#primaryimage\",\"url\":\"https:\\\/\\\/www.eldiario.net\\\/portal\\\/wp-content\\\/uploads\\\/2026\\\/01\\\/Bio-Repaso-espaciado.webp\",\"contentUrl\":\"https:\\\/\\\/www.eldiario.net\\\/portal\\\/wp-content\\\/uploads\\\/2026\\\/01\\\/Bio-Repaso-espaciado.webp\",\"width\":640,\"height\":1120},{\"@type\":\"BreadcrumbList\",\"@id\":\"https:\\\/\\\/www.eldiario.net\\\/portal\\\/2026\\\/01\\\/02\\\/la-curva-del-olvido-y-el-cerebro-2\\\/#breadcrumb\",\"itemListElement\":[{\"@type\":\"ListItem\",\"position\":1,\"name\":\"Portada\",\"item\":\"https:\\\/\\\/www.eldiario.net\\\/portal\\\/\"},{\"@type\":\"ListItem\",\"position\":2,\"name\":\"La curva del olvido y el cerebro\"}]},{\"@type\":\"WebSite\",\"@id\":\"https:\\\/\\\/www.eldiario.net\\\/portal\\\/#website\",\"url\":\"https:\\\/\\\/www.eldiario.net\\\/portal\\\/\",\"name\":\"El Diario - Decano de la prensa nacional\",\"description\":\"El Diario - Decano de la prensa nacional\",\"publisher\":{\"@id\":\"https:\\\/\\\/www.eldiario.net\\\/portal\\\/#organization\"},\"potentialAction\":[{\"@type\":\"SearchAction\",\"target\":{\"@type\":\"EntryPoint\",\"urlTemplate\":\"https:\\\/\\\/www.eldiario.net\\\/portal\\\/?s={search_term_string}\"},\"query-input\":{\"@type\":\"PropertyValueSpecification\",\"valueRequired\":true,\"valueName\":\"search_term_string\"}}],\"inLanguage\":\"es\"},{\"@type\":\"Organization\",\"@id\":\"https:\\\/\\\/www.eldiario.net\\\/portal\\\/#organization\",\"name\":\"El Diario - Decano de la prensa nacional\",\"url\":\"https:\\\/\\\/www.eldiario.net\\\/portal\\\/\",\"logo\":{\"@type\":\"ImageObject\",\"inLanguage\":\"es\",\"@id\":\"https:\\\/\\\/www.eldiario.net\\\/portal\\\/#\\\/schema\\\/logo\\\/image\\\/\",\"url\":\"https:\\\/\\\/www.eldiario.net\\\/portal\\\/wp-content\\\/uploads\\\/2023\\\/07\\\/logo_ED.jpg\",\"contentUrl\":\"https:\\\/\\\/www.eldiario.net\\\/portal\\\/wp-content\\\/uploads\\\/2023\\\/07\\\/logo_ED.jpg\",\"width\":272,\"height\":52,\"caption\":\"El Diario - Decano de la prensa nacional\"},\"image\":{\"@id\":\"https:\\\/\\\/www.eldiario.net\\\/portal\\\/#\\\/schema\\\/logo\\\/image\\\/\"},\"sameAs\":[\"https:\\\/\\\/www.facebook.com\\\/eldiario.bolivia\\\/\",\"https:\\\/\\\/x.com\\\/eldiario_net\"]},{\"@type\":\"Person\",\"@id\":\"https:\\\/\\\/www.eldiario.net\\\/portal\\\/#\\\/schema\\\/person\\\/2c57cf2b7a7ae032e449e4c9b1019eac\",\"name\":\"Jeanette\",\"image\":{\"@type\":\"ImageObject\",\"inLanguage\":\"es\",\"@id\":\"https:\\\/\\\/secure.gravatar.com\\\/avatar\\\/3ea2118a5f7dad2b7138b1187a6b7ee55f160b9968b66013c3a3ef39dd7e5798?s=96&d=mm&r=g\",\"url\":\"https:\\\/\\\/secure.gravatar.com\\\/avatar\\\/3ea2118a5f7dad2b7138b1187a6b7ee55f160b9968b66013c3a3ef39dd7e5798?s=96&d=mm&r=g\",\"contentUrl\":\"https:\\\/\\\/secure.gravatar.com\\\/avatar\\\/3ea2118a5f7dad2b7138b1187a6b7ee55f160b9968b66013c3a3ef39dd7e5798?s=96&d=mm&r=g\",\"caption\":\"Jeanette\"},\"sameAs\":[\"https:\\\/\\\/www.eldiario.net\\\/portal\"],\"url\":\"https:\\\/\\\/www.eldiario.net\\\/portal\\\/author\\\/jeanette\\\/\"}]}<\/script>\n<!-- \/ Yoast SEO plugin. -->","yoast_head_json":{"title":"La curva del olvido y el cerebro - El Diario - Bolivia","robots":{"index":"index","follow":"follow","max-snippet":"max-snippet:-1","max-image-preview":"max-image-preview:large","max-video-preview":"max-video-preview:-1"},"canonical":"https:\/\/www.eldiario.net\/portal\/2026\/01\/02\/la-curva-del-olvido-y-el-cerebro-2\/","og_locale":"es_ES","og_type":"article","og_title":"La curva del olvido y el cerebro - El Diario - Bolivia","og_description":"Por. Equipo editor &nbsp; Recordemos que\u2026 &nbsp; Para \u00dcber das Ged\u00e4chtnis la curva del olvido es la relaci\u00f3n funcional que describe la p\u00e9rdida de retenci\u00f3n de informaci\u00f3n en el tiempo, demostrando que el olvido es m\u00e1s r\u00e1pido inmediatamente despu\u00e9s del aprendizaje y que su ritmo disminuye a medida que transcurre el tiempo, estabiliz\u00e1ndose finalmente en [&hellip;]","og_url":"https:\/\/www.eldiario.net\/portal\/2026\/01\/02\/la-curva-del-olvido-y-el-cerebro-2\/","og_site_name":"El Diario - Bolivia","article_publisher":"https:\/\/www.facebook.com\/eldiario.bolivia\/","article_published_time":"2026-01-02T11:56:03+00:00","og_image":[{"width":640,"height":1120,"url":"https:\/\/www.eldiario.net\/portal\/wp-content\/uploads\/2026\/01\/Bio-Repaso-espaciado.webp","type":"image\/webp"}],"author":"Jeanette","twitter_card":"summary_large_image","twitter_creator":"@eldiario_net","twitter_site":"@eldiario_net","twitter_misc":{"Escrito por":"Jeanette","Tiempo de lectura":"4 minutos"},"schema":{"@context":"https:\/\/schema.org","@graph":[{"@type":"Article","@id":"https:\/\/www.eldiario.net\/portal\/2026\/01\/02\/la-curva-del-olvido-y-el-cerebro-2\/#article","isPartOf":{"@id":"https:\/\/www.eldiario.net\/portal\/2026\/01\/02\/la-curva-del-olvido-y-el-cerebro-2\/"},"author":{"name":"Jeanette","@id":"https:\/\/www.eldiario.net\/portal\/#\/schema\/person\/2c57cf2b7a7ae032e449e4c9b1019eac"},"headline":"La curva del olvido y el cerebro","datePublished":"2026-01-02T11:56:03+00:00","mainEntityOfPage":{"@id":"https:\/\/www.eldiario.net\/portal\/2026\/01\/02\/la-curva-del-olvido-y-el-cerebro-2\/"},"wordCount":726,"publisher":{"@id":"https:\/\/www.eldiario.net\/portal\/#organization"},"image":{"@id":"https:\/\/www.eldiario.net\/portal\/2026\/01\/02\/la-curva-del-olvido-y-el-cerebro-2\/#primaryimage"},"thumbnailUrl":"https:\/\/www.eldiario.net\/portal\/wp-content\/uploads\/2026\/01\/Bio-Repaso-espaciado.webp","articleSection":["Nuevos Horizontes"],"inLanguage":"es"},{"@type":"WebPage","@id":"https:\/\/www.eldiario.net\/portal\/2026\/01\/02\/la-curva-del-olvido-y-el-cerebro-2\/","url":"https:\/\/www.eldiario.net\/portal\/2026\/01\/02\/la-curva-del-olvido-y-el-cerebro-2\/","name":"La curva del olvido y el cerebro - El Diario - Bolivia","isPartOf":{"@id":"https:\/\/www.eldiario.net\/portal\/#website"},"primaryImageOfPage":{"@id":"https:\/\/www.eldiario.net\/portal\/2026\/01\/02\/la-curva-del-olvido-y-el-cerebro-2\/#primaryimage"},"image":{"@id":"https:\/\/www.eldiario.net\/portal\/2026\/01\/02\/la-curva-del-olvido-y-el-cerebro-2\/#primaryimage"},"thumbnailUrl":"https:\/\/www.eldiario.net\/portal\/wp-content\/uploads\/2026\/01\/Bio-Repaso-espaciado.webp","datePublished":"2026-01-02T11:56:03+00:00","breadcrumb":{"@id":"https:\/\/www.eldiario.net\/portal\/2026\/01\/02\/la-curva-del-olvido-y-el-cerebro-2\/#breadcrumb"},"inLanguage":"es","potentialAction":[{"@type":"ReadAction","target":["https:\/\/www.eldiario.net\/portal\/2026\/01\/02\/la-curva-del-olvido-y-el-cerebro-2\/"]}]},{"@type":"ImageObject","inLanguage":"es","@id":"https:\/\/www.eldiario.net\/portal\/2026\/01\/02\/la-curva-del-olvido-y-el-cerebro-2\/#primaryimage","url":"https:\/\/www.eldiario.net\/portal\/wp-content\/uploads\/2026\/01\/Bio-Repaso-espaciado.webp","contentUrl":"https:\/\/www.eldiario.net\/portal\/wp-content\/uploads\/2026\/01\/Bio-Repaso-espaciado.webp","width":640,"height":1120},{"@type":"BreadcrumbList","@id":"https:\/\/www.eldiario.net\/portal\/2026\/01\/02\/la-curva-del-olvido-y-el-cerebro-2\/#breadcrumb","itemListElement":[{"@type":"ListItem","position":1,"name":"Portada","item":"https:\/\/www.eldiario.net\/portal\/"},{"@type":"ListItem","position":2,"name":"La curva del olvido y el cerebro"}]},{"@type":"WebSite","@id":"https:\/\/www.eldiario.net\/portal\/#website","url":"https:\/\/www.eldiario.net\/portal\/","name":"El Diario - Decano de la prensa nacional","description":"El Diario - Decano de la prensa nacional","publisher":{"@id":"https:\/\/www.eldiario.net\/portal\/#organization"},"potentialAction":[{"@type":"SearchAction","target":{"@type":"EntryPoint","urlTemplate":"https:\/\/www.eldiario.net\/portal\/?s={search_term_string}"},"query-input":{"@type":"PropertyValueSpecification","valueRequired":true,"valueName":"search_term_string"}}],"inLanguage":"es"},{"@type":"Organization","@id":"https:\/\/www.eldiario.net\/portal\/#organization","name":"El Diario - Decano de la prensa nacional","url":"https:\/\/www.eldiario.net\/portal\/","logo":{"@type":"ImageObject","inLanguage":"es","@id":"https:\/\/www.eldiario.net\/portal\/#\/schema\/logo\/image\/","url":"https:\/\/www.eldiario.net\/portal\/wp-content\/uploads\/2023\/07\/logo_ED.jpg","contentUrl":"https:\/\/www.eldiario.net\/portal\/wp-content\/uploads\/2023\/07\/logo_ED.jpg","width":272,"height":52,"caption":"El Diario - Decano de la prensa nacional"},"image":{"@id":"https:\/\/www.eldiario.net\/portal\/#\/schema\/logo\/image\/"},"sameAs":["https:\/\/www.facebook.com\/eldiario.bolivia\/","https:\/\/x.com\/eldiario_net"]},{"@type":"Person","@id":"https:\/\/www.eldiario.net\/portal\/#\/schema\/person\/2c57cf2b7a7ae032e449e4c9b1019eac","name":"Jeanette","image":{"@type":"ImageObject","inLanguage":"es","@id":"https:\/\/secure.gravatar.com\/avatar\/3ea2118a5f7dad2b7138b1187a6b7ee55f160b9968b66013c3a3ef39dd7e5798?s=96&d=mm&r=g","url":"https:\/\/secure.gravatar.com\/avatar\/3ea2118a5f7dad2b7138b1187a6b7ee55f160b9968b66013c3a3ef39dd7e5798?s=96&d=mm&r=g","contentUrl":"https:\/\/secure.gravatar.com\/avatar\/3ea2118a5f7dad2b7138b1187a6b7ee55f160b9968b66013c3a3ef39dd7e5798?s=96&d=mm&r=g","caption":"Jeanette"},"sameAs":["https:\/\/www.eldiario.net\/portal"],"url":"https:\/\/www.eldiario.net\/portal\/author\/jeanette\/"}]}},"_links":{"self":[{"href":"https:\/\/www.eldiario.net\/portal\/wp-json\/wp\/v2\/posts\/356546","targetHints":{"allow":["GET"]}}],"collection":[{"href":"https:\/\/www.eldiario.net\/portal\/wp-json\/wp\/v2\/posts"}],"about":[{"href":"https:\/\/www.eldiario.net\/portal\/wp-json\/wp\/v2\/types\/post"}],"author":[{"embeddable":true,"href":"https:\/\/www.eldiario.net\/portal\/wp-json\/wp\/v2\/users\/1"}],"replies":[{"embeddable":true,"href":"https:\/\/www.eldiario.net\/portal\/wp-json\/wp\/v2\/comments?post=356546"}],"version-history":[{"count":1,"href":"https:\/\/www.eldiario.net\/portal\/wp-json\/wp\/v2\/posts\/356546\/revisions"}],"predecessor-version":[{"id":356550,"href":"https:\/\/www.eldiario.net\/portal\/wp-json\/wp\/v2\/posts\/356546\/revisions\/356550"}],"wp:featuredmedia":[{"embeddable":true,"href":"https:\/\/www.eldiario.net\/portal\/wp-json\/wp\/v2\/media\/356548"}],"wp:attachment":[{"href":"https:\/\/www.eldiario.net\/portal\/wp-json\/wp\/v2\/media?parent=356546"}],"wp:term":[{"taxonomy":"category","embeddable":true,"href":"https:\/\/www.eldiario.net\/portal\/wp-json\/wp\/v2\/categories?post=356546"},{"taxonomy":"post_tag","embeddable":true,"href":"https:\/\/www.eldiario.net\/portal\/wp-json\/wp\/v2\/tags?post=356546"}],"curies":[{"name":"wp","href":"https:\/\/api.w.org\/{rel}","templated":true}]}}