{"id":356535,"date":"2026-01-01T15:57:43","date_gmt":"2026-01-01T19:57:43","guid":{"rendered":"https:\/\/www.eldiario.net\/portal\/?p=356535"},"modified":"2026-01-01T15:57:43","modified_gmt":"2026-01-01T19:57:43","slug":"al-menos-40-muertos-y-115-heridos-tras-incendio-en-bar","status":"publish","type":"post","link":"https:\/\/www.eldiario.net\/portal\/2026\/01\/01\/al-menos-40-muertos-y-115-heridos-tras-incendio-en-bar\/","title":{"rendered":"Al menos 40 muertos y 115 heridos tras incendio en bar"},"content":{"rendered":"<p>Cerca de 40 personas perdieron la vida y 115 resultaron heridas, muchas de ellas de gravedad, en un incendio en un bar de un centro de esqu\u00ed en Suiza en Nochevieja.\u00a0El hecho ocurri\u00f3 a la 01:30 hora local de este jueves en el bar Le Constellation en Crans-Montana.<\/p>\n<p>En una conferencia de prensa el presidente suizo, Guy Parmelin, calific\u00f3 el hecho, ocurrido en Crans-Montana, cant\u00f3n de Valais, como \u00abuna de las peores tragedias que ha vivido nuestro pa\u00eds\u00bb.<\/p>\n<p>Parmelin agreg\u00f3 que se trata de una \u00abdesgracia de una magnitud desconocida\u00bb, indic\u00f3 que no hay palabras que puedan describir la \u00abbrutal p\u00e9rdida\u00bb de vidas, y ofreci\u00f3 sus condolencias a las v\u00edctimas y sus familias.<\/p>\n<p>El comandante de Polic\u00eda Fr\u00e9d\u00e9ric Gisler inform\u00f3 en rueda de prensa que la prioridad en los pr\u00f3ximos d\u00edas es identificar a las personas fallecidas para que sus cuerpos puedan ser devueltos r\u00e1pidamente a sus familias.<\/p>\n<p>Anteriormente las autoridades informaron que las v\u00edctimas de la tragedia son de diferentes nacionalidades.<\/p>\n<p>Cuando se conoci\u00f3 la tragedia fueron enviados unos 10 helic\u00f3pteros, 40 ambulancias y 150 socorristas al lugar.<\/p>\n<p>La unidad de cuidados intensivos del hospital en Valais qued\u00f3 completamente llena, por lo que pacientes fueron trasladados a otros centros de cuidados para quemaduras.<\/p>\n<p>El presidente Parmelin inform\u00f3 que las autoridades est\u00e1n llevando a cabo investigaciones para conocer \u00ablas circunstancias exactas\u00bb del incidente.<\/p>\n<p>Anteriormente un fiscal local descart\u00f3 que se tratara de un ataque.<\/p>\n<p>&nbsp;<\/p>\n<p>\u00abVARIAS HIP\u00d3TESIS\u00bb SOBRE EL INCENDIO<\/p>\n<p>La fiscal general, Beatrice Pilloud, dijo en la conferencia de prensa que las autoridades investigan el origen del incendio, pero advirti\u00f3 que \u00abel trabajo llevar\u00e1 tiempo\u00bb.<\/p>\n<p>Afirm\u00f3 que se han planteado varias hip\u00f3tesis sobre la causa de la tragedia, y la teor\u00eda que se prefiere por ahora, se\u00f1al\u00f3, es la de un \u00abincendio general que provoc\u00f3 la conflagraci\u00f3n\u00bb.<\/p>\n<p>Pilloud afirm\u00f3 que se est\u00e1 entrevistando a numerosos testigos y que se analizar\u00e1n los tel\u00e9fonos que han sido encontrados en el lugar del siniestro.<\/p>\n<p>\u00abEl instituto forense de Z\u00farich ya recibi\u00f3 el mandato de realizar una investigaci\u00f3n para determinar la causa del incendio\u00bb, indic\u00f3 la fiscal.<\/p>\n<p>Las autoridades desconocen cu\u00e1ntas personas se encontraban en el bar, dijo Pilloud.<\/p>\n<p>&nbsp;<\/p>\n<p>\u00abUNA PEL\u00cdCULA DE HORROR\u00bb<\/p>\n<p>Algunos testigos se\u00f1alaron que \u00abvelas de cumplea\u00f1os\u00bb colocadas en botellas de champ\u00e1n incendiaron el techo y que las llamas se propagaron r\u00e1pidamente.<\/p>\n<p>Un joven que estaba dentro del bar expres\u00f3 al noticiero 24 Heures que \u00abdispositivos pirot\u00e9cnicos instalados en botellas ordenadas (por clientes) en la discoteca habr\u00edan provocado un incendio en el techo\u00bb, que \u00abhabr\u00eda estallado muy r\u00e1pido\u00bb, desencadenando escenas de p\u00e1nico.<\/p>\n<p>Un residente de Crans-Montana le dijo al mismo noticiero que oy\u00f3 \u00abhelic\u00f3pteros toda la noche\u00bb.<\/p>\n<p>\u00abCon los fuegos artificiales, al principio no entend\u00edamos de qu\u00e9 iba todo. Y entonces vimos el humo\u00bb.<\/p>\n<p>Un testigo que habl\u00f3 con el canal BFMTV de Francia describi\u00f3 c\u00f3mo las personas romp\u00edan las ventanas para huir de la conflagraci\u00f3n, algunas gravemente quemadas.<\/p>\n<p>Tambi\u00e9n habl\u00f3 de padres que corr\u00edan en p\u00e1nico hacia el lugar para ver si sus hijos estaban atrapados adentro.<\/p>\n<p>Otros testigos que vieron los hechos desde afuera en la calle los describieron como una pel\u00edcula de horror y relataron que vieron a unas 20 personas que trataban de escapar del humo y las llamas apresuradamente.<\/p>\n<p>La Polic\u00eda divulg\u00f3 un video tomado despu\u00e9s del incendio que muestra la terraza del bar Le Constellation.<\/p>\n<p>Hay mesas, asientos y cojines tirados por el recinto. Se cree que el incendio empez\u00f3 en el piso inferior.<\/p>\n<p>El \u00e1rea fue completamente acordonada y se impuso un veto al tr\u00e1fico a\u00e9reo sobre Crans-Montana para permitir el acceso exclusivo de los veh\u00edculos de socorro.<\/p>\n<p>La Polic\u00eda manifest\u00f3 en la rueda de prensa que todos los que est\u00e1n involucrados en la operaci\u00f3n est\u00e1n \u00abimpactados\u00bb por este \u00abmomento doloroso\u00bb. (BBC)<\/p>\n","protected":false},"excerpt":{"rendered":"<p>Cerca de 40 personas perdieron la vida y 115 resultaron heridas, muchas de ellas de gravedad, en un incendio en un bar de un centro de esqu\u00ed en Suiza en Nochevieja.\u00a0El hecho ocurri\u00f3 a la 01:30 hora local de este jueves en el bar Le Constellation en Crans-Montana. En una conferencia de prensa el presidente [&hellip;]<\/p>\n","protected":false},"author":2,"featured_media":356536,"comment_status":"closed","ping_status":"open","sticky":false,"template":"","format":"standard","meta":{"_acf_changed":false,"footnotes":""},"categories":[3,15],"tags":[],"class_list":["post-356535","post","type-post","status-publish","format-standard","has-post-thumbnail","category-internacional","category-portada"],"acf":{"antetitulo":"Centro tur\u00edstico de esqu\u00ed en Suiza"},"yoast_head":"<!-- This site is optimized with the Yoast SEO plugin v28.4 - https:\/\/yoast.com\/product\/yoast-seo-wordpress\/ -->\n<title>Al menos 40 muertos y 115 heridos tras incendio en bar - El Diario - Bolivia<\/title>\n<meta name=\"robots\" content=\"index, follow, max-snippet:-1, max-image-preview:large, max-video-preview:-1\" \/>\n<link rel=\"canonical\" href=\"https:\/\/www.eldiario.net\/portal\/2026\/01\/01\/al-menos-40-muertos-y-115-heridos-tras-incendio-en-bar\/\" \/>\n<meta property=\"og:locale\" content=\"es_ES\" \/>\n<meta property=\"og:type\" content=\"article\" \/>\n<meta property=\"og:title\" content=\"Al menos 40 muertos y 115 heridos tras incendio en bar - El Diario - Bolivia\" \/>\n<meta property=\"og:description\" content=\"Cerca de 40 personas perdieron la vida y 115 resultaron heridas, muchas de ellas de gravedad, en un incendio en un bar de un centro de esqu\u00ed en Suiza en Nochevieja.\u00a0El hecho ocurri\u00f3 a la 01:30 hora local de este jueves en el bar Le Constellation en Crans-Montana. En una conferencia de prensa el presidente [&hellip;]\" \/>\n<meta property=\"og:url\" content=\"https:\/\/www.eldiario.net\/portal\/2026\/01\/01\/al-menos-40-muertos-y-115-heridos-tras-incendio-en-bar\/\" \/>\n<meta property=\"og:site_name\" content=\"El Diario - Bolivia\" \/>\n<meta property=\"article:publisher\" content=\"https:\/\/www.facebook.com\/eldiario.bolivia\/\" \/>\n<meta property=\"article:published_time\" content=\"2026-01-01T19:57:43+00:00\" \/>\n<meta property=\"og:image\" content=\"https:\/\/www.eldiario.net\/portal\/wp-content\/uploads\/2026\/01\/WhatsApp-Image-2026-01-01-at-3.48.45-PM-copia.webp\" \/>\n\t<meta property=\"og:image:width\" content=\"780\" \/>\n\t<meta property=\"og:image:height\" content=\"520\" \/>\n\t<meta property=\"og:image:type\" content=\"image\/webp\" \/>\n<meta name=\"author\" content=\"luis Camacho\" \/>\n<meta name=\"twitter:card\" content=\"summary_large_image\" \/>\n<meta name=\"twitter:creator\" content=\"@eldiario_net\" \/>\n<meta name=\"twitter:site\" content=\"@eldiario_net\" \/>\n<meta name=\"twitter:label1\" content=\"Escrito por\" \/>\n\t<meta name=\"twitter:data1\" content=\"luis Camacho\" \/>\n\t<meta name=\"twitter:label2\" content=\"Tiempo de lectura\" \/>\n\t<meta name=\"twitter:data2\" content=\"4 minutos\" \/>\n<script type=\"application\/ld+json\" class=\"yoast-schema-graph\">{\"@context\":\"https:\\\/\\\/schema.org\",\"@graph\":[{\"@type\":\"Article\",\"@id\":\"https:\\\/\\\/www.eldiario.net\\\/portal\\\/2026\\\/01\\\/01\\\/al-menos-40-muertos-y-115-heridos-tras-incendio-en-bar\\\/#article\",\"isPartOf\":{\"@id\":\"https:\\\/\\\/www.eldiario.net\\\/portal\\\/2026\\\/01\\\/01\\\/al-menos-40-muertos-y-115-heridos-tras-incendio-en-bar\\\/\"},\"author\":{\"name\":\"luis Camacho\",\"@id\":\"https:\\\/\\\/www.eldiario.net\\\/portal\\\/#\\\/schema\\\/person\\\/c1a5d38e458b10c8ebd62f4189b82bbc\"},\"headline\":\"Al menos 40 muertos y 115 heridos tras incendio en bar\",\"datePublished\":\"2026-01-01T19:57:43+00:00\",\"mainEntityOfPage\":{\"@id\":\"https:\\\/\\\/www.eldiario.net\\\/portal\\\/2026\\\/01\\\/01\\\/al-menos-40-muertos-y-115-heridos-tras-incendio-en-bar\\\/\"},\"wordCount\":673,\"publisher\":{\"@id\":\"https:\\\/\\\/www.eldiario.net\\\/portal\\\/#organization\"},\"image\":{\"@id\":\"https:\\\/\\\/www.eldiario.net\\\/portal\\\/2026\\\/01\\\/01\\\/al-menos-40-muertos-y-115-heridos-tras-incendio-en-bar\\\/#primaryimage\"},\"thumbnailUrl\":\"https:\\\/\\\/www.eldiario.net\\\/portal\\\/wp-content\\\/uploads\\\/2026\\\/01\\\/WhatsApp-Image-2026-01-01-at-3.48.45-PM-copia.webp\",\"articleSection\":[\"Internacional\",\"Portada\"],\"inLanguage\":\"es\"},{\"@type\":\"WebPage\",\"@id\":\"https:\\\/\\\/www.eldiario.net\\\/portal\\\/2026\\\/01\\\/01\\\/al-menos-40-muertos-y-115-heridos-tras-incendio-en-bar\\\/\",\"url\":\"https:\\\/\\\/www.eldiario.net\\\/portal\\\/2026\\\/01\\\/01\\\/al-menos-40-muertos-y-115-heridos-tras-incendio-en-bar\\\/\",\"name\":\"Al menos 40 muertos y 115 heridos tras incendio en bar - El Diario - Bolivia\",\"isPartOf\":{\"@id\":\"https:\\\/\\\/www.eldiario.net\\\/portal\\\/#website\"},\"primaryImageOfPage\":{\"@id\":\"https:\\\/\\\/www.eldiario.net\\\/portal\\\/2026\\\/01\\\/01\\\/al-menos-40-muertos-y-115-heridos-tras-incendio-en-bar\\\/#primaryimage\"},\"image\":{\"@id\":\"https:\\\/\\\/www.eldiario.net\\\/portal\\\/2026\\\/01\\\/01\\\/al-menos-40-muertos-y-115-heridos-tras-incendio-en-bar\\\/#primaryimage\"},\"thumbnailUrl\":\"https:\\\/\\\/www.eldiario.net\\\/portal\\\/wp-content\\\/uploads\\\/2026\\\/01\\\/WhatsApp-Image-2026-01-01-at-3.48.45-PM-copia.webp\",\"datePublished\":\"2026-01-01T19:57:43+00:00\",\"breadcrumb\":{\"@id\":\"https:\\\/\\\/www.eldiario.net\\\/portal\\\/2026\\\/01\\\/01\\\/al-menos-40-muertos-y-115-heridos-tras-incendio-en-bar\\\/#breadcrumb\"},\"inLanguage\":\"es\",\"potentialAction\":[{\"@type\":\"ReadAction\",\"target\":[\"https:\\\/\\\/www.eldiario.net\\\/portal\\\/2026\\\/01\\\/01\\\/al-menos-40-muertos-y-115-heridos-tras-incendio-en-bar\\\/\"]}]},{\"@type\":\"ImageObject\",\"inLanguage\":\"es\",\"@id\":\"https:\\\/\\\/www.eldiario.net\\\/portal\\\/2026\\\/01\\\/01\\\/al-menos-40-muertos-y-115-heridos-tras-incendio-en-bar\\\/#primaryimage\",\"url\":\"https:\\\/\\\/www.eldiario.net\\\/portal\\\/wp-content\\\/uploads\\\/2026\\\/01\\\/WhatsApp-Image-2026-01-01-at-3.48.45-PM-copia.webp\",\"contentUrl\":\"https:\\\/\\\/www.eldiario.net\\\/portal\\\/wp-content\\\/uploads\\\/2026\\\/01\\\/WhatsApp-Image-2026-01-01-at-3.48.45-PM-copia.webp\",\"width\":780,\"height\":520,\"caption\":\"El \u00e1rea fue completamente acordonada mientras se realizaban los operativos de socorro e investigaci\u00f3n. CR\u00c9DITO: Getty Images\"},{\"@type\":\"BreadcrumbList\",\"@id\":\"https:\\\/\\\/www.eldiario.net\\\/portal\\\/2026\\\/01\\\/01\\\/al-menos-40-muertos-y-115-heridos-tras-incendio-en-bar\\\/#breadcrumb\",\"itemListElement\":[{\"@type\":\"ListItem\",\"position\":1,\"name\":\"Portada\",\"item\":\"https:\\\/\\\/www.eldiario.net\\\/portal\\\/\"},{\"@type\":\"ListItem\",\"position\":2,\"name\":\"Al menos 40 muertos y 115 heridos tras incendio en bar\"}]},{\"@type\":\"WebSite\",\"@id\":\"https:\\\/\\\/www.eldiario.net\\\/portal\\\/#website\",\"url\":\"https:\\\/\\\/www.eldiario.net\\\/portal\\\/\",\"name\":\"El Diario - Decano de la prensa nacional\",\"description\":\"El Diario - Decano de la prensa nacional\",\"publisher\":{\"@id\":\"https:\\\/\\\/www.eldiario.net\\\/portal\\\/#organization\"},\"potentialAction\":[{\"@type\":\"SearchAction\",\"target\":{\"@type\":\"EntryPoint\",\"urlTemplate\":\"https:\\\/\\\/www.eldiario.net\\\/portal\\\/?s={search_term_string}\"},\"query-input\":{\"@type\":\"PropertyValueSpecification\",\"valueRequired\":true,\"valueName\":\"search_term_string\"}}],\"inLanguage\":\"es\"},{\"@type\":\"Organization\",\"@id\":\"https:\\\/\\\/www.eldiario.net\\\/portal\\\/#organization\",\"name\":\"El Diario - Decano de la prensa nacional\",\"url\":\"https:\\\/\\\/www.eldiario.net\\\/portal\\\/\",\"logo\":{\"@type\":\"ImageObject\",\"inLanguage\":\"es\",\"@id\":\"https:\\\/\\\/www.eldiario.net\\\/portal\\\/#\\\/schema\\\/logo\\\/image\\\/\",\"url\":\"https:\\\/\\\/www.eldiario.net\\\/portal\\\/wp-content\\\/uploads\\\/2023\\\/07\\\/logo_ED.jpg\",\"contentUrl\":\"https:\\\/\\\/www.eldiario.net\\\/portal\\\/wp-content\\\/uploads\\\/2023\\\/07\\\/logo_ED.jpg\",\"width\":272,\"height\":52,\"caption\":\"El Diario - Decano de la prensa nacional\"},\"image\":{\"@id\":\"https:\\\/\\\/www.eldiario.net\\\/portal\\\/#\\\/schema\\\/logo\\\/image\\\/\"},\"sameAs\":[\"https:\\\/\\\/www.facebook.com\\\/eldiario.bolivia\\\/\",\"https:\\\/\\\/x.com\\\/eldiario_net\"]},{\"@type\":\"Person\",\"@id\":\"https:\\\/\\\/www.eldiario.net\\\/portal\\\/#\\\/schema\\\/person\\\/c1a5d38e458b10c8ebd62f4189b82bbc\",\"name\":\"luis Camacho\",\"image\":{\"@type\":\"ImageObject\",\"inLanguage\":\"es\",\"@id\":\"https:\\\/\\\/secure.gravatar.com\\\/avatar\\\/69ecb836b3826d5a2501bf06ab2a2f2c8ab211cc846758f395df21684cb38313?s=96&d=mm&r=g\",\"url\":\"https:\\\/\\\/secure.gravatar.com\\\/avatar\\\/69ecb836b3826d5a2501bf06ab2a2f2c8ab211cc846758f395df21684cb38313?s=96&d=mm&r=g\",\"contentUrl\":\"https:\\\/\\\/secure.gravatar.com\\\/avatar\\\/69ecb836b3826d5a2501bf06ab2a2f2c8ab211cc846758f395df21684cb38313?s=96&d=mm&r=g\",\"caption\":\"luis Camacho\"},\"url\":\"https:\\\/\\\/www.eldiario.net\\\/portal\\\/author\\\/luis\\\/\"}]}<\/script>\n<!-- \/ Yoast SEO plugin. -->","yoast_head_json":{"title":"Al menos 40 muertos y 115 heridos tras incendio en bar - El Diario - Bolivia","robots":{"index":"index","follow":"follow","max-snippet":"max-snippet:-1","max-image-preview":"max-image-preview:large","max-video-preview":"max-video-preview:-1"},"canonical":"https:\/\/www.eldiario.net\/portal\/2026\/01\/01\/al-menos-40-muertos-y-115-heridos-tras-incendio-en-bar\/","og_locale":"es_ES","og_type":"article","og_title":"Al menos 40 muertos y 115 heridos tras incendio en bar - El Diario - Bolivia","og_description":"Cerca de 40 personas perdieron la vida y 115 resultaron heridas, muchas de ellas de gravedad, en un incendio en un bar de un centro de esqu\u00ed en Suiza en Nochevieja.\u00a0El hecho ocurri\u00f3 a la 01:30 hora local de este jueves en el bar Le Constellation en Crans-Montana. En una conferencia de prensa el presidente [&hellip;]","og_url":"https:\/\/www.eldiario.net\/portal\/2026\/01\/01\/al-menos-40-muertos-y-115-heridos-tras-incendio-en-bar\/","og_site_name":"El Diario - Bolivia","article_publisher":"https:\/\/www.facebook.com\/eldiario.bolivia\/","article_published_time":"2026-01-01T19:57:43+00:00","og_image":[{"width":780,"height":520,"url":"https:\/\/www.eldiario.net\/portal\/wp-content\/uploads\/2026\/01\/WhatsApp-Image-2026-01-01-at-3.48.45-PM-copia.webp","type":"image\/webp"}],"author":"luis Camacho","twitter_card":"summary_large_image","twitter_creator":"@eldiario_net","twitter_site":"@eldiario_net","twitter_misc":{"Escrito por":"luis Camacho","Tiempo de lectura":"4 minutos"},"schema":{"@context":"https:\/\/schema.org","@graph":[{"@type":"Article","@id":"https:\/\/www.eldiario.net\/portal\/2026\/01\/01\/al-menos-40-muertos-y-115-heridos-tras-incendio-en-bar\/#article","isPartOf":{"@id":"https:\/\/www.eldiario.net\/portal\/2026\/01\/01\/al-menos-40-muertos-y-115-heridos-tras-incendio-en-bar\/"},"author":{"name":"luis Camacho","@id":"https:\/\/www.eldiario.net\/portal\/#\/schema\/person\/c1a5d38e458b10c8ebd62f4189b82bbc"},"headline":"Al menos 40 muertos y 115 heridos tras incendio en bar","datePublished":"2026-01-01T19:57:43+00:00","mainEntityOfPage":{"@id":"https:\/\/www.eldiario.net\/portal\/2026\/01\/01\/al-menos-40-muertos-y-115-heridos-tras-incendio-en-bar\/"},"wordCount":673,"publisher":{"@id":"https:\/\/www.eldiario.net\/portal\/#organization"},"image":{"@id":"https:\/\/www.eldiario.net\/portal\/2026\/01\/01\/al-menos-40-muertos-y-115-heridos-tras-incendio-en-bar\/#primaryimage"},"thumbnailUrl":"https:\/\/www.eldiario.net\/portal\/wp-content\/uploads\/2026\/01\/WhatsApp-Image-2026-01-01-at-3.48.45-PM-copia.webp","articleSection":["Internacional","Portada"],"inLanguage":"es"},{"@type":"WebPage","@id":"https:\/\/www.eldiario.net\/portal\/2026\/01\/01\/al-menos-40-muertos-y-115-heridos-tras-incendio-en-bar\/","url":"https:\/\/www.eldiario.net\/portal\/2026\/01\/01\/al-menos-40-muertos-y-115-heridos-tras-incendio-en-bar\/","name":"Al menos 40 muertos y 115 heridos tras incendio en bar - El Diario - Bolivia","isPartOf":{"@id":"https:\/\/www.eldiario.net\/portal\/#website"},"primaryImageOfPage":{"@id":"https:\/\/www.eldiario.net\/portal\/2026\/01\/01\/al-menos-40-muertos-y-115-heridos-tras-incendio-en-bar\/#primaryimage"},"image":{"@id":"https:\/\/www.eldiario.net\/portal\/2026\/01\/01\/al-menos-40-muertos-y-115-heridos-tras-incendio-en-bar\/#primaryimage"},"thumbnailUrl":"https:\/\/www.eldiario.net\/portal\/wp-content\/uploads\/2026\/01\/WhatsApp-Image-2026-01-01-at-3.48.45-PM-copia.webp","datePublished":"2026-01-01T19:57:43+00:00","breadcrumb":{"@id":"https:\/\/www.eldiario.net\/portal\/2026\/01\/01\/al-menos-40-muertos-y-115-heridos-tras-incendio-en-bar\/#breadcrumb"},"inLanguage":"es","potentialAction":[{"@type":"ReadAction","target":["https:\/\/www.eldiario.net\/portal\/2026\/01\/01\/al-menos-40-muertos-y-115-heridos-tras-incendio-en-bar\/"]}]},{"@type":"ImageObject","inLanguage":"es","@id":"https:\/\/www.eldiario.net\/portal\/2026\/01\/01\/al-menos-40-muertos-y-115-heridos-tras-incendio-en-bar\/#primaryimage","url":"https:\/\/www.eldiario.net\/portal\/wp-content\/uploads\/2026\/01\/WhatsApp-Image-2026-01-01-at-3.48.45-PM-copia.webp","contentUrl":"https:\/\/www.eldiario.net\/portal\/wp-content\/uploads\/2026\/01\/WhatsApp-Image-2026-01-01-at-3.48.45-PM-copia.webp","width":780,"height":520,"caption":"El \u00e1rea fue completamente acordonada mientras se realizaban los operativos de socorro e investigaci\u00f3n. CR\u00c9DITO: Getty Images"},{"@type":"BreadcrumbList","@id":"https:\/\/www.eldiario.net\/portal\/2026\/01\/01\/al-menos-40-muertos-y-115-heridos-tras-incendio-en-bar\/#breadcrumb","itemListElement":[{"@type":"ListItem","position":1,"name":"Portada","item":"https:\/\/www.eldiario.net\/portal\/"},{"@type":"ListItem","position":2,"name":"Al menos 40 muertos y 115 heridos tras incendio en bar"}]},{"@type":"WebSite","@id":"https:\/\/www.eldiario.net\/portal\/#website","url":"https:\/\/www.eldiario.net\/portal\/","name":"El Diario - Decano de la prensa nacional","description":"El Diario - Decano de la prensa nacional","publisher":{"@id":"https:\/\/www.eldiario.net\/portal\/#organization"},"potentialAction":[{"@type":"SearchAction","target":{"@type":"EntryPoint","urlTemplate":"https:\/\/www.eldiario.net\/portal\/?s={search_term_string}"},"query-input":{"@type":"PropertyValueSpecification","valueRequired":true,"valueName":"search_term_string"}}],"inLanguage":"es"},{"@type":"Organization","@id":"https:\/\/www.eldiario.net\/portal\/#organization","name":"El Diario - Decano de la prensa nacional","url":"https:\/\/www.eldiario.net\/portal\/","logo":{"@type":"ImageObject","inLanguage":"es","@id":"https:\/\/www.eldiario.net\/portal\/#\/schema\/logo\/image\/","url":"https:\/\/www.eldiario.net\/portal\/wp-content\/uploads\/2023\/07\/logo_ED.jpg","contentUrl":"https:\/\/www.eldiario.net\/portal\/wp-content\/uploads\/2023\/07\/logo_ED.jpg","width":272,"height":52,"caption":"El Diario - Decano de la prensa nacional"},"image":{"@id":"https:\/\/www.eldiario.net\/portal\/#\/schema\/logo\/image\/"},"sameAs":["https:\/\/www.facebook.com\/eldiario.bolivia\/","https:\/\/x.com\/eldiario_net"]},{"@type":"Person","@id":"https:\/\/www.eldiario.net\/portal\/#\/schema\/person\/c1a5d38e458b10c8ebd62f4189b82bbc","name":"luis Camacho","image":{"@type":"ImageObject","inLanguage":"es","@id":"https:\/\/secure.gravatar.com\/avatar\/69ecb836b3826d5a2501bf06ab2a2f2c8ab211cc846758f395df21684cb38313?s=96&d=mm&r=g","url":"https:\/\/secure.gravatar.com\/avatar\/69ecb836b3826d5a2501bf06ab2a2f2c8ab211cc846758f395df21684cb38313?s=96&d=mm&r=g","contentUrl":"https:\/\/secure.gravatar.com\/avatar\/69ecb836b3826d5a2501bf06ab2a2f2c8ab211cc846758f395df21684cb38313?s=96&d=mm&r=g","caption":"luis Camacho"},"url":"https:\/\/www.eldiario.net\/portal\/author\/luis\/"}]}},"_links":{"self":[{"href":"https:\/\/www.eldiario.net\/portal\/wp-json\/wp\/v2\/posts\/356535","targetHints":{"allow":["GET"]}}],"collection":[{"href":"https:\/\/www.eldiario.net\/portal\/wp-json\/wp\/v2\/posts"}],"about":[{"href":"https:\/\/www.eldiario.net\/portal\/wp-json\/wp\/v2\/types\/post"}],"author":[{"embeddable":true,"href":"https:\/\/www.eldiario.net\/portal\/wp-json\/wp\/v2\/users\/2"}],"replies":[{"embeddable":true,"href":"https:\/\/www.eldiario.net\/portal\/wp-json\/wp\/v2\/comments?post=356535"}],"version-history":[{"count":1,"href":"https:\/\/www.eldiario.net\/portal\/wp-json\/wp\/v2\/posts\/356535\/revisions"}],"predecessor-version":[{"id":356537,"href":"https:\/\/www.eldiario.net\/portal\/wp-json\/wp\/v2\/posts\/356535\/revisions\/356537"}],"wp:featuredmedia":[{"embeddable":true,"href":"https:\/\/www.eldiario.net\/portal\/wp-json\/wp\/v2\/media\/356536"}],"wp:attachment":[{"href":"https:\/\/www.eldiario.net\/portal\/wp-json\/wp\/v2\/media?parent=356535"}],"wp:term":[{"taxonomy":"category","embeddable":true,"href":"https:\/\/www.eldiario.net\/portal\/wp-json\/wp\/v2\/categories?post=356535"},{"taxonomy":"post_tag","embeddable":true,"href":"https:\/\/www.eldiario.net\/portal\/wp-json\/wp\/v2\/tags?post=356535"}],"curies":[{"name":"wp","href":"https:\/\/api.w.org\/{rel}","templated":true}]}}