{"id":356532,"date":"2026-01-01T15:41:18","date_gmt":"2026-01-01T19:41:18","guid":{"rendered":"https:\/\/www.eldiario.net\/portal\/?p=356532"},"modified":"2026-01-01T15:41:18","modified_gmt":"2026-01-01T19:41:18","slug":"presidente-paz-gobernara-por-medios-tecnologicos","status":"publish","type":"post","link":"https:\/\/www.eldiario.net\/portal\/2026\/01\/01\/presidente-paz-gobernara-por-medios-tecnologicos\/","title":{"rendered":"Presidente Paz gobernar\u00e1 por medios tecnol\u00f3gicos"},"content":{"rendered":"<p>Ante el anunciado viaje del presidente Rodrigo Paz Pereira al exterior para participar en el Foro Econ\u00f3mico Mundial de Davos, el Gobierno aprob\u00f3 el Decreto Supremo 5515 que habilita al actual mandatario de Bolivia a seguir gobernando desde el extranjero por medios tecnol\u00f3gicos; por lo tanto, no habr\u00e1 la necesidad de hacer la entrega del bast\u00f3n de mando al vicepresidente Edmand Lara.<\/p>\n<p>El Decreto Supremo 5515, aprobado el 29 de diciembre del 2025 y publicado el pasado 31 en la Gaceta Oficial, modifica la Organizaci\u00f3n del \u00d3rgano Ejecutivo y habilita al mandatario a ejercer todas sus atribuciones constitucionales aun cuando se encuentre fuera del territorio nacional, siempre que sea de forma temporal.<\/p>\n<p>El prop\u00f3sito de la norma es garantizar la continuidad del ejercicio de la Presidencia durante ausencias temporales del mandatario del territorio nacional y se da en el marco de la fuerte pugna que existe entre el Gobierno y el vicepresidente Edmand Lara, que se ha declarado como \u201ccabeza de la oposici\u00f3n\u201d.<\/p>\n<p>De no poder el Presidente ejercer mediante medios tecnol\u00f3gicos, el Decreto aclara que podr\u00e1 comunicar de forma expresa y con precisi\u00f3n las acciones que realizar\u00e1 el Vicepresidente en suplencia temporal de la Presidencia.<\/p>\n<p>El DS 5515 tambi\u00e9n acorta las funciones del Vicepresidente. En un decreto anterior, se establec\u00eda que el Segundo Mandatario pod\u00eda \u201cplanificar, gestionar, apoyar y ejecutar acciones\u201d. Sin embargo, con el nuevo decreto s\u00f3lo podr\u00e1 \u201cgestionar y coadyuvar acciones en el marco de la direcci\u00f3n de la pol\u00edtica general del Gobierno\u201d.<\/p>\n<p>Asimismo, el Vicepresidente se quede como Presidente en ejercicio, por viaje del titular, el mencionado decreto precisa que debe regirse a la comunicaci\u00f3n expresa de acciones que le dicte el Primer Mandatario, \u201csalvo ampliaci\u00f3n expresa\u201d.<\/p>\n","protected":false},"excerpt":{"rendered":"<p>Ante el anunciado viaje del presidente Rodrigo Paz Pereira al exterior para participar en el Foro Econ\u00f3mico Mundial de Davos, el Gobierno aprob\u00f3 el Decreto Supremo 5515 que habilita al actual mandatario de Bolivia a seguir gobernando desde el extranjero por medios tecnol\u00f3gicos; por lo tanto, no habr\u00e1 la necesidad de hacer la entrega del [&hellip;]<\/p>\n","protected":false},"author":2,"featured_media":356533,"comment_status":"closed","ping_status":"open","sticky":false,"template":"","format":"standard","meta":{"_acf_changed":false,"footnotes":""},"categories":[17],"tags":[],"class_list":["post-356532","post","type-post","status-publish","format-standard","has-post-thumbnail","category-principal"],"acf":{"antetitulo":"No habr\u00e1 entrega de bast\u00f3n de mando"},"yoast_head":"<!-- This site is optimized with the Yoast SEO plugin v28.4 - https:\/\/yoast.com\/product\/yoast-seo-wordpress\/ -->\n<title>Presidente Paz gobernar\u00e1 por medios tecnol\u00f3gicos - El Diario - Bolivia<\/title>\n<meta name=\"robots\" content=\"index, follow, max-snippet:-1, max-image-preview:large, max-video-preview:-1\" \/>\n<link rel=\"canonical\" href=\"https:\/\/www.eldiario.net\/portal\/2026\/01\/01\/presidente-paz-gobernara-por-medios-tecnologicos\/\" \/>\n<meta property=\"og:locale\" content=\"es_ES\" \/>\n<meta property=\"og:type\" content=\"article\" \/>\n<meta property=\"og:title\" content=\"Presidente Paz gobernar\u00e1 por medios tecnol\u00f3gicos - El Diario - Bolivia\" \/>\n<meta property=\"og:description\" content=\"Ante el anunciado viaje del presidente Rodrigo Paz Pereira al exterior para participar en el Foro Econ\u00f3mico Mundial de Davos, el Gobierno aprob\u00f3 el Decreto Supremo 5515 que habilita al actual mandatario de Bolivia a seguir gobernando desde el extranjero por medios tecnol\u00f3gicos; por lo tanto, no habr\u00e1 la necesidad de hacer la entrega del [&hellip;]\" \/>\n<meta property=\"og:url\" content=\"https:\/\/www.eldiario.net\/portal\/2026\/01\/01\/presidente-paz-gobernara-por-medios-tecnologicos\/\" \/>\n<meta property=\"og:site_name\" content=\"El Diario - Bolivia\" \/>\n<meta property=\"article:publisher\" content=\"https:\/\/www.facebook.com\/eldiario.bolivia\/\" \/>\n<meta property=\"article:published_time\" content=\"2026-01-01T19:41:18+00:00\" \/>\n<meta property=\"og:image\" content=\"https:\/\/www.eldiario.net\/portal\/wp-content\/uploads\/2026\/01\/WhatsApp-Image-2026-01-01-at-2.42.25-PM-copia.webp\" \/>\n\t<meta property=\"og:image:width\" content=\"992\" \/>\n\t<meta property=\"og:image:height\" content=\"558\" \/>\n\t<meta property=\"og:image:type\" content=\"image\/webp\" \/>\n<meta name=\"author\" content=\"luis Camacho\" \/>\n<meta name=\"twitter:card\" content=\"summary_large_image\" \/>\n<meta name=\"twitter:creator\" content=\"@eldiario_net\" \/>\n<meta name=\"twitter:site\" content=\"@eldiario_net\" \/>\n<meta name=\"twitter:label1\" content=\"Escrito por\" \/>\n\t<meta name=\"twitter:data1\" content=\"luis Camacho\" \/>\n\t<meta name=\"twitter:label2\" content=\"Tiempo de lectura\" \/>\n\t<meta name=\"twitter:data2\" content=\"2 minutos\" \/>\n<script type=\"application\/ld+json\" class=\"yoast-schema-graph\">{\"@context\":\"https:\\\/\\\/schema.org\",\"@graph\":[{\"@type\":\"Article\",\"@id\":\"https:\\\/\\\/www.eldiario.net\\\/portal\\\/2026\\\/01\\\/01\\\/presidente-paz-gobernara-por-medios-tecnologicos\\\/#article\",\"isPartOf\":{\"@id\":\"https:\\\/\\\/www.eldiario.net\\\/portal\\\/2026\\\/01\\\/01\\\/presidente-paz-gobernara-por-medios-tecnologicos\\\/\"},\"author\":{\"name\":\"luis Camacho\",\"@id\":\"https:\\\/\\\/www.eldiario.net\\\/portal\\\/#\\\/schema\\\/person\\\/c1a5d38e458b10c8ebd62f4189b82bbc\"},\"headline\":\"Presidente Paz gobernar\u00e1 por medios tecnol\u00f3gicos\",\"datePublished\":\"2026-01-01T19:41:18+00:00\",\"mainEntityOfPage\":{\"@id\":\"https:\\\/\\\/www.eldiario.net\\\/portal\\\/2026\\\/01\\\/01\\\/presidente-paz-gobernara-por-medios-tecnologicos\\\/\"},\"wordCount\":298,\"publisher\":{\"@id\":\"https:\\\/\\\/www.eldiario.net\\\/portal\\\/#organization\"},\"image\":{\"@id\":\"https:\\\/\\\/www.eldiario.net\\\/portal\\\/2026\\\/01\\\/01\\\/presidente-paz-gobernara-por-medios-tecnologicos\\\/#primaryimage\"},\"thumbnailUrl\":\"https:\\\/\\\/www.eldiario.net\\\/portal\\\/wp-content\\\/uploads\\\/2026\\\/01\\\/WhatsApp-Image-2026-01-01-at-2.42.25-PM-copia.webp\",\"articleSection\":[\"Principal\"],\"inLanguage\":\"es\"},{\"@type\":\"WebPage\",\"@id\":\"https:\\\/\\\/www.eldiario.net\\\/portal\\\/2026\\\/01\\\/01\\\/presidente-paz-gobernara-por-medios-tecnologicos\\\/\",\"url\":\"https:\\\/\\\/www.eldiario.net\\\/portal\\\/2026\\\/01\\\/01\\\/presidente-paz-gobernara-por-medios-tecnologicos\\\/\",\"name\":\"Presidente Paz gobernar\u00e1 por medios tecnol\u00f3gicos - El Diario - Bolivia\",\"isPartOf\":{\"@id\":\"https:\\\/\\\/www.eldiario.net\\\/portal\\\/#website\"},\"primaryImageOfPage\":{\"@id\":\"https:\\\/\\\/www.eldiario.net\\\/portal\\\/2026\\\/01\\\/01\\\/presidente-paz-gobernara-por-medios-tecnologicos\\\/#primaryimage\"},\"image\":{\"@id\":\"https:\\\/\\\/www.eldiario.net\\\/portal\\\/2026\\\/01\\\/01\\\/presidente-paz-gobernara-por-medios-tecnologicos\\\/#primaryimage\"},\"thumbnailUrl\":\"https:\\\/\\\/www.eldiario.net\\\/portal\\\/wp-content\\\/uploads\\\/2026\\\/01\\\/WhatsApp-Image-2026-01-01-at-2.42.25-PM-copia.webp\",\"datePublished\":\"2026-01-01T19:41:18+00:00\",\"breadcrumb\":{\"@id\":\"https:\\\/\\\/www.eldiario.net\\\/portal\\\/2026\\\/01\\\/01\\\/presidente-paz-gobernara-por-medios-tecnologicos\\\/#breadcrumb\"},\"inLanguage\":\"es\",\"potentialAction\":[{\"@type\":\"ReadAction\",\"target\":[\"https:\\\/\\\/www.eldiario.net\\\/portal\\\/2026\\\/01\\\/01\\\/presidente-paz-gobernara-por-medios-tecnologicos\\\/\"]}]},{\"@type\":\"ImageObject\",\"inLanguage\":\"es\",\"@id\":\"https:\\\/\\\/www.eldiario.net\\\/portal\\\/2026\\\/01\\\/01\\\/presidente-paz-gobernara-por-medios-tecnologicos\\\/#primaryimage\",\"url\":\"https:\\\/\\\/www.eldiario.net\\\/portal\\\/wp-content\\\/uploads\\\/2026\\\/01\\\/WhatsApp-Image-2026-01-01-at-2.42.25-PM-copia.webp\",\"contentUrl\":\"https:\\\/\\\/www.eldiario.net\\\/portal\\\/wp-content\\\/uploads\\\/2026\\\/01\\\/WhatsApp-Image-2026-01-01-at-2.42.25-PM-copia.webp\",\"width\":992,\"height\":558,\"caption\":\"Rodrigo Paz y Edmand Lara, Presidente y Vicepresidente de Bolivia. CR\u00c9DITO: archivo APG\"},{\"@type\":\"BreadcrumbList\",\"@id\":\"https:\\\/\\\/www.eldiario.net\\\/portal\\\/2026\\\/01\\\/01\\\/presidente-paz-gobernara-por-medios-tecnologicos\\\/#breadcrumb\",\"itemListElement\":[{\"@type\":\"ListItem\",\"position\":1,\"name\":\"Portada\",\"item\":\"https:\\\/\\\/www.eldiario.net\\\/portal\\\/\"},{\"@type\":\"ListItem\",\"position\":2,\"name\":\"Presidente Paz gobernar\u00e1 por medios tecnol\u00f3gicos\"}]},{\"@type\":\"WebSite\",\"@id\":\"https:\\\/\\\/www.eldiario.net\\\/portal\\\/#website\",\"url\":\"https:\\\/\\\/www.eldiario.net\\\/portal\\\/\",\"name\":\"El Diario - Decano de la prensa nacional\",\"description\":\"El Diario - Decano de la prensa nacional\",\"publisher\":{\"@id\":\"https:\\\/\\\/www.eldiario.net\\\/portal\\\/#organization\"},\"potentialAction\":[{\"@type\":\"SearchAction\",\"target\":{\"@type\":\"EntryPoint\",\"urlTemplate\":\"https:\\\/\\\/www.eldiario.net\\\/portal\\\/?s={search_term_string}\"},\"query-input\":{\"@type\":\"PropertyValueSpecification\",\"valueRequired\":true,\"valueName\":\"search_term_string\"}}],\"inLanguage\":\"es\"},{\"@type\":\"Organization\",\"@id\":\"https:\\\/\\\/www.eldiario.net\\\/portal\\\/#organization\",\"name\":\"El Diario - Decano de la prensa nacional\",\"url\":\"https:\\\/\\\/www.eldiario.net\\\/portal\\\/\",\"logo\":{\"@type\":\"ImageObject\",\"inLanguage\":\"es\",\"@id\":\"https:\\\/\\\/www.eldiario.net\\\/portal\\\/#\\\/schema\\\/logo\\\/image\\\/\",\"url\":\"https:\\\/\\\/www.eldiario.net\\\/portal\\\/wp-content\\\/uploads\\\/2023\\\/07\\\/logo_ED.jpg\",\"contentUrl\":\"https:\\\/\\\/www.eldiario.net\\\/portal\\\/wp-content\\\/uploads\\\/2023\\\/07\\\/logo_ED.jpg\",\"width\":272,\"height\":52,\"caption\":\"El Diario - Decano de la prensa nacional\"},\"image\":{\"@id\":\"https:\\\/\\\/www.eldiario.net\\\/portal\\\/#\\\/schema\\\/logo\\\/image\\\/\"},\"sameAs\":[\"https:\\\/\\\/www.facebook.com\\\/eldiario.bolivia\\\/\",\"https:\\\/\\\/x.com\\\/eldiario_net\"]},{\"@type\":\"Person\",\"@id\":\"https:\\\/\\\/www.eldiario.net\\\/portal\\\/#\\\/schema\\\/person\\\/c1a5d38e458b10c8ebd62f4189b82bbc\",\"name\":\"luis Camacho\",\"image\":{\"@type\":\"ImageObject\",\"inLanguage\":\"es\",\"@id\":\"https:\\\/\\\/secure.gravatar.com\\\/avatar\\\/69ecb836b3826d5a2501bf06ab2a2f2c8ab211cc846758f395df21684cb38313?s=96&d=mm&r=g\",\"url\":\"https:\\\/\\\/secure.gravatar.com\\\/avatar\\\/69ecb836b3826d5a2501bf06ab2a2f2c8ab211cc846758f395df21684cb38313?s=96&d=mm&r=g\",\"contentUrl\":\"https:\\\/\\\/secure.gravatar.com\\\/avatar\\\/69ecb836b3826d5a2501bf06ab2a2f2c8ab211cc846758f395df21684cb38313?s=96&d=mm&r=g\",\"caption\":\"luis Camacho\"},\"url\":\"https:\\\/\\\/www.eldiario.net\\\/portal\\\/author\\\/luis\\\/\"}]}<\/script>\n<!-- \/ Yoast SEO plugin. -->","yoast_head_json":{"title":"Presidente Paz gobernar\u00e1 por medios tecnol\u00f3gicos - El Diario - Bolivia","robots":{"index":"index","follow":"follow","max-snippet":"max-snippet:-1","max-image-preview":"max-image-preview:large","max-video-preview":"max-video-preview:-1"},"canonical":"https:\/\/www.eldiario.net\/portal\/2026\/01\/01\/presidente-paz-gobernara-por-medios-tecnologicos\/","og_locale":"es_ES","og_type":"article","og_title":"Presidente Paz gobernar\u00e1 por medios tecnol\u00f3gicos - El Diario - Bolivia","og_description":"Ante el anunciado viaje del presidente Rodrigo Paz Pereira al exterior para participar en el Foro Econ\u00f3mico Mundial de Davos, el Gobierno aprob\u00f3 el Decreto Supremo 5515 que habilita al actual mandatario de Bolivia a seguir gobernando desde el extranjero por medios tecnol\u00f3gicos; por lo tanto, no habr\u00e1 la necesidad de hacer la entrega del [&hellip;]","og_url":"https:\/\/www.eldiario.net\/portal\/2026\/01\/01\/presidente-paz-gobernara-por-medios-tecnologicos\/","og_site_name":"El Diario - Bolivia","article_publisher":"https:\/\/www.facebook.com\/eldiario.bolivia\/","article_published_time":"2026-01-01T19:41:18+00:00","og_image":[{"width":992,"height":558,"url":"https:\/\/www.eldiario.net\/portal\/wp-content\/uploads\/2026\/01\/WhatsApp-Image-2026-01-01-at-2.42.25-PM-copia.webp","type":"image\/webp"}],"author":"luis Camacho","twitter_card":"summary_large_image","twitter_creator":"@eldiario_net","twitter_site":"@eldiario_net","twitter_misc":{"Escrito por":"luis Camacho","Tiempo de lectura":"2 minutos"},"schema":{"@context":"https:\/\/schema.org","@graph":[{"@type":"Article","@id":"https:\/\/www.eldiario.net\/portal\/2026\/01\/01\/presidente-paz-gobernara-por-medios-tecnologicos\/#article","isPartOf":{"@id":"https:\/\/www.eldiario.net\/portal\/2026\/01\/01\/presidente-paz-gobernara-por-medios-tecnologicos\/"},"author":{"name":"luis Camacho","@id":"https:\/\/www.eldiario.net\/portal\/#\/schema\/person\/c1a5d38e458b10c8ebd62f4189b82bbc"},"headline":"Presidente Paz gobernar\u00e1 por medios tecnol\u00f3gicos","datePublished":"2026-01-01T19:41:18+00:00","mainEntityOfPage":{"@id":"https:\/\/www.eldiario.net\/portal\/2026\/01\/01\/presidente-paz-gobernara-por-medios-tecnologicos\/"},"wordCount":298,"publisher":{"@id":"https:\/\/www.eldiario.net\/portal\/#organization"},"image":{"@id":"https:\/\/www.eldiario.net\/portal\/2026\/01\/01\/presidente-paz-gobernara-por-medios-tecnologicos\/#primaryimage"},"thumbnailUrl":"https:\/\/www.eldiario.net\/portal\/wp-content\/uploads\/2026\/01\/WhatsApp-Image-2026-01-01-at-2.42.25-PM-copia.webp","articleSection":["Principal"],"inLanguage":"es"},{"@type":"WebPage","@id":"https:\/\/www.eldiario.net\/portal\/2026\/01\/01\/presidente-paz-gobernara-por-medios-tecnologicos\/","url":"https:\/\/www.eldiario.net\/portal\/2026\/01\/01\/presidente-paz-gobernara-por-medios-tecnologicos\/","name":"Presidente Paz gobernar\u00e1 por medios tecnol\u00f3gicos - El Diario - Bolivia","isPartOf":{"@id":"https:\/\/www.eldiario.net\/portal\/#website"},"primaryImageOfPage":{"@id":"https:\/\/www.eldiario.net\/portal\/2026\/01\/01\/presidente-paz-gobernara-por-medios-tecnologicos\/#primaryimage"},"image":{"@id":"https:\/\/www.eldiario.net\/portal\/2026\/01\/01\/presidente-paz-gobernara-por-medios-tecnologicos\/#primaryimage"},"thumbnailUrl":"https:\/\/www.eldiario.net\/portal\/wp-content\/uploads\/2026\/01\/WhatsApp-Image-2026-01-01-at-2.42.25-PM-copia.webp","datePublished":"2026-01-01T19:41:18+00:00","breadcrumb":{"@id":"https:\/\/www.eldiario.net\/portal\/2026\/01\/01\/presidente-paz-gobernara-por-medios-tecnologicos\/#breadcrumb"},"inLanguage":"es","potentialAction":[{"@type":"ReadAction","target":["https:\/\/www.eldiario.net\/portal\/2026\/01\/01\/presidente-paz-gobernara-por-medios-tecnologicos\/"]}]},{"@type":"ImageObject","inLanguage":"es","@id":"https:\/\/www.eldiario.net\/portal\/2026\/01\/01\/presidente-paz-gobernara-por-medios-tecnologicos\/#primaryimage","url":"https:\/\/www.eldiario.net\/portal\/wp-content\/uploads\/2026\/01\/WhatsApp-Image-2026-01-01-at-2.42.25-PM-copia.webp","contentUrl":"https:\/\/www.eldiario.net\/portal\/wp-content\/uploads\/2026\/01\/WhatsApp-Image-2026-01-01-at-2.42.25-PM-copia.webp","width":992,"height":558,"caption":"Rodrigo Paz y Edmand Lara, Presidente y Vicepresidente de Bolivia. CR\u00c9DITO: archivo APG"},{"@type":"BreadcrumbList","@id":"https:\/\/www.eldiario.net\/portal\/2026\/01\/01\/presidente-paz-gobernara-por-medios-tecnologicos\/#breadcrumb","itemListElement":[{"@type":"ListItem","position":1,"name":"Portada","item":"https:\/\/www.eldiario.net\/portal\/"},{"@type":"ListItem","position":2,"name":"Presidente Paz gobernar\u00e1 por medios tecnol\u00f3gicos"}]},{"@type":"WebSite","@id":"https:\/\/www.eldiario.net\/portal\/#website","url":"https:\/\/www.eldiario.net\/portal\/","name":"El Diario - Decano de la prensa nacional","description":"El Diario - Decano de la prensa nacional","publisher":{"@id":"https:\/\/www.eldiario.net\/portal\/#organization"},"potentialAction":[{"@type":"SearchAction","target":{"@type":"EntryPoint","urlTemplate":"https:\/\/www.eldiario.net\/portal\/?s={search_term_string}"},"query-input":{"@type":"PropertyValueSpecification","valueRequired":true,"valueName":"search_term_string"}}],"inLanguage":"es"},{"@type":"Organization","@id":"https:\/\/www.eldiario.net\/portal\/#organization","name":"El Diario - Decano de la prensa nacional","url":"https:\/\/www.eldiario.net\/portal\/","logo":{"@type":"ImageObject","inLanguage":"es","@id":"https:\/\/www.eldiario.net\/portal\/#\/schema\/logo\/image\/","url":"https:\/\/www.eldiario.net\/portal\/wp-content\/uploads\/2023\/07\/logo_ED.jpg","contentUrl":"https:\/\/www.eldiario.net\/portal\/wp-content\/uploads\/2023\/07\/logo_ED.jpg","width":272,"height":52,"caption":"El Diario - Decano de la prensa nacional"},"image":{"@id":"https:\/\/www.eldiario.net\/portal\/#\/schema\/logo\/image\/"},"sameAs":["https:\/\/www.facebook.com\/eldiario.bolivia\/","https:\/\/x.com\/eldiario_net"]},{"@type":"Person","@id":"https:\/\/www.eldiario.net\/portal\/#\/schema\/person\/c1a5d38e458b10c8ebd62f4189b82bbc","name":"luis Camacho","image":{"@type":"ImageObject","inLanguage":"es","@id":"https:\/\/secure.gravatar.com\/avatar\/69ecb836b3826d5a2501bf06ab2a2f2c8ab211cc846758f395df21684cb38313?s=96&d=mm&r=g","url":"https:\/\/secure.gravatar.com\/avatar\/69ecb836b3826d5a2501bf06ab2a2f2c8ab211cc846758f395df21684cb38313?s=96&d=mm&r=g","contentUrl":"https:\/\/secure.gravatar.com\/avatar\/69ecb836b3826d5a2501bf06ab2a2f2c8ab211cc846758f395df21684cb38313?s=96&d=mm&r=g","caption":"luis Camacho"},"url":"https:\/\/www.eldiario.net\/portal\/author\/luis\/"}]}},"_links":{"self":[{"href":"https:\/\/www.eldiario.net\/portal\/wp-json\/wp\/v2\/posts\/356532","targetHints":{"allow":["GET"]}}],"collection":[{"href":"https:\/\/www.eldiario.net\/portal\/wp-json\/wp\/v2\/posts"}],"about":[{"href":"https:\/\/www.eldiario.net\/portal\/wp-json\/wp\/v2\/types\/post"}],"author":[{"embeddable":true,"href":"https:\/\/www.eldiario.net\/portal\/wp-json\/wp\/v2\/users\/2"}],"replies":[{"embeddable":true,"href":"https:\/\/www.eldiario.net\/portal\/wp-json\/wp\/v2\/comments?post=356532"}],"version-history":[{"count":1,"href":"https:\/\/www.eldiario.net\/portal\/wp-json\/wp\/v2\/posts\/356532\/revisions"}],"predecessor-version":[{"id":356534,"href":"https:\/\/www.eldiario.net\/portal\/wp-json\/wp\/v2\/posts\/356532\/revisions\/356534"}],"wp:featuredmedia":[{"embeddable":true,"href":"https:\/\/www.eldiario.net\/portal\/wp-json\/wp\/v2\/media\/356533"}],"wp:attachment":[{"href":"https:\/\/www.eldiario.net\/portal\/wp-json\/wp\/v2\/media?parent=356532"}],"wp:term":[{"taxonomy":"category","embeddable":true,"href":"https:\/\/www.eldiario.net\/portal\/wp-json\/wp\/v2\/categories?post=356532"},{"taxonomy":"post_tag","embeddable":true,"href":"https:\/\/www.eldiario.net\/portal\/wp-json\/wp\/v2\/tags?post=356532"}],"curies":[{"name":"wp","href":"https:\/\/api.w.org\/{rel}","templated":true}]}}