{"id":356530,"date":"2026-01-01T07:26:42","date_gmt":"2026-01-01T11:26:42","guid":{"rendered":"https:\/\/www.eldiario.net\/portal\/?p=356530"},"modified":"2026-01-01T07:26:42","modified_gmt":"2026-01-01T11:26:42","slug":"esperanza-y-paz-para-el-ano-nuevo","status":"publish","type":"post","link":"https:\/\/www.eldiario.net\/portal\/2026\/01\/01\/esperanza-y-paz-para-el-ano-nuevo\/","title":{"rendered":"Esperanza y paz para el a\u00f1o nuevo"},"content":{"rendered":"<p><em>Un nuevo a\u00f1o de esperanza, paz y prosperidad anhela la ciudadan\u00eda boliviana, despu\u00e9s de que un cielo de tempestad empa\u00f1\u00f3 su normalidad cotidiana durante veinte a\u00f1os de caos, corrupci\u00f3n y temor. Hoy una perspectiva de progreso, como si fuera un rayo de sol, ilumina el horizonte.<\/em><\/p>\n<p><em>Pasadas dos d\u00e9cadas de angustia por la suerte de la Naci\u00f3n y por el porvenir de la poblaci\u00f3n, ahora se abre una senda que conduce a un ambiente de orden y trabajo, condiciones necesarias para dejar atr\u00e1s los a\u00f1os de terror y sacrificio que impuso un r\u00e9gimen populista que quer\u00eda hacer retroceder las manecillas del reloj de la historia y conducirnos a la \u00e9poca de las cavernas, a t\u00edtulo de socialismo y otras lindezas absurdas.<\/em><\/p>\n<p><em>Pero por veinte a\u00f1os, el pueblo boliviano fue sometido a un r\u00e9gimen autoritario que anunciaba demag\u00f3gicamente \u201cproceso de cambio\u201d, pluralismo econ\u00f3mico, pol\u00edtico y otros, con el deliberado objetivo de conducir al pa\u00eds al desastre, al hambre y al sometimiento ante ideolog\u00edas absurdas como el populismo, rechazado en todo el mundo, tanto por la pr\u00e1ctica como por la teor\u00eda.<\/em><\/p>\n<p><em>Un sentimiento de temor a ese autoritarismo no s\u00f3lo afect\u00f3 a la ciudadan\u00eda sino en especial a la naci\u00f3n boliviana, que fue convertida en un ap\u00e9ndice de imperios extranjeros izquierdistas, desesperados por tener bajo su dependencia a naciones d\u00e9biles, para esclavizarlas y tener libre el camino para el saqueo de sus recursos naturales. Varias naciones han sido sometidas a situaciones de hambre, humillaci\u00f3n y represi\u00f3n militar y civil armada. Sin embargo, esa \u00e9poca est\u00e1 en su final.<\/em><\/p>\n<p><em>El terror de Estado hinc\u00f3 sus garras en dos d\u00e9cadas en Bolivia, para saquear el pa\u00eds y reponer sistemas primitivos de trabajo y convivencia. Adem\u00e1s, se us\u00f3 para ello corrupci\u00f3n, crueldad y proliferaci\u00f3n de vicios. Casi todo el pa\u00eds fue v\u00edctima de ese m\u00e9todo opresivo y qued\u00f3 en ruinas, con el aplauso de sus socios socialistas externos. Bolivia qued\u00f3 con muchos de sus engranajes econ\u00f3micos destruidos. A esa plaga, se sum\u00f3 la decadencia moral, espiritual, cultural, pol\u00edtica y social que impuso el Estado Plurinacional, timoneado por el cocalero Evo Morales y sus seguidores que saben que cometieron graves errores, pero no quieren reconocerlos. Lo peor es que siguen empe\u00f1ados en reproducirlos.<\/em><\/p>\n<p><em>Veinte a\u00f1os dur\u00f3 esa maquinaria trituradora, pero le lleg\u00f3 su inevitable final, rotas las argollas de ese experimento comunista. Los inquilinos temporales del Palacio Quemado (masistas que se cre\u00edan sus propietarios absolutos) fueron expulsados, porque no se puede hacer retroceder la historia al tiempo de las cavernas, para construir sobre ese pasado el socialismo, como deseaba el populismo nefasto.<\/em><\/p>\n<p><em>Hoy queda bajo responsabilidad del pueblo y de sus nuevas autoridades, levantar todas las barreras que traban el camino hacia el progreso, cumpliendo con reglas para lograr un positivo gobierno. El a\u00f1o 2026 debe ser el comienzo de esa obra magna. Por ello recordemos que no hay tarea m\u00e1s tr\u00e1gica para un pueblo que volver a construir lo que ya se hab\u00eda empezado: la naci\u00f3n democr\u00e1tica.<\/em><\/p>\n","protected":false},"excerpt":{"rendered":"<p>Un nuevo a\u00f1o de esperanza, paz y prosperidad anhela la ciudadan\u00eda boliviana, despu\u00e9s de que un cielo de tempestad empa\u00f1\u00f3 su normalidad cotidiana durante veinte a\u00f1os de caos, corrupci\u00f3n y temor. Hoy una perspectiva de progreso, como si fuera un rayo de sol, ilumina el horizonte. Pasadas dos d\u00e9cadas de angustia por la suerte de [&hellip;]<\/p>\n","protected":false},"author":1,"featured_media":194776,"comment_status":"closed","ping_status":"open","sticky":false,"template":"","format":"standard","meta":{"_acf_changed":false,"footnotes":""},"categories":[4],"tags":[],"class_list":["post-356530","post","type-post","status-publish","format-standard","has-post-thumbnail","category-editorial"],"acf":{"antetitulo":""},"yoast_head":"<!-- This site is optimized with the Yoast SEO plugin v28.4 - https:\/\/yoast.com\/product\/yoast-seo-wordpress\/ -->\n<title>Esperanza y paz para el a\u00f1o nuevo - El Diario - Bolivia<\/title>\n<meta name=\"robots\" content=\"index, follow, max-snippet:-1, max-image-preview:large, max-video-preview:-1\" \/>\n<link rel=\"canonical\" href=\"https:\/\/www.eldiario.net\/portal\/2026\/01\/01\/esperanza-y-paz-para-el-ano-nuevo\/\" \/>\n<meta property=\"og:locale\" content=\"es_ES\" \/>\n<meta property=\"og:type\" content=\"article\" \/>\n<meta property=\"og:title\" content=\"Esperanza y paz para el a\u00f1o nuevo - El Diario - Bolivia\" \/>\n<meta property=\"og:description\" content=\"Un nuevo a\u00f1o de esperanza, paz y prosperidad anhela la ciudadan\u00eda boliviana, despu\u00e9s de que un cielo de tempestad empa\u00f1\u00f3 su normalidad cotidiana durante veinte a\u00f1os de caos, corrupci\u00f3n y temor. Hoy una perspectiva de progreso, como si fuera un rayo de sol, ilumina el horizonte. Pasadas dos d\u00e9cadas de angustia por la suerte de [&hellip;]\" \/>\n<meta property=\"og:url\" content=\"https:\/\/www.eldiario.net\/portal\/2026\/01\/01\/esperanza-y-paz-para-el-ano-nuevo\/\" \/>\n<meta property=\"og:site_name\" content=\"El Diario - Bolivia\" \/>\n<meta property=\"article:publisher\" content=\"https:\/\/www.facebook.com\/eldiario.bolivia\/\" \/>\n<meta property=\"article:published_time\" content=\"2026-01-01T11:26:42+00:00\" \/>\n<meta property=\"og:image\" content=\"https:\/\/www.eldiario.net\/portal\/wp-content\/uploads\/2023\/12\/Editorial.jpg\" \/>\n\t<meta property=\"og:image:width\" content=\"800\" \/>\n\t<meta property=\"og:image:height\" content=\"500\" \/>\n\t<meta property=\"og:image:type\" content=\"image\/jpeg\" \/>\n<meta name=\"author\" content=\"Jeanette\" \/>\n<meta name=\"twitter:card\" content=\"summary_large_image\" \/>\n<meta name=\"twitter:creator\" content=\"@eldiario_net\" \/>\n<meta name=\"twitter:site\" content=\"@eldiario_net\" \/>\n<meta name=\"twitter:label1\" content=\"Escrito por\" \/>\n\t<meta name=\"twitter:data1\" content=\"Jeanette\" \/>\n\t<meta name=\"twitter:label2\" content=\"Tiempo de lectura\" \/>\n\t<meta name=\"twitter:data2\" content=\"3 minutos\" \/>\n<script type=\"application\/ld+json\" class=\"yoast-schema-graph\">{\"@context\":\"https:\\\/\\\/schema.org\",\"@graph\":[{\"@type\":\"Article\",\"@id\":\"https:\\\/\\\/www.eldiario.net\\\/portal\\\/2026\\\/01\\\/01\\\/esperanza-y-paz-para-el-ano-nuevo\\\/#article\",\"isPartOf\":{\"@id\":\"https:\\\/\\\/www.eldiario.net\\\/portal\\\/2026\\\/01\\\/01\\\/esperanza-y-paz-para-el-ano-nuevo\\\/\"},\"author\":{\"name\":\"Jeanette\",\"@id\":\"https:\\\/\\\/www.eldiario.net\\\/portal\\\/#\\\/schema\\\/person\\\/2c57cf2b7a7ae032e449e4c9b1019eac\"},\"headline\":\"Esperanza y paz para el a\u00f1o nuevo\",\"datePublished\":\"2026-01-01T11:26:42+00:00\",\"mainEntityOfPage\":{\"@id\":\"https:\\\/\\\/www.eldiario.net\\\/portal\\\/2026\\\/01\\\/01\\\/esperanza-y-paz-para-el-ano-nuevo\\\/\"},\"wordCount\":547,\"publisher\":{\"@id\":\"https:\\\/\\\/www.eldiario.net\\\/portal\\\/#organization\"},\"image\":{\"@id\":\"https:\\\/\\\/www.eldiario.net\\\/portal\\\/2026\\\/01\\\/01\\\/esperanza-y-paz-para-el-ano-nuevo\\\/#primaryimage\"},\"thumbnailUrl\":\"https:\\\/\\\/www.eldiario.net\\\/portal\\\/wp-content\\\/uploads\\\/2023\\\/12\\\/Editorial.jpg\",\"articleSection\":[\"Editorial\"],\"inLanguage\":\"es\"},{\"@type\":\"WebPage\",\"@id\":\"https:\\\/\\\/www.eldiario.net\\\/portal\\\/2026\\\/01\\\/01\\\/esperanza-y-paz-para-el-ano-nuevo\\\/\",\"url\":\"https:\\\/\\\/www.eldiario.net\\\/portal\\\/2026\\\/01\\\/01\\\/esperanza-y-paz-para-el-ano-nuevo\\\/\",\"name\":\"Esperanza y paz para el a\u00f1o nuevo - El Diario - Bolivia\",\"isPartOf\":{\"@id\":\"https:\\\/\\\/www.eldiario.net\\\/portal\\\/#website\"},\"primaryImageOfPage\":{\"@id\":\"https:\\\/\\\/www.eldiario.net\\\/portal\\\/2026\\\/01\\\/01\\\/esperanza-y-paz-para-el-ano-nuevo\\\/#primaryimage\"},\"image\":{\"@id\":\"https:\\\/\\\/www.eldiario.net\\\/portal\\\/2026\\\/01\\\/01\\\/esperanza-y-paz-para-el-ano-nuevo\\\/#primaryimage\"},\"thumbnailUrl\":\"https:\\\/\\\/www.eldiario.net\\\/portal\\\/wp-content\\\/uploads\\\/2023\\\/12\\\/Editorial.jpg\",\"datePublished\":\"2026-01-01T11:26:42+00:00\",\"breadcrumb\":{\"@id\":\"https:\\\/\\\/www.eldiario.net\\\/portal\\\/2026\\\/01\\\/01\\\/esperanza-y-paz-para-el-ano-nuevo\\\/#breadcrumb\"},\"inLanguage\":\"es\",\"potentialAction\":[{\"@type\":\"ReadAction\",\"target\":[\"https:\\\/\\\/www.eldiario.net\\\/portal\\\/2026\\\/01\\\/01\\\/esperanza-y-paz-para-el-ano-nuevo\\\/\"]}]},{\"@type\":\"ImageObject\",\"inLanguage\":\"es\",\"@id\":\"https:\\\/\\\/www.eldiario.net\\\/portal\\\/2026\\\/01\\\/01\\\/esperanza-y-paz-para-el-ano-nuevo\\\/#primaryimage\",\"url\":\"https:\\\/\\\/www.eldiario.net\\\/portal\\\/wp-content\\\/uploads\\\/2023\\\/12\\\/Editorial.jpg\",\"contentUrl\":\"https:\\\/\\\/www.eldiario.net\\\/portal\\\/wp-content\\\/uploads\\\/2023\\\/12\\\/Editorial.jpg\",\"width\":800,\"height\":500},{\"@type\":\"BreadcrumbList\",\"@id\":\"https:\\\/\\\/www.eldiario.net\\\/portal\\\/2026\\\/01\\\/01\\\/esperanza-y-paz-para-el-ano-nuevo\\\/#breadcrumb\",\"itemListElement\":[{\"@type\":\"ListItem\",\"position\":1,\"name\":\"Portada\",\"item\":\"https:\\\/\\\/www.eldiario.net\\\/portal\\\/\"},{\"@type\":\"ListItem\",\"position\":2,\"name\":\"Esperanza y paz para el a\u00f1o nuevo\"}]},{\"@type\":\"WebSite\",\"@id\":\"https:\\\/\\\/www.eldiario.net\\\/portal\\\/#website\",\"url\":\"https:\\\/\\\/www.eldiario.net\\\/portal\\\/\",\"name\":\"El Diario - Decano de la prensa nacional\",\"description\":\"El Diario - Decano de la prensa nacional\",\"publisher\":{\"@id\":\"https:\\\/\\\/www.eldiario.net\\\/portal\\\/#organization\"},\"potentialAction\":[{\"@type\":\"SearchAction\",\"target\":{\"@type\":\"EntryPoint\",\"urlTemplate\":\"https:\\\/\\\/www.eldiario.net\\\/portal\\\/?s={search_term_string}\"},\"query-input\":{\"@type\":\"PropertyValueSpecification\",\"valueRequired\":true,\"valueName\":\"search_term_string\"}}],\"inLanguage\":\"es\"},{\"@type\":\"Organization\",\"@id\":\"https:\\\/\\\/www.eldiario.net\\\/portal\\\/#organization\",\"name\":\"El Diario - Decano de la prensa nacional\",\"url\":\"https:\\\/\\\/www.eldiario.net\\\/portal\\\/\",\"logo\":{\"@type\":\"ImageObject\",\"inLanguage\":\"es\",\"@id\":\"https:\\\/\\\/www.eldiario.net\\\/portal\\\/#\\\/schema\\\/logo\\\/image\\\/\",\"url\":\"https:\\\/\\\/www.eldiario.net\\\/portal\\\/wp-content\\\/uploads\\\/2023\\\/07\\\/logo_ED.jpg\",\"contentUrl\":\"https:\\\/\\\/www.eldiario.net\\\/portal\\\/wp-content\\\/uploads\\\/2023\\\/07\\\/logo_ED.jpg\",\"width\":272,\"height\":52,\"caption\":\"El Diario - Decano de la prensa nacional\"},\"image\":{\"@id\":\"https:\\\/\\\/www.eldiario.net\\\/portal\\\/#\\\/schema\\\/logo\\\/image\\\/\"},\"sameAs\":[\"https:\\\/\\\/www.facebook.com\\\/eldiario.bolivia\\\/\",\"https:\\\/\\\/x.com\\\/eldiario_net\"]},{\"@type\":\"Person\",\"@id\":\"https:\\\/\\\/www.eldiario.net\\\/portal\\\/#\\\/schema\\\/person\\\/2c57cf2b7a7ae032e449e4c9b1019eac\",\"name\":\"Jeanette\",\"image\":{\"@type\":\"ImageObject\",\"inLanguage\":\"es\",\"@id\":\"https:\\\/\\\/secure.gravatar.com\\\/avatar\\\/3ea2118a5f7dad2b7138b1187a6b7ee55f160b9968b66013c3a3ef39dd7e5798?s=96&d=mm&r=g\",\"url\":\"https:\\\/\\\/secure.gravatar.com\\\/avatar\\\/3ea2118a5f7dad2b7138b1187a6b7ee55f160b9968b66013c3a3ef39dd7e5798?s=96&d=mm&r=g\",\"contentUrl\":\"https:\\\/\\\/secure.gravatar.com\\\/avatar\\\/3ea2118a5f7dad2b7138b1187a6b7ee55f160b9968b66013c3a3ef39dd7e5798?s=96&d=mm&r=g\",\"caption\":\"Jeanette\"},\"sameAs\":[\"https:\\\/\\\/www.eldiario.net\\\/portal\"],\"url\":\"https:\\\/\\\/www.eldiario.net\\\/portal\\\/author\\\/jeanette\\\/\"}]}<\/script>\n<!-- \/ Yoast SEO plugin. -->","yoast_head_json":{"title":"Esperanza y paz para el a\u00f1o nuevo - El Diario - Bolivia","robots":{"index":"index","follow":"follow","max-snippet":"max-snippet:-1","max-image-preview":"max-image-preview:large","max-video-preview":"max-video-preview:-1"},"canonical":"https:\/\/www.eldiario.net\/portal\/2026\/01\/01\/esperanza-y-paz-para-el-ano-nuevo\/","og_locale":"es_ES","og_type":"article","og_title":"Esperanza y paz para el a\u00f1o nuevo - El Diario - Bolivia","og_description":"Un nuevo a\u00f1o de esperanza, paz y prosperidad anhela la ciudadan\u00eda boliviana, despu\u00e9s de que un cielo de tempestad empa\u00f1\u00f3 su normalidad cotidiana durante veinte a\u00f1os de caos, corrupci\u00f3n y temor. Hoy una perspectiva de progreso, como si fuera un rayo de sol, ilumina el horizonte. Pasadas dos d\u00e9cadas de angustia por la suerte de [&hellip;]","og_url":"https:\/\/www.eldiario.net\/portal\/2026\/01\/01\/esperanza-y-paz-para-el-ano-nuevo\/","og_site_name":"El Diario - Bolivia","article_publisher":"https:\/\/www.facebook.com\/eldiario.bolivia\/","article_published_time":"2026-01-01T11:26:42+00:00","og_image":[{"width":800,"height":500,"url":"https:\/\/www.eldiario.net\/portal\/wp-content\/uploads\/2023\/12\/Editorial.jpg","type":"image\/jpeg"}],"author":"Jeanette","twitter_card":"summary_large_image","twitter_creator":"@eldiario_net","twitter_site":"@eldiario_net","twitter_misc":{"Escrito por":"Jeanette","Tiempo de lectura":"3 minutos"},"schema":{"@context":"https:\/\/schema.org","@graph":[{"@type":"Article","@id":"https:\/\/www.eldiario.net\/portal\/2026\/01\/01\/esperanza-y-paz-para-el-ano-nuevo\/#article","isPartOf":{"@id":"https:\/\/www.eldiario.net\/portal\/2026\/01\/01\/esperanza-y-paz-para-el-ano-nuevo\/"},"author":{"name":"Jeanette","@id":"https:\/\/www.eldiario.net\/portal\/#\/schema\/person\/2c57cf2b7a7ae032e449e4c9b1019eac"},"headline":"Esperanza y paz para el a\u00f1o nuevo","datePublished":"2026-01-01T11:26:42+00:00","mainEntityOfPage":{"@id":"https:\/\/www.eldiario.net\/portal\/2026\/01\/01\/esperanza-y-paz-para-el-ano-nuevo\/"},"wordCount":547,"publisher":{"@id":"https:\/\/www.eldiario.net\/portal\/#organization"},"image":{"@id":"https:\/\/www.eldiario.net\/portal\/2026\/01\/01\/esperanza-y-paz-para-el-ano-nuevo\/#primaryimage"},"thumbnailUrl":"https:\/\/www.eldiario.net\/portal\/wp-content\/uploads\/2023\/12\/Editorial.jpg","articleSection":["Editorial"],"inLanguage":"es"},{"@type":"WebPage","@id":"https:\/\/www.eldiario.net\/portal\/2026\/01\/01\/esperanza-y-paz-para-el-ano-nuevo\/","url":"https:\/\/www.eldiario.net\/portal\/2026\/01\/01\/esperanza-y-paz-para-el-ano-nuevo\/","name":"Esperanza y paz para el a\u00f1o nuevo - El Diario - Bolivia","isPartOf":{"@id":"https:\/\/www.eldiario.net\/portal\/#website"},"primaryImageOfPage":{"@id":"https:\/\/www.eldiario.net\/portal\/2026\/01\/01\/esperanza-y-paz-para-el-ano-nuevo\/#primaryimage"},"image":{"@id":"https:\/\/www.eldiario.net\/portal\/2026\/01\/01\/esperanza-y-paz-para-el-ano-nuevo\/#primaryimage"},"thumbnailUrl":"https:\/\/www.eldiario.net\/portal\/wp-content\/uploads\/2023\/12\/Editorial.jpg","datePublished":"2026-01-01T11:26:42+00:00","breadcrumb":{"@id":"https:\/\/www.eldiario.net\/portal\/2026\/01\/01\/esperanza-y-paz-para-el-ano-nuevo\/#breadcrumb"},"inLanguage":"es","potentialAction":[{"@type":"ReadAction","target":["https:\/\/www.eldiario.net\/portal\/2026\/01\/01\/esperanza-y-paz-para-el-ano-nuevo\/"]}]},{"@type":"ImageObject","inLanguage":"es","@id":"https:\/\/www.eldiario.net\/portal\/2026\/01\/01\/esperanza-y-paz-para-el-ano-nuevo\/#primaryimage","url":"https:\/\/www.eldiario.net\/portal\/wp-content\/uploads\/2023\/12\/Editorial.jpg","contentUrl":"https:\/\/www.eldiario.net\/portal\/wp-content\/uploads\/2023\/12\/Editorial.jpg","width":800,"height":500},{"@type":"BreadcrumbList","@id":"https:\/\/www.eldiario.net\/portal\/2026\/01\/01\/esperanza-y-paz-para-el-ano-nuevo\/#breadcrumb","itemListElement":[{"@type":"ListItem","position":1,"name":"Portada","item":"https:\/\/www.eldiario.net\/portal\/"},{"@type":"ListItem","position":2,"name":"Esperanza y paz para el a\u00f1o nuevo"}]},{"@type":"WebSite","@id":"https:\/\/www.eldiario.net\/portal\/#website","url":"https:\/\/www.eldiario.net\/portal\/","name":"El Diario - Decano de la prensa nacional","description":"El Diario - Decano de la prensa nacional","publisher":{"@id":"https:\/\/www.eldiario.net\/portal\/#organization"},"potentialAction":[{"@type":"SearchAction","target":{"@type":"EntryPoint","urlTemplate":"https:\/\/www.eldiario.net\/portal\/?s={search_term_string}"},"query-input":{"@type":"PropertyValueSpecification","valueRequired":true,"valueName":"search_term_string"}}],"inLanguage":"es"},{"@type":"Organization","@id":"https:\/\/www.eldiario.net\/portal\/#organization","name":"El Diario - Decano de la prensa nacional","url":"https:\/\/www.eldiario.net\/portal\/","logo":{"@type":"ImageObject","inLanguage":"es","@id":"https:\/\/www.eldiario.net\/portal\/#\/schema\/logo\/image\/","url":"https:\/\/www.eldiario.net\/portal\/wp-content\/uploads\/2023\/07\/logo_ED.jpg","contentUrl":"https:\/\/www.eldiario.net\/portal\/wp-content\/uploads\/2023\/07\/logo_ED.jpg","width":272,"height":52,"caption":"El Diario - Decano de la prensa nacional"},"image":{"@id":"https:\/\/www.eldiario.net\/portal\/#\/schema\/logo\/image\/"},"sameAs":["https:\/\/www.facebook.com\/eldiario.bolivia\/","https:\/\/x.com\/eldiario_net"]},{"@type":"Person","@id":"https:\/\/www.eldiario.net\/portal\/#\/schema\/person\/2c57cf2b7a7ae032e449e4c9b1019eac","name":"Jeanette","image":{"@type":"ImageObject","inLanguage":"es","@id":"https:\/\/secure.gravatar.com\/avatar\/3ea2118a5f7dad2b7138b1187a6b7ee55f160b9968b66013c3a3ef39dd7e5798?s=96&d=mm&r=g","url":"https:\/\/secure.gravatar.com\/avatar\/3ea2118a5f7dad2b7138b1187a6b7ee55f160b9968b66013c3a3ef39dd7e5798?s=96&d=mm&r=g","contentUrl":"https:\/\/secure.gravatar.com\/avatar\/3ea2118a5f7dad2b7138b1187a6b7ee55f160b9968b66013c3a3ef39dd7e5798?s=96&d=mm&r=g","caption":"Jeanette"},"sameAs":["https:\/\/www.eldiario.net\/portal"],"url":"https:\/\/www.eldiario.net\/portal\/author\/jeanette\/"}]}},"_links":{"self":[{"href":"https:\/\/www.eldiario.net\/portal\/wp-json\/wp\/v2\/posts\/356530","targetHints":{"allow":["GET"]}}],"collection":[{"href":"https:\/\/www.eldiario.net\/portal\/wp-json\/wp\/v2\/posts"}],"about":[{"href":"https:\/\/www.eldiario.net\/portal\/wp-json\/wp\/v2\/types\/post"}],"author":[{"embeddable":true,"href":"https:\/\/www.eldiario.net\/portal\/wp-json\/wp\/v2\/users\/1"}],"replies":[{"embeddable":true,"href":"https:\/\/www.eldiario.net\/portal\/wp-json\/wp\/v2\/comments?post=356530"}],"version-history":[{"count":1,"href":"https:\/\/www.eldiario.net\/portal\/wp-json\/wp\/v2\/posts\/356530\/revisions"}],"predecessor-version":[{"id":356531,"href":"https:\/\/www.eldiario.net\/portal\/wp-json\/wp\/v2\/posts\/356530\/revisions\/356531"}],"wp:featuredmedia":[{"embeddable":true,"href":"https:\/\/www.eldiario.net\/portal\/wp-json\/wp\/v2\/media\/194776"}],"wp:attachment":[{"href":"https:\/\/www.eldiario.net\/portal\/wp-json\/wp\/v2\/media?parent=356530"}],"wp:term":[{"taxonomy":"category","embeddable":true,"href":"https:\/\/www.eldiario.net\/portal\/wp-json\/wp\/v2\/categories?post=356530"},{"taxonomy":"post_tag","embeddable":true,"href":"https:\/\/www.eldiario.net\/portal\/wp-json\/wp\/v2\/tags?post=356530"}],"curies":[{"name":"wp","href":"https:\/\/api.w.org\/{rel}","templated":true}]}}