{"id":35569,"date":"2021-10-10T05:06:23","date_gmt":"2021-10-10T09:06:23","guid":{"rendered":"https:\/\/www.eldiario.net\/portal\/?p=35569"},"modified":"2021-10-10T05:06:23","modified_gmt":"2021-10-10T09:06:23","slug":"mas-accion-y-secuencias-con-dobles-en-sin-tiempo-para-morir","status":"publish","type":"post","link":"https:\/\/www.eldiario.net\/portal\/2021\/10\/10\/mas-accion-y-secuencias-con-dobles-en-sin-tiempo-para-morir\/","title":{"rendered":"M\u00e1s acci\u00f3n y secuencias con dobles en \u201cSin Tiempo Para Morir\u201d"},"content":{"rendered":"<p>El director Cary Joji Fukunaga tiene una perspectiva bien definida de c\u00f3mo filmar la acci\u00f3n, habiendo dirigido la segunda unidad en cintas previas, y se asegur\u00f3 de que cada secuencia en <em>Sin Tiempo para Morir<\/em> impulsara la narrativa, proveyendo a la vez golpes dram\u00e1ticos clave y emociones fuertes.<\/p>\n<p>&nbsp;<\/p>\n<p>La secuencia de Matera est\u00e1 llena de acci\u00f3n y de dobles. Entre \u00e9stas \u00faltimas hay un memorable salto en motocicleta que se film\u00f3 en una locaci\u00f3n de la ciudad italiana. En la historia, Bond ejecuta el salto; en realidad el rudo doble Paul Edmondson llev\u00f3 a cabo la maniobra empleando un arco antiguo como rampa.<\/p>\n<p>&nbsp;<\/p>\n<p>La productora Barbara Broccoli considera que esta pirueta es uno de los momentos m\u00e1s memorables de la cinta. \u201cYo creo que la gente amar\u00e1 este salto\u201d, comenta \u201cespecialmente porque en verdad se llev\u00f3 a cabo dicha acrobacia\u201d.<\/p>\n<p>&nbsp;<\/p>\n<p>Broccoli comenta que la pelea en las escaleras, que se desenvuelve en el territorio de Safin, tambi\u00e9n ser\u00e1 una escena inolvidable. \u201cLa pelea en las escaleras es muy impactante\u201d, dice \u201cgran parte del m\u00e9rito le corresponde a Daniel\u201d.<\/p>\n<p>&nbsp;<\/p>\n<p>Para el equipo de dobles uno de los principales retos para rodar las escenas de las peleas de Bond es equilibrar la acci\u00f3n en una toma que involucra a tantos personajes principales. El coordinador de dobles, Olivier Schneider describe la acci\u00f3n en Cuba para ejemplificar la situaci\u00f3n mencionada anteriormente. \u201cCuba es un ejemplo de una secuencia muy larga que tuvimos que dise\u00f1ar y ensayar\u201d, dice Schneider. \u201cEn esta escena hab\u00eda saltos, peleas y tiroteos. Contar el periplo de Bond y el de tantos personajes al mismo tiempo, fue un proceso largo\u201d.<\/p>\n<p>&nbsp;<\/p>\n<p>Adem\u00e1s de incrementar la emoci\u00f3n, Fukunaga y los productores quer\u00edan que las acrobacias fueran realistas. Craig siempre se esfuerza al m\u00e1ximo para participar, en lo posible, en la filmaci\u00f3n de sus escenas de acci\u00f3n. \u201cDebido a que Daniel hace las acrobacias \u00e9l mismo, su opini\u00f3n tiene gran peso a la hora de dise\u00f1ar y crear las escenas de acci\u00f3n\u201d, afirma Broccoli.<\/p>\n<p>&nbsp;<\/p>\n<p>\u201cCraig participa en el dise\u00f1o de las haza\u00f1as de acci\u00f3n para poder ejecutarlas en la medida de lo posible. Desafortunadamente se lesion\u00f3 un tobillo en Jamaica durante el comienzo de la filmaci\u00f3n, as\u00ed que tuvimos que filmar esas escenas de acci\u00f3n en la parte final del rodaje, mientras el actor se sujet\u00f3 a un intenso programa de rehabilitaci\u00f3n para poder participar en ellas. En verdad es incre\u00edble lo que logr\u00f3 hacer\u201d.<\/p>\n<p>&nbsp;<\/p>\n<p>La disposici\u00f3n de Craig para arriesgar su cuerpo le agrega mucho valor a su personaje, sostiene Broccoli. \u201cGracias a Daniel, el p\u00fablico realmente piensa que Bond est\u00e1 en peligro o que puede lastimarse\u201d, a\u00f1ade la productora. \u201cBond se lastima de verdad, y eso es notorio\u201d.<\/p>\n<p>&nbsp;<\/p>\n<p>En otro lugar hay una escena muy peligrosa y conmovedora, en la cual un barco pesquero comienza a hundirse. La nave se vuelca y comienza a deslizarse a las profundidades del oc\u00e9ano. \u201cToda vez que establecimos como se hundir\u00eda la embarcaci\u00f3n, creamos un aparejo que simular\u00eda ese efecto\u201d, explica Corbould.<\/p>\n<p>&nbsp;<\/p>\n<p>El aparejo se construy\u00f3 en un escenario submarino, en Pinewood; ah\u00ed el aparejo se gir\u00f3 a 90 grados para que las escaleras y las m\u00e1quinas del barco aparecieran en un \u00e1ngulo inusual. \u201cDespu\u00e9s le inyectamos enormes cantidades de aire comprimido para similar su hundimiento\u201d, dice Corbould.<\/p>\n<p>&nbsp;<\/p>\n<p>\u201cLos actores hicieron un gran trabajo nadando dentro del barco tratando de salir de ah\u00ed. Fue algo agotador para ellos. Es una secuencia muy larga y tambi\u00e9n muy dram\u00e1tica\u201d.<\/p>\n<p>&nbsp;<\/p>\n<p>El coordinador de dobles Lee Morrison se impresion\u00f3 mucho con el recurso del aparejo. \u201cChris es un verdadero genio; las cosas que ha construido a trav\u00e9s de los a\u00f1os para la saga de Bond son alucinantes, pero este aparejo realmente se destaca entre sus inventos\u201d, dice Morrison. Chris Corbould tambi\u00e9n creo el aparejo para el elevador que se hunde en la secuencia de la muerte de Vesper, al final de <em>Casino Royale<\/em>, que fue filmada en el mismo set submarino.<\/p>\n<p>&nbsp;<\/p>\n<p>Otra de las grandes fortalezas de Corbould es su trabajo con las explosiones; la detonaci\u00f3n de la guarida del villano en <em>Spectre<\/em> qued\u00f3 registrada en el libro de los records Guiness en el mundo como la explosi\u00f3n m\u00e1s grande que se haya ejecutado en un largometraje. En <em>Sin Tiempo para Morir<\/em> hay dos explosiones grandes. La primera sucede en el laboratorio de Valdo.<\/p>\n<p>&nbsp;<\/p>\n<p>Para lograr esta detonaci\u00f3n, el equipo de efectos especiales peg\u00f3 latas de gas butano y emple\u00f3 detonadores computarizados. \u201cCary enfatiz\u00f3 que el espacio entre las explosiones deb\u00eda ser muy corto y que era necesario seguir un m\u00e9todo para lograrlas. Por consiguiente, se dise\u00f1\u00f3 este efecto en una manera muy espec\u00edfica\u201d, se\u00f1ala Chris Corbould.<\/p>\n<p>&nbsp;<\/p>\n<p>La explosi\u00f3n m\u00e1s grande de la pel\u00edcula ocurre durante el cl\u00edmax de la cinta y fue ejecutada por el equipo de efectos especiales en la sede del Ministerio de Defensa en Salisbury Plain. \u201cTen\u00edamos que llevar a cabo tres explosiones en una sola toma\u201d, anota Corbould, \u201clo cual representaba tres cavernas subterr\u00e1neas explotando, y cada explosi\u00f3n deb\u00eda dirigirse hacia la c\u00e1mara\u201d.<\/p>\n<p>\u201cLa primera explosi\u00f3n estaba a 230 metros de la c\u00e1mara, la segunda a 130 y la \u00faltima a s\u00f3lo 30 metros de la c\u00e1mara. Cada una de ellas ten\u00eda 40 kilos de explosivos y probablemente de 30 a 40 galones de combustible. Aunque s\u00f3lo eran tres detonaciones, fueron explosiones muy grandes\u201d.<\/p>\n<p>&nbsp;<\/p>\n<p>Las explosiones se dise\u00f1aron para replicar la apariencia de una bomba para volar bunkers, disparada desde un barco de guerra de la Marina Real Brit\u00e1nica. \u201cCreo que funcion\u00f3 muy bien\u201d, relata Corbould. \u201cPas\u00f3 un segundo entre cada una de las detonaciones, conforme las bombas para destruir bunkers impactaban a cada una de las cavernas\u201d.<\/p>\n<p>&nbsp;<\/p>\n<p>Despu\u00e9s de lograr el r\u00e9cord mundial con<em> Spectre<\/em>, el equipo de Bond espera asegurar otro r\u00e9cord con <em>Sin Tiempo para Morir<\/em>. \u201cHay un r\u00e9cord para el m\u00e1s potente explosivo en una toma\u201d, concluye el supervisor de efectos especiales. \u201cNosotros pusimos 135.4 kilos de explosivos en nuestra detonaci\u00f3n, as\u00ed que espero que lo consigamos. \u00a1Ser\u00eda genial recibir un r\u00e9cord en cada pel\u00edcula de Bond!\u201d<\/p>\n<p>&nbsp;<\/p>\n","protected":false},"excerpt":{"rendered":"<p>El director Cary Joji Fukunaga tiene una perspectiva bien definida de c\u00f3mo filmar la acci\u00f3n, habiendo dirigido la segunda unidad en cintas previas, y se asegur\u00f3 de que cada secuencia en Sin Tiempo para Morir impulsara la narrativa, proveyendo a la vez golpes dram\u00e1ticos clave y emociones fuertes. &nbsp; La secuencia de Matera est\u00e1 llena [&hellip;]<\/p>\n","protected":false},"author":1,"featured_media":35570,"comment_status":"closed","ping_status":"closed","sticky":false,"template":"","format":"standard","meta":{"_acf_changed":false,"footnotes":""},"categories":[45],"tags":[],"class_list":["post-35569","post","type-post","status-publish","format-standard","has-post-thumbnail","category-cine-mundo"],"acf":{"antetitulo":""},"yoast_head":"<!-- This site is optimized with the Yoast SEO plugin v28.3 - https:\/\/yoast.com\/product\/yoast-seo-wordpress\/ -->\n<title>M\u00e1s acci\u00f3n y secuencias con dobles en \u201cSin Tiempo Para Morir\u201d - El Diario - Bolivia<\/title>\n<meta name=\"robots\" content=\"index, follow, max-snippet:-1, max-image-preview:large, max-video-preview:-1\" \/>\n<link rel=\"canonical\" href=\"https:\/\/www.eldiario.net\/portal\/2021\/10\/10\/mas-accion-y-secuencias-con-dobles-en-sin-tiempo-para-morir\/\" \/>\n<meta property=\"og:locale\" content=\"es_ES\" \/>\n<meta property=\"og:type\" content=\"article\" \/>\n<meta property=\"og:title\" content=\"M\u00e1s acci\u00f3n y secuencias con dobles en \u201cSin Tiempo Para Morir\u201d - El Diario - Bolivia\" \/>\n<meta property=\"og:description\" content=\"El director Cary Joji Fukunaga tiene una perspectiva bien definida de c\u00f3mo filmar la acci\u00f3n, habiendo dirigido la segunda unidad en cintas previas, y se asegur\u00f3 de que cada secuencia en Sin Tiempo para Morir impulsara la narrativa, proveyendo a la vez golpes dram\u00e1ticos clave y emociones fuertes. &nbsp; La secuencia de Matera est\u00e1 llena [&hellip;]\" \/>\n<meta property=\"og:url\" content=\"https:\/\/www.eldiario.net\/portal\/2021\/10\/10\/mas-accion-y-secuencias-con-dobles-en-sin-tiempo-para-morir\/\" \/>\n<meta property=\"og:site_name\" content=\"El Diario - Bolivia\" \/>\n<meta property=\"article:publisher\" content=\"https:\/\/www.facebook.com\/eldiario.bolivia\/\" \/>\n<meta property=\"article:published_time\" content=\"2021-10-10T09:06:23+00:00\" \/>\n<meta name=\"author\" content=\"Jeanette\" \/>\n<meta name=\"twitter:card\" content=\"summary_large_image\" \/>\n<meta name=\"twitter:creator\" content=\"@eldiario_net\" \/>\n<meta name=\"twitter:site\" content=\"@eldiario_net\" \/>\n<meta name=\"twitter:label1\" content=\"Escrito por\" \/>\n\t<meta name=\"twitter:data1\" content=\"Jeanette\" \/>\n\t<meta name=\"twitter:label2\" content=\"Tiempo de lectura\" \/>\n\t<meta name=\"twitter:data2\" content=\"5 minutos\" \/>\n<script type=\"application\/ld+json\" class=\"yoast-schema-graph\">{\"@context\":\"https:\\\/\\\/schema.org\",\"@graph\":[{\"@type\":\"Article\",\"@id\":\"https:\\\/\\\/www.eldiario.net\\\/portal\\\/2021\\\/10\\\/10\\\/mas-accion-y-secuencias-con-dobles-en-sin-tiempo-para-morir\\\/#article\",\"isPartOf\":{\"@id\":\"https:\\\/\\\/www.eldiario.net\\\/portal\\\/2021\\\/10\\\/10\\\/mas-accion-y-secuencias-con-dobles-en-sin-tiempo-para-morir\\\/\"},\"author\":{\"name\":\"Jeanette\",\"@id\":\"https:\\\/\\\/www.eldiario.net\\\/portal\\\/#\\\/schema\\\/person\\\/f46445640444750d7d753ccd04ae01b7\"},\"headline\":\"M\u00e1s acci\u00f3n y secuencias con dobles en \u201cSin Tiempo Para Morir\u201d\",\"datePublished\":\"2021-10-10T09:06:23+00:00\",\"mainEntityOfPage\":{\"@id\":\"https:\\\/\\\/www.eldiario.net\\\/portal\\\/2021\\\/10\\\/10\\\/mas-accion-y-secuencias-con-dobles-en-sin-tiempo-para-morir\\\/\"},\"wordCount\":1095,\"publisher\":{\"@id\":\"https:\\\/\\\/www.eldiario.net\\\/portal\\\/#organization\"},\"image\":{\"@id\":\"https:\\\/\\\/www.eldiario.net\\\/portal\\\/2021\\\/10\\\/10\\\/mas-accion-y-secuencias-con-dobles-en-sin-tiempo-para-morir\\\/#primaryimage\"},\"thumbnailUrl\":\"\",\"articleSection\":[\"Cine Mundo\"],\"inLanguage\":\"es\"},{\"@type\":\"WebPage\",\"@id\":\"https:\\\/\\\/www.eldiario.net\\\/portal\\\/2021\\\/10\\\/10\\\/mas-accion-y-secuencias-con-dobles-en-sin-tiempo-para-morir\\\/\",\"url\":\"https:\\\/\\\/www.eldiario.net\\\/portal\\\/2021\\\/10\\\/10\\\/mas-accion-y-secuencias-con-dobles-en-sin-tiempo-para-morir\\\/\",\"name\":\"M\u00e1s acci\u00f3n y secuencias con dobles en \u201cSin Tiempo Para Morir\u201d - El Diario - Bolivia\",\"isPartOf\":{\"@id\":\"https:\\\/\\\/www.eldiario.net\\\/portal\\\/#website\"},\"primaryImageOfPage\":{\"@id\":\"https:\\\/\\\/www.eldiario.net\\\/portal\\\/2021\\\/10\\\/10\\\/mas-accion-y-secuencias-con-dobles-en-sin-tiempo-para-morir\\\/#primaryimage\"},\"image\":{\"@id\":\"https:\\\/\\\/www.eldiario.net\\\/portal\\\/2021\\\/10\\\/10\\\/mas-accion-y-secuencias-con-dobles-en-sin-tiempo-para-morir\\\/#primaryimage\"},\"thumbnailUrl\":\"\",\"datePublished\":\"2021-10-10T09:06:23+00:00\",\"breadcrumb\":{\"@id\":\"https:\\\/\\\/www.eldiario.net\\\/portal\\\/2021\\\/10\\\/10\\\/mas-accion-y-secuencias-con-dobles-en-sin-tiempo-para-morir\\\/#breadcrumb\"},\"inLanguage\":\"es\",\"potentialAction\":[{\"@type\":\"ReadAction\",\"target\":[\"https:\\\/\\\/www.eldiario.net\\\/portal\\\/2021\\\/10\\\/10\\\/mas-accion-y-secuencias-con-dobles-en-sin-tiempo-para-morir\\\/\"]}]},{\"@type\":\"ImageObject\",\"inLanguage\":\"es\",\"@id\":\"https:\\\/\\\/www.eldiario.net\\\/portal\\\/2021\\\/10\\\/10\\\/mas-accion-y-secuencias-con-dobles-en-sin-tiempo-para-morir\\\/#primaryimage\",\"url\":\"\",\"contentUrl\":\"\"},{\"@type\":\"BreadcrumbList\",\"@id\":\"https:\\\/\\\/www.eldiario.net\\\/portal\\\/2021\\\/10\\\/10\\\/mas-accion-y-secuencias-con-dobles-en-sin-tiempo-para-morir\\\/#breadcrumb\",\"itemListElement\":[{\"@type\":\"ListItem\",\"position\":1,\"name\":\"Portada\",\"item\":\"https:\\\/\\\/www.eldiario.net\\\/portal\\\/\"},{\"@type\":\"ListItem\",\"position\":2,\"name\":\"M\u00e1s acci\u00f3n y secuencias con dobles en \u201cSin Tiempo Para Morir\u201d\"}]},{\"@type\":\"WebSite\",\"@id\":\"https:\\\/\\\/www.eldiario.net\\\/portal\\\/#website\",\"url\":\"https:\\\/\\\/www.eldiario.net\\\/portal\\\/\",\"name\":\"El Diario - Decano de la prensa nacional\",\"description\":\"El Diario - Decano de la prensa nacional\",\"publisher\":{\"@id\":\"https:\\\/\\\/www.eldiario.net\\\/portal\\\/#organization\"},\"potentialAction\":[{\"@type\":\"SearchAction\",\"target\":{\"@type\":\"EntryPoint\",\"urlTemplate\":\"https:\\\/\\\/www.eldiario.net\\\/portal\\\/?s={search_term_string}\"},\"query-input\":{\"@type\":\"PropertyValueSpecification\",\"valueRequired\":true,\"valueName\":\"search_term_string\"}}],\"inLanguage\":\"es\"},{\"@type\":\"Organization\",\"@id\":\"https:\\\/\\\/www.eldiario.net\\\/portal\\\/#organization\",\"name\":\"El Diario - Decano de la prensa nacional\",\"url\":\"https:\\\/\\\/www.eldiario.net\\\/portal\\\/\",\"logo\":{\"@type\":\"ImageObject\",\"inLanguage\":\"es\",\"@id\":\"https:\\\/\\\/www.eldiario.net\\\/portal\\\/#\\\/schema\\\/logo\\\/image\\\/\",\"url\":\"https:\\\/\\\/www.eldiario.net\\\/portal\\\/wp-content\\\/uploads\\\/2023\\\/07\\\/logo_ED.jpg\",\"contentUrl\":\"https:\\\/\\\/www.eldiario.net\\\/portal\\\/wp-content\\\/uploads\\\/2023\\\/07\\\/logo_ED.jpg\",\"width\":272,\"height\":52,\"caption\":\"El Diario - Decano de la prensa nacional\"},\"image\":{\"@id\":\"https:\\\/\\\/www.eldiario.net\\\/portal\\\/#\\\/schema\\\/logo\\\/image\\\/\"},\"sameAs\":[\"https:\\\/\\\/www.facebook.com\\\/eldiario.bolivia\\\/\",\"https:\\\/\\\/x.com\\\/eldiario_net\"]},{\"@type\":\"Person\",\"@id\":\"https:\\\/\\\/www.eldiario.net\\\/portal\\\/#\\\/schema\\\/person\\\/f46445640444750d7d753ccd04ae01b7\",\"name\":\"Jeanette\",\"image\":{\"@type\":\"ImageObject\",\"inLanguage\":\"es\",\"@id\":\"https:\\\/\\\/secure.gravatar.com\\\/avatar\\\/3ea2118a5f7dad2b7138b1187a6b7ee55f160b9968b66013c3a3ef39dd7e5798?s=96&d=mm&r=g\",\"url\":\"https:\\\/\\\/secure.gravatar.com\\\/avatar\\\/3ea2118a5f7dad2b7138b1187a6b7ee55f160b9968b66013c3a3ef39dd7e5798?s=96&d=mm&r=g\",\"contentUrl\":\"https:\\\/\\\/secure.gravatar.com\\\/avatar\\\/3ea2118a5f7dad2b7138b1187a6b7ee55f160b9968b66013c3a3ef39dd7e5798?s=96&d=mm&r=g\",\"caption\":\"Jeanette\"},\"sameAs\":[\"https:\\\/\\\/www.eldiario.net\\\/portal\"],\"url\":\"https:\\\/\\\/www.eldiario.net\\\/portal\\\/author\\\/jeanette\\\/\"}]}<\/script>\n<!-- \/ Yoast SEO plugin. -->","yoast_head_json":{"title":"M\u00e1s acci\u00f3n y secuencias con dobles en \u201cSin Tiempo Para Morir\u201d - El Diario - Bolivia","robots":{"index":"index","follow":"follow","max-snippet":"max-snippet:-1","max-image-preview":"max-image-preview:large","max-video-preview":"max-video-preview:-1"},"canonical":"https:\/\/www.eldiario.net\/portal\/2021\/10\/10\/mas-accion-y-secuencias-con-dobles-en-sin-tiempo-para-morir\/","og_locale":"es_ES","og_type":"article","og_title":"M\u00e1s acci\u00f3n y secuencias con dobles en \u201cSin Tiempo Para Morir\u201d - El Diario - Bolivia","og_description":"El director Cary Joji Fukunaga tiene una perspectiva bien definida de c\u00f3mo filmar la acci\u00f3n, habiendo dirigido la segunda unidad en cintas previas, y se asegur\u00f3 de que cada secuencia en Sin Tiempo para Morir impulsara la narrativa, proveyendo a la vez golpes dram\u00e1ticos clave y emociones fuertes. &nbsp; La secuencia de Matera est\u00e1 llena [&hellip;]","og_url":"https:\/\/www.eldiario.net\/portal\/2021\/10\/10\/mas-accion-y-secuencias-con-dobles-en-sin-tiempo-para-morir\/","og_site_name":"El Diario - Bolivia","article_publisher":"https:\/\/www.facebook.com\/eldiario.bolivia\/","article_published_time":"2021-10-10T09:06:23+00:00","author":"Jeanette","twitter_card":"summary_large_image","twitter_creator":"@eldiario_net","twitter_site":"@eldiario_net","twitter_misc":{"Escrito por":"Jeanette","Tiempo de lectura":"5 minutos"},"schema":{"@context":"https:\/\/schema.org","@graph":[{"@type":"Article","@id":"https:\/\/www.eldiario.net\/portal\/2021\/10\/10\/mas-accion-y-secuencias-con-dobles-en-sin-tiempo-para-morir\/#article","isPartOf":{"@id":"https:\/\/www.eldiario.net\/portal\/2021\/10\/10\/mas-accion-y-secuencias-con-dobles-en-sin-tiempo-para-morir\/"},"author":{"name":"Jeanette","@id":"https:\/\/www.eldiario.net\/portal\/#\/schema\/person\/f46445640444750d7d753ccd04ae01b7"},"headline":"M\u00e1s acci\u00f3n y secuencias con dobles en \u201cSin Tiempo Para Morir\u201d","datePublished":"2021-10-10T09:06:23+00:00","mainEntityOfPage":{"@id":"https:\/\/www.eldiario.net\/portal\/2021\/10\/10\/mas-accion-y-secuencias-con-dobles-en-sin-tiempo-para-morir\/"},"wordCount":1095,"publisher":{"@id":"https:\/\/www.eldiario.net\/portal\/#organization"},"image":{"@id":"https:\/\/www.eldiario.net\/portal\/2021\/10\/10\/mas-accion-y-secuencias-con-dobles-en-sin-tiempo-para-morir\/#primaryimage"},"thumbnailUrl":"","articleSection":["Cine Mundo"],"inLanguage":"es"},{"@type":"WebPage","@id":"https:\/\/www.eldiario.net\/portal\/2021\/10\/10\/mas-accion-y-secuencias-con-dobles-en-sin-tiempo-para-morir\/","url":"https:\/\/www.eldiario.net\/portal\/2021\/10\/10\/mas-accion-y-secuencias-con-dobles-en-sin-tiempo-para-morir\/","name":"M\u00e1s acci\u00f3n y secuencias con dobles en \u201cSin Tiempo Para Morir\u201d - El Diario - Bolivia","isPartOf":{"@id":"https:\/\/www.eldiario.net\/portal\/#website"},"primaryImageOfPage":{"@id":"https:\/\/www.eldiario.net\/portal\/2021\/10\/10\/mas-accion-y-secuencias-con-dobles-en-sin-tiempo-para-morir\/#primaryimage"},"image":{"@id":"https:\/\/www.eldiario.net\/portal\/2021\/10\/10\/mas-accion-y-secuencias-con-dobles-en-sin-tiempo-para-morir\/#primaryimage"},"thumbnailUrl":"","datePublished":"2021-10-10T09:06:23+00:00","breadcrumb":{"@id":"https:\/\/www.eldiario.net\/portal\/2021\/10\/10\/mas-accion-y-secuencias-con-dobles-en-sin-tiempo-para-morir\/#breadcrumb"},"inLanguage":"es","potentialAction":[{"@type":"ReadAction","target":["https:\/\/www.eldiario.net\/portal\/2021\/10\/10\/mas-accion-y-secuencias-con-dobles-en-sin-tiempo-para-morir\/"]}]},{"@type":"ImageObject","inLanguage":"es","@id":"https:\/\/www.eldiario.net\/portal\/2021\/10\/10\/mas-accion-y-secuencias-con-dobles-en-sin-tiempo-para-morir\/#primaryimage","url":"","contentUrl":""},{"@type":"BreadcrumbList","@id":"https:\/\/www.eldiario.net\/portal\/2021\/10\/10\/mas-accion-y-secuencias-con-dobles-en-sin-tiempo-para-morir\/#breadcrumb","itemListElement":[{"@type":"ListItem","position":1,"name":"Portada","item":"https:\/\/www.eldiario.net\/portal\/"},{"@type":"ListItem","position":2,"name":"M\u00e1s acci\u00f3n y secuencias con dobles en \u201cSin Tiempo Para Morir\u201d"}]},{"@type":"WebSite","@id":"https:\/\/www.eldiario.net\/portal\/#website","url":"https:\/\/www.eldiario.net\/portal\/","name":"El Diario - Decano de la prensa nacional","description":"El Diario - Decano de la prensa nacional","publisher":{"@id":"https:\/\/www.eldiario.net\/portal\/#organization"},"potentialAction":[{"@type":"SearchAction","target":{"@type":"EntryPoint","urlTemplate":"https:\/\/www.eldiario.net\/portal\/?s={search_term_string}"},"query-input":{"@type":"PropertyValueSpecification","valueRequired":true,"valueName":"search_term_string"}}],"inLanguage":"es"},{"@type":"Organization","@id":"https:\/\/www.eldiario.net\/portal\/#organization","name":"El Diario - Decano de la prensa nacional","url":"https:\/\/www.eldiario.net\/portal\/","logo":{"@type":"ImageObject","inLanguage":"es","@id":"https:\/\/www.eldiario.net\/portal\/#\/schema\/logo\/image\/","url":"https:\/\/www.eldiario.net\/portal\/wp-content\/uploads\/2023\/07\/logo_ED.jpg","contentUrl":"https:\/\/www.eldiario.net\/portal\/wp-content\/uploads\/2023\/07\/logo_ED.jpg","width":272,"height":52,"caption":"El Diario - Decano de la prensa nacional"},"image":{"@id":"https:\/\/www.eldiario.net\/portal\/#\/schema\/logo\/image\/"},"sameAs":["https:\/\/www.facebook.com\/eldiario.bolivia\/","https:\/\/x.com\/eldiario_net"]},{"@type":"Person","@id":"https:\/\/www.eldiario.net\/portal\/#\/schema\/person\/f46445640444750d7d753ccd04ae01b7","name":"Jeanette","image":{"@type":"ImageObject","inLanguage":"es","@id":"https:\/\/secure.gravatar.com\/avatar\/3ea2118a5f7dad2b7138b1187a6b7ee55f160b9968b66013c3a3ef39dd7e5798?s=96&d=mm&r=g","url":"https:\/\/secure.gravatar.com\/avatar\/3ea2118a5f7dad2b7138b1187a6b7ee55f160b9968b66013c3a3ef39dd7e5798?s=96&d=mm&r=g","contentUrl":"https:\/\/secure.gravatar.com\/avatar\/3ea2118a5f7dad2b7138b1187a6b7ee55f160b9968b66013c3a3ef39dd7e5798?s=96&d=mm&r=g","caption":"Jeanette"},"sameAs":["https:\/\/www.eldiario.net\/portal"],"url":"https:\/\/www.eldiario.net\/portal\/author\/jeanette\/"}]}},"_links":{"self":[{"href":"https:\/\/www.eldiario.net\/portal\/wp-json\/wp\/v2\/posts\/35569","targetHints":{"allow":["GET"]}}],"collection":[{"href":"https:\/\/www.eldiario.net\/portal\/wp-json\/wp\/v2\/posts"}],"about":[{"href":"https:\/\/www.eldiario.net\/portal\/wp-json\/wp\/v2\/types\/post"}],"author":[{"embeddable":true,"href":"https:\/\/www.eldiario.net\/portal\/wp-json\/wp\/v2\/users\/1"}],"replies":[{"embeddable":true,"href":"https:\/\/www.eldiario.net\/portal\/wp-json\/wp\/v2\/comments?post=35569"}],"version-history":[{"count":0,"href":"https:\/\/www.eldiario.net\/portal\/wp-json\/wp\/v2\/posts\/35569\/revisions"}],"wp:attachment":[{"href":"https:\/\/www.eldiario.net\/portal\/wp-json\/wp\/v2\/media?parent=35569"}],"wp:term":[{"taxonomy":"category","embeddable":true,"href":"https:\/\/www.eldiario.net\/portal\/wp-json\/wp\/v2\/categories?post=35569"},{"taxonomy":"post_tag","embeddable":true,"href":"https:\/\/www.eldiario.net\/portal\/wp-json\/wp\/v2\/tags?post=35569"}],"curies":[{"name":"wp","href":"https:\/\/api.w.org\/{rel}","templated":true}]}}