{"id":3556,"date":"2021-05-13T06:34:51","date_gmt":"2021-05-13T10:34:51","guid":{"rendered":"https:\/\/www.eldiario.net\/portal\/?p=3556"},"modified":"2021-05-13T06:34:51","modified_gmt":"2021-05-13T10:34:51","slug":"presuntos-asesinos-de-una-joven-son-parte-del-clan-hermandad","status":"publish","type":"post","link":"https:\/\/www.eldiario.net\/portal\/2021\/05\/13\/presuntos-asesinos-de-una-joven-son-parte-del-clan-hermandad\/","title":{"rendered":"Presuntos asesinos de una joven  son parte del \u201cClan Hermandad\u201d"},"content":{"rendered":"<p>Los presuntos asesinos, alias \u201cPucho\u201d y \u201cConejo\u201d, involucrados en el atraco y muerte de una joven en la zona de Villa El Carmen de la ciudad de La Paz, el pasado 5 de mayo, tienen un amplio prontuario delincuencial. Ambos son parte de un grupo criminal conocido como \u2018Clan Hermandad\u2019 que es responsable de varios delitos en La Paz, inform\u00f3 este mi\u00e9rcoles el coronel Roberto Almonte de la Divisi\u00f3n de Propiedades de la Polic\u00eda.<\/p>\n<p>&nbsp;<\/p>\n<p>PERFIL DE LOS DOS SUJETOS:<\/p>\n<p>Daniel Atahuichi, alias \u2018Pucho\u2019 de 40 a\u00f1os de edad, ya estuvo en la c\u00e1rcel de San Pedro acusado de robo agravado, amenazas y atraco. Es acusado de ser cogotero. Operaba en centros comerciales de La Paz y El Alto. Fue el primero en ser encontrado por la Polic\u00eda.<\/p>\n<p>\u201cHa participado en robos agravados, hurtos e incluso amenazas con armas blancas. La informaci\u00f3n que hemos podido recabar es que el \u2018Pucho\u2019 y el \u2018Conejo\u2019 pertenecen a la pandilla La Hermandad\u201d, se\u00f1al\u00f3 el coronel Roberto Almonte que trabaja en la Divisi\u00f3n de Propiedades de la Polic\u00eda.<\/p>\n<p>Fernando Gonsalves, de 30 a\u00f1os de edad, es \u201ccarterista\u201d y \u201cdescuidista\u201d, seg\u00fan se\u00f1ala su ficha policial. Tiene antecedentes de robo, atraco, est\u00e1 vinculado a ocho casos de robo que son investigados por la Polic\u00eda.<\/p>\n<p>Los dos sujetos son los sospechosos de haber cometido el robo armado a bordo de una motocicleta. Se llevaron Bs 19.500 y asesinaron a la joven debido a que se neg\u00f3 a entregar el dinero.<\/p>\n<p>El coronel Roberto Almonte, que trabaja en la Divisi\u00f3n de Propiedades de la Polic\u00eda, afirm\u00f3 que se hizo un seguimiento a la v\u00edctima antes de ejecutar el crimen.<\/p>\n<p>La Polic\u00eda sospecha que fue el \u2018Pucho\u2019 quien dispar\u00f3 a Gabriela Jim\u00e9nez y su c\u00f3mplice era el que conduc\u00eda la moto con la que se cometi\u00f3 el robo.<\/p>\n<p>&nbsp;<\/p>\n<p>&nbsp;<\/p>\n","protected":false},"excerpt":{"rendered":"<p>Los presuntos asesinos, alias \u201cPucho\u201d y \u201cConejo\u201d, involucrados en el atraco y muerte de una joven en la zona de Villa El Carmen de la ciudad de La Paz, el pasado 5 de mayo, tienen un amplio prontuario delincuencial. Ambos son parte de un grupo criminal conocido como \u2018Clan Hermandad\u2019 que es responsable de varios [&hellip;]<\/p>\n","protected":false},"author":1,"featured_media":3557,"comment_status":"closed","ping_status":"closed","sticky":false,"template":"","format":"standard","meta":{"_acf_changed":false,"footnotes":""},"categories":[39],"tags":[],"class_list":["post-3556","post","type-post","status-publish","format-standard","has-post-thumbnail","category-sociedad"],"acf":{"antetitulo":""},"yoast_head":"<!-- This site is optimized with the Yoast SEO plugin v28.3 - https:\/\/yoast.com\/product\/yoast-seo-wordpress\/ -->\n<title>Presuntos asesinos de una joven son parte del \u201cClan Hermandad\u201d - El Diario - Bolivia<\/title>\n<meta name=\"robots\" content=\"index, follow, max-snippet:-1, max-image-preview:large, max-video-preview:-1\" \/>\n<link rel=\"canonical\" href=\"https:\/\/www.eldiario.net\/portal\/2021\/05\/13\/presuntos-asesinos-de-una-joven-son-parte-del-clan-hermandad\/\" \/>\n<meta property=\"og:locale\" content=\"es_ES\" \/>\n<meta property=\"og:type\" content=\"article\" \/>\n<meta property=\"og:title\" content=\"Presuntos asesinos de una joven son parte del \u201cClan Hermandad\u201d - El Diario - Bolivia\" \/>\n<meta property=\"og:description\" content=\"Los presuntos asesinos, alias \u201cPucho\u201d y \u201cConejo\u201d, involucrados en el atraco y muerte de una joven en la zona de Villa El Carmen de la ciudad de La Paz, el pasado 5 de mayo, tienen un amplio prontuario delincuencial. Ambos son parte de un grupo criminal conocido como \u2018Clan Hermandad\u2019 que es responsable de varios [&hellip;]\" \/>\n<meta property=\"og:url\" content=\"https:\/\/www.eldiario.net\/portal\/2021\/05\/13\/presuntos-asesinos-de-una-joven-son-parte-del-clan-hermandad\/\" \/>\n<meta property=\"og:site_name\" content=\"El Diario - Bolivia\" \/>\n<meta property=\"article:publisher\" content=\"https:\/\/www.facebook.com\/eldiario.bolivia\/\" \/>\n<meta property=\"article:published_time\" content=\"2021-05-13T10:34:51+00:00\" \/>\n<meta property=\"og:image\" content=\"https:\/\/www.eldiario.net\/portal\/wp-content\/uploads\/2021\/05\/SEGU-Presuntos-asesinos-de-una-joven.jpg\" \/>\n\t<meta property=\"og:image:width\" content=\"1280\" \/>\n\t<meta property=\"og:image:height\" content=\"956\" \/>\n\t<meta property=\"og:image:type\" content=\"image\/jpeg\" \/>\n<meta name=\"author\" content=\"Jeanette\" \/>\n<meta name=\"twitter:card\" content=\"summary_large_image\" \/>\n<meta name=\"twitter:creator\" content=\"@eldiario_net\" \/>\n<meta name=\"twitter:site\" content=\"@eldiario_net\" \/>\n<meta name=\"twitter:label1\" content=\"Escrito por\" \/>\n\t<meta name=\"twitter:data1\" content=\"Jeanette\" \/>\n\t<meta name=\"twitter:label2\" content=\"Tiempo de lectura\" \/>\n\t<meta name=\"twitter:data2\" content=\"2 minutos\" \/>\n<script type=\"application\/ld+json\" class=\"yoast-schema-graph\">{\"@context\":\"https:\\\/\\\/schema.org\",\"@graph\":[{\"@type\":\"Article\",\"@id\":\"https:\\\/\\\/www.eldiario.net\\\/portal\\\/2021\\\/05\\\/13\\\/presuntos-asesinos-de-una-joven-son-parte-del-clan-hermandad\\\/#article\",\"isPartOf\":{\"@id\":\"https:\\\/\\\/www.eldiario.net\\\/portal\\\/2021\\\/05\\\/13\\\/presuntos-asesinos-de-una-joven-son-parte-del-clan-hermandad\\\/\"},\"author\":{\"name\":\"Jeanette\",\"@id\":\"https:\\\/\\\/www.eldiario.net\\\/portal\\\/#\\\/schema\\\/person\\\/f46445640444750d7d753ccd04ae01b7\"},\"headline\":\"Presuntos asesinos de una joven son parte del \u201cClan Hermandad\u201d\",\"datePublished\":\"2021-05-13T10:34:51+00:00\",\"mainEntityOfPage\":{\"@id\":\"https:\\\/\\\/www.eldiario.net\\\/portal\\\/2021\\\/05\\\/13\\\/presuntos-asesinos-de-una-joven-son-parte-del-clan-hermandad\\\/\"},\"wordCount\":328,\"publisher\":{\"@id\":\"https:\\\/\\\/www.eldiario.net\\\/portal\\\/#organization\"},\"image\":{\"@id\":\"https:\\\/\\\/www.eldiario.net\\\/portal\\\/2021\\\/05\\\/13\\\/presuntos-asesinos-de-una-joven-son-parte-del-clan-hermandad\\\/#primaryimage\"},\"thumbnailUrl\":\"https:\\\/\\\/www.eldiario.net\\\/portal\\\/wp-content\\\/uploads\\\/2021\\\/05\\\/SEGU-Presuntos-asesinos-de-una-joven.jpg\",\"articleSection\":[\"Sociedad - Seguridad\"],\"inLanguage\":\"es\"},{\"@type\":\"WebPage\",\"@id\":\"https:\\\/\\\/www.eldiario.net\\\/portal\\\/2021\\\/05\\\/13\\\/presuntos-asesinos-de-una-joven-son-parte-del-clan-hermandad\\\/\",\"url\":\"https:\\\/\\\/www.eldiario.net\\\/portal\\\/2021\\\/05\\\/13\\\/presuntos-asesinos-de-una-joven-son-parte-del-clan-hermandad\\\/\",\"name\":\"Presuntos asesinos de una joven son parte del \u201cClan Hermandad\u201d - El Diario - Bolivia\",\"isPartOf\":{\"@id\":\"https:\\\/\\\/www.eldiario.net\\\/portal\\\/#website\"},\"primaryImageOfPage\":{\"@id\":\"https:\\\/\\\/www.eldiario.net\\\/portal\\\/2021\\\/05\\\/13\\\/presuntos-asesinos-de-una-joven-son-parte-del-clan-hermandad\\\/#primaryimage\"},\"image\":{\"@id\":\"https:\\\/\\\/www.eldiario.net\\\/portal\\\/2021\\\/05\\\/13\\\/presuntos-asesinos-de-una-joven-son-parte-del-clan-hermandad\\\/#primaryimage\"},\"thumbnailUrl\":\"https:\\\/\\\/www.eldiario.net\\\/portal\\\/wp-content\\\/uploads\\\/2021\\\/05\\\/SEGU-Presuntos-asesinos-de-una-joven.jpg\",\"datePublished\":\"2021-05-13T10:34:51+00:00\",\"breadcrumb\":{\"@id\":\"https:\\\/\\\/www.eldiario.net\\\/portal\\\/2021\\\/05\\\/13\\\/presuntos-asesinos-de-una-joven-son-parte-del-clan-hermandad\\\/#breadcrumb\"},\"inLanguage\":\"es\",\"potentialAction\":[{\"@type\":\"ReadAction\",\"target\":[\"https:\\\/\\\/www.eldiario.net\\\/portal\\\/2021\\\/05\\\/13\\\/presuntos-asesinos-de-una-joven-son-parte-del-clan-hermandad\\\/\"]}]},{\"@type\":\"ImageObject\",\"inLanguage\":\"es\",\"@id\":\"https:\\\/\\\/www.eldiario.net\\\/portal\\\/2021\\\/05\\\/13\\\/presuntos-asesinos-de-una-joven-son-parte-del-clan-hermandad\\\/#primaryimage\",\"url\":\"https:\\\/\\\/www.eldiario.net\\\/portal\\\/wp-content\\\/uploads\\\/2021\\\/05\\\/SEGU-Presuntos-asesinos-de-una-joven.jpg\",\"contentUrl\":\"https:\\\/\\\/www.eldiario.net\\\/portal\\\/wp-content\\\/uploads\\\/2021\\\/05\\\/SEGU-Presuntos-asesinos-de-una-joven.jpg\",\"width\":1280,\"height\":956},{\"@type\":\"BreadcrumbList\",\"@id\":\"https:\\\/\\\/www.eldiario.net\\\/portal\\\/2021\\\/05\\\/13\\\/presuntos-asesinos-de-una-joven-son-parte-del-clan-hermandad\\\/#breadcrumb\",\"itemListElement\":[{\"@type\":\"ListItem\",\"position\":1,\"name\":\"Portada\",\"item\":\"https:\\\/\\\/www.eldiario.net\\\/portal\\\/\"},{\"@type\":\"ListItem\",\"position\":2,\"name\":\"Presuntos asesinos de una joven son parte del \u201cClan Hermandad\u201d\"}]},{\"@type\":\"WebSite\",\"@id\":\"https:\\\/\\\/www.eldiario.net\\\/portal\\\/#website\",\"url\":\"https:\\\/\\\/www.eldiario.net\\\/portal\\\/\",\"name\":\"El Diario - Decano de la prensa nacional\",\"description\":\"El Diario - Decano de la prensa nacional\",\"publisher\":{\"@id\":\"https:\\\/\\\/www.eldiario.net\\\/portal\\\/#organization\"},\"potentialAction\":[{\"@type\":\"SearchAction\",\"target\":{\"@type\":\"EntryPoint\",\"urlTemplate\":\"https:\\\/\\\/www.eldiario.net\\\/portal\\\/?s={search_term_string}\"},\"query-input\":{\"@type\":\"PropertyValueSpecification\",\"valueRequired\":true,\"valueName\":\"search_term_string\"}}],\"inLanguage\":\"es\"},{\"@type\":\"Organization\",\"@id\":\"https:\\\/\\\/www.eldiario.net\\\/portal\\\/#organization\",\"name\":\"El Diario - Decano de la prensa nacional\",\"url\":\"https:\\\/\\\/www.eldiario.net\\\/portal\\\/\",\"logo\":{\"@type\":\"ImageObject\",\"inLanguage\":\"es\",\"@id\":\"https:\\\/\\\/www.eldiario.net\\\/portal\\\/#\\\/schema\\\/logo\\\/image\\\/\",\"url\":\"https:\\\/\\\/www.eldiario.net\\\/portal\\\/wp-content\\\/uploads\\\/2023\\\/07\\\/logo_ED.jpg\",\"contentUrl\":\"https:\\\/\\\/www.eldiario.net\\\/portal\\\/wp-content\\\/uploads\\\/2023\\\/07\\\/logo_ED.jpg\",\"width\":272,\"height\":52,\"caption\":\"El Diario - Decano de la prensa nacional\"},\"image\":{\"@id\":\"https:\\\/\\\/www.eldiario.net\\\/portal\\\/#\\\/schema\\\/logo\\\/image\\\/\"},\"sameAs\":[\"https:\\\/\\\/www.facebook.com\\\/eldiario.bolivia\\\/\",\"https:\\\/\\\/x.com\\\/eldiario_net\"]},{\"@type\":\"Person\",\"@id\":\"https:\\\/\\\/www.eldiario.net\\\/portal\\\/#\\\/schema\\\/person\\\/f46445640444750d7d753ccd04ae01b7\",\"name\":\"Jeanette\",\"image\":{\"@type\":\"ImageObject\",\"inLanguage\":\"es\",\"@id\":\"https:\\\/\\\/secure.gravatar.com\\\/avatar\\\/3ea2118a5f7dad2b7138b1187a6b7ee55f160b9968b66013c3a3ef39dd7e5798?s=96&d=mm&r=g\",\"url\":\"https:\\\/\\\/secure.gravatar.com\\\/avatar\\\/3ea2118a5f7dad2b7138b1187a6b7ee55f160b9968b66013c3a3ef39dd7e5798?s=96&d=mm&r=g\",\"contentUrl\":\"https:\\\/\\\/secure.gravatar.com\\\/avatar\\\/3ea2118a5f7dad2b7138b1187a6b7ee55f160b9968b66013c3a3ef39dd7e5798?s=96&d=mm&r=g\",\"caption\":\"Jeanette\"},\"sameAs\":[\"https:\\\/\\\/www.eldiario.net\\\/portal\"],\"url\":\"https:\\\/\\\/www.eldiario.net\\\/portal\\\/author\\\/jeanette\\\/\"}]}<\/script>\n<!-- \/ Yoast SEO plugin. -->","yoast_head_json":{"title":"Presuntos asesinos de una joven son parte del \u201cClan Hermandad\u201d - El Diario - Bolivia","robots":{"index":"index","follow":"follow","max-snippet":"max-snippet:-1","max-image-preview":"max-image-preview:large","max-video-preview":"max-video-preview:-1"},"canonical":"https:\/\/www.eldiario.net\/portal\/2021\/05\/13\/presuntos-asesinos-de-una-joven-son-parte-del-clan-hermandad\/","og_locale":"es_ES","og_type":"article","og_title":"Presuntos asesinos de una joven son parte del \u201cClan Hermandad\u201d - El Diario - Bolivia","og_description":"Los presuntos asesinos, alias \u201cPucho\u201d y \u201cConejo\u201d, involucrados en el atraco y muerte de una joven en la zona de Villa El Carmen de la ciudad de La Paz, el pasado 5 de mayo, tienen un amplio prontuario delincuencial. Ambos son parte de un grupo criminal conocido como \u2018Clan Hermandad\u2019 que es responsable de varios [&hellip;]","og_url":"https:\/\/www.eldiario.net\/portal\/2021\/05\/13\/presuntos-asesinos-de-una-joven-son-parte-del-clan-hermandad\/","og_site_name":"El Diario - Bolivia","article_publisher":"https:\/\/www.facebook.com\/eldiario.bolivia\/","article_published_time":"2021-05-13T10:34:51+00:00","og_image":[{"width":1280,"height":956,"url":"https:\/\/www.eldiario.net\/portal\/wp-content\/uploads\/2021\/05\/SEGU-Presuntos-asesinos-de-una-joven.jpg","type":"image\/jpeg"}],"author":"Jeanette","twitter_card":"summary_large_image","twitter_creator":"@eldiario_net","twitter_site":"@eldiario_net","twitter_misc":{"Escrito por":"Jeanette","Tiempo de lectura":"2 minutos"},"schema":{"@context":"https:\/\/schema.org","@graph":[{"@type":"Article","@id":"https:\/\/www.eldiario.net\/portal\/2021\/05\/13\/presuntos-asesinos-de-una-joven-son-parte-del-clan-hermandad\/#article","isPartOf":{"@id":"https:\/\/www.eldiario.net\/portal\/2021\/05\/13\/presuntos-asesinos-de-una-joven-son-parte-del-clan-hermandad\/"},"author":{"name":"Jeanette","@id":"https:\/\/www.eldiario.net\/portal\/#\/schema\/person\/f46445640444750d7d753ccd04ae01b7"},"headline":"Presuntos asesinos de una joven son parte del \u201cClan Hermandad\u201d","datePublished":"2021-05-13T10:34:51+00:00","mainEntityOfPage":{"@id":"https:\/\/www.eldiario.net\/portal\/2021\/05\/13\/presuntos-asesinos-de-una-joven-son-parte-del-clan-hermandad\/"},"wordCount":328,"publisher":{"@id":"https:\/\/www.eldiario.net\/portal\/#organization"},"image":{"@id":"https:\/\/www.eldiario.net\/portal\/2021\/05\/13\/presuntos-asesinos-de-una-joven-son-parte-del-clan-hermandad\/#primaryimage"},"thumbnailUrl":"https:\/\/www.eldiario.net\/portal\/wp-content\/uploads\/2021\/05\/SEGU-Presuntos-asesinos-de-una-joven.jpg","articleSection":["Sociedad - Seguridad"],"inLanguage":"es"},{"@type":"WebPage","@id":"https:\/\/www.eldiario.net\/portal\/2021\/05\/13\/presuntos-asesinos-de-una-joven-son-parte-del-clan-hermandad\/","url":"https:\/\/www.eldiario.net\/portal\/2021\/05\/13\/presuntos-asesinos-de-una-joven-son-parte-del-clan-hermandad\/","name":"Presuntos asesinos de una joven son parte del \u201cClan Hermandad\u201d - El Diario - Bolivia","isPartOf":{"@id":"https:\/\/www.eldiario.net\/portal\/#website"},"primaryImageOfPage":{"@id":"https:\/\/www.eldiario.net\/portal\/2021\/05\/13\/presuntos-asesinos-de-una-joven-son-parte-del-clan-hermandad\/#primaryimage"},"image":{"@id":"https:\/\/www.eldiario.net\/portal\/2021\/05\/13\/presuntos-asesinos-de-una-joven-son-parte-del-clan-hermandad\/#primaryimage"},"thumbnailUrl":"https:\/\/www.eldiario.net\/portal\/wp-content\/uploads\/2021\/05\/SEGU-Presuntos-asesinos-de-una-joven.jpg","datePublished":"2021-05-13T10:34:51+00:00","breadcrumb":{"@id":"https:\/\/www.eldiario.net\/portal\/2021\/05\/13\/presuntos-asesinos-de-una-joven-son-parte-del-clan-hermandad\/#breadcrumb"},"inLanguage":"es","potentialAction":[{"@type":"ReadAction","target":["https:\/\/www.eldiario.net\/portal\/2021\/05\/13\/presuntos-asesinos-de-una-joven-son-parte-del-clan-hermandad\/"]}]},{"@type":"ImageObject","inLanguage":"es","@id":"https:\/\/www.eldiario.net\/portal\/2021\/05\/13\/presuntos-asesinos-de-una-joven-son-parte-del-clan-hermandad\/#primaryimage","url":"https:\/\/www.eldiario.net\/portal\/wp-content\/uploads\/2021\/05\/SEGU-Presuntos-asesinos-de-una-joven.jpg","contentUrl":"https:\/\/www.eldiario.net\/portal\/wp-content\/uploads\/2021\/05\/SEGU-Presuntos-asesinos-de-una-joven.jpg","width":1280,"height":956},{"@type":"BreadcrumbList","@id":"https:\/\/www.eldiario.net\/portal\/2021\/05\/13\/presuntos-asesinos-de-una-joven-son-parte-del-clan-hermandad\/#breadcrumb","itemListElement":[{"@type":"ListItem","position":1,"name":"Portada","item":"https:\/\/www.eldiario.net\/portal\/"},{"@type":"ListItem","position":2,"name":"Presuntos asesinos de una joven son parte del \u201cClan Hermandad\u201d"}]},{"@type":"WebSite","@id":"https:\/\/www.eldiario.net\/portal\/#website","url":"https:\/\/www.eldiario.net\/portal\/","name":"El Diario - Decano de la prensa nacional","description":"El Diario - Decano de la prensa nacional","publisher":{"@id":"https:\/\/www.eldiario.net\/portal\/#organization"},"potentialAction":[{"@type":"SearchAction","target":{"@type":"EntryPoint","urlTemplate":"https:\/\/www.eldiario.net\/portal\/?s={search_term_string}"},"query-input":{"@type":"PropertyValueSpecification","valueRequired":true,"valueName":"search_term_string"}}],"inLanguage":"es"},{"@type":"Organization","@id":"https:\/\/www.eldiario.net\/portal\/#organization","name":"El Diario - Decano de la prensa nacional","url":"https:\/\/www.eldiario.net\/portal\/","logo":{"@type":"ImageObject","inLanguage":"es","@id":"https:\/\/www.eldiario.net\/portal\/#\/schema\/logo\/image\/","url":"https:\/\/www.eldiario.net\/portal\/wp-content\/uploads\/2023\/07\/logo_ED.jpg","contentUrl":"https:\/\/www.eldiario.net\/portal\/wp-content\/uploads\/2023\/07\/logo_ED.jpg","width":272,"height":52,"caption":"El Diario - Decano de la prensa nacional"},"image":{"@id":"https:\/\/www.eldiario.net\/portal\/#\/schema\/logo\/image\/"},"sameAs":["https:\/\/www.facebook.com\/eldiario.bolivia\/","https:\/\/x.com\/eldiario_net"]},{"@type":"Person","@id":"https:\/\/www.eldiario.net\/portal\/#\/schema\/person\/f46445640444750d7d753ccd04ae01b7","name":"Jeanette","image":{"@type":"ImageObject","inLanguage":"es","@id":"https:\/\/secure.gravatar.com\/avatar\/3ea2118a5f7dad2b7138b1187a6b7ee55f160b9968b66013c3a3ef39dd7e5798?s=96&d=mm&r=g","url":"https:\/\/secure.gravatar.com\/avatar\/3ea2118a5f7dad2b7138b1187a6b7ee55f160b9968b66013c3a3ef39dd7e5798?s=96&d=mm&r=g","contentUrl":"https:\/\/secure.gravatar.com\/avatar\/3ea2118a5f7dad2b7138b1187a6b7ee55f160b9968b66013c3a3ef39dd7e5798?s=96&d=mm&r=g","caption":"Jeanette"},"sameAs":["https:\/\/www.eldiario.net\/portal"],"url":"https:\/\/www.eldiario.net\/portal\/author\/jeanette\/"}]}},"_links":{"self":[{"href":"https:\/\/www.eldiario.net\/portal\/wp-json\/wp\/v2\/posts\/3556","targetHints":{"allow":["GET"]}}],"collection":[{"href":"https:\/\/www.eldiario.net\/portal\/wp-json\/wp\/v2\/posts"}],"about":[{"href":"https:\/\/www.eldiario.net\/portal\/wp-json\/wp\/v2\/types\/post"}],"author":[{"embeddable":true,"href":"https:\/\/www.eldiario.net\/portal\/wp-json\/wp\/v2\/users\/1"}],"replies":[{"embeddable":true,"href":"https:\/\/www.eldiario.net\/portal\/wp-json\/wp\/v2\/comments?post=3556"}],"version-history":[{"count":0,"href":"https:\/\/www.eldiario.net\/portal\/wp-json\/wp\/v2\/posts\/3556\/revisions"}],"wp:featuredmedia":[{"embeddable":true,"href":"https:\/\/www.eldiario.net\/portal\/wp-json\/wp\/v2\/media\/3557"}],"wp:attachment":[{"href":"https:\/\/www.eldiario.net\/portal\/wp-json\/wp\/v2\/media?parent=3556"}],"wp:term":[{"taxonomy":"category","embeddable":true,"href":"https:\/\/www.eldiario.net\/portal\/wp-json\/wp\/v2\/categories?post=3556"},{"taxonomy":"post_tag","embeddable":true,"href":"https:\/\/www.eldiario.net\/portal\/wp-json\/wp\/v2\/tags?post=3556"}],"curies":[{"name":"wp","href":"https:\/\/api.w.org\/{rel}","templated":true}]}}