{"id":35527,"date":"2021-10-10T08:38:06","date_gmt":"2021-10-10T12:38:06","guid":{"rendered":"https:\/\/www.eldiario.net\/portal\/?p=35527"},"modified":"2021-10-10T08:38:06","modified_gmt":"2021-10-10T12:38:06","slug":"el-feminicidio-tiene-factores-multicausales","status":"publish","type":"post","link":"https:\/\/www.eldiario.net\/portal\/2021\/10\/10\/el-feminicidio-tiene-factores-multicausales\/","title":{"rendered":"El feminicidio tiene  factores multicausales"},"content":{"rendered":"<p>El femicidio es considerado actualmente como una de las problem\u00e1ticas m\u00e1s relevantes que enfrenta la sociedad, en tanto m\u00e1xima expresi\u00f3n de la violencia contra las mujeres, ello se debe a varios factores que van desde la pobreza, depresi\u00f3n y abuso de sustancias, trastornos de personalidad y otros, manifest\u00f3 a EL DIARIO la psic\u00f3loga cl\u00ednica Mariela Baldivieso Lema.<br \/>\nBaldivieso apunt\u00f3 que los feminicidios existieron siempre, solo que ahora son m\u00e1s visibilizados porque los medios de comunicaci\u00f3n persiguen este tipo de noticias que antes eran difundidos por uno o dos programas espec\u00edficos.<br \/>\n\u201cAhora todos los medios est\u00e1n con eso, es un fen\u00f3meno social que se viene dando hace muchos a\u00f1os y ahora con mayor raz\u00f3n por la incidencia de la pandemia, la pobreza, el consumo excesivo de f\u00e1rmacos y de alcohol que se da producto de la depresi\u00f3n porque al haber esta ca\u00edda en la econom\u00eda, muchas familias se han visto enfrascadas en una realidad que no quer\u00edan ver\u201d, explic\u00f3.<br \/>\nManifest\u00f3 que hay agresores que tienen trastornos de personalidad pero que nunca lo manifestaron porque ten\u00edan trabajo y la mujer no se daba cuenta de estas patolog\u00edas, empero a medida que se ingres\u00f3 a la cuarentena r\u00edgida en el pa\u00eds debido al covid, tuvieron que pasar m\u00e1s tiempo juntos y se develaron esos trastornos cuya consecuencia fue el incremento de feminicidios, violaciones, infanticidios y otros il\u00edcitos.<br \/>\n\u201cLos feminicidios no pueden responder a una sola variable, es multicausal, es una relaci\u00f3n entre pobreza, depresi\u00f3n y abuso de sustancias y trastornos de personalidad. Algunos empiezan con trastornos de personalidad y eso es m\u00e1s severo porque se mantienen a lo largo del tiempo y no son tratables a nivel terap\u00e9utico, no tienen eficacia en el tratamiento\u201d, apunt\u00f3.<\/p>\n<p>TRASTORNO DE<br \/>\nPERSONALIDAD<br \/>\nAclar\u00f3 que el sujeto que tiene trastorno de personalidad no toma en cuenta que est\u00e1 enfermo, por ello lleva una vida relativamente normal. El maltratador no se da cuenta porque son personas totalmente normales. \u201cSon muy pocos los casos que pueden encontrar que tienen enfermedad mental, el porcentaje m\u00e1s o menos es el 10 %\u201d.<br \/>\n\u201cLos violentos tienen un comportamiento antisocial, muchos de los que han violentado de alguna manera a una mujer tienen antecedentes antisociales, son gente delincuencial y que no siente culpa por quitar la vida a otro ser humano\u201d, dijo.<br \/>\nAsimismo, manifest\u00f3 que un maltratador empieza en la infancia, cuando la mam\u00e1 no da esa mirada apreciativa de afecto en los primeros meses de vida del beb\u00e9.<br \/>\n\u201cEl beb\u00e9 forja sus v\u00ednculos de apego con la madre y es muy importante el amor porque eso nos va a dar estabilidad a lo largo de nuestra vida, cuando hay ausencia de apego, la madre rechaza al ni\u00f1o o simplemente trabaja y lo deja al cuidado de otra persona pero no le da el afecto necesario, eso va a incidir en su vida adulta, la falta de empat\u00eda ante el otro y la vinculaci\u00f3n con la mujer porque es un reflejo de la madre\u201d, apunt\u00f3.<br \/>\nManifest\u00f3 que cuando se establece una relaci\u00f3n de pareja, las mujeres se pueden dar cuenta si el hombre es violento en ciertos signos de comportamiento como los celos, que muchas veces se vuelven patol\u00f3gicos y ello sumado al consumo de alcohol es como un detonante ante la violencia.<br \/>\n\u201cEste tipo de personas por lo general son narcisistas (egoc\u00e9ntricos), intentan satisfacer sus necesidades propias, no tienen empat\u00eda ante el dolor del otro ni empat\u00eda social, solamente piensan en su bienestar. La mujer que sienta que no es amada en su real dimensi\u00f3n y simplemente es usada como un objeto debe dar un paso al costado porque es cuando se empiezan a ejercer la violencia, porque quiere controlar y no solo hablo de la violencia f\u00edsica que es lo \u00faltimo, sino a la psicol\u00f3gica porque un maltratador empieza con la violencia psicol\u00f3gica que es sutil y que muchas veces las mujeres dejan pasar por alto\u201d, explic\u00f3.<br \/>\nManifest\u00f3 que la indiferencia, el no tomar en cuenta sus opiniones son solo algunos indicios de desvalorizaci\u00f3n, coadyuvando a la baja autoestima que producen en las v\u00edctimas o en las compa\u00f1eras.<br \/>\n\u201cNo todo violento es psic\u00f3pata, estos pueden ejercer solamente violencia psicol\u00f3gica y no f\u00edsica, empero hay otros que s\u00ed tienen esa patolog\u00eda, odian al g\u00e9nero femenino y concretan la violencia descuartizando, mutilando, la mayor parte las mutilan en sus partes genitales. Algunos les echan \u00e1cido en sus rostros, por eso vemos esta violencia brutal\u201d, dijo.<\/p>\n<p>FEMINICIDIO<br \/>\nLa profesional dijo que el feminicidio es la culminaci\u00f3n de un proceso de violencia. Asever\u00f3 que es fundamental que la mujer tome en cuenta que la violencia empieza con la psicolg\u00eda sutil que supone la desvalorizaci\u00f3n.<br \/>\n\u201cCuando te grita y despu\u00e9s te pide perd\u00f3n y vuelve a repetir el mismo ciclo de violencia, ese maltrato es sistem\u00e1tico y va minando tu capacidad ps\u00edquica, la persona empieza a sentirse menos, poca cosa y se va dejando envolver en la manipulaci\u00f3n\u201d, acot\u00f3.<br \/>\nExplic\u00f3 que las mujeres en su mayor\u00eda son dependientes emocionales y no han aprendido lo que es la autonom\u00eda emocional y no pueden valerse por s\u00ed mismas porque se han vuelto dependientes del var\u00f3n, fruto de la carencia afectiva en la infancia. \u201cEl apego es como una adicci\u00f3n\u201d.<br \/>\nManifest\u00f3 que debido a ese apego que algunas mujeres tienen hacia su pareja hace que permitan violaciones contra sus propias hijas, responsabiliz\u00e1ndolas del comportamiento agresivo del var\u00f3n.<br \/>\n\u201cMuchas veces he visto en mis consultas a mujeres que les han dicho t\u00fa le has provocado, t\u00fa te has ofrecido a mi esposo, con celos y no ven m\u00e1s all\u00e1 del abuso sexual, del maltrato a los menores, porque el maltratador lo va a hacer contra las mujeres y ni\u00f1os porque son fr\u00e1giles y eso necesitan ellos para engrandecerse\u201d, advirti\u00f3.<br \/>\nEn criterio de la profesional, la soluci\u00f3n a esta problem\u00e1tica social pasa por el Estado, los gobiernos departamentales y municipales.<br \/>\nManifest\u00f3 que se deber\u00eda implementar en la curr\u00edcula escolar una materia para revalorizar a la mujer y cambiar el chip mental de las mismas porque muchas de ellas lo que hacen es perpetuar el machismo a trav\u00e9s de los hijos. \u201cSalir del molde es dif\u00edcil pero no es imposible, deber\u00edamos poner los esfuerzos para ello\u201d, dijo.<br \/>\n\u201cNosotras somos propiciadoras de la violencia y eso debemos cambiar y no seguir los patrones de nuestros antepasados. El mayor regalo que nos puede dar un hombre es el respeto\u201d, apunt\u00f3.<\/p>\n","protected":false},"excerpt":{"rendered":"<p>El femicidio es considerado actualmente como una de las problem\u00e1ticas m\u00e1s relevantes que enfrenta la sociedad, en tanto m\u00e1xima expresi\u00f3n de la violencia contra las mujeres, ello se debe a varios factores que van desde la pobreza, depresi\u00f3n y abuso de sustancias, trastornos de personalidad y otros, manifest\u00f3 a EL DIARIO la psic\u00f3loga cl\u00ednica Mariela [&hellip;]<\/p>\n","protected":false},"author":1,"featured_media":35528,"comment_status":"closed","ping_status":"closed","sticky":false,"template":"","format":"standard","meta":{"_acf_changed":false,"footnotes":""},"categories":[39],"tags":[],"class_list":["post-35527","post","type-post","status-publish","format-standard","has-post-thumbnail","category-sociedad"],"acf":{"antetitulo":""},"yoast_head":"<!-- This site is optimized with the Yoast SEO plugin v28.4 - https:\/\/yoast.com\/product\/yoast-seo-wordpress\/ -->\n<title>El feminicidio tiene factores multicausales - El Diario - Bolivia<\/title>\n<meta name=\"robots\" content=\"index, follow, max-snippet:-1, max-image-preview:large, max-video-preview:-1\" \/>\n<link rel=\"canonical\" href=\"https:\/\/www.eldiario.net\/portal\/2021\/10\/10\/el-feminicidio-tiene-factores-multicausales\/\" \/>\n<meta property=\"og:locale\" content=\"es_ES\" \/>\n<meta property=\"og:type\" content=\"article\" \/>\n<meta property=\"og:title\" content=\"El feminicidio tiene factores multicausales - El Diario - Bolivia\" \/>\n<meta property=\"og:description\" content=\"El femicidio es considerado actualmente como una de las problem\u00e1ticas m\u00e1s relevantes que enfrenta la sociedad, en tanto m\u00e1xima expresi\u00f3n de la violencia contra las mujeres, ello se debe a varios factores que van desde la pobreza, depresi\u00f3n y abuso de sustancias, trastornos de personalidad y otros, manifest\u00f3 a EL DIARIO la psic\u00f3loga cl\u00ednica Mariela [&hellip;]\" \/>\n<meta property=\"og:url\" content=\"https:\/\/www.eldiario.net\/portal\/2021\/10\/10\/el-feminicidio-tiene-factores-multicausales\/\" \/>\n<meta property=\"og:site_name\" content=\"El Diario - Bolivia\" \/>\n<meta property=\"article:publisher\" content=\"https:\/\/www.facebook.com\/eldiario.bolivia\/\" \/>\n<meta property=\"article:published_time\" content=\"2021-10-10T12:38:06+00:00\" \/>\n<meta name=\"author\" content=\"Jeanette\" \/>\n<meta name=\"twitter:card\" content=\"summary_large_image\" \/>\n<meta name=\"twitter:creator\" content=\"@eldiario_net\" \/>\n<meta name=\"twitter:site\" content=\"@eldiario_net\" \/>\n<meta name=\"twitter:label1\" content=\"Escrito por\" \/>\n\t<meta name=\"twitter:data1\" content=\"Jeanette\" \/>\n\t<meta name=\"twitter:label2\" content=\"Tiempo de lectura\" \/>\n\t<meta name=\"twitter:data2\" content=\"5 minutos\" \/>\n<script type=\"application\/ld+json\" class=\"yoast-schema-graph\">{\"@context\":\"https:\\\/\\\/schema.org\",\"@graph\":[{\"@type\":\"Article\",\"@id\":\"https:\\\/\\\/www.eldiario.net\\\/portal\\\/2021\\\/10\\\/10\\\/el-feminicidio-tiene-factores-multicausales\\\/#article\",\"isPartOf\":{\"@id\":\"https:\\\/\\\/www.eldiario.net\\\/portal\\\/2021\\\/10\\\/10\\\/el-feminicidio-tiene-factores-multicausales\\\/\"},\"author\":{\"name\":\"Jeanette\",\"@id\":\"https:\\\/\\\/www.eldiario.net\\\/portal\\\/#\\\/schema\\\/person\\\/2c57cf2b7a7ae032e449e4c9b1019eac\"},\"headline\":\"El feminicidio tiene factores multicausales\",\"datePublished\":\"2021-10-10T12:38:06+00:00\",\"mainEntityOfPage\":{\"@id\":\"https:\\\/\\\/www.eldiario.net\\\/portal\\\/2021\\\/10\\\/10\\\/el-feminicidio-tiene-factores-multicausales\\\/\"},\"wordCount\":1133,\"publisher\":{\"@id\":\"https:\\\/\\\/www.eldiario.net\\\/portal\\\/#organization\"},\"image\":{\"@id\":\"https:\\\/\\\/www.eldiario.net\\\/portal\\\/2021\\\/10\\\/10\\\/el-feminicidio-tiene-factores-multicausales\\\/#primaryimage\"},\"thumbnailUrl\":\"\",\"articleSection\":[\"Sociedad - Seguridad\"],\"inLanguage\":\"es\"},{\"@type\":\"WebPage\",\"@id\":\"https:\\\/\\\/www.eldiario.net\\\/portal\\\/2021\\\/10\\\/10\\\/el-feminicidio-tiene-factores-multicausales\\\/\",\"url\":\"https:\\\/\\\/www.eldiario.net\\\/portal\\\/2021\\\/10\\\/10\\\/el-feminicidio-tiene-factores-multicausales\\\/\",\"name\":\"El feminicidio tiene factores multicausales - El Diario - Bolivia\",\"isPartOf\":{\"@id\":\"https:\\\/\\\/www.eldiario.net\\\/portal\\\/#website\"},\"primaryImageOfPage\":{\"@id\":\"https:\\\/\\\/www.eldiario.net\\\/portal\\\/2021\\\/10\\\/10\\\/el-feminicidio-tiene-factores-multicausales\\\/#primaryimage\"},\"image\":{\"@id\":\"https:\\\/\\\/www.eldiario.net\\\/portal\\\/2021\\\/10\\\/10\\\/el-feminicidio-tiene-factores-multicausales\\\/#primaryimage\"},\"thumbnailUrl\":\"\",\"datePublished\":\"2021-10-10T12:38:06+00:00\",\"breadcrumb\":{\"@id\":\"https:\\\/\\\/www.eldiario.net\\\/portal\\\/2021\\\/10\\\/10\\\/el-feminicidio-tiene-factores-multicausales\\\/#breadcrumb\"},\"inLanguage\":\"es\",\"potentialAction\":[{\"@type\":\"ReadAction\",\"target\":[\"https:\\\/\\\/www.eldiario.net\\\/portal\\\/2021\\\/10\\\/10\\\/el-feminicidio-tiene-factores-multicausales\\\/\"]}]},{\"@type\":\"ImageObject\",\"inLanguage\":\"es\",\"@id\":\"https:\\\/\\\/www.eldiario.net\\\/portal\\\/2021\\\/10\\\/10\\\/el-feminicidio-tiene-factores-multicausales\\\/#primaryimage\",\"url\":\"\",\"contentUrl\":\"\"},{\"@type\":\"BreadcrumbList\",\"@id\":\"https:\\\/\\\/www.eldiario.net\\\/portal\\\/2021\\\/10\\\/10\\\/el-feminicidio-tiene-factores-multicausales\\\/#breadcrumb\",\"itemListElement\":[{\"@type\":\"ListItem\",\"position\":1,\"name\":\"Portada\",\"item\":\"https:\\\/\\\/www.eldiario.net\\\/portal\\\/\"},{\"@type\":\"ListItem\",\"position\":2,\"name\":\"El feminicidio tiene factores multicausales\"}]},{\"@type\":\"WebSite\",\"@id\":\"https:\\\/\\\/www.eldiario.net\\\/portal\\\/#website\",\"url\":\"https:\\\/\\\/www.eldiario.net\\\/portal\\\/\",\"name\":\"El Diario - Decano de la prensa nacional\",\"description\":\"El Diario - Decano de la prensa nacional\",\"publisher\":{\"@id\":\"https:\\\/\\\/www.eldiario.net\\\/portal\\\/#organization\"},\"potentialAction\":[{\"@type\":\"SearchAction\",\"target\":{\"@type\":\"EntryPoint\",\"urlTemplate\":\"https:\\\/\\\/www.eldiario.net\\\/portal\\\/?s={search_term_string}\"},\"query-input\":{\"@type\":\"PropertyValueSpecification\",\"valueRequired\":true,\"valueName\":\"search_term_string\"}}],\"inLanguage\":\"es\"},{\"@type\":\"Organization\",\"@id\":\"https:\\\/\\\/www.eldiario.net\\\/portal\\\/#organization\",\"name\":\"El Diario - Decano de la prensa nacional\",\"url\":\"https:\\\/\\\/www.eldiario.net\\\/portal\\\/\",\"logo\":{\"@type\":\"ImageObject\",\"inLanguage\":\"es\",\"@id\":\"https:\\\/\\\/www.eldiario.net\\\/portal\\\/#\\\/schema\\\/logo\\\/image\\\/\",\"url\":\"https:\\\/\\\/www.eldiario.net\\\/portal\\\/wp-content\\\/uploads\\\/2023\\\/07\\\/logo_ED.jpg\",\"contentUrl\":\"https:\\\/\\\/www.eldiario.net\\\/portal\\\/wp-content\\\/uploads\\\/2023\\\/07\\\/logo_ED.jpg\",\"width\":272,\"height\":52,\"caption\":\"El Diario - Decano de la prensa nacional\"},\"image\":{\"@id\":\"https:\\\/\\\/www.eldiario.net\\\/portal\\\/#\\\/schema\\\/logo\\\/image\\\/\"},\"sameAs\":[\"https:\\\/\\\/www.facebook.com\\\/eldiario.bolivia\\\/\",\"https:\\\/\\\/x.com\\\/eldiario_net\"]},{\"@type\":\"Person\",\"@id\":\"https:\\\/\\\/www.eldiario.net\\\/portal\\\/#\\\/schema\\\/person\\\/2c57cf2b7a7ae032e449e4c9b1019eac\",\"name\":\"Jeanette\",\"image\":{\"@type\":\"ImageObject\",\"inLanguage\":\"es\",\"@id\":\"https:\\\/\\\/secure.gravatar.com\\\/avatar\\\/3ea2118a5f7dad2b7138b1187a6b7ee55f160b9968b66013c3a3ef39dd7e5798?s=96&d=mm&r=g\",\"url\":\"https:\\\/\\\/secure.gravatar.com\\\/avatar\\\/3ea2118a5f7dad2b7138b1187a6b7ee55f160b9968b66013c3a3ef39dd7e5798?s=96&d=mm&r=g\",\"contentUrl\":\"https:\\\/\\\/secure.gravatar.com\\\/avatar\\\/3ea2118a5f7dad2b7138b1187a6b7ee55f160b9968b66013c3a3ef39dd7e5798?s=96&d=mm&r=g\",\"caption\":\"Jeanette\"},\"sameAs\":[\"https:\\\/\\\/www.eldiario.net\\\/portal\"],\"url\":\"https:\\\/\\\/www.eldiario.net\\\/portal\\\/author\\\/jeanette\\\/\"}]}<\/script>\n<!-- \/ Yoast SEO plugin. -->","yoast_head_json":{"title":"El feminicidio tiene factores multicausales - El Diario - Bolivia","robots":{"index":"index","follow":"follow","max-snippet":"max-snippet:-1","max-image-preview":"max-image-preview:large","max-video-preview":"max-video-preview:-1"},"canonical":"https:\/\/www.eldiario.net\/portal\/2021\/10\/10\/el-feminicidio-tiene-factores-multicausales\/","og_locale":"es_ES","og_type":"article","og_title":"El feminicidio tiene factores multicausales - El Diario - Bolivia","og_description":"El femicidio es considerado actualmente como una de las problem\u00e1ticas m\u00e1s relevantes que enfrenta la sociedad, en tanto m\u00e1xima expresi\u00f3n de la violencia contra las mujeres, ello se debe a varios factores que van desde la pobreza, depresi\u00f3n y abuso de sustancias, trastornos de personalidad y otros, manifest\u00f3 a EL DIARIO la psic\u00f3loga cl\u00ednica Mariela [&hellip;]","og_url":"https:\/\/www.eldiario.net\/portal\/2021\/10\/10\/el-feminicidio-tiene-factores-multicausales\/","og_site_name":"El Diario - Bolivia","article_publisher":"https:\/\/www.facebook.com\/eldiario.bolivia\/","article_published_time":"2021-10-10T12:38:06+00:00","author":"Jeanette","twitter_card":"summary_large_image","twitter_creator":"@eldiario_net","twitter_site":"@eldiario_net","twitter_misc":{"Escrito por":"Jeanette","Tiempo de lectura":"5 minutos"},"schema":{"@context":"https:\/\/schema.org","@graph":[{"@type":"Article","@id":"https:\/\/www.eldiario.net\/portal\/2021\/10\/10\/el-feminicidio-tiene-factores-multicausales\/#article","isPartOf":{"@id":"https:\/\/www.eldiario.net\/portal\/2021\/10\/10\/el-feminicidio-tiene-factores-multicausales\/"},"author":{"name":"Jeanette","@id":"https:\/\/www.eldiario.net\/portal\/#\/schema\/person\/2c57cf2b7a7ae032e449e4c9b1019eac"},"headline":"El feminicidio tiene factores multicausales","datePublished":"2021-10-10T12:38:06+00:00","mainEntityOfPage":{"@id":"https:\/\/www.eldiario.net\/portal\/2021\/10\/10\/el-feminicidio-tiene-factores-multicausales\/"},"wordCount":1133,"publisher":{"@id":"https:\/\/www.eldiario.net\/portal\/#organization"},"image":{"@id":"https:\/\/www.eldiario.net\/portal\/2021\/10\/10\/el-feminicidio-tiene-factores-multicausales\/#primaryimage"},"thumbnailUrl":"","articleSection":["Sociedad - Seguridad"],"inLanguage":"es"},{"@type":"WebPage","@id":"https:\/\/www.eldiario.net\/portal\/2021\/10\/10\/el-feminicidio-tiene-factores-multicausales\/","url":"https:\/\/www.eldiario.net\/portal\/2021\/10\/10\/el-feminicidio-tiene-factores-multicausales\/","name":"El feminicidio tiene factores multicausales - El Diario - Bolivia","isPartOf":{"@id":"https:\/\/www.eldiario.net\/portal\/#website"},"primaryImageOfPage":{"@id":"https:\/\/www.eldiario.net\/portal\/2021\/10\/10\/el-feminicidio-tiene-factores-multicausales\/#primaryimage"},"image":{"@id":"https:\/\/www.eldiario.net\/portal\/2021\/10\/10\/el-feminicidio-tiene-factores-multicausales\/#primaryimage"},"thumbnailUrl":"","datePublished":"2021-10-10T12:38:06+00:00","breadcrumb":{"@id":"https:\/\/www.eldiario.net\/portal\/2021\/10\/10\/el-feminicidio-tiene-factores-multicausales\/#breadcrumb"},"inLanguage":"es","potentialAction":[{"@type":"ReadAction","target":["https:\/\/www.eldiario.net\/portal\/2021\/10\/10\/el-feminicidio-tiene-factores-multicausales\/"]}]},{"@type":"ImageObject","inLanguage":"es","@id":"https:\/\/www.eldiario.net\/portal\/2021\/10\/10\/el-feminicidio-tiene-factores-multicausales\/#primaryimage","url":"","contentUrl":""},{"@type":"BreadcrumbList","@id":"https:\/\/www.eldiario.net\/portal\/2021\/10\/10\/el-feminicidio-tiene-factores-multicausales\/#breadcrumb","itemListElement":[{"@type":"ListItem","position":1,"name":"Portada","item":"https:\/\/www.eldiario.net\/portal\/"},{"@type":"ListItem","position":2,"name":"El feminicidio tiene factores multicausales"}]},{"@type":"WebSite","@id":"https:\/\/www.eldiario.net\/portal\/#website","url":"https:\/\/www.eldiario.net\/portal\/","name":"El Diario - Decano de la prensa nacional","description":"El Diario - Decano de la prensa nacional","publisher":{"@id":"https:\/\/www.eldiario.net\/portal\/#organization"},"potentialAction":[{"@type":"SearchAction","target":{"@type":"EntryPoint","urlTemplate":"https:\/\/www.eldiario.net\/portal\/?s={search_term_string}"},"query-input":{"@type":"PropertyValueSpecification","valueRequired":true,"valueName":"search_term_string"}}],"inLanguage":"es"},{"@type":"Organization","@id":"https:\/\/www.eldiario.net\/portal\/#organization","name":"El Diario - Decano de la prensa nacional","url":"https:\/\/www.eldiario.net\/portal\/","logo":{"@type":"ImageObject","inLanguage":"es","@id":"https:\/\/www.eldiario.net\/portal\/#\/schema\/logo\/image\/","url":"https:\/\/www.eldiario.net\/portal\/wp-content\/uploads\/2023\/07\/logo_ED.jpg","contentUrl":"https:\/\/www.eldiario.net\/portal\/wp-content\/uploads\/2023\/07\/logo_ED.jpg","width":272,"height":52,"caption":"El Diario - Decano de la prensa nacional"},"image":{"@id":"https:\/\/www.eldiario.net\/portal\/#\/schema\/logo\/image\/"},"sameAs":["https:\/\/www.facebook.com\/eldiario.bolivia\/","https:\/\/x.com\/eldiario_net"]},{"@type":"Person","@id":"https:\/\/www.eldiario.net\/portal\/#\/schema\/person\/2c57cf2b7a7ae032e449e4c9b1019eac","name":"Jeanette","image":{"@type":"ImageObject","inLanguage":"es","@id":"https:\/\/secure.gravatar.com\/avatar\/3ea2118a5f7dad2b7138b1187a6b7ee55f160b9968b66013c3a3ef39dd7e5798?s=96&d=mm&r=g","url":"https:\/\/secure.gravatar.com\/avatar\/3ea2118a5f7dad2b7138b1187a6b7ee55f160b9968b66013c3a3ef39dd7e5798?s=96&d=mm&r=g","contentUrl":"https:\/\/secure.gravatar.com\/avatar\/3ea2118a5f7dad2b7138b1187a6b7ee55f160b9968b66013c3a3ef39dd7e5798?s=96&d=mm&r=g","caption":"Jeanette"},"sameAs":["https:\/\/www.eldiario.net\/portal"],"url":"https:\/\/www.eldiario.net\/portal\/author\/jeanette\/"}]}},"_links":{"self":[{"href":"https:\/\/www.eldiario.net\/portal\/wp-json\/wp\/v2\/posts\/35527","targetHints":{"allow":["GET"]}}],"collection":[{"href":"https:\/\/www.eldiario.net\/portal\/wp-json\/wp\/v2\/posts"}],"about":[{"href":"https:\/\/www.eldiario.net\/portal\/wp-json\/wp\/v2\/types\/post"}],"author":[{"embeddable":true,"href":"https:\/\/www.eldiario.net\/portal\/wp-json\/wp\/v2\/users\/1"}],"replies":[{"embeddable":true,"href":"https:\/\/www.eldiario.net\/portal\/wp-json\/wp\/v2\/comments?post=35527"}],"version-history":[{"count":0,"href":"https:\/\/www.eldiario.net\/portal\/wp-json\/wp\/v2\/posts\/35527\/revisions"}],"wp:attachment":[{"href":"https:\/\/www.eldiario.net\/portal\/wp-json\/wp\/v2\/media?parent=35527"}],"wp:term":[{"taxonomy":"category","embeddable":true,"href":"https:\/\/www.eldiario.net\/portal\/wp-json\/wp\/v2\/categories?post=35527"},{"taxonomy":"post_tag","embeddable":true,"href":"https:\/\/www.eldiario.net\/portal\/wp-json\/wp\/v2\/tags?post=35527"}],"curies":[{"name":"wp","href":"https:\/\/api.w.org\/{rel}","templated":true}]}}