{"id":355231,"date":"2025-12-27T07:12:30","date_gmt":"2025-12-27T11:12:30","guid":{"rendered":"https:\/\/www.eldiario.net\/portal\/?p=355231"},"modified":"2025-12-27T07:12:30","modified_gmt":"2025-12-27T11:12:30","slug":"lequipe-dembele-el-mejor-deportista-frances","status":"publish","type":"post","link":"https:\/\/www.eldiario.net\/portal\/2025\/12\/27\/lequipe-dembele-el-mejor-deportista-frances\/","title":{"rendered":"L&#8217;\u00c9quipe : Dembel\u00e9, el mejor deportista franc\u00e9s"},"content":{"rendered":"<p>El delantero del Par\u00eds Saint-Germain Ousmane Demb\u00e9l\u00e9 acab\u00f3 con la hegemon\u00eda de dos a\u00f1os consecutivos del nadador L\u00e9on Marchand en la lista del \u00abcampe\u00f3n de campeones\u00bb con la que el diario L&#8217;\u00c9quipe designa al deportista franc\u00e9s del a\u00f1o.<br \/>\nLa ciclista Pauline Ferrand-Pr\u00e9v\u00f4t, ganadora del Tour de Francia, fue designada en la categor\u00eda femenina a sus 33 a\u00f1os, cinco a\u00f1os despu\u00e9s de su tercera designaci\u00f3n en un premio que para mujeres comenz\u00f3 a otorgarse de forma espec\u00edfica en 2012, antes hab\u00eda un solo ganador.<br \/>\nDemb\u00e9l\u00e9, Bal\u00f3n de Oro, clave en la conquista de la primera Liga de Campeones de su equipo, super\u00f3 en la votaci\u00f3n que se efect\u00faa entre los miembros de la redacci\u00f3n del diario Marchand, que tras ser elegido en las dos pasadas ediciones mantuvo el segundo puesto por delante del campe\u00f3n de vela Charlie Dalin y del atleta Jimmy Gressier.<br \/>\nEl exjugador del Barcelona se convierte en el primer futbolista elegido &#8216;campe\u00f3n de campeones&#8217; desde Kylian Mbapp\u00e9 en 2022 y en el sexto que lo gana desde la creaci\u00f3n del premio en 1946. Raymond Kopa lo gan\u00f3 en 1955 y 1958, Michel Platini en 1977 y 1984, Alain Giresse en 1982 y Zinedine Zidane en 1998.<\/p>\n","protected":false},"excerpt":{"rendered":"<p>El delantero del Par\u00eds Saint-Germain Ousmane Demb\u00e9l\u00e9 acab\u00f3 con la hegemon\u00eda de dos a\u00f1os consecutivos del nadador L\u00e9on Marchand en la lista del \u00abcampe\u00f3n de campeones\u00bb con la que el diario L&#8217;\u00c9quipe designa al deportista franc\u00e9s del a\u00f1o. La ciclista Pauline Ferrand-Pr\u00e9v\u00f4t, ganadora del Tour de Francia, fue designada en la categor\u00eda femenina a sus [&hellip;]<\/p>\n","protected":false},"author":1,"featured_media":355232,"comment_status":"closed","ping_status":"open","sticky":false,"template":"","format":"standard","meta":{"_acf_changed":false,"footnotes":""},"categories":[6],"tags":[],"class_list":["post-355231","post","type-post","status-publish","format-standard","has-post-thumbnail","category-deportes"],"acf":{"antetitulo":""},"yoast_head":"<!-- This site is optimized with the Yoast SEO plugin v28.3 - https:\/\/yoast.com\/product\/yoast-seo-wordpress\/ -->\n<title>L&#039;\u00c9quipe : Dembel\u00e9, el mejor deportista franc\u00e9s - El Diario - Bolivia<\/title>\n<meta name=\"robots\" content=\"index, follow, max-snippet:-1, max-image-preview:large, max-video-preview:-1\" \/>\n<link rel=\"canonical\" href=\"https:\/\/www.eldiario.net\/portal\/2025\/12\/27\/lequipe-dembele-el-mejor-deportista-frances\/\" \/>\n<meta property=\"og:locale\" content=\"es_ES\" \/>\n<meta property=\"og:type\" content=\"article\" \/>\n<meta property=\"og:title\" content=\"L&#039;\u00c9quipe : Dembel\u00e9, el mejor deportista franc\u00e9s - El Diario - Bolivia\" \/>\n<meta property=\"og:description\" content=\"El delantero del Par\u00eds Saint-Germain Ousmane Demb\u00e9l\u00e9 acab\u00f3 con la hegemon\u00eda de dos a\u00f1os consecutivos del nadador L\u00e9on Marchand en la lista del \u00abcampe\u00f3n de campeones\u00bb con la que el diario L&#8217;\u00c9quipe designa al deportista franc\u00e9s del a\u00f1o. La ciclista Pauline Ferrand-Pr\u00e9v\u00f4t, ganadora del Tour de Francia, fue designada en la categor\u00eda femenina a sus [&hellip;]\" \/>\n<meta property=\"og:url\" content=\"https:\/\/www.eldiario.net\/portal\/2025\/12\/27\/lequipe-dembele-el-mejor-deportista-frances\/\" \/>\n<meta property=\"og:site_name\" content=\"El Diario - Bolivia\" \/>\n<meta property=\"article:publisher\" content=\"https:\/\/www.facebook.com\/eldiario.bolivia\/\" \/>\n<meta property=\"article:published_time\" content=\"2025-12-27T11:12:30+00:00\" \/>\n<meta property=\"og:image\" content=\"https:\/\/www.eldiario.net\/portal\/wp-content\/uploads\/2025\/12\/dembele.webp\" \/>\n\t<meta property=\"og:image:width\" content=\"1277\" \/>\n\t<meta property=\"og:image:height\" content=\"864\" \/>\n\t<meta property=\"og:image:type\" content=\"image\/webp\" \/>\n<meta name=\"author\" content=\"Jeanette\" \/>\n<meta name=\"twitter:card\" content=\"summary_large_image\" \/>\n<meta name=\"twitter:creator\" content=\"@eldiario_net\" \/>\n<meta name=\"twitter:site\" content=\"@eldiario_net\" \/>\n<meta name=\"twitter:label1\" content=\"Escrito por\" \/>\n\t<meta name=\"twitter:data1\" content=\"Jeanette\" \/>\n\t<meta name=\"twitter:label2\" content=\"Tiempo de lectura\" \/>\n\t<meta name=\"twitter:data2\" content=\"2 minutos\" \/>\n<script type=\"application\/ld+json\" class=\"yoast-schema-graph\">{\"@context\":\"https:\\\/\\\/schema.org\",\"@graph\":[{\"@type\":\"Article\",\"@id\":\"https:\\\/\\\/www.eldiario.net\\\/portal\\\/2025\\\/12\\\/27\\\/lequipe-dembele-el-mejor-deportista-frances\\\/#article\",\"isPartOf\":{\"@id\":\"https:\\\/\\\/www.eldiario.net\\\/portal\\\/2025\\\/12\\\/27\\\/lequipe-dembele-el-mejor-deportista-frances\\\/\"},\"author\":{\"name\":\"Jeanette\",\"@id\":\"https:\\\/\\\/www.eldiario.net\\\/portal\\\/#\\\/schema\\\/person\\\/f46445640444750d7d753ccd04ae01b7\"},\"headline\":\"L&#8217;\u00c9quipe : Dembel\u00e9, el mejor deportista franc\u00e9s\",\"datePublished\":\"2025-12-27T11:12:30+00:00\",\"mainEntityOfPage\":{\"@id\":\"https:\\\/\\\/www.eldiario.net\\\/portal\\\/2025\\\/12\\\/27\\\/lequipe-dembele-el-mejor-deportista-frances\\\/\"},\"wordCount\":222,\"publisher\":{\"@id\":\"https:\\\/\\\/www.eldiario.net\\\/portal\\\/#organization\"},\"image\":{\"@id\":\"https:\\\/\\\/www.eldiario.net\\\/portal\\\/2025\\\/12\\\/27\\\/lequipe-dembele-el-mejor-deportista-frances\\\/#primaryimage\"},\"thumbnailUrl\":\"https:\\\/\\\/www.eldiario.net\\\/portal\\\/wp-content\\\/uploads\\\/2025\\\/12\\\/dembele.webp\",\"articleSection\":[\"Deportes\"],\"inLanguage\":\"es\"},{\"@type\":\"WebPage\",\"@id\":\"https:\\\/\\\/www.eldiario.net\\\/portal\\\/2025\\\/12\\\/27\\\/lequipe-dembele-el-mejor-deportista-frances\\\/\",\"url\":\"https:\\\/\\\/www.eldiario.net\\\/portal\\\/2025\\\/12\\\/27\\\/lequipe-dembele-el-mejor-deportista-frances\\\/\",\"name\":\"L'\u00c9quipe : Dembel\u00e9, el mejor deportista franc\u00e9s - El Diario - Bolivia\",\"isPartOf\":{\"@id\":\"https:\\\/\\\/www.eldiario.net\\\/portal\\\/#website\"},\"primaryImageOfPage\":{\"@id\":\"https:\\\/\\\/www.eldiario.net\\\/portal\\\/2025\\\/12\\\/27\\\/lequipe-dembele-el-mejor-deportista-frances\\\/#primaryimage\"},\"image\":{\"@id\":\"https:\\\/\\\/www.eldiario.net\\\/portal\\\/2025\\\/12\\\/27\\\/lequipe-dembele-el-mejor-deportista-frances\\\/#primaryimage\"},\"thumbnailUrl\":\"https:\\\/\\\/www.eldiario.net\\\/portal\\\/wp-content\\\/uploads\\\/2025\\\/12\\\/dembele.webp\",\"datePublished\":\"2025-12-27T11:12:30+00:00\",\"breadcrumb\":{\"@id\":\"https:\\\/\\\/www.eldiario.net\\\/portal\\\/2025\\\/12\\\/27\\\/lequipe-dembele-el-mejor-deportista-frances\\\/#breadcrumb\"},\"inLanguage\":\"es\",\"potentialAction\":[{\"@type\":\"ReadAction\",\"target\":[\"https:\\\/\\\/www.eldiario.net\\\/portal\\\/2025\\\/12\\\/27\\\/lequipe-dembele-el-mejor-deportista-frances\\\/\"]}]},{\"@type\":\"ImageObject\",\"inLanguage\":\"es\",\"@id\":\"https:\\\/\\\/www.eldiario.net\\\/portal\\\/2025\\\/12\\\/27\\\/lequipe-dembele-el-mejor-deportista-frances\\\/#primaryimage\",\"url\":\"https:\\\/\\\/www.eldiario.net\\\/portal\\\/wp-content\\\/uploads\\\/2025\\\/12\\\/dembele.webp\",\"contentUrl\":\"https:\\\/\\\/www.eldiario.net\\\/portal\\\/wp-content\\\/uploads\\\/2025\\\/12\\\/dembele.webp\",\"width\":1277,\"height\":864},{\"@type\":\"BreadcrumbList\",\"@id\":\"https:\\\/\\\/www.eldiario.net\\\/portal\\\/2025\\\/12\\\/27\\\/lequipe-dembele-el-mejor-deportista-frances\\\/#breadcrumb\",\"itemListElement\":[{\"@type\":\"ListItem\",\"position\":1,\"name\":\"Portada\",\"item\":\"https:\\\/\\\/www.eldiario.net\\\/portal\\\/\"},{\"@type\":\"ListItem\",\"position\":2,\"name\":\"L&#8217;\u00c9quipe : Dembel\u00e9, el mejor deportista franc\u00e9s\"}]},{\"@type\":\"WebSite\",\"@id\":\"https:\\\/\\\/www.eldiario.net\\\/portal\\\/#website\",\"url\":\"https:\\\/\\\/www.eldiario.net\\\/portal\\\/\",\"name\":\"El Diario - Decano de la prensa nacional\",\"description\":\"El Diario - Decano de la prensa nacional\",\"publisher\":{\"@id\":\"https:\\\/\\\/www.eldiario.net\\\/portal\\\/#organization\"},\"potentialAction\":[{\"@type\":\"SearchAction\",\"target\":{\"@type\":\"EntryPoint\",\"urlTemplate\":\"https:\\\/\\\/www.eldiario.net\\\/portal\\\/?s={search_term_string}\"},\"query-input\":{\"@type\":\"PropertyValueSpecification\",\"valueRequired\":true,\"valueName\":\"search_term_string\"}}],\"inLanguage\":\"es\"},{\"@type\":\"Organization\",\"@id\":\"https:\\\/\\\/www.eldiario.net\\\/portal\\\/#organization\",\"name\":\"El Diario - Decano de la prensa nacional\",\"url\":\"https:\\\/\\\/www.eldiario.net\\\/portal\\\/\",\"logo\":{\"@type\":\"ImageObject\",\"inLanguage\":\"es\",\"@id\":\"https:\\\/\\\/www.eldiario.net\\\/portal\\\/#\\\/schema\\\/logo\\\/image\\\/\",\"url\":\"https:\\\/\\\/www.eldiario.net\\\/portal\\\/wp-content\\\/uploads\\\/2023\\\/07\\\/logo_ED.jpg\",\"contentUrl\":\"https:\\\/\\\/www.eldiario.net\\\/portal\\\/wp-content\\\/uploads\\\/2023\\\/07\\\/logo_ED.jpg\",\"width\":272,\"height\":52,\"caption\":\"El Diario - Decano de la prensa nacional\"},\"image\":{\"@id\":\"https:\\\/\\\/www.eldiario.net\\\/portal\\\/#\\\/schema\\\/logo\\\/image\\\/\"},\"sameAs\":[\"https:\\\/\\\/www.facebook.com\\\/eldiario.bolivia\\\/\",\"https:\\\/\\\/x.com\\\/eldiario_net\"]},{\"@type\":\"Person\",\"@id\":\"https:\\\/\\\/www.eldiario.net\\\/portal\\\/#\\\/schema\\\/person\\\/f46445640444750d7d753ccd04ae01b7\",\"name\":\"Jeanette\",\"image\":{\"@type\":\"ImageObject\",\"inLanguage\":\"es\",\"@id\":\"https:\\\/\\\/secure.gravatar.com\\\/avatar\\\/3ea2118a5f7dad2b7138b1187a6b7ee55f160b9968b66013c3a3ef39dd7e5798?s=96&d=mm&r=g\",\"url\":\"https:\\\/\\\/secure.gravatar.com\\\/avatar\\\/3ea2118a5f7dad2b7138b1187a6b7ee55f160b9968b66013c3a3ef39dd7e5798?s=96&d=mm&r=g\",\"contentUrl\":\"https:\\\/\\\/secure.gravatar.com\\\/avatar\\\/3ea2118a5f7dad2b7138b1187a6b7ee55f160b9968b66013c3a3ef39dd7e5798?s=96&d=mm&r=g\",\"caption\":\"Jeanette\"},\"sameAs\":[\"https:\\\/\\\/www.eldiario.net\\\/portal\"],\"url\":\"https:\\\/\\\/www.eldiario.net\\\/portal\\\/author\\\/jeanette\\\/\"}]}<\/script>\n<!-- \/ Yoast SEO plugin. -->","yoast_head_json":{"title":"L'\u00c9quipe : Dembel\u00e9, el mejor deportista franc\u00e9s - El Diario - Bolivia","robots":{"index":"index","follow":"follow","max-snippet":"max-snippet:-1","max-image-preview":"max-image-preview:large","max-video-preview":"max-video-preview:-1"},"canonical":"https:\/\/www.eldiario.net\/portal\/2025\/12\/27\/lequipe-dembele-el-mejor-deportista-frances\/","og_locale":"es_ES","og_type":"article","og_title":"L'\u00c9quipe : Dembel\u00e9, el mejor deportista franc\u00e9s - El Diario - Bolivia","og_description":"El delantero del Par\u00eds Saint-Germain Ousmane Demb\u00e9l\u00e9 acab\u00f3 con la hegemon\u00eda de dos a\u00f1os consecutivos del nadador L\u00e9on Marchand en la lista del \u00abcampe\u00f3n de campeones\u00bb con la que el diario L&#8217;\u00c9quipe designa al deportista franc\u00e9s del a\u00f1o. La ciclista Pauline Ferrand-Pr\u00e9v\u00f4t, ganadora del Tour de Francia, fue designada en la categor\u00eda femenina a sus [&hellip;]","og_url":"https:\/\/www.eldiario.net\/portal\/2025\/12\/27\/lequipe-dembele-el-mejor-deportista-frances\/","og_site_name":"El Diario - Bolivia","article_publisher":"https:\/\/www.facebook.com\/eldiario.bolivia\/","article_published_time":"2025-12-27T11:12:30+00:00","og_image":[{"width":1277,"height":864,"url":"https:\/\/www.eldiario.net\/portal\/wp-content\/uploads\/2025\/12\/dembele.webp","type":"image\/webp"}],"author":"Jeanette","twitter_card":"summary_large_image","twitter_creator":"@eldiario_net","twitter_site":"@eldiario_net","twitter_misc":{"Escrito por":"Jeanette","Tiempo de lectura":"2 minutos"},"schema":{"@context":"https:\/\/schema.org","@graph":[{"@type":"Article","@id":"https:\/\/www.eldiario.net\/portal\/2025\/12\/27\/lequipe-dembele-el-mejor-deportista-frances\/#article","isPartOf":{"@id":"https:\/\/www.eldiario.net\/portal\/2025\/12\/27\/lequipe-dembele-el-mejor-deportista-frances\/"},"author":{"name":"Jeanette","@id":"https:\/\/www.eldiario.net\/portal\/#\/schema\/person\/f46445640444750d7d753ccd04ae01b7"},"headline":"L&#8217;\u00c9quipe : Dembel\u00e9, el mejor deportista franc\u00e9s","datePublished":"2025-12-27T11:12:30+00:00","mainEntityOfPage":{"@id":"https:\/\/www.eldiario.net\/portal\/2025\/12\/27\/lequipe-dembele-el-mejor-deportista-frances\/"},"wordCount":222,"publisher":{"@id":"https:\/\/www.eldiario.net\/portal\/#organization"},"image":{"@id":"https:\/\/www.eldiario.net\/portal\/2025\/12\/27\/lequipe-dembele-el-mejor-deportista-frances\/#primaryimage"},"thumbnailUrl":"https:\/\/www.eldiario.net\/portal\/wp-content\/uploads\/2025\/12\/dembele.webp","articleSection":["Deportes"],"inLanguage":"es"},{"@type":"WebPage","@id":"https:\/\/www.eldiario.net\/portal\/2025\/12\/27\/lequipe-dembele-el-mejor-deportista-frances\/","url":"https:\/\/www.eldiario.net\/portal\/2025\/12\/27\/lequipe-dembele-el-mejor-deportista-frances\/","name":"L'\u00c9quipe : Dembel\u00e9, el mejor deportista franc\u00e9s - El Diario - Bolivia","isPartOf":{"@id":"https:\/\/www.eldiario.net\/portal\/#website"},"primaryImageOfPage":{"@id":"https:\/\/www.eldiario.net\/portal\/2025\/12\/27\/lequipe-dembele-el-mejor-deportista-frances\/#primaryimage"},"image":{"@id":"https:\/\/www.eldiario.net\/portal\/2025\/12\/27\/lequipe-dembele-el-mejor-deportista-frances\/#primaryimage"},"thumbnailUrl":"https:\/\/www.eldiario.net\/portal\/wp-content\/uploads\/2025\/12\/dembele.webp","datePublished":"2025-12-27T11:12:30+00:00","breadcrumb":{"@id":"https:\/\/www.eldiario.net\/portal\/2025\/12\/27\/lequipe-dembele-el-mejor-deportista-frances\/#breadcrumb"},"inLanguage":"es","potentialAction":[{"@type":"ReadAction","target":["https:\/\/www.eldiario.net\/portal\/2025\/12\/27\/lequipe-dembele-el-mejor-deportista-frances\/"]}]},{"@type":"ImageObject","inLanguage":"es","@id":"https:\/\/www.eldiario.net\/portal\/2025\/12\/27\/lequipe-dembele-el-mejor-deportista-frances\/#primaryimage","url":"https:\/\/www.eldiario.net\/portal\/wp-content\/uploads\/2025\/12\/dembele.webp","contentUrl":"https:\/\/www.eldiario.net\/portal\/wp-content\/uploads\/2025\/12\/dembele.webp","width":1277,"height":864},{"@type":"BreadcrumbList","@id":"https:\/\/www.eldiario.net\/portal\/2025\/12\/27\/lequipe-dembele-el-mejor-deportista-frances\/#breadcrumb","itemListElement":[{"@type":"ListItem","position":1,"name":"Portada","item":"https:\/\/www.eldiario.net\/portal\/"},{"@type":"ListItem","position":2,"name":"L&#8217;\u00c9quipe : Dembel\u00e9, el mejor deportista franc\u00e9s"}]},{"@type":"WebSite","@id":"https:\/\/www.eldiario.net\/portal\/#website","url":"https:\/\/www.eldiario.net\/portal\/","name":"El Diario - Decano de la prensa nacional","description":"El Diario - Decano de la prensa nacional","publisher":{"@id":"https:\/\/www.eldiario.net\/portal\/#organization"},"potentialAction":[{"@type":"SearchAction","target":{"@type":"EntryPoint","urlTemplate":"https:\/\/www.eldiario.net\/portal\/?s={search_term_string}"},"query-input":{"@type":"PropertyValueSpecification","valueRequired":true,"valueName":"search_term_string"}}],"inLanguage":"es"},{"@type":"Organization","@id":"https:\/\/www.eldiario.net\/portal\/#organization","name":"El Diario - Decano de la prensa nacional","url":"https:\/\/www.eldiario.net\/portal\/","logo":{"@type":"ImageObject","inLanguage":"es","@id":"https:\/\/www.eldiario.net\/portal\/#\/schema\/logo\/image\/","url":"https:\/\/www.eldiario.net\/portal\/wp-content\/uploads\/2023\/07\/logo_ED.jpg","contentUrl":"https:\/\/www.eldiario.net\/portal\/wp-content\/uploads\/2023\/07\/logo_ED.jpg","width":272,"height":52,"caption":"El Diario - Decano de la prensa nacional"},"image":{"@id":"https:\/\/www.eldiario.net\/portal\/#\/schema\/logo\/image\/"},"sameAs":["https:\/\/www.facebook.com\/eldiario.bolivia\/","https:\/\/x.com\/eldiario_net"]},{"@type":"Person","@id":"https:\/\/www.eldiario.net\/portal\/#\/schema\/person\/f46445640444750d7d753ccd04ae01b7","name":"Jeanette","image":{"@type":"ImageObject","inLanguage":"es","@id":"https:\/\/secure.gravatar.com\/avatar\/3ea2118a5f7dad2b7138b1187a6b7ee55f160b9968b66013c3a3ef39dd7e5798?s=96&d=mm&r=g","url":"https:\/\/secure.gravatar.com\/avatar\/3ea2118a5f7dad2b7138b1187a6b7ee55f160b9968b66013c3a3ef39dd7e5798?s=96&d=mm&r=g","contentUrl":"https:\/\/secure.gravatar.com\/avatar\/3ea2118a5f7dad2b7138b1187a6b7ee55f160b9968b66013c3a3ef39dd7e5798?s=96&d=mm&r=g","caption":"Jeanette"},"sameAs":["https:\/\/www.eldiario.net\/portal"],"url":"https:\/\/www.eldiario.net\/portal\/author\/jeanette\/"}]}},"_links":{"self":[{"href":"https:\/\/www.eldiario.net\/portal\/wp-json\/wp\/v2\/posts\/355231","targetHints":{"allow":["GET"]}}],"collection":[{"href":"https:\/\/www.eldiario.net\/portal\/wp-json\/wp\/v2\/posts"}],"about":[{"href":"https:\/\/www.eldiario.net\/portal\/wp-json\/wp\/v2\/types\/post"}],"author":[{"embeddable":true,"href":"https:\/\/www.eldiario.net\/portal\/wp-json\/wp\/v2\/users\/1"}],"replies":[{"embeddable":true,"href":"https:\/\/www.eldiario.net\/portal\/wp-json\/wp\/v2\/comments?post=355231"}],"version-history":[{"count":1,"href":"https:\/\/www.eldiario.net\/portal\/wp-json\/wp\/v2\/posts\/355231\/revisions"}],"predecessor-version":[{"id":355233,"href":"https:\/\/www.eldiario.net\/portal\/wp-json\/wp\/v2\/posts\/355231\/revisions\/355233"}],"wp:featuredmedia":[{"embeddable":true,"href":"https:\/\/www.eldiario.net\/portal\/wp-json\/wp\/v2\/media\/355232"}],"wp:attachment":[{"href":"https:\/\/www.eldiario.net\/portal\/wp-json\/wp\/v2\/media?parent=355231"}],"wp:term":[{"taxonomy":"category","embeddable":true,"href":"https:\/\/www.eldiario.net\/portal\/wp-json\/wp\/v2\/categories?post=355231"},{"taxonomy":"post_tag","embeddable":true,"href":"https:\/\/www.eldiario.net\/portal\/wp-json\/wp\/v2\/tags?post=355231"}],"curies":[{"name":"wp","href":"https:\/\/api.w.org\/{rel}","templated":true}]}}