{"id":355229,"date":"2025-12-27T07:10:12","date_gmt":"2025-12-27T11:10:12","guid":{"rendered":"https:\/\/www.eldiario.net\/portal\/?p=355229"},"modified":"2025-12-27T07:10:12","modified_gmt":"2025-12-27T11:10:12","slug":"el-poder-de-la-palabra-y-el-poder-de-la-ignorancia","status":"publish","type":"post","link":"https:\/\/www.eldiario.net\/portal\/2025\/12\/27\/el-poder-de-la-palabra-y-el-poder-de-la-ignorancia\/","title":{"rendered":"El poder de la palabra y el poder de la ignorancia"},"content":{"rendered":"<p>El ser humano no puede reducirse a una descripci\u00f3n biol\u00f3gica, porque, adem\u00e1s de materia, es pensamiento, emoci\u00f3n y conciencia, y todo ello encuentra su cauce natural en la palabra, ese instrumento que nos permite nombrar el mundo y comprendernos a nosotros mismos.<br \/>\nDesde esta perspectiva, el lenguaje no es un simple medio de comunicaci\u00f3n, sino una forma de habitar la realidad, pues a trav\u00e9s de \u00e9l construimos sentido, transmitimos valores y proyectamos nuestras aspiraciones individuales y colectivas.<br \/>\nNo toda palabra cumple esta funci\u00f3n elevada, ya que como advert\u00eda el fil\u00f3sofo alem\u00e1n, Walter Benjamin, el lenguaje moderno corre el riesgo de convertirse en una charlataner\u00eda vac\u00eda, saturada de ruido y carente de profundidad, donde hablar mucho no implica decir algo.<br \/>\nLas palabras, en lugar de iluminar ideas o expresar sentimientos aut\u00e9nticos, parecen hoy diluirse en una parafernalia superficial que privilegia lo banal sobre lo significativo y lo inmediato sobre lo verdadero.<br \/>\nLas redes sociales son un espejo elocuente de este fen\u00f3meno, donde la palabra ha sido desplazada por la ocurrencia f\u00e1cil y la frase sin contenido, dise\u00f1ada m\u00e1s para provocar reacciones que para generar reflexi\u00f3n.<br \/>\nLa pol\u00edtica, lejos de quedar al margen de esta degradaci\u00f3n del lenguaje, se ha convertido en uno de sus principales escenarios, utilizando la palabra no para orientar o educar, sino para seducir mediante la demagogia y la falsedad. Los l\u00edderes que antes se distingu\u00edan por su elocuencia y solidez argumentativa hoy compiten por likes y visualizaciones, transform\u00e1ndose en caricaturas que confunden popularidad con legitimidad y exposici\u00f3n con liderazgo.<br \/>\nEn este contexto resulta inevitable preguntarse si la ignorancia tambi\u00e9n ha adquirido una forma de poder, no como virtud, sino como consecuencia de una sociedad que ha renunciado al esfuerzo intelectual y al pensamiento riguroso.<br \/>\nUna sociedad ignorante tiende a reconocerse en liderazgos mediocres, acept\u00e1ndolos como propios porque reflejan sus mismas carencias, y evitando as\u00ed el inc\u00f3modo ejercicio de la autocr\u00edtica y la responsabilidad colectiva. De este modo, la mediocridad se normaliza y se convierte en criterio de identidad social, desplazando cualquier aspiraci\u00f3n a la excelencia, al m\u00e9rito o al debate de ideas profundas.<br \/>\nFrente al poder de la ignorancia, la palabra pierde su car\u00e1cter trascendente, ya que deja de ser portadora de verdad para convertirse en un instrumento manipulable, adaptable a cualquier discurso y funcional a cualquier inter\u00e9s.<br \/>\nLa reconceptualizaci\u00f3n forzada del lenguaje permite que se distorsionen significados y se deconstruyan palabras al servicio de intereses ideol\u00f3gicos espec\u00edficos, generalmente promovidos por peque\u00f1os, pero influyentes, grupos de poder que entienden muy bien el valor simb\u00f3lico del lenguaje. Este terreno resulta especialmente f\u00e9rtil para el surgimiento de liderazgos populistas y discursos progresistas vac\u00edos, que prosperan all\u00ed donde el pensamiento cr\u00edtico ha sido debilitado y la educaci\u00f3n reducida a simples consignas.<br \/>\nCuanto m\u00e1s ignorante es una sociedad, mayor es el espacio que se abre para estas formas de poder, que se alimentan de la confusi\u00f3n conceptual, del sentimentalismo superficial y de la pobreza intelectual.<br \/>\nEn la era del streaming y de la exposici\u00f3n permanente, la palabra vac\u00eda se acompa\u00f1a de im\u00e1genes igualmente vac\u00edas, donde el espect\u00e1culo sustituye al contenido y la forma eclipsa al fondo. Quienes dicen banalidades sin pudor se autodenominan creadores de contenido, celebrando visualizaciones y reacciones como si estas fueran sin\u00f3nimo de valor, verdad o aporte cultural, cuando en realidad s\u00f3lo reflejan niveles de consumo acr\u00edtico.<br \/>\nLa l\u00f3gica del algoritmo termina imponiendo qu\u00e9 se dice y c\u00f3mo se dice, premiando la exageraci\u00f3n, la ridiculez y el esc\u00e1ndalo por encima del argumento, del silencio reflexivo y de la palabra bien pensada. En este escenario, la cultura del esfuerzo intelectual es vista como algo aburrido o in\u00fatil, mientras que la ignorancia se disfraza de autenticidad y se presenta como una forma leg\u00edtima de rebeld\u00eda frente a cualquier exigencia de profundidad.<br \/>\nLa educaci\u00f3n, la lectura constante y el pensamiento cr\u00edtico se convierten entonces en actos contraculturales, casi subversivos, porque exigen tiempo, disciplina y humildad intelectual en una sociedad acostumbrada a la inmediatez.<br \/>\nAnte este panorama, s\u00f3lo una formaci\u00f3n s\u00f3lida y humanista puede evitar un descalabro intelectual de grandes proporciones, porque hoy el acto m\u00e1s profundo de resistencia no es exhibirse en una pantalla, sino leer un libro, pensar y devolverle a la palabra su verdadero poder.<\/p>\n<p>El autor es te\u00f3logo, escritor y educador.<\/p>\n","protected":false},"excerpt":{"rendered":"<p>El ser humano no puede reducirse a una descripci\u00f3n biol\u00f3gica, porque, adem\u00e1s de materia, es pensamiento, emoci\u00f3n y conciencia, y todo ello encuentra su cauce natural en la palabra, ese instrumento que nos permite nombrar el mundo y comprendernos a nosotros mismos. Desde esta perspectiva, el lenguaje no es un simple medio de comunicaci\u00f3n, sino [&hellip;]<\/p>\n","protected":false},"author":1,"featured_media":161861,"comment_status":"closed","ping_status":"open","sticky":false,"template":"","format":"standard","meta":{"_acf_changed":false,"footnotes":""},"categories":[9],"tags":[],"class_list":["post-355229","post","type-post","status-publish","format-standard","has-post-thumbnail","category-opinion"],"acf":{"antetitulo":""},"yoast_head":"<!-- This site is optimized with the Yoast SEO plugin v28.3 - https:\/\/yoast.com\/product\/yoast-seo-wordpress\/ -->\n<title>El poder de la palabra y el poder de la ignorancia - El Diario - Bolivia<\/title>\n<meta name=\"robots\" content=\"index, follow, max-snippet:-1, max-image-preview:large, max-video-preview:-1\" \/>\n<link rel=\"canonical\" href=\"https:\/\/www.eldiario.net\/portal\/2025\/12\/27\/el-poder-de-la-palabra-y-el-poder-de-la-ignorancia\/\" \/>\n<meta property=\"og:locale\" content=\"es_ES\" \/>\n<meta property=\"og:type\" content=\"article\" \/>\n<meta property=\"og:title\" content=\"El poder de la palabra y el poder de la ignorancia - El Diario - Bolivia\" \/>\n<meta property=\"og:description\" content=\"El ser humano no puede reducirse a una descripci\u00f3n biol\u00f3gica, porque, adem\u00e1s de materia, es pensamiento, emoci\u00f3n y conciencia, y todo ello encuentra su cauce natural en la palabra, ese instrumento que nos permite nombrar el mundo y comprendernos a nosotros mismos. Desde esta perspectiva, el lenguaje no es un simple medio de comunicaci\u00f3n, sino [&hellip;]\" \/>\n<meta property=\"og:url\" content=\"https:\/\/www.eldiario.net\/portal\/2025\/12\/27\/el-poder-de-la-palabra-y-el-poder-de-la-ignorancia\/\" \/>\n<meta property=\"og:site_name\" content=\"El Diario - Bolivia\" \/>\n<meta property=\"article:publisher\" content=\"https:\/\/www.facebook.com\/eldiario.bolivia\/\" \/>\n<meta property=\"article:published_time\" content=\"2025-12-27T11:10:12+00:00\" \/>\n<meta property=\"og:image\" content=\"https:\/\/www.eldiario.net\/portal\/wp-content\/uploads\/2023\/06\/Marcelo-Miranda-Loayza.jpg\" \/>\n\t<meta property=\"og:image:width\" content=\"1200\" \/>\n\t<meta property=\"og:image:height\" content=\"628\" \/>\n\t<meta property=\"og:image:type\" content=\"image\/jpeg\" \/>\n<meta name=\"author\" content=\"Jeanette\" \/>\n<meta name=\"twitter:card\" content=\"summary_large_image\" \/>\n<meta name=\"twitter:creator\" content=\"@eldiario_net\" \/>\n<meta name=\"twitter:site\" content=\"@eldiario_net\" \/>\n<meta name=\"twitter:label1\" content=\"Escrito por\" \/>\n\t<meta name=\"twitter:data1\" content=\"Jeanette\" \/>\n\t<meta name=\"twitter:label2\" content=\"Tiempo de lectura\" \/>\n\t<meta name=\"twitter:data2\" content=\"4 minutos\" \/>\n<script type=\"application\/ld+json\" class=\"yoast-schema-graph\">{\"@context\":\"https:\\\/\\\/schema.org\",\"@graph\":[{\"@type\":\"Article\",\"@id\":\"https:\\\/\\\/www.eldiario.net\\\/portal\\\/2025\\\/12\\\/27\\\/el-poder-de-la-palabra-y-el-poder-de-la-ignorancia\\\/#article\",\"isPartOf\":{\"@id\":\"https:\\\/\\\/www.eldiario.net\\\/portal\\\/2025\\\/12\\\/27\\\/el-poder-de-la-palabra-y-el-poder-de-la-ignorancia\\\/\"},\"author\":{\"name\":\"Jeanette\",\"@id\":\"https:\\\/\\\/www.eldiario.net\\\/portal\\\/#\\\/schema\\\/person\\\/f46445640444750d7d753ccd04ae01b7\"},\"headline\":\"El poder de la palabra y el poder de la ignorancia\",\"datePublished\":\"2025-12-27T11:10:12+00:00\",\"mainEntityOfPage\":{\"@id\":\"https:\\\/\\\/www.eldiario.net\\\/portal\\\/2025\\\/12\\\/27\\\/el-poder-de-la-palabra-y-el-poder-de-la-ignorancia\\\/\"},\"wordCount\":780,\"publisher\":{\"@id\":\"https:\\\/\\\/www.eldiario.net\\\/portal\\\/#organization\"},\"image\":{\"@id\":\"https:\\\/\\\/www.eldiario.net\\\/portal\\\/2025\\\/12\\\/27\\\/el-poder-de-la-palabra-y-el-poder-de-la-ignorancia\\\/#primaryimage\"},\"thumbnailUrl\":\"https:\\\/\\\/www.eldiario.net\\\/portal\\\/wp-content\\\/uploads\\\/2023\\\/06\\\/Marcelo-Miranda-Loayza.jpg\",\"articleSection\":[\"Opini\u00f3n\"],\"inLanguage\":\"es\"},{\"@type\":\"WebPage\",\"@id\":\"https:\\\/\\\/www.eldiario.net\\\/portal\\\/2025\\\/12\\\/27\\\/el-poder-de-la-palabra-y-el-poder-de-la-ignorancia\\\/\",\"url\":\"https:\\\/\\\/www.eldiario.net\\\/portal\\\/2025\\\/12\\\/27\\\/el-poder-de-la-palabra-y-el-poder-de-la-ignorancia\\\/\",\"name\":\"El poder de la palabra y el poder de la ignorancia - El Diario - Bolivia\",\"isPartOf\":{\"@id\":\"https:\\\/\\\/www.eldiario.net\\\/portal\\\/#website\"},\"primaryImageOfPage\":{\"@id\":\"https:\\\/\\\/www.eldiario.net\\\/portal\\\/2025\\\/12\\\/27\\\/el-poder-de-la-palabra-y-el-poder-de-la-ignorancia\\\/#primaryimage\"},\"image\":{\"@id\":\"https:\\\/\\\/www.eldiario.net\\\/portal\\\/2025\\\/12\\\/27\\\/el-poder-de-la-palabra-y-el-poder-de-la-ignorancia\\\/#primaryimage\"},\"thumbnailUrl\":\"https:\\\/\\\/www.eldiario.net\\\/portal\\\/wp-content\\\/uploads\\\/2023\\\/06\\\/Marcelo-Miranda-Loayza.jpg\",\"datePublished\":\"2025-12-27T11:10:12+00:00\",\"breadcrumb\":{\"@id\":\"https:\\\/\\\/www.eldiario.net\\\/portal\\\/2025\\\/12\\\/27\\\/el-poder-de-la-palabra-y-el-poder-de-la-ignorancia\\\/#breadcrumb\"},\"inLanguage\":\"es\",\"potentialAction\":[{\"@type\":\"ReadAction\",\"target\":[\"https:\\\/\\\/www.eldiario.net\\\/portal\\\/2025\\\/12\\\/27\\\/el-poder-de-la-palabra-y-el-poder-de-la-ignorancia\\\/\"]}]},{\"@type\":\"ImageObject\",\"inLanguage\":\"es\",\"@id\":\"https:\\\/\\\/www.eldiario.net\\\/portal\\\/2025\\\/12\\\/27\\\/el-poder-de-la-palabra-y-el-poder-de-la-ignorancia\\\/#primaryimage\",\"url\":\"https:\\\/\\\/www.eldiario.net\\\/portal\\\/wp-content\\\/uploads\\\/2023\\\/06\\\/Marcelo-Miranda-Loayza.jpg\",\"contentUrl\":\"https:\\\/\\\/www.eldiario.net\\\/portal\\\/wp-content\\\/uploads\\\/2023\\\/06\\\/Marcelo-Miranda-Loayza.jpg\",\"width\":1200,\"height\":628,\"caption\":\"Marcelo Miranda Loayza\"},{\"@type\":\"BreadcrumbList\",\"@id\":\"https:\\\/\\\/www.eldiario.net\\\/portal\\\/2025\\\/12\\\/27\\\/el-poder-de-la-palabra-y-el-poder-de-la-ignorancia\\\/#breadcrumb\",\"itemListElement\":[{\"@type\":\"ListItem\",\"position\":1,\"name\":\"Portada\",\"item\":\"https:\\\/\\\/www.eldiario.net\\\/portal\\\/\"},{\"@type\":\"ListItem\",\"position\":2,\"name\":\"El poder de la palabra y el poder de la ignorancia\"}]},{\"@type\":\"WebSite\",\"@id\":\"https:\\\/\\\/www.eldiario.net\\\/portal\\\/#website\",\"url\":\"https:\\\/\\\/www.eldiario.net\\\/portal\\\/\",\"name\":\"El Diario - Decano de la prensa nacional\",\"description\":\"El Diario - Decano de la prensa nacional\",\"publisher\":{\"@id\":\"https:\\\/\\\/www.eldiario.net\\\/portal\\\/#organization\"},\"potentialAction\":[{\"@type\":\"SearchAction\",\"target\":{\"@type\":\"EntryPoint\",\"urlTemplate\":\"https:\\\/\\\/www.eldiario.net\\\/portal\\\/?s={search_term_string}\"},\"query-input\":{\"@type\":\"PropertyValueSpecification\",\"valueRequired\":true,\"valueName\":\"search_term_string\"}}],\"inLanguage\":\"es\"},{\"@type\":\"Organization\",\"@id\":\"https:\\\/\\\/www.eldiario.net\\\/portal\\\/#organization\",\"name\":\"El Diario - Decano de la prensa nacional\",\"url\":\"https:\\\/\\\/www.eldiario.net\\\/portal\\\/\",\"logo\":{\"@type\":\"ImageObject\",\"inLanguage\":\"es\",\"@id\":\"https:\\\/\\\/www.eldiario.net\\\/portal\\\/#\\\/schema\\\/logo\\\/image\\\/\",\"url\":\"https:\\\/\\\/www.eldiario.net\\\/portal\\\/wp-content\\\/uploads\\\/2023\\\/07\\\/logo_ED.jpg\",\"contentUrl\":\"https:\\\/\\\/www.eldiario.net\\\/portal\\\/wp-content\\\/uploads\\\/2023\\\/07\\\/logo_ED.jpg\",\"width\":272,\"height\":52,\"caption\":\"El Diario - Decano de la prensa nacional\"},\"image\":{\"@id\":\"https:\\\/\\\/www.eldiario.net\\\/portal\\\/#\\\/schema\\\/logo\\\/image\\\/\"},\"sameAs\":[\"https:\\\/\\\/www.facebook.com\\\/eldiario.bolivia\\\/\",\"https:\\\/\\\/x.com\\\/eldiario_net\"]},{\"@type\":\"Person\",\"@id\":\"https:\\\/\\\/www.eldiario.net\\\/portal\\\/#\\\/schema\\\/person\\\/f46445640444750d7d753ccd04ae01b7\",\"name\":\"Jeanette\",\"image\":{\"@type\":\"ImageObject\",\"inLanguage\":\"es\",\"@id\":\"https:\\\/\\\/secure.gravatar.com\\\/avatar\\\/3ea2118a5f7dad2b7138b1187a6b7ee55f160b9968b66013c3a3ef39dd7e5798?s=96&d=mm&r=g\",\"url\":\"https:\\\/\\\/secure.gravatar.com\\\/avatar\\\/3ea2118a5f7dad2b7138b1187a6b7ee55f160b9968b66013c3a3ef39dd7e5798?s=96&d=mm&r=g\",\"contentUrl\":\"https:\\\/\\\/secure.gravatar.com\\\/avatar\\\/3ea2118a5f7dad2b7138b1187a6b7ee55f160b9968b66013c3a3ef39dd7e5798?s=96&d=mm&r=g\",\"caption\":\"Jeanette\"},\"sameAs\":[\"https:\\\/\\\/www.eldiario.net\\\/portal\"],\"url\":\"https:\\\/\\\/www.eldiario.net\\\/portal\\\/author\\\/jeanette\\\/\"}]}<\/script>\n<!-- \/ Yoast SEO plugin. -->","yoast_head_json":{"title":"El poder de la palabra y el poder de la ignorancia - El Diario - Bolivia","robots":{"index":"index","follow":"follow","max-snippet":"max-snippet:-1","max-image-preview":"max-image-preview:large","max-video-preview":"max-video-preview:-1"},"canonical":"https:\/\/www.eldiario.net\/portal\/2025\/12\/27\/el-poder-de-la-palabra-y-el-poder-de-la-ignorancia\/","og_locale":"es_ES","og_type":"article","og_title":"El poder de la palabra y el poder de la ignorancia - El Diario - Bolivia","og_description":"El ser humano no puede reducirse a una descripci\u00f3n biol\u00f3gica, porque, adem\u00e1s de materia, es pensamiento, emoci\u00f3n y conciencia, y todo ello encuentra su cauce natural en la palabra, ese instrumento que nos permite nombrar el mundo y comprendernos a nosotros mismos. Desde esta perspectiva, el lenguaje no es un simple medio de comunicaci\u00f3n, sino [&hellip;]","og_url":"https:\/\/www.eldiario.net\/portal\/2025\/12\/27\/el-poder-de-la-palabra-y-el-poder-de-la-ignorancia\/","og_site_name":"El Diario - Bolivia","article_publisher":"https:\/\/www.facebook.com\/eldiario.bolivia\/","article_published_time":"2025-12-27T11:10:12+00:00","og_image":[{"width":1200,"height":628,"url":"https:\/\/www.eldiario.net\/portal\/wp-content\/uploads\/2023\/06\/Marcelo-Miranda-Loayza.jpg","type":"image\/jpeg"}],"author":"Jeanette","twitter_card":"summary_large_image","twitter_creator":"@eldiario_net","twitter_site":"@eldiario_net","twitter_misc":{"Escrito por":"Jeanette","Tiempo de lectura":"4 minutos"},"schema":{"@context":"https:\/\/schema.org","@graph":[{"@type":"Article","@id":"https:\/\/www.eldiario.net\/portal\/2025\/12\/27\/el-poder-de-la-palabra-y-el-poder-de-la-ignorancia\/#article","isPartOf":{"@id":"https:\/\/www.eldiario.net\/portal\/2025\/12\/27\/el-poder-de-la-palabra-y-el-poder-de-la-ignorancia\/"},"author":{"name":"Jeanette","@id":"https:\/\/www.eldiario.net\/portal\/#\/schema\/person\/f46445640444750d7d753ccd04ae01b7"},"headline":"El poder de la palabra y el poder de la ignorancia","datePublished":"2025-12-27T11:10:12+00:00","mainEntityOfPage":{"@id":"https:\/\/www.eldiario.net\/portal\/2025\/12\/27\/el-poder-de-la-palabra-y-el-poder-de-la-ignorancia\/"},"wordCount":780,"publisher":{"@id":"https:\/\/www.eldiario.net\/portal\/#organization"},"image":{"@id":"https:\/\/www.eldiario.net\/portal\/2025\/12\/27\/el-poder-de-la-palabra-y-el-poder-de-la-ignorancia\/#primaryimage"},"thumbnailUrl":"https:\/\/www.eldiario.net\/portal\/wp-content\/uploads\/2023\/06\/Marcelo-Miranda-Loayza.jpg","articleSection":["Opini\u00f3n"],"inLanguage":"es"},{"@type":"WebPage","@id":"https:\/\/www.eldiario.net\/portal\/2025\/12\/27\/el-poder-de-la-palabra-y-el-poder-de-la-ignorancia\/","url":"https:\/\/www.eldiario.net\/portal\/2025\/12\/27\/el-poder-de-la-palabra-y-el-poder-de-la-ignorancia\/","name":"El poder de la palabra y el poder de la ignorancia - El Diario - Bolivia","isPartOf":{"@id":"https:\/\/www.eldiario.net\/portal\/#website"},"primaryImageOfPage":{"@id":"https:\/\/www.eldiario.net\/portal\/2025\/12\/27\/el-poder-de-la-palabra-y-el-poder-de-la-ignorancia\/#primaryimage"},"image":{"@id":"https:\/\/www.eldiario.net\/portal\/2025\/12\/27\/el-poder-de-la-palabra-y-el-poder-de-la-ignorancia\/#primaryimage"},"thumbnailUrl":"https:\/\/www.eldiario.net\/portal\/wp-content\/uploads\/2023\/06\/Marcelo-Miranda-Loayza.jpg","datePublished":"2025-12-27T11:10:12+00:00","breadcrumb":{"@id":"https:\/\/www.eldiario.net\/portal\/2025\/12\/27\/el-poder-de-la-palabra-y-el-poder-de-la-ignorancia\/#breadcrumb"},"inLanguage":"es","potentialAction":[{"@type":"ReadAction","target":["https:\/\/www.eldiario.net\/portal\/2025\/12\/27\/el-poder-de-la-palabra-y-el-poder-de-la-ignorancia\/"]}]},{"@type":"ImageObject","inLanguage":"es","@id":"https:\/\/www.eldiario.net\/portal\/2025\/12\/27\/el-poder-de-la-palabra-y-el-poder-de-la-ignorancia\/#primaryimage","url":"https:\/\/www.eldiario.net\/portal\/wp-content\/uploads\/2023\/06\/Marcelo-Miranda-Loayza.jpg","contentUrl":"https:\/\/www.eldiario.net\/portal\/wp-content\/uploads\/2023\/06\/Marcelo-Miranda-Loayza.jpg","width":1200,"height":628,"caption":"Marcelo Miranda Loayza"},{"@type":"BreadcrumbList","@id":"https:\/\/www.eldiario.net\/portal\/2025\/12\/27\/el-poder-de-la-palabra-y-el-poder-de-la-ignorancia\/#breadcrumb","itemListElement":[{"@type":"ListItem","position":1,"name":"Portada","item":"https:\/\/www.eldiario.net\/portal\/"},{"@type":"ListItem","position":2,"name":"El poder de la palabra y el poder de la ignorancia"}]},{"@type":"WebSite","@id":"https:\/\/www.eldiario.net\/portal\/#website","url":"https:\/\/www.eldiario.net\/portal\/","name":"El Diario - Decano de la prensa nacional","description":"El Diario - Decano de la prensa nacional","publisher":{"@id":"https:\/\/www.eldiario.net\/portal\/#organization"},"potentialAction":[{"@type":"SearchAction","target":{"@type":"EntryPoint","urlTemplate":"https:\/\/www.eldiario.net\/portal\/?s={search_term_string}"},"query-input":{"@type":"PropertyValueSpecification","valueRequired":true,"valueName":"search_term_string"}}],"inLanguage":"es"},{"@type":"Organization","@id":"https:\/\/www.eldiario.net\/portal\/#organization","name":"El Diario - Decano de la prensa nacional","url":"https:\/\/www.eldiario.net\/portal\/","logo":{"@type":"ImageObject","inLanguage":"es","@id":"https:\/\/www.eldiario.net\/portal\/#\/schema\/logo\/image\/","url":"https:\/\/www.eldiario.net\/portal\/wp-content\/uploads\/2023\/07\/logo_ED.jpg","contentUrl":"https:\/\/www.eldiario.net\/portal\/wp-content\/uploads\/2023\/07\/logo_ED.jpg","width":272,"height":52,"caption":"El Diario - Decano de la prensa nacional"},"image":{"@id":"https:\/\/www.eldiario.net\/portal\/#\/schema\/logo\/image\/"},"sameAs":["https:\/\/www.facebook.com\/eldiario.bolivia\/","https:\/\/x.com\/eldiario_net"]},{"@type":"Person","@id":"https:\/\/www.eldiario.net\/portal\/#\/schema\/person\/f46445640444750d7d753ccd04ae01b7","name":"Jeanette","image":{"@type":"ImageObject","inLanguage":"es","@id":"https:\/\/secure.gravatar.com\/avatar\/3ea2118a5f7dad2b7138b1187a6b7ee55f160b9968b66013c3a3ef39dd7e5798?s=96&d=mm&r=g","url":"https:\/\/secure.gravatar.com\/avatar\/3ea2118a5f7dad2b7138b1187a6b7ee55f160b9968b66013c3a3ef39dd7e5798?s=96&d=mm&r=g","contentUrl":"https:\/\/secure.gravatar.com\/avatar\/3ea2118a5f7dad2b7138b1187a6b7ee55f160b9968b66013c3a3ef39dd7e5798?s=96&d=mm&r=g","caption":"Jeanette"},"sameAs":["https:\/\/www.eldiario.net\/portal"],"url":"https:\/\/www.eldiario.net\/portal\/author\/jeanette\/"}]}},"_links":{"self":[{"href":"https:\/\/www.eldiario.net\/portal\/wp-json\/wp\/v2\/posts\/355229","targetHints":{"allow":["GET"]}}],"collection":[{"href":"https:\/\/www.eldiario.net\/portal\/wp-json\/wp\/v2\/posts"}],"about":[{"href":"https:\/\/www.eldiario.net\/portal\/wp-json\/wp\/v2\/types\/post"}],"author":[{"embeddable":true,"href":"https:\/\/www.eldiario.net\/portal\/wp-json\/wp\/v2\/users\/1"}],"replies":[{"embeddable":true,"href":"https:\/\/www.eldiario.net\/portal\/wp-json\/wp\/v2\/comments?post=355229"}],"version-history":[{"count":1,"href":"https:\/\/www.eldiario.net\/portal\/wp-json\/wp\/v2\/posts\/355229\/revisions"}],"predecessor-version":[{"id":355230,"href":"https:\/\/www.eldiario.net\/portal\/wp-json\/wp\/v2\/posts\/355229\/revisions\/355230"}],"wp:featuredmedia":[{"embeddable":true,"href":"https:\/\/www.eldiario.net\/portal\/wp-json\/wp\/v2\/media\/161861"}],"wp:attachment":[{"href":"https:\/\/www.eldiario.net\/portal\/wp-json\/wp\/v2\/media?parent=355229"}],"wp:term":[{"taxonomy":"category","embeddable":true,"href":"https:\/\/www.eldiario.net\/portal\/wp-json\/wp\/v2\/categories?post=355229"},{"taxonomy":"post_tag","embeddable":true,"href":"https:\/\/www.eldiario.net\/portal\/wp-json\/wp\/v2\/tags?post=355229"}],"curies":[{"name":"wp","href":"https:\/\/api.w.org\/{rel}","templated":true}]}}