{"id":355227,"date":"2025-12-27T07:09:47","date_gmt":"2025-12-27T11:09:47","guid":{"rendered":"https:\/\/www.eldiario.net\/portal\/?p=355227"},"modified":"2025-12-27T07:09:47","modified_gmt":"2025-12-27T11:09:47","slug":"bolivia-hora-de-reparar-injusticias","status":"publish","type":"post","link":"https:\/\/www.eldiario.net\/portal\/2025\/12\/27\/bolivia-hora-de-reparar-injusticias\/","title":{"rendered":"Bolivia: hora de reparar injusticias"},"content":{"rendered":"<p>El proyecto de \u201cLey para la Revisi\u00f3n de Procesos Penales Viciados por M\u00f3viles de Persecuci\u00f3n Pol\u00edtica\u201d, presentado ante la C\u00e1mara de Diputados el 17 de diciembre de 2025 por el diputado Carlos Alarc\u00f3n Mondonio, representa un paso fundamental hacia la restauraci\u00f3n del Estado de Derecho en Bolivia. Esta iniciativa legislativa aborda una deuda pendiente con cientos de ciudadanos que, durante casi dos d\u00e9cadas, fueron v\u00edctimas de un sistema judicial instrumentalizado con fines pol\u00edticos.<br \/>\nEl proyecto reconoce una realidad documentada: entre 2006 y 2025, numerosos procesos penales se tramitaron sobre bases irregulares, donde la independencia judicial y las garant\u00edas procesales fueron sistem\u00e1ticamente vulneradas. La detenci\u00f3n preventiva abusiva, los procesos abreviados forzados y la ausencia de defensa efectiva convirtieron al sistema de justicia en una herramienta de neutralizaci\u00f3n de la disidencia pol\u00edtica.<br \/>\nLa arquitectura jur\u00eddica del proyecto es s\u00f3lida y equilibrada. Establece dos mecanismos claramente diferenciados: la Excepci\u00f3n Extraordinaria para procesos sin sentencia ejecutoriada, y el Recurso de Revisi\u00f3n para condenas firmes, incorporando una nueva causal al C\u00f3digo de Procedimiento Penal. Ambos instrumentos se sustentan en el marco constitucional boliviano y en tratados internacionales de derechos humanos ratificados por el pa\u00eds, como la Convenci\u00f3n Americana y el Pacto Internacional de Derechos Civiles y Pol\u00edticos.<br \/>\nUn aspecto destacable es la prudencia del legislador al excluir del \u00e1mbito de aplicaci\u00f3n aquellos casos de violaciones a derechos humanos documentadas por organismos como el GIEI, la CIDH o la Corte Interamericana. Esta distinci\u00f3n demuestra que no se trata de una amnist\u00eda generalizada ni de impunidad, sino de un mecanismo de justicia restaurativa dirigido espec\u00edficamente a quienes fueron perseguidos por razones pol\u00edticas.<br \/>\nLa garant\u00eda de que las decisiones finales recaigan en el Tribunal Supremo de Justicia, en su nueva composici\u00f3n surgida de las elecciones judiciales de 2024, otorga legitimidad democr\u00e1tica al proceso y ofrece mayores garant\u00edas de imparcialidad.<br \/>\nBolivia necesita cerrar un cap\u00edtulo oscuro de su historia reciente. Las familias divididas, los refugiados pol\u00edticos dispersos por distintos pa\u00edses del continente, los exiliados que a\u00f1oran su patria, los presos pol\u00edticos y quienes perdieron a\u00f1os de su vida enfrentando procesos espurios merecen una respuesta institucional. Esta ley representa la posibilidad de que bolivianos y bolivianas que tuvieron que abandonar su pa\u00eds huyendo de la persecuci\u00f3n puedan finalmente retornar con dignidad y sin el peso de causas judiciales fabricadas. No busca venganza sino reparaci\u00f3n; no pretende borrar la historia sino corregir injusticias.<br \/>\nPor todo ello, el tratamiento legislativo de este proyecto debe ser prioritario y expedito. Cada d\u00eda de dilaci\u00f3n representa la prolongaci\u00f3n del sufrimiento de las v\u00edctimas y la perpetuaci\u00f3n de un sistema que utiliz\u00f3 la justicia como arma pol\u00edtica. La Asamblea Legislativa Plurinacional tiene la oportunidad hist\u00f3rica de demostrar que las instituciones democr\u00e1ticas pueden autocorregirse y que el Estado de Derecho prevalece sobre los abusos del poder. Bolivia y su pueblo lo merecen.<\/p>\n<p>El autor es abogado.<\/p>\n","protected":false},"excerpt":{"rendered":"<p>El proyecto de \u201cLey para la Revisi\u00f3n de Procesos Penales Viciados por M\u00f3viles de Persecuci\u00f3n Pol\u00edtica\u201d, presentado ante la C\u00e1mara de Diputados el 17 de diciembre de 2025 por el diputado Carlos Alarc\u00f3n Mondonio, representa un paso fundamental hacia la restauraci\u00f3n del Estado de Derecho en Bolivia. Esta iniciativa legislativa aborda una deuda pendiente con [&hellip;]<\/p>\n","protected":false},"author":1,"featured_media":333138,"comment_status":"closed","ping_status":"open","sticky":false,"template":"","format":"standard","meta":{"_acf_changed":false,"footnotes":""},"categories":[9],"tags":[],"class_list":["post-355227","post","type-post","status-publish","format-standard","has-post-thumbnail","category-opinion"],"acf":{"antetitulo":""},"yoast_head":"<!-- This site is optimized with the Yoast SEO plugin v28.3 - https:\/\/yoast.com\/product\/yoast-seo-wordpress\/ -->\n<title>Bolivia: hora de reparar injusticias - El Diario - Bolivia<\/title>\n<meta name=\"robots\" content=\"index, follow, max-snippet:-1, max-image-preview:large, max-video-preview:-1\" \/>\n<link rel=\"canonical\" href=\"https:\/\/www.eldiario.net\/portal\/2025\/12\/27\/bolivia-hora-de-reparar-injusticias\/\" \/>\n<meta property=\"og:locale\" content=\"es_ES\" \/>\n<meta property=\"og:type\" content=\"article\" \/>\n<meta property=\"og:title\" content=\"Bolivia: hora de reparar injusticias - El Diario - Bolivia\" \/>\n<meta property=\"og:description\" content=\"El proyecto de \u201cLey para la Revisi\u00f3n de Procesos Penales Viciados por M\u00f3viles de Persecuci\u00f3n Pol\u00edtica\u201d, presentado ante la C\u00e1mara de Diputados el 17 de diciembre de 2025 por el diputado Carlos Alarc\u00f3n Mondonio, representa un paso fundamental hacia la restauraci\u00f3n del Estado de Derecho en Bolivia. Esta iniciativa legislativa aborda una deuda pendiente con [&hellip;]\" \/>\n<meta property=\"og:url\" content=\"https:\/\/www.eldiario.net\/portal\/2025\/12\/27\/bolivia-hora-de-reparar-injusticias\/\" \/>\n<meta property=\"og:site_name\" content=\"El Diario - Bolivia\" \/>\n<meta property=\"article:publisher\" content=\"https:\/\/www.facebook.com\/eldiario.bolivia\/\" \/>\n<meta property=\"article:published_time\" content=\"2025-12-27T11:09:47+00:00\" \/>\n<meta property=\"og:image\" content=\"https:\/\/www.eldiario.net\/portal\/wp-content\/uploads\/2025\/09\/Mauricio-Ochoa-Urioste.webp\" \/>\n\t<meta property=\"og:image:width\" content=\"1200\" \/>\n\t<meta property=\"og:image:height\" content=\"628\" \/>\n\t<meta property=\"og:image:type\" content=\"image\/webp\" \/>\n<meta name=\"author\" content=\"Jeanette\" \/>\n<meta name=\"twitter:card\" content=\"summary_large_image\" \/>\n<meta name=\"twitter:creator\" content=\"@eldiario_net\" \/>\n<meta name=\"twitter:site\" content=\"@eldiario_net\" \/>\n<meta name=\"twitter:label1\" content=\"Escrito por\" \/>\n\t<meta name=\"twitter:data1\" content=\"Jeanette\" \/>\n\t<meta name=\"twitter:label2\" content=\"Tiempo de lectura\" \/>\n\t<meta name=\"twitter:data2\" content=\"3 minutos\" \/>\n<script type=\"application\/ld+json\" class=\"yoast-schema-graph\">{\"@context\":\"https:\\\/\\\/schema.org\",\"@graph\":[{\"@type\":\"Article\",\"@id\":\"https:\\\/\\\/www.eldiario.net\\\/portal\\\/2025\\\/12\\\/27\\\/bolivia-hora-de-reparar-injusticias\\\/#article\",\"isPartOf\":{\"@id\":\"https:\\\/\\\/www.eldiario.net\\\/portal\\\/2025\\\/12\\\/27\\\/bolivia-hora-de-reparar-injusticias\\\/\"},\"author\":{\"name\":\"Jeanette\",\"@id\":\"https:\\\/\\\/www.eldiario.net\\\/portal\\\/#\\\/schema\\\/person\\\/f46445640444750d7d753ccd04ae01b7\"},\"headline\":\"Bolivia: hora de reparar injusticias\",\"datePublished\":\"2025-12-27T11:09:47+00:00\",\"mainEntityOfPage\":{\"@id\":\"https:\\\/\\\/www.eldiario.net\\\/portal\\\/2025\\\/12\\\/27\\\/bolivia-hora-de-reparar-injusticias\\\/\"},\"wordCount\":518,\"publisher\":{\"@id\":\"https:\\\/\\\/www.eldiario.net\\\/portal\\\/#organization\"},\"image\":{\"@id\":\"https:\\\/\\\/www.eldiario.net\\\/portal\\\/2025\\\/12\\\/27\\\/bolivia-hora-de-reparar-injusticias\\\/#primaryimage\"},\"thumbnailUrl\":\"https:\\\/\\\/www.eldiario.net\\\/portal\\\/wp-content\\\/uploads\\\/2025\\\/09\\\/Mauricio-Ochoa-Urioste.webp\",\"articleSection\":[\"Opini\u00f3n\"],\"inLanguage\":\"es\"},{\"@type\":\"WebPage\",\"@id\":\"https:\\\/\\\/www.eldiario.net\\\/portal\\\/2025\\\/12\\\/27\\\/bolivia-hora-de-reparar-injusticias\\\/\",\"url\":\"https:\\\/\\\/www.eldiario.net\\\/portal\\\/2025\\\/12\\\/27\\\/bolivia-hora-de-reparar-injusticias\\\/\",\"name\":\"Bolivia: hora de reparar injusticias - El Diario - Bolivia\",\"isPartOf\":{\"@id\":\"https:\\\/\\\/www.eldiario.net\\\/portal\\\/#website\"},\"primaryImageOfPage\":{\"@id\":\"https:\\\/\\\/www.eldiario.net\\\/portal\\\/2025\\\/12\\\/27\\\/bolivia-hora-de-reparar-injusticias\\\/#primaryimage\"},\"image\":{\"@id\":\"https:\\\/\\\/www.eldiario.net\\\/portal\\\/2025\\\/12\\\/27\\\/bolivia-hora-de-reparar-injusticias\\\/#primaryimage\"},\"thumbnailUrl\":\"https:\\\/\\\/www.eldiario.net\\\/portal\\\/wp-content\\\/uploads\\\/2025\\\/09\\\/Mauricio-Ochoa-Urioste.webp\",\"datePublished\":\"2025-12-27T11:09:47+00:00\",\"breadcrumb\":{\"@id\":\"https:\\\/\\\/www.eldiario.net\\\/portal\\\/2025\\\/12\\\/27\\\/bolivia-hora-de-reparar-injusticias\\\/#breadcrumb\"},\"inLanguage\":\"es\",\"potentialAction\":[{\"@type\":\"ReadAction\",\"target\":[\"https:\\\/\\\/www.eldiario.net\\\/portal\\\/2025\\\/12\\\/27\\\/bolivia-hora-de-reparar-injusticias\\\/\"]}]},{\"@type\":\"ImageObject\",\"inLanguage\":\"es\",\"@id\":\"https:\\\/\\\/www.eldiario.net\\\/portal\\\/2025\\\/12\\\/27\\\/bolivia-hora-de-reparar-injusticias\\\/#primaryimage\",\"url\":\"https:\\\/\\\/www.eldiario.net\\\/portal\\\/wp-content\\\/uploads\\\/2025\\\/09\\\/Mauricio-Ochoa-Urioste.webp\",\"contentUrl\":\"https:\\\/\\\/www.eldiario.net\\\/portal\\\/wp-content\\\/uploads\\\/2025\\\/09\\\/Mauricio-Ochoa-Urioste.webp\",\"width\":1200,\"height\":628,\"caption\":\"Mauricio Ochoa Urioste\"},{\"@type\":\"BreadcrumbList\",\"@id\":\"https:\\\/\\\/www.eldiario.net\\\/portal\\\/2025\\\/12\\\/27\\\/bolivia-hora-de-reparar-injusticias\\\/#breadcrumb\",\"itemListElement\":[{\"@type\":\"ListItem\",\"position\":1,\"name\":\"Portada\",\"item\":\"https:\\\/\\\/www.eldiario.net\\\/portal\\\/\"},{\"@type\":\"ListItem\",\"position\":2,\"name\":\"Bolivia: hora de reparar injusticias\"}]},{\"@type\":\"WebSite\",\"@id\":\"https:\\\/\\\/www.eldiario.net\\\/portal\\\/#website\",\"url\":\"https:\\\/\\\/www.eldiario.net\\\/portal\\\/\",\"name\":\"El Diario - Decano de la prensa nacional\",\"description\":\"El Diario - Decano de la prensa nacional\",\"publisher\":{\"@id\":\"https:\\\/\\\/www.eldiario.net\\\/portal\\\/#organization\"},\"potentialAction\":[{\"@type\":\"SearchAction\",\"target\":{\"@type\":\"EntryPoint\",\"urlTemplate\":\"https:\\\/\\\/www.eldiario.net\\\/portal\\\/?s={search_term_string}\"},\"query-input\":{\"@type\":\"PropertyValueSpecification\",\"valueRequired\":true,\"valueName\":\"search_term_string\"}}],\"inLanguage\":\"es\"},{\"@type\":\"Organization\",\"@id\":\"https:\\\/\\\/www.eldiario.net\\\/portal\\\/#organization\",\"name\":\"El Diario - Decano de la prensa nacional\",\"url\":\"https:\\\/\\\/www.eldiario.net\\\/portal\\\/\",\"logo\":{\"@type\":\"ImageObject\",\"inLanguage\":\"es\",\"@id\":\"https:\\\/\\\/www.eldiario.net\\\/portal\\\/#\\\/schema\\\/logo\\\/image\\\/\",\"url\":\"https:\\\/\\\/www.eldiario.net\\\/portal\\\/wp-content\\\/uploads\\\/2023\\\/07\\\/logo_ED.jpg\",\"contentUrl\":\"https:\\\/\\\/www.eldiario.net\\\/portal\\\/wp-content\\\/uploads\\\/2023\\\/07\\\/logo_ED.jpg\",\"width\":272,\"height\":52,\"caption\":\"El Diario - Decano de la prensa nacional\"},\"image\":{\"@id\":\"https:\\\/\\\/www.eldiario.net\\\/portal\\\/#\\\/schema\\\/logo\\\/image\\\/\"},\"sameAs\":[\"https:\\\/\\\/www.facebook.com\\\/eldiario.bolivia\\\/\",\"https:\\\/\\\/x.com\\\/eldiario_net\"]},{\"@type\":\"Person\",\"@id\":\"https:\\\/\\\/www.eldiario.net\\\/portal\\\/#\\\/schema\\\/person\\\/f46445640444750d7d753ccd04ae01b7\",\"name\":\"Jeanette\",\"image\":{\"@type\":\"ImageObject\",\"inLanguage\":\"es\",\"@id\":\"https:\\\/\\\/secure.gravatar.com\\\/avatar\\\/3ea2118a5f7dad2b7138b1187a6b7ee55f160b9968b66013c3a3ef39dd7e5798?s=96&d=mm&r=g\",\"url\":\"https:\\\/\\\/secure.gravatar.com\\\/avatar\\\/3ea2118a5f7dad2b7138b1187a6b7ee55f160b9968b66013c3a3ef39dd7e5798?s=96&d=mm&r=g\",\"contentUrl\":\"https:\\\/\\\/secure.gravatar.com\\\/avatar\\\/3ea2118a5f7dad2b7138b1187a6b7ee55f160b9968b66013c3a3ef39dd7e5798?s=96&d=mm&r=g\",\"caption\":\"Jeanette\"},\"sameAs\":[\"https:\\\/\\\/www.eldiario.net\\\/portal\"],\"url\":\"https:\\\/\\\/www.eldiario.net\\\/portal\\\/author\\\/jeanette\\\/\"}]}<\/script>\n<!-- \/ Yoast SEO plugin. -->","yoast_head_json":{"title":"Bolivia: hora de reparar injusticias - El Diario - Bolivia","robots":{"index":"index","follow":"follow","max-snippet":"max-snippet:-1","max-image-preview":"max-image-preview:large","max-video-preview":"max-video-preview:-1"},"canonical":"https:\/\/www.eldiario.net\/portal\/2025\/12\/27\/bolivia-hora-de-reparar-injusticias\/","og_locale":"es_ES","og_type":"article","og_title":"Bolivia: hora de reparar injusticias - El Diario - Bolivia","og_description":"El proyecto de \u201cLey para la Revisi\u00f3n de Procesos Penales Viciados por M\u00f3viles de Persecuci\u00f3n Pol\u00edtica\u201d, presentado ante la C\u00e1mara de Diputados el 17 de diciembre de 2025 por el diputado Carlos Alarc\u00f3n Mondonio, representa un paso fundamental hacia la restauraci\u00f3n del Estado de Derecho en Bolivia. Esta iniciativa legislativa aborda una deuda pendiente con [&hellip;]","og_url":"https:\/\/www.eldiario.net\/portal\/2025\/12\/27\/bolivia-hora-de-reparar-injusticias\/","og_site_name":"El Diario - Bolivia","article_publisher":"https:\/\/www.facebook.com\/eldiario.bolivia\/","article_published_time":"2025-12-27T11:09:47+00:00","og_image":[{"width":1200,"height":628,"url":"https:\/\/www.eldiario.net\/portal\/wp-content\/uploads\/2025\/09\/Mauricio-Ochoa-Urioste.webp","type":"image\/webp"}],"author":"Jeanette","twitter_card":"summary_large_image","twitter_creator":"@eldiario_net","twitter_site":"@eldiario_net","twitter_misc":{"Escrito por":"Jeanette","Tiempo de lectura":"3 minutos"},"schema":{"@context":"https:\/\/schema.org","@graph":[{"@type":"Article","@id":"https:\/\/www.eldiario.net\/portal\/2025\/12\/27\/bolivia-hora-de-reparar-injusticias\/#article","isPartOf":{"@id":"https:\/\/www.eldiario.net\/portal\/2025\/12\/27\/bolivia-hora-de-reparar-injusticias\/"},"author":{"name":"Jeanette","@id":"https:\/\/www.eldiario.net\/portal\/#\/schema\/person\/f46445640444750d7d753ccd04ae01b7"},"headline":"Bolivia: hora de reparar injusticias","datePublished":"2025-12-27T11:09:47+00:00","mainEntityOfPage":{"@id":"https:\/\/www.eldiario.net\/portal\/2025\/12\/27\/bolivia-hora-de-reparar-injusticias\/"},"wordCount":518,"publisher":{"@id":"https:\/\/www.eldiario.net\/portal\/#organization"},"image":{"@id":"https:\/\/www.eldiario.net\/portal\/2025\/12\/27\/bolivia-hora-de-reparar-injusticias\/#primaryimage"},"thumbnailUrl":"https:\/\/www.eldiario.net\/portal\/wp-content\/uploads\/2025\/09\/Mauricio-Ochoa-Urioste.webp","articleSection":["Opini\u00f3n"],"inLanguage":"es"},{"@type":"WebPage","@id":"https:\/\/www.eldiario.net\/portal\/2025\/12\/27\/bolivia-hora-de-reparar-injusticias\/","url":"https:\/\/www.eldiario.net\/portal\/2025\/12\/27\/bolivia-hora-de-reparar-injusticias\/","name":"Bolivia: hora de reparar injusticias - El Diario - Bolivia","isPartOf":{"@id":"https:\/\/www.eldiario.net\/portal\/#website"},"primaryImageOfPage":{"@id":"https:\/\/www.eldiario.net\/portal\/2025\/12\/27\/bolivia-hora-de-reparar-injusticias\/#primaryimage"},"image":{"@id":"https:\/\/www.eldiario.net\/portal\/2025\/12\/27\/bolivia-hora-de-reparar-injusticias\/#primaryimage"},"thumbnailUrl":"https:\/\/www.eldiario.net\/portal\/wp-content\/uploads\/2025\/09\/Mauricio-Ochoa-Urioste.webp","datePublished":"2025-12-27T11:09:47+00:00","breadcrumb":{"@id":"https:\/\/www.eldiario.net\/portal\/2025\/12\/27\/bolivia-hora-de-reparar-injusticias\/#breadcrumb"},"inLanguage":"es","potentialAction":[{"@type":"ReadAction","target":["https:\/\/www.eldiario.net\/portal\/2025\/12\/27\/bolivia-hora-de-reparar-injusticias\/"]}]},{"@type":"ImageObject","inLanguage":"es","@id":"https:\/\/www.eldiario.net\/portal\/2025\/12\/27\/bolivia-hora-de-reparar-injusticias\/#primaryimage","url":"https:\/\/www.eldiario.net\/portal\/wp-content\/uploads\/2025\/09\/Mauricio-Ochoa-Urioste.webp","contentUrl":"https:\/\/www.eldiario.net\/portal\/wp-content\/uploads\/2025\/09\/Mauricio-Ochoa-Urioste.webp","width":1200,"height":628,"caption":"Mauricio Ochoa Urioste"},{"@type":"BreadcrumbList","@id":"https:\/\/www.eldiario.net\/portal\/2025\/12\/27\/bolivia-hora-de-reparar-injusticias\/#breadcrumb","itemListElement":[{"@type":"ListItem","position":1,"name":"Portada","item":"https:\/\/www.eldiario.net\/portal\/"},{"@type":"ListItem","position":2,"name":"Bolivia: hora de reparar injusticias"}]},{"@type":"WebSite","@id":"https:\/\/www.eldiario.net\/portal\/#website","url":"https:\/\/www.eldiario.net\/portal\/","name":"El Diario - Decano de la prensa nacional","description":"El Diario - Decano de la prensa nacional","publisher":{"@id":"https:\/\/www.eldiario.net\/portal\/#organization"},"potentialAction":[{"@type":"SearchAction","target":{"@type":"EntryPoint","urlTemplate":"https:\/\/www.eldiario.net\/portal\/?s={search_term_string}"},"query-input":{"@type":"PropertyValueSpecification","valueRequired":true,"valueName":"search_term_string"}}],"inLanguage":"es"},{"@type":"Organization","@id":"https:\/\/www.eldiario.net\/portal\/#organization","name":"El Diario - Decano de la prensa nacional","url":"https:\/\/www.eldiario.net\/portal\/","logo":{"@type":"ImageObject","inLanguage":"es","@id":"https:\/\/www.eldiario.net\/portal\/#\/schema\/logo\/image\/","url":"https:\/\/www.eldiario.net\/portal\/wp-content\/uploads\/2023\/07\/logo_ED.jpg","contentUrl":"https:\/\/www.eldiario.net\/portal\/wp-content\/uploads\/2023\/07\/logo_ED.jpg","width":272,"height":52,"caption":"El Diario - Decano de la prensa nacional"},"image":{"@id":"https:\/\/www.eldiario.net\/portal\/#\/schema\/logo\/image\/"},"sameAs":["https:\/\/www.facebook.com\/eldiario.bolivia\/","https:\/\/x.com\/eldiario_net"]},{"@type":"Person","@id":"https:\/\/www.eldiario.net\/portal\/#\/schema\/person\/f46445640444750d7d753ccd04ae01b7","name":"Jeanette","image":{"@type":"ImageObject","inLanguage":"es","@id":"https:\/\/secure.gravatar.com\/avatar\/3ea2118a5f7dad2b7138b1187a6b7ee55f160b9968b66013c3a3ef39dd7e5798?s=96&d=mm&r=g","url":"https:\/\/secure.gravatar.com\/avatar\/3ea2118a5f7dad2b7138b1187a6b7ee55f160b9968b66013c3a3ef39dd7e5798?s=96&d=mm&r=g","contentUrl":"https:\/\/secure.gravatar.com\/avatar\/3ea2118a5f7dad2b7138b1187a6b7ee55f160b9968b66013c3a3ef39dd7e5798?s=96&d=mm&r=g","caption":"Jeanette"},"sameAs":["https:\/\/www.eldiario.net\/portal"],"url":"https:\/\/www.eldiario.net\/portal\/author\/jeanette\/"}]}},"_links":{"self":[{"href":"https:\/\/www.eldiario.net\/portal\/wp-json\/wp\/v2\/posts\/355227","targetHints":{"allow":["GET"]}}],"collection":[{"href":"https:\/\/www.eldiario.net\/portal\/wp-json\/wp\/v2\/posts"}],"about":[{"href":"https:\/\/www.eldiario.net\/portal\/wp-json\/wp\/v2\/types\/post"}],"author":[{"embeddable":true,"href":"https:\/\/www.eldiario.net\/portal\/wp-json\/wp\/v2\/users\/1"}],"replies":[{"embeddable":true,"href":"https:\/\/www.eldiario.net\/portal\/wp-json\/wp\/v2\/comments?post=355227"}],"version-history":[{"count":1,"href":"https:\/\/www.eldiario.net\/portal\/wp-json\/wp\/v2\/posts\/355227\/revisions"}],"predecessor-version":[{"id":355228,"href":"https:\/\/www.eldiario.net\/portal\/wp-json\/wp\/v2\/posts\/355227\/revisions\/355228"}],"wp:featuredmedia":[{"embeddable":true,"href":"https:\/\/www.eldiario.net\/portal\/wp-json\/wp\/v2\/media\/333138"}],"wp:attachment":[{"href":"https:\/\/www.eldiario.net\/portal\/wp-json\/wp\/v2\/media?parent=355227"}],"wp:term":[{"taxonomy":"category","embeddable":true,"href":"https:\/\/www.eldiario.net\/portal\/wp-json\/wp\/v2\/categories?post=355227"},{"taxonomy":"post_tag","embeddable":true,"href":"https:\/\/www.eldiario.net\/portal\/wp-json\/wp\/v2\/tags?post=355227"}],"curies":[{"name":"wp","href":"https:\/\/api.w.org\/{rel}","templated":true}]}}