{"id":355225,"date":"2025-12-27T07:09:20","date_gmt":"2025-12-27T11:09:20","guid":{"rendered":"https:\/\/www.eldiario.net\/portal\/?p=355225"},"modified":"2025-12-27T07:09:20","modified_gmt":"2025-12-27T11:09:20","slug":"acontecimientos-del-presente-en-las-paginas-del-manana","status":"publish","type":"post","link":"https:\/\/www.eldiario.net\/portal\/2025\/12\/27\/acontecimientos-del-presente-en-las-paginas-del-manana\/","title":{"rendered":"Acontecimientos del presente en las p\u00e1ginas del ma\u00f1ana"},"content":{"rendered":"<p>En las cr\u00f3nicas que se escriban para dejar testimonio de lo que ha sido el presente, probablemente dir\u00e1n que, por estos d\u00edas, previos a las fiestas de Navidad y A\u00f1o nuevo, Bolivia enfrentaba una situaci\u00f3n cr\u00edtica; las arcas fiscales sin dinero suficiente, y las deudas impagas aumentaban a la par que transcurr\u00edan los d\u00edas. Entretanto, los pescadores en rio revuelto, disconformes e impacientes, exig\u00edan que sean adoptadas medidas econ\u00f3micas extremas, y que al pueblo se le aplique los remedios, en plenos d\u00edas festivos, por m\u00e1s dolorosas que sean. Su esperanza para que todo suba de precio parec\u00eda fallida, hasta que el d\u00eda lleg\u00f3; el diecisiete de diciembre, 2025, los combustibles subieron de precio.<br \/>\nLos ciudadanos, en su papel de pacientes, con la salud emocional destrozada &#8211;casi en terapia intensiva&#8211; viv\u00edan con miedo, pues el presidente Rodrigo Paz, inicialmente gradualista, empez\u00f3 a decir que se ven\u00edan tiempos dif\u00edciles. Al anochecer de ese d\u00eda empez\u00f3 a encaminarlos, promulg\u00f3 el Decreto Supremo 5503. Entre los argumentos repetidos para eliminar la subvenci\u00f3n se mencionaba: el Estado no puede controlar el contrabando; admit\u00eda su incapacidad con desfachatez, se quejaba de lo que permit\u00eda. Pocas horas despu\u00e9s de publicado el decreto, resurgieron los movimientos reivindicadores despu\u00e9s de que estuvieron callados por a\u00f1os. As\u00ed como esos otros falsarios, que pasaron a otro bando pol\u00edtico, ped\u00edan que se resuelvan de inmediato los problemas que ellos mismos hab\u00edan causado, exig\u00edan la vigencia de derechos que conculcaron sin miramientos.<br \/>\nLas lluvias persistentes y espesas; los meses de noviembre y diciembre, del 2025, llegaron exageradamente torrenciales, se desplazaron los r\u00edos, y las aguas turbias, caudalosas, arrasaron viviendas, sembrad\u00edos; para m\u00e1s infortunio se perdieron vidas. Algunos pol\u00edticos, en todo tiempo ofrecidos, aprovecharon la desventura ajena para desplegar demagogia, que ellos llamaban solidaridad social; porque en la realidad la ayuda efectiva se demostr\u00f3 en los rescatistas an\u00f3nimos que expusieron su valor y habilidades, a pesar de los recursos escasos. Se entreg\u00f3 ropa usada, alimento y medicamentos, un socorro pasajero ante la inmensidad de los da\u00f1os.<br \/>\nEn medio de tanto entrevero fueron anunciadas las elecciones subregionales. Los pol\u00edticos en su salsa se volvieron a juntar para capturar cargos p\u00fablicos, en concordia pragm\u00e1tica electoral; una maquinaci\u00f3n frecuente en pa\u00edses expuestos a ese desventurado defecto del mestizaje cultural. Manipularon las expectativas de los sectores que buscaban respaldo econ\u00f3mico, apoyo para seguir produciendo, y de una mayor\u00eda que luchaba por el sustento diario.<br \/>\nEn ceremonia ampulosa nombraron a los integrantes de la \u201cComisi\u00f3n de la verdad\u201d; se dec\u00edan tantas cosas, se informaba con tono morboso descubrimientos escandalosos. Para calmar la sed de justicia aumentaron los encarcelados; pero como siempre, mucha c\u00e1rcel, de dineros recuperados nada.<br \/>\nLo que se recuperaba con ajetreo era pobladores, v\u00edctimas del turbi\u00f3n; como esos dos ni\u00f1os de tez morena, labios secos y cabello tieso, tra\u00eddos en brazos, rescatados del fango; con su mirada ingenua y desva\u00edda parec\u00edan preguntarse por qu\u00e9 les contaban los latidos y signos vitales, si lo que tra\u00edan era orfandad, angustia, hambre y sed.<\/p>\n<p>El autor es periodista.<\/p>\n","protected":false},"excerpt":{"rendered":"<p>En las cr\u00f3nicas que se escriban para dejar testimonio de lo que ha sido el presente, probablemente dir\u00e1n que, por estos d\u00edas, previos a las fiestas de Navidad y A\u00f1o nuevo, Bolivia enfrentaba una situaci\u00f3n cr\u00edtica; las arcas fiscales sin dinero suficiente, y las deudas impagas aumentaban a la par que transcurr\u00edan los d\u00edas. Entretanto, [&hellip;]<\/p>\n","protected":false},"author":1,"featured_media":166360,"comment_status":"closed","ping_status":"open","sticky":false,"template":"","format":"standard","meta":{"_acf_changed":false,"footnotes":""},"categories":[9],"tags":[],"class_list":["post-355225","post","type-post","status-publish","format-standard","has-post-thumbnail","category-opinion"],"acf":{"antetitulo":""},"yoast_head":"<!-- This site is optimized with the Yoast SEO plugin v28.3 - https:\/\/yoast.com\/product\/yoast-seo-wordpress\/ -->\n<title>Acontecimientos del presente en las p\u00e1ginas del ma\u00f1ana - El Diario - Bolivia<\/title>\n<meta name=\"robots\" content=\"index, follow, max-snippet:-1, max-image-preview:large, max-video-preview:-1\" \/>\n<link rel=\"canonical\" href=\"https:\/\/www.eldiario.net\/portal\/2025\/12\/27\/acontecimientos-del-presente-en-las-paginas-del-manana\/\" \/>\n<meta property=\"og:locale\" content=\"es_ES\" \/>\n<meta property=\"og:type\" content=\"article\" \/>\n<meta property=\"og:title\" content=\"Acontecimientos del presente en las p\u00e1ginas del ma\u00f1ana - El Diario - Bolivia\" \/>\n<meta property=\"og:description\" content=\"En las cr\u00f3nicas que se escriban para dejar testimonio de lo que ha sido el presente, probablemente dir\u00e1n que, por estos d\u00edas, previos a las fiestas de Navidad y A\u00f1o nuevo, Bolivia enfrentaba una situaci\u00f3n cr\u00edtica; las arcas fiscales sin dinero suficiente, y las deudas impagas aumentaban a la par que transcurr\u00edan los d\u00edas. Entretanto, [&hellip;]\" \/>\n<meta property=\"og:url\" content=\"https:\/\/www.eldiario.net\/portal\/2025\/12\/27\/acontecimientos-del-presente-en-las-paginas-del-manana\/\" \/>\n<meta property=\"og:site_name\" content=\"El Diario - Bolivia\" \/>\n<meta property=\"article:publisher\" content=\"https:\/\/www.facebook.com\/eldiario.bolivia\/\" \/>\n<meta property=\"article:published_time\" content=\"2025-12-27T11:09:20+00:00\" \/>\n<meta property=\"og:image\" content=\"https:\/\/www.eldiario.net\/portal\/wp-content\/uploads\/2023\/07\/Mario-Malpartida.jpg\" \/>\n\t<meta property=\"og:image:width\" content=\"1200\" \/>\n\t<meta property=\"og:image:height\" content=\"628\" \/>\n\t<meta property=\"og:image:type\" content=\"image\/jpeg\" \/>\n<meta name=\"author\" content=\"Jeanette\" \/>\n<meta name=\"twitter:card\" content=\"summary_large_image\" \/>\n<meta name=\"twitter:creator\" content=\"@eldiario_net\" \/>\n<meta name=\"twitter:site\" content=\"@eldiario_net\" \/>\n<meta name=\"twitter:label1\" content=\"Escrito por\" \/>\n\t<meta name=\"twitter:data1\" content=\"Jeanette\" \/>\n\t<meta name=\"twitter:label2\" content=\"Tiempo de lectura\" \/>\n\t<meta name=\"twitter:data2\" content=\"3 minutos\" \/>\n<script type=\"application\/ld+json\" class=\"yoast-schema-graph\">{\"@context\":\"https:\\\/\\\/schema.org\",\"@graph\":[{\"@type\":\"Article\",\"@id\":\"https:\\\/\\\/www.eldiario.net\\\/portal\\\/2025\\\/12\\\/27\\\/acontecimientos-del-presente-en-las-paginas-del-manana\\\/#article\",\"isPartOf\":{\"@id\":\"https:\\\/\\\/www.eldiario.net\\\/portal\\\/2025\\\/12\\\/27\\\/acontecimientos-del-presente-en-las-paginas-del-manana\\\/\"},\"author\":{\"name\":\"Jeanette\",\"@id\":\"https:\\\/\\\/www.eldiario.net\\\/portal\\\/#\\\/schema\\\/person\\\/f46445640444750d7d753ccd04ae01b7\"},\"headline\":\"Acontecimientos del presente en las p\u00e1ginas del ma\u00f1ana\",\"datePublished\":\"2025-12-27T11:09:20+00:00\",\"mainEntityOfPage\":{\"@id\":\"https:\\\/\\\/www.eldiario.net\\\/portal\\\/2025\\\/12\\\/27\\\/acontecimientos-del-presente-en-las-paginas-del-manana\\\/\"},\"wordCount\":556,\"publisher\":{\"@id\":\"https:\\\/\\\/www.eldiario.net\\\/portal\\\/#organization\"},\"image\":{\"@id\":\"https:\\\/\\\/www.eldiario.net\\\/portal\\\/2025\\\/12\\\/27\\\/acontecimientos-del-presente-en-las-paginas-del-manana\\\/#primaryimage\"},\"thumbnailUrl\":\"https:\\\/\\\/www.eldiario.net\\\/portal\\\/wp-content\\\/uploads\\\/2023\\\/07\\\/Mario-Malpartida.jpg\",\"articleSection\":[\"Opini\u00f3n\"],\"inLanguage\":\"es\"},{\"@type\":\"WebPage\",\"@id\":\"https:\\\/\\\/www.eldiario.net\\\/portal\\\/2025\\\/12\\\/27\\\/acontecimientos-del-presente-en-las-paginas-del-manana\\\/\",\"url\":\"https:\\\/\\\/www.eldiario.net\\\/portal\\\/2025\\\/12\\\/27\\\/acontecimientos-del-presente-en-las-paginas-del-manana\\\/\",\"name\":\"Acontecimientos del presente en las p\u00e1ginas del ma\u00f1ana - El Diario - Bolivia\",\"isPartOf\":{\"@id\":\"https:\\\/\\\/www.eldiario.net\\\/portal\\\/#website\"},\"primaryImageOfPage\":{\"@id\":\"https:\\\/\\\/www.eldiario.net\\\/portal\\\/2025\\\/12\\\/27\\\/acontecimientos-del-presente-en-las-paginas-del-manana\\\/#primaryimage\"},\"image\":{\"@id\":\"https:\\\/\\\/www.eldiario.net\\\/portal\\\/2025\\\/12\\\/27\\\/acontecimientos-del-presente-en-las-paginas-del-manana\\\/#primaryimage\"},\"thumbnailUrl\":\"https:\\\/\\\/www.eldiario.net\\\/portal\\\/wp-content\\\/uploads\\\/2023\\\/07\\\/Mario-Malpartida.jpg\",\"datePublished\":\"2025-12-27T11:09:20+00:00\",\"breadcrumb\":{\"@id\":\"https:\\\/\\\/www.eldiario.net\\\/portal\\\/2025\\\/12\\\/27\\\/acontecimientos-del-presente-en-las-paginas-del-manana\\\/#breadcrumb\"},\"inLanguage\":\"es\",\"potentialAction\":[{\"@type\":\"ReadAction\",\"target\":[\"https:\\\/\\\/www.eldiario.net\\\/portal\\\/2025\\\/12\\\/27\\\/acontecimientos-del-presente-en-las-paginas-del-manana\\\/\"]}]},{\"@type\":\"ImageObject\",\"inLanguage\":\"es\",\"@id\":\"https:\\\/\\\/www.eldiario.net\\\/portal\\\/2025\\\/12\\\/27\\\/acontecimientos-del-presente-en-las-paginas-del-manana\\\/#primaryimage\",\"url\":\"https:\\\/\\\/www.eldiario.net\\\/portal\\\/wp-content\\\/uploads\\\/2023\\\/07\\\/Mario-Malpartida.jpg\",\"contentUrl\":\"https:\\\/\\\/www.eldiario.net\\\/portal\\\/wp-content\\\/uploads\\\/2023\\\/07\\\/Mario-Malpartida.jpg\",\"width\":1200,\"height\":628,\"caption\":\"Mario Malpartida\"},{\"@type\":\"BreadcrumbList\",\"@id\":\"https:\\\/\\\/www.eldiario.net\\\/portal\\\/2025\\\/12\\\/27\\\/acontecimientos-del-presente-en-las-paginas-del-manana\\\/#breadcrumb\",\"itemListElement\":[{\"@type\":\"ListItem\",\"position\":1,\"name\":\"Portada\",\"item\":\"https:\\\/\\\/www.eldiario.net\\\/portal\\\/\"},{\"@type\":\"ListItem\",\"position\":2,\"name\":\"Acontecimientos del presente en las p\u00e1ginas del ma\u00f1ana\"}]},{\"@type\":\"WebSite\",\"@id\":\"https:\\\/\\\/www.eldiario.net\\\/portal\\\/#website\",\"url\":\"https:\\\/\\\/www.eldiario.net\\\/portal\\\/\",\"name\":\"El Diario - Decano de la prensa nacional\",\"description\":\"El Diario - Decano de la prensa nacional\",\"publisher\":{\"@id\":\"https:\\\/\\\/www.eldiario.net\\\/portal\\\/#organization\"},\"potentialAction\":[{\"@type\":\"SearchAction\",\"target\":{\"@type\":\"EntryPoint\",\"urlTemplate\":\"https:\\\/\\\/www.eldiario.net\\\/portal\\\/?s={search_term_string}\"},\"query-input\":{\"@type\":\"PropertyValueSpecification\",\"valueRequired\":true,\"valueName\":\"search_term_string\"}}],\"inLanguage\":\"es\"},{\"@type\":\"Organization\",\"@id\":\"https:\\\/\\\/www.eldiario.net\\\/portal\\\/#organization\",\"name\":\"El Diario - Decano de la prensa nacional\",\"url\":\"https:\\\/\\\/www.eldiario.net\\\/portal\\\/\",\"logo\":{\"@type\":\"ImageObject\",\"inLanguage\":\"es\",\"@id\":\"https:\\\/\\\/www.eldiario.net\\\/portal\\\/#\\\/schema\\\/logo\\\/image\\\/\",\"url\":\"https:\\\/\\\/www.eldiario.net\\\/portal\\\/wp-content\\\/uploads\\\/2023\\\/07\\\/logo_ED.jpg\",\"contentUrl\":\"https:\\\/\\\/www.eldiario.net\\\/portal\\\/wp-content\\\/uploads\\\/2023\\\/07\\\/logo_ED.jpg\",\"width\":272,\"height\":52,\"caption\":\"El Diario - Decano de la prensa nacional\"},\"image\":{\"@id\":\"https:\\\/\\\/www.eldiario.net\\\/portal\\\/#\\\/schema\\\/logo\\\/image\\\/\"},\"sameAs\":[\"https:\\\/\\\/www.facebook.com\\\/eldiario.bolivia\\\/\",\"https:\\\/\\\/x.com\\\/eldiario_net\"]},{\"@type\":\"Person\",\"@id\":\"https:\\\/\\\/www.eldiario.net\\\/portal\\\/#\\\/schema\\\/person\\\/f46445640444750d7d753ccd04ae01b7\",\"name\":\"Jeanette\",\"image\":{\"@type\":\"ImageObject\",\"inLanguage\":\"es\",\"@id\":\"https:\\\/\\\/secure.gravatar.com\\\/avatar\\\/3ea2118a5f7dad2b7138b1187a6b7ee55f160b9968b66013c3a3ef39dd7e5798?s=96&d=mm&r=g\",\"url\":\"https:\\\/\\\/secure.gravatar.com\\\/avatar\\\/3ea2118a5f7dad2b7138b1187a6b7ee55f160b9968b66013c3a3ef39dd7e5798?s=96&d=mm&r=g\",\"contentUrl\":\"https:\\\/\\\/secure.gravatar.com\\\/avatar\\\/3ea2118a5f7dad2b7138b1187a6b7ee55f160b9968b66013c3a3ef39dd7e5798?s=96&d=mm&r=g\",\"caption\":\"Jeanette\"},\"sameAs\":[\"https:\\\/\\\/www.eldiario.net\\\/portal\"],\"url\":\"https:\\\/\\\/www.eldiario.net\\\/portal\\\/author\\\/jeanette\\\/\"}]}<\/script>\n<!-- \/ Yoast SEO plugin. -->","yoast_head_json":{"title":"Acontecimientos del presente en las p\u00e1ginas del ma\u00f1ana - El Diario - Bolivia","robots":{"index":"index","follow":"follow","max-snippet":"max-snippet:-1","max-image-preview":"max-image-preview:large","max-video-preview":"max-video-preview:-1"},"canonical":"https:\/\/www.eldiario.net\/portal\/2025\/12\/27\/acontecimientos-del-presente-en-las-paginas-del-manana\/","og_locale":"es_ES","og_type":"article","og_title":"Acontecimientos del presente en las p\u00e1ginas del ma\u00f1ana - El Diario - Bolivia","og_description":"En las cr\u00f3nicas que se escriban para dejar testimonio de lo que ha sido el presente, probablemente dir\u00e1n que, por estos d\u00edas, previos a las fiestas de Navidad y A\u00f1o nuevo, Bolivia enfrentaba una situaci\u00f3n cr\u00edtica; las arcas fiscales sin dinero suficiente, y las deudas impagas aumentaban a la par que transcurr\u00edan los d\u00edas. Entretanto, [&hellip;]","og_url":"https:\/\/www.eldiario.net\/portal\/2025\/12\/27\/acontecimientos-del-presente-en-las-paginas-del-manana\/","og_site_name":"El Diario - Bolivia","article_publisher":"https:\/\/www.facebook.com\/eldiario.bolivia\/","article_published_time":"2025-12-27T11:09:20+00:00","og_image":[{"width":1200,"height":628,"url":"https:\/\/www.eldiario.net\/portal\/wp-content\/uploads\/2023\/07\/Mario-Malpartida.jpg","type":"image\/jpeg"}],"author":"Jeanette","twitter_card":"summary_large_image","twitter_creator":"@eldiario_net","twitter_site":"@eldiario_net","twitter_misc":{"Escrito por":"Jeanette","Tiempo de lectura":"3 minutos"},"schema":{"@context":"https:\/\/schema.org","@graph":[{"@type":"Article","@id":"https:\/\/www.eldiario.net\/portal\/2025\/12\/27\/acontecimientos-del-presente-en-las-paginas-del-manana\/#article","isPartOf":{"@id":"https:\/\/www.eldiario.net\/portal\/2025\/12\/27\/acontecimientos-del-presente-en-las-paginas-del-manana\/"},"author":{"name":"Jeanette","@id":"https:\/\/www.eldiario.net\/portal\/#\/schema\/person\/f46445640444750d7d753ccd04ae01b7"},"headline":"Acontecimientos del presente en las p\u00e1ginas del ma\u00f1ana","datePublished":"2025-12-27T11:09:20+00:00","mainEntityOfPage":{"@id":"https:\/\/www.eldiario.net\/portal\/2025\/12\/27\/acontecimientos-del-presente-en-las-paginas-del-manana\/"},"wordCount":556,"publisher":{"@id":"https:\/\/www.eldiario.net\/portal\/#organization"},"image":{"@id":"https:\/\/www.eldiario.net\/portal\/2025\/12\/27\/acontecimientos-del-presente-en-las-paginas-del-manana\/#primaryimage"},"thumbnailUrl":"https:\/\/www.eldiario.net\/portal\/wp-content\/uploads\/2023\/07\/Mario-Malpartida.jpg","articleSection":["Opini\u00f3n"],"inLanguage":"es"},{"@type":"WebPage","@id":"https:\/\/www.eldiario.net\/portal\/2025\/12\/27\/acontecimientos-del-presente-en-las-paginas-del-manana\/","url":"https:\/\/www.eldiario.net\/portal\/2025\/12\/27\/acontecimientos-del-presente-en-las-paginas-del-manana\/","name":"Acontecimientos del presente en las p\u00e1ginas del ma\u00f1ana - El Diario - Bolivia","isPartOf":{"@id":"https:\/\/www.eldiario.net\/portal\/#website"},"primaryImageOfPage":{"@id":"https:\/\/www.eldiario.net\/portal\/2025\/12\/27\/acontecimientos-del-presente-en-las-paginas-del-manana\/#primaryimage"},"image":{"@id":"https:\/\/www.eldiario.net\/portal\/2025\/12\/27\/acontecimientos-del-presente-en-las-paginas-del-manana\/#primaryimage"},"thumbnailUrl":"https:\/\/www.eldiario.net\/portal\/wp-content\/uploads\/2023\/07\/Mario-Malpartida.jpg","datePublished":"2025-12-27T11:09:20+00:00","breadcrumb":{"@id":"https:\/\/www.eldiario.net\/portal\/2025\/12\/27\/acontecimientos-del-presente-en-las-paginas-del-manana\/#breadcrumb"},"inLanguage":"es","potentialAction":[{"@type":"ReadAction","target":["https:\/\/www.eldiario.net\/portal\/2025\/12\/27\/acontecimientos-del-presente-en-las-paginas-del-manana\/"]}]},{"@type":"ImageObject","inLanguage":"es","@id":"https:\/\/www.eldiario.net\/portal\/2025\/12\/27\/acontecimientos-del-presente-en-las-paginas-del-manana\/#primaryimage","url":"https:\/\/www.eldiario.net\/portal\/wp-content\/uploads\/2023\/07\/Mario-Malpartida.jpg","contentUrl":"https:\/\/www.eldiario.net\/portal\/wp-content\/uploads\/2023\/07\/Mario-Malpartida.jpg","width":1200,"height":628,"caption":"Mario Malpartida"},{"@type":"BreadcrumbList","@id":"https:\/\/www.eldiario.net\/portal\/2025\/12\/27\/acontecimientos-del-presente-en-las-paginas-del-manana\/#breadcrumb","itemListElement":[{"@type":"ListItem","position":1,"name":"Portada","item":"https:\/\/www.eldiario.net\/portal\/"},{"@type":"ListItem","position":2,"name":"Acontecimientos del presente en las p\u00e1ginas del ma\u00f1ana"}]},{"@type":"WebSite","@id":"https:\/\/www.eldiario.net\/portal\/#website","url":"https:\/\/www.eldiario.net\/portal\/","name":"El Diario - Decano de la prensa nacional","description":"El Diario - Decano de la prensa nacional","publisher":{"@id":"https:\/\/www.eldiario.net\/portal\/#organization"},"potentialAction":[{"@type":"SearchAction","target":{"@type":"EntryPoint","urlTemplate":"https:\/\/www.eldiario.net\/portal\/?s={search_term_string}"},"query-input":{"@type":"PropertyValueSpecification","valueRequired":true,"valueName":"search_term_string"}}],"inLanguage":"es"},{"@type":"Organization","@id":"https:\/\/www.eldiario.net\/portal\/#organization","name":"El Diario - Decano de la prensa nacional","url":"https:\/\/www.eldiario.net\/portal\/","logo":{"@type":"ImageObject","inLanguage":"es","@id":"https:\/\/www.eldiario.net\/portal\/#\/schema\/logo\/image\/","url":"https:\/\/www.eldiario.net\/portal\/wp-content\/uploads\/2023\/07\/logo_ED.jpg","contentUrl":"https:\/\/www.eldiario.net\/portal\/wp-content\/uploads\/2023\/07\/logo_ED.jpg","width":272,"height":52,"caption":"El Diario - Decano de la prensa nacional"},"image":{"@id":"https:\/\/www.eldiario.net\/portal\/#\/schema\/logo\/image\/"},"sameAs":["https:\/\/www.facebook.com\/eldiario.bolivia\/","https:\/\/x.com\/eldiario_net"]},{"@type":"Person","@id":"https:\/\/www.eldiario.net\/portal\/#\/schema\/person\/f46445640444750d7d753ccd04ae01b7","name":"Jeanette","image":{"@type":"ImageObject","inLanguage":"es","@id":"https:\/\/secure.gravatar.com\/avatar\/3ea2118a5f7dad2b7138b1187a6b7ee55f160b9968b66013c3a3ef39dd7e5798?s=96&d=mm&r=g","url":"https:\/\/secure.gravatar.com\/avatar\/3ea2118a5f7dad2b7138b1187a6b7ee55f160b9968b66013c3a3ef39dd7e5798?s=96&d=mm&r=g","contentUrl":"https:\/\/secure.gravatar.com\/avatar\/3ea2118a5f7dad2b7138b1187a6b7ee55f160b9968b66013c3a3ef39dd7e5798?s=96&d=mm&r=g","caption":"Jeanette"},"sameAs":["https:\/\/www.eldiario.net\/portal"],"url":"https:\/\/www.eldiario.net\/portal\/author\/jeanette\/"}]}},"_links":{"self":[{"href":"https:\/\/www.eldiario.net\/portal\/wp-json\/wp\/v2\/posts\/355225","targetHints":{"allow":["GET"]}}],"collection":[{"href":"https:\/\/www.eldiario.net\/portal\/wp-json\/wp\/v2\/posts"}],"about":[{"href":"https:\/\/www.eldiario.net\/portal\/wp-json\/wp\/v2\/types\/post"}],"author":[{"embeddable":true,"href":"https:\/\/www.eldiario.net\/portal\/wp-json\/wp\/v2\/users\/1"}],"replies":[{"embeddable":true,"href":"https:\/\/www.eldiario.net\/portal\/wp-json\/wp\/v2\/comments?post=355225"}],"version-history":[{"count":1,"href":"https:\/\/www.eldiario.net\/portal\/wp-json\/wp\/v2\/posts\/355225\/revisions"}],"predecessor-version":[{"id":355226,"href":"https:\/\/www.eldiario.net\/portal\/wp-json\/wp\/v2\/posts\/355225\/revisions\/355226"}],"wp:featuredmedia":[{"embeddable":true,"href":"https:\/\/www.eldiario.net\/portal\/wp-json\/wp\/v2\/media\/166360"}],"wp:attachment":[{"href":"https:\/\/www.eldiario.net\/portal\/wp-json\/wp\/v2\/media?parent=355225"}],"wp:term":[{"taxonomy":"category","embeddable":true,"href":"https:\/\/www.eldiario.net\/portal\/wp-json\/wp\/v2\/categories?post=355225"},{"taxonomy":"post_tag","embeddable":true,"href":"https:\/\/www.eldiario.net\/portal\/wp-json\/wp\/v2\/tags?post=355225"}],"curies":[{"name":"wp","href":"https:\/\/api.w.org\/{rel}","templated":true}]}}