{"id":355223,"date":"2025-12-27T07:08:28","date_gmt":"2025-12-27T11:08:28","guid":{"rendered":"https:\/\/www.eldiario.net\/portal\/?p=355223"},"modified":"2025-12-27T07:08:28","modified_gmt":"2025-12-27T11:08:28","slug":"elevado-indice-de-corrupcion","status":"publish","type":"post","link":"https:\/\/www.eldiario.net\/portal\/2025\/12\/27\/elevado-indice-de-corrupcion\/","title":{"rendered":"Elevado \u00edndice de corrupci\u00f3n"},"content":{"rendered":"<p>Luego del r\u00e9gimen del populismo al socialismo que gobern\u00f3 por dos d\u00e9cadas, se ha producido un cambio de gobierno a un r\u00e9gimen democr\u00e1tico liberal, y en consecuencia una liberaci\u00f3n del \u00d3rgano Judicial de su dependencia al Ejecutivo y un ambiente social de mayor libertad de expresi\u00f3n. Como consecuencia se han dado a conocer numerosos casos de corrupci\u00f3n pol\u00edtica o m\u00e1s propiamente de corrupci\u00f3n en instancias elevadas de poder, es decir aprovechando las funciones p\u00fablicas, que deben ser de servicio a la sociedad y no de beneficio personal, familiar o de grupo.<br \/>\nLa corrupci\u00f3n pol\u00edtica se la ha definido como el uso o aprovechamiento de una funci\u00f3n de gobierno para beneficio personal (Bar\u00f3metro Global de la Corrupci\u00f3n) y la publicaci\u00f3n anual de Transparencia Internacional se\u00f1ala que, seg\u00fan la percepci\u00f3n ciudadana, los primeros cinco lugares en nivel de corrupci\u00f3n los ocupan: los partidos pol\u00edticos, la polic\u00eda, los funcionarios p\u00fablicos, el Poder Legislativo y el Poder Judicial, que abarca a todos los continentes.<br \/>\nLos gobiernos de los Estados, constituidos por partidos pol\u00edticos, administran los intereses de la poblaci\u00f3n, con recursos provenientes de los impuestos que pagan los ciudadanos e ingresos generados por los bienes y recursos p\u00fablicos. Es decir de todos los individuos, los que deber\u00edan ser escrupulosamente administrados, pero no sucede eso, pues precisamente de los bienes y recursos p\u00fablicos, echan mano los pol\u00edticos corruptos, atropellando normas establecidas para la buena administraci\u00f3n de los bienes p\u00fablicos.<br \/>\nLa corrupci\u00f3n abarca a todas las instancias de gobierno y servicios, siendo la de la justicia y polic\u00eda la m\u00e1s sensible a la sociedad, porque estas instituciones deben preservar y precautelar los derechos de la poblaci\u00f3n, y no deber\u00edan ser precisamente las que mayor desconfianza causan en la gente, al igual que los pol\u00edticos en el ejercicio del poder.<br \/>\nLa corrupci\u00f3n es tan antigua como el hombre en sociedad, as\u00ed lo revelan los textos fundamentales de todas las religiones, de donde se infiere que este mal es parte del ser humano. Las religiones en buena medida y la cristiana en particular, es de profundo contenido \u00e9tico, es decir de observaci\u00f3n a mandamientos de conducta, de comportamiento, de respeto a los dem\u00e1s, comenzando por su vida.<br \/>\nAl haber acabado el ciclo populista en nuestro pa\u00eds, se ha desnudado el car\u00e1cter corrupto del r\u00e9gimen, lo que ha llevado a juicio penal a algunos individuos que ejerc\u00edan poder y que se habr\u00edan beneficiado del mismo para enriquecerse. La lista de casos que se habr\u00edan cometido, se acerca a dos centenas entre los m\u00e1s sonados y si se investigara con m\u00e1s denuedo, probablemente llegar\u00edan a duplicarse.<br \/>\nLo lamentable es que, debido al elevado precio de las materias primas que exportamos, como minerales e hidrocarburos, como nunca antes ingresaron al tesoro p\u00fablico importantes montos de recursos econ\u00f3micos que fueron mal administrados y objeto de corrupci\u00f3n, pues se dejaron de lado los mecanismos de control fiscal, como convocatorias abiertas y otros, y se opt\u00f3 por las adquisiciones directas. En consecuencia, muchas obras p\u00fablicas, instalaciones industriales, adquisiciones de maquinaria etc., fueron de mala calidad, con sobreprecios, instalaciones mal ubicadas o carentes de insumos necesarios para su funcionamiento. El resultado: emprendimientos p\u00fablicos que no funcionan, que trabajan en m\u00ednimo porcentaje de su potencial de instalaci\u00f3n, o que no generan ganancias. Adicionalmente, los responsables de la gerencia y administraci\u00f3n, carec\u00edan de condiciones para ejercer esas funciones (salvadas algunas excepciones). Fueron el nepotismo, partidismo y prebendalismo a organizaciones sociales para tener su respaldo pol\u00edtico que ocuparon el manejo de los intereses del Estado, con los resultados que ahora padecemos y que han llevado al gobierno actual, atendiendo la voluntad mayoritaria del voto, a tomar medidas dr\u00e1sticas para encarar el cuadro de deterioro econ\u00f3mico y social que nos agobia.<br \/>\nTodo esto hace a la corrupci\u00f3n pol\u00edtica del pasado r\u00e9gimen, en el manejo de los intereses p\u00fablicos que requieren una exhaustiva investigaci\u00f3n y la sanci\u00f3n a los responsables, porque as\u00ed corresponde en un \u201cestado de derecho\u201d.<br \/>\nLa organizaci\u00f3n internacional \u201cWorld Justice Project Sistem\u201d ubic\u00f3 a nuestro pa\u00eds en el n\u00famero 141 de 142 en corrupci\u00f3n.<\/p>\n<p>El autor es Abogado, Polit\u00f3logo, escritor y docente universitario.<\/p>\n","protected":false},"excerpt":{"rendered":"<p>Luego del r\u00e9gimen del populismo al socialismo que gobern\u00f3 por dos d\u00e9cadas, se ha producido un cambio de gobierno a un r\u00e9gimen democr\u00e1tico liberal, y en consecuencia una liberaci\u00f3n del \u00d3rgano Judicial de su dependencia al Ejecutivo y un ambiente social de mayor libertad de expresi\u00f3n. Como consecuencia se han dado a conocer numerosos casos [&hellip;]<\/p>\n","protected":false},"author":1,"featured_media":157872,"comment_status":"closed","ping_status":"open","sticky":false,"template":"","format":"standard","meta":{"_acf_changed":false,"footnotes":""},"categories":[9],"tags":[],"class_list":["post-355223","post","type-post","status-publish","format-standard","has-post-thumbnail","category-opinion"],"acf":{"antetitulo":""},"yoast_head":"<!-- This site is optimized with the Yoast SEO plugin v28.3 - https:\/\/yoast.com\/product\/yoast-seo-wordpress\/ -->\n<title>Elevado \u00edndice de corrupci\u00f3n - El Diario - Bolivia<\/title>\n<meta name=\"robots\" content=\"index, follow, max-snippet:-1, max-image-preview:large, max-video-preview:-1\" \/>\n<link rel=\"canonical\" href=\"https:\/\/www.eldiario.net\/portal\/2025\/12\/27\/elevado-indice-de-corrupcion\/\" \/>\n<meta property=\"og:locale\" content=\"es_ES\" \/>\n<meta property=\"og:type\" content=\"article\" \/>\n<meta property=\"og:title\" content=\"Elevado \u00edndice de corrupci\u00f3n - El Diario - Bolivia\" \/>\n<meta property=\"og:description\" content=\"Luego del r\u00e9gimen del populismo al socialismo que gobern\u00f3 por dos d\u00e9cadas, se ha producido un cambio de gobierno a un r\u00e9gimen democr\u00e1tico liberal, y en consecuencia una liberaci\u00f3n del \u00d3rgano Judicial de su dependencia al Ejecutivo y un ambiente social de mayor libertad de expresi\u00f3n. Como consecuencia se han dado a conocer numerosos casos [&hellip;]\" \/>\n<meta property=\"og:url\" content=\"https:\/\/www.eldiario.net\/portal\/2025\/12\/27\/elevado-indice-de-corrupcion\/\" \/>\n<meta property=\"og:site_name\" content=\"El Diario - Bolivia\" \/>\n<meta property=\"article:publisher\" content=\"https:\/\/www.facebook.com\/eldiario.bolivia\/\" \/>\n<meta property=\"article:published_time\" content=\"2025-12-27T11:08:28+00:00\" \/>\n<meta property=\"og:image\" content=\"https:\/\/www.eldiario.net\/portal\/wp-content\/uploads\/2023\/06\/Eric-L.-Cardenas-del-Castillo.jpg\" \/>\n\t<meta property=\"og:image:width\" content=\"1200\" \/>\n\t<meta property=\"og:image:height\" content=\"628\" \/>\n\t<meta property=\"og:image:type\" content=\"image\/jpeg\" \/>\n<meta name=\"author\" content=\"Jeanette\" \/>\n<meta name=\"twitter:card\" content=\"summary_large_image\" \/>\n<meta name=\"twitter:creator\" content=\"@eldiario_net\" \/>\n<meta name=\"twitter:site\" content=\"@eldiario_net\" \/>\n<meta name=\"twitter:label1\" content=\"Escrito por\" \/>\n\t<meta name=\"twitter:data1\" content=\"Jeanette\" \/>\n\t<meta name=\"twitter:label2\" content=\"Tiempo de lectura\" \/>\n\t<meta name=\"twitter:data2\" content=\"4 minutos\" \/>\n<script type=\"application\/ld+json\" class=\"yoast-schema-graph\">{\"@context\":\"https:\\\/\\\/schema.org\",\"@graph\":[{\"@type\":\"Article\",\"@id\":\"https:\\\/\\\/www.eldiario.net\\\/portal\\\/2025\\\/12\\\/27\\\/elevado-indice-de-corrupcion\\\/#article\",\"isPartOf\":{\"@id\":\"https:\\\/\\\/www.eldiario.net\\\/portal\\\/2025\\\/12\\\/27\\\/elevado-indice-de-corrupcion\\\/\"},\"author\":{\"name\":\"Jeanette\",\"@id\":\"https:\\\/\\\/www.eldiario.net\\\/portal\\\/#\\\/schema\\\/person\\\/f46445640444750d7d753ccd04ae01b7\"},\"headline\":\"Elevado \u00edndice de corrupci\u00f3n\",\"datePublished\":\"2025-12-27T11:08:28+00:00\",\"mainEntityOfPage\":{\"@id\":\"https:\\\/\\\/www.eldiario.net\\\/portal\\\/2025\\\/12\\\/27\\\/elevado-indice-de-corrupcion\\\/\"},\"wordCount\":752,\"publisher\":{\"@id\":\"https:\\\/\\\/www.eldiario.net\\\/portal\\\/#organization\"},\"image\":{\"@id\":\"https:\\\/\\\/www.eldiario.net\\\/portal\\\/2025\\\/12\\\/27\\\/elevado-indice-de-corrupcion\\\/#primaryimage\"},\"thumbnailUrl\":\"https:\\\/\\\/www.eldiario.net\\\/portal\\\/wp-content\\\/uploads\\\/2023\\\/06\\\/Eric-L.-Cardenas-del-Castillo.jpg\",\"articleSection\":[\"Opini\u00f3n\"],\"inLanguage\":\"es\"},{\"@type\":\"WebPage\",\"@id\":\"https:\\\/\\\/www.eldiario.net\\\/portal\\\/2025\\\/12\\\/27\\\/elevado-indice-de-corrupcion\\\/\",\"url\":\"https:\\\/\\\/www.eldiario.net\\\/portal\\\/2025\\\/12\\\/27\\\/elevado-indice-de-corrupcion\\\/\",\"name\":\"Elevado \u00edndice de corrupci\u00f3n - El Diario - Bolivia\",\"isPartOf\":{\"@id\":\"https:\\\/\\\/www.eldiario.net\\\/portal\\\/#website\"},\"primaryImageOfPage\":{\"@id\":\"https:\\\/\\\/www.eldiario.net\\\/portal\\\/2025\\\/12\\\/27\\\/elevado-indice-de-corrupcion\\\/#primaryimage\"},\"image\":{\"@id\":\"https:\\\/\\\/www.eldiario.net\\\/portal\\\/2025\\\/12\\\/27\\\/elevado-indice-de-corrupcion\\\/#primaryimage\"},\"thumbnailUrl\":\"https:\\\/\\\/www.eldiario.net\\\/portal\\\/wp-content\\\/uploads\\\/2023\\\/06\\\/Eric-L.-Cardenas-del-Castillo.jpg\",\"datePublished\":\"2025-12-27T11:08:28+00:00\",\"breadcrumb\":{\"@id\":\"https:\\\/\\\/www.eldiario.net\\\/portal\\\/2025\\\/12\\\/27\\\/elevado-indice-de-corrupcion\\\/#breadcrumb\"},\"inLanguage\":\"es\",\"potentialAction\":[{\"@type\":\"ReadAction\",\"target\":[\"https:\\\/\\\/www.eldiario.net\\\/portal\\\/2025\\\/12\\\/27\\\/elevado-indice-de-corrupcion\\\/\"]}]},{\"@type\":\"ImageObject\",\"inLanguage\":\"es\",\"@id\":\"https:\\\/\\\/www.eldiario.net\\\/portal\\\/2025\\\/12\\\/27\\\/elevado-indice-de-corrupcion\\\/#primaryimage\",\"url\":\"https:\\\/\\\/www.eldiario.net\\\/portal\\\/wp-content\\\/uploads\\\/2023\\\/06\\\/Eric-L.-Cardenas-del-Castillo.jpg\",\"contentUrl\":\"https:\\\/\\\/www.eldiario.net\\\/portal\\\/wp-content\\\/uploads\\\/2023\\\/06\\\/Eric-L.-Cardenas-del-Castillo.jpg\",\"width\":1200,\"height\":628,\"caption\":\"Eric L. C\u00e1rdenas del Castillo\"},{\"@type\":\"BreadcrumbList\",\"@id\":\"https:\\\/\\\/www.eldiario.net\\\/portal\\\/2025\\\/12\\\/27\\\/elevado-indice-de-corrupcion\\\/#breadcrumb\",\"itemListElement\":[{\"@type\":\"ListItem\",\"position\":1,\"name\":\"Portada\",\"item\":\"https:\\\/\\\/www.eldiario.net\\\/portal\\\/\"},{\"@type\":\"ListItem\",\"position\":2,\"name\":\"Elevado \u00edndice de corrupci\u00f3n\"}]},{\"@type\":\"WebSite\",\"@id\":\"https:\\\/\\\/www.eldiario.net\\\/portal\\\/#website\",\"url\":\"https:\\\/\\\/www.eldiario.net\\\/portal\\\/\",\"name\":\"El Diario - Decano de la prensa nacional\",\"description\":\"El Diario - Decano de la prensa nacional\",\"publisher\":{\"@id\":\"https:\\\/\\\/www.eldiario.net\\\/portal\\\/#organization\"},\"potentialAction\":[{\"@type\":\"SearchAction\",\"target\":{\"@type\":\"EntryPoint\",\"urlTemplate\":\"https:\\\/\\\/www.eldiario.net\\\/portal\\\/?s={search_term_string}\"},\"query-input\":{\"@type\":\"PropertyValueSpecification\",\"valueRequired\":true,\"valueName\":\"search_term_string\"}}],\"inLanguage\":\"es\"},{\"@type\":\"Organization\",\"@id\":\"https:\\\/\\\/www.eldiario.net\\\/portal\\\/#organization\",\"name\":\"El Diario - Decano de la prensa nacional\",\"url\":\"https:\\\/\\\/www.eldiario.net\\\/portal\\\/\",\"logo\":{\"@type\":\"ImageObject\",\"inLanguage\":\"es\",\"@id\":\"https:\\\/\\\/www.eldiario.net\\\/portal\\\/#\\\/schema\\\/logo\\\/image\\\/\",\"url\":\"https:\\\/\\\/www.eldiario.net\\\/portal\\\/wp-content\\\/uploads\\\/2023\\\/07\\\/logo_ED.jpg\",\"contentUrl\":\"https:\\\/\\\/www.eldiario.net\\\/portal\\\/wp-content\\\/uploads\\\/2023\\\/07\\\/logo_ED.jpg\",\"width\":272,\"height\":52,\"caption\":\"El Diario - Decano de la prensa nacional\"},\"image\":{\"@id\":\"https:\\\/\\\/www.eldiario.net\\\/portal\\\/#\\\/schema\\\/logo\\\/image\\\/\"},\"sameAs\":[\"https:\\\/\\\/www.facebook.com\\\/eldiario.bolivia\\\/\",\"https:\\\/\\\/x.com\\\/eldiario_net\"]},{\"@type\":\"Person\",\"@id\":\"https:\\\/\\\/www.eldiario.net\\\/portal\\\/#\\\/schema\\\/person\\\/f46445640444750d7d753ccd04ae01b7\",\"name\":\"Jeanette\",\"image\":{\"@type\":\"ImageObject\",\"inLanguage\":\"es\",\"@id\":\"https:\\\/\\\/secure.gravatar.com\\\/avatar\\\/3ea2118a5f7dad2b7138b1187a6b7ee55f160b9968b66013c3a3ef39dd7e5798?s=96&d=mm&r=g\",\"url\":\"https:\\\/\\\/secure.gravatar.com\\\/avatar\\\/3ea2118a5f7dad2b7138b1187a6b7ee55f160b9968b66013c3a3ef39dd7e5798?s=96&d=mm&r=g\",\"contentUrl\":\"https:\\\/\\\/secure.gravatar.com\\\/avatar\\\/3ea2118a5f7dad2b7138b1187a6b7ee55f160b9968b66013c3a3ef39dd7e5798?s=96&d=mm&r=g\",\"caption\":\"Jeanette\"},\"sameAs\":[\"https:\\\/\\\/www.eldiario.net\\\/portal\"],\"url\":\"https:\\\/\\\/www.eldiario.net\\\/portal\\\/author\\\/jeanette\\\/\"}]}<\/script>\n<!-- \/ Yoast SEO plugin. -->","yoast_head_json":{"title":"Elevado \u00edndice de corrupci\u00f3n - El Diario - Bolivia","robots":{"index":"index","follow":"follow","max-snippet":"max-snippet:-1","max-image-preview":"max-image-preview:large","max-video-preview":"max-video-preview:-1"},"canonical":"https:\/\/www.eldiario.net\/portal\/2025\/12\/27\/elevado-indice-de-corrupcion\/","og_locale":"es_ES","og_type":"article","og_title":"Elevado \u00edndice de corrupci\u00f3n - El Diario - Bolivia","og_description":"Luego del r\u00e9gimen del populismo al socialismo que gobern\u00f3 por dos d\u00e9cadas, se ha producido un cambio de gobierno a un r\u00e9gimen democr\u00e1tico liberal, y en consecuencia una liberaci\u00f3n del \u00d3rgano Judicial de su dependencia al Ejecutivo y un ambiente social de mayor libertad de expresi\u00f3n. Como consecuencia se han dado a conocer numerosos casos [&hellip;]","og_url":"https:\/\/www.eldiario.net\/portal\/2025\/12\/27\/elevado-indice-de-corrupcion\/","og_site_name":"El Diario - Bolivia","article_publisher":"https:\/\/www.facebook.com\/eldiario.bolivia\/","article_published_time":"2025-12-27T11:08:28+00:00","og_image":[{"width":1200,"height":628,"url":"https:\/\/www.eldiario.net\/portal\/wp-content\/uploads\/2023\/06\/Eric-L.-Cardenas-del-Castillo.jpg","type":"image\/jpeg"}],"author":"Jeanette","twitter_card":"summary_large_image","twitter_creator":"@eldiario_net","twitter_site":"@eldiario_net","twitter_misc":{"Escrito por":"Jeanette","Tiempo de lectura":"4 minutos"},"schema":{"@context":"https:\/\/schema.org","@graph":[{"@type":"Article","@id":"https:\/\/www.eldiario.net\/portal\/2025\/12\/27\/elevado-indice-de-corrupcion\/#article","isPartOf":{"@id":"https:\/\/www.eldiario.net\/portal\/2025\/12\/27\/elevado-indice-de-corrupcion\/"},"author":{"name":"Jeanette","@id":"https:\/\/www.eldiario.net\/portal\/#\/schema\/person\/f46445640444750d7d753ccd04ae01b7"},"headline":"Elevado \u00edndice de corrupci\u00f3n","datePublished":"2025-12-27T11:08:28+00:00","mainEntityOfPage":{"@id":"https:\/\/www.eldiario.net\/portal\/2025\/12\/27\/elevado-indice-de-corrupcion\/"},"wordCount":752,"publisher":{"@id":"https:\/\/www.eldiario.net\/portal\/#organization"},"image":{"@id":"https:\/\/www.eldiario.net\/portal\/2025\/12\/27\/elevado-indice-de-corrupcion\/#primaryimage"},"thumbnailUrl":"https:\/\/www.eldiario.net\/portal\/wp-content\/uploads\/2023\/06\/Eric-L.-Cardenas-del-Castillo.jpg","articleSection":["Opini\u00f3n"],"inLanguage":"es"},{"@type":"WebPage","@id":"https:\/\/www.eldiario.net\/portal\/2025\/12\/27\/elevado-indice-de-corrupcion\/","url":"https:\/\/www.eldiario.net\/portal\/2025\/12\/27\/elevado-indice-de-corrupcion\/","name":"Elevado \u00edndice de corrupci\u00f3n - El Diario - Bolivia","isPartOf":{"@id":"https:\/\/www.eldiario.net\/portal\/#website"},"primaryImageOfPage":{"@id":"https:\/\/www.eldiario.net\/portal\/2025\/12\/27\/elevado-indice-de-corrupcion\/#primaryimage"},"image":{"@id":"https:\/\/www.eldiario.net\/portal\/2025\/12\/27\/elevado-indice-de-corrupcion\/#primaryimage"},"thumbnailUrl":"https:\/\/www.eldiario.net\/portal\/wp-content\/uploads\/2023\/06\/Eric-L.-Cardenas-del-Castillo.jpg","datePublished":"2025-12-27T11:08:28+00:00","breadcrumb":{"@id":"https:\/\/www.eldiario.net\/portal\/2025\/12\/27\/elevado-indice-de-corrupcion\/#breadcrumb"},"inLanguage":"es","potentialAction":[{"@type":"ReadAction","target":["https:\/\/www.eldiario.net\/portal\/2025\/12\/27\/elevado-indice-de-corrupcion\/"]}]},{"@type":"ImageObject","inLanguage":"es","@id":"https:\/\/www.eldiario.net\/portal\/2025\/12\/27\/elevado-indice-de-corrupcion\/#primaryimage","url":"https:\/\/www.eldiario.net\/portal\/wp-content\/uploads\/2023\/06\/Eric-L.-Cardenas-del-Castillo.jpg","contentUrl":"https:\/\/www.eldiario.net\/portal\/wp-content\/uploads\/2023\/06\/Eric-L.-Cardenas-del-Castillo.jpg","width":1200,"height":628,"caption":"Eric L. C\u00e1rdenas del Castillo"},{"@type":"BreadcrumbList","@id":"https:\/\/www.eldiario.net\/portal\/2025\/12\/27\/elevado-indice-de-corrupcion\/#breadcrumb","itemListElement":[{"@type":"ListItem","position":1,"name":"Portada","item":"https:\/\/www.eldiario.net\/portal\/"},{"@type":"ListItem","position":2,"name":"Elevado \u00edndice de corrupci\u00f3n"}]},{"@type":"WebSite","@id":"https:\/\/www.eldiario.net\/portal\/#website","url":"https:\/\/www.eldiario.net\/portal\/","name":"El Diario - Decano de la prensa nacional","description":"El Diario - Decano de la prensa nacional","publisher":{"@id":"https:\/\/www.eldiario.net\/portal\/#organization"},"potentialAction":[{"@type":"SearchAction","target":{"@type":"EntryPoint","urlTemplate":"https:\/\/www.eldiario.net\/portal\/?s={search_term_string}"},"query-input":{"@type":"PropertyValueSpecification","valueRequired":true,"valueName":"search_term_string"}}],"inLanguage":"es"},{"@type":"Organization","@id":"https:\/\/www.eldiario.net\/portal\/#organization","name":"El Diario - Decano de la prensa nacional","url":"https:\/\/www.eldiario.net\/portal\/","logo":{"@type":"ImageObject","inLanguage":"es","@id":"https:\/\/www.eldiario.net\/portal\/#\/schema\/logo\/image\/","url":"https:\/\/www.eldiario.net\/portal\/wp-content\/uploads\/2023\/07\/logo_ED.jpg","contentUrl":"https:\/\/www.eldiario.net\/portal\/wp-content\/uploads\/2023\/07\/logo_ED.jpg","width":272,"height":52,"caption":"El Diario - Decano de la prensa nacional"},"image":{"@id":"https:\/\/www.eldiario.net\/portal\/#\/schema\/logo\/image\/"},"sameAs":["https:\/\/www.facebook.com\/eldiario.bolivia\/","https:\/\/x.com\/eldiario_net"]},{"@type":"Person","@id":"https:\/\/www.eldiario.net\/portal\/#\/schema\/person\/f46445640444750d7d753ccd04ae01b7","name":"Jeanette","image":{"@type":"ImageObject","inLanguage":"es","@id":"https:\/\/secure.gravatar.com\/avatar\/3ea2118a5f7dad2b7138b1187a6b7ee55f160b9968b66013c3a3ef39dd7e5798?s=96&d=mm&r=g","url":"https:\/\/secure.gravatar.com\/avatar\/3ea2118a5f7dad2b7138b1187a6b7ee55f160b9968b66013c3a3ef39dd7e5798?s=96&d=mm&r=g","contentUrl":"https:\/\/secure.gravatar.com\/avatar\/3ea2118a5f7dad2b7138b1187a6b7ee55f160b9968b66013c3a3ef39dd7e5798?s=96&d=mm&r=g","caption":"Jeanette"},"sameAs":["https:\/\/www.eldiario.net\/portal"],"url":"https:\/\/www.eldiario.net\/portal\/author\/jeanette\/"}]}},"_links":{"self":[{"href":"https:\/\/www.eldiario.net\/portal\/wp-json\/wp\/v2\/posts\/355223","targetHints":{"allow":["GET"]}}],"collection":[{"href":"https:\/\/www.eldiario.net\/portal\/wp-json\/wp\/v2\/posts"}],"about":[{"href":"https:\/\/www.eldiario.net\/portal\/wp-json\/wp\/v2\/types\/post"}],"author":[{"embeddable":true,"href":"https:\/\/www.eldiario.net\/portal\/wp-json\/wp\/v2\/users\/1"}],"replies":[{"embeddable":true,"href":"https:\/\/www.eldiario.net\/portal\/wp-json\/wp\/v2\/comments?post=355223"}],"version-history":[{"count":1,"href":"https:\/\/www.eldiario.net\/portal\/wp-json\/wp\/v2\/posts\/355223\/revisions"}],"predecessor-version":[{"id":355224,"href":"https:\/\/www.eldiario.net\/portal\/wp-json\/wp\/v2\/posts\/355223\/revisions\/355224"}],"wp:featuredmedia":[{"embeddable":true,"href":"https:\/\/www.eldiario.net\/portal\/wp-json\/wp\/v2\/media\/157872"}],"wp:attachment":[{"href":"https:\/\/www.eldiario.net\/portal\/wp-json\/wp\/v2\/media?parent=355223"}],"wp:term":[{"taxonomy":"category","embeddable":true,"href":"https:\/\/www.eldiario.net\/portal\/wp-json\/wp\/v2\/categories?post=355223"},{"taxonomy":"post_tag","embeddable":true,"href":"https:\/\/www.eldiario.net\/portal\/wp-json\/wp\/v2\/tags?post=355223"}],"curies":[{"name":"wp","href":"https:\/\/api.w.org\/{rel}","templated":true}]}}