{"id":355216,"date":"2025-12-27T07:06:20","date_gmt":"2025-12-27T11:06:20","guid":{"rendered":"https:\/\/www.eldiario.net\/portal\/?p=355216"},"modified":"2025-12-27T07:06:20","modified_gmt":"2025-12-27T11:06:20","slug":"una-coyuntura-decisiva","status":"publish","type":"post","link":"https:\/\/www.eldiario.net\/portal\/2025\/12\/27\/una-coyuntura-decisiva\/","title":{"rendered":"Una coyuntura decisiva"},"content":{"rendered":"<p>\u00bfC\u00f3mo pretendemos salir de la crisis? \u00bfC\u00f3mo construir un futuro digno y prometedor para nuestros hijos? La generaci\u00f3n nuestra, pronto pasar\u00e1 a la historia. Deber\u00edamos dejar, por lo menos, la remota esperanza de un venidero admisible. No pequemos por ego\u00edstas. Decid\u00e1monos: si estamos con el cambio o con el retroceso. Si deseamos volver al pasado inmediato o avanzar hacia la meta con bienestar social. Los bolivianos merecemos d\u00edas mejores, luego de 20 a\u00f1os de frustraci\u00f3n socialista. \u00bfDe acuerdo?<br \/>\nLos tiempos cambian. El r\u00e9gimen autoritario de Nicaragua autoriz\u00f3 el ingreso de tropas extranjeras a su territorio. Incluyendo a unidades militares de Estados Unidos. El gobierno democr\u00e1tico de M\u00e9xico solicit\u00f3, asimismo, efectivos estadounidenses para su pa\u00eds. As\u00ed es el cambio fuera de nuestras fronteras. Las ideolog\u00edas fueron desechadas. Mientras en Bolivia algunos siguen so\u00f1ando con el Socialismo del Siglo XXI.<br \/>\nAc\u00e1 estamos en una coyuntura, decisiva para el destino del pa\u00eds. Pero, lamentablemente, brotaron posturas nada coherentes, como exigir la renuncia del Gobierno nacional, si no se abroga el pol\u00e9mico decreto 5503. Si se diera esa posibilidad, \u00bfqui\u00e9n ser\u00eda el \u201csalvador\u201d? \u00bfO el pr\u00f3ximo a correr esa misma suerte? El problema econ\u00f3mico, desafortunadamente, est\u00e1 enraizado profundamente. A\u00fan permanecer\u00e1, qui\u00e9rase o no, entre nosotros. Demandar\u00e1 mucho trabajo, sacrificio y unidad nacional, su posible salida. Ac\u00e1 no se trata de cambiar gobiernos, sino de ratificar el servicio incondicional a la Patria.<br \/>\nQue oficialistas y opositores tengan a bien, traducir puntualmente el ampuloso decreto 5503, con voluntad pol\u00edtica. Probablemente haya algunas l\u00edneas poco difundidas por la premura del tiempo. Que cada quien d\u00e9 a conocer sus puntos de vista, para lograr consenso o quiz\u00e1 alguna coincidencia. Todo ello tendr\u00eda que surgir de un di\u00e1logo amplio y sin cortapisas. Que signifique un esfuerzo nacional. Habr\u00eda que superar las rencillas, que generaron zozobra e incertidumbre en la poblaci\u00f3n.<br \/>\nTal medida econ\u00f3mica que se la ve\u00eda venir. Hab\u00eda que salvar de la \u201ccloaca\u201d a Bolivia. \u201cCloaca\u201d que nos dejaron los gobiernos de turno, que manejaron la cosa p\u00fablica por cerca de 20 a\u00f1os. Salvemos Bolivia con esfuerzo de gobernantes y gobernados. En ese marco el Gobierno nacional ha determinado la reducci\u00f3n salarial de los empleados p\u00fablicos, seg\u00fan el ministro de Econom\u00eda, Gabriel Espinoza. Estar\u00eda congelado el incremento salarial en ese sector. Adem\u00e1s, se descart\u00f3 nuevas contrataciones. El objetivo ser\u00eda compartir el sacrificio con el pueblo boliviano en tiempos del DS 5503. Se reducir\u00eda el gasto estatal al m\u00ednimo para su funcionamiento. De ese modo los servidores p\u00fablicos estar\u00edan en consonancia con la austeridad ciudadana. Ha llegado el momento de compartir la triste realidad nacional. Ajust\u00e1ndonos el cintur\u00f3n, por la Patria en ruinas. Creemos que los bolivianos est\u00e1n de acuerdo.<br \/>\nEn suma: la soluci\u00f3n a nuestros problemas econ\u00f3micos, no surgir\u00e1 de la noche a la ma\u00f1ana, sino de la inquebrantable unidad nacional y del esfuerzo compartido. \u00a1Dios ilumine a los bolivianos!<\/p>\n","protected":false},"excerpt":{"rendered":"<p>\u00bfC\u00f3mo pretendemos salir de la crisis? \u00bfC\u00f3mo construir un futuro digno y prometedor para nuestros hijos? La generaci\u00f3n nuestra, pronto pasar\u00e1 a la historia. Deber\u00edamos dejar, por lo menos, la remota esperanza de un venidero admisible. No pequemos por ego\u00edstas. Decid\u00e1monos: si estamos con el cambio o con el retroceso. Si deseamos volver al pasado [&hellip;]<\/p>\n","protected":false},"author":1,"featured_media":158618,"comment_status":"closed","ping_status":"open","sticky":false,"template":"","format":"standard","meta":{"_acf_changed":false,"footnotes":""},"categories":[9],"tags":[],"class_list":["post-355216","post","type-post","status-publish","format-standard","has-post-thumbnail","category-opinion"],"acf":{"antetitulo":""},"yoast_head":"<!-- This site is optimized with the Yoast SEO plugin v28.3 - https:\/\/yoast.com\/product\/yoast-seo-wordpress\/ -->\n<title>Una coyuntura decisiva - El Diario - Bolivia<\/title>\n<meta name=\"robots\" content=\"index, follow, max-snippet:-1, max-image-preview:large, max-video-preview:-1\" \/>\n<link rel=\"canonical\" href=\"https:\/\/www.eldiario.net\/portal\/2025\/12\/27\/una-coyuntura-decisiva\/\" \/>\n<meta property=\"og:locale\" content=\"es_ES\" \/>\n<meta property=\"og:type\" content=\"article\" \/>\n<meta property=\"og:title\" content=\"Una coyuntura decisiva - El Diario - Bolivia\" \/>\n<meta property=\"og:description\" content=\"\u00bfC\u00f3mo pretendemos salir de la crisis? \u00bfC\u00f3mo construir un futuro digno y prometedor para nuestros hijos? La generaci\u00f3n nuestra, pronto pasar\u00e1 a la historia. Deber\u00edamos dejar, por lo menos, la remota esperanza de un venidero admisible. No pequemos por ego\u00edstas. Decid\u00e1monos: si estamos con el cambio o con el retroceso. Si deseamos volver al pasado [&hellip;]\" \/>\n<meta property=\"og:url\" content=\"https:\/\/www.eldiario.net\/portal\/2025\/12\/27\/una-coyuntura-decisiva\/\" \/>\n<meta property=\"og:site_name\" content=\"El Diario - Bolivia\" \/>\n<meta property=\"article:publisher\" content=\"https:\/\/www.facebook.com\/eldiario.bolivia\/\" \/>\n<meta property=\"article:published_time\" content=\"2025-12-27T11:06:20+00:00\" \/>\n<meta property=\"og:image\" content=\"https:\/\/www.eldiario.net\/portal\/wp-content\/uploads\/2023\/06\/Severo-Cruz-1.jpg\" \/>\n\t<meta property=\"og:image:width\" content=\"1200\" \/>\n\t<meta property=\"og:image:height\" content=\"628\" \/>\n\t<meta property=\"og:image:type\" content=\"image\/jpeg\" \/>\n<meta name=\"author\" content=\"Jeanette\" \/>\n<meta name=\"twitter:card\" content=\"summary_large_image\" \/>\n<meta name=\"twitter:creator\" content=\"@eldiario_net\" \/>\n<meta name=\"twitter:site\" content=\"@eldiario_net\" \/>\n<meta name=\"twitter:label1\" content=\"Escrito por\" \/>\n\t<meta name=\"twitter:data1\" content=\"Jeanette\" \/>\n\t<meta name=\"twitter:label2\" content=\"Tiempo de lectura\" \/>\n\t<meta name=\"twitter:data2\" content=\"3 minutos\" \/>\n<script type=\"application\/ld+json\" class=\"yoast-schema-graph\">{\"@context\":\"https:\\\/\\\/schema.org\",\"@graph\":[{\"@type\":\"Article\",\"@id\":\"https:\\\/\\\/www.eldiario.net\\\/portal\\\/2025\\\/12\\\/27\\\/una-coyuntura-decisiva\\\/#article\",\"isPartOf\":{\"@id\":\"https:\\\/\\\/www.eldiario.net\\\/portal\\\/2025\\\/12\\\/27\\\/una-coyuntura-decisiva\\\/\"},\"author\":{\"name\":\"Jeanette\",\"@id\":\"https:\\\/\\\/www.eldiario.net\\\/portal\\\/#\\\/schema\\\/person\\\/f46445640444750d7d753ccd04ae01b7\"},\"headline\":\"Una coyuntura decisiva\",\"datePublished\":\"2025-12-27T11:06:20+00:00\",\"mainEntityOfPage\":{\"@id\":\"https:\\\/\\\/www.eldiario.net\\\/portal\\\/2025\\\/12\\\/27\\\/una-coyuntura-decisiva\\\/\"},\"wordCount\":521,\"publisher\":{\"@id\":\"https:\\\/\\\/www.eldiario.net\\\/portal\\\/#organization\"},\"image\":{\"@id\":\"https:\\\/\\\/www.eldiario.net\\\/portal\\\/2025\\\/12\\\/27\\\/una-coyuntura-decisiva\\\/#primaryimage\"},\"thumbnailUrl\":\"https:\\\/\\\/www.eldiario.net\\\/portal\\\/wp-content\\\/uploads\\\/2023\\\/06\\\/Severo-Cruz-1.jpg\",\"articleSection\":[\"Opini\u00f3n\"],\"inLanguage\":\"es\"},{\"@type\":\"WebPage\",\"@id\":\"https:\\\/\\\/www.eldiario.net\\\/portal\\\/2025\\\/12\\\/27\\\/una-coyuntura-decisiva\\\/\",\"url\":\"https:\\\/\\\/www.eldiario.net\\\/portal\\\/2025\\\/12\\\/27\\\/una-coyuntura-decisiva\\\/\",\"name\":\"Una coyuntura decisiva - El Diario - Bolivia\",\"isPartOf\":{\"@id\":\"https:\\\/\\\/www.eldiario.net\\\/portal\\\/#website\"},\"primaryImageOfPage\":{\"@id\":\"https:\\\/\\\/www.eldiario.net\\\/portal\\\/2025\\\/12\\\/27\\\/una-coyuntura-decisiva\\\/#primaryimage\"},\"image\":{\"@id\":\"https:\\\/\\\/www.eldiario.net\\\/portal\\\/2025\\\/12\\\/27\\\/una-coyuntura-decisiva\\\/#primaryimage\"},\"thumbnailUrl\":\"https:\\\/\\\/www.eldiario.net\\\/portal\\\/wp-content\\\/uploads\\\/2023\\\/06\\\/Severo-Cruz-1.jpg\",\"datePublished\":\"2025-12-27T11:06:20+00:00\",\"breadcrumb\":{\"@id\":\"https:\\\/\\\/www.eldiario.net\\\/portal\\\/2025\\\/12\\\/27\\\/una-coyuntura-decisiva\\\/#breadcrumb\"},\"inLanguage\":\"es\",\"potentialAction\":[{\"@type\":\"ReadAction\",\"target\":[\"https:\\\/\\\/www.eldiario.net\\\/portal\\\/2025\\\/12\\\/27\\\/una-coyuntura-decisiva\\\/\"]}]},{\"@type\":\"ImageObject\",\"inLanguage\":\"es\",\"@id\":\"https:\\\/\\\/www.eldiario.net\\\/portal\\\/2025\\\/12\\\/27\\\/una-coyuntura-decisiva\\\/#primaryimage\",\"url\":\"https:\\\/\\\/www.eldiario.net\\\/portal\\\/wp-content\\\/uploads\\\/2023\\\/06\\\/Severo-Cruz-1.jpg\",\"contentUrl\":\"https:\\\/\\\/www.eldiario.net\\\/portal\\\/wp-content\\\/uploads\\\/2023\\\/06\\\/Severo-Cruz-1.jpg\",\"width\":1200,\"height\":628,\"caption\":\"Severo Cruz Selaez\"},{\"@type\":\"BreadcrumbList\",\"@id\":\"https:\\\/\\\/www.eldiario.net\\\/portal\\\/2025\\\/12\\\/27\\\/una-coyuntura-decisiva\\\/#breadcrumb\",\"itemListElement\":[{\"@type\":\"ListItem\",\"position\":1,\"name\":\"Portada\",\"item\":\"https:\\\/\\\/www.eldiario.net\\\/portal\\\/\"},{\"@type\":\"ListItem\",\"position\":2,\"name\":\"Una coyuntura decisiva\"}]},{\"@type\":\"WebSite\",\"@id\":\"https:\\\/\\\/www.eldiario.net\\\/portal\\\/#website\",\"url\":\"https:\\\/\\\/www.eldiario.net\\\/portal\\\/\",\"name\":\"El Diario - Decano de la prensa nacional\",\"description\":\"El Diario - Decano de la prensa nacional\",\"publisher\":{\"@id\":\"https:\\\/\\\/www.eldiario.net\\\/portal\\\/#organization\"},\"potentialAction\":[{\"@type\":\"SearchAction\",\"target\":{\"@type\":\"EntryPoint\",\"urlTemplate\":\"https:\\\/\\\/www.eldiario.net\\\/portal\\\/?s={search_term_string}\"},\"query-input\":{\"@type\":\"PropertyValueSpecification\",\"valueRequired\":true,\"valueName\":\"search_term_string\"}}],\"inLanguage\":\"es\"},{\"@type\":\"Organization\",\"@id\":\"https:\\\/\\\/www.eldiario.net\\\/portal\\\/#organization\",\"name\":\"El Diario - Decano de la prensa nacional\",\"url\":\"https:\\\/\\\/www.eldiario.net\\\/portal\\\/\",\"logo\":{\"@type\":\"ImageObject\",\"inLanguage\":\"es\",\"@id\":\"https:\\\/\\\/www.eldiario.net\\\/portal\\\/#\\\/schema\\\/logo\\\/image\\\/\",\"url\":\"https:\\\/\\\/www.eldiario.net\\\/portal\\\/wp-content\\\/uploads\\\/2023\\\/07\\\/logo_ED.jpg\",\"contentUrl\":\"https:\\\/\\\/www.eldiario.net\\\/portal\\\/wp-content\\\/uploads\\\/2023\\\/07\\\/logo_ED.jpg\",\"width\":272,\"height\":52,\"caption\":\"El Diario - Decano de la prensa nacional\"},\"image\":{\"@id\":\"https:\\\/\\\/www.eldiario.net\\\/portal\\\/#\\\/schema\\\/logo\\\/image\\\/\"},\"sameAs\":[\"https:\\\/\\\/www.facebook.com\\\/eldiario.bolivia\\\/\",\"https:\\\/\\\/x.com\\\/eldiario_net\"]},{\"@type\":\"Person\",\"@id\":\"https:\\\/\\\/www.eldiario.net\\\/portal\\\/#\\\/schema\\\/person\\\/f46445640444750d7d753ccd04ae01b7\",\"name\":\"Jeanette\",\"image\":{\"@type\":\"ImageObject\",\"inLanguage\":\"es\",\"@id\":\"https:\\\/\\\/secure.gravatar.com\\\/avatar\\\/3ea2118a5f7dad2b7138b1187a6b7ee55f160b9968b66013c3a3ef39dd7e5798?s=96&d=mm&r=g\",\"url\":\"https:\\\/\\\/secure.gravatar.com\\\/avatar\\\/3ea2118a5f7dad2b7138b1187a6b7ee55f160b9968b66013c3a3ef39dd7e5798?s=96&d=mm&r=g\",\"contentUrl\":\"https:\\\/\\\/secure.gravatar.com\\\/avatar\\\/3ea2118a5f7dad2b7138b1187a6b7ee55f160b9968b66013c3a3ef39dd7e5798?s=96&d=mm&r=g\",\"caption\":\"Jeanette\"},\"sameAs\":[\"https:\\\/\\\/www.eldiario.net\\\/portal\"],\"url\":\"https:\\\/\\\/www.eldiario.net\\\/portal\\\/author\\\/jeanette\\\/\"}]}<\/script>\n<!-- \/ Yoast SEO plugin. -->","yoast_head_json":{"title":"Una coyuntura decisiva - El Diario - Bolivia","robots":{"index":"index","follow":"follow","max-snippet":"max-snippet:-1","max-image-preview":"max-image-preview:large","max-video-preview":"max-video-preview:-1"},"canonical":"https:\/\/www.eldiario.net\/portal\/2025\/12\/27\/una-coyuntura-decisiva\/","og_locale":"es_ES","og_type":"article","og_title":"Una coyuntura decisiva - El Diario - Bolivia","og_description":"\u00bfC\u00f3mo pretendemos salir de la crisis? \u00bfC\u00f3mo construir un futuro digno y prometedor para nuestros hijos? La generaci\u00f3n nuestra, pronto pasar\u00e1 a la historia. Deber\u00edamos dejar, por lo menos, la remota esperanza de un venidero admisible. No pequemos por ego\u00edstas. Decid\u00e1monos: si estamos con el cambio o con el retroceso. Si deseamos volver al pasado [&hellip;]","og_url":"https:\/\/www.eldiario.net\/portal\/2025\/12\/27\/una-coyuntura-decisiva\/","og_site_name":"El Diario - Bolivia","article_publisher":"https:\/\/www.facebook.com\/eldiario.bolivia\/","article_published_time":"2025-12-27T11:06:20+00:00","og_image":[{"width":1200,"height":628,"url":"https:\/\/www.eldiario.net\/portal\/wp-content\/uploads\/2023\/06\/Severo-Cruz-1.jpg","type":"image\/jpeg"}],"author":"Jeanette","twitter_card":"summary_large_image","twitter_creator":"@eldiario_net","twitter_site":"@eldiario_net","twitter_misc":{"Escrito por":"Jeanette","Tiempo de lectura":"3 minutos"},"schema":{"@context":"https:\/\/schema.org","@graph":[{"@type":"Article","@id":"https:\/\/www.eldiario.net\/portal\/2025\/12\/27\/una-coyuntura-decisiva\/#article","isPartOf":{"@id":"https:\/\/www.eldiario.net\/portal\/2025\/12\/27\/una-coyuntura-decisiva\/"},"author":{"name":"Jeanette","@id":"https:\/\/www.eldiario.net\/portal\/#\/schema\/person\/f46445640444750d7d753ccd04ae01b7"},"headline":"Una coyuntura decisiva","datePublished":"2025-12-27T11:06:20+00:00","mainEntityOfPage":{"@id":"https:\/\/www.eldiario.net\/portal\/2025\/12\/27\/una-coyuntura-decisiva\/"},"wordCount":521,"publisher":{"@id":"https:\/\/www.eldiario.net\/portal\/#organization"},"image":{"@id":"https:\/\/www.eldiario.net\/portal\/2025\/12\/27\/una-coyuntura-decisiva\/#primaryimage"},"thumbnailUrl":"https:\/\/www.eldiario.net\/portal\/wp-content\/uploads\/2023\/06\/Severo-Cruz-1.jpg","articleSection":["Opini\u00f3n"],"inLanguage":"es"},{"@type":"WebPage","@id":"https:\/\/www.eldiario.net\/portal\/2025\/12\/27\/una-coyuntura-decisiva\/","url":"https:\/\/www.eldiario.net\/portal\/2025\/12\/27\/una-coyuntura-decisiva\/","name":"Una coyuntura decisiva - El Diario - Bolivia","isPartOf":{"@id":"https:\/\/www.eldiario.net\/portal\/#website"},"primaryImageOfPage":{"@id":"https:\/\/www.eldiario.net\/portal\/2025\/12\/27\/una-coyuntura-decisiva\/#primaryimage"},"image":{"@id":"https:\/\/www.eldiario.net\/portal\/2025\/12\/27\/una-coyuntura-decisiva\/#primaryimage"},"thumbnailUrl":"https:\/\/www.eldiario.net\/portal\/wp-content\/uploads\/2023\/06\/Severo-Cruz-1.jpg","datePublished":"2025-12-27T11:06:20+00:00","breadcrumb":{"@id":"https:\/\/www.eldiario.net\/portal\/2025\/12\/27\/una-coyuntura-decisiva\/#breadcrumb"},"inLanguage":"es","potentialAction":[{"@type":"ReadAction","target":["https:\/\/www.eldiario.net\/portal\/2025\/12\/27\/una-coyuntura-decisiva\/"]}]},{"@type":"ImageObject","inLanguage":"es","@id":"https:\/\/www.eldiario.net\/portal\/2025\/12\/27\/una-coyuntura-decisiva\/#primaryimage","url":"https:\/\/www.eldiario.net\/portal\/wp-content\/uploads\/2023\/06\/Severo-Cruz-1.jpg","contentUrl":"https:\/\/www.eldiario.net\/portal\/wp-content\/uploads\/2023\/06\/Severo-Cruz-1.jpg","width":1200,"height":628,"caption":"Severo Cruz Selaez"},{"@type":"BreadcrumbList","@id":"https:\/\/www.eldiario.net\/portal\/2025\/12\/27\/una-coyuntura-decisiva\/#breadcrumb","itemListElement":[{"@type":"ListItem","position":1,"name":"Portada","item":"https:\/\/www.eldiario.net\/portal\/"},{"@type":"ListItem","position":2,"name":"Una coyuntura decisiva"}]},{"@type":"WebSite","@id":"https:\/\/www.eldiario.net\/portal\/#website","url":"https:\/\/www.eldiario.net\/portal\/","name":"El Diario - Decano de la prensa nacional","description":"El Diario - Decano de la prensa nacional","publisher":{"@id":"https:\/\/www.eldiario.net\/portal\/#organization"},"potentialAction":[{"@type":"SearchAction","target":{"@type":"EntryPoint","urlTemplate":"https:\/\/www.eldiario.net\/portal\/?s={search_term_string}"},"query-input":{"@type":"PropertyValueSpecification","valueRequired":true,"valueName":"search_term_string"}}],"inLanguage":"es"},{"@type":"Organization","@id":"https:\/\/www.eldiario.net\/portal\/#organization","name":"El Diario - Decano de la prensa nacional","url":"https:\/\/www.eldiario.net\/portal\/","logo":{"@type":"ImageObject","inLanguage":"es","@id":"https:\/\/www.eldiario.net\/portal\/#\/schema\/logo\/image\/","url":"https:\/\/www.eldiario.net\/portal\/wp-content\/uploads\/2023\/07\/logo_ED.jpg","contentUrl":"https:\/\/www.eldiario.net\/portal\/wp-content\/uploads\/2023\/07\/logo_ED.jpg","width":272,"height":52,"caption":"El Diario - Decano de la prensa nacional"},"image":{"@id":"https:\/\/www.eldiario.net\/portal\/#\/schema\/logo\/image\/"},"sameAs":["https:\/\/www.facebook.com\/eldiario.bolivia\/","https:\/\/x.com\/eldiario_net"]},{"@type":"Person","@id":"https:\/\/www.eldiario.net\/portal\/#\/schema\/person\/f46445640444750d7d753ccd04ae01b7","name":"Jeanette","image":{"@type":"ImageObject","inLanguage":"es","@id":"https:\/\/secure.gravatar.com\/avatar\/3ea2118a5f7dad2b7138b1187a6b7ee55f160b9968b66013c3a3ef39dd7e5798?s=96&d=mm&r=g","url":"https:\/\/secure.gravatar.com\/avatar\/3ea2118a5f7dad2b7138b1187a6b7ee55f160b9968b66013c3a3ef39dd7e5798?s=96&d=mm&r=g","contentUrl":"https:\/\/secure.gravatar.com\/avatar\/3ea2118a5f7dad2b7138b1187a6b7ee55f160b9968b66013c3a3ef39dd7e5798?s=96&d=mm&r=g","caption":"Jeanette"},"sameAs":["https:\/\/www.eldiario.net\/portal"],"url":"https:\/\/www.eldiario.net\/portal\/author\/jeanette\/"}]}},"_links":{"self":[{"href":"https:\/\/www.eldiario.net\/portal\/wp-json\/wp\/v2\/posts\/355216","targetHints":{"allow":["GET"]}}],"collection":[{"href":"https:\/\/www.eldiario.net\/portal\/wp-json\/wp\/v2\/posts"}],"about":[{"href":"https:\/\/www.eldiario.net\/portal\/wp-json\/wp\/v2\/types\/post"}],"author":[{"embeddable":true,"href":"https:\/\/www.eldiario.net\/portal\/wp-json\/wp\/v2\/users\/1"}],"replies":[{"embeddable":true,"href":"https:\/\/www.eldiario.net\/portal\/wp-json\/wp\/v2\/comments?post=355216"}],"version-history":[{"count":1,"href":"https:\/\/www.eldiario.net\/portal\/wp-json\/wp\/v2\/posts\/355216\/revisions"}],"predecessor-version":[{"id":355217,"href":"https:\/\/www.eldiario.net\/portal\/wp-json\/wp\/v2\/posts\/355216\/revisions\/355217"}],"wp:featuredmedia":[{"embeddable":true,"href":"https:\/\/www.eldiario.net\/portal\/wp-json\/wp\/v2\/media\/158618"}],"wp:attachment":[{"href":"https:\/\/www.eldiario.net\/portal\/wp-json\/wp\/v2\/media?parent=355216"}],"wp:term":[{"taxonomy":"category","embeddable":true,"href":"https:\/\/www.eldiario.net\/portal\/wp-json\/wp\/v2\/categories?post=355216"},{"taxonomy":"post_tag","embeddable":true,"href":"https:\/\/www.eldiario.net\/portal\/wp-json\/wp\/v2\/tags?post=355216"}],"curies":[{"name":"wp","href":"https:\/\/api.w.org\/{rel}","templated":true}]}}