{"id":355214,"date":"2025-12-27T07:05:50","date_gmt":"2025-12-27T11:05:50","guid":{"rendered":"https:\/\/www.eldiario.net\/portal\/?p=355214"},"modified":"2025-12-27T07:05:50","modified_gmt":"2025-12-27T11:05:50","slug":"austeridad-para-todos-en-tiempos-de-crisis","status":"publish","type":"post","link":"https:\/\/www.eldiario.net\/portal\/2025\/12\/27\/austeridad-para-todos-en-tiempos-de-crisis\/","title":{"rendered":"Austeridad para todos en tiempos de crisis"},"content":{"rendered":"<p><em>Mientras miles de bolivianos luchan por comprar los productos b\u00e1sicos de la canasta familiar, la percepci\u00f3n ciudadana es que una \u00e9lite pol\u00edtica vive en una burbuja de privilegios y desconectado de la realidad, que est\u00e1 marcada por la crisis econ\u00f3mica cuyo causante fue el denominado Proceso de Cambio del MAS. Los altos sueldos de diputados y senadores, sumados a las generosas dietas y vi\u00e1ticos, y las no menos cuantiosas rentas vitalicias para expresidentes y exvicepresidentes, representan un monto considerable de recursos que el Estado podr\u00eda reorientar hacia \u00e1reas como salud, educaci\u00f3n o infraestructura. Hasta ahora, sin embargo, ni legisladores ni expresidentes o exvicepresidentes se han pronunciado sobre ello\u2026<\/em><br \/>\n<em>En tanto que la poblaci\u00f3n aprieta el cintur\u00f3n para pagar sus cuentas y llenar la olla, una pregunta resuena con fuerza en el debate p\u00fablico: \u00bfEst\u00e1n los altos funcionarios del Estado y aquellos que sirvieron en las m\u00e1s altas magistraturas a la altura de este sacrificio colectivo? \u00bfNo podr\u00edan rebajarse un poco sus rentas, no con el fin precisamente de ahorrarle al Estado, sino con el de empatizar con todos los que sufren la crisis? Bolivia est\u00e1 atravesando una coyuntura econ\u00f3mica muy compleja que golpea el bolsillo de cada ciudadano, desde el comerciante hasta el trabajador, pasando por el agricultor y el estudiante. Pedir que se reduzcan tan elevados salarios y rentas de funcionarios y exfuncionarios \u00bfno es un llamado a la \u00e9tica, a la responsabilidad social y a un gesto de solidaridad?<\/em><br \/>\n<em>Hay una necesidad imperiosa de una reforma profunda y urgente en los esquemas de remuneraciones y rentas vitalicias para legisladores, expresidentes y exvicepresidentes. No es moral que mientras que millones de bolivianos sufren las consecuencias de un manejo econ\u00f3mico funesto, algunos pocos vivan en una burbuja de comodidades materiales\u2026 sin hacer nada para recibirlas. \u00bfSe han pronunciado los expresidentes sobre ello? \u00bfPodr\u00eda alguno, por \u00e9tica y sensibilidad, hacerlo ahora? <\/em><br \/>\n<em>No se trata de sacrificios heroicos, sino de solidaridad. Cuando el pa\u00eds enfrenta dificultades, quienes tienen la responsabilidad de servir p\u00fablicamente deben dar el ejemplo. Ser exvicepresidente o legislador no deber\u00eda representar privilegio; todo lo contrario: deber\u00eda ser un estatus de servicio, de humildad y humanidad. La austeridad no puede ser un discurso vac\u00edo; debe empezar desde arriba. Reducir estas rentas, o incluso suprimirlas, no solo liberar\u00eda fondos importantes, ayudar\u00eda a reconstruir la confianza en unas instituciones cada vez m\u00e1s cuestionadas\u2026 y hasta en los mismos seres humanos.<\/em><br \/>\n<em>Es momento de que expresidentes y exvicepresidentes, que ya disfrutaron de los beneficios del poder, entiendan que servir a Bolivia es tambi\u00e9n saber renunciar al dinero. Es una forma de decir: \u201cEntendemos la crisis y estamos con nuestro pueblo\u201d. Es hora de la austeridad, de la solidaridad. Los siguientes meses ser\u00e1n duros y Bolivia necesitar\u00e1 de aquellas.<\/em><\/p>\n","protected":false},"excerpt":{"rendered":"<p>Mientras miles de bolivianos luchan por comprar los productos b\u00e1sicos de la canasta familiar, la percepci\u00f3n ciudadana es que una \u00e9lite pol\u00edtica vive en una burbuja de privilegios y desconectado de la realidad, que est\u00e1 marcada por la crisis econ\u00f3mica cuyo causante fue el denominado Proceso de Cambio del MAS. Los altos sueldos de diputados [&hellip;]<\/p>\n","protected":false},"author":1,"featured_media":194776,"comment_status":"closed","ping_status":"open","sticky":false,"template":"","format":"standard","meta":{"_acf_changed":false,"footnotes":""},"categories":[4],"tags":[],"class_list":["post-355214","post","type-post","status-publish","format-standard","has-post-thumbnail","category-editorial"],"acf":{"antetitulo":""},"yoast_head":"<!-- This site is optimized with the Yoast SEO plugin v28.3 - https:\/\/yoast.com\/product\/yoast-seo-wordpress\/ -->\n<title>Austeridad para todos en tiempos de crisis - El Diario - Bolivia<\/title>\n<meta name=\"robots\" content=\"index, follow, max-snippet:-1, max-image-preview:large, max-video-preview:-1\" \/>\n<link rel=\"canonical\" href=\"https:\/\/www.eldiario.net\/portal\/2025\/12\/27\/austeridad-para-todos-en-tiempos-de-crisis\/\" \/>\n<meta property=\"og:locale\" content=\"es_ES\" \/>\n<meta property=\"og:type\" content=\"article\" \/>\n<meta property=\"og:title\" content=\"Austeridad para todos en tiempos de crisis - El Diario - Bolivia\" \/>\n<meta property=\"og:description\" content=\"Mientras miles de bolivianos luchan por comprar los productos b\u00e1sicos de la canasta familiar, la percepci\u00f3n ciudadana es que una \u00e9lite pol\u00edtica vive en una burbuja de privilegios y desconectado de la realidad, que est\u00e1 marcada por la crisis econ\u00f3mica cuyo causante fue el denominado Proceso de Cambio del MAS. Los altos sueldos de diputados [&hellip;]\" \/>\n<meta property=\"og:url\" content=\"https:\/\/www.eldiario.net\/portal\/2025\/12\/27\/austeridad-para-todos-en-tiempos-de-crisis\/\" \/>\n<meta property=\"og:site_name\" content=\"El Diario - Bolivia\" \/>\n<meta property=\"article:publisher\" content=\"https:\/\/www.facebook.com\/eldiario.bolivia\/\" \/>\n<meta property=\"article:published_time\" content=\"2025-12-27T11:05:50+00:00\" \/>\n<meta property=\"og:image\" content=\"https:\/\/www.eldiario.net\/portal\/wp-content\/uploads\/2023\/12\/Editorial.jpg\" \/>\n\t<meta property=\"og:image:width\" content=\"800\" \/>\n\t<meta property=\"og:image:height\" content=\"500\" \/>\n\t<meta property=\"og:image:type\" content=\"image\/jpeg\" \/>\n<meta name=\"author\" content=\"Jeanette\" \/>\n<meta name=\"twitter:card\" content=\"summary_large_image\" \/>\n<meta name=\"twitter:creator\" content=\"@eldiario_net\" \/>\n<meta name=\"twitter:site\" content=\"@eldiario_net\" \/>\n<meta name=\"twitter:label1\" content=\"Escrito por\" \/>\n\t<meta name=\"twitter:data1\" content=\"Jeanette\" \/>\n\t<meta name=\"twitter:label2\" content=\"Tiempo de lectura\" \/>\n\t<meta name=\"twitter:data2\" content=\"3 minutos\" \/>\n<script type=\"application\/ld+json\" class=\"yoast-schema-graph\">{\"@context\":\"https:\\\/\\\/schema.org\",\"@graph\":[{\"@type\":\"Article\",\"@id\":\"https:\\\/\\\/www.eldiario.net\\\/portal\\\/2025\\\/12\\\/27\\\/austeridad-para-todos-en-tiempos-de-crisis\\\/#article\",\"isPartOf\":{\"@id\":\"https:\\\/\\\/www.eldiario.net\\\/portal\\\/2025\\\/12\\\/27\\\/austeridad-para-todos-en-tiempos-de-crisis\\\/\"},\"author\":{\"name\":\"Jeanette\",\"@id\":\"https:\\\/\\\/www.eldiario.net\\\/portal\\\/#\\\/schema\\\/person\\\/f46445640444750d7d753ccd04ae01b7\"},\"headline\":\"Austeridad para todos en tiempos de crisis\",\"datePublished\":\"2025-12-27T11:05:50+00:00\",\"mainEntityOfPage\":{\"@id\":\"https:\\\/\\\/www.eldiario.net\\\/portal\\\/2025\\\/12\\\/27\\\/austeridad-para-todos-en-tiempos-de-crisis\\\/\"},\"wordCount\":488,\"publisher\":{\"@id\":\"https:\\\/\\\/www.eldiario.net\\\/portal\\\/#organization\"},\"image\":{\"@id\":\"https:\\\/\\\/www.eldiario.net\\\/portal\\\/2025\\\/12\\\/27\\\/austeridad-para-todos-en-tiempos-de-crisis\\\/#primaryimage\"},\"thumbnailUrl\":\"https:\\\/\\\/www.eldiario.net\\\/portal\\\/wp-content\\\/uploads\\\/2023\\\/12\\\/Editorial.jpg\",\"articleSection\":[\"Editorial\"],\"inLanguage\":\"es\"},{\"@type\":\"WebPage\",\"@id\":\"https:\\\/\\\/www.eldiario.net\\\/portal\\\/2025\\\/12\\\/27\\\/austeridad-para-todos-en-tiempos-de-crisis\\\/\",\"url\":\"https:\\\/\\\/www.eldiario.net\\\/portal\\\/2025\\\/12\\\/27\\\/austeridad-para-todos-en-tiempos-de-crisis\\\/\",\"name\":\"Austeridad para todos en tiempos de crisis - El Diario - Bolivia\",\"isPartOf\":{\"@id\":\"https:\\\/\\\/www.eldiario.net\\\/portal\\\/#website\"},\"primaryImageOfPage\":{\"@id\":\"https:\\\/\\\/www.eldiario.net\\\/portal\\\/2025\\\/12\\\/27\\\/austeridad-para-todos-en-tiempos-de-crisis\\\/#primaryimage\"},\"image\":{\"@id\":\"https:\\\/\\\/www.eldiario.net\\\/portal\\\/2025\\\/12\\\/27\\\/austeridad-para-todos-en-tiempos-de-crisis\\\/#primaryimage\"},\"thumbnailUrl\":\"https:\\\/\\\/www.eldiario.net\\\/portal\\\/wp-content\\\/uploads\\\/2023\\\/12\\\/Editorial.jpg\",\"datePublished\":\"2025-12-27T11:05:50+00:00\",\"breadcrumb\":{\"@id\":\"https:\\\/\\\/www.eldiario.net\\\/portal\\\/2025\\\/12\\\/27\\\/austeridad-para-todos-en-tiempos-de-crisis\\\/#breadcrumb\"},\"inLanguage\":\"es\",\"potentialAction\":[{\"@type\":\"ReadAction\",\"target\":[\"https:\\\/\\\/www.eldiario.net\\\/portal\\\/2025\\\/12\\\/27\\\/austeridad-para-todos-en-tiempos-de-crisis\\\/\"]}]},{\"@type\":\"ImageObject\",\"inLanguage\":\"es\",\"@id\":\"https:\\\/\\\/www.eldiario.net\\\/portal\\\/2025\\\/12\\\/27\\\/austeridad-para-todos-en-tiempos-de-crisis\\\/#primaryimage\",\"url\":\"https:\\\/\\\/www.eldiario.net\\\/portal\\\/wp-content\\\/uploads\\\/2023\\\/12\\\/Editorial.jpg\",\"contentUrl\":\"https:\\\/\\\/www.eldiario.net\\\/portal\\\/wp-content\\\/uploads\\\/2023\\\/12\\\/Editorial.jpg\",\"width\":800,\"height\":500},{\"@type\":\"BreadcrumbList\",\"@id\":\"https:\\\/\\\/www.eldiario.net\\\/portal\\\/2025\\\/12\\\/27\\\/austeridad-para-todos-en-tiempos-de-crisis\\\/#breadcrumb\",\"itemListElement\":[{\"@type\":\"ListItem\",\"position\":1,\"name\":\"Portada\",\"item\":\"https:\\\/\\\/www.eldiario.net\\\/portal\\\/\"},{\"@type\":\"ListItem\",\"position\":2,\"name\":\"Austeridad para todos en tiempos de crisis\"}]},{\"@type\":\"WebSite\",\"@id\":\"https:\\\/\\\/www.eldiario.net\\\/portal\\\/#website\",\"url\":\"https:\\\/\\\/www.eldiario.net\\\/portal\\\/\",\"name\":\"El Diario - Decano de la prensa nacional\",\"description\":\"El Diario - Decano de la prensa nacional\",\"publisher\":{\"@id\":\"https:\\\/\\\/www.eldiario.net\\\/portal\\\/#organization\"},\"potentialAction\":[{\"@type\":\"SearchAction\",\"target\":{\"@type\":\"EntryPoint\",\"urlTemplate\":\"https:\\\/\\\/www.eldiario.net\\\/portal\\\/?s={search_term_string}\"},\"query-input\":{\"@type\":\"PropertyValueSpecification\",\"valueRequired\":true,\"valueName\":\"search_term_string\"}}],\"inLanguage\":\"es\"},{\"@type\":\"Organization\",\"@id\":\"https:\\\/\\\/www.eldiario.net\\\/portal\\\/#organization\",\"name\":\"El Diario - Decano de la prensa nacional\",\"url\":\"https:\\\/\\\/www.eldiario.net\\\/portal\\\/\",\"logo\":{\"@type\":\"ImageObject\",\"inLanguage\":\"es\",\"@id\":\"https:\\\/\\\/www.eldiario.net\\\/portal\\\/#\\\/schema\\\/logo\\\/image\\\/\",\"url\":\"https:\\\/\\\/www.eldiario.net\\\/portal\\\/wp-content\\\/uploads\\\/2023\\\/07\\\/logo_ED.jpg\",\"contentUrl\":\"https:\\\/\\\/www.eldiario.net\\\/portal\\\/wp-content\\\/uploads\\\/2023\\\/07\\\/logo_ED.jpg\",\"width\":272,\"height\":52,\"caption\":\"El Diario - Decano de la prensa nacional\"},\"image\":{\"@id\":\"https:\\\/\\\/www.eldiario.net\\\/portal\\\/#\\\/schema\\\/logo\\\/image\\\/\"},\"sameAs\":[\"https:\\\/\\\/www.facebook.com\\\/eldiario.bolivia\\\/\",\"https:\\\/\\\/x.com\\\/eldiario_net\"]},{\"@type\":\"Person\",\"@id\":\"https:\\\/\\\/www.eldiario.net\\\/portal\\\/#\\\/schema\\\/person\\\/f46445640444750d7d753ccd04ae01b7\",\"name\":\"Jeanette\",\"image\":{\"@type\":\"ImageObject\",\"inLanguage\":\"es\",\"@id\":\"https:\\\/\\\/secure.gravatar.com\\\/avatar\\\/3ea2118a5f7dad2b7138b1187a6b7ee55f160b9968b66013c3a3ef39dd7e5798?s=96&d=mm&r=g\",\"url\":\"https:\\\/\\\/secure.gravatar.com\\\/avatar\\\/3ea2118a5f7dad2b7138b1187a6b7ee55f160b9968b66013c3a3ef39dd7e5798?s=96&d=mm&r=g\",\"contentUrl\":\"https:\\\/\\\/secure.gravatar.com\\\/avatar\\\/3ea2118a5f7dad2b7138b1187a6b7ee55f160b9968b66013c3a3ef39dd7e5798?s=96&d=mm&r=g\",\"caption\":\"Jeanette\"},\"sameAs\":[\"https:\\\/\\\/www.eldiario.net\\\/portal\"],\"url\":\"https:\\\/\\\/www.eldiario.net\\\/portal\\\/author\\\/jeanette\\\/\"}]}<\/script>\n<!-- \/ Yoast SEO plugin. -->","yoast_head_json":{"title":"Austeridad para todos en tiempos de crisis - El Diario - Bolivia","robots":{"index":"index","follow":"follow","max-snippet":"max-snippet:-1","max-image-preview":"max-image-preview:large","max-video-preview":"max-video-preview:-1"},"canonical":"https:\/\/www.eldiario.net\/portal\/2025\/12\/27\/austeridad-para-todos-en-tiempos-de-crisis\/","og_locale":"es_ES","og_type":"article","og_title":"Austeridad para todos en tiempos de crisis - El Diario - Bolivia","og_description":"Mientras miles de bolivianos luchan por comprar los productos b\u00e1sicos de la canasta familiar, la percepci\u00f3n ciudadana es que una \u00e9lite pol\u00edtica vive en una burbuja de privilegios y desconectado de la realidad, que est\u00e1 marcada por la crisis econ\u00f3mica cuyo causante fue el denominado Proceso de Cambio del MAS. Los altos sueldos de diputados [&hellip;]","og_url":"https:\/\/www.eldiario.net\/portal\/2025\/12\/27\/austeridad-para-todos-en-tiempos-de-crisis\/","og_site_name":"El Diario - Bolivia","article_publisher":"https:\/\/www.facebook.com\/eldiario.bolivia\/","article_published_time":"2025-12-27T11:05:50+00:00","og_image":[{"width":800,"height":500,"url":"https:\/\/www.eldiario.net\/portal\/wp-content\/uploads\/2023\/12\/Editorial.jpg","type":"image\/jpeg"}],"author":"Jeanette","twitter_card":"summary_large_image","twitter_creator":"@eldiario_net","twitter_site":"@eldiario_net","twitter_misc":{"Escrito por":"Jeanette","Tiempo de lectura":"3 minutos"},"schema":{"@context":"https:\/\/schema.org","@graph":[{"@type":"Article","@id":"https:\/\/www.eldiario.net\/portal\/2025\/12\/27\/austeridad-para-todos-en-tiempos-de-crisis\/#article","isPartOf":{"@id":"https:\/\/www.eldiario.net\/portal\/2025\/12\/27\/austeridad-para-todos-en-tiempos-de-crisis\/"},"author":{"name":"Jeanette","@id":"https:\/\/www.eldiario.net\/portal\/#\/schema\/person\/f46445640444750d7d753ccd04ae01b7"},"headline":"Austeridad para todos en tiempos de crisis","datePublished":"2025-12-27T11:05:50+00:00","mainEntityOfPage":{"@id":"https:\/\/www.eldiario.net\/portal\/2025\/12\/27\/austeridad-para-todos-en-tiempos-de-crisis\/"},"wordCount":488,"publisher":{"@id":"https:\/\/www.eldiario.net\/portal\/#organization"},"image":{"@id":"https:\/\/www.eldiario.net\/portal\/2025\/12\/27\/austeridad-para-todos-en-tiempos-de-crisis\/#primaryimage"},"thumbnailUrl":"https:\/\/www.eldiario.net\/portal\/wp-content\/uploads\/2023\/12\/Editorial.jpg","articleSection":["Editorial"],"inLanguage":"es"},{"@type":"WebPage","@id":"https:\/\/www.eldiario.net\/portal\/2025\/12\/27\/austeridad-para-todos-en-tiempos-de-crisis\/","url":"https:\/\/www.eldiario.net\/portal\/2025\/12\/27\/austeridad-para-todos-en-tiempos-de-crisis\/","name":"Austeridad para todos en tiempos de crisis - El Diario - Bolivia","isPartOf":{"@id":"https:\/\/www.eldiario.net\/portal\/#website"},"primaryImageOfPage":{"@id":"https:\/\/www.eldiario.net\/portal\/2025\/12\/27\/austeridad-para-todos-en-tiempos-de-crisis\/#primaryimage"},"image":{"@id":"https:\/\/www.eldiario.net\/portal\/2025\/12\/27\/austeridad-para-todos-en-tiempos-de-crisis\/#primaryimage"},"thumbnailUrl":"https:\/\/www.eldiario.net\/portal\/wp-content\/uploads\/2023\/12\/Editorial.jpg","datePublished":"2025-12-27T11:05:50+00:00","breadcrumb":{"@id":"https:\/\/www.eldiario.net\/portal\/2025\/12\/27\/austeridad-para-todos-en-tiempos-de-crisis\/#breadcrumb"},"inLanguage":"es","potentialAction":[{"@type":"ReadAction","target":["https:\/\/www.eldiario.net\/portal\/2025\/12\/27\/austeridad-para-todos-en-tiempos-de-crisis\/"]}]},{"@type":"ImageObject","inLanguage":"es","@id":"https:\/\/www.eldiario.net\/portal\/2025\/12\/27\/austeridad-para-todos-en-tiempos-de-crisis\/#primaryimage","url":"https:\/\/www.eldiario.net\/portal\/wp-content\/uploads\/2023\/12\/Editorial.jpg","contentUrl":"https:\/\/www.eldiario.net\/portal\/wp-content\/uploads\/2023\/12\/Editorial.jpg","width":800,"height":500},{"@type":"BreadcrumbList","@id":"https:\/\/www.eldiario.net\/portal\/2025\/12\/27\/austeridad-para-todos-en-tiempos-de-crisis\/#breadcrumb","itemListElement":[{"@type":"ListItem","position":1,"name":"Portada","item":"https:\/\/www.eldiario.net\/portal\/"},{"@type":"ListItem","position":2,"name":"Austeridad para todos en tiempos de crisis"}]},{"@type":"WebSite","@id":"https:\/\/www.eldiario.net\/portal\/#website","url":"https:\/\/www.eldiario.net\/portal\/","name":"El Diario - Decano de la prensa nacional","description":"El Diario - Decano de la prensa nacional","publisher":{"@id":"https:\/\/www.eldiario.net\/portal\/#organization"},"potentialAction":[{"@type":"SearchAction","target":{"@type":"EntryPoint","urlTemplate":"https:\/\/www.eldiario.net\/portal\/?s={search_term_string}"},"query-input":{"@type":"PropertyValueSpecification","valueRequired":true,"valueName":"search_term_string"}}],"inLanguage":"es"},{"@type":"Organization","@id":"https:\/\/www.eldiario.net\/portal\/#organization","name":"El Diario - Decano de la prensa nacional","url":"https:\/\/www.eldiario.net\/portal\/","logo":{"@type":"ImageObject","inLanguage":"es","@id":"https:\/\/www.eldiario.net\/portal\/#\/schema\/logo\/image\/","url":"https:\/\/www.eldiario.net\/portal\/wp-content\/uploads\/2023\/07\/logo_ED.jpg","contentUrl":"https:\/\/www.eldiario.net\/portal\/wp-content\/uploads\/2023\/07\/logo_ED.jpg","width":272,"height":52,"caption":"El Diario - Decano de la prensa nacional"},"image":{"@id":"https:\/\/www.eldiario.net\/portal\/#\/schema\/logo\/image\/"},"sameAs":["https:\/\/www.facebook.com\/eldiario.bolivia\/","https:\/\/x.com\/eldiario_net"]},{"@type":"Person","@id":"https:\/\/www.eldiario.net\/portal\/#\/schema\/person\/f46445640444750d7d753ccd04ae01b7","name":"Jeanette","image":{"@type":"ImageObject","inLanguage":"es","@id":"https:\/\/secure.gravatar.com\/avatar\/3ea2118a5f7dad2b7138b1187a6b7ee55f160b9968b66013c3a3ef39dd7e5798?s=96&d=mm&r=g","url":"https:\/\/secure.gravatar.com\/avatar\/3ea2118a5f7dad2b7138b1187a6b7ee55f160b9968b66013c3a3ef39dd7e5798?s=96&d=mm&r=g","contentUrl":"https:\/\/secure.gravatar.com\/avatar\/3ea2118a5f7dad2b7138b1187a6b7ee55f160b9968b66013c3a3ef39dd7e5798?s=96&d=mm&r=g","caption":"Jeanette"},"sameAs":["https:\/\/www.eldiario.net\/portal"],"url":"https:\/\/www.eldiario.net\/portal\/author\/jeanette\/"}]}},"_links":{"self":[{"href":"https:\/\/www.eldiario.net\/portal\/wp-json\/wp\/v2\/posts\/355214","targetHints":{"allow":["GET"]}}],"collection":[{"href":"https:\/\/www.eldiario.net\/portal\/wp-json\/wp\/v2\/posts"}],"about":[{"href":"https:\/\/www.eldiario.net\/portal\/wp-json\/wp\/v2\/types\/post"}],"author":[{"embeddable":true,"href":"https:\/\/www.eldiario.net\/portal\/wp-json\/wp\/v2\/users\/1"}],"replies":[{"embeddable":true,"href":"https:\/\/www.eldiario.net\/portal\/wp-json\/wp\/v2\/comments?post=355214"}],"version-history":[{"count":1,"href":"https:\/\/www.eldiario.net\/portal\/wp-json\/wp\/v2\/posts\/355214\/revisions"}],"predecessor-version":[{"id":355215,"href":"https:\/\/www.eldiario.net\/portal\/wp-json\/wp\/v2\/posts\/355214\/revisions\/355215"}],"wp:featuredmedia":[{"embeddable":true,"href":"https:\/\/www.eldiario.net\/portal\/wp-json\/wp\/v2\/media\/194776"}],"wp:attachment":[{"href":"https:\/\/www.eldiario.net\/portal\/wp-json\/wp\/v2\/media?parent=355214"}],"wp:term":[{"taxonomy":"category","embeddable":true,"href":"https:\/\/www.eldiario.net\/portal\/wp-json\/wp\/v2\/categories?post=355214"},{"taxonomy":"post_tag","embeddable":true,"href":"https:\/\/www.eldiario.net\/portal\/wp-json\/wp\/v2\/tags?post=355214"}],"curies":[{"name":"wp","href":"https:\/\/api.w.org\/{rel}","templated":true}]}}