{"id":3545,"date":"2021-05-13T06:29:23","date_gmt":"2021-05-13T10:29:23","guid":{"rendered":"https:\/\/www.eldiario.net\/portal\/?p=3545"},"modified":"2021-05-13T06:29:23","modified_gmt":"2021-05-13T10:29:23","slug":"amparo-constitucional-de-blanco-obliga-a-diez-clubes-a-suspender-el-futbol","status":"publish","type":"post","link":"https:\/\/www.eldiario.net\/portal\/2021\/05\/13\/amparo-constitucional-de-blanco-obliga-a-diez-clubes-a-suspender-el-futbol\/","title":{"rendered":"Amparo Constitucional de Blanco obliga a diez clubes a suspender el f\u00fatbol"},"content":{"rendered":"<p>Diez clubes de la Divisi\u00f3n Profesional y ocho asociaciones de f\u00fatbol comunicaron ayer mediante un voto resolutivo el paro de actividades deportivas a partir del pr\u00f3ximo fin de semana. Esta determinaci\u00f3n se dio tras la decisi\u00f3n de la Sala Constitucional Cuarta del Tribunal Departamental de Justicia de Santa Cruz de aceptar un nuevo amparo constitucional en favor del directivo Robert Blanco.<\/p>\n<p>\u201cAnte la inseguridad jur\u00eddica e intromisi\u00f3n de la justicia ordinaria en el \u00e1mbito deportivo futbol\u00edstico, nos vemos en la obligaci\u00f3n de PARALIZAR EL F\u00daTBOL a partir de la 8va fecha del torneo de la Divisi\u00f3n Profesional (\u2026) y de manera INDEFINIDA, as\u00ed como de los torneos de la Divisi\u00f3n Aficionados. Esta determinaci\u00f3n se la realiza en total rechazo y repudio, anunciando que acudiremos a instancias deportivas superiores para que esta mala pr\u00e1ctica sea condenada y eliminada del \u00e1mbito jur\u00eddico deportivo\u201d, dice parte del voto resolutivo.<\/p>\n<p>Esta situaci\u00f3n surge a ra\u00edz del reclamo de Blanco al Comit\u00e9 Ejecutivo de la FBF donde seg\u00fan menciona debi\u00f3 asumir como presidente del balompi\u00e9 boliviano en sucesi\u00f3n de cargo por el fallecimiento de C\u00e9sar Salinas, que ocurri\u00f3 en el mes de julio de 2020, ya que fung\u00eda como primer vicepresidente.<\/p>\n<p>A ra\u00edz de este nuevo amparo, el a\u00f1o pasado hubo otro, el tribunal cruce\u00f1o decidi\u00f3 que se paralice cualquier tipo de actividad que impliquen gastos econ\u00f3micos en la Federaci\u00f3n Boliviana de F\u00fatbol (FBF). Asimismo la octava jornada del \u00fanico torneo que deb\u00eda iniciar este viernes entre Real Tomayapo vs Independiente Petrolero qued\u00f3 suspendido. \u201cSi ma\u00f1ana tenemos una sanci\u00f3n de FIFA y Conmebol, Robert Blanco y compa\u00f1\u00eda ser\u00e1n los culpables\u201d, dijo Andr\u00e9s Costa, presidente de Always Ready y confirmando el paro de actividades.<\/p>\n<p>Los clubes Always, Aurora, Independiente, Nacional Potos\u00ed, Palmaflor, Real Potos\u00ed, Real Santa Cruz, Tomayapo, San Jos\u00e9, The Strongest y las Asociaciones de Beni, Pando, Chuquisaca, Cochabamba, Oruro, Potos\u00ed, Santa Cruz y Tarija; firmaron este voto resolutivo.\u00a0 Los restantes equipos no se pronunciaron al respecto.<\/p>\n<p>El tribunal cruce\u00f1o program\u00f3 para hoy una audiencia virtual desde las 09.00 a la que han sido citadas el presidente de la Federaci\u00f3n, Fernando Costa, y el Comit\u00e9 Ejecutivo en pleno.<\/p>\n","protected":false},"excerpt":{"rendered":"<p>Diez clubes de la Divisi\u00f3n Profesional y ocho asociaciones de f\u00fatbol comunicaron ayer mediante un voto resolutivo el paro de actividades deportivas a partir del pr\u00f3ximo fin de semana. Esta determinaci\u00f3n se dio tras la decisi\u00f3n de la Sala Constitucional Cuarta del Tribunal Departamental de Justicia de Santa Cruz de aceptar un nuevo amparo constitucional [&hellip;]<\/p>\n","protected":false},"author":1,"featured_media":3546,"comment_status":"closed","ping_status":"closed","sticky":false,"template":"","format":"standard","meta":{"_acf_changed":false,"footnotes":""},"categories":[6],"tags":[],"class_list":["post-3545","post","type-post","status-publish","format-standard","has-post-thumbnail","category-deportes"],"acf":{"antetitulo":""},"yoast_head":"<!-- This site is optimized with the Yoast SEO plugin v28.3 - https:\/\/yoast.com\/product\/yoast-seo-wordpress\/ -->\n<title>Amparo Constitucional de Blanco obliga a diez clubes a suspender el f\u00fatbol - El Diario - Bolivia<\/title>\n<meta name=\"robots\" content=\"index, follow, max-snippet:-1, max-image-preview:large, max-video-preview:-1\" \/>\n<link rel=\"canonical\" href=\"https:\/\/www.eldiario.net\/portal\/2021\/05\/13\/amparo-constitucional-de-blanco-obliga-a-diez-clubes-a-suspender-el-futbol\/\" \/>\n<meta property=\"og:locale\" content=\"es_ES\" \/>\n<meta property=\"og:type\" content=\"article\" \/>\n<meta property=\"og:title\" content=\"Amparo Constitucional de Blanco obliga a diez clubes a suspender el f\u00fatbol - El Diario - Bolivia\" \/>\n<meta property=\"og:description\" content=\"Diez clubes de la Divisi\u00f3n Profesional y ocho asociaciones de f\u00fatbol comunicaron ayer mediante un voto resolutivo el paro de actividades deportivas a partir del pr\u00f3ximo fin de semana. Esta determinaci\u00f3n se dio tras la decisi\u00f3n de la Sala Constitucional Cuarta del Tribunal Departamental de Justicia de Santa Cruz de aceptar un nuevo amparo constitucional [&hellip;]\" \/>\n<meta property=\"og:url\" content=\"https:\/\/www.eldiario.net\/portal\/2021\/05\/13\/amparo-constitucional-de-blanco-obliga-a-diez-clubes-a-suspender-el-futbol\/\" \/>\n<meta property=\"og:site_name\" content=\"El Diario - Bolivia\" \/>\n<meta property=\"article:publisher\" content=\"https:\/\/www.facebook.com\/eldiario.bolivia\/\" \/>\n<meta property=\"article:published_time\" content=\"2021-05-13T10:29:23+00:00\" \/>\n<meta name=\"author\" content=\"Jeanette\" \/>\n<meta name=\"twitter:card\" content=\"summary_large_image\" \/>\n<meta name=\"twitter:creator\" content=\"@eldiario_net\" \/>\n<meta name=\"twitter:site\" content=\"@eldiario_net\" \/>\n<meta name=\"twitter:label1\" content=\"Escrito por\" \/>\n\t<meta name=\"twitter:data1\" content=\"Jeanette\" \/>\n\t<meta name=\"twitter:label2\" content=\"Tiempo de lectura\" \/>\n\t<meta name=\"twitter:data2\" content=\"2 minutos\" \/>\n<script type=\"application\/ld+json\" class=\"yoast-schema-graph\">{\"@context\":\"https:\\\/\\\/schema.org\",\"@graph\":[{\"@type\":\"Article\",\"@id\":\"https:\\\/\\\/www.eldiario.net\\\/portal\\\/2021\\\/05\\\/13\\\/amparo-constitucional-de-blanco-obliga-a-diez-clubes-a-suspender-el-futbol\\\/#article\",\"isPartOf\":{\"@id\":\"https:\\\/\\\/www.eldiario.net\\\/portal\\\/2021\\\/05\\\/13\\\/amparo-constitucional-de-blanco-obliga-a-diez-clubes-a-suspender-el-futbol\\\/\"},\"author\":{\"name\":\"Jeanette\",\"@id\":\"https:\\\/\\\/www.eldiario.net\\\/portal\\\/#\\\/schema\\\/person\\\/f46445640444750d7d753ccd04ae01b7\"},\"headline\":\"Amparo Constitucional de Blanco obliga a diez clubes a suspender el f\u00fatbol\",\"datePublished\":\"2021-05-13T10:29:23+00:00\",\"mainEntityOfPage\":{\"@id\":\"https:\\\/\\\/www.eldiario.net\\\/portal\\\/2021\\\/05\\\/13\\\/amparo-constitucional-de-blanco-obliga-a-diez-clubes-a-suspender-el-futbol\\\/\"},\"wordCount\":398,\"publisher\":{\"@id\":\"https:\\\/\\\/www.eldiario.net\\\/portal\\\/#organization\"},\"image\":{\"@id\":\"https:\\\/\\\/www.eldiario.net\\\/portal\\\/2021\\\/05\\\/13\\\/amparo-constitucional-de-blanco-obliga-a-diez-clubes-a-suspender-el-futbol\\\/#primaryimage\"},\"thumbnailUrl\":\"\",\"articleSection\":[\"Deportes\"],\"inLanguage\":\"es\"},{\"@type\":\"WebPage\",\"@id\":\"https:\\\/\\\/www.eldiario.net\\\/portal\\\/2021\\\/05\\\/13\\\/amparo-constitucional-de-blanco-obliga-a-diez-clubes-a-suspender-el-futbol\\\/\",\"url\":\"https:\\\/\\\/www.eldiario.net\\\/portal\\\/2021\\\/05\\\/13\\\/amparo-constitucional-de-blanco-obliga-a-diez-clubes-a-suspender-el-futbol\\\/\",\"name\":\"Amparo Constitucional de Blanco obliga a diez clubes a suspender el f\u00fatbol - El Diario - Bolivia\",\"isPartOf\":{\"@id\":\"https:\\\/\\\/www.eldiario.net\\\/portal\\\/#website\"},\"primaryImageOfPage\":{\"@id\":\"https:\\\/\\\/www.eldiario.net\\\/portal\\\/2021\\\/05\\\/13\\\/amparo-constitucional-de-blanco-obliga-a-diez-clubes-a-suspender-el-futbol\\\/#primaryimage\"},\"image\":{\"@id\":\"https:\\\/\\\/www.eldiario.net\\\/portal\\\/2021\\\/05\\\/13\\\/amparo-constitucional-de-blanco-obliga-a-diez-clubes-a-suspender-el-futbol\\\/#primaryimage\"},\"thumbnailUrl\":\"\",\"datePublished\":\"2021-05-13T10:29:23+00:00\",\"breadcrumb\":{\"@id\":\"https:\\\/\\\/www.eldiario.net\\\/portal\\\/2021\\\/05\\\/13\\\/amparo-constitucional-de-blanco-obliga-a-diez-clubes-a-suspender-el-futbol\\\/#breadcrumb\"},\"inLanguage\":\"es\",\"potentialAction\":[{\"@type\":\"ReadAction\",\"target\":[\"https:\\\/\\\/www.eldiario.net\\\/portal\\\/2021\\\/05\\\/13\\\/amparo-constitucional-de-blanco-obliga-a-diez-clubes-a-suspender-el-futbol\\\/\"]}]},{\"@type\":\"ImageObject\",\"inLanguage\":\"es\",\"@id\":\"https:\\\/\\\/www.eldiario.net\\\/portal\\\/2021\\\/05\\\/13\\\/amparo-constitucional-de-blanco-obliga-a-diez-clubes-a-suspender-el-futbol\\\/#primaryimage\",\"url\":\"\",\"contentUrl\":\"\"},{\"@type\":\"BreadcrumbList\",\"@id\":\"https:\\\/\\\/www.eldiario.net\\\/portal\\\/2021\\\/05\\\/13\\\/amparo-constitucional-de-blanco-obliga-a-diez-clubes-a-suspender-el-futbol\\\/#breadcrumb\",\"itemListElement\":[{\"@type\":\"ListItem\",\"position\":1,\"name\":\"Portada\",\"item\":\"https:\\\/\\\/www.eldiario.net\\\/portal\\\/\"},{\"@type\":\"ListItem\",\"position\":2,\"name\":\"Amparo Constitucional de Blanco obliga a diez clubes a suspender el f\u00fatbol\"}]},{\"@type\":\"WebSite\",\"@id\":\"https:\\\/\\\/www.eldiario.net\\\/portal\\\/#website\",\"url\":\"https:\\\/\\\/www.eldiario.net\\\/portal\\\/\",\"name\":\"El Diario - Decano de la prensa nacional\",\"description\":\"El Diario - Decano de la prensa nacional\",\"publisher\":{\"@id\":\"https:\\\/\\\/www.eldiario.net\\\/portal\\\/#organization\"},\"potentialAction\":[{\"@type\":\"SearchAction\",\"target\":{\"@type\":\"EntryPoint\",\"urlTemplate\":\"https:\\\/\\\/www.eldiario.net\\\/portal\\\/?s={search_term_string}\"},\"query-input\":{\"@type\":\"PropertyValueSpecification\",\"valueRequired\":true,\"valueName\":\"search_term_string\"}}],\"inLanguage\":\"es\"},{\"@type\":\"Organization\",\"@id\":\"https:\\\/\\\/www.eldiario.net\\\/portal\\\/#organization\",\"name\":\"El Diario - Decano de la prensa nacional\",\"url\":\"https:\\\/\\\/www.eldiario.net\\\/portal\\\/\",\"logo\":{\"@type\":\"ImageObject\",\"inLanguage\":\"es\",\"@id\":\"https:\\\/\\\/www.eldiario.net\\\/portal\\\/#\\\/schema\\\/logo\\\/image\\\/\",\"url\":\"https:\\\/\\\/www.eldiario.net\\\/portal\\\/wp-content\\\/uploads\\\/2023\\\/07\\\/logo_ED.jpg\",\"contentUrl\":\"https:\\\/\\\/www.eldiario.net\\\/portal\\\/wp-content\\\/uploads\\\/2023\\\/07\\\/logo_ED.jpg\",\"width\":272,\"height\":52,\"caption\":\"El Diario - Decano de la prensa nacional\"},\"image\":{\"@id\":\"https:\\\/\\\/www.eldiario.net\\\/portal\\\/#\\\/schema\\\/logo\\\/image\\\/\"},\"sameAs\":[\"https:\\\/\\\/www.facebook.com\\\/eldiario.bolivia\\\/\",\"https:\\\/\\\/x.com\\\/eldiario_net\"]},{\"@type\":\"Person\",\"@id\":\"https:\\\/\\\/www.eldiario.net\\\/portal\\\/#\\\/schema\\\/person\\\/f46445640444750d7d753ccd04ae01b7\",\"name\":\"Jeanette\",\"image\":{\"@type\":\"ImageObject\",\"inLanguage\":\"es\",\"@id\":\"https:\\\/\\\/secure.gravatar.com\\\/avatar\\\/3ea2118a5f7dad2b7138b1187a6b7ee55f160b9968b66013c3a3ef39dd7e5798?s=96&d=mm&r=g\",\"url\":\"https:\\\/\\\/secure.gravatar.com\\\/avatar\\\/3ea2118a5f7dad2b7138b1187a6b7ee55f160b9968b66013c3a3ef39dd7e5798?s=96&d=mm&r=g\",\"contentUrl\":\"https:\\\/\\\/secure.gravatar.com\\\/avatar\\\/3ea2118a5f7dad2b7138b1187a6b7ee55f160b9968b66013c3a3ef39dd7e5798?s=96&d=mm&r=g\",\"caption\":\"Jeanette\"},\"sameAs\":[\"https:\\\/\\\/www.eldiario.net\\\/portal\"],\"url\":\"https:\\\/\\\/www.eldiario.net\\\/portal\\\/author\\\/jeanette\\\/\"}]}<\/script>\n<!-- \/ Yoast SEO plugin. -->","yoast_head_json":{"title":"Amparo Constitucional de Blanco obliga a diez clubes a suspender el f\u00fatbol - El Diario - Bolivia","robots":{"index":"index","follow":"follow","max-snippet":"max-snippet:-1","max-image-preview":"max-image-preview:large","max-video-preview":"max-video-preview:-1"},"canonical":"https:\/\/www.eldiario.net\/portal\/2021\/05\/13\/amparo-constitucional-de-blanco-obliga-a-diez-clubes-a-suspender-el-futbol\/","og_locale":"es_ES","og_type":"article","og_title":"Amparo Constitucional de Blanco obliga a diez clubes a suspender el f\u00fatbol - El Diario - Bolivia","og_description":"Diez clubes de la Divisi\u00f3n Profesional y ocho asociaciones de f\u00fatbol comunicaron ayer mediante un voto resolutivo el paro de actividades deportivas a partir del pr\u00f3ximo fin de semana. Esta determinaci\u00f3n se dio tras la decisi\u00f3n de la Sala Constitucional Cuarta del Tribunal Departamental de Justicia de Santa Cruz de aceptar un nuevo amparo constitucional [&hellip;]","og_url":"https:\/\/www.eldiario.net\/portal\/2021\/05\/13\/amparo-constitucional-de-blanco-obliga-a-diez-clubes-a-suspender-el-futbol\/","og_site_name":"El Diario - Bolivia","article_publisher":"https:\/\/www.facebook.com\/eldiario.bolivia\/","article_published_time":"2021-05-13T10:29:23+00:00","author":"Jeanette","twitter_card":"summary_large_image","twitter_creator":"@eldiario_net","twitter_site":"@eldiario_net","twitter_misc":{"Escrito por":"Jeanette","Tiempo de lectura":"2 minutos"},"schema":{"@context":"https:\/\/schema.org","@graph":[{"@type":"Article","@id":"https:\/\/www.eldiario.net\/portal\/2021\/05\/13\/amparo-constitucional-de-blanco-obliga-a-diez-clubes-a-suspender-el-futbol\/#article","isPartOf":{"@id":"https:\/\/www.eldiario.net\/portal\/2021\/05\/13\/amparo-constitucional-de-blanco-obliga-a-diez-clubes-a-suspender-el-futbol\/"},"author":{"name":"Jeanette","@id":"https:\/\/www.eldiario.net\/portal\/#\/schema\/person\/f46445640444750d7d753ccd04ae01b7"},"headline":"Amparo Constitucional de Blanco obliga a diez clubes a suspender el f\u00fatbol","datePublished":"2021-05-13T10:29:23+00:00","mainEntityOfPage":{"@id":"https:\/\/www.eldiario.net\/portal\/2021\/05\/13\/amparo-constitucional-de-blanco-obliga-a-diez-clubes-a-suspender-el-futbol\/"},"wordCount":398,"publisher":{"@id":"https:\/\/www.eldiario.net\/portal\/#organization"},"image":{"@id":"https:\/\/www.eldiario.net\/portal\/2021\/05\/13\/amparo-constitucional-de-blanco-obliga-a-diez-clubes-a-suspender-el-futbol\/#primaryimage"},"thumbnailUrl":"","articleSection":["Deportes"],"inLanguage":"es"},{"@type":"WebPage","@id":"https:\/\/www.eldiario.net\/portal\/2021\/05\/13\/amparo-constitucional-de-blanco-obliga-a-diez-clubes-a-suspender-el-futbol\/","url":"https:\/\/www.eldiario.net\/portal\/2021\/05\/13\/amparo-constitucional-de-blanco-obliga-a-diez-clubes-a-suspender-el-futbol\/","name":"Amparo Constitucional de Blanco obliga a diez clubes a suspender el f\u00fatbol - El Diario - Bolivia","isPartOf":{"@id":"https:\/\/www.eldiario.net\/portal\/#website"},"primaryImageOfPage":{"@id":"https:\/\/www.eldiario.net\/portal\/2021\/05\/13\/amparo-constitucional-de-blanco-obliga-a-diez-clubes-a-suspender-el-futbol\/#primaryimage"},"image":{"@id":"https:\/\/www.eldiario.net\/portal\/2021\/05\/13\/amparo-constitucional-de-blanco-obliga-a-diez-clubes-a-suspender-el-futbol\/#primaryimage"},"thumbnailUrl":"","datePublished":"2021-05-13T10:29:23+00:00","breadcrumb":{"@id":"https:\/\/www.eldiario.net\/portal\/2021\/05\/13\/amparo-constitucional-de-blanco-obliga-a-diez-clubes-a-suspender-el-futbol\/#breadcrumb"},"inLanguage":"es","potentialAction":[{"@type":"ReadAction","target":["https:\/\/www.eldiario.net\/portal\/2021\/05\/13\/amparo-constitucional-de-blanco-obliga-a-diez-clubes-a-suspender-el-futbol\/"]}]},{"@type":"ImageObject","inLanguage":"es","@id":"https:\/\/www.eldiario.net\/portal\/2021\/05\/13\/amparo-constitucional-de-blanco-obliga-a-diez-clubes-a-suspender-el-futbol\/#primaryimage","url":"","contentUrl":""},{"@type":"BreadcrumbList","@id":"https:\/\/www.eldiario.net\/portal\/2021\/05\/13\/amparo-constitucional-de-blanco-obliga-a-diez-clubes-a-suspender-el-futbol\/#breadcrumb","itemListElement":[{"@type":"ListItem","position":1,"name":"Portada","item":"https:\/\/www.eldiario.net\/portal\/"},{"@type":"ListItem","position":2,"name":"Amparo Constitucional de Blanco obliga a diez clubes a suspender el f\u00fatbol"}]},{"@type":"WebSite","@id":"https:\/\/www.eldiario.net\/portal\/#website","url":"https:\/\/www.eldiario.net\/portal\/","name":"El Diario - Decano de la prensa nacional","description":"El Diario - Decano de la prensa nacional","publisher":{"@id":"https:\/\/www.eldiario.net\/portal\/#organization"},"potentialAction":[{"@type":"SearchAction","target":{"@type":"EntryPoint","urlTemplate":"https:\/\/www.eldiario.net\/portal\/?s={search_term_string}"},"query-input":{"@type":"PropertyValueSpecification","valueRequired":true,"valueName":"search_term_string"}}],"inLanguage":"es"},{"@type":"Organization","@id":"https:\/\/www.eldiario.net\/portal\/#organization","name":"El Diario - Decano de la prensa nacional","url":"https:\/\/www.eldiario.net\/portal\/","logo":{"@type":"ImageObject","inLanguage":"es","@id":"https:\/\/www.eldiario.net\/portal\/#\/schema\/logo\/image\/","url":"https:\/\/www.eldiario.net\/portal\/wp-content\/uploads\/2023\/07\/logo_ED.jpg","contentUrl":"https:\/\/www.eldiario.net\/portal\/wp-content\/uploads\/2023\/07\/logo_ED.jpg","width":272,"height":52,"caption":"El Diario - Decano de la prensa nacional"},"image":{"@id":"https:\/\/www.eldiario.net\/portal\/#\/schema\/logo\/image\/"},"sameAs":["https:\/\/www.facebook.com\/eldiario.bolivia\/","https:\/\/x.com\/eldiario_net"]},{"@type":"Person","@id":"https:\/\/www.eldiario.net\/portal\/#\/schema\/person\/f46445640444750d7d753ccd04ae01b7","name":"Jeanette","image":{"@type":"ImageObject","inLanguage":"es","@id":"https:\/\/secure.gravatar.com\/avatar\/3ea2118a5f7dad2b7138b1187a6b7ee55f160b9968b66013c3a3ef39dd7e5798?s=96&d=mm&r=g","url":"https:\/\/secure.gravatar.com\/avatar\/3ea2118a5f7dad2b7138b1187a6b7ee55f160b9968b66013c3a3ef39dd7e5798?s=96&d=mm&r=g","contentUrl":"https:\/\/secure.gravatar.com\/avatar\/3ea2118a5f7dad2b7138b1187a6b7ee55f160b9968b66013c3a3ef39dd7e5798?s=96&d=mm&r=g","caption":"Jeanette"},"sameAs":["https:\/\/www.eldiario.net\/portal"],"url":"https:\/\/www.eldiario.net\/portal\/author\/jeanette\/"}]}},"_links":{"self":[{"href":"https:\/\/www.eldiario.net\/portal\/wp-json\/wp\/v2\/posts\/3545","targetHints":{"allow":["GET"]}}],"collection":[{"href":"https:\/\/www.eldiario.net\/portal\/wp-json\/wp\/v2\/posts"}],"about":[{"href":"https:\/\/www.eldiario.net\/portal\/wp-json\/wp\/v2\/types\/post"}],"author":[{"embeddable":true,"href":"https:\/\/www.eldiario.net\/portal\/wp-json\/wp\/v2\/users\/1"}],"replies":[{"embeddable":true,"href":"https:\/\/www.eldiario.net\/portal\/wp-json\/wp\/v2\/comments?post=3545"}],"version-history":[{"count":0,"href":"https:\/\/www.eldiario.net\/portal\/wp-json\/wp\/v2\/posts\/3545\/revisions"}],"wp:attachment":[{"href":"https:\/\/www.eldiario.net\/portal\/wp-json\/wp\/v2\/media?parent=3545"}],"wp:term":[{"taxonomy":"category","embeddable":true,"href":"https:\/\/www.eldiario.net\/portal\/wp-json\/wp\/v2\/categories?post=3545"},{"taxonomy":"post_tag","embeddable":true,"href":"https:\/\/www.eldiario.net\/portal\/wp-json\/wp\/v2\/tags?post=3545"}],"curies":[{"name":"wp","href":"https:\/\/api.w.org\/{rel}","templated":true}]}}