{"id":3542,"date":"2021-05-13T06:27:54","date_gmt":"2021-05-13T10:27:54","guid":{"rendered":"https:\/\/www.eldiario.net\/portal\/?p=3542"},"modified":"2021-05-13T06:27:54","modified_gmt":"2021-05-13T10:27:54","slug":"conmebol-decide-suspender-por-30-dias-a-blanco","status":"publish","type":"post","link":"https:\/\/www.eldiario.net\/portal\/2021\/05\/13\/conmebol-decide-suspender-por-30-dias-a-blanco\/","title":{"rendered":"Conmebol decide suspender por 30 d\u00edas a Blanco"},"content":{"rendered":"<p>La comisi\u00f3n disciplinaria de la Confederaci\u00f3n Sudam\u00e9rica de F\u00fatbol (Conmebol) decidi\u00f3 ayer suspender de toda actividad relacionada al balompi\u00e9 al directivo Robert Blanco, por lapso de 30 d\u00edas, seg\u00fan un documento publicado por el m\u00e1ximo ente del f\u00fatbol sudamericano.<\/p>\n<p>Esta determinaci\u00f3n se dio tras que el titular de la Federaci\u00f3n Boliviana de F\u00fatbol (FBF), Fernando Costa, denunci\u00f3 a esta instancia luego de que Blanco interpuso ayer un amparo constitucional, en la Sala Constitucional Cuarta del Tribunal Departamental de Justicia de Santa Cruz, en contra el Comit\u00e9 Ejecutivo de la FBF, acudiendo as\u00ed a la justicia ordinaria.<\/p>\n<p>\u201cHabiendo analizado la denuncia presentada\u00a0 por el se\u00f1or \u00c1ngel Fernando Costa Sarmiento, as\u00ed como las pruebas que se acompa\u00f1an a la misma se puede apreciar claramente que el se\u00f1or Johnn Robert Blanco M\u00e9ndez ha recurrido a los Tribunales Ordinarios de Bolivia, a los efectos de presentar una acci\u00f3n judicial de amparo constitucional. En consecuencia, la presidente de la comisi\u00f3n disciplinaria de la Conmebol resuelve: suspender provisionalmente al se\u00f1or Jhon Robert Blanco M\u00e9ndez por 30 notificaci\u00f3n la presente resoluci\u00f3n\u00bb, menciona el documento que es firmada por Eduardo Gross Brown, presidente de la Comisi\u00f3n Disciplinaria de la Conmebol.<\/p>\n<p>Blanco demanda desde 2020 que sea nombrado como presidente de la FBF apelando a una sucesi\u00f3n de cargos por el fallecimiento de C\u00e9sar Salinas, que ocurri\u00f3 en julio de ese a\u00f1o. Blanco fung\u00eda como primer exprimer vicepresidente. La resoluci\u00f3n no tuvo efecto en el Comit\u00e9 Ejecutivo de la FBF, que en la reuni\u00f3n del 23 de julio de ese a\u00f1o y en aplicaci\u00f3n del Estatuto Org\u00e1nico de la FBF reformado en 2019 procedi\u00f3 a la sucesi\u00f3n del cargo al segundo vicepresidente Marco Rodr\u00edguez, silla que ahora preside Costa quien fue elegido en noviembre de 2020.<\/p>\n","protected":false},"excerpt":{"rendered":"<p>La comisi\u00f3n disciplinaria de la Confederaci\u00f3n Sudam\u00e9rica de F\u00fatbol (Conmebol) decidi\u00f3 ayer suspender de toda actividad relacionada al balompi\u00e9 al directivo Robert Blanco, por lapso de 30 d\u00edas, seg\u00fan un documento publicado por el m\u00e1ximo ente del f\u00fatbol sudamericano. Esta determinaci\u00f3n se dio tras que el titular de la Federaci\u00f3n Boliviana de F\u00fatbol (FBF), Fernando [&hellip;]<\/p>\n","protected":false},"author":1,"featured_media":3543,"comment_status":"closed","ping_status":"closed","sticky":false,"template":"","format":"standard","meta":{"_acf_changed":false,"footnotes":""},"categories":[6],"tags":[],"class_list":["post-3542","post","type-post","status-publish","format-standard","has-post-thumbnail","category-deportes"],"acf":{"antetitulo":""},"yoast_head":"<!-- This site is optimized with the Yoast SEO plugin v28.3 - https:\/\/yoast.com\/product\/yoast-seo-wordpress\/ -->\n<title>Conmebol decide suspender por 30 d\u00edas a Blanco - El Diario - Bolivia<\/title>\n<meta name=\"robots\" content=\"index, follow, max-snippet:-1, max-image-preview:large, max-video-preview:-1\" \/>\n<link rel=\"canonical\" href=\"https:\/\/www.eldiario.net\/portal\/2021\/05\/13\/conmebol-decide-suspender-por-30-dias-a-blanco\/\" \/>\n<meta property=\"og:locale\" content=\"es_ES\" \/>\n<meta property=\"og:type\" content=\"article\" \/>\n<meta property=\"og:title\" content=\"Conmebol decide suspender por 30 d\u00edas a Blanco - El Diario - Bolivia\" \/>\n<meta property=\"og:description\" content=\"La comisi\u00f3n disciplinaria de la Confederaci\u00f3n Sudam\u00e9rica de F\u00fatbol (Conmebol) decidi\u00f3 ayer suspender de toda actividad relacionada al balompi\u00e9 al directivo Robert Blanco, por lapso de 30 d\u00edas, seg\u00fan un documento publicado por el m\u00e1ximo ente del f\u00fatbol sudamericano. Esta determinaci\u00f3n se dio tras que el titular de la Federaci\u00f3n Boliviana de F\u00fatbol (FBF), Fernando [&hellip;]\" \/>\n<meta property=\"og:url\" content=\"https:\/\/www.eldiario.net\/portal\/2021\/05\/13\/conmebol-decide-suspender-por-30-dias-a-blanco\/\" \/>\n<meta property=\"og:site_name\" content=\"El Diario - Bolivia\" \/>\n<meta property=\"article:publisher\" content=\"https:\/\/www.facebook.com\/eldiario.bolivia\/\" \/>\n<meta property=\"article:published_time\" content=\"2021-05-13T10:27:54+00:00\" \/>\n<meta name=\"author\" content=\"Jeanette\" \/>\n<meta name=\"twitter:card\" content=\"summary_large_image\" \/>\n<meta name=\"twitter:creator\" content=\"@eldiario_net\" \/>\n<meta name=\"twitter:site\" content=\"@eldiario_net\" \/>\n<meta name=\"twitter:label1\" content=\"Escrito por\" \/>\n\t<meta name=\"twitter:data1\" content=\"Jeanette\" \/>\n\t<meta name=\"twitter:label2\" content=\"Tiempo de lectura\" \/>\n\t<meta name=\"twitter:data2\" content=\"2 minutos\" \/>\n<script type=\"application\/ld+json\" class=\"yoast-schema-graph\">{\"@context\":\"https:\\\/\\\/schema.org\",\"@graph\":[{\"@type\":\"Article\",\"@id\":\"https:\\\/\\\/www.eldiario.net\\\/portal\\\/2021\\\/05\\\/13\\\/conmebol-decide-suspender-por-30-dias-a-blanco\\\/#article\",\"isPartOf\":{\"@id\":\"https:\\\/\\\/www.eldiario.net\\\/portal\\\/2021\\\/05\\\/13\\\/conmebol-decide-suspender-por-30-dias-a-blanco\\\/\"},\"author\":{\"name\":\"Jeanette\",\"@id\":\"https:\\\/\\\/www.eldiario.net\\\/portal\\\/#\\\/schema\\\/person\\\/f46445640444750d7d753ccd04ae01b7\"},\"headline\":\"Conmebol decide suspender por 30 d\u00edas a Blanco\",\"datePublished\":\"2021-05-13T10:27:54+00:00\",\"mainEntityOfPage\":{\"@id\":\"https:\\\/\\\/www.eldiario.net\\\/portal\\\/2021\\\/05\\\/13\\\/conmebol-decide-suspender-por-30-dias-a-blanco\\\/\"},\"wordCount\":322,\"publisher\":{\"@id\":\"https:\\\/\\\/www.eldiario.net\\\/portal\\\/#organization\"},\"image\":{\"@id\":\"https:\\\/\\\/www.eldiario.net\\\/portal\\\/2021\\\/05\\\/13\\\/conmebol-decide-suspender-por-30-dias-a-blanco\\\/#primaryimage\"},\"thumbnailUrl\":\"\",\"articleSection\":[\"Deportes\"],\"inLanguage\":\"es\"},{\"@type\":\"WebPage\",\"@id\":\"https:\\\/\\\/www.eldiario.net\\\/portal\\\/2021\\\/05\\\/13\\\/conmebol-decide-suspender-por-30-dias-a-blanco\\\/\",\"url\":\"https:\\\/\\\/www.eldiario.net\\\/portal\\\/2021\\\/05\\\/13\\\/conmebol-decide-suspender-por-30-dias-a-blanco\\\/\",\"name\":\"Conmebol decide suspender por 30 d\u00edas a Blanco - El Diario - Bolivia\",\"isPartOf\":{\"@id\":\"https:\\\/\\\/www.eldiario.net\\\/portal\\\/#website\"},\"primaryImageOfPage\":{\"@id\":\"https:\\\/\\\/www.eldiario.net\\\/portal\\\/2021\\\/05\\\/13\\\/conmebol-decide-suspender-por-30-dias-a-blanco\\\/#primaryimage\"},\"image\":{\"@id\":\"https:\\\/\\\/www.eldiario.net\\\/portal\\\/2021\\\/05\\\/13\\\/conmebol-decide-suspender-por-30-dias-a-blanco\\\/#primaryimage\"},\"thumbnailUrl\":\"\",\"datePublished\":\"2021-05-13T10:27:54+00:00\",\"breadcrumb\":{\"@id\":\"https:\\\/\\\/www.eldiario.net\\\/portal\\\/2021\\\/05\\\/13\\\/conmebol-decide-suspender-por-30-dias-a-blanco\\\/#breadcrumb\"},\"inLanguage\":\"es\",\"potentialAction\":[{\"@type\":\"ReadAction\",\"target\":[\"https:\\\/\\\/www.eldiario.net\\\/portal\\\/2021\\\/05\\\/13\\\/conmebol-decide-suspender-por-30-dias-a-blanco\\\/\"]}]},{\"@type\":\"ImageObject\",\"inLanguage\":\"es\",\"@id\":\"https:\\\/\\\/www.eldiario.net\\\/portal\\\/2021\\\/05\\\/13\\\/conmebol-decide-suspender-por-30-dias-a-blanco\\\/#primaryimage\",\"url\":\"\",\"contentUrl\":\"\"},{\"@type\":\"BreadcrumbList\",\"@id\":\"https:\\\/\\\/www.eldiario.net\\\/portal\\\/2021\\\/05\\\/13\\\/conmebol-decide-suspender-por-30-dias-a-blanco\\\/#breadcrumb\",\"itemListElement\":[{\"@type\":\"ListItem\",\"position\":1,\"name\":\"Portada\",\"item\":\"https:\\\/\\\/www.eldiario.net\\\/portal\\\/\"},{\"@type\":\"ListItem\",\"position\":2,\"name\":\"Conmebol decide suspender por 30 d\u00edas a Blanco\"}]},{\"@type\":\"WebSite\",\"@id\":\"https:\\\/\\\/www.eldiario.net\\\/portal\\\/#website\",\"url\":\"https:\\\/\\\/www.eldiario.net\\\/portal\\\/\",\"name\":\"El Diario - Decano de la prensa nacional\",\"description\":\"El Diario - Decano de la prensa nacional\",\"publisher\":{\"@id\":\"https:\\\/\\\/www.eldiario.net\\\/portal\\\/#organization\"},\"potentialAction\":[{\"@type\":\"SearchAction\",\"target\":{\"@type\":\"EntryPoint\",\"urlTemplate\":\"https:\\\/\\\/www.eldiario.net\\\/portal\\\/?s={search_term_string}\"},\"query-input\":{\"@type\":\"PropertyValueSpecification\",\"valueRequired\":true,\"valueName\":\"search_term_string\"}}],\"inLanguage\":\"es\"},{\"@type\":\"Organization\",\"@id\":\"https:\\\/\\\/www.eldiario.net\\\/portal\\\/#organization\",\"name\":\"El Diario - Decano de la prensa nacional\",\"url\":\"https:\\\/\\\/www.eldiario.net\\\/portal\\\/\",\"logo\":{\"@type\":\"ImageObject\",\"inLanguage\":\"es\",\"@id\":\"https:\\\/\\\/www.eldiario.net\\\/portal\\\/#\\\/schema\\\/logo\\\/image\\\/\",\"url\":\"https:\\\/\\\/www.eldiario.net\\\/portal\\\/wp-content\\\/uploads\\\/2023\\\/07\\\/logo_ED.jpg\",\"contentUrl\":\"https:\\\/\\\/www.eldiario.net\\\/portal\\\/wp-content\\\/uploads\\\/2023\\\/07\\\/logo_ED.jpg\",\"width\":272,\"height\":52,\"caption\":\"El Diario - Decano de la prensa nacional\"},\"image\":{\"@id\":\"https:\\\/\\\/www.eldiario.net\\\/portal\\\/#\\\/schema\\\/logo\\\/image\\\/\"},\"sameAs\":[\"https:\\\/\\\/www.facebook.com\\\/eldiario.bolivia\\\/\",\"https:\\\/\\\/x.com\\\/eldiario_net\"]},{\"@type\":\"Person\",\"@id\":\"https:\\\/\\\/www.eldiario.net\\\/portal\\\/#\\\/schema\\\/person\\\/f46445640444750d7d753ccd04ae01b7\",\"name\":\"Jeanette\",\"image\":{\"@type\":\"ImageObject\",\"inLanguage\":\"es\",\"@id\":\"https:\\\/\\\/secure.gravatar.com\\\/avatar\\\/3ea2118a5f7dad2b7138b1187a6b7ee55f160b9968b66013c3a3ef39dd7e5798?s=96&d=mm&r=g\",\"url\":\"https:\\\/\\\/secure.gravatar.com\\\/avatar\\\/3ea2118a5f7dad2b7138b1187a6b7ee55f160b9968b66013c3a3ef39dd7e5798?s=96&d=mm&r=g\",\"contentUrl\":\"https:\\\/\\\/secure.gravatar.com\\\/avatar\\\/3ea2118a5f7dad2b7138b1187a6b7ee55f160b9968b66013c3a3ef39dd7e5798?s=96&d=mm&r=g\",\"caption\":\"Jeanette\"},\"sameAs\":[\"https:\\\/\\\/www.eldiario.net\\\/portal\"],\"url\":\"https:\\\/\\\/www.eldiario.net\\\/portal\\\/author\\\/jeanette\\\/\"}]}<\/script>\n<!-- \/ Yoast SEO plugin. -->","yoast_head_json":{"title":"Conmebol decide suspender por 30 d\u00edas a Blanco - El Diario - Bolivia","robots":{"index":"index","follow":"follow","max-snippet":"max-snippet:-1","max-image-preview":"max-image-preview:large","max-video-preview":"max-video-preview:-1"},"canonical":"https:\/\/www.eldiario.net\/portal\/2021\/05\/13\/conmebol-decide-suspender-por-30-dias-a-blanco\/","og_locale":"es_ES","og_type":"article","og_title":"Conmebol decide suspender por 30 d\u00edas a Blanco - El Diario - Bolivia","og_description":"La comisi\u00f3n disciplinaria de la Confederaci\u00f3n Sudam\u00e9rica de F\u00fatbol (Conmebol) decidi\u00f3 ayer suspender de toda actividad relacionada al balompi\u00e9 al directivo Robert Blanco, por lapso de 30 d\u00edas, seg\u00fan un documento publicado por el m\u00e1ximo ente del f\u00fatbol sudamericano. Esta determinaci\u00f3n se dio tras que el titular de la Federaci\u00f3n Boliviana de F\u00fatbol (FBF), Fernando [&hellip;]","og_url":"https:\/\/www.eldiario.net\/portal\/2021\/05\/13\/conmebol-decide-suspender-por-30-dias-a-blanco\/","og_site_name":"El Diario - Bolivia","article_publisher":"https:\/\/www.facebook.com\/eldiario.bolivia\/","article_published_time":"2021-05-13T10:27:54+00:00","author":"Jeanette","twitter_card":"summary_large_image","twitter_creator":"@eldiario_net","twitter_site":"@eldiario_net","twitter_misc":{"Escrito por":"Jeanette","Tiempo de lectura":"2 minutos"},"schema":{"@context":"https:\/\/schema.org","@graph":[{"@type":"Article","@id":"https:\/\/www.eldiario.net\/portal\/2021\/05\/13\/conmebol-decide-suspender-por-30-dias-a-blanco\/#article","isPartOf":{"@id":"https:\/\/www.eldiario.net\/portal\/2021\/05\/13\/conmebol-decide-suspender-por-30-dias-a-blanco\/"},"author":{"name":"Jeanette","@id":"https:\/\/www.eldiario.net\/portal\/#\/schema\/person\/f46445640444750d7d753ccd04ae01b7"},"headline":"Conmebol decide suspender por 30 d\u00edas a Blanco","datePublished":"2021-05-13T10:27:54+00:00","mainEntityOfPage":{"@id":"https:\/\/www.eldiario.net\/portal\/2021\/05\/13\/conmebol-decide-suspender-por-30-dias-a-blanco\/"},"wordCount":322,"publisher":{"@id":"https:\/\/www.eldiario.net\/portal\/#organization"},"image":{"@id":"https:\/\/www.eldiario.net\/portal\/2021\/05\/13\/conmebol-decide-suspender-por-30-dias-a-blanco\/#primaryimage"},"thumbnailUrl":"","articleSection":["Deportes"],"inLanguage":"es"},{"@type":"WebPage","@id":"https:\/\/www.eldiario.net\/portal\/2021\/05\/13\/conmebol-decide-suspender-por-30-dias-a-blanco\/","url":"https:\/\/www.eldiario.net\/portal\/2021\/05\/13\/conmebol-decide-suspender-por-30-dias-a-blanco\/","name":"Conmebol decide suspender por 30 d\u00edas a Blanco - El Diario - Bolivia","isPartOf":{"@id":"https:\/\/www.eldiario.net\/portal\/#website"},"primaryImageOfPage":{"@id":"https:\/\/www.eldiario.net\/portal\/2021\/05\/13\/conmebol-decide-suspender-por-30-dias-a-blanco\/#primaryimage"},"image":{"@id":"https:\/\/www.eldiario.net\/portal\/2021\/05\/13\/conmebol-decide-suspender-por-30-dias-a-blanco\/#primaryimage"},"thumbnailUrl":"","datePublished":"2021-05-13T10:27:54+00:00","breadcrumb":{"@id":"https:\/\/www.eldiario.net\/portal\/2021\/05\/13\/conmebol-decide-suspender-por-30-dias-a-blanco\/#breadcrumb"},"inLanguage":"es","potentialAction":[{"@type":"ReadAction","target":["https:\/\/www.eldiario.net\/portal\/2021\/05\/13\/conmebol-decide-suspender-por-30-dias-a-blanco\/"]}]},{"@type":"ImageObject","inLanguage":"es","@id":"https:\/\/www.eldiario.net\/portal\/2021\/05\/13\/conmebol-decide-suspender-por-30-dias-a-blanco\/#primaryimage","url":"","contentUrl":""},{"@type":"BreadcrumbList","@id":"https:\/\/www.eldiario.net\/portal\/2021\/05\/13\/conmebol-decide-suspender-por-30-dias-a-blanco\/#breadcrumb","itemListElement":[{"@type":"ListItem","position":1,"name":"Portada","item":"https:\/\/www.eldiario.net\/portal\/"},{"@type":"ListItem","position":2,"name":"Conmebol decide suspender por 30 d\u00edas a Blanco"}]},{"@type":"WebSite","@id":"https:\/\/www.eldiario.net\/portal\/#website","url":"https:\/\/www.eldiario.net\/portal\/","name":"El Diario - Decano de la prensa nacional","description":"El Diario - Decano de la prensa nacional","publisher":{"@id":"https:\/\/www.eldiario.net\/portal\/#organization"},"potentialAction":[{"@type":"SearchAction","target":{"@type":"EntryPoint","urlTemplate":"https:\/\/www.eldiario.net\/portal\/?s={search_term_string}"},"query-input":{"@type":"PropertyValueSpecification","valueRequired":true,"valueName":"search_term_string"}}],"inLanguage":"es"},{"@type":"Organization","@id":"https:\/\/www.eldiario.net\/portal\/#organization","name":"El Diario - Decano de la prensa nacional","url":"https:\/\/www.eldiario.net\/portal\/","logo":{"@type":"ImageObject","inLanguage":"es","@id":"https:\/\/www.eldiario.net\/portal\/#\/schema\/logo\/image\/","url":"https:\/\/www.eldiario.net\/portal\/wp-content\/uploads\/2023\/07\/logo_ED.jpg","contentUrl":"https:\/\/www.eldiario.net\/portal\/wp-content\/uploads\/2023\/07\/logo_ED.jpg","width":272,"height":52,"caption":"El Diario - Decano de la prensa nacional"},"image":{"@id":"https:\/\/www.eldiario.net\/portal\/#\/schema\/logo\/image\/"},"sameAs":["https:\/\/www.facebook.com\/eldiario.bolivia\/","https:\/\/x.com\/eldiario_net"]},{"@type":"Person","@id":"https:\/\/www.eldiario.net\/portal\/#\/schema\/person\/f46445640444750d7d753ccd04ae01b7","name":"Jeanette","image":{"@type":"ImageObject","inLanguage":"es","@id":"https:\/\/secure.gravatar.com\/avatar\/3ea2118a5f7dad2b7138b1187a6b7ee55f160b9968b66013c3a3ef39dd7e5798?s=96&d=mm&r=g","url":"https:\/\/secure.gravatar.com\/avatar\/3ea2118a5f7dad2b7138b1187a6b7ee55f160b9968b66013c3a3ef39dd7e5798?s=96&d=mm&r=g","contentUrl":"https:\/\/secure.gravatar.com\/avatar\/3ea2118a5f7dad2b7138b1187a6b7ee55f160b9968b66013c3a3ef39dd7e5798?s=96&d=mm&r=g","caption":"Jeanette"},"sameAs":["https:\/\/www.eldiario.net\/portal"],"url":"https:\/\/www.eldiario.net\/portal\/author\/jeanette\/"}]}},"_links":{"self":[{"href":"https:\/\/www.eldiario.net\/portal\/wp-json\/wp\/v2\/posts\/3542","targetHints":{"allow":["GET"]}}],"collection":[{"href":"https:\/\/www.eldiario.net\/portal\/wp-json\/wp\/v2\/posts"}],"about":[{"href":"https:\/\/www.eldiario.net\/portal\/wp-json\/wp\/v2\/types\/post"}],"author":[{"embeddable":true,"href":"https:\/\/www.eldiario.net\/portal\/wp-json\/wp\/v2\/users\/1"}],"replies":[{"embeddable":true,"href":"https:\/\/www.eldiario.net\/portal\/wp-json\/wp\/v2\/comments?post=3542"}],"version-history":[{"count":0,"href":"https:\/\/www.eldiario.net\/portal\/wp-json\/wp\/v2\/posts\/3542\/revisions"}],"wp:attachment":[{"href":"https:\/\/www.eldiario.net\/portal\/wp-json\/wp\/v2\/media?parent=3542"}],"wp:term":[{"taxonomy":"category","embeddable":true,"href":"https:\/\/www.eldiario.net\/portal\/wp-json\/wp\/v2\/categories?post=3542"},{"taxonomy":"post_tag","embeddable":true,"href":"https:\/\/www.eldiario.net\/portal\/wp-json\/wp\/v2\/tags?post=3542"}],"curies":[{"name":"wp","href":"https:\/\/api.w.org\/{rel}","templated":true}]}}