{"id":354104,"date":"2025-12-22T00:35:05","date_gmt":"2025-12-22T04:35:05","guid":{"rendered":"https:\/\/www.eldiario.net\/portal\/?p=354104"},"modified":"2025-12-21T21:35:44","modified_gmt":"2025-12-22T01:35:44","slug":"encuentros-abrazos-y-fotos-diciembre-el-mes-de-los-recuerdos-y-las-nuevas-metas","status":"publish","type":"post","link":"https:\/\/www.eldiario.net\/portal\/2025\/12\/22\/encuentros-abrazos-y-fotos-diciembre-el-mes-de-los-recuerdos-y-las-nuevas-metas\/","title":{"rendered":"Encuentros, abrazos y fotos: diciembre, el mes de los recuerdos y las nuevas metas"},"content":{"rendered":"<p>Diciembre llega cargado de luces, reencuentros y emociones compartidas. Es el mes de las cenas familiares que se alargan, de los abrazos que se repiten y de los momentos simples que, sin darse cuenta, se vuelven memorables. Tambi\u00e9n es una \u00e9poca que invita a cerrar ciclos y a mirar hacia adelante, pensando en los objetivos y sue\u00f1os que se quieren cumplir el pr\u00f3ximo a\u00f1o.<\/p>\n<p>&nbsp;<\/p>\n<p>En medio de todas estas celebraciones, hay un h\u00e1bito casi inevitable: querer capturar cada instante. Las fotos se multiplican para guardar sonrisas, brindis y encuentros que, con el tiempo, se convierten en recuerdos valiosos.<\/p>\n<p>&nbsp;<\/p>\n<p>En este sentido, la tecnolog\u00eda se vuelve una aliada silenciosa, presente de forma natural por lo que la marca de celulares Xiaomi quiere acompa\u00f1ar a los bolivianos a inmortalizar esas experiencias, convirtiendo lo cotidiano en recuerdos inolvidables.<\/p>\n<p>&nbsp;<\/p>\n<p>Para hacerlo posible, Xiaomi pone al alcance de los bolivianos sus dispositivos Xiaomi 15T Pro, Xiaomi 15T, REDMI Note 14 Pro, REDMI 15 y REDMI 15C, perfectos para capturar los momentos m\u00e1s especiales, seguir tus metas personales y registrar desde los avances del d\u00eda a d\u00eda hasta viajes, reuniones y momentos de bienestar.<\/p>\n<p>&nbsp;<\/p>\n<p>Y para darle un toque extra a estas fiestas, Xiaomi lanza un incentivo navide\u00f1o especial; entre el 15 y el 24 de diciembre, quienes adquieran alguno de los modelos seleccionados podr\u00e1n participar por gift cards de Fair Play, sumando un motivo m\u00e1s para celebrar y comenzar el nuevo a\u00f1o con toda la energ\u00eda.<\/p>\n<p>&nbsp;<\/p>\n<p>De esta manera, Xiaomi acompa\u00f1a a los bolivianos a capturar fotos y selfies, y tambi\u00e9n se convierte en c\u00f3mplice de los abrazos, las risas y los peque\u00f1os momentos que hacen que diciembre sea inolvidable. Con cada recuerdo inmortalizado, la marca invita a recibir el 2026 con alegr\u00eda, energ\u00eda y la certeza de que cada instante vivido hoy puede inspirar las metas del ma\u00f1ana.<\/p>\n<p>&nbsp;<\/p>\n","protected":false},"excerpt":{"rendered":"<p>Diciembre llega cargado de luces, reencuentros y emociones compartidas. Es el mes de las cenas familiares que se alargan, de los abrazos que se repiten y de los momentos simples que, sin darse cuenta, se vuelven memorables. Tambi\u00e9n es una \u00e9poca que invita a cerrar ciclos y a mirar hacia adelante, pensando en los objetivos [&hellip;]<\/p>\n","protected":false},"author":1,"featured_media":354105,"comment_status":"closed","ping_status":"open","sticky":false,"template":"","format":"standard","meta":{"_acf_changed":false,"footnotes":""},"categories":[46],"tags":[],"class_list":["post-354104","post","type-post","status-publish","format-standard","has-post-thumbnail","category-ciencia-computacion"],"acf":{"antetitulo":""},"yoast_head":"<!-- This site is optimized with the Yoast SEO plugin v28.4 - https:\/\/yoast.com\/product\/yoast-seo-wordpress\/ -->\n<title>Encuentros, abrazos y fotos: diciembre, el mes de los recuerdos y las nuevas metas - El Diario - Bolivia<\/title>\n<meta name=\"robots\" content=\"index, follow, max-snippet:-1, max-image-preview:large, max-video-preview:-1\" \/>\n<link rel=\"canonical\" href=\"https:\/\/www.eldiario.net\/portal\/2025\/12\/22\/encuentros-abrazos-y-fotos-diciembre-el-mes-de-los-recuerdos-y-las-nuevas-metas\/\" \/>\n<meta property=\"og:locale\" content=\"es_ES\" \/>\n<meta property=\"og:type\" content=\"article\" \/>\n<meta property=\"og:title\" content=\"Encuentros, abrazos y fotos: diciembre, el mes de los recuerdos y las nuevas metas - El Diario - Bolivia\" \/>\n<meta property=\"og:description\" content=\"Diciembre llega cargado de luces, reencuentros y emociones compartidas. Es el mes de las cenas familiares que se alargan, de los abrazos que se repiten y de los momentos simples que, sin darse cuenta, se vuelven memorables. Tambi\u00e9n es una \u00e9poca que invita a cerrar ciclos y a mirar hacia adelante, pensando en los objetivos [&hellip;]\" \/>\n<meta property=\"og:url\" content=\"https:\/\/www.eldiario.net\/portal\/2025\/12\/22\/encuentros-abrazos-y-fotos-diciembre-el-mes-de-los-recuerdos-y-las-nuevas-metas\/\" \/>\n<meta property=\"og:site_name\" content=\"El Diario - Bolivia\" \/>\n<meta property=\"article:publisher\" content=\"https:\/\/www.facebook.com\/eldiario.bolivia\/\" \/>\n<meta property=\"article:published_time\" content=\"2025-12-22T04:35:05+00:00\" \/>\n<meta property=\"og:image\" content=\"https:\/\/www.eldiario.net\/portal\/wp-content\/uploads\/2025\/12\/5-B-.webp\" \/>\n\t<meta property=\"og:image:width\" content=\"1280\" \/>\n\t<meta property=\"og:image:height\" content=\"720\" \/>\n\t<meta property=\"og:image:type\" content=\"image\/webp\" \/>\n<meta name=\"author\" content=\"Jeanette\" \/>\n<meta name=\"twitter:card\" content=\"summary_large_image\" \/>\n<meta name=\"twitter:creator\" content=\"@eldiario_net\" \/>\n<meta name=\"twitter:site\" content=\"@eldiario_net\" \/>\n<meta name=\"twitter:label1\" content=\"Escrito por\" \/>\n\t<meta name=\"twitter:data1\" content=\"Jeanette\" \/>\n\t<meta name=\"twitter:label2\" content=\"Tiempo de lectura\" \/>\n\t<meta name=\"twitter:data2\" content=\"2 minutos\" \/>\n<script type=\"application\/ld+json\" class=\"yoast-schema-graph\">{\"@context\":\"https:\\\/\\\/schema.org\",\"@graph\":[{\"@type\":\"Article\",\"@id\":\"https:\\\/\\\/www.eldiario.net\\\/portal\\\/2025\\\/12\\\/22\\\/encuentros-abrazos-y-fotos-diciembre-el-mes-de-los-recuerdos-y-las-nuevas-metas\\\/#article\",\"isPartOf\":{\"@id\":\"https:\\\/\\\/www.eldiario.net\\\/portal\\\/2025\\\/12\\\/22\\\/encuentros-abrazos-y-fotos-diciembre-el-mes-de-los-recuerdos-y-las-nuevas-metas\\\/\"},\"author\":{\"name\":\"Jeanette\",\"@id\":\"https:\\\/\\\/www.eldiario.net\\\/portal\\\/#\\\/schema\\\/person\\\/2c57cf2b7a7ae032e449e4c9b1019eac\"},\"headline\":\"Encuentros, abrazos y fotos: diciembre, el mes de los recuerdos y las nuevas metas\",\"datePublished\":\"2025-12-22T04:35:05+00:00\",\"mainEntityOfPage\":{\"@id\":\"https:\\\/\\\/www.eldiario.net\\\/portal\\\/2025\\\/12\\\/22\\\/encuentros-abrazos-y-fotos-diciembre-el-mes-de-los-recuerdos-y-las-nuevas-metas\\\/\"},\"wordCount\":341,\"publisher\":{\"@id\":\"https:\\\/\\\/www.eldiario.net\\\/portal\\\/#organization\"},\"image\":{\"@id\":\"https:\\\/\\\/www.eldiario.net\\\/portal\\\/2025\\\/12\\\/22\\\/encuentros-abrazos-y-fotos-diciembre-el-mes-de-los-recuerdos-y-las-nuevas-metas\\\/#primaryimage\"},\"thumbnailUrl\":\"https:\\\/\\\/www.eldiario.net\\\/portal\\\/wp-content\\\/uploads\\\/2025\\\/12\\\/5-B-.webp\",\"articleSection\":[\"Ciencia y Computaci\u00f3n\"],\"inLanguage\":\"es\"},{\"@type\":\"WebPage\",\"@id\":\"https:\\\/\\\/www.eldiario.net\\\/portal\\\/2025\\\/12\\\/22\\\/encuentros-abrazos-y-fotos-diciembre-el-mes-de-los-recuerdos-y-las-nuevas-metas\\\/\",\"url\":\"https:\\\/\\\/www.eldiario.net\\\/portal\\\/2025\\\/12\\\/22\\\/encuentros-abrazos-y-fotos-diciembre-el-mes-de-los-recuerdos-y-las-nuevas-metas\\\/\",\"name\":\"Encuentros, abrazos y fotos: diciembre, el mes de los recuerdos y las nuevas metas - El Diario - Bolivia\",\"isPartOf\":{\"@id\":\"https:\\\/\\\/www.eldiario.net\\\/portal\\\/#website\"},\"primaryImageOfPage\":{\"@id\":\"https:\\\/\\\/www.eldiario.net\\\/portal\\\/2025\\\/12\\\/22\\\/encuentros-abrazos-y-fotos-diciembre-el-mes-de-los-recuerdos-y-las-nuevas-metas\\\/#primaryimage\"},\"image\":{\"@id\":\"https:\\\/\\\/www.eldiario.net\\\/portal\\\/2025\\\/12\\\/22\\\/encuentros-abrazos-y-fotos-diciembre-el-mes-de-los-recuerdos-y-las-nuevas-metas\\\/#primaryimage\"},\"thumbnailUrl\":\"https:\\\/\\\/www.eldiario.net\\\/portal\\\/wp-content\\\/uploads\\\/2025\\\/12\\\/5-B-.webp\",\"datePublished\":\"2025-12-22T04:35:05+00:00\",\"breadcrumb\":{\"@id\":\"https:\\\/\\\/www.eldiario.net\\\/portal\\\/2025\\\/12\\\/22\\\/encuentros-abrazos-y-fotos-diciembre-el-mes-de-los-recuerdos-y-las-nuevas-metas\\\/#breadcrumb\"},\"inLanguage\":\"es\",\"potentialAction\":[{\"@type\":\"ReadAction\",\"target\":[\"https:\\\/\\\/www.eldiario.net\\\/portal\\\/2025\\\/12\\\/22\\\/encuentros-abrazos-y-fotos-diciembre-el-mes-de-los-recuerdos-y-las-nuevas-metas\\\/\"]}]},{\"@type\":\"ImageObject\",\"inLanguage\":\"es\",\"@id\":\"https:\\\/\\\/www.eldiario.net\\\/portal\\\/2025\\\/12\\\/22\\\/encuentros-abrazos-y-fotos-diciembre-el-mes-de-los-recuerdos-y-las-nuevas-metas\\\/#primaryimage\",\"url\":\"https:\\\/\\\/www.eldiario.net\\\/portal\\\/wp-content\\\/uploads\\\/2025\\\/12\\\/5-B-.webp\",\"contentUrl\":\"https:\\\/\\\/www.eldiario.net\\\/portal\\\/wp-content\\\/uploads\\\/2025\\\/12\\\/5-B-.webp\",\"width\":1280,\"height\":720},{\"@type\":\"BreadcrumbList\",\"@id\":\"https:\\\/\\\/www.eldiario.net\\\/portal\\\/2025\\\/12\\\/22\\\/encuentros-abrazos-y-fotos-diciembre-el-mes-de-los-recuerdos-y-las-nuevas-metas\\\/#breadcrumb\",\"itemListElement\":[{\"@type\":\"ListItem\",\"position\":1,\"name\":\"Portada\",\"item\":\"https:\\\/\\\/www.eldiario.net\\\/portal\\\/\"},{\"@type\":\"ListItem\",\"position\":2,\"name\":\"Encuentros, abrazos y fotos: diciembre, el mes de los recuerdos y las nuevas metas\"}]},{\"@type\":\"WebSite\",\"@id\":\"https:\\\/\\\/www.eldiario.net\\\/portal\\\/#website\",\"url\":\"https:\\\/\\\/www.eldiario.net\\\/portal\\\/\",\"name\":\"El Diario - Decano de la prensa nacional\",\"description\":\"El Diario - Decano de la prensa nacional\",\"publisher\":{\"@id\":\"https:\\\/\\\/www.eldiario.net\\\/portal\\\/#organization\"},\"potentialAction\":[{\"@type\":\"SearchAction\",\"target\":{\"@type\":\"EntryPoint\",\"urlTemplate\":\"https:\\\/\\\/www.eldiario.net\\\/portal\\\/?s={search_term_string}\"},\"query-input\":{\"@type\":\"PropertyValueSpecification\",\"valueRequired\":true,\"valueName\":\"search_term_string\"}}],\"inLanguage\":\"es\"},{\"@type\":\"Organization\",\"@id\":\"https:\\\/\\\/www.eldiario.net\\\/portal\\\/#organization\",\"name\":\"El Diario - Decano de la prensa nacional\",\"url\":\"https:\\\/\\\/www.eldiario.net\\\/portal\\\/\",\"logo\":{\"@type\":\"ImageObject\",\"inLanguage\":\"es\",\"@id\":\"https:\\\/\\\/www.eldiario.net\\\/portal\\\/#\\\/schema\\\/logo\\\/image\\\/\",\"url\":\"https:\\\/\\\/www.eldiario.net\\\/portal\\\/wp-content\\\/uploads\\\/2023\\\/07\\\/logo_ED.jpg\",\"contentUrl\":\"https:\\\/\\\/www.eldiario.net\\\/portal\\\/wp-content\\\/uploads\\\/2023\\\/07\\\/logo_ED.jpg\",\"width\":272,\"height\":52,\"caption\":\"El Diario - Decano de la prensa nacional\"},\"image\":{\"@id\":\"https:\\\/\\\/www.eldiario.net\\\/portal\\\/#\\\/schema\\\/logo\\\/image\\\/\"},\"sameAs\":[\"https:\\\/\\\/www.facebook.com\\\/eldiario.bolivia\\\/\",\"https:\\\/\\\/x.com\\\/eldiario_net\"]},{\"@type\":\"Person\",\"@id\":\"https:\\\/\\\/www.eldiario.net\\\/portal\\\/#\\\/schema\\\/person\\\/2c57cf2b7a7ae032e449e4c9b1019eac\",\"name\":\"Jeanette\",\"image\":{\"@type\":\"ImageObject\",\"inLanguage\":\"es\",\"@id\":\"https:\\\/\\\/secure.gravatar.com\\\/avatar\\\/3ea2118a5f7dad2b7138b1187a6b7ee55f160b9968b66013c3a3ef39dd7e5798?s=96&d=mm&r=g\",\"url\":\"https:\\\/\\\/secure.gravatar.com\\\/avatar\\\/3ea2118a5f7dad2b7138b1187a6b7ee55f160b9968b66013c3a3ef39dd7e5798?s=96&d=mm&r=g\",\"contentUrl\":\"https:\\\/\\\/secure.gravatar.com\\\/avatar\\\/3ea2118a5f7dad2b7138b1187a6b7ee55f160b9968b66013c3a3ef39dd7e5798?s=96&d=mm&r=g\",\"caption\":\"Jeanette\"},\"sameAs\":[\"https:\\\/\\\/www.eldiario.net\\\/portal\"],\"url\":\"https:\\\/\\\/www.eldiario.net\\\/portal\\\/author\\\/jeanette\\\/\"}]}<\/script>\n<!-- \/ Yoast SEO plugin. -->","yoast_head_json":{"title":"Encuentros, abrazos y fotos: diciembre, el mes de los recuerdos y las nuevas metas - El Diario - Bolivia","robots":{"index":"index","follow":"follow","max-snippet":"max-snippet:-1","max-image-preview":"max-image-preview:large","max-video-preview":"max-video-preview:-1"},"canonical":"https:\/\/www.eldiario.net\/portal\/2025\/12\/22\/encuentros-abrazos-y-fotos-diciembre-el-mes-de-los-recuerdos-y-las-nuevas-metas\/","og_locale":"es_ES","og_type":"article","og_title":"Encuentros, abrazos y fotos: diciembre, el mes de los recuerdos y las nuevas metas - El Diario - Bolivia","og_description":"Diciembre llega cargado de luces, reencuentros y emociones compartidas. Es el mes de las cenas familiares que se alargan, de los abrazos que se repiten y de los momentos simples que, sin darse cuenta, se vuelven memorables. Tambi\u00e9n es una \u00e9poca que invita a cerrar ciclos y a mirar hacia adelante, pensando en los objetivos [&hellip;]","og_url":"https:\/\/www.eldiario.net\/portal\/2025\/12\/22\/encuentros-abrazos-y-fotos-diciembre-el-mes-de-los-recuerdos-y-las-nuevas-metas\/","og_site_name":"El Diario - Bolivia","article_publisher":"https:\/\/www.facebook.com\/eldiario.bolivia\/","article_published_time":"2025-12-22T04:35:05+00:00","og_image":[{"width":1280,"height":720,"url":"https:\/\/www.eldiario.net\/portal\/wp-content\/uploads\/2025\/12\/5-B-.webp","type":"image\/webp"}],"author":"Jeanette","twitter_card":"summary_large_image","twitter_creator":"@eldiario_net","twitter_site":"@eldiario_net","twitter_misc":{"Escrito por":"Jeanette","Tiempo de lectura":"2 minutos"},"schema":{"@context":"https:\/\/schema.org","@graph":[{"@type":"Article","@id":"https:\/\/www.eldiario.net\/portal\/2025\/12\/22\/encuentros-abrazos-y-fotos-diciembre-el-mes-de-los-recuerdos-y-las-nuevas-metas\/#article","isPartOf":{"@id":"https:\/\/www.eldiario.net\/portal\/2025\/12\/22\/encuentros-abrazos-y-fotos-diciembre-el-mes-de-los-recuerdos-y-las-nuevas-metas\/"},"author":{"name":"Jeanette","@id":"https:\/\/www.eldiario.net\/portal\/#\/schema\/person\/2c57cf2b7a7ae032e449e4c9b1019eac"},"headline":"Encuentros, abrazos y fotos: diciembre, el mes de los recuerdos y las nuevas metas","datePublished":"2025-12-22T04:35:05+00:00","mainEntityOfPage":{"@id":"https:\/\/www.eldiario.net\/portal\/2025\/12\/22\/encuentros-abrazos-y-fotos-diciembre-el-mes-de-los-recuerdos-y-las-nuevas-metas\/"},"wordCount":341,"publisher":{"@id":"https:\/\/www.eldiario.net\/portal\/#organization"},"image":{"@id":"https:\/\/www.eldiario.net\/portal\/2025\/12\/22\/encuentros-abrazos-y-fotos-diciembre-el-mes-de-los-recuerdos-y-las-nuevas-metas\/#primaryimage"},"thumbnailUrl":"https:\/\/www.eldiario.net\/portal\/wp-content\/uploads\/2025\/12\/5-B-.webp","articleSection":["Ciencia y Computaci\u00f3n"],"inLanguage":"es"},{"@type":"WebPage","@id":"https:\/\/www.eldiario.net\/portal\/2025\/12\/22\/encuentros-abrazos-y-fotos-diciembre-el-mes-de-los-recuerdos-y-las-nuevas-metas\/","url":"https:\/\/www.eldiario.net\/portal\/2025\/12\/22\/encuentros-abrazos-y-fotos-diciembre-el-mes-de-los-recuerdos-y-las-nuevas-metas\/","name":"Encuentros, abrazos y fotos: diciembre, el mes de los recuerdos y las nuevas metas - El Diario - Bolivia","isPartOf":{"@id":"https:\/\/www.eldiario.net\/portal\/#website"},"primaryImageOfPage":{"@id":"https:\/\/www.eldiario.net\/portal\/2025\/12\/22\/encuentros-abrazos-y-fotos-diciembre-el-mes-de-los-recuerdos-y-las-nuevas-metas\/#primaryimage"},"image":{"@id":"https:\/\/www.eldiario.net\/portal\/2025\/12\/22\/encuentros-abrazos-y-fotos-diciembre-el-mes-de-los-recuerdos-y-las-nuevas-metas\/#primaryimage"},"thumbnailUrl":"https:\/\/www.eldiario.net\/portal\/wp-content\/uploads\/2025\/12\/5-B-.webp","datePublished":"2025-12-22T04:35:05+00:00","breadcrumb":{"@id":"https:\/\/www.eldiario.net\/portal\/2025\/12\/22\/encuentros-abrazos-y-fotos-diciembre-el-mes-de-los-recuerdos-y-las-nuevas-metas\/#breadcrumb"},"inLanguage":"es","potentialAction":[{"@type":"ReadAction","target":["https:\/\/www.eldiario.net\/portal\/2025\/12\/22\/encuentros-abrazos-y-fotos-diciembre-el-mes-de-los-recuerdos-y-las-nuevas-metas\/"]}]},{"@type":"ImageObject","inLanguage":"es","@id":"https:\/\/www.eldiario.net\/portal\/2025\/12\/22\/encuentros-abrazos-y-fotos-diciembre-el-mes-de-los-recuerdos-y-las-nuevas-metas\/#primaryimage","url":"https:\/\/www.eldiario.net\/portal\/wp-content\/uploads\/2025\/12\/5-B-.webp","contentUrl":"https:\/\/www.eldiario.net\/portal\/wp-content\/uploads\/2025\/12\/5-B-.webp","width":1280,"height":720},{"@type":"BreadcrumbList","@id":"https:\/\/www.eldiario.net\/portal\/2025\/12\/22\/encuentros-abrazos-y-fotos-diciembre-el-mes-de-los-recuerdos-y-las-nuevas-metas\/#breadcrumb","itemListElement":[{"@type":"ListItem","position":1,"name":"Portada","item":"https:\/\/www.eldiario.net\/portal\/"},{"@type":"ListItem","position":2,"name":"Encuentros, abrazos y fotos: diciembre, el mes de los recuerdos y las nuevas metas"}]},{"@type":"WebSite","@id":"https:\/\/www.eldiario.net\/portal\/#website","url":"https:\/\/www.eldiario.net\/portal\/","name":"El Diario - Decano de la prensa nacional","description":"El Diario - Decano de la prensa nacional","publisher":{"@id":"https:\/\/www.eldiario.net\/portal\/#organization"},"potentialAction":[{"@type":"SearchAction","target":{"@type":"EntryPoint","urlTemplate":"https:\/\/www.eldiario.net\/portal\/?s={search_term_string}"},"query-input":{"@type":"PropertyValueSpecification","valueRequired":true,"valueName":"search_term_string"}}],"inLanguage":"es"},{"@type":"Organization","@id":"https:\/\/www.eldiario.net\/portal\/#organization","name":"El Diario - Decano de la prensa nacional","url":"https:\/\/www.eldiario.net\/portal\/","logo":{"@type":"ImageObject","inLanguage":"es","@id":"https:\/\/www.eldiario.net\/portal\/#\/schema\/logo\/image\/","url":"https:\/\/www.eldiario.net\/portal\/wp-content\/uploads\/2023\/07\/logo_ED.jpg","contentUrl":"https:\/\/www.eldiario.net\/portal\/wp-content\/uploads\/2023\/07\/logo_ED.jpg","width":272,"height":52,"caption":"El Diario - Decano de la prensa nacional"},"image":{"@id":"https:\/\/www.eldiario.net\/portal\/#\/schema\/logo\/image\/"},"sameAs":["https:\/\/www.facebook.com\/eldiario.bolivia\/","https:\/\/x.com\/eldiario_net"]},{"@type":"Person","@id":"https:\/\/www.eldiario.net\/portal\/#\/schema\/person\/2c57cf2b7a7ae032e449e4c9b1019eac","name":"Jeanette","image":{"@type":"ImageObject","inLanguage":"es","@id":"https:\/\/secure.gravatar.com\/avatar\/3ea2118a5f7dad2b7138b1187a6b7ee55f160b9968b66013c3a3ef39dd7e5798?s=96&d=mm&r=g","url":"https:\/\/secure.gravatar.com\/avatar\/3ea2118a5f7dad2b7138b1187a6b7ee55f160b9968b66013c3a3ef39dd7e5798?s=96&d=mm&r=g","contentUrl":"https:\/\/secure.gravatar.com\/avatar\/3ea2118a5f7dad2b7138b1187a6b7ee55f160b9968b66013c3a3ef39dd7e5798?s=96&d=mm&r=g","caption":"Jeanette"},"sameAs":["https:\/\/www.eldiario.net\/portal"],"url":"https:\/\/www.eldiario.net\/portal\/author\/jeanette\/"}]}},"_links":{"self":[{"href":"https:\/\/www.eldiario.net\/portal\/wp-json\/wp\/v2\/posts\/354104","targetHints":{"allow":["GET"]}}],"collection":[{"href":"https:\/\/www.eldiario.net\/portal\/wp-json\/wp\/v2\/posts"}],"about":[{"href":"https:\/\/www.eldiario.net\/portal\/wp-json\/wp\/v2\/types\/post"}],"author":[{"embeddable":true,"href":"https:\/\/www.eldiario.net\/portal\/wp-json\/wp\/v2\/users\/1"}],"replies":[{"embeddable":true,"href":"https:\/\/www.eldiario.net\/portal\/wp-json\/wp\/v2\/comments?post=354104"}],"version-history":[{"count":1,"href":"https:\/\/www.eldiario.net\/portal\/wp-json\/wp\/v2\/posts\/354104\/revisions"}],"predecessor-version":[{"id":354106,"href":"https:\/\/www.eldiario.net\/portal\/wp-json\/wp\/v2\/posts\/354104\/revisions\/354106"}],"wp:featuredmedia":[{"embeddable":true,"href":"https:\/\/www.eldiario.net\/portal\/wp-json\/wp\/v2\/media\/354105"}],"wp:attachment":[{"href":"https:\/\/www.eldiario.net\/portal\/wp-json\/wp\/v2\/media?parent=354104"}],"wp:term":[{"taxonomy":"category","embeddable":true,"href":"https:\/\/www.eldiario.net\/portal\/wp-json\/wp\/v2\/categories?post=354104"},{"taxonomy":"post_tag","embeddable":true,"href":"https:\/\/www.eldiario.net\/portal\/wp-json\/wp\/v2\/tags?post=354104"}],"curies":[{"name":"wp","href":"https:\/\/api.w.org\/{rel}","templated":true}]}}