{"id":354098,"date":"2025-12-22T00:33:45","date_gmt":"2025-12-22T04:33:45","guid":{"rendered":"https:\/\/www.eldiario.net\/portal\/?p=354098"},"modified":"2025-12-21T21:34:13","modified_gmt":"2025-12-22T01:34:13","slug":"como-la-inteligencia-de-datos-definira-al-lider-del-comercio-digital-en-2026","status":"publish","type":"post","link":"https:\/\/www.eldiario.net\/portal\/2025\/12\/22\/como-la-inteligencia-de-datos-definira-al-lider-del-comercio-digital-en-2026\/","title":{"rendered":"C\u00f3mo la inteligencia de datos definir\u00e1 al l\u00edder del comercio digital en 2026"},"content":{"rendered":"<p>El comercio online est\u00e1 a punto de experimentar un cambio estructural. Lo que se avecina en 2026 no es una simple evoluci\u00f3n, sino un punto de inflexi\u00f3n que marcar\u00e1 el paso de la persuasi\u00f3n emocional a decisiones de compra m\u00e1s racionales, basadas en datos y tecnolog\u00eda.<\/p>\n<p>La adopci\u00f3n masiva de asistentes de compra impulsados por inteligencia artificial traer\u00e1 consigo una transparencia total en los precios y una capacidad de an\u00e1lisis l\u00f3gico sin precedentes. Estos sistemas automatizados evaluar\u00e1n miles de opciones en segundos, lo que obligar\u00e1 a las marcas a replantear sus estrategias. Se abrir\u00e1 una brecha clara entre las empresas que siguen operando con m\u00e9todos tradicionales y aquellas que ya han integrado la IA para tomar decisiones m\u00e1s \u00e1giles, precisas y competitivas.<\/p>\n<p>Para mantenerse relevantes, las marcas deber\u00e1n dejar atr\u00e1s la reacci\u00f3n y adoptar una mentalidad de anticipaci\u00f3n. Estas son las tres tendencias clave que marcar\u00e1n el pricing en la era de la inteligencia artificial:<\/p>\n<p><strong>1. Un nuevo escenario: el consumo exige datos<\/strong><\/p>\n<p><strong>El desaf\u00edo<\/strong>: El consumidor de 2026 estar\u00e1 respaldado por asistentes de compra que no se dejan influir por emociones ni estrategias psicol\u00f3gicas. Solo valorar\u00e1n ofertas que resistan un an\u00e1lisis l\u00f3gico y transparente. Las propuestas de valor sin fundamentos s\u00f3lidos simplemente quedar\u00e1n fuera del radar.<br \/>\n<strong>La necesidad<\/strong>: Las empresas deber\u00e1n conocer con precisi\u00f3n su posici\u00f3n en el mercado. Comparar precios frente a la competencia con datos objetivos ser\u00e1 esencial para que los algoritmos identifiquen su oferta como la m\u00e1s racional y atractiva.<\/p>\n<p><strong>2. Confianza como requisito: la integridad promocional<\/strong><\/p>\n<p><strong>El desaf\u00edo<\/strong>: En un entorno donde los datos deben ser accesibles y verificables, la confianza se convierte en un filtro esencial. Los asistentes con IA podr\u00e1n detectar pr\u00e1cticas enga\u00f1osas, como precios inflados antes de una promoci\u00f3n o descuentos ficticios. Cumplir con normativas como la Directiva \u00d3mnibus ya no ser\u00e1 un diferencial, sino un est\u00e1ndar m\u00ednimo.<br \/>\n<strong>La necesidad<\/strong>: Las marcas deber\u00e1n demostrar la autenticidad de cada oferta. Para ello, ser\u00e1 clave contar con herramientas que analicen el historial de precios y promociones, no solo para cumplir con la ley, sino para reforzar la percepci\u00f3n de honestidad y transparencia ante el consumidor.<\/p>\n<p><strong>3. Riesgo competitivo: la nueva din\u00e1mica del repricing<\/strong><\/p>\n<p><strong>El desaf\u00edo<\/strong>: La distancia entre quienes mantienen precios est\u00e1ticos y quienes ya aplican ajustes din\u00e1micos en tiempo real se est\u00e1 ampliando. No adaptarse a esta nueva cadencia implica quedar fuera del juego competitivo.<br \/>\n<strong>La necesidad<\/strong>: Las empresas deber\u00e1n evolucionar hacia una capacidad de respuesta inmediata. Ajustar precios en el mismo d\u00eda, en funci\u00f3n de la demanda o los movimientos de la competencia, ser\u00e1 fundamental para proteger m\u00e1rgenes y mantener visibilidad frente a los algoritmos.<\/p>\n<p>En 2026, el liderazgo en el comercio digital no depender\u00e1 solo de la calidad del producto o la creatividad del marketing, sino de la capacidad para anticiparse, interpretar datos y actuar con precisi\u00f3n. La inteligencia artificial no ser\u00e1 un complemento, sino el eje central de la estrategia comercial.<\/p>\n<p><strong>Decisi\u00f3n estrat\u00e9gica: \u00bfseguir en la inercia o anticiparse al mercado?<\/strong><\/p>\n<p>El entorno digital actual exige que las empresas tomen una postura clara frente a la transformaci\u00f3n del comercio. Existen dos caminos posibles:<\/p>\n<p><strong>Permanecer en la inercia<\/strong>: Operar con reglas fijas y reactivas, como mantener precios siempre por debajo de un competidor, implica ceder el control, tomar decisiones tard\u00edas y sacrificar m\u00e1rgenes.<br \/>\n<strong>Asumir el control<\/strong>: Implica adoptar tecnolog\u00eda para definir el valor real de los productos, anticiparse a las din\u00e1micas del mercado y tomar decisiones proactivas basadas en datos, no en suposiciones.<\/p>\n<p><strong>Tecnolog\u00eda como palanca de liderazgo<\/strong><\/p>\n<p>Para liderar en este nuevo escenario no basta con la intenci\u00f3n: se requiere una base tecnol\u00f3gica s\u00f3lida.<\/p>\n<p>1. <strong>Informaci\u00f3n precisa y actualizada<\/strong>: Herramientas como Minderest permiten conocer en tiempo real los movimientos de la competencia y del mercado, facilitando decisiones informadas y dejando atr\u00e1s la intuici\u00f3n como \u00fanico criterio.<\/p>\n<p>2. <strong>Ejecuci\u00f3n automatizada y eficiente<\/strong>: Soluciones como el Dynamic Pricing con IA de Reactev analizan m\u00faltiples variables \u2014demanda futura, elasticidad de precios, stock de la competencia, costes\u2014 para ajustar autom\u00e1ticamente los precios en funci\u00f3n de los objetivos comerciales.<\/p>\n","protected":false},"excerpt":{"rendered":"<p>El comercio online est\u00e1 a punto de experimentar un cambio estructural. Lo que se avecina en 2026 no es una simple evoluci\u00f3n, sino un punto de inflexi\u00f3n que marcar\u00e1 el paso de la persuasi\u00f3n emocional a decisiones de compra m\u00e1s racionales, basadas en datos y tecnolog\u00eda. La adopci\u00f3n masiva de asistentes de compra impulsados por [&hellip;]<\/p>\n","protected":false},"author":1,"featured_media":354099,"comment_status":"closed","ping_status":"open","sticky":false,"template":"","format":"standard","meta":{"_acf_changed":false,"footnotes":""},"categories":[46],"tags":[],"class_list":["post-354098","post","type-post","status-publish","format-standard","has-post-thumbnail","category-ciencia-computacion"],"acf":{"antetitulo":""},"yoast_head":"<!-- This site is optimized with the Yoast SEO plugin v28.4 - https:\/\/yoast.com\/product\/yoast-seo-wordpress\/ -->\n<title>C\u00f3mo la inteligencia de datos definir\u00e1 al l\u00edder del comercio digital en 2026 - El Diario - Bolivia<\/title>\n<meta name=\"robots\" content=\"index, follow, max-snippet:-1, max-image-preview:large, max-video-preview:-1\" \/>\n<link rel=\"canonical\" href=\"https:\/\/www.eldiario.net\/portal\/2025\/12\/22\/como-la-inteligencia-de-datos-definira-al-lider-del-comercio-digital-en-2026\/\" \/>\n<meta property=\"og:locale\" content=\"es_ES\" \/>\n<meta property=\"og:type\" content=\"article\" \/>\n<meta property=\"og:title\" content=\"C\u00f3mo la inteligencia de datos definir\u00e1 al l\u00edder del comercio digital en 2026 - El Diario - Bolivia\" \/>\n<meta property=\"og:description\" content=\"El comercio online est\u00e1 a punto de experimentar un cambio estructural. Lo que se avecina en 2026 no es una simple evoluci\u00f3n, sino un punto de inflexi\u00f3n que marcar\u00e1 el paso de la persuasi\u00f3n emocional a decisiones de compra m\u00e1s racionales, basadas en datos y tecnolog\u00eda. La adopci\u00f3n masiva de asistentes de compra impulsados por [&hellip;]\" \/>\n<meta property=\"og:url\" content=\"https:\/\/www.eldiario.net\/portal\/2025\/12\/22\/como-la-inteligencia-de-datos-definira-al-lider-del-comercio-digital-en-2026\/\" \/>\n<meta property=\"og:site_name\" content=\"El Diario - Bolivia\" \/>\n<meta property=\"article:publisher\" content=\"https:\/\/www.facebook.com\/eldiario.bolivia\/\" \/>\n<meta property=\"article:published_time\" content=\"2025-12-22T04:33:45+00:00\" \/>\n<meta property=\"og:image\" content=\"https:\/\/www.eldiario.net\/portal\/wp-content\/uploads\/2025\/12\/6-B-1.webp\" \/>\n\t<meta property=\"og:image:width\" content=\"795\" \/>\n\t<meta property=\"og:image:height\" content=\"434\" \/>\n\t<meta property=\"og:image:type\" content=\"image\/webp\" \/>\n<meta name=\"author\" content=\"Jeanette\" \/>\n<meta name=\"twitter:card\" content=\"summary_large_image\" \/>\n<meta name=\"twitter:creator\" content=\"@eldiario_net\" \/>\n<meta name=\"twitter:site\" content=\"@eldiario_net\" \/>\n<meta name=\"twitter:label1\" content=\"Escrito por\" \/>\n\t<meta name=\"twitter:data1\" content=\"Jeanette\" \/>\n\t<meta name=\"twitter:label2\" content=\"Tiempo de lectura\" \/>\n\t<meta name=\"twitter:data2\" content=\"4 minutos\" \/>\n<script type=\"application\/ld+json\" class=\"yoast-schema-graph\">{\"@context\":\"https:\\\/\\\/schema.org\",\"@graph\":[{\"@type\":\"Article\",\"@id\":\"https:\\\/\\\/www.eldiario.net\\\/portal\\\/2025\\\/12\\\/22\\\/como-la-inteligencia-de-datos-definira-al-lider-del-comercio-digital-en-2026\\\/#article\",\"isPartOf\":{\"@id\":\"https:\\\/\\\/www.eldiario.net\\\/portal\\\/2025\\\/12\\\/22\\\/como-la-inteligencia-de-datos-definira-al-lider-del-comercio-digital-en-2026\\\/\"},\"author\":{\"name\":\"Jeanette\",\"@id\":\"https:\\\/\\\/www.eldiario.net\\\/portal\\\/#\\\/schema\\\/person\\\/2c57cf2b7a7ae032e449e4c9b1019eac\"},\"headline\":\"C\u00f3mo la inteligencia de datos definir\u00e1 al l\u00edder del comercio digital en 2026\",\"datePublished\":\"2025-12-22T04:33:45+00:00\",\"mainEntityOfPage\":{\"@id\":\"https:\\\/\\\/www.eldiario.net\\\/portal\\\/2025\\\/12\\\/22\\\/como-la-inteligencia-de-datos-definira-al-lider-del-comercio-digital-en-2026\\\/\"},\"wordCount\":733,\"publisher\":{\"@id\":\"https:\\\/\\\/www.eldiario.net\\\/portal\\\/#organization\"},\"image\":{\"@id\":\"https:\\\/\\\/www.eldiario.net\\\/portal\\\/2025\\\/12\\\/22\\\/como-la-inteligencia-de-datos-definira-al-lider-del-comercio-digital-en-2026\\\/#primaryimage\"},\"thumbnailUrl\":\"https:\\\/\\\/www.eldiario.net\\\/portal\\\/wp-content\\\/uploads\\\/2025\\\/12\\\/6-B-1.webp\",\"articleSection\":[\"Ciencia y Computaci\u00f3n\"],\"inLanguage\":\"es\"},{\"@type\":\"WebPage\",\"@id\":\"https:\\\/\\\/www.eldiario.net\\\/portal\\\/2025\\\/12\\\/22\\\/como-la-inteligencia-de-datos-definira-al-lider-del-comercio-digital-en-2026\\\/\",\"url\":\"https:\\\/\\\/www.eldiario.net\\\/portal\\\/2025\\\/12\\\/22\\\/como-la-inteligencia-de-datos-definira-al-lider-del-comercio-digital-en-2026\\\/\",\"name\":\"C\u00f3mo la inteligencia de datos definir\u00e1 al l\u00edder del comercio digital en 2026 - El Diario - Bolivia\",\"isPartOf\":{\"@id\":\"https:\\\/\\\/www.eldiario.net\\\/portal\\\/#website\"},\"primaryImageOfPage\":{\"@id\":\"https:\\\/\\\/www.eldiario.net\\\/portal\\\/2025\\\/12\\\/22\\\/como-la-inteligencia-de-datos-definira-al-lider-del-comercio-digital-en-2026\\\/#primaryimage\"},\"image\":{\"@id\":\"https:\\\/\\\/www.eldiario.net\\\/portal\\\/2025\\\/12\\\/22\\\/como-la-inteligencia-de-datos-definira-al-lider-del-comercio-digital-en-2026\\\/#primaryimage\"},\"thumbnailUrl\":\"https:\\\/\\\/www.eldiario.net\\\/portal\\\/wp-content\\\/uploads\\\/2025\\\/12\\\/6-B-1.webp\",\"datePublished\":\"2025-12-22T04:33:45+00:00\",\"breadcrumb\":{\"@id\":\"https:\\\/\\\/www.eldiario.net\\\/portal\\\/2025\\\/12\\\/22\\\/como-la-inteligencia-de-datos-definira-al-lider-del-comercio-digital-en-2026\\\/#breadcrumb\"},\"inLanguage\":\"es\",\"potentialAction\":[{\"@type\":\"ReadAction\",\"target\":[\"https:\\\/\\\/www.eldiario.net\\\/portal\\\/2025\\\/12\\\/22\\\/como-la-inteligencia-de-datos-definira-al-lider-del-comercio-digital-en-2026\\\/\"]}]},{\"@type\":\"ImageObject\",\"inLanguage\":\"es\",\"@id\":\"https:\\\/\\\/www.eldiario.net\\\/portal\\\/2025\\\/12\\\/22\\\/como-la-inteligencia-de-datos-definira-al-lider-del-comercio-digital-en-2026\\\/#primaryimage\",\"url\":\"https:\\\/\\\/www.eldiario.net\\\/portal\\\/wp-content\\\/uploads\\\/2025\\\/12\\\/6-B-1.webp\",\"contentUrl\":\"https:\\\/\\\/www.eldiario.net\\\/portal\\\/wp-content\\\/uploads\\\/2025\\\/12\\\/6-B-1.webp\",\"width\":795,\"height\":434},{\"@type\":\"BreadcrumbList\",\"@id\":\"https:\\\/\\\/www.eldiario.net\\\/portal\\\/2025\\\/12\\\/22\\\/como-la-inteligencia-de-datos-definira-al-lider-del-comercio-digital-en-2026\\\/#breadcrumb\",\"itemListElement\":[{\"@type\":\"ListItem\",\"position\":1,\"name\":\"Portada\",\"item\":\"https:\\\/\\\/www.eldiario.net\\\/portal\\\/\"},{\"@type\":\"ListItem\",\"position\":2,\"name\":\"C\u00f3mo la inteligencia de datos definir\u00e1 al l\u00edder del comercio digital en 2026\"}]},{\"@type\":\"WebSite\",\"@id\":\"https:\\\/\\\/www.eldiario.net\\\/portal\\\/#website\",\"url\":\"https:\\\/\\\/www.eldiario.net\\\/portal\\\/\",\"name\":\"El Diario - Decano de la prensa nacional\",\"description\":\"El Diario - Decano de la prensa nacional\",\"publisher\":{\"@id\":\"https:\\\/\\\/www.eldiario.net\\\/portal\\\/#organization\"},\"potentialAction\":[{\"@type\":\"SearchAction\",\"target\":{\"@type\":\"EntryPoint\",\"urlTemplate\":\"https:\\\/\\\/www.eldiario.net\\\/portal\\\/?s={search_term_string}\"},\"query-input\":{\"@type\":\"PropertyValueSpecification\",\"valueRequired\":true,\"valueName\":\"search_term_string\"}}],\"inLanguage\":\"es\"},{\"@type\":\"Organization\",\"@id\":\"https:\\\/\\\/www.eldiario.net\\\/portal\\\/#organization\",\"name\":\"El Diario - Decano de la prensa nacional\",\"url\":\"https:\\\/\\\/www.eldiario.net\\\/portal\\\/\",\"logo\":{\"@type\":\"ImageObject\",\"inLanguage\":\"es\",\"@id\":\"https:\\\/\\\/www.eldiario.net\\\/portal\\\/#\\\/schema\\\/logo\\\/image\\\/\",\"url\":\"https:\\\/\\\/www.eldiario.net\\\/portal\\\/wp-content\\\/uploads\\\/2023\\\/07\\\/logo_ED.jpg\",\"contentUrl\":\"https:\\\/\\\/www.eldiario.net\\\/portal\\\/wp-content\\\/uploads\\\/2023\\\/07\\\/logo_ED.jpg\",\"width\":272,\"height\":52,\"caption\":\"El Diario - Decano de la prensa nacional\"},\"image\":{\"@id\":\"https:\\\/\\\/www.eldiario.net\\\/portal\\\/#\\\/schema\\\/logo\\\/image\\\/\"},\"sameAs\":[\"https:\\\/\\\/www.facebook.com\\\/eldiario.bolivia\\\/\",\"https:\\\/\\\/x.com\\\/eldiario_net\"]},{\"@type\":\"Person\",\"@id\":\"https:\\\/\\\/www.eldiario.net\\\/portal\\\/#\\\/schema\\\/person\\\/2c57cf2b7a7ae032e449e4c9b1019eac\",\"name\":\"Jeanette\",\"image\":{\"@type\":\"ImageObject\",\"inLanguage\":\"es\",\"@id\":\"https:\\\/\\\/secure.gravatar.com\\\/avatar\\\/3ea2118a5f7dad2b7138b1187a6b7ee55f160b9968b66013c3a3ef39dd7e5798?s=96&d=mm&r=g\",\"url\":\"https:\\\/\\\/secure.gravatar.com\\\/avatar\\\/3ea2118a5f7dad2b7138b1187a6b7ee55f160b9968b66013c3a3ef39dd7e5798?s=96&d=mm&r=g\",\"contentUrl\":\"https:\\\/\\\/secure.gravatar.com\\\/avatar\\\/3ea2118a5f7dad2b7138b1187a6b7ee55f160b9968b66013c3a3ef39dd7e5798?s=96&d=mm&r=g\",\"caption\":\"Jeanette\"},\"sameAs\":[\"https:\\\/\\\/www.eldiario.net\\\/portal\"],\"url\":\"https:\\\/\\\/www.eldiario.net\\\/portal\\\/author\\\/jeanette\\\/\"}]}<\/script>\n<!-- \/ Yoast SEO plugin. -->","yoast_head_json":{"title":"C\u00f3mo la inteligencia de datos definir\u00e1 al l\u00edder del comercio digital en 2026 - El Diario - Bolivia","robots":{"index":"index","follow":"follow","max-snippet":"max-snippet:-1","max-image-preview":"max-image-preview:large","max-video-preview":"max-video-preview:-1"},"canonical":"https:\/\/www.eldiario.net\/portal\/2025\/12\/22\/como-la-inteligencia-de-datos-definira-al-lider-del-comercio-digital-en-2026\/","og_locale":"es_ES","og_type":"article","og_title":"C\u00f3mo la inteligencia de datos definir\u00e1 al l\u00edder del comercio digital en 2026 - El Diario - Bolivia","og_description":"El comercio online est\u00e1 a punto de experimentar un cambio estructural. Lo que se avecina en 2026 no es una simple evoluci\u00f3n, sino un punto de inflexi\u00f3n que marcar\u00e1 el paso de la persuasi\u00f3n emocional a decisiones de compra m\u00e1s racionales, basadas en datos y tecnolog\u00eda. La adopci\u00f3n masiva de asistentes de compra impulsados por [&hellip;]","og_url":"https:\/\/www.eldiario.net\/portal\/2025\/12\/22\/como-la-inteligencia-de-datos-definira-al-lider-del-comercio-digital-en-2026\/","og_site_name":"El Diario - Bolivia","article_publisher":"https:\/\/www.facebook.com\/eldiario.bolivia\/","article_published_time":"2025-12-22T04:33:45+00:00","og_image":[{"width":795,"height":434,"url":"https:\/\/www.eldiario.net\/portal\/wp-content\/uploads\/2025\/12\/6-B-1.webp","type":"image\/webp"}],"author":"Jeanette","twitter_card":"summary_large_image","twitter_creator":"@eldiario_net","twitter_site":"@eldiario_net","twitter_misc":{"Escrito por":"Jeanette","Tiempo de lectura":"4 minutos"},"schema":{"@context":"https:\/\/schema.org","@graph":[{"@type":"Article","@id":"https:\/\/www.eldiario.net\/portal\/2025\/12\/22\/como-la-inteligencia-de-datos-definira-al-lider-del-comercio-digital-en-2026\/#article","isPartOf":{"@id":"https:\/\/www.eldiario.net\/portal\/2025\/12\/22\/como-la-inteligencia-de-datos-definira-al-lider-del-comercio-digital-en-2026\/"},"author":{"name":"Jeanette","@id":"https:\/\/www.eldiario.net\/portal\/#\/schema\/person\/2c57cf2b7a7ae032e449e4c9b1019eac"},"headline":"C\u00f3mo la inteligencia de datos definir\u00e1 al l\u00edder del comercio digital en 2026","datePublished":"2025-12-22T04:33:45+00:00","mainEntityOfPage":{"@id":"https:\/\/www.eldiario.net\/portal\/2025\/12\/22\/como-la-inteligencia-de-datos-definira-al-lider-del-comercio-digital-en-2026\/"},"wordCount":733,"publisher":{"@id":"https:\/\/www.eldiario.net\/portal\/#organization"},"image":{"@id":"https:\/\/www.eldiario.net\/portal\/2025\/12\/22\/como-la-inteligencia-de-datos-definira-al-lider-del-comercio-digital-en-2026\/#primaryimage"},"thumbnailUrl":"https:\/\/www.eldiario.net\/portal\/wp-content\/uploads\/2025\/12\/6-B-1.webp","articleSection":["Ciencia y Computaci\u00f3n"],"inLanguage":"es"},{"@type":"WebPage","@id":"https:\/\/www.eldiario.net\/portal\/2025\/12\/22\/como-la-inteligencia-de-datos-definira-al-lider-del-comercio-digital-en-2026\/","url":"https:\/\/www.eldiario.net\/portal\/2025\/12\/22\/como-la-inteligencia-de-datos-definira-al-lider-del-comercio-digital-en-2026\/","name":"C\u00f3mo la inteligencia de datos definir\u00e1 al l\u00edder del comercio digital en 2026 - El Diario - Bolivia","isPartOf":{"@id":"https:\/\/www.eldiario.net\/portal\/#website"},"primaryImageOfPage":{"@id":"https:\/\/www.eldiario.net\/portal\/2025\/12\/22\/como-la-inteligencia-de-datos-definira-al-lider-del-comercio-digital-en-2026\/#primaryimage"},"image":{"@id":"https:\/\/www.eldiario.net\/portal\/2025\/12\/22\/como-la-inteligencia-de-datos-definira-al-lider-del-comercio-digital-en-2026\/#primaryimage"},"thumbnailUrl":"https:\/\/www.eldiario.net\/portal\/wp-content\/uploads\/2025\/12\/6-B-1.webp","datePublished":"2025-12-22T04:33:45+00:00","breadcrumb":{"@id":"https:\/\/www.eldiario.net\/portal\/2025\/12\/22\/como-la-inteligencia-de-datos-definira-al-lider-del-comercio-digital-en-2026\/#breadcrumb"},"inLanguage":"es","potentialAction":[{"@type":"ReadAction","target":["https:\/\/www.eldiario.net\/portal\/2025\/12\/22\/como-la-inteligencia-de-datos-definira-al-lider-del-comercio-digital-en-2026\/"]}]},{"@type":"ImageObject","inLanguage":"es","@id":"https:\/\/www.eldiario.net\/portal\/2025\/12\/22\/como-la-inteligencia-de-datos-definira-al-lider-del-comercio-digital-en-2026\/#primaryimage","url":"https:\/\/www.eldiario.net\/portal\/wp-content\/uploads\/2025\/12\/6-B-1.webp","contentUrl":"https:\/\/www.eldiario.net\/portal\/wp-content\/uploads\/2025\/12\/6-B-1.webp","width":795,"height":434},{"@type":"BreadcrumbList","@id":"https:\/\/www.eldiario.net\/portal\/2025\/12\/22\/como-la-inteligencia-de-datos-definira-al-lider-del-comercio-digital-en-2026\/#breadcrumb","itemListElement":[{"@type":"ListItem","position":1,"name":"Portada","item":"https:\/\/www.eldiario.net\/portal\/"},{"@type":"ListItem","position":2,"name":"C\u00f3mo la inteligencia de datos definir\u00e1 al l\u00edder del comercio digital en 2026"}]},{"@type":"WebSite","@id":"https:\/\/www.eldiario.net\/portal\/#website","url":"https:\/\/www.eldiario.net\/portal\/","name":"El Diario - Decano de la prensa nacional","description":"El Diario - Decano de la prensa nacional","publisher":{"@id":"https:\/\/www.eldiario.net\/portal\/#organization"},"potentialAction":[{"@type":"SearchAction","target":{"@type":"EntryPoint","urlTemplate":"https:\/\/www.eldiario.net\/portal\/?s={search_term_string}"},"query-input":{"@type":"PropertyValueSpecification","valueRequired":true,"valueName":"search_term_string"}}],"inLanguage":"es"},{"@type":"Organization","@id":"https:\/\/www.eldiario.net\/portal\/#organization","name":"El Diario - Decano de la prensa nacional","url":"https:\/\/www.eldiario.net\/portal\/","logo":{"@type":"ImageObject","inLanguage":"es","@id":"https:\/\/www.eldiario.net\/portal\/#\/schema\/logo\/image\/","url":"https:\/\/www.eldiario.net\/portal\/wp-content\/uploads\/2023\/07\/logo_ED.jpg","contentUrl":"https:\/\/www.eldiario.net\/portal\/wp-content\/uploads\/2023\/07\/logo_ED.jpg","width":272,"height":52,"caption":"El Diario - Decano de la prensa nacional"},"image":{"@id":"https:\/\/www.eldiario.net\/portal\/#\/schema\/logo\/image\/"},"sameAs":["https:\/\/www.facebook.com\/eldiario.bolivia\/","https:\/\/x.com\/eldiario_net"]},{"@type":"Person","@id":"https:\/\/www.eldiario.net\/portal\/#\/schema\/person\/2c57cf2b7a7ae032e449e4c9b1019eac","name":"Jeanette","image":{"@type":"ImageObject","inLanguage":"es","@id":"https:\/\/secure.gravatar.com\/avatar\/3ea2118a5f7dad2b7138b1187a6b7ee55f160b9968b66013c3a3ef39dd7e5798?s=96&d=mm&r=g","url":"https:\/\/secure.gravatar.com\/avatar\/3ea2118a5f7dad2b7138b1187a6b7ee55f160b9968b66013c3a3ef39dd7e5798?s=96&d=mm&r=g","contentUrl":"https:\/\/secure.gravatar.com\/avatar\/3ea2118a5f7dad2b7138b1187a6b7ee55f160b9968b66013c3a3ef39dd7e5798?s=96&d=mm&r=g","caption":"Jeanette"},"sameAs":["https:\/\/www.eldiario.net\/portal"],"url":"https:\/\/www.eldiario.net\/portal\/author\/jeanette\/"}]}},"_links":{"self":[{"href":"https:\/\/www.eldiario.net\/portal\/wp-json\/wp\/v2\/posts\/354098","targetHints":{"allow":["GET"]}}],"collection":[{"href":"https:\/\/www.eldiario.net\/portal\/wp-json\/wp\/v2\/posts"}],"about":[{"href":"https:\/\/www.eldiario.net\/portal\/wp-json\/wp\/v2\/types\/post"}],"author":[{"embeddable":true,"href":"https:\/\/www.eldiario.net\/portal\/wp-json\/wp\/v2\/users\/1"}],"replies":[{"embeddable":true,"href":"https:\/\/www.eldiario.net\/portal\/wp-json\/wp\/v2\/comments?post=354098"}],"version-history":[{"count":1,"href":"https:\/\/www.eldiario.net\/portal\/wp-json\/wp\/v2\/posts\/354098\/revisions"}],"predecessor-version":[{"id":354100,"href":"https:\/\/www.eldiario.net\/portal\/wp-json\/wp\/v2\/posts\/354098\/revisions\/354100"}],"wp:featuredmedia":[{"embeddable":true,"href":"https:\/\/www.eldiario.net\/portal\/wp-json\/wp\/v2\/media\/354099"}],"wp:attachment":[{"href":"https:\/\/www.eldiario.net\/portal\/wp-json\/wp\/v2\/media?parent=354098"}],"wp:term":[{"taxonomy":"category","embeddable":true,"href":"https:\/\/www.eldiario.net\/portal\/wp-json\/wp\/v2\/categories?post=354098"},{"taxonomy":"post_tag","embeddable":true,"href":"https:\/\/www.eldiario.net\/portal\/wp-json\/wp\/v2\/tags?post=354098"}],"curies":[{"name":"wp","href":"https:\/\/api.w.org\/{rel}","templated":true}]}}