{"id":354095,"date":"2025-12-22T00:33:09","date_gmt":"2025-12-22T04:33:09","guid":{"rendered":"https:\/\/www.eldiario.net\/portal\/?p=354095"},"modified":"2025-12-21T21:33:36","modified_gmt":"2025-12-22T01:33:36","slug":"como-dejar-una-nota-de-audio-o-video-a-tus-contactos-tras-una-llamada-perdida-en-whatsapp","status":"publish","type":"post","link":"https:\/\/www.eldiario.net\/portal\/2025\/12\/22\/como-dejar-una-nota-de-audio-o-video-a-tus-contactos-tras-una-llamada-perdida-en-whatsapp\/","title":{"rendered":"C\u00f3mo dejar una nota de audio o v\u00eddeo a tus contactos tras una llamada perdida en WhatsApp"},"content":{"rendered":"<p>No te quedes sin comunicarte. Descubre c\u00f3mo dejar un mensaje de audio o v\u00eddeo a tus contactos despu\u00e9s de una llamada perdida en WhatsApp. Es com\u00fan que una llamada se quede sin respuesta, ya sea por prisas, distracciones o porque la otra persona tiene el tel\u00e9fono en silencio, lo cual es bastante frecuente hoy en d\u00eda. En esos momentos, es \u00fatil saber que existe una funci\u00f3n dise\u00f1ada para dejar un aviso personalizado a la otra persona, m\u00e1s all\u00e1 de la notificaci\u00f3n, sin tener que esperar a que te devuelvan la llamada. Es recomendable aprender a dejar una nota de audio o v\u00eddeo a tus contactos tras una llamada perdida en WhatsApp de manera sencilla y con instrucciones claras.<\/p>\n<p><strong>C\u00f3mo dejar un audio tras una llamada de voz perdida en WhatsApp<\/strong><\/p>\n<p>Cuando realizas una llamada de voz en WhatsApp y no obtienes respuesta, la aplicaci\u00f3n no te obliga a colgar y volver a escribir desde la pantalla principal de inmediato. En su lugar, aparece un bot\u00f3n en la parte inferior de la pantalla que dice \u00abGrabar mensaje de voz\u00bb. Esta funci\u00f3n funciona como la grabaci\u00f3n de un audio normal, pero se encuentra justo despu\u00e9s del intento de llamada. Su prop\u00f3sito es simple: dejar un mensaje que la otra persona escuchar\u00e1 al abrir el chat.<\/p>\n<p>Al tocar el bot\u00f3n, se muestra una interfaz similar a la del micr\u00f3fono habitual. Solo necesitas mantener pulsado para grabar. Una vez que termines, puedes escuchar el audio antes de enviarlo, lo que evita que tengas que repetir la llamada solo para explicar lo que ya ten\u00edas pensado decir. Es una manera directa de cerrar el intento de contacto sin necesidad de redactar nada.<\/p>\n<p>Este recurso es \u00fatil cuando solo deseas explicar el motivo de la llamada o avisar sobre algo espec\u00edfico. Por ejemplo, si intentabas confirmar una hora para reunirte y no te respondieron, puedes utilizar esta opci\u00f3n para dejar la informaci\u00f3n de inmediato. La persona ver\u00e1 la llamada perdida y, justo debajo, tu mensaje de audio. No hay riesgo de que se pierda en la conversaci\u00f3n, ya que WhatsApp lo asocia con ese intento de contacto.<\/p>\n<p><strong>C\u00f3mo dejar una nota de v\u00eddeo si no te responden en una videollamada en WhatsApp<br \/>\n<\/strong><br \/>\nLas videollamadas tienen su propio sistema para dejar un mensaje cuando no obtienes respuesta. En este caso, ver\u00e1s el bot\u00f3n \u00abGrabar nota de v\u00eddeo\u00bb, ubicado tambi\u00e9n en la parte inferior. La idea es similar, pero enfocada en un formato m\u00e1s visual. Permite grabar un breve v\u00eddeo que se env\u00eda al instante y se muestra de forma destacada en el chat.<\/p>\n<p>El proceso es tan simple como tocar el bot\u00f3n y mirar a la c\u00e1mara. Puedes grabar un mensaje corto, suficiente para que la otra persona entienda lo que quer\u00edas comunicar. Este formato es ideal cuando buscas algo m\u00e1s cercano que un audio. Por ejemplo, puedes usarlo para felicitar un cumplea\u00f1os, desear buenas fiestas o dejar un saludo cuando no logran atenderte. Aunque no sustituye a la videollamada, ofrece un toque personal que el texto o el audio no pueden proporcionar.<\/p>\n<p>Una vez grabado el v\u00eddeo, puedes revisarlo antes de enviarlo. Si no te convence, simplemente rep\u00edtelo. Al enviarlo, aparecer\u00e1 en el chat con una vista previa circular, igual que las notas de v\u00eddeo que se pueden enviar desde cualquier conversaci\u00f3n. De esta manera, la persona ver\u00e1 la llamada perdida seguida de un mensaje visual que proporciona contexto inmediato.<\/p>\n<p>Tanto el audio como la nota de v\u00eddeo transforman una llamada sin respuesta en un intercambio m\u00e1s fluido. Con estas funciones, puedes cerrar el contacto sin interrupciones y sin depender de que la otra persona est\u00e9 disponible en ese momento.<\/p>\n","protected":false},"excerpt":{"rendered":"<p>No te quedes sin comunicarte. Descubre c\u00f3mo dejar un mensaje de audio o v\u00eddeo a tus contactos despu\u00e9s de una llamada perdida en WhatsApp. Es com\u00fan que una llamada se quede sin respuesta, ya sea por prisas, distracciones o porque la otra persona tiene el tel\u00e9fono en silencio, lo cual es bastante frecuente hoy en [&hellip;]<\/p>\n","protected":false},"author":1,"featured_media":354096,"comment_status":"closed","ping_status":"open","sticky":false,"template":"","format":"standard","meta":{"_acf_changed":false,"footnotes":""},"categories":[46],"tags":[],"class_list":["post-354095","post","type-post","status-publish","format-standard","has-post-thumbnail","category-ciencia-computacion"],"acf":{"antetitulo":""},"yoast_head":"<!-- This site is optimized with the Yoast SEO plugin v28.4 - https:\/\/yoast.com\/product\/yoast-seo-wordpress\/ -->\n<title>C\u00f3mo dejar una nota de audio o v\u00eddeo a tus contactos tras una llamada perdida en WhatsApp - El Diario - Bolivia<\/title>\n<meta name=\"robots\" content=\"index, follow, max-snippet:-1, max-image-preview:large, max-video-preview:-1\" \/>\n<link rel=\"canonical\" href=\"https:\/\/www.eldiario.net\/portal\/2025\/12\/22\/como-dejar-una-nota-de-audio-o-video-a-tus-contactos-tras-una-llamada-perdida-en-whatsapp\/\" \/>\n<meta property=\"og:locale\" content=\"es_ES\" \/>\n<meta property=\"og:type\" content=\"article\" \/>\n<meta property=\"og:title\" content=\"C\u00f3mo dejar una nota de audio o v\u00eddeo a tus contactos tras una llamada perdida en WhatsApp - El Diario - Bolivia\" \/>\n<meta property=\"og:description\" content=\"No te quedes sin comunicarte. Descubre c\u00f3mo dejar un mensaje de audio o v\u00eddeo a tus contactos despu\u00e9s de una llamada perdida en WhatsApp. Es com\u00fan que una llamada se quede sin respuesta, ya sea por prisas, distracciones o porque la otra persona tiene el tel\u00e9fono en silencio, lo cual es bastante frecuente hoy en [&hellip;]\" \/>\n<meta property=\"og:url\" content=\"https:\/\/www.eldiario.net\/portal\/2025\/12\/22\/como-dejar-una-nota-de-audio-o-video-a-tus-contactos-tras-una-llamada-perdida-en-whatsapp\/\" \/>\n<meta property=\"og:site_name\" content=\"El Diario - Bolivia\" \/>\n<meta property=\"article:publisher\" content=\"https:\/\/www.facebook.com\/eldiario.bolivia\/\" \/>\n<meta property=\"article:published_time\" content=\"2025-12-22T04:33:09+00:00\" \/>\n<meta property=\"og:image\" content=\"https:\/\/www.eldiario.net\/portal\/wp-content\/uploads\/2025\/12\/7-A-1.webp\" \/>\n\t<meta property=\"og:image:width\" content=\"793\" \/>\n\t<meta property=\"og:image:height\" content=\"474\" \/>\n\t<meta property=\"og:image:type\" content=\"image\/webp\" \/>\n<meta name=\"author\" content=\"Jeanette\" \/>\n<meta name=\"twitter:card\" content=\"summary_large_image\" \/>\n<meta name=\"twitter:creator\" content=\"@eldiario_net\" \/>\n<meta name=\"twitter:site\" content=\"@eldiario_net\" \/>\n<meta name=\"twitter:label1\" content=\"Escrito por\" \/>\n\t<meta name=\"twitter:data1\" content=\"Jeanette\" \/>\n\t<meta name=\"twitter:label2\" content=\"Tiempo de lectura\" \/>\n\t<meta name=\"twitter:data2\" content=\"3 minutos\" \/>\n<script type=\"application\/ld+json\" class=\"yoast-schema-graph\">{\"@context\":\"https:\\\/\\\/schema.org\",\"@graph\":[{\"@type\":\"Article\",\"@id\":\"https:\\\/\\\/www.eldiario.net\\\/portal\\\/2025\\\/12\\\/22\\\/como-dejar-una-nota-de-audio-o-video-a-tus-contactos-tras-una-llamada-perdida-en-whatsapp\\\/#article\",\"isPartOf\":{\"@id\":\"https:\\\/\\\/www.eldiario.net\\\/portal\\\/2025\\\/12\\\/22\\\/como-dejar-una-nota-de-audio-o-video-a-tus-contactos-tras-una-llamada-perdida-en-whatsapp\\\/\"},\"author\":{\"name\":\"Jeanette\",\"@id\":\"https:\\\/\\\/www.eldiario.net\\\/portal\\\/#\\\/schema\\\/person\\\/2c57cf2b7a7ae032e449e4c9b1019eac\"},\"headline\":\"C\u00f3mo dejar una nota de audio o v\u00eddeo a tus contactos tras una llamada perdida en WhatsApp\",\"datePublished\":\"2025-12-22T04:33:09+00:00\",\"mainEntityOfPage\":{\"@id\":\"https:\\\/\\\/www.eldiario.net\\\/portal\\\/2025\\\/12\\\/22\\\/como-dejar-una-nota-de-audio-o-video-a-tus-contactos-tras-una-llamada-perdida-en-whatsapp\\\/\"},\"wordCount\":668,\"publisher\":{\"@id\":\"https:\\\/\\\/www.eldiario.net\\\/portal\\\/#organization\"},\"image\":{\"@id\":\"https:\\\/\\\/www.eldiario.net\\\/portal\\\/2025\\\/12\\\/22\\\/como-dejar-una-nota-de-audio-o-video-a-tus-contactos-tras-una-llamada-perdida-en-whatsapp\\\/#primaryimage\"},\"thumbnailUrl\":\"https:\\\/\\\/www.eldiario.net\\\/portal\\\/wp-content\\\/uploads\\\/2025\\\/12\\\/7-A-1.webp\",\"articleSection\":[\"Ciencia y Computaci\u00f3n\"],\"inLanguage\":\"es\"},{\"@type\":\"WebPage\",\"@id\":\"https:\\\/\\\/www.eldiario.net\\\/portal\\\/2025\\\/12\\\/22\\\/como-dejar-una-nota-de-audio-o-video-a-tus-contactos-tras-una-llamada-perdida-en-whatsapp\\\/\",\"url\":\"https:\\\/\\\/www.eldiario.net\\\/portal\\\/2025\\\/12\\\/22\\\/como-dejar-una-nota-de-audio-o-video-a-tus-contactos-tras-una-llamada-perdida-en-whatsapp\\\/\",\"name\":\"C\u00f3mo dejar una nota de audio o v\u00eddeo a tus contactos tras una llamada perdida en WhatsApp - El Diario - Bolivia\",\"isPartOf\":{\"@id\":\"https:\\\/\\\/www.eldiario.net\\\/portal\\\/#website\"},\"primaryImageOfPage\":{\"@id\":\"https:\\\/\\\/www.eldiario.net\\\/portal\\\/2025\\\/12\\\/22\\\/como-dejar-una-nota-de-audio-o-video-a-tus-contactos-tras-una-llamada-perdida-en-whatsapp\\\/#primaryimage\"},\"image\":{\"@id\":\"https:\\\/\\\/www.eldiario.net\\\/portal\\\/2025\\\/12\\\/22\\\/como-dejar-una-nota-de-audio-o-video-a-tus-contactos-tras-una-llamada-perdida-en-whatsapp\\\/#primaryimage\"},\"thumbnailUrl\":\"https:\\\/\\\/www.eldiario.net\\\/portal\\\/wp-content\\\/uploads\\\/2025\\\/12\\\/7-A-1.webp\",\"datePublished\":\"2025-12-22T04:33:09+00:00\",\"breadcrumb\":{\"@id\":\"https:\\\/\\\/www.eldiario.net\\\/portal\\\/2025\\\/12\\\/22\\\/como-dejar-una-nota-de-audio-o-video-a-tus-contactos-tras-una-llamada-perdida-en-whatsapp\\\/#breadcrumb\"},\"inLanguage\":\"es\",\"potentialAction\":[{\"@type\":\"ReadAction\",\"target\":[\"https:\\\/\\\/www.eldiario.net\\\/portal\\\/2025\\\/12\\\/22\\\/como-dejar-una-nota-de-audio-o-video-a-tus-contactos-tras-una-llamada-perdida-en-whatsapp\\\/\"]}]},{\"@type\":\"ImageObject\",\"inLanguage\":\"es\",\"@id\":\"https:\\\/\\\/www.eldiario.net\\\/portal\\\/2025\\\/12\\\/22\\\/como-dejar-una-nota-de-audio-o-video-a-tus-contactos-tras-una-llamada-perdida-en-whatsapp\\\/#primaryimage\",\"url\":\"https:\\\/\\\/www.eldiario.net\\\/portal\\\/wp-content\\\/uploads\\\/2025\\\/12\\\/7-A-1.webp\",\"contentUrl\":\"https:\\\/\\\/www.eldiario.net\\\/portal\\\/wp-content\\\/uploads\\\/2025\\\/12\\\/7-A-1.webp\",\"width\":793,\"height\":474},{\"@type\":\"BreadcrumbList\",\"@id\":\"https:\\\/\\\/www.eldiario.net\\\/portal\\\/2025\\\/12\\\/22\\\/como-dejar-una-nota-de-audio-o-video-a-tus-contactos-tras-una-llamada-perdida-en-whatsapp\\\/#breadcrumb\",\"itemListElement\":[{\"@type\":\"ListItem\",\"position\":1,\"name\":\"Portada\",\"item\":\"https:\\\/\\\/www.eldiario.net\\\/portal\\\/\"},{\"@type\":\"ListItem\",\"position\":2,\"name\":\"C\u00f3mo dejar una nota de audio o v\u00eddeo a tus contactos tras una llamada perdida en WhatsApp\"}]},{\"@type\":\"WebSite\",\"@id\":\"https:\\\/\\\/www.eldiario.net\\\/portal\\\/#website\",\"url\":\"https:\\\/\\\/www.eldiario.net\\\/portal\\\/\",\"name\":\"El Diario - Decano de la prensa nacional\",\"description\":\"El Diario - Decano de la prensa nacional\",\"publisher\":{\"@id\":\"https:\\\/\\\/www.eldiario.net\\\/portal\\\/#organization\"},\"potentialAction\":[{\"@type\":\"SearchAction\",\"target\":{\"@type\":\"EntryPoint\",\"urlTemplate\":\"https:\\\/\\\/www.eldiario.net\\\/portal\\\/?s={search_term_string}\"},\"query-input\":{\"@type\":\"PropertyValueSpecification\",\"valueRequired\":true,\"valueName\":\"search_term_string\"}}],\"inLanguage\":\"es\"},{\"@type\":\"Organization\",\"@id\":\"https:\\\/\\\/www.eldiario.net\\\/portal\\\/#organization\",\"name\":\"El Diario - Decano de la prensa nacional\",\"url\":\"https:\\\/\\\/www.eldiario.net\\\/portal\\\/\",\"logo\":{\"@type\":\"ImageObject\",\"inLanguage\":\"es\",\"@id\":\"https:\\\/\\\/www.eldiario.net\\\/portal\\\/#\\\/schema\\\/logo\\\/image\\\/\",\"url\":\"https:\\\/\\\/www.eldiario.net\\\/portal\\\/wp-content\\\/uploads\\\/2023\\\/07\\\/logo_ED.jpg\",\"contentUrl\":\"https:\\\/\\\/www.eldiario.net\\\/portal\\\/wp-content\\\/uploads\\\/2023\\\/07\\\/logo_ED.jpg\",\"width\":272,\"height\":52,\"caption\":\"El Diario - Decano de la prensa nacional\"},\"image\":{\"@id\":\"https:\\\/\\\/www.eldiario.net\\\/portal\\\/#\\\/schema\\\/logo\\\/image\\\/\"},\"sameAs\":[\"https:\\\/\\\/www.facebook.com\\\/eldiario.bolivia\\\/\",\"https:\\\/\\\/x.com\\\/eldiario_net\"]},{\"@type\":\"Person\",\"@id\":\"https:\\\/\\\/www.eldiario.net\\\/portal\\\/#\\\/schema\\\/person\\\/2c57cf2b7a7ae032e449e4c9b1019eac\",\"name\":\"Jeanette\",\"image\":{\"@type\":\"ImageObject\",\"inLanguage\":\"es\",\"@id\":\"https:\\\/\\\/secure.gravatar.com\\\/avatar\\\/3ea2118a5f7dad2b7138b1187a6b7ee55f160b9968b66013c3a3ef39dd7e5798?s=96&d=mm&r=g\",\"url\":\"https:\\\/\\\/secure.gravatar.com\\\/avatar\\\/3ea2118a5f7dad2b7138b1187a6b7ee55f160b9968b66013c3a3ef39dd7e5798?s=96&d=mm&r=g\",\"contentUrl\":\"https:\\\/\\\/secure.gravatar.com\\\/avatar\\\/3ea2118a5f7dad2b7138b1187a6b7ee55f160b9968b66013c3a3ef39dd7e5798?s=96&d=mm&r=g\",\"caption\":\"Jeanette\"},\"sameAs\":[\"https:\\\/\\\/www.eldiario.net\\\/portal\"],\"url\":\"https:\\\/\\\/www.eldiario.net\\\/portal\\\/author\\\/jeanette\\\/\"}]}<\/script>\n<!-- \/ Yoast SEO plugin. -->","yoast_head_json":{"title":"C\u00f3mo dejar una nota de audio o v\u00eddeo a tus contactos tras una llamada perdida en WhatsApp - El Diario - Bolivia","robots":{"index":"index","follow":"follow","max-snippet":"max-snippet:-1","max-image-preview":"max-image-preview:large","max-video-preview":"max-video-preview:-1"},"canonical":"https:\/\/www.eldiario.net\/portal\/2025\/12\/22\/como-dejar-una-nota-de-audio-o-video-a-tus-contactos-tras-una-llamada-perdida-en-whatsapp\/","og_locale":"es_ES","og_type":"article","og_title":"C\u00f3mo dejar una nota de audio o v\u00eddeo a tus contactos tras una llamada perdida en WhatsApp - El Diario - Bolivia","og_description":"No te quedes sin comunicarte. Descubre c\u00f3mo dejar un mensaje de audio o v\u00eddeo a tus contactos despu\u00e9s de una llamada perdida en WhatsApp. Es com\u00fan que una llamada se quede sin respuesta, ya sea por prisas, distracciones o porque la otra persona tiene el tel\u00e9fono en silencio, lo cual es bastante frecuente hoy en [&hellip;]","og_url":"https:\/\/www.eldiario.net\/portal\/2025\/12\/22\/como-dejar-una-nota-de-audio-o-video-a-tus-contactos-tras-una-llamada-perdida-en-whatsapp\/","og_site_name":"El Diario - Bolivia","article_publisher":"https:\/\/www.facebook.com\/eldiario.bolivia\/","article_published_time":"2025-12-22T04:33:09+00:00","og_image":[{"width":793,"height":474,"url":"https:\/\/www.eldiario.net\/portal\/wp-content\/uploads\/2025\/12\/7-A-1.webp","type":"image\/webp"}],"author":"Jeanette","twitter_card":"summary_large_image","twitter_creator":"@eldiario_net","twitter_site":"@eldiario_net","twitter_misc":{"Escrito por":"Jeanette","Tiempo de lectura":"3 minutos"},"schema":{"@context":"https:\/\/schema.org","@graph":[{"@type":"Article","@id":"https:\/\/www.eldiario.net\/portal\/2025\/12\/22\/como-dejar-una-nota-de-audio-o-video-a-tus-contactos-tras-una-llamada-perdida-en-whatsapp\/#article","isPartOf":{"@id":"https:\/\/www.eldiario.net\/portal\/2025\/12\/22\/como-dejar-una-nota-de-audio-o-video-a-tus-contactos-tras-una-llamada-perdida-en-whatsapp\/"},"author":{"name":"Jeanette","@id":"https:\/\/www.eldiario.net\/portal\/#\/schema\/person\/2c57cf2b7a7ae032e449e4c9b1019eac"},"headline":"C\u00f3mo dejar una nota de audio o v\u00eddeo a tus contactos tras una llamada perdida en WhatsApp","datePublished":"2025-12-22T04:33:09+00:00","mainEntityOfPage":{"@id":"https:\/\/www.eldiario.net\/portal\/2025\/12\/22\/como-dejar-una-nota-de-audio-o-video-a-tus-contactos-tras-una-llamada-perdida-en-whatsapp\/"},"wordCount":668,"publisher":{"@id":"https:\/\/www.eldiario.net\/portal\/#organization"},"image":{"@id":"https:\/\/www.eldiario.net\/portal\/2025\/12\/22\/como-dejar-una-nota-de-audio-o-video-a-tus-contactos-tras-una-llamada-perdida-en-whatsapp\/#primaryimage"},"thumbnailUrl":"https:\/\/www.eldiario.net\/portal\/wp-content\/uploads\/2025\/12\/7-A-1.webp","articleSection":["Ciencia y Computaci\u00f3n"],"inLanguage":"es"},{"@type":"WebPage","@id":"https:\/\/www.eldiario.net\/portal\/2025\/12\/22\/como-dejar-una-nota-de-audio-o-video-a-tus-contactos-tras-una-llamada-perdida-en-whatsapp\/","url":"https:\/\/www.eldiario.net\/portal\/2025\/12\/22\/como-dejar-una-nota-de-audio-o-video-a-tus-contactos-tras-una-llamada-perdida-en-whatsapp\/","name":"C\u00f3mo dejar una nota de audio o v\u00eddeo a tus contactos tras una llamada perdida en WhatsApp - El Diario - Bolivia","isPartOf":{"@id":"https:\/\/www.eldiario.net\/portal\/#website"},"primaryImageOfPage":{"@id":"https:\/\/www.eldiario.net\/portal\/2025\/12\/22\/como-dejar-una-nota-de-audio-o-video-a-tus-contactos-tras-una-llamada-perdida-en-whatsapp\/#primaryimage"},"image":{"@id":"https:\/\/www.eldiario.net\/portal\/2025\/12\/22\/como-dejar-una-nota-de-audio-o-video-a-tus-contactos-tras-una-llamada-perdida-en-whatsapp\/#primaryimage"},"thumbnailUrl":"https:\/\/www.eldiario.net\/portal\/wp-content\/uploads\/2025\/12\/7-A-1.webp","datePublished":"2025-12-22T04:33:09+00:00","breadcrumb":{"@id":"https:\/\/www.eldiario.net\/portal\/2025\/12\/22\/como-dejar-una-nota-de-audio-o-video-a-tus-contactos-tras-una-llamada-perdida-en-whatsapp\/#breadcrumb"},"inLanguage":"es","potentialAction":[{"@type":"ReadAction","target":["https:\/\/www.eldiario.net\/portal\/2025\/12\/22\/como-dejar-una-nota-de-audio-o-video-a-tus-contactos-tras-una-llamada-perdida-en-whatsapp\/"]}]},{"@type":"ImageObject","inLanguage":"es","@id":"https:\/\/www.eldiario.net\/portal\/2025\/12\/22\/como-dejar-una-nota-de-audio-o-video-a-tus-contactos-tras-una-llamada-perdida-en-whatsapp\/#primaryimage","url":"https:\/\/www.eldiario.net\/portal\/wp-content\/uploads\/2025\/12\/7-A-1.webp","contentUrl":"https:\/\/www.eldiario.net\/portal\/wp-content\/uploads\/2025\/12\/7-A-1.webp","width":793,"height":474},{"@type":"BreadcrumbList","@id":"https:\/\/www.eldiario.net\/portal\/2025\/12\/22\/como-dejar-una-nota-de-audio-o-video-a-tus-contactos-tras-una-llamada-perdida-en-whatsapp\/#breadcrumb","itemListElement":[{"@type":"ListItem","position":1,"name":"Portada","item":"https:\/\/www.eldiario.net\/portal\/"},{"@type":"ListItem","position":2,"name":"C\u00f3mo dejar una nota de audio o v\u00eddeo a tus contactos tras una llamada perdida en WhatsApp"}]},{"@type":"WebSite","@id":"https:\/\/www.eldiario.net\/portal\/#website","url":"https:\/\/www.eldiario.net\/portal\/","name":"El Diario - Decano de la prensa nacional","description":"El Diario - Decano de la prensa nacional","publisher":{"@id":"https:\/\/www.eldiario.net\/portal\/#organization"},"potentialAction":[{"@type":"SearchAction","target":{"@type":"EntryPoint","urlTemplate":"https:\/\/www.eldiario.net\/portal\/?s={search_term_string}"},"query-input":{"@type":"PropertyValueSpecification","valueRequired":true,"valueName":"search_term_string"}}],"inLanguage":"es"},{"@type":"Organization","@id":"https:\/\/www.eldiario.net\/portal\/#organization","name":"El Diario - Decano de la prensa nacional","url":"https:\/\/www.eldiario.net\/portal\/","logo":{"@type":"ImageObject","inLanguage":"es","@id":"https:\/\/www.eldiario.net\/portal\/#\/schema\/logo\/image\/","url":"https:\/\/www.eldiario.net\/portal\/wp-content\/uploads\/2023\/07\/logo_ED.jpg","contentUrl":"https:\/\/www.eldiario.net\/portal\/wp-content\/uploads\/2023\/07\/logo_ED.jpg","width":272,"height":52,"caption":"El Diario - Decano de la prensa nacional"},"image":{"@id":"https:\/\/www.eldiario.net\/portal\/#\/schema\/logo\/image\/"},"sameAs":["https:\/\/www.facebook.com\/eldiario.bolivia\/","https:\/\/x.com\/eldiario_net"]},{"@type":"Person","@id":"https:\/\/www.eldiario.net\/portal\/#\/schema\/person\/2c57cf2b7a7ae032e449e4c9b1019eac","name":"Jeanette","image":{"@type":"ImageObject","inLanguage":"es","@id":"https:\/\/secure.gravatar.com\/avatar\/3ea2118a5f7dad2b7138b1187a6b7ee55f160b9968b66013c3a3ef39dd7e5798?s=96&d=mm&r=g","url":"https:\/\/secure.gravatar.com\/avatar\/3ea2118a5f7dad2b7138b1187a6b7ee55f160b9968b66013c3a3ef39dd7e5798?s=96&d=mm&r=g","contentUrl":"https:\/\/secure.gravatar.com\/avatar\/3ea2118a5f7dad2b7138b1187a6b7ee55f160b9968b66013c3a3ef39dd7e5798?s=96&d=mm&r=g","caption":"Jeanette"},"sameAs":["https:\/\/www.eldiario.net\/portal"],"url":"https:\/\/www.eldiario.net\/portal\/author\/jeanette\/"}]}},"_links":{"self":[{"href":"https:\/\/www.eldiario.net\/portal\/wp-json\/wp\/v2\/posts\/354095","targetHints":{"allow":["GET"]}}],"collection":[{"href":"https:\/\/www.eldiario.net\/portal\/wp-json\/wp\/v2\/posts"}],"about":[{"href":"https:\/\/www.eldiario.net\/portal\/wp-json\/wp\/v2\/types\/post"}],"author":[{"embeddable":true,"href":"https:\/\/www.eldiario.net\/portal\/wp-json\/wp\/v2\/users\/1"}],"replies":[{"embeddable":true,"href":"https:\/\/www.eldiario.net\/portal\/wp-json\/wp\/v2\/comments?post=354095"}],"version-history":[{"count":1,"href":"https:\/\/www.eldiario.net\/portal\/wp-json\/wp\/v2\/posts\/354095\/revisions"}],"predecessor-version":[{"id":354097,"href":"https:\/\/www.eldiario.net\/portal\/wp-json\/wp\/v2\/posts\/354095\/revisions\/354097"}],"wp:featuredmedia":[{"embeddable":true,"href":"https:\/\/www.eldiario.net\/portal\/wp-json\/wp\/v2\/media\/354096"}],"wp:attachment":[{"href":"https:\/\/www.eldiario.net\/portal\/wp-json\/wp\/v2\/media?parent=354095"}],"wp:term":[{"taxonomy":"category","embeddable":true,"href":"https:\/\/www.eldiario.net\/portal\/wp-json\/wp\/v2\/categories?post=354095"},{"taxonomy":"post_tag","embeddable":true,"href":"https:\/\/www.eldiario.net\/portal\/wp-json\/wp\/v2\/tags?post=354095"}],"curies":[{"name":"wp","href":"https:\/\/api.w.org\/{rel}","templated":true}]}}